{"id":25582,"date":"2023-05-12T13:16:31","date_gmt":"2023-05-12T11:16:31","guid":{"rendered":"https:\/\/progettotouring.it\/radiotouring104\/?p=25582"},"modified":"2023-05-12T13:16:31","modified_gmt":"2023-05-12T11:16:31","slug":"terza-assemblea-nazionale-dei-135-club-per-lunesco-italiani","status":"publish","type":"post","link":"https:\/\/progettotouring.it\/radiotouring104\/2023\/05\/12\/terza-assemblea-nazionale-dei-135-club-per-lunesco-italiani\/","title":{"rendered":"Terza Assemblea Nazionale dei 135 Club per l&#8217;UNESCO italiani"},"content":{"rendered":"<div style=\"text-align: justify\"><span style=\"font-size: small\"><span style=\"font-size: xx-small\"><span style=\"font-size: medium\"><strong>Dal 25 al 29 maggio si svolger\u00e0<\/strong> a Reggio di Calabria,<strong> per la terza volta<\/strong> dopo il 1995 ed il 2003, l&#8217;<strong>Assemblea Nazionale dei 135 Club per l&#8217;UNESCO italiani.<\/strong> Tema principale degli incontri: il Patrimonio Mondiale UNESCO in Calabria e le prospettive di nuove candidature. Verr\u00e0 inoltre approvata la proposta di istituzione del Parco Nazionale dello Stretto e della Costa Viola.<\/span><\/span><\/span><\/div>\n<div style=\"text-align: justify\"><span style=\"font-size: small\"><span style=\"font-size: xx-small\"><span style=\"font-size: medium\">Per l&#8217;occasione i delegati dei Club italiani (che nelle predenti Assemblee hanno visitato: Scilla, Gerace, l&#8217;Aspromonte, Gallician\u00f2, lo Stretto e Ganzirri) visiteranno, oltre la citt\u00e0 di Reggio ed il suo patrimonio culturale, anche l&#8217;antico borgo di Pentedattilo, e le citt\u00e0 di palmi e di Messina.<br \/>\n<\/span><\/span><\/span><\/div>\n<div style=\"text-align: justify\"><span style=\"font-size: small\"><span style=\"font-size: xx-small\"><span style=\"font-size: medium\">L&#8217;intera complessa organizzazione degli eventi \u00e8 stata curata dai soci volontari, membri dello storico Club per l&#8217;UNESCO della Citt\u00e0 Metropolitana di Reggio di Calabria &#8220;Re Italo&#8221;, gi\u00e0 rappresentato in seno al Consiglio Direttivo Nazionale (dal suo <strong>Presidente Architetto Alberto Gioffr\u00e8<\/strong>) negli anni: 1987-1989, 1998-2000, 2002-2004, 2005-2007, 2014-2016.<\/span><\/span><\/span><\/div>\n<div style=\"text-align: justify\"><span style=\"font-size: small\"><span style=\"font-size: xx-small\"><span style=\"font-size: medium\">I lavori inizieranno con la CONFERENZA STAMPA di presentazione, marted\u00ec 23 maggio alle ore 10:30, presso la sala Gilda Trisolini del palazzo Corrado Alvaro.<\/span><\/span><\/span><\/div>\n","protected":false},"excerpt":{"rendered":"<p>Dal 25 al 29 maggio si svolger\u00e0 a Reggio di Calabria, per la terza volta dopo il 1995 ed il 2003, l&#8217;Assemblea Nazionale dei 135 Club per l&#8217;UNESCO italiani. Tema&hellip;<\/p>\n","protected":false},"author":12,"featured_media":25583,"comment_status":"closed","ping_status":"open","sticky":false,"template":"","format":"standard","meta":{"_jetpack_memberships_contains_paid_content":false,"footnotes":"","jetpack_publicize_message":"","jetpack_publicize_feature_enabled":true,"jetpack_social_post_already_shared":false,"jetpack_social_options":{"image_generator_settings":{"template":"highway","default_image_id":0,"font":"","enabled":false},"version":2}},"categories":[921,196,140],"tags":[15073,15076,15075,15074],"class_list":["post-25582","post","type-post","status-publish","format-standard","has-post-thumbnail","hentry","category-home","category-news","category-reggio-calabria","tag-club-per-lunesco-italiani","tag-presidente-architetto-alberto-gioffre","tag-sala-gilda-trisolini-del-palazzo-corrado-alvaro","tag-terza-assemblea"],"yoast_head":"<!-- This site is optimized with the Yoast SEO plugin v27.2 - https:\/\/yoast.com\/product\/yoast-seo-wordpress\/ -->\n<title>Terza Assemblea Nazionale dei 135 Club per l&#039;UNESCO italiani<\/title>\n<meta name=\"description\" content=\"Dal 25 al 29 maggio si svolger\u00e0 a Reggio di Calabria, per la terza volta, l&#039;Assemblea Nazionale dei 135 Club per l&#039;UNESCO italiani\" \/>\n<meta name=\"robots\" content=\"index, follow, max-snippet:-1, max-image-preview:large, max-video-preview:-1\" \/>\n<link rel=\"canonical\" href=\"https:\/\/progettotouring.it\/radiotouring104\/2023\/05\/12\/terza-assemblea-nazionale-dei-135-club-per-lunesco-italiani\/\" \/>\n<meta property=\"og:locale\" content=\"it_IT\" \/>\n<meta property=\"og:type\" content=\"article\" \/>\n<meta property=\"og:title\" content=\"Terza Assemblea Nazionale dei 135 Club per l&#039;UNESCO italiani\" \/>\n<meta property=\"og:description\" content=\"Dal 25 al 29 maggio si svolger\u00e0 a Reggio di Calabria, per la terza volta, l&#039;Assemblea Nazionale dei 135 Club per l&#039;UNESCO italiani\" \/>\n<meta property=\"og:url\" content=\"https:\/\/progettotouring.it\/radiotouring104\/2023\/05\/12\/terza-assemblea-nazionale-dei-135-club-per-lunesco-italiani\/\" \/>\n<meta property=\"og:site_name\" content=\"Radio Touring 104\" \/>\n<meta property=\"article:published_time\" content=\"2023-05-12T11:16:31+00:00\" \/>\n<meta property=\"og:image\" content=\"https:\/\/progettotouring.it\/radiotouring104\/wp-content\/uploads\/sites\/6\/2023\/05\/Club-Unesco-Assemblea.png\" \/>\n\t<meta property=\"og:image:width\" content=\"791\" \/>\n\t<meta property=\"og:image:height\" content=\"422\" \/>\n\t<meta property=\"og:image:type\" content=\"image\/png\" \/>\n<meta name=\"author\" content=\"Sebastiano Plutino\" \/>\n<meta name=\"twitter:card\" content=\"summary_large_image\" \/>\n<meta name=\"twitter:label1\" content=\"Scritto da\" \/>\n\t<meta name=\"twitter:data1\" content=\"Sebastiano Plutino\" \/>\n\t<meta name=\"twitter:label2\" content=\"Tempo di lettura stimato\" \/>\n\t<meta name=\"twitter:data2\" content=\"1 minuto\" \/>\n<script type=\"application\/ld+json\" class=\"yoast-schema-graph\">{\"@context\":\"https:\/\/schema.org\",\"@graph\":[{\"@type\":\"Article\",\"@id\":\"https:\/\/progettotouring.it\/radiotouring104\/2023\/05\/12\/terza-assemblea-nazionale-dei-135-club-per-lunesco-italiani\/#article\",\"isPartOf\":{\"@id\":\"https:\/\/progettotouring.it\/radiotouring104\/2023\/05\/12\/terza-assemblea-nazionale-dei-135-club-per-lunesco-italiani\/\"},\"author\":{\"name\":\"Sebastiano Plutino\",\"@id\":\"https:\/\/progettotouring.it\/radiotouring104\/#\/schema\/person\/78613917f1851f041f7483f5af1d422e\"},\"headline\":\"Terza Assemblea Nazionale dei 135 Club per l&#8217;UNESCO italiani\",\"datePublished\":\"2023-05-12T11:16:31+00:00\",\"mainEntityOfPage\":{\"@id\":\"https:\/\/progettotouring.it\/radiotouring104\/2023\/05\/12\/terza-assemblea-nazionale-dei-135-club-per-lunesco-italiani\/\"},\"wordCount\":177,\"publisher\":{\"@id\":\"https:\/\/progettotouring.it\/radiotouring104\/#organization\"},\"image\":{\"@id\":\"https:\/\/progettotouring.it\/radiotouring104\/2023\/05\/12\/terza-assemblea-nazionale-dei-135-club-per-lunesco-italiani\/#primaryimage\"},\"thumbnailUrl\":\"https:\/\/progettotouring.it\/radiotouring104\/wp-content\/uploads\/sites\/6\/2023\/05\/Club-Unesco-Assemblea.png\",\"keywords\":[\"Club per l'UNESCO italiani\",\"Presidente Architetto Alberto Gioffr\u00e8)\",\"Sala Gilda Trisolini del palazzo Corrado Alvaro.\",\"terza Assemblea\"],\"articleSection\":[\"Home\",\"News\",\"Reggio Calabria\"],\"inLanguage\":\"it-IT\"},{\"@type\":\"WebPage\",\"@id\":\"https:\/\/progettotouring.it\/radiotouring104\/2023\/05\/12\/terza-assemblea-nazionale-dei-135-club-per-lunesco-italiani\/\",\"url\":\"https:\/\/progettotouring.it\/radiotouring104\/2023\/05\/12\/terza-assemblea-nazionale-dei-135-club-per-lunesco-italiani\/\",\"name\":\"Terza Assemblea Nazionale dei 135 Club per l'UNESCO italiani\",\"isPartOf\":{\"@id\":\"https:\/\/progettotouring.it\/radiotouring104\/#website\"},\"primaryImageOfPage\":{\"@id\":\"https:\/\/progettotouring.it\/radiotouring104\/2023\/05\/12\/terza-assemblea-nazionale-dei-135-club-per-lunesco-italiani\/#primaryimage\"},\"image\":{\"@id\":\"https:\/\/progettotouring.it\/radiotouring104\/2023\/05\/12\/terza-assemblea-nazionale-dei-135-club-per-lunesco-italiani\/#primaryimage\"},\"thumbnailUrl\":\"https:\/\/progettotouring.it\/radiotouring104\/wp-content\/uploads\/sites\/6\/2023\/05\/Club-Unesco-Assemblea.png\",\"datePublished\":\"2023-05-12T11:16:31+00:00\",\"description\":\"Dal 25 al 29 maggio si svolger\u00e0 a Reggio di Calabria, per la terza volta, l'Assemblea Nazionale dei 135 Club per l'UNESCO italiani\",\"breadcrumb\":{\"@id\":\"https:\/\/progettotouring.it\/radiotouring104\/2023\/05\/12\/terza-assemblea-nazionale-dei-135-club-per-lunesco-italiani\/#breadcrumb\"},\"inLanguage\":\"it-IT\",\"potentialAction\":[{\"@type\":\"ReadAction\",\"target\":[\"https:\/\/progettotouring.it\/radiotouring104\/2023\/05\/12\/terza-assemblea-nazionale-dei-135-club-per-lunesco-italiani\/\"]}]},{\"@type\":\"ImageObject\",\"inLanguage\":\"it-IT\",\"@id\":\"https:\/\/progettotouring.it\/radiotouring104\/2023\/05\/12\/terza-assemblea-nazionale-dei-135-club-per-lunesco-italiani\/#primaryimage\",\"url\":\"https:\/\/progettotouring.it\/radiotouring104\/wp-content\/uploads\/sites\/6\/2023\/05\/Club-Unesco-Assemblea.png\",\"contentUrl\":\"https:\/\/progettotouring.it\/radiotouring104\/wp-content\/uploads\/sites\/6\/2023\/05\/Club-Unesco-Assemblea.png\",\"width\":791,\"height\":422},{\"@type\":\"BreadcrumbList\",\"@id\":\"https:\/\/progettotouring.it\/radiotouring104\/2023\/05\/12\/terza-assemblea-nazionale-dei-135-club-per-lunesco-italiani\/#breadcrumb\",\"itemListElement\":[{\"@type\":\"ListItem\",\"position\":1,\"name\":\"Home\",\"item\":\"https:\/\/progettotouring.it\/radiotouring104\/\"},{\"@type\":\"ListItem\",\"position\":2,\"name\":\"Terza Assemblea Nazionale dei 135 Club per l&#8217;UNESCO italiani\"}]},{\"@type\":\"WebSite\",\"@id\":\"https:\/\/progettotouring.it\/radiotouring104\/#website\",\"url\":\"https:\/\/progettotouring.it\/radiotouring104\/\",\"name\":\"Radio Touring 104\",\"description\":\"La prima radio Reggina\",\"publisher\":{\"@id\":\"https:\/\/progettotouring.it\/radiotouring104\/#organization\"},\"potentialAction\":[{\"@type\":\"SearchAction\",\"target\":{\"@type\":\"EntryPoint\",\"urlTemplate\":\"https:\/\/progettotouring.it\/radiotouring104\/?s={search_term_string}\"},\"query-input\":{\"@type\":\"PropertyValueSpecification\",\"valueRequired\":true,\"valueName\":\"search_term_string\"}}],\"inLanguage\":\"it-IT\"},{\"@type\":\"Organization\",\"@id\":\"https:\/\/progettotouring.it\/radiotouring104\/#organization\",\"name\":\"Radio Touring 104\",\"url\":\"https:\/\/progettotouring.it\/radiotouring104\/\",\"logo\":{\"@type\":\"ImageObject\",\"inLanguage\":\"it-IT\",\"@id\":\"https:\/\/progettotouring.it\/radiotouring104\/#\/schema\/logo\/image\/\",\"url\":\"https:\/\/progettotouring.it\/radiotouring104\/wp-content\/uploads\/sites\/6\/2022\/02\/cropped-logo-radio-touring-104.png\",\"contentUrl\":\"https:\/\/progettotouring.it\/radiotouring104\/wp-content\/uploads\/sites\/6\/2022\/02\/cropped-logo-radio-touring-104.png\",\"width\":377,\"height\":182,\"caption\":\"Radio Touring 104\"},\"image\":{\"@id\":\"https:\/\/progettotouring.it\/radiotouring104\/#\/schema\/logo\/image\/\"}},{\"@type\":\"Person\",\"@id\":\"https:\/\/progettotouring.it\/radiotouring104\/#\/schema\/person\/78613917f1851f041f7483f5af1d422e\",\"name\":\"Sebastiano Plutino\",\"image\":{\"@type\":\"ImageObject\",\"inLanguage\":\"it-IT\",\"@id\":\"https:\/\/secure.gravatar.com\/avatar\/0546ffaa9b79224faf9f2a156b67a529ae861d3287c66c1d8ccfdf909bcba78d?s=96&d=mm&r=g\",\"url\":\"https:\/\/secure.gravatar.com\/avatar\/0546ffaa9b79224faf9f2a156b67a529ae861d3287c66c1d8ccfdf909bcba78d?s=96&d=mm&r=g\",\"contentUrl\":\"https:\/\/secure.gravatar.com\/avatar\/0546ffaa9b79224faf9f2a156b67a529ae861d3287c66c1d8ccfdf909bcba78d?s=96&d=mm&r=g\",\"caption\":\"Sebastiano Plutino\"},\"url\":\"https:\/\/progettotouring.it\/radiotouring104\/author\/sebastiano\/\"}]}<\/script>\n<!-- \/ Yoast SEO plugin. -->","yoast_head_json":{"title":"Terza Assemblea Nazionale dei 135 Club per l'UNESCO italiani","description":"Dal 25 al 29 maggio si svolger\u00e0 a Reggio di Calabria, per la terza volta, l'Assemblea Nazionale dei 135 Club per l'UNESCO italiani","robots":{"index":"index","follow":"follow","max-snippet":"max-snippet:-1","max-image-preview":"max-image-preview:large","max-video-preview":"max-video-preview:-1"},"canonical":"https:\/\/progettotouring.it\/radiotouring104\/2023\/05\/12\/terza-assemblea-nazionale-dei-135-club-per-lunesco-italiani\/","og_locale":"it_IT","og_type":"article","og_title":"Terza Assemblea Nazionale dei 135 Club per l'UNESCO italiani","og_description":"Dal 25 al 29 maggio si svolger\u00e0 a Reggio di Calabria, per la terza volta, l'Assemblea Nazionale dei 135 Club per l'UNESCO italiani","og_url":"https:\/\/progettotouring.it\/radiotouring104\/2023\/05\/12\/terza-assemblea-nazionale-dei-135-club-per-lunesco-italiani\/","og_site_name":"Radio Touring 104","article_published_time":"2023-05-12T11:16:31+00:00","og_image":[{"width":791,"height":422,"url":"https:\/\/progettotouring.it\/radiotouring104\/wp-content\/uploads\/sites\/6\/2023\/05\/Club-Unesco-Assemblea.png","type":"image\/png"}],"author":"Sebastiano Plutino","twitter_card":"summary_large_image","twitter_misc":{"Scritto da":"Sebastiano Plutino","Tempo di lettura stimato":"1 minuto"},"schema":{"@context":"https:\/\/schema.org","@graph":[{"@type":"Article","@id":"https:\/\/progettotouring.it\/radiotouring104\/2023\/05\/12\/terza-assemblea-nazionale-dei-135-club-per-lunesco-italiani\/#article","isPartOf":{"@id":"https:\/\/progettotouring.it\/radiotouring104\/2023\/05\/12\/terza-assemblea-nazionale-dei-135-club-per-lunesco-italiani\/"},"author":{"name":"Sebastiano Plutino","@id":"https:\/\/progettotouring.it\/radiotouring104\/#\/schema\/person\/78613917f1851f041f7483f5af1d422e"},"headline":"Terza Assemblea Nazionale dei 135 Club per l&#8217;UNESCO italiani","datePublished":"2023-05-12T11:16:31+00:00","mainEntityOfPage":{"@id":"https:\/\/progettotouring.it\/radiotouring104\/2023\/05\/12\/terza-assemblea-nazionale-dei-135-club-per-lunesco-italiani\/"},"wordCount":177,"publisher":{"@id":"https:\/\/progettotouring.it\/radiotouring104\/#organization"},"image":{"@id":"https:\/\/progettotouring.it\/radiotouring104\/2023\/05\/12\/terza-assemblea-nazionale-dei-135-club-per-lunesco-italiani\/#primaryimage"},"thumbnailUrl":"https:\/\/progettotouring.it\/radiotouring104\/wp-content\/uploads\/sites\/6\/2023\/05\/Club-Unesco-Assemblea.png","keywords":["Club per l'UNESCO italiani","Presidente Architetto Alberto Gioffr\u00e8)","Sala Gilda Trisolini del palazzo Corrado Alvaro.","terza Assemblea"],"articleSection":["Home","News","Reggio Calabria"],"inLanguage":"it-IT"},{"@type":"WebPage","@id":"https:\/\/progettotouring.it\/radiotouring104\/2023\/05\/12\/terza-assemblea-nazionale-dei-135-club-per-lunesco-italiani\/","url":"https:\/\/progettotouring.it\/radiotouring104\/2023\/05\/12\/terza-assemblea-nazionale-dei-135-club-per-lunesco-italiani\/","name":"Terza Assemblea Nazionale dei 135 Club per l'UNESCO italiani","isPartOf":{"@id":"https:\/\/progettotouring.it\/radiotouring104\/#website"},"primaryImageOfPage":{"@id":"https:\/\/progettotouring.it\/radiotouring104\/2023\/05\/12\/terza-assemblea-nazionale-dei-135-club-per-lunesco-italiani\/#primaryimage"},"image":{"@id":"https:\/\/progettotouring.it\/radiotouring104\/2023\/05\/12\/terza-assemblea-nazionale-dei-135-club-per-lunesco-italiani\/#primaryimage"},"thumbnailUrl":"https:\/\/progettotouring.it\/radiotouring104\/wp-content\/uploads\/sites\/6\/2023\/05\/Club-Unesco-Assemblea.png","datePublished":"2023-05-12T11:16:31+00:00","description":"Dal 25 al 29 maggio si svolger\u00e0 a Reggio di Calabria, per la terza volta, l'Assemblea Nazionale dei 135 Club per l'UNESCO italiani","breadcrumb":{"@id":"https:\/\/progettotouring.it\/radiotouring104\/2023\/05\/12\/terza-assemblea-nazionale-dei-135-club-per-lunesco-italiani\/#breadcrumb"},"inLanguage":"it-IT","potentialAction":[{"@type":"ReadAction","target":["https:\/\/progettotouring.it\/radiotouring104\/2023\/05\/12\/terza-assemblea-nazionale-dei-135-club-per-lunesco-italiani\/"]}]},{"@type":"ImageObject","inLanguage":"it-IT","@id":"https:\/\/progettotouring.it\/radiotouring104\/2023\/05\/12\/terza-assemblea-nazionale-dei-135-club-per-lunesco-italiani\/#primaryimage","url":"https:\/\/progettotouring.it\/radiotouring104\/wp-content\/uploads\/sites\/6\/2023\/05\/Club-Unesco-Assemblea.png","contentUrl":"https:\/\/progettotouring.it\/radiotouring104\/wp-content\/uploads\/sites\/6\/2023\/05\/Club-Unesco-Assemblea.png","width":791,"height":422},{"@type":"BreadcrumbList","@id":"https:\/\/progettotouring.it\/radiotouring104\/2023\/05\/12\/terza-assemblea-nazionale-dei-135-club-per-lunesco-italiani\/#breadcrumb","itemListElement":[{"@type":"ListItem","position":1,"name":"Home","item":"https:\/\/progettotouring.it\/radiotouring104\/"},{"@type":"ListItem","position":2,"name":"Terza Assemblea Nazionale dei 135 Club per l&#8217;UNESCO italiani"}]},{"@type":"WebSite","@id":"https:\/\/progettotouring.it\/radiotouring104\/#website","url":"https:\/\/progettotouring.it\/radiotouring104\/","name":"Radio Touring 104","description":"La prima radio Reggina","publisher":{"@id":"https:\/\/progettotouring.it\/radiotouring104\/#organization"},"potentialAction":[{"@type":"SearchAction","target":{"@type":"EntryPoint","urlTemplate":"https:\/\/progettotouring.it\/radiotouring104\/?s={search_term_string}"},"query-input":{"@type":"PropertyValueSpecification","valueRequired":true,"valueName":"search_term_string"}}],"inLanguage":"it-IT"},{"@type":"Organization","@id":"https:\/\/progettotouring.it\/radiotouring104\/#organization","name":"Radio Touring 104","url":"https:\/\/progettotouring.it\/radiotouring104\/","logo":{"@type":"ImageObject","inLanguage":"it-IT","@id":"https:\/\/progettotouring.it\/radiotouring104\/#\/schema\/logo\/image\/","url":"https:\/\/progettotouring.it\/radiotouring104\/wp-content\/uploads\/sites\/6\/2022\/02\/cropped-logo-radio-touring-104.png","contentUrl":"https:\/\/progettotouring.it\/radiotouring104\/wp-content\/uploads\/sites\/6\/2022\/02\/cropped-logo-radio-touring-104.png","width":377,"height":182,"caption":"Radio Touring 104"},"image":{"@id":"https:\/\/progettotouring.it\/radiotouring104\/#\/schema\/logo\/image\/"}},{"@type":"Person","@id":"https:\/\/progettotouring.it\/radiotouring104\/#\/schema\/person\/78613917f1851f041f7483f5af1d422e","name":"Sebastiano Plutino","image":{"@type":"ImageObject","inLanguage":"it-IT","@id":"https:\/\/secure.gravatar.com\/avatar\/0546ffaa9b79224faf9f2a156b67a529ae861d3287c66c1d8ccfdf909bcba78d?s=96&d=mm&r=g","url":"https:\/\/secure.gravatar.com\/avatar\/0546ffaa9b79224faf9f2a156b67a529ae861d3287c66c1d8ccfdf909bcba78d?s=96&d=mm&r=g","contentUrl":"https:\/\/secure.gravatar.com\/avatar\/0546ffaa9b79224faf9f2a156b67a529ae861d3287c66c1d8ccfdf909bcba78d?s=96&d=mm&r=g","caption":"Sebastiano Plutino"},"url":"https:\/\/progettotouring.it\/radiotouring104\/author\/sebastiano\/"}]}},"jetpack_publicize_connections":[],"jetpack_featured_media_url":"https:\/\/progettotouring.it\/radiotouring104\/wp-content\/uploads\/sites\/6\/2023\/05\/Club-Unesco-Assemblea.png","jetpack_sharing_enabled":true,"_links":{"self":[{"href":"https:\/\/progettotouring.it\/radiotouring104\/wp-json\/wp\/v2\/posts\/25582","targetHints":{"allow":["GET"]}}],"collection":[{"href":"https:\/\/progettotouring.it\/radiotouring104\/wp-json\/wp\/v2\/posts"}],"about":[{"href":"https:\/\/progettotouring.it\/radiotouring104\/wp-json\/wp\/v2\/types\/post"}],"author":[{"embeddable":true,"href":"https:\/\/progettotouring.it\/radiotouring104\/wp-json\/wp\/v2\/users\/12"}],"replies":[{"embeddable":true,"href":"https:\/\/progettotouring.it\/radiotouring104\/wp-json\/wp\/v2\/comments?post=25582"}],"version-history":[{"count":1,"href":"https:\/\/progettotouring.it\/radiotouring104\/wp-json\/wp\/v2\/posts\/25582\/revisions"}],"predecessor-version":[{"id":25584,"href":"https:\/\/progettotouring.it\/radiotouring104\/wp-json\/wp\/v2\/posts\/25582\/revisions\/25584"}],"wp:featuredmedia":[{"embeddable":true,"href":"https:\/\/progettotouring.it\/radiotouring104\/wp-json\/wp\/v2\/media\/25583"}],"wp:attachment":[{"href":"https:\/\/progettotouring.it\/radiotouring104\/wp-json\/wp\/v2\/media?parent=25582"}],"wp:term":[{"taxonomy":"category","embeddable":true,"href":"https:\/\/progettotouring.it\/radiotouring104\/wp-json\/wp\/v2\/categories?post=25582"},{"taxonomy":"post_tag","embeddable":true,"href":"https:\/\/progettotouring.it\/radiotouring104\/wp-json\/wp\/v2\/tags?post=25582"}],"curies":[{"name":"wp","href":"https:\/\/api.w.org\/{rel}","templated":true}]}}