{"id":25585,"date":"2023-05-12T13:55:04","date_gmt":"2023-05-12T11:55:04","guid":{"rendered":"https:\/\/progettotouring.it\/radiotouring104\/?p=25585"},"modified":"2023-05-12T13:55:04","modified_gmt":"2023-05-12T11:55:04","slug":"bandiere-blu-alecci-reclama-i-fondi-regionali-ai-comuni-virtuosi","status":"publish","type":"post","link":"https:\/\/progettotouring.it\/radiotouring104\/2023\/05\/12\/bandiere-blu-alecci-reclama-i-fondi-regionali-ai-comuni-virtuosi\/","title":{"rendered":"&#8220;Bandiere Blu&#8221;, Alecci reclama i fondi regionali ai Comuni virtuosi"},"content":{"rendered":"<p>Riceviamo e pubblichiamo:<\/p>\n<p>La cerimonia di consegna delle <strong>Bandiere Blu<\/strong> ha premiato ancora una volta la <strong>Calabria<\/strong>, con l\u2019assegnazione di ben 19 \u201cvessilli\u201d nella nostra regione. Intendo fare i miei pi\u00f9 sinceri complimenti ai sindaci e ai Comuni che hanno ottenuto questo importante riconoscimento, sia per chi \u00e8 riuscito a riconfermarsi sia per chi ha ottenuto quest\u2019anno la Bandiera Blu per la prima volta, come <strong>Catanzaro e Rocca Imperiale<\/strong>. Ma nonostante il raggiungimento di questo obiettivo, da domani le amministrazioni calabresi potrebbero avere, paradossalmente, qualche problema in pi\u00f9 da risolvere. Infatti, parrebbe che i <strong>fondi regionali<\/strong> che negli ultimi anni sono stati garantiti per i Comuni Bandiera Blu, quest\u2019anno <strong>non saranno erogati<\/strong>. Anzi, gli anni scorsi, in questo stesso periodo, le singole amministrazioni conoscevano gi\u00e0 gli importi che sarebbero stati trasferiti dalla Regione. Nel 2022, ad esempio, gi\u00e0 il 5 aprile l\u2019<strong>Assessore Orsomarso<\/strong> aveva annunciato lo stanziamento di 450 mila euro per i Comuni Bandiera Blu. Inutile dire che, oltre alla visibilit\u00e0 e al vanto che il riconoscimento porta con s\u00e9, questi fondi regionali rappresentavano uno stimolo in pi\u00f9 per i Comuni che intendevano cominciare il percorso di ottenimento del vessillo. In un periodo non certo florido per le casse delle amministrazioni, come quello attuale, queste economie risultano fondamentali per la programmazione della stagione estiva, venendo utilizzati per l\u2019abbattimento delle barriere architettoniche, la vigilanza sulle spiagge con un numero maggiore di bagnini, il soccorso con i cani da salvamento, la pulizia delle spiagge e dei fondali, la sensibilizzazione nelle scuole, la salvaguardia dell\u2019ambiente. Interventi che non possono essere certamente garantiti senza questi fondi.<\/p>\n<p>Tutto ci\u00f2 appare come una<strong> grande contraddizione<\/strong>, soprattutto se paragonato ai tanti milioni di euro spesi per pubblicizzare la Calabria in Italia e all\u2019estero. Sappiamo bene, infatti, che spesso la Bandiera Blu rappresenta quella certificazione di garanzia decisiva nella scelta della localit\u00e0 da visitare da parte dei turisti, in particolar modo dagli stranieri, per i servizi e la qualit\u00e0 dei parametri ambientali. Servizi e qualit\u00e0 che se non garantiti, potrebbero generare un pericoloso effetto boomerang. Credo che le Bandiere Blu, cos\u00ec come le \u201cSpighe Verdi\u201d, rappresentino un\u2019enorme potenzialit\u00e0 per la nostra regione. Ricordo, ad esempio, che la compianta <strong>Presidente Santelli<\/strong>, durante un incontro con i Sindaci, dove io rappresentavo il Comune di Soverato, aveva annunciato la volont\u00e0 di investire sempre di pi\u00f9 sui Comuni che avviavano percorsi di eccellenza. Una sua idea era quella di <strong>dotare<\/strong>, ad esempio, queste amministrazioni di un <strong>bus elettrico<\/strong> per il trasporto dei turisti, come premio e incentivo nell\u2019ottica di una sempre <strong>maggiore sostenibilit\u00e0 ambientale<\/strong>. Mi aspetto, dunque, che il <strong>Presidente Occhiuto<\/strong>, anche in qualit\u00e0 della sua delega al turismo, possa porre rimedio a questa paradossale situazione gi\u00e0 nei prossimi giorni, in modo da permettere ai sindaci di tenere alto il nome della Calabria, programmando al meglio la prossima stagione estiva. Come detto altre volte, ritengo che sul turismo, una delle risorse pi\u00f9 importanti per i nostri territori, si possa e si debba fare di pi\u00f9.<\/p>\n","protected":false},"excerpt":{"rendered":"<p>Riceviamo e pubblichiamo: La cerimonia di consegna delle Bandiere Blu ha premiato ancora una volta la Calabria, con l\u2019assegnazione di ben 19 \u201cvessilli\u201d nella nostra regione. Intendo fare i miei&hellip;<\/p>\n","protected":false},"author":13,"featured_media":22505,"comment_status":"closed","ping_status":"open","sticky":false,"template":"","format":"standard","meta":{"_jetpack_memberships_contains_paid_content":false,"footnotes":"","jetpack_publicize_message":"","jetpack_publicize_feature_enabled":true,"jetpack_social_post_already_shared":false,"jetpack_social_options":{"image_generator_settings":{"template":"highway","default_image_id":0,"font":"","enabled":false},"version":2}},"categories":[142,921,196],"tags":[7232,1493,3889,15077,5666],"class_list":["post-25585","post","type-post","status-publish","format-standard","has-post-thumbnail","hentry","category-calabria","category-home","category-news","tag-assessore-orsomarso","tag-bandiere-blu","tag-ernesto-alecci","tag-fondi-regionali-non-erogati","tag-presidente-occhiuto"],"yoast_head":"<!-- This site is optimized with the Yoast SEO plugin v27.2 - https:\/\/yoast.com\/product\/yoast-seo-wordpress\/ -->\n<title>&quot;Bandiere Blu&quot;, Alecci reclama i fondi regionali ai Comuni virtuosi<\/title>\n<meta name=\"description\" content=\"Il segretario del Consiglio regionale della Calabria interroga Occhiuto sull&#039;erogazione delle risorse utili a potenziare i servizi turistici\" \/>\n<meta name=\"robots\" content=\"index, follow, max-snippet:-1, max-image-preview:large, max-video-preview:-1\" \/>\n<link rel=\"canonical\" href=\"https:\/\/progettotouring.it\/radiotouring104\/2023\/05\/12\/bandiere-blu-alecci-reclama-i-fondi-regionali-ai-comuni-virtuosi\/\" \/>\n<meta property=\"og:locale\" content=\"it_IT\" \/>\n<meta property=\"og:type\" content=\"article\" \/>\n<meta property=\"og:title\" content=\"&quot;Bandiere Blu&quot;, Alecci reclama i fondi regionali ai Comuni virtuosi\" \/>\n<meta property=\"og:description\" content=\"Il segretario del Consiglio regionale della Calabria interroga Occhiuto sull&#039;erogazione delle risorse utili a potenziare i servizi turistici\" \/>\n<meta property=\"og:url\" content=\"https:\/\/progettotouring.it\/radiotouring104\/2023\/05\/12\/bandiere-blu-alecci-reclama-i-fondi-regionali-ai-comuni-virtuosi\/\" \/>\n<meta property=\"og:site_name\" content=\"Radio Touring 104\" \/>\n<meta property=\"article:published_time\" content=\"2023-05-12T11:55:04+00:00\" \/>\n<meta property=\"og:image\" content=\"https:\/\/progettotouring.it\/radiotouring104\/wp-content\/uploads\/sites\/6\/2023\/04\/ernesto-alecci.jpg\" \/>\n\t<meta property=\"og:image:width\" content=\"1319\" \/>\n\t<meta property=\"og:image:height\" content=\"1600\" \/>\n\t<meta property=\"og:image:type\" content=\"image\/jpeg\" \/>\n<meta name=\"author\" content=\"Helena Pedone\" \/>\n<meta name=\"twitter:card\" content=\"summary_large_image\" \/>\n<meta name=\"twitter:label1\" content=\"Scritto da\" \/>\n\t<meta name=\"twitter:data1\" content=\"Helena Pedone\" \/>\n\t<meta name=\"twitter:label2\" content=\"Tempo di lettura stimato\" \/>\n\t<meta name=\"twitter:data2\" content=\"2 minuti\" \/>\n<script type=\"application\/ld+json\" class=\"yoast-schema-graph\">{\"@context\":\"https:\/\/schema.org\",\"@graph\":[{\"@type\":\"Article\",\"@id\":\"https:\/\/progettotouring.it\/radiotouring104\/2023\/05\/12\/bandiere-blu-alecci-reclama-i-fondi-regionali-ai-comuni-virtuosi\/#article\",\"isPartOf\":{\"@id\":\"https:\/\/progettotouring.it\/radiotouring104\/2023\/05\/12\/bandiere-blu-alecci-reclama-i-fondi-regionali-ai-comuni-virtuosi\/\"},\"author\":{\"name\":\"Helena Pedone\",\"@id\":\"https:\/\/progettotouring.it\/radiotouring104\/#\/schema\/person\/8458ed437f4094f881aab8e4cc572684\"},\"headline\":\"&#8220;Bandiere Blu&#8221;, Alecci reclama i fondi regionali ai Comuni virtuosi\",\"datePublished\":\"2023-05-12T11:55:04+00:00\",\"mainEntityOfPage\":{\"@id\":\"https:\/\/progettotouring.it\/radiotouring104\/2023\/05\/12\/bandiere-blu-alecci-reclama-i-fondi-regionali-ai-comuni-virtuosi\/\"},\"wordCount\":508,\"publisher\":{\"@id\":\"https:\/\/progettotouring.it\/radiotouring104\/#organization\"},\"image\":{\"@id\":\"https:\/\/progettotouring.it\/radiotouring104\/2023\/05\/12\/bandiere-blu-alecci-reclama-i-fondi-regionali-ai-comuni-virtuosi\/#primaryimage\"},\"thumbnailUrl\":\"https:\/\/progettotouring.it\/radiotouring104\/wp-content\/uploads\/sites\/6\/2023\/04\/ernesto-alecci.jpg\",\"keywords\":[\"Assessore Orsomarso\",\"bandiere blu\",\"Ernesto Alecci\",\"Fondi regionali non erogati\",\"presidente occhiuto\"],\"articleSection\":[\"Calabria\",\"Home\",\"News\"],\"inLanguage\":\"it-IT\"},{\"@type\":\"WebPage\",\"@id\":\"https:\/\/progettotouring.it\/radiotouring104\/2023\/05\/12\/bandiere-blu-alecci-reclama-i-fondi-regionali-ai-comuni-virtuosi\/\",\"url\":\"https:\/\/progettotouring.it\/radiotouring104\/2023\/05\/12\/bandiere-blu-alecci-reclama-i-fondi-regionali-ai-comuni-virtuosi\/\",\"name\":\"\\\"Bandiere Blu\\\", Alecci reclama i fondi regionali ai Comuni virtuosi\",\"isPartOf\":{\"@id\":\"https:\/\/progettotouring.it\/radiotouring104\/#website\"},\"primaryImageOfPage\":{\"@id\":\"https:\/\/progettotouring.it\/radiotouring104\/2023\/05\/12\/bandiere-blu-alecci-reclama-i-fondi-regionali-ai-comuni-virtuosi\/#primaryimage\"},\"image\":{\"@id\":\"https:\/\/progettotouring.it\/radiotouring104\/2023\/05\/12\/bandiere-blu-alecci-reclama-i-fondi-regionali-ai-comuni-virtuosi\/#primaryimage\"},\"thumbnailUrl\":\"https:\/\/progettotouring.it\/radiotouring104\/wp-content\/uploads\/sites\/6\/2023\/04\/ernesto-alecci.jpg\",\"datePublished\":\"2023-05-12T11:55:04+00:00\",\"description\":\"Il segretario del Consiglio regionale della Calabria interroga Occhiuto sull'erogazione delle risorse utili a potenziare i servizi turistici\",\"breadcrumb\":{\"@id\":\"https:\/\/progettotouring.it\/radiotouring104\/2023\/05\/12\/bandiere-blu-alecci-reclama-i-fondi-regionali-ai-comuni-virtuosi\/#breadcrumb\"},\"inLanguage\":\"it-IT\",\"potentialAction\":[{\"@type\":\"ReadAction\",\"target\":[\"https:\/\/progettotouring.it\/radiotouring104\/2023\/05\/12\/bandiere-blu-alecci-reclama-i-fondi-regionali-ai-comuni-virtuosi\/\"]}]},{\"@type\":\"ImageObject\",\"inLanguage\":\"it-IT\",\"@id\":\"https:\/\/progettotouring.it\/radiotouring104\/2023\/05\/12\/bandiere-blu-alecci-reclama-i-fondi-regionali-ai-comuni-virtuosi\/#primaryimage\",\"url\":\"https:\/\/progettotouring.it\/radiotouring104\/wp-content\/uploads\/sites\/6\/2023\/04\/ernesto-alecci.jpg\",\"contentUrl\":\"https:\/\/progettotouring.it\/radiotouring104\/wp-content\/uploads\/sites\/6\/2023\/04\/ernesto-alecci.jpg\",\"width\":1319,\"height\":1600},{\"@type\":\"BreadcrumbList\",\"@id\":\"https:\/\/progettotouring.it\/radiotouring104\/2023\/05\/12\/bandiere-blu-alecci-reclama-i-fondi-regionali-ai-comuni-virtuosi\/#breadcrumb\",\"itemListElement\":[{\"@type\":\"ListItem\",\"position\":1,\"name\":\"Home\",\"item\":\"https:\/\/progettotouring.it\/radiotouring104\/\"},{\"@type\":\"ListItem\",\"position\":2,\"name\":\"&#8220;Bandiere Blu&#8221;, Alecci reclama i fondi regionali ai Comuni virtuosi\"}]},{\"@type\":\"WebSite\",\"@id\":\"https:\/\/progettotouring.it\/radiotouring104\/#website\",\"url\":\"https:\/\/progettotouring.it\/radiotouring104\/\",\"name\":\"Radio Touring 104\",\"description\":\"La prima radio Reggina\",\"publisher\":{\"@id\":\"https:\/\/progettotouring.it\/radiotouring104\/#organization\"},\"potentialAction\":[{\"@type\":\"SearchAction\",\"target\":{\"@type\":\"EntryPoint\",\"urlTemplate\":\"https:\/\/progettotouring.it\/radiotouring104\/?s={search_term_string}\"},\"query-input\":{\"@type\":\"PropertyValueSpecification\",\"valueRequired\":true,\"valueName\":\"search_term_string\"}}],\"inLanguage\":\"it-IT\"},{\"@type\":\"Organization\",\"@id\":\"https:\/\/progettotouring.it\/radiotouring104\/#organization\",\"name\":\"Radio Touring 104\",\"url\":\"https:\/\/progettotouring.it\/radiotouring104\/\",\"logo\":{\"@type\":\"ImageObject\",\"inLanguage\":\"it-IT\",\"@id\":\"https:\/\/progettotouring.it\/radiotouring104\/#\/schema\/logo\/image\/\",\"url\":\"https:\/\/progettotouring.it\/radiotouring104\/wp-content\/uploads\/sites\/6\/2022\/02\/cropped-logo-radio-touring-104.png\",\"contentUrl\":\"https:\/\/progettotouring.it\/radiotouring104\/wp-content\/uploads\/sites\/6\/2022\/02\/cropped-logo-radio-touring-104.png\",\"width\":377,\"height\":182,\"caption\":\"Radio Touring 104\"},\"image\":{\"@id\":\"https:\/\/progettotouring.it\/radiotouring104\/#\/schema\/logo\/image\/\"}},{\"@type\":\"Person\",\"@id\":\"https:\/\/progettotouring.it\/radiotouring104\/#\/schema\/person\/8458ed437f4094f881aab8e4cc572684\",\"name\":\"Helena Pedone\",\"image\":{\"@type\":\"ImageObject\",\"inLanguage\":\"it-IT\",\"@id\":\"https:\/\/secure.gravatar.com\/avatar\/95a63adf316f90175b68113b4b895a96641be06395ffeef88fea6178b30027d9?s=96&d=mm&r=g\",\"url\":\"https:\/\/secure.gravatar.com\/avatar\/95a63adf316f90175b68113b4b895a96641be06395ffeef88fea6178b30027d9?s=96&d=mm&r=g\",\"contentUrl\":\"https:\/\/secure.gravatar.com\/avatar\/95a63adf316f90175b68113b4b895a96641be06395ffeef88fea6178b30027d9?s=96&d=mm&r=g\",\"caption\":\"Helena Pedone\"},\"url\":\"https:\/\/progettotouring.it\/radiotouring104\/author\/helena\/\"}]}<\/script>\n<!-- \/ Yoast SEO plugin. -->","yoast_head_json":{"title":"\"Bandiere Blu\", Alecci reclama i fondi regionali ai Comuni virtuosi","description":"Il segretario del Consiglio regionale della Calabria interroga Occhiuto sull'erogazione delle risorse utili a potenziare i servizi turistici","robots":{"index":"index","follow":"follow","max-snippet":"max-snippet:-1","max-image-preview":"max-image-preview:large","max-video-preview":"max-video-preview:-1"},"canonical":"https:\/\/progettotouring.it\/radiotouring104\/2023\/05\/12\/bandiere-blu-alecci-reclama-i-fondi-regionali-ai-comuni-virtuosi\/","og_locale":"it_IT","og_type":"article","og_title":"\"Bandiere Blu\", Alecci reclama i fondi regionali ai Comuni virtuosi","og_description":"Il segretario del Consiglio regionale della Calabria interroga Occhiuto sull'erogazione delle risorse utili a potenziare i servizi turistici","og_url":"https:\/\/progettotouring.it\/radiotouring104\/2023\/05\/12\/bandiere-blu-alecci-reclama-i-fondi-regionali-ai-comuni-virtuosi\/","og_site_name":"Radio Touring 104","article_published_time":"2023-05-12T11:55:04+00:00","og_image":[{"width":1319,"height":1600,"url":"https:\/\/progettotouring.it\/radiotouring104\/wp-content\/uploads\/sites\/6\/2023\/04\/ernesto-alecci.jpg","type":"image\/jpeg"}],"author":"Helena Pedone","twitter_card":"summary_large_image","twitter_misc":{"Scritto da":"Helena Pedone","Tempo di lettura stimato":"2 minuti"},"schema":{"@context":"https:\/\/schema.org","@graph":[{"@type":"Article","@id":"https:\/\/progettotouring.it\/radiotouring104\/2023\/05\/12\/bandiere-blu-alecci-reclama-i-fondi-regionali-ai-comuni-virtuosi\/#article","isPartOf":{"@id":"https:\/\/progettotouring.it\/radiotouring104\/2023\/05\/12\/bandiere-blu-alecci-reclama-i-fondi-regionali-ai-comuni-virtuosi\/"},"author":{"name":"Helena Pedone","@id":"https:\/\/progettotouring.it\/radiotouring104\/#\/schema\/person\/8458ed437f4094f881aab8e4cc572684"},"headline":"&#8220;Bandiere Blu&#8221;, Alecci reclama i fondi regionali ai Comuni virtuosi","datePublished":"2023-05-12T11:55:04+00:00","mainEntityOfPage":{"@id":"https:\/\/progettotouring.it\/radiotouring104\/2023\/05\/12\/bandiere-blu-alecci-reclama-i-fondi-regionali-ai-comuni-virtuosi\/"},"wordCount":508,"publisher":{"@id":"https:\/\/progettotouring.it\/radiotouring104\/#organization"},"image":{"@id":"https:\/\/progettotouring.it\/radiotouring104\/2023\/05\/12\/bandiere-blu-alecci-reclama-i-fondi-regionali-ai-comuni-virtuosi\/#primaryimage"},"thumbnailUrl":"https:\/\/progettotouring.it\/radiotouring104\/wp-content\/uploads\/sites\/6\/2023\/04\/ernesto-alecci.jpg","keywords":["Assessore Orsomarso","bandiere blu","Ernesto Alecci","Fondi regionali non erogati","presidente occhiuto"],"articleSection":["Calabria","Home","News"],"inLanguage":"it-IT"},{"@type":"WebPage","@id":"https:\/\/progettotouring.it\/radiotouring104\/2023\/05\/12\/bandiere-blu-alecci-reclama-i-fondi-regionali-ai-comuni-virtuosi\/","url":"https:\/\/progettotouring.it\/radiotouring104\/2023\/05\/12\/bandiere-blu-alecci-reclama-i-fondi-regionali-ai-comuni-virtuosi\/","name":"\"Bandiere Blu\", Alecci reclama i fondi regionali ai Comuni virtuosi","isPartOf":{"@id":"https:\/\/progettotouring.it\/radiotouring104\/#website"},"primaryImageOfPage":{"@id":"https:\/\/progettotouring.it\/radiotouring104\/2023\/05\/12\/bandiere-blu-alecci-reclama-i-fondi-regionali-ai-comuni-virtuosi\/#primaryimage"},"image":{"@id":"https:\/\/progettotouring.it\/radiotouring104\/2023\/05\/12\/bandiere-blu-alecci-reclama-i-fondi-regionali-ai-comuni-virtuosi\/#primaryimage"},"thumbnailUrl":"https:\/\/progettotouring.it\/radiotouring104\/wp-content\/uploads\/sites\/6\/2023\/04\/ernesto-alecci.jpg","datePublished":"2023-05-12T11:55:04+00:00","description":"Il segretario del Consiglio regionale della Calabria interroga Occhiuto sull'erogazione delle risorse utili a potenziare i servizi turistici","breadcrumb":{"@id":"https:\/\/progettotouring.it\/radiotouring104\/2023\/05\/12\/bandiere-blu-alecci-reclama-i-fondi-regionali-ai-comuni-virtuosi\/#breadcrumb"},"inLanguage":"it-IT","potentialAction":[{"@type":"ReadAction","target":["https:\/\/progettotouring.it\/radiotouring104\/2023\/05\/12\/bandiere-blu-alecci-reclama-i-fondi-regionali-ai-comuni-virtuosi\/"]}]},{"@type":"ImageObject","inLanguage":"it-IT","@id":"https:\/\/progettotouring.it\/radiotouring104\/2023\/05\/12\/bandiere-blu-alecci-reclama-i-fondi-regionali-ai-comuni-virtuosi\/#primaryimage","url":"https:\/\/progettotouring.it\/radiotouring104\/wp-content\/uploads\/sites\/6\/2023\/04\/ernesto-alecci.jpg","contentUrl":"https:\/\/progettotouring.it\/radiotouring104\/wp-content\/uploads\/sites\/6\/2023\/04\/ernesto-alecci.jpg","width":1319,"height":1600},{"@type":"BreadcrumbList","@id":"https:\/\/progettotouring.it\/radiotouring104\/2023\/05\/12\/bandiere-blu-alecci-reclama-i-fondi-regionali-ai-comuni-virtuosi\/#breadcrumb","itemListElement":[{"@type":"ListItem","position":1,"name":"Home","item":"https:\/\/progettotouring.it\/radiotouring104\/"},{"@type":"ListItem","position":2,"name":"&#8220;Bandiere Blu&#8221;, Alecci reclama i fondi regionali ai Comuni virtuosi"}]},{"@type":"WebSite","@id":"https:\/\/progettotouring.it\/radiotouring104\/#website","url":"https:\/\/progettotouring.it\/radiotouring104\/","name":"Radio Touring 104","description":"La prima radio Reggina","publisher":{"@id":"https:\/\/progettotouring.it\/radiotouring104\/#organization"},"potentialAction":[{"@type":"SearchAction","target":{"@type":"EntryPoint","urlTemplate":"https:\/\/progettotouring.it\/radiotouring104\/?s={search_term_string}"},"query-input":{"@type":"PropertyValueSpecification","valueRequired":true,"valueName":"search_term_string"}}],"inLanguage":"it-IT"},{"@type":"Organization","@id":"https:\/\/progettotouring.it\/radiotouring104\/#organization","name":"Radio Touring 104","url":"https:\/\/progettotouring.it\/radiotouring104\/","logo":{"@type":"ImageObject","inLanguage":"it-IT","@id":"https:\/\/progettotouring.it\/radiotouring104\/#\/schema\/logo\/image\/","url":"https:\/\/progettotouring.it\/radiotouring104\/wp-content\/uploads\/sites\/6\/2022\/02\/cropped-logo-radio-touring-104.png","contentUrl":"https:\/\/progettotouring.it\/radiotouring104\/wp-content\/uploads\/sites\/6\/2022\/02\/cropped-logo-radio-touring-104.png","width":377,"height":182,"caption":"Radio Touring 104"},"image":{"@id":"https:\/\/progettotouring.it\/radiotouring104\/#\/schema\/logo\/image\/"}},{"@type":"Person","@id":"https:\/\/progettotouring.it\/radiotouring104\/#\/schema\/person\/8458ed437f4094f881aab8e4cc572684","name":"Helena Pedone","image":{"@type":"ImageObject","inLanguage":"it-IT","@id":"https:\/\/secure.gravatar.com\/avatar\/95a63adf316f90175b68113b4b895a96641be06395ffeef88fea6178b30027d9?s=96&d=mm&r=g","url":"https:\/\/secure.gravatar.com\/avatar\/95a63adf316f90175b68113b4b895a96641be06395ffeef88fea6178b30027d9?s=96&d=mm&r=g","contentUrl":"https:\/\/secure.gravatar.com\/avatar\/95a63adf316f90175b68113b4b895a96641be06395ffeef88fea6178b30027d9?s=96&d=mm&r=g","caption":"Helena Pedone"},"url":"https:\/\/progettotouring.it\/radiotouring104\/author\/helena\/"}]}},"jetpack_publicize_connections":[],"jetpack_featured_media_url":"https:\/\/progettotouring.it\/radiotouring104\/wp-content\/uploads\/sites\/6\/2023\/04\/ernesto-alecci.jpg","jetpack_sharing_enabled":true,"_links":{"self":[{"href":"https:\/\/progettotouring.it\/radiotouring104\/wp-json\/wp\/v2\/posts\/25585","targetHints":{"allow":["GET"]}}],"collection":[{"href":"https:\/\/progettotouring.it\/radiotouring104\/wp-json\/wp\/v2\/posts"}],"about":[{"href":"https:\/\/progettotouring.it\/radiotouring104\/wp-json\/wp\/v2\/types\/post"}],"author":[{"embeddable":true,"href":"https:\/\/progettotouring.it\/radiotouring104\/wp-json\/wp\/v2\/users\/13"}],"replies":[{"embeddable":true,"href":"https:\/\/progettotouring.it\/radiotouring104\/wp-json\/wp\/v2\/comments?post=25585"}],"version-history":[{"count":1,"href":"https:\/\/progettotouring.it\/radiotouring104\/wp-json\/wp\/v2\/posts\/25585\/revisions"}],"predecessor-version":[{"id":25586,"href":"https:\/\/progettotouring.it\/radiotouring104\/wp-json\/wp\/v2\/posts\/25585\/revisions\/25586"}],"wp:featuredmedia":[{"embeddable":true,"href":"https:\/\/progettotouring.it\/radiotouring104\/wp-json\/wp\/v2\/media\/22505"}],"wp:attachment":[{"href":"https:\/\/progettotouring.it\/radiotouring104\/wp-json\/wp\/v2\/media?parent=25585"}],"wp:term":[{"taxonomy":"category","embeddable":true,"href":"https:\/\/progettotouring.it\/radiotouring104\/wp-json\/wp\/v2\/categories?post=25585"},{"taxonomy":"post_tag","embeddable":true,"href":"https:\/\/progettotouring.it\/radiotouring104\/wp-json\/wp\/v2\/tags?post=25585"}],"curies":[{"name":"wp","href":"https:\/\/api.w.org\/{rel}","templated":true}]}}