{"id":25903,"date":"2023-05-16T13:35:30","date_gmt":"2023-05-16T11:35:30","guid":{"rendered":"https:\/\/progettotouring.it\/radiotouring104\/?p=25903"},"modified":"2023-05-16T15:49:52","modified_gmt":"2023-05-16T13:49:52","slug":"villa-san-giovanni-e-melito-porto-salvo-accolgono-caro-professore","status":"publish","type":"post","link":"https:\/\/progettotouring.it\/radiotouring104\/2023\/05\/16\/villa-san-giovanni-e-melito-porto-salvo-accolgono-caro-professore\/","title":{"rendered":"Villa San Giovanni e Melito Porto Salvo accolgono &#8220;Caro Professore&#8221;"},"content":{"rendered":"<p style=\"text-align: justify\">Continua il viaggio di <strong>&#8220;Caro Professore&#8221; in Calabria<\/strong>. Dopo l&#8217;ultima presentazione di <strong>Mendicino<\/strong> (CS) delle scorse settimane, negli ultimi giorni il libro, la raccolta delle lettere indirizzate al sindaco della primavera reggina<strong> Italo Falcomat\u00e0,<\/strong> \u00e8 stato presentato anche a Villa San Giovanni e Melito Porto Salvo. In entrambi i casi, a promuovere l&#8217;organizzazione degli eventi, sono state le Amministrazioni comunali dei due centri del territorio metropolitano, in collaborazione con alcune associazioni culturali impegnate nei rispettivi contesti cittadini.<\/p>\n<p>A <strong>Villa San Giovanni<\/strong> un partecipato ed emozionante dibattito, realizzato nell&#8217;ambito del Festival d&#8217;Arte e Cultura &#8220;Correnti&#8221; si \u00e8 svolto all&#8217;interno della Sala del Consiglio comunale. Presenti, tra gli altri l&#8217;Assessore all&#8217;Ambiente e alle Politiche Giovanili del Comune di <strong>Villa San Giovanni, Ruggero Marra<\/strong>, insieme all&#8217;Assessore al Bilancio, Sergio Giordano, che proprio al fianco di <strong>Italo<\/strong> <strong>Falcomat\u00e0<\/strong> visse da Assessore un pezzo importante dell&#8217;esperienza amministrativa alla guida della Citt\u00e0 di <strong>Reggio Calabria<\/strong> sul finire degli anni &#8217;90. L&#8217;incontro, brillantemente moderato dalla Presidente del Consiglio comunale dell&#8217;Amministrazione villese, Caterina Trecroci, ha visto le conclusioni dell&#8217;autore della pubblicazione Giuseppe Falcomat\u00e0 che, nel ringraziare gli organizzatori, ha colto l&#8217;occasione per riattualizzare alcuni concetti proposti dall&#8217;eredit\u00e0 politica, culturale e sociale che la stagione amministrativa guidata da Italo Falcomat\u00e0 ha lasciato non solo sul territorio reggino, ma in tutto il Mezzogiorno e nell&#8217;intero Paese.<\/p>\n<p>Nei giorni scorsi anche <strong>Melito<\/strong> <strong>Porto<\/strong> <strong>Salvo<\/strong> ha accolto con affetto e grande partecipazione la presentazione di Caro Professore. L&#8217;evento \u00e8 andato in scena nella sala conferenze dell&#8217;ex Mercato Coperto. Una location suggestiva, per una platea gremita composta da una nutrita rappresentanza dell&#8217;associazionismo melitese, oltre alla presenza di diversi amministratori del Municipio di Melito e dei Comuni limitrofi. Presenti, tra gli altri, i sindaci di Melito, Salvatore Orlando, di Roghudi, Pierpaolo Zavettieri, di Roccaforte, Mimmo Penna, di Montebello, Maria Foti, di Bagaladi, Santo Monorchio, di Benestare, Domenico Mantegna, insieme all&#8217;Assessore alla Cultura melitese Pasquale Pizzi, e a numerosi altri amministratori, assessori e consiglieri, dei diversi Comuni del comprensorio dell&#8217;area grecanica.<\/p>\n<p>Tantissimi gli spunti sollevati nel corso dei due partecipati dibattiti. Dalle esperienze personali, testimonianza del rapporto intenso tra Italo Falcomat\u00e0 e la sua comunit\u00e0, non solo quella reggina, alle riflessioni di carattere politico e sociale che vanno oltre il recupero della memoria storica, entrando a pieno titolo nel dibattito politico attuale su temi centrali come quello dello sviluppo del Mezzogiorno, del ruolo delle Citt\u00e0 come laboratorio di democrazia e del rapporto tra i Sindaci e le comunit\u00e0 territoriali, con una particolare attenzione ai linguaggi e alle occasioni di dialogo e condivisione tra i rappresentanti istituzionali e la cittadinanza. Il viaggio di <strong>Caro Professore<\/strong> proseguir\u00e0 gi\u00e0 nei prossimi giorni. Nelle prossime settimane il libro sar\u00e0 presentato sempre nel reggino a <strong>Sant&#8217;Alessio<\/strong> in <strong>Aspromonte<\/strong>, mentre sono gi\u00e0 in cantiere per il mese di giugno le prime uscite nei capoluoghi delle altre province calabresi.<\/p>\n","protected":false},"excerpt":{"rendered":"<p>Continua il viaggio di &#8220;Caro Professore&#8221; in Calabria. Dopo l&#8217;ultima presentazione di Mendicino (CS) delle scorse settimane, negli ultimi giorni il libro, la raccolta delle lettere indirizzate al sindaco della&hellip;<\/p>\n","protected":false},"author":8,"featured_media":25904,"comment_status":"closed","ping_status":"open","sticky":false,"template":"","format":"standard","meta":{"_jetpack_memberships_contains_paid_content":false,"footnotes":"","jetpack_publicize_message":"","jetpack_publicize_feature_enabled":true,"jetpack_social_post_already_shared":false,"jetpack_social_options":{"image_generator_settings":{"template":"highway","default_image_id":0,"font":"","enabled":false},"version":2}},"categories":[921,196,140],"tags":[7104,2252,10999,364],"class_list":["post-25903","post","type-post","status-publish","format-standard","has-post-thumbnail","hentry","category-home","category-news","category-reggio-calabria","tag-caro-professore","tag-italo-falcomata","tag-ruggero-marra","tag-villa-san-giovanni"],"yoast_head":"<!-- This site is optimized with the Yoast SEO plugin v27.2 - https:\/\/yoast.com\/product\/yoast-seo-wordpress\/ -->\n<title>Villa San Giovanni e Melito Porto Salvo accolgono &quot;Caro Professore&quot; - Radio Touring 104<\/title>\n<meta name=\"description\" content=\"Le citt\u00e0 reggina di Villa San Giovanni e Melito Porto Salvo accolgono &quot;Caro Professore&quot;: il libro dedicato ad Italo Falcomat\u00e0\" \/>\n<meta name=\"robots\" content=\"index, follow, max-snippet:-1, max-image-preview:large, max-video-preview:-1\" \/>\n<link rel=\"canonical\" href=\"https:\/\/progettotouring.it\/radiotouring104\/2023\/05\/16\/villa-san-giovanni-e-melito-porto-salvo-accolgono-caro-professore\/\" \/>\n<meta property=\"og:locale\" content=\"it_IT\" \/>\n<meta property=\"og:type\" content=\"article\" \/>\n<meta property=\"og:title\" content=\"Villa San Giovanni e Melito Porto Salvo accolgono &quot;Caro Professore&quot; - Radio Touring 104\" \/>\n<meta property=\"og:description\" content=\"Le citt\u00e0 reggina di Villa San Giovanni e Melito Porto Salvo accolgono &quot;Caro Professore&quot;: il libro dedicato ad Italo Falcomat\u00e0\" \/>\n<meta property=\"og:url\" content=\"https:\/\/progettotouring.it\/radiotouring104\/2023\/05\/16\/villa-san-giovanni-e-melito-porto-salvo-accolgono-caro-professore\/\" \/>\n<meta property=\"og:site_name\" content=\"Radio Touring 104\" \/>\n<meta property=\"article:published_time\" content=\"2023-05-16T11:35:30+00:00\" \/>\n<meta property=\"article:modified_time\" content=\"2023-05-16T13:49:52+00:00\" \/>\n<meta property=\"og:image\" content=\"https:\/\/progettotouring.it\/radiotouring104\/wp-content\/uploads\/sites\/6\/2023\/05\/caro-professore-falcomata.jpeg\" \/>\n\t<meta property=\"og:image:width\" content=\"2048\" \/>\n\t<meta property=\"og:image:height\" content=\"1536\" \/>\n\t<meta property=\"og:image:type\" content=\"image\/jpeg\" \/>\n<meta name=\"author\" content=\"Filippo Francesco Idone\" \/>\n<meta name=\"twitter:card\" content=\"summary_large_image\" \/>\n<meta name=\"twitter:label1\" content=\"Scritto da\" \/>\n\t<meta name=\"twitter:data1\" content=\"Filippo Francesco Idone\" \/>\n\t<meta name=\"twitter:label2\" content=\"Tempo di lettura stimato\" \/>\n\t<meta name=\"twitter:data2\" content=\"2 minuti\" \/>\n<script type=\"application\/ld+json\" class=\"yoast-schema-graph\">{\"@context\":\"https:\/\/schema.org\",\"@graph\":[{\"@type\":\"Article\",\"@id\":\"https:\/\/progettotouring.it\/radiotouring104\/2023\/05\/16\/villa-san-giovanni-e-melito-porto-salvo-accolgono-caro-professore\/#article\",\"isPartOf\":{\"@id\":\"https:\/\/progettotouring.it\/radiotouring104\/2023\/05\/16\/villa-san-giovanni-e-melito-porto-salvo-accolgono-caro-professore\/\"},\"author\":{\"name\":\"Filippo Francesco Idone\",\"@id\":\"https:\/\/progettotouring.it\/radiotouring104\/#\/schema\/person\/4a82259ca52ac8702ad1a8f9e5a3120b\"},\"headline\":\"Villa San Giovanni e Melito Porto Salvo accolgono &#8220;Caro Professore&#8221;\",\"datePublished\":\"2023-05-16T11:35:30+00:00\",\"dateModified\":\"2023-05-16T13:49:52+00:00\",\"mainEntityOfPage\":{\"@id\":\"https:\/\/progettotouring.it\/radiotouring104\/2023\/05\/16\/villa-san-giovanni-e-melito-porto-salvo-accolgono-caro-professore\/\"},\"wordCount\":474,\"publisher\":{\"@id\":\"https:\/\/progettotouring.it\/radiotouring104\/#organization\"},\"image\":{\"@id\":\"https:\/\/progettotouring.it\/radiotouring104\/2023\/05\/16\/villa-san-giovanni-e-melito-porto-salvo-accolgono-caro-professore\/#primaryimage\"},\"thumbnailUrl\":\"https:\/\/progettotouring.it\/radiotouring104\/wp-content\/uploads\/sites\/6\/2023\/05\/caro-professore-falcomata.jpeg\",\"keywords\":[\"caro professore\",\"italo falcomat\u00e0\",\"Ruggero Marra\",\"villa san giovanni\"],\"articleSection\":[\"Home\",\"News\",\"Reggio Calabria\"],\"inLanguage\":\"it-IT\"},{\"@type\":\"WebPage\",\"@id\":\"https:\/\/progettotouring.it\/radiotouring104\/2023\/05\/16\/villa-san-giovanni-e-melito-porto-salvo-accolgono-caro-professore\/\",\"url\":\"https:\/\/progettotouring.it\/radiotouring104\/2023\/05\/16\/villa-san-giovanni-e-melito-porto-salvo-accolgono-caro-professore\/\",\"name\":\"Villa San Giovanni e Melito Porto Salvo accolgono \\\"Caro Professore\\\" - Radio Touring 104\",\"isPartOf\":{\"@id\":\"https:\/\/progettotouring.it\/radiotouring104\/#website\"},\"primaryImageOfPage\":{\"@id\":\"https:\/\/progettotouring.it\/radiotouring104\/2023\/05\/16\/villa-san-giovanni-e-melito-porto-salvo-accolgono-caro-professore\/#primaryimage\"},\"image\":{\"@id\":\"https:\/\/progettotouring.it\/radiotouring104\/2023\/05\/16\/villa-san-giovanni-e-melito-porto-salvo-accolgono-caro-professore\/#primaryimage\"},\"thumbnailUrl\":\"https:\/\/progettotouring.it\/radiotouring104\/wp-content\/uploads\/sites\/6\/2023\/05\/caro-professore-falcomata.jpeg\",\"datePublished\":\"2023-05-16T11:35:30+00:00\",\"dateModified\":\"2023-05-16T13:49:52+00:00\",\"description\":\"Le citt\u00e0 reggina di Villa San Giovanni e Melito Porto Salvo accolgono \\\"Caro Professore\\\": il libro dedicato ad Italo Falcomat\u00e0\",\"breadcrumb\":{\"@id\":\"https:\/\/progettotouring.it\/radiotouring104\/2023\/05\/16\/villa-san-giovanni-e-melito-porto-salvo-accolgono-caro-professore\/#breadcrumb\"},\"inLanguage\":\"it-IT\",\"potentialAction\":[{\"@type\":\"ReadAction\",\"target\":[\"https:\/\/progettotouring.it\/radiotouring104\/2023\/05\/16\/villa-san-giovanni-e-melito-porto-salvo-accolgono-caro-professore\/\"]}]},{\"@type\":\"ImageObject\",\"inLanguage\":\"it-IT\",\"@id\":\"https:\/\/progettotouring.it\/radiotouring104\/2023\/05\/16\/villa-san-giovanni-e-melito-porto-salvo-accolgono-caro-professore\/#primaryimage\",\"url\":\"https:\/\/progettotouring.it\/radiotouring104\/wp-content\/uploads\/sites\/6\/2023\/05\/caro-professore-falcomata.jpeg\",\"contentUrl\":\"https:\/\/progettotouring.it\/radiotouring104\/wp-content\/uploads\/sites\/6\/2023\/05\/caro-professore-falcomata.jpeg\",\"width\":2048,\"height\":1536},{\"@type\":\"BreadcrumbList\",\"@id\":\"https:\/\/progettotouring.it\/radiotouring104\/2023\/05\/16\/villa-san-giovanni-e-melito-porto-salvo-accolgono-caro-professore\/#breadcrumb\",\"itemListElement\":[{\"@type\":\"ListItem\",\"position\":1,\"name\":\"Home\",\"item\":\"https:\/\/progettotouring.it\/radiotouring104\/\"},{\"@type\":\"ListItem\",\"position\":2,\"name\":\"Villa San Giovanni e Melito Porto Salvo accolgono &#8220;Caro Professore&#8221;\"}]},{\"@type\":\"WebSite\",\"@id\":\"https:\/\/progettotouring.it\/radiotouring104\/#website\",\"url\":\"https:\/\/progettotouring.it\/radiotouring104\/\",\"name\":\"Radio Touring 104\",\"description\":\"La prima radio Reggina\",\"publisher\":{\"@id\":\"https:\/\/progettotouring.it\/radiotouring104\/#organization\"},\"potentialAction\":[{\"@type\":\"SearchAction\",\"target\":{\"@type\":\"EntryPoint\",\"urlTemplate\":\"https:\/\/progettotouring.it\/radiotouring104\/?s={search_term_string}\"},\"query-input\":{\"@type\":\"PropertyValueSpecification\",\"valueRequired\":true,\"valueName\":\"search_term_string\"}}],\"inLanguage\":\"it-IT\"},{\"@type\":\"Organization\",\"@id\":\"https:\/\/progettotouring.it\/radiotouring104\/#organization\",\"name\":\"Radio Touring 104\",\"url\":\"https:\/\/progettotouring.it\/radiotouring104\/\",\"logo\":{\"@type\":\"ImageObject\",\"inLanguage\":\"it-IT\",\"@id\":\"https:\/\/progettotouring.it\/radiotouring104\/#\/schema\/logo\/image\/\",\"url\":\"https:\/\/progettotouring.it\/radiotouring104\/wp-content\/uploads\/sites\/6\/2022\/02\/cropped-logo-radio-touring-104.png\",\"contentUrl\":\"https:\/\/progettotouring.it\/radiotouring104\/wp-content\/uploads\/sites\/6\/2022\/02\/cropped-logo-radio-touring-104.png\",\"width\":377,\"height\":182,\"caption\":\"Radio Touring 104\"},\"image\":{\"@id\":\"https:\/\/progettotouring.it\/radiotouring104\/#\/schema\/logo\/image\/\"}},{\"@type\":\"Person\",\"@id\":\"https:\/\/progettotouring.it\/radiotouring104\/#\/schema\/person\/4a82259ca52ac8702ad1a8f9e5a3120b\",\"name\":\"Filippo Francesco Idone\",\"image\":{\"@type\":\"ImageObject\",\"inLanguage\":\"it-IT\",\"@id\":\"https:\/\/secure.gravatar.com\/avatar\/7268715d2366395c3dd314385670e6484117d44f5c442e61e230f7008b7b62d3?s=96&d=mm&r=g\",\"url\":\"https:\/\/secure.gravatar.com\/avatar\/7268715d2366395c3dd314385670e6484117d44f5c442e61e230f7008b7b62d3?s=96&d=mm&r=g\",\"contentUrl\":\"https:\/\/secure.gravatar.com\/avatar\/7268715d2366395c3dd314385670e6484117d44f5c442e61e230f7008b7b62d3?s=96&d=mm&r=g\",\"caption\":\"Filippo Francesco Idone\"},\"url\":\"https:\/\/progettotouring.it\/radiotouring104\/author\/filippoidone\/\"}]}<\/script>\n<!-- \/ Yoast SEO plugin. -->","yoast_head_json":{"title":"Villa San Giovanni e Melito Porto Salvo accolgono \"Caro Professore\" - Radio Touring 104","description":"Le citt\u00e0 reggina di Villa San Giovanni e Melito Porto Salvo accolgono \"Caro Professore\": il libro dedicato ad Italo Falcomat\u00e0","robots":{"index":"index","follow":"follow","max-snippet":"max-snippet:-1","max-image-preview":"max-image-preview:large","max-video-preview":"max-video-preview:-1"},"canonical":"https:\/\/progettotouring.it\/radiotouring104\/2023\/05\/16\/villa-san-giovanni-e-melito-porto-salvo-accolgono-caro-professore\/","og_locale":"it_IT","og_type":"article","og_title":"Villa San Giovanni e Melito Porto Salvo accolgono \"Caro Professore\" - Radio Touring 104","og_description":"Le citt\u00e0 reggina di Villa San Giovanni e Melito Porto Salvo accolgono \"Caro Professore\": il libro dedicato ad Italo Falcomat\u00e0","og_url":"https:\/\/progettotouring.it\/radiotouring104\/2023\/05\/16\/villa-san-giovanni-e-melito-porto-salvo-accolgono-caro-professore\/","og_site_name":"Radio Touring 104","article_published_time":"2023-05-16T11:35:30+00:00","article_modified_time":"2023-05-16T13:49:52+00:00","og_image":[{"width":2048,"height":1536,"url":"https:\/\/progettotouring.it\/radiotouring104\/wp-content\/uploads\/sites\/6\/2023\/05\/caro-professore-falcomata.jpeg","type":"image\/jpeg"}],"author":"Filippo Francesco Idone","twitter_card":"summary_large_image","twitter_misc":{"Scritto da":"Filippo Francesco Idone","Tempo di lettura stimato":"2 minuti"},"schema":{"@context":"https:\/\/schema.org","@graph":[{"@type":"Article","@id":"https:\/\/progettotouring.it\/radiotouring104\/2023\/05\/16\/villa-san-giovanni-e-melito-porto-salvo-accolgono-caro-professore\/#article","isPartOf":{"@id":"https:\/\/progettotouring.it\/radiotouring104\/2023\/05\/16\/villa-san-giovanni-e-melito-porto-salvo-accolgono-caro-professore\/"},"author":{"name":"Filippo Francesco Idone","@id":"https:\/\/progettotouring.it\/radiotouring104\/#\/schema\/person\/4a82259ca52ac8702ad1a8f9e5a3120b"},"headline":"Villa San Giovanni e Melito Porto Salvo accolgono &#8220;Caro Professore&#8221;","datePublished":"2023-05-16T11:35:30+00:00","dateModified":"2023-05-16T13:49:52+00:00","mainEntityOfPage":{"@id":"https:\/\/progettotouring.it\/radiotouring104\/2023\/05\/16\/villa-san-giovanni-e-melito-porto-salvo-accolgono-caro-professore\/"},"wordCount":474,"publisher":{"@id":"https:\/\/progettotouring.it\/radiotouring104\/#organization"},"image":{"@id":"https:\/\/progettotouring.it\/radiotouring104\/2023\/05\/16\/villa-san-giovanni-e-melito-porto-salvo-accolgono-caro-professore\/#primaryimage"},"thumbnailUrl":"https:\/\/progettotouring.it\/radiotouring104\/wp-content\/uploads\/sites\/6\/2023\/05\/caro-professore-falcomata.jpeg","keywords":["caro professore","italo falcomat\u00e0","Ruggero Marra","villa san giovanni"],"articleSection":["Home","News","Reggio Calabria"],"inLanguage":"it-IT"},{"@type":"WebPage","@id":"https:\/\/progettotouring.it\/radiotouring104\/2023\/05\/16\/villa-san-giovanni-e-melito-porto-salvo-accolgono-caro-professore\/","url":"https:\/\/progettotouring.it\/radiotouring104\/2023\/05\/16\/villa-san-giovanni-e-melito-porto-salvo-accolgono-caro-professore\/","name":"Villa San Giovanni e Melito Porto Salvo accolgono \"Caro Professore\" - Radio Touring 104","isPartOf":{"@id":"https:\/\/progettotouring.it\/radiotouring104\/#website"},"primaryImageOfPage":{"@id":"https:\/\/progettotouring.it\/radiotouring104\/2023\/05\/16\/villa-san-giovanni-e-melito-porto-salvo-accolgono-caro-professore\/#primaryimage"},"image":{"@id":"https:\/\/progettotouring.it\/radiotouring104\/2023\/05\/16\/villa-san-giovanni-e-melito-porto-salvo-accolgono-caro-professore\/#primaryimage"},"thumbnailUrl":"https:\/\/progettotouring.it\/radiotouring104\/wp-content\/uploads\/sites\/6\/2023\/05\/caro-professore-falcomata.jpeg","datePublished":"2023-05-16T11:35:30+00:00","dateModified":"2023-05-16T13:49:52+00:00","description":"Le citt\u00e0 reggina di Villa San Giovanni e Melito Porto Salvo accolgono \"Caro Professore\": il libro dedicato ad Italo Falcomat\u00e0","breadcrumb":{"@id":"https:\/\/progettotouring.it\/radiotouring104\/2023\/05\/16\/villa-san-giovanni-e-melito-porto-salvo-accolgono-caro-professore\/#breadcrumb"},"inLanguage":"it-IT","potentialAction":[{"@type":"ReadAction","target":["https:\/\/progettotouring.it\/radiotouring104\/2023\/05\/16\/villa-san-giovanni-e-melito-porto-salvo-accolgono-caro-professore\/"]}]},{"@type":"ImageObject","inLanguage":"it-IT","@id":"https:\/\/progettotouring.it\/radiotouring104\/2023\/05\/16\/villa-san-giovanni-e-melito-porto-salvo-accolgono-caro-professore\/#primaryimage","url":"https:\/\/progettotouring.it\/radiotouring104\/wp-content\/uploads\/sites\/6\/2023\/05\/caro-professore-falcomata.jpeg","contentUrl":"https:\/\/progettotouring.it\/radiotouring104\/wp-content\/uploads\/sites\/6\/2023\/05\/caro-professore-falcomata.jpeg","width":2048,"height":1536},{"@type":"BreadcrumbList","@id":"https:\/\/progettotouring.it\/radiotouring104\/2023\/05\/16\/villa-san-giovanni-e-melito-porto-salvo-accolgono-caro-professore\/#breadcrumb","itemListElement":[{"@type":"ListItem","position":1,"name":"Home","item":"https:\/\/progettotouring.it\/radiotouring104\/"},{"@type":"ListItem","position":2,"name":"Villa San Giovanni e Melito Porto Salvo accolgono &#8220;Caro Professore&#8221;"}]},{"@type":"WebSite","@id":"https:\/\/progettotouring.it\/radiotouring104\/#website","url":"https:\/\/progettotouring.it\/radiotouring104\/","name":"Radio Touring 104","description":"La prima radio Reggina","publisher":{"@id":"https:\/\/progettotouring.it\/radiotouring104\/#organization"},"potentialAction":[{"@type":"SearchAction","target":{"@type":"EntryPoint","urlTemplate":"https:\/\/progettotouring.it\/radiotouring104\/?s={search_term_string}"},"query-input":{"@type":"PropertyValueSpecification","valueRequired":true,"valueName":"search_term_string"}}],"inLanguage":"it-IT"},{"@type":"Organization","@id":"https:\/\/progettotouring.it\/radiotouring104\/#organization","name":"Radio Touring 104","url":"https:\/\/progettotouring.it\/radiotouring104\/","logo":{"@type":"ImageObject","inLanguage":"it-IT","@id":"https:\/\/progettotouring.it\/radiotouring104\/#\/schema\/logo\/image\/","url":"https:\/\/progettotouring.it\/radiotouring104\/wp-content\/uploads\/sites\/6\/2022\/02\/cropped-logo-radio-touring-104.png","contentUrl":"https:\/\/progettotouring.it\/radiotouring104\/wp-content\/uploads\/sites\/6\/2022\/02\/cropped-logo-radio-touring-104.png","width":377,"height":182,"caption":"Radio Touring 104"},"image":{"@id":"https:\/\/progettotouring.it\/radiotouring104\/#\/schema\/logo\/image\/"}},{"@type":"Person","@id":"https:\/\/progettotouring.it\/radiotouring104\/#\/schema\/person\/4a82259ca52ac8702ad1a8f9e5a3120b","name":"Filippo Francesco Idone","image":{"@type":"ImageObject","inLanguage":"it-IT","@id":"https:\/\/secure.gravatar.com\/avatar\/7268715d2366395c3dd314385670e6484117d44f5c442e61e230f7008b7b62d3?s=96&d=mm&r=g","url":"https:\/\/secure.gravatar.com\/avatar\/7268715d2366395c3dd314385670e6484117d44f5c442e61e230f7008b7b62d3?s=96&d=mm&r=g","contentUrl":"https:\/\/secure.gravatar.com\/avatar\/7268715d2366395c3dd314385670e6484117d44f5c442e61e230f7008b7b62d3?s=96&d=mm&r=g","caption":"Filippo Francesco Idone"},"url":"https:\/\/progettotouring.it\/radiotouring104\/author\/filippoidone\/"}]}},"jetpack_publicize_connections":[],"jetpack_featured_media_url":"https:\/\/progettotouring.it\/radiotouring104\/wp-content\/uploads\/sites\/6\/2023\/05\/caro-professore-falcomata.jpeg","jetpack_sharing_enabled":true,"_links":{"self":[{"href":"https:\/\/progettotouring.it\/radiotouring104\/wp-json\/wp\/v2\/posts\/25903","targetHints":{"allow":["GET"]}}],"collection":[{"href":"https:\/\/progettotouring.it\/radiotouring104\/wp-json\/wp\/v2\/posts"}],"about":[{"href":"https:\/\/progettotouring.it\/radiotouring104\/wp-json\/wp\/v2\/types\/post"}],"author":[{"embeddable":true,"href":"https:\/\/progettotouring.it\/radiotouring104\/wp-json\/wp\/v2\/users\/8"}],"replies":[{"embeddable":true,"href":"https:\/\/progettotouring.it\/radiotouring104\/wp-json\/wp\/v2\/comments?post=25903"}],"version-history":[{"count":1,"href":"https:\/\/progettotouring.it\/radiotouring104\/wp-json\/wp\/v2\/posts\/25903\/revisions"}],"predecessor-version":[{"id":25905,"href":"https:\/\/progettotouring.it\/radiotouring104\/wp-json\/wp\/v2\/posts\/25903\/revisions\/25905"}],"wp:featuredmedia":[{"embeddable":true,"href":"https:\/\/progettotouring.it\/radiotouring104\/wp-json\/wp\/v2\/media\/25904"}],"wp:attachment":[{"href":"https:\/\/progettotouring.it\/radiotouring104\/wp-json\/wp\/v2\/media?parent=25903"}],"wp:term":[{"taxonomy":"category","embeddable":true,"href":"https:\/\/progettotouring.it\/radiotouring104\/wp-json\/wp\/v2\/categories?post=25903"},{"taxonomy":"post_tag","embeddable":true,"href":"https:\/\/progettotouring.it\/radiotouring104\/wp-json\/wp\/v2\/tags?post=25903"}],"curies":[{"name":"wp","href":"https:\/\/api.w.org\/{rel}","templated":true}]}}