{"id":25906,"date":"2023-05-16T13:39:54","date_gmt":"2023-05-16T11:39:54","guid":{"rendered":"https:\/\/progettotouring.it\/radiotouring104\/?p=25906"},"modified":"2023-05-16T15:56:50","modified_gmt":"2023-05-16T13:56:50","slug":"manca-poco-allevento-insieme-per-lhospice","status":"publish","type":"post","link":"https:\/\/progettotouring.it\/radiotouring104\/2023\/05\/16\/manca-poco-allevento-insieme-per-lhospice\/","title":{"rendered":"Manca poco all&#8217;evento &#8220;Insieme per l&#8217;Hospice&#8221;"},"content":{"rendered":"<p style=\"text-align: justify\">Si svolgeranno Gioved\u00ec 18 e Venerd\u00ec 19 Maggio due eventi importanti che vedranno la partecipazione del noto compositore maestro Mons. Marco Frisina. Organizzati dall\u2019Oratorio Sant\u2019Agata e dal <strong>Chorus<\/strong> <strong>Christi<\/strong> della Parrocchia di Cataforio e San Salvatore promossi dall\u2019Ufficio Sport, turismo e tempo libero e dall\u2019Ufficio per la Pastorale della Salute dell\u2019Arcidiocesi di <strong>Reggio Calabria<\/strong>&#8211;<strong>Bova<\/strong>. Nel pomeriggio di gioved\u00ec alle ore 17.00 Mons. <strong>Frisina<\/strong> visiter\u00e0 gli ammalati all\u2019Hospice in Via delle Stelle. La sera alle ore 19.00 presso la Chiesa degli Artisti San Giorgio al Corso di Reggio Calabria incontrer\u00e0 tutte le corali parrocchiali e gli appassionati sviluppando il tema \u201cIl canto sacro veicolo per una nuova evangelizzazione, espressione autentica per una liturgia di lode\u201d.<\/p>\n<p style=\"text-align: justify\">Venerd\u00ec sar\u00e0 la volta dell\u2019ultimo evento del progetto \u201ctutti insieme per l\u2019hospice\u201d con il concerto di beneficenza \u201cChristus Vincit\u201d diretto da Mons.Frisina presso il Teatro F. Cilea di Reggio Calabria alle ore 21.00 che da diverse settimane ha registrato il Sold out. Don <strong>Marco Frisina<\/strong>, monsignore, biblista, docente e compositore, autore di numerosi canti liturgici, conosciuti ed apprezzati anche all\u2019estero, nonch\u00e9 compositore di musiche per spettacoli teatrali e produzioni cinematografiche. \u00c8 fondatore e direttore del coro della Diocesi di Roma e maestro di Cappella della Basilica di San Giovanni in Laterano. \u00c8 presidente della Commissione Diocesana per l\u2019Arte Sacra e i Beni Culturali e Rettore della Basilica di Santa Cecilia in Trastevere. Tra le sue opere pi\u00f9 conosciute le colonne sonore per i film della Bibbia televisiva e altri di carattere storico e religioso.<\/p>\n<p><img fetchpriority=\"high\" decoding=\"async\" class=\"alignnone size-medium wp-image-25908\" src=\"https:\/\/progettotouring.it\/radiotouring104\/wp-content\/uploads\/sites\/6\/2023\/05\/Frisina-300x200.jpeg\" alt=\"\" width=\"300\" height=\"200\" srcset=\"https:\/\/progettotouring.it\/radiotouring104\/wp-content\/uploads\/sites\/6\/2023\/05\/Frisina-300x200.jpeg 300w, https:\/\/progettotouring.it\/radiotouring104\/wp-content\/uploads\/sites\/6\/2023\/05\/Frisina-1024x683.jpeg 1024w, https:\/\/progettotouring.it\/radiotouring104\/wp-content\/uploads\/sites\/6\/2023\/05\/Frisina-768x512.jpeg 768w, https:\/\/progettotouring.it\/radiotouring104\/wp-content\/uploads\/sites\/6\/2023\/05\/Frisina-1536x1024.jpeg 1536w, https:\/\/progettotouring.it\/radiotouring104\/wp-content\/uploads\/sites\/6\/2023\/05\/Frisina-1170x780.jpeg 1170w, https:\/\/progettotouring.it\/radiotouring104\/wp-content\/uploads\/sites\/6\/2023\/05\/Frisina-585x390.jpeg 585w, https:\/\/progettotouring.it\/radiotouring104\/wp-content\/uploads\/sites\/6\/2023\/05\/Frisina-263x175.jpeg 263w, https:\/\/progettotouring.it\/radiotouring104\/wp-content\/uploads\/sites\/6\/2023\/05\/Frisina.jpeg 1920w\" sizes=\"(max-width: 300px) 100vw, 300px\" \/><\/p>\n<p style=\"text-align: justify\"><em>\u201cUn progetto di beneficenza che nasce in parrocchia dalla preghiera e dal canto ad opera del Chorus Christi e dalla sinergia e comunione di diverse realt\u00e0<\/em> &#8211; afferma <strong>Don Giovanni Gattuso<\/strong> parroco della Parrocchia di Cataforio e San Salvatore e presidente dell\u2019Oratorio Sant\u2019Agata &#8211;<em> che non vuole essere solo ed esclusivamente una raccolta di fondi per l\u2019Hospice che specialmente in passato si \u00e8 trovato a rischio di chiusura, ma un progetto di sensibilizzazione sulle cure ed attenzioni che tutti dobbiamo avere nei confronti delle persone fragili ed ammalate. Ci impegniamo a promuovere attraverso queste iniziative la cultura del dono, della gratuit\u00e0 e della solidariet\u00e0 indispensabili, come dice Papa Francesco, per superare la cultura del profitto, dello scarto e dell\u2019indifferenza. La Chiesa, cui \u00e8 affidato il compito di prolungare nello spazio e nel tempo la missione di Cristo, evangelizza e cura i malati nel corpo e nello spirito &#8211; continua don Gattuso -. Si tratta di due opere essenziali che non pu\u00f2 disattendere. Dio, infatti, vuole guarire tutto l\u2019uomo e nel Vangelo di Marco la guarigione del corpo \u00e8 segno del risanamento pi\u00f9 profondo che \u00e8 la remissione dei peccati. L\u2019incontro con la malattia ci chiama a mettere in moto il cuore, a condividere questa parte della vita con chi soffre prendendoci cura dei fratelli pi\u00f9 fragili\u201d.<\/em><\/p>\n<p style=\"text-align: justify\">Posso testimoniare che, chi mette a disposizione degli altri il proprio tempo, le proprie capacit\u00e0, i propri talenti, non soltanto aiuta il prossimo, ma si arricchisce interiormente, afferma Antonino Ripepi Direttore del Chorus Christi, lo facciamo per gli altri, lo facciamo per noi, lo facciamo per Cristo<em>. &#8220;Ogni volta che avete fatto queste cose ad uno solo di questi miei fratelli pi\u00f9 piccoli, l&#8217;avete fatto a me<\/em>&#8221; (Mt 25.45). Amare il prossimo significa amare Cristo, elevando cos\u00ec la nostra vita alla gloria di Dio Padre.<\/p>\n<p style=\"text-align: justify\">Grazie alla sensibilit\u00e0 manifestata dai nostri concittadini, \u00e8 stato possibile centrare in pieno l&#8217;obiettivo del progetto di beneficenza: la raccolta di una somma cospicua, quale risultato di una fortissima presenza di pubblico in teatro. Tutto ci\u00f2 ha fatto in modo che si registrasse il tutto esaurito gi\u00e0 a ben 20 giorni dal debutto. A tutt&#8217;oggi siamo ancora sommersi da richieste di biglietti di ingresso che, nostro malgrado, non possiamo accontentare. Ringrazio di vero cuore tutti coloro che hanno contribuito a questo successo.<\/p>\n","protected":false},"excerpt":{"rendered":"<p>Si svolgeranno Gioved\u00ec 18 e Venerd\u00ec 19 Maggio due eventi importanti che vedranno la partecipazione del noto compositore maestro Mons. Marco Frisina. Organizzati dall\u2019Oratorio Sant\u2019Agata e dal Chorus Christi della&hellip;<\/p>\n","protected":false},"author":8,"featured_media":6976,"comment_status":"closed","ping_status":"open","sticky":false,"template":"","format":"standard","meta":{"_jetpack_memberships_contains_paid_content":false,"footnotes":"","jetpack_publicize_message":"","jetpack_publicize_feature_enabled":true,"jetpack_social_post_already_shared":false,"jetpack_social_options":{"image_generator_settings":{"template":"highway","default_image_id":0,"font":"","enabled":false},"version":2}},"categories":[921,196,140],"tags":[15288,11836,11756,11835],"class_list":["post-25906","post","type-post","status-publish","format-standard","has-post-thumbnail","hentry","category-home","category-news","category-reggio-calabria","tag-chorus-christi","tag-frisina","tag-insieme-per-lhospice","tag-marco-frisina"],"yoast_head":"<!-- This site is optimized with the Yoast SEO plugin v27.2 - https:\/\/yoast.com\/product\/yoast-seo-wordpress\/ -->\n<title>Manca poco all&#039;evento &quot;Insieme per l&#039;Hospice&quot; - Radio Touring 104<\/title>\n<meta name=\"description\" content=\"Il 18 e 19 maggio si svolger\u00e0 l&#039;evento &quot;Insieme per l&#039;Hospice&quot; che vedr\u00e0 la partecipazione del compositore maestro Mons. Marco Frisina\" \/>\n<meta name=\"robots\" content=\"index, follow, max-snippet:-1, max-image-preview:large, max-video-preview:-1\" \/>\n<link rel=\"canonical\" href=\"https:\/\/progettotouring.it\/radiotouring104\/2023\/05\/16\/manca-poco-allevento-insieme-per-lhospice\/\" \/>\n<meta property=\"og:locale\" content=\"it_IT\" \/>\n<meta property=\"og:type\" content=\"article\" \/>\n<meta property=\"og:title\" content=\"Manca poco all&#039;evento &quot;Insieme per l&#039;Hospice&quot; - Radio Touring 104\" \/>\n<meta property=\"og:description\" content=\"Il 18 e 19 maggio si svolger\u00e0 l&#039;evento &quot;Insieme per l&#039;Hospice&quot; che vedr\u00e0 la partecipazione del compositore maestro Mons. Marco Frisina\" \/>\n<meta property=\"og:url\" content=\"https:\/\/progettotouring.it\/radiotouring104\/2023\/05\/16\/manca-poco-allevento-insieme-per-lhospice\/\" \/>\n<meta property=\"og:site_name\" content=\"Radio Touring 104\" \/>\n<meta property=\"article:published_time\" content=\"2023-05-16T11:39:54+00:00\" \/>\n<meta property=\"article:modified_time\" content=\"2023-05-16T13:56:50+00:00\" \/>\n<meta property=\"og:image\" content=\"https:\/\/progettotouring.it\/radiotouring104\/wp-content\/uploads\/sites\/6\/2022\/06\/hospice.jpg\" \/>\n\t<meta property=\"og:image:width\" content=\"655\" \/>\n\t<meta property=\"og:image:height\" content=\"402\" \/>\n\t<meta property=\"og:image:type\" content=\"image\/jpeg\" \/>\n<meta name=\"author\" content=\"Filippo Francesco Idone\" \/>\n<meta name=\"twitter:card\" content=\"summary_large_image\" \/>\n<meta name=\"twitter:label1\" content=\"Scritto da\" \/>\n\t<meta name=\"twitter:data1\" content=\"Filippo Francesco Idone\" \/>\n\t<meta name=\"twitter:label2\" content=\"Tempo di lettura stimato\" \/>\n\t<meta name=\"twitter:data2\" content=\"3 minuti\" \/>\n<script type=\"application\/ld+json\" class=\"yoast-schema-graph\">{\"@context\":\"https:\/\/schema.org\",\"@graph\":[{\"@type\":\"Article\",\"@id\":\"https:\/\/progettotouring.it\/radiotouring104\/2023\/05\/16\/manca-poco-allevento-insieme-per-lhospice\/#article\",\"isPartOf\":{\"@id\":\"https:\/\/progettotouring.it\/radiotouring104\/2023\/05\/16\/manca-poco-allevento-insieme-per-lhospice\/\"},\"author\":{\"name\":\"Filippo Francesco Idone\",\"@id\":\"https:\/\/progettotouring.it\/radiotouring104\/#\/schema\/person\/4a82259ca52ac8702ad1a8f9e5a3120b\"},\"headline\":\"Manca poco all&#8217;evento &#8220;Insieme per l&#8217;Hospice&#8221;\",\"datePublished\":\"2023-05-16T11:39:54+00:00\",\"dateModified\":\"2023-05-16T13:56:50+00:00\",\"mainEntityOfPage\":{\"@id\":\"https:\/\/progettotouring.it\/radiotouring104\/2023\/05\/16\/manca-poco-allevento-insieme-per-lhospice\/\"},\"wordCount\":640,\"publisher\":{\"@id\":\"https:\/\/progettotouring.it\/radiotouring104\/#organization\"},\"image\":{\"@id\":\"https:\/\/progettotouring.it\/radiotouring104\/2023\/05\/16\/manca-poco-allevento-insieme-per-lhospice\/#primaryimage\"},\"thumbnailUrl\":\"https:\/\/progettotouring.it\/radiotouring104\/wp-content\/uploads\/sites\/6\/2022\/06\/hospice.jpg\",\"keywords\":[\"Chorus Christi\",\"frisina\",\"Insieme per l\u2019Hospice\",\"marco frisina\"],\"articleSection\":[\"Home\",\"News\",\"Reggio Calabria\"],\"inLanguage\":\"it-IT\"},{\"@type\":\"WebPage\",\"@id\":\"https:\/\/progettotouring.it\/radiotouring104\/2023\/05\/16\/manca-poco-allevento-insieme-per-lhospice\/\",\"url\":\"https:\/\/progettotouring.it\/radiotouring104\/2023\/05\/16\/manca-poco-allevento-insieme-per-lhospice\/\",\"name\":\"Manca poco all'evento \\\"Insieme per l'Hospice\\\" - Radio Touring 104\",\"isPartOf\":{\"@id\":\"https:\/\/progettotouring.it\/radiotouring104\/#website\"},\"primaryImageOfPage\":{\"@id\":\"https:\/\/progettotouring.it\/radiotouring104\/2023\/05\/16\/manca-poco-allevento-insieme-per-lhospice\/#primaryimage\"},\"image\":{\"@id\":\"https:\/\/progettotouring.it\/radiotouring104\/2023\/05\/16\/manca-poco-allevento-insieme-per-lhospice\/#primaryimage\"},\"thumbnailUrl\":\"https:\/\/progettotouring.it\/radiotouring104\/wp-content\/uploads\/sites\/6\/2022\/06\/hospice.jpg\",\"datePublished\":\"2023-05-16T11:39:54+00:00\",\"dateModified\":\"2023-05-16T13:56:50+00:00\",\"description\":\"Il 18 e 19 maggio si svolger\u00e0 l'evento \\\"Insieme per l'Hospice\\\" che vedr\u00e0 la partecipazione del compositore maestro Mons. Marco Frisina\",\"breadcrumb\":{\"@id\":\"https:\/\/progettotouring.it\/radiotouring104\/2023\/05\/16\/manca-poco-allevento-insieme-per-lhospice\/#breadcrumb\"},\"inLanguage\":\"it-IT\",\"potentialAction\":[{\"@type\":\"ReadAction\",\"target\":[\"https:\/\/progettotouring.it\/radiotouring104\/2023\/05\/16\/manca-poco-allevento-insieme-per-lhospice\/\"]}]},{\"@type\":\"ImageObject\",\"inLanguage\":\"it-IT\",\"@id\":\"https:\/\/progettotouring.it\/radiotouring104\/2023\/05\/16\/manca-poco-allevento-insieme-per-lhospice\/#primaryimage\",\"url\":\"https:\/\/progettotouring.it\/radiotouring104\/wp-content\/uploads\/sites\/6\/2022\/06\/hospice.jpg\",\"contentUrl\":\"https:\/\/progettotouring.it\/radiotouring104\/wp-content\/uploads\/sites\/6\/2022\/06\/hospice.jpg\",\"width\":655,\"height\":402},{\"@type\":\"BreadcrumbList\",\"@id\":\"https:\/\/progettotouring.it\/radiotouring104\/2023\/05\/16\/manca-poco-allevento-insieme-per-lhospice\/#breadcrumb\",\"itemListElement\":[{\"@type\":\"ListItem\",\"position\":1,\"name\":\"Home\",\"item\":\"https:\/\/progettotouring.it\/radiotouring104\/\"},{\"@type\":\"ListItem\",\"position\":2,\"name\":\"Manca poco all&#8217;evento &#8220;Insieme per l&#8217;Hospice&#8221;\"}]},{\"@type\":\"WebSite\",\"@id\":\"https:\/\/progettotouring.it\/radiotouring104\/#website\",\"url\":\"https:\/\/progettotouring.it\/radiotouring104\/\",\"name\":\"Radio Touring 104\",\"description\":\"La prima radio Reggina\",\"publisher\":{\"@id\":\"https:\/\/progettotouring.it\/radiotouring104\/#organization\"},\"potentialAction\":[{\"@type\":\"SearchAction\",\"target\":{\"@type\":\"EntryPoint\",\"urlTemplate\":\"https:\/\/progettotouring.it\/radiotouring104\/?s={search_term_string}\"},\"query-input\":{\"@type\":\"PropertyValueSpecification\",\"valueRequired\":true,\"valueName\":\"search_term_string\"}}],\"inLanguage\":\"it-IT\"},{\"@type\":\"Organization\",\"@id\":\"https:\/\/progettotouring.it\/radiotouring104\/#organization\",\"name\":\"Radio Touring 104\",\"url\":\"https:\/\/progettotouring.it\/radiotouring104\/\",\"logo\":{\"@type\":\"ImageObject\",\"inLanguage\":\"it-IT\",\"@id\":\"https:\/\/progettotouring.it\/radiotouring104\/#\/schema\/logo\/image\/\",\"url\":\"https:\/\/progettotouring.it\/radiotouring104\/wp-content\/uploads\/sites\/6\/2022\/02\/cropped-logo-radio-touring-104.png\",\"contentUrl\":\"https:\/\/progettotouring.it\/radiotouring104\/wp-content\/uploads\/sites\/6\/2022\/02\/cropped-logo-radio-touring-104.png\",\"width\":377,\"height\":182,\"caption\":\"Radio Touring 104\"},\"image\":{\"@id\":\"https:\/\/progettotouring.it\/radiotouring104\/#\/schema\/logo\/image\/\"}},{\"@type\":\"Person\",\"@id\":\"https:\/\/progettotouring.it\/radiotouring104\/#\/schema\/person\/4a82259ca52ac8702ad1a8f9e5a3120b\",\"name\":\"Filippo Francesco Idone\",\"image\":{\"@type\":\"ImageObject\",\"inLanguage\":\"it-IT\",\"@id\":\"https:\/\/secure.gravatar.com\/avatar\/7268715d2366395c3dd314385670e6484117d44f5c442e61e230f7008b7b62d3?s=96&d=mm&r=g\",\"url\":\"https:\/\/secure.gravatar.com\/avatar\/7268715d2366395c3dd314385670e6484117d44f5c442e61e230f7008b7b62d3?s=96&d=mm&r=g\",\"contentUrl\":\"https:\/\/secure.gravatar.com\/avatar\/7268715d2366395c3dd314385670e6484117d44f5c442e61e230f7008b7b62d3?s=96&d=mm&r=g\",\"caption\":\"Filippo Francesco Idone\"},\"url\":\"https:\/\/progettotouring.it\/radiotouring104\/author\/filippoidone\/\"}]}<\/script>\n<!-- \/ Yoast SEO plugin. -->","yoast_head_json":{"title":"Manca poco all'evento \"Insieme per l'Hospice\" - Radio Touring 104","description":"Il 18 e 19 maggio si svolger\u00e0 l'evento \"Insieme per l'Hospice\" che vedr\u00e0 la partecipazione del compositore maestro Mons. Marco Frisina","robots":{"index":"index","follow":"follow","max-snippet":"max-snippet:-1","max-image-preview":"max-image-preview:large","max-video-preview":"max-video-preview:-1"},"canonical":"https:\/\/progettotouring.it\/radiotouring104\/2023\/05\/16\/manca-poco-allevento-insieme-per-lhospice\/","og_locale":"it_IT","og_type":"article","og_title":"Manca poco all'evento \"Insieme per l'Hospice\" - Radio Touring 104","og_description":"Il 18 e 19 maggio si svolger\u00e0 l'evento \"Insieme per l'Hospice\" che vedr\u00e0 la partecipazione del compositore maestro Mons. Marco Frisina","og_url":"https:\/\/progettotouring.it\/radiotouring104\/2023\/05\/16\/manca-poco-allevento-insieme-per-lhospice\/","og_site_name":"Radio Touring 104","article_published_time":"2023-05-16T11:39:54+00:00","article_modified_time":"2023-05-16T13:56:50+00:00","og_image":[{"width":655,"height":402,"url":"https:\/\/progettotouring.it\/radiotouring104\/wp-content\/uploads\/sites\/6\/2022\/06\/hospice.jpg","type":"image\/jpeg"}],"author":"Filippo Francesco Idone","twitter_card":"summary_large_image","twitter_misc":{"Scritto da":"Filippo Francesco Idone","Tempo di lettura stimato":"3 minuti"},"schema":{"@context":"https:\/\/schema.org","@graph":[{"@type":"Article","@id":"https:\/\/progettotouring.it\/radiotouring104\/2023\/05\/16\/manca-poco-allevento-insieme-per-lhospice\/#article","isPartOf":{"@id":"https:\/\/progettotouring.it\/radiotouring104\/2023\/05\/16\/manca-poco-allevento-insieme-per-lhospice\/"},"author":{"name":"Filippo Francesco Idone","@id":"https:\/\/progettotouring.it\/radiotouring104\/#\/schema\/person\/4a82259ca52ac8702ad1a8f9e5a3120b"},"headline":"Manca poco all&#8217;evento &#8220;Insieme per l&#8217;Hospice&#8221;","datePublished":"2023-05-16T11:39:54+00:00","dateModified":"2023-05-16T13:56:50+00:00","mainEntityOfPage":{"@id":"https:\/\/progettotouring.it\/radiotouring104\/2023\/05\/16\/manca-poco-allevento-insieme-per-lhospice\/"},"wordCount":640,"publisher":{"@id":"https:\/\/progettotouring.it\/radiotouring104\/#organization"},"image":{"@id":"https:\/\/progettotouring.it\/radiotouring104\/2023\/05\/16\/manca-poco-allevento-insieme-per-lhospice\/#primaryimage"},"thumbnailUrl":"https:\/\/progettotouring.it\/radiotouring104\/wp-content\/uploads\/sites\/6\/2022\/06\/hospice.jpg","keywords":["Chorus Christi","frisina","Insieme per l\u2019Hospice","marco frisina"],"articleSection":["Home","News","Reggio Calabria"],"inLanguage":"it-IT"},{"@type":"WebPage","@id":"https:\/\/progettotouring.it\/radiotouring104\/2023\/05\/16\/manca-poco-allevento-insieme-per-lhospice\/","url":"https:\/\/progettotouring.it\/radiotouring104\/2023\/05\/16\/manca-poco-allevento-insieme-per-lhospice\/","name":"Manca poco all'evento \"Insieme per l'Hospice\" - Radio Touring 104","isPartOf":{"@id":"https:\/\/progettotouring.it\/radiotouring104\/#website"},"primaryImageOfPage":{"@id":"https:\/\/progettotouring.it\/radiotouring104\/2023\/05\/16\/manca-poco-allevento-insieme-per-lhospice\/#primaryimage"},"image":{"@id":"https:\/\/progettotouring.it\/radiotouring104\/2023\/05\/16\/manca-poco-allevento-insieme-per-lhospice\/#primaryimage"},"thumbnailUrl":"https:\/\/progettotouring.it\/radiotouring104\/wp-content\/uploads\/sites\/6\/2022\/06\/hospice.jpg","datePublished":"2023-05-16T11:39:54+00:00","dateModified":"2023-05-16T13:56:50+00:00","description":"Il 18 e 19 maggio si svolger\u00e0 l'evento \"Insieme per l'Hospice\" che vedr\u00e0 la partecipazione del compositore maestro Mons. Marco Frisina","breadcrumb":{"@id":"https:\/\/progettotouring.it\/radiotouring104\/2023\/05\/16\/manca-poco-allevento-insieme-per-lhospice\/#breadcrumb"},"inLanguage":"it-IT","potentialAction":[{"@type":"ReadAction","target":["https:\/\/progettotouring.it\/radiotouring104\/2023\/05\/16\/manca-poco-allevento-insieme-per-lhospice\/"]}]},{"@type":"ImageObject","inLanguage":"it-IT","@id":"https:\/\/progettotouring.it\/radiotouring104\/2023\/05\/16\/manca-poco-allevento-insieme-per-lhospice\/#primaryimage","url":"https:\/\/progettotouring.it\/radiotouring104\/wp-content\/uploads\/sites\/6\/2022\/06\/hospice.jpg","contentUrl":"https:\/\/progettotouring.it\/radiotouring104\/wp-content\/uploads\/sites\/6\/2022\/06\/hospice.jpg","width":655,"height":402},{"@type":"BreadcrumbList","@id":"https:\/\/progettotouring.it\/radiotouring104\/2023\/05\/16\/manca-poco-allevento-insieme-per-lhospice\/#breadcrumb","itemListElement":[{"@type":"ListItem","position":1,"name":"Home","item":"https:\/\/progettotouring.it\/radiotouring104\/"},{"@type":"ListItem","position":2,"name":"Manca poco all&#8217;evento &#8220;Insieme per l&#8217;Hospice&#8221;"}]},{"@type":"WebSite","@id":"https:\/\/progettotouring.it\/radiotouring104\/#website","url":"https:\/\/progettotouring.it\/radiotouring104\/","name":"Radio Touring 104","description":"La prima radio Reggina","publisher":{"@id":"https:\/\/progettotouring.it\/radiotouring104\/#organization"},"potentialAction":[{"@type":"SearchAction","target":{"@type":"EntryPoint","urlTemplate":"https:\/\/progettotouring.it\/radiotouring104\/?s={search_term_string}"},"query-input":{"@type":"PropertyValueSpecification","valueRequired":true,"valueName":"search_term_string"}}],"inLanguage":"it-IT"},{"@type":"Organization","@id":"https:\/\/progettotouring.it\/radiotouring104\/#organization","name":"Radio Touring 104","url":"https:\/\/progettotouring.it\/radiotouring104\/","logo":{"@type":"ImageObject","inLanguage":"it-IT","@id":"https:\/\/progettotouring.it\/radiotouring104\/#\/schema\/logo\/image\/","url":"https:\/\/progettotouring.it\/radiotouring104\/wp-content\/uploads\/sites\/6\/2022\/02\/cropped-logo-radio-touring-104.png","contentUrl":"https:\/\/progettotouring.it\/radiotouring104\/wp-content\/uploads\/sites\/6\/2022\/02\/cropped-logo-radio-touring-104.png","width":377,"height":182,"caption":"Radio Touring 104"},"image":{"@id":"https:\/\/progettotouring.it\/radiotouring104\/#\/schema\/logo\/image\/"}},{"@type":"Person","@id":"https:\/\/progettotouring.it\/radiotouring104\/#\/schema\/person\/4a82259ca52ac8702ad1a8f9e5a3120b","name":"Filippo Francesco Idone","image":{"@type":"ImageObject","inLanguage":"it-IT","@id":"https:\/\/secure.gravatar.com\/avatar\/7268715d2366395c3dd314385670e6484117d44f5c442e61e230f7008b7b62d3?s=96&d=mm&r=g","url":"https:\/\/secure.gravatar.com\/avatar\/7268715d2366395c3dd314385670e6484117d44f5c442e61e230f7008b7b62d3?s=96&d=mm&r=g","contentUrl":"https:\/\/secure.gravatar.com\/avatar\/7268715d2366395c3dd314385670e6484117d44f5c442e61e230f7008b7b62d3?s=96&d=mm&r=g","caption":"Filippo Francesco Idone"},"url":"https:\/\/progettotouring.it\/radiotouring104\/author\/filippoidone\/"}]}},"jetpack_publicize_connections":[],"jetpack_featured_media_url":"https:\/\/progettotouring.it\/radiotouring104\/wp-content\/uploads\/sites\/6\/2022\/06\/hospice.jpg","jetpack_sharing_enabled":true,"_links":{"self":[{"href":"https:\/\/progettotouring.it\/radiotouring104\/wp-json\/wp\/v2\/posts\/25906","targetHints":{"allow":["GET"]}}],"collection":[{"href":"https:\/\/progettotouring.it\/radiotouring104\/wp-json\/wp\/v2\/posts"}],"about":[{"href":"https:\/\/progettotouring.it\/radiotouring104\/wp-json\/wp\/v2\/types\/post"}],"author":[{"embeddable":true,"href":"https:\/\/progettotouring.it\/radiotouring104\/wp-json\/wp\/v2\/users\/8"}],"replies":[{"embeddable":true,"href":"https:\/\/progettotouring.it\/radiotouring104\/wp-json\/wp\/v2\/comments?post=25906"}],"version-history":[{"count":2,"href":"https:\/\/progettotouring.it\/radiotouring104\/wp-json\/wp\/v2\/posts\/25906\/revisions"}],"predecessor-version":[{"id":25909,"href":"https:\/\/progettotouring.it\/radiotouring104\/wp-json\/wp\/v2\/posts\/25906\/revisions\/25909"}],"wp:featuredmedia":[{"embeddable":true,"href":"https:\/\/progettotouring.it\/radiotouring104\/wp-json\/wp\/v2\/media\/6976"}],"wp:attachment":[{"href":"https:\/\/progettotouring.it\/radiotouring104\/wp-json\/wp\/v2\/media?parent=25906"}],"wp:term":[{"taxonomy":"category","embeddable":true,"href":"https:\/\/progettotouring.it\/radiotouring104\/wp-json\/wp\/v2\/categories?post=25906"},{"taxonomy":"post_tag","embeddable":true,"href":"https:\/\/progettotouring.it\/radiotouring104\/wp-json\/wp\/v2\/tags?post=25906"}],"curies":[{"name":"wp","href":"https:\/\/api.w.org\/{rel}","templated":true}]}}