{"id":25910,"date":"2023-05-16T15:27:54","date_gmt":"2023-05-16T13:27:54","guid":{"rendered":"https:\/\/progettotouring.it\/radiotouring104\/?p=25910"},"modified":"2023-05-16T16:05:27","modified_gmt":"2023-05-16T14:05:27","slug":"il-consiglio-metropolitano-sostiene-i-pazienti-affetti-da-sindrome-fibromialgia","status":"publish","type":"post","link":"https:\/\/progettotouring.it\/radiotouring104\/2023\/05\/16\/il-consiglio-metropolitano-sostiene-i-pazienti-affetti-da-sindrome-fibromialgia\/","title":{"rendered":"Il Consiglio Metropolitano sostiene i pazienti affetti da Sindrome Fibromialgia"},"content":{"rendered":"<p style=\"text-align: justify\">A pochi giorni dalla Giornata mondiale della Fibromialgia, il<strong> Consiglio Metropolitano<\/strong> ha approvato, all\u2019unanimit\u00e0, una mozione che impegna il sindaco facente funzioni, <strong>Carmelo Versace<\/strong>, a farsi portavoce presso il Parlamento, il Ministero della Salute, la Regione Calabria e l\u2019Asp per il riconoscimento invalidante della sindrome muscoloscheletrica. Primo firmatario \u00e8 il consigliere delegato Giuseppe Giordano che, insieme ai colleghi Giovanni Latella, Rudi Lizzi, Domenico Mantegna, Giuseppe Ranuccio, lo stesso facente funzioni Carmelo Versace, Giuseppe Sera e Rocco Campolo ha sottoposto il testo all\u2019attenzione dell\u2019aula \u201cLeonida Repaci\u201d. Seguendo quanto gi\u00e0 approvato dal Consiglio comunale di Reggio Calabria, il consigliere Giordano ha invitato &#8220;<em>le amministrazioni di tutti i Comuni metropolitani ad attenzionare un problema che colpisce il 4% della popolazione, per un totale di 2 milioni di cittadini in prevalenza donne&#8221;.<\/em><\/p>\n<p><em>&#8220;E\u2019 una sindrome particolarmente limitante, dolorosa ed anche invalidante&#8221;,<\/em> ha spiegato Giordano ricordando come <em>&#8220;non sia riconosciuta dai Lea e per la quale serve un percorso diagnostico non definito e molto lungo, che arriva a sfiorare i sette anni&#8221; &#8220;La <strong>Regione Calabria<\/strong><\/em> \u2013 ha detto \u2013<em> \u00e8 intervenuta con alcune mozioni, ma pu\u00f2 fare di pi\u00f9. <strong>Otto Regioni<\/strong>, infatti, hanno attivato percorsi per il riconoscimento, con misure diverse ed il nostro obiettivo \u00e8 quello di consolidare una voce che sblocchi, in Parlamento, un progetto di legge rimasto sospeso&#8221;. <\/em><em>&#8220;E\u2019 importante<\/em> \u2013 ha continuato \u2013 <em>che <strong>l\u2019Asp<\/strong> costituisca un registro relativo alla malattia affinch\u00e9 si possa creare un elemento di conoscenza capace di facilitare il compito dei medici di medicina generale e percorsi diagnostici appropriati e multidisciplinari. La <strong>Regione Toscana,<\/strong> per esempio, ha dato vita ad un protocollo diagnostico terapeutico adeguato alla patologia. Dunque, in assenza di un riconoscimento da parte dello Stato e di una norma di riferimento, concorrono varie possibilit\u00e0 per dare risposte a chi soffre di questa sindrome&#8221;.<\/em><\/p>\n<p><em>&#8220;La mozione approvata dal <strong>Consiglio Metropolitano<\/strong><\/em> \u2013 ha concluso il consigliere Giuseppe Giordano \u2013 <em>richiama, ovviamente, il diritto costituzionale alla Salute e, in ossequio alla <strong>legge 38<\/strong> del 2010, la somministrazione di cure palliative. Il tutto \u00e8 finalizzato ad amplificare il messaggio istituzionale, a coinvolgere i 96 sindaci sulla stessa strada intrapresa dal Comune di <strong>Reggio<\/strong> <strong>Calabria<\/strong> e dalla Citt\u00e0 Metropolitana ed a chiedere, <strong>all\u2019Asp<\/strong>, anche l\u2019istituzione di un registro quanto mai necessario. Dall\u2019aula di Palazzo Alvaro, intanto, si \u00e8 levata una voce che, in qualche misura, vuole contribuire a trovare una soluzione per molte persone affette da questa brutta malattia&#8221;.<\/em><\/p>\n","protected":false},"excerpt":{"rendered":"<p>A pochi giorni dalla Giornata mondiale della Fibromialgia, il Consiglio Metropolitano ha approvato, all\u2019unanimit\u00e0, una mozione che impegna il sindaco facente funzioni, Carmelo Versace, a farsi portavoce presso il Parlamento,&hellip;<\/p>\n","protected":false},"author":8,"featured_media":22916,"comment_status":"closed","ping_status":"open","sticky":false,"template":"","format":"standard","meta":{"_jetpack_memberships_contains_paid_content":false,"footnotes":"","jetpack_publicize_message":"","jetpack_publicize_feature_enabled":true,"jetpack_social_post_already_shared":false,"jetpack_social_options":{"image_generator_settings":{"template":"highway","default_image_id":0,"font":"","enabled":false},"version":2}},"categories":[921,196,140],"tags":[239,1899],"class_list":["post-25910","post","type-post","status-publish","format-standard","has-post-thumbnail","hentry","category-home","category-news","category-reggio-calabria","tag-carmelo-versace","tag-consiglio-metropolitano"],"yoast_head":"<!-- This site is optimized with the Yoast SEO plugin v27.2 - https:\/\/yoast.com\/product\/yoast-seo-wordpress\/ -->\n<title>Il Consiglio Metropolitano sostiene i pazienti affetti da Sindrome Fibromialgia - Radio Touring 104<\/title>\n<meta name=\"description\" content=\"Il Consiglio Metropolitano di Reggio Calabria chiede alle istituzioni di fornire sostegno ai pazienti affetti da Sindrome Fibromialgia\" \/>\n<meta name=\"robots\" content=\"index, follow, max-snippet:-1, max-image-preview:large, max-video-preview:-1\" \/>\n<link rel=\"canonical\" href=\"https:\/\/progettotouring.it\/radiotouring104\/2023\/05\/16\/il-consiglio-metropolitano-sostiene-i-pazienti-affetti-da-sindrome-fibromialgia\/\" \/>\n<meta property=\"og:locale\" content=\"it_IT\" \/>\n<meta property=\"og:type\" content=\"article\" \/>\n<meta property=\"og:title\" content=\"Il Consiglio Metropolitano sostiene i pazienti affetti da Sindrome Fibromialgia - Radio Touring 104\" \/>\n<meta property=\"og:description\" content=\"Il Consiglio Metropolitano di Reggio Calabria chiede alle istituzioni di fornire sostegno ai pazienti affetti da Sindrome Fibromialgia\" \/>\n<meta property=\"og:url\" content=\"https:\/\/progettotouring.it\/radiotouring104\/2023\/05\/16\/il-consiglio-metropolitano-sostiene-i-pazienti-affetti-da-sindrome-fibromialgia\/\" \/>\n<meta property=\"og:site_name\" content=\"Radio Touring 104\" \/>\n<meta property=\"article:published_time\" content=\"2023-05-16T13:27:54+00:00\" \/>\n<meta property=\"article:modified_time\" content=\"2023-05-16T14:05:27+00:00\" \/>\n<meta property=\"og:image\" content=\"https:\/\/progettotouring.it\/radiotouring104\/wp-content\/uploads\/sites\/6\/2023\/04\/consiglio-regionale-.jpg\" \/>\n\t<meta property=\"og:image:width\" content=\"1286\" \/>\n\t<meta property=\"og:image:height\" content=\"772\" \/>\n\t<meta property=\"og:image:type\" content=\"image\/jpeg\" \/>\n<meta name=\"author\" content=\"Filippo Francesco Idone\" \/>\n<meta name=\"twitter:card\" content=\"summary_large_image\" \/>\n<meta name=\"twitter:label1\" content=\"Scritto da\" \/>\n\t<meta name=\"twitter:data1\" content=\"Filippo Francesco Idone\" \/>\n\t<meta name=\"twitter:label2\" content=\"Tempo di lettura stimato\" \/>\n\t<meta name=\"twitter:data2\" content=\"2 minuti\" \/>\n<script type=\"application\/ld+json\" class=\"yoast-schema-graph\">{\"@context\":\"https:\/\/schema.org\",\"@graph\":[{\"@type\":\"Article\",\"@id\":\"https:\/\/progettotouring.it\/radiotouring104\/2023\/05\/16\/il-consiglio-metropolitano-sostiene-i-pazienti-affetti-da-sindrome-fibromialgia\/#article\",\"isPartOf\":{\"@id\":\"https:\/\/progettotouring.it\/radiotouring104\/2023\/05\/16\/il-consiglio-metropolitano-sostiene-i-pazienti-affetti-da-sindrome-fibromialgia\/\"},\"author\":{\"name\":\"Filippo Francesco Idone\",\"@id\":\"https:\/\/progettotouring.it\/radiotouring104\/#\/schema\/person\/4a82259ca52ac8702ad1a8f9e5a3120b\"},\"headline\":\"Il Consiglio Metropolitano sostiene i pazienti affetti da Sindrome Fibromialgia\",\"datePublished\":\"2023-05-16T13:27:54+00:00\",\"dateModified\":\"2023-05-16T14:05:27+00:00\",\"mainEntityOfPage\":{\"@id\":\"https:\/\/progettotouring.it\/radiotouring104\/2023\/05\/16\/il-consiglio-metropolitano-sostiene-i-pazienti-affetti-da-sindrome-fibromialgia\/\"},\"wordCount\":401,\"publisher\":{\"@id\":\"https:\/\/progettotouring.it\/radiotouring104\/#organization\"},\"image\":{\"@id\":\"https:\/\/progettotouring.it\/radiotouring104\/2023\/05\/16\/il-consiglio-metropolitano-sostiene-i-pazienti-affetti-da-sindrome-fibromialgia\/#primaryimage\"},\"thumbnailUrl\":\"https:\/\/progettotouring.it\/radiotouring104\/wp-content\/uploads\/sites\/6\/2023\/04\/consiglio-regionale-.jpg\",\"keywords\":[\"carmelo versace\",\"Consiglio metropolitano\"],\"articleSection\":[\"Home\",\"News\",\"Reggio Calabria\"],\"inLanguage\":\"it-IT\"},{\"@type\":\"WebPage\",\"@id\":\"https:\/\/progettotouring.it\/radiotouring104\/2023\/05\/16\/il-consiglio-metropolitano-sostiene-i-pazienti-affetti-da-sindrome-fibromialgia\/\",\"url\":\"https:\/\/progettotouring.it\/radiotouring104\/2023\/05\/16\/il-consiglio-metropolitano-sostiene-i-pazienti-affetti-da-sindrome-fibromialgia\/\",\"name\":\"Il Consiglio Metropolitano sostiene i pazienti affetti da Sindrome Fibromialgia - Radio Touring 104\",\"isPartOf\":{\"@id\":\"https:\/\/progettotouring.it\/radiotouring104\/#website\"},\"primaryImageOfPage\":{\"@id\":\"https:\/\/progettotouring.it\/radiotouring104\/2023\/05\/16\/il-consiglio-metropolitano-sostiene-i-pazienti-affetti-da-sindrome-fibromialgia\/#primaryimage\"},\"image\":{\"@id\":\"https:\/\/progettotouring.it\/radiotouring104\/2023\/05\/16\/il-consiglio-metropolitano-sostiene-i-pazienti-affetti-da-sindrome-fibromialgia\/#primaryimage\"},\"thumbnailUrl\":\"https:\/\/progettotouring.it\/radiotouring104\/wp-content\/uploads\/sites\/6\/2023\/04\/consiglio-regionale-.jpg\",\"datePublished\":\"2023-05-16T13:27:54+00:00\",\"dateModified\":\"2023-05-16T14:05:27+00:00\",\"description\":\"Il Consiglio Metropolitano di Reggio Calabria chiede alle istituzioni di fornire sostegno ai pazienti affetti da Sindrome Fibromialgia\",\"breadcrumb\":{\"@id\":\"https:\/\/progettotouring.it\/radiotouring104\/2023\/05\/16\/il-consiglio-metropolitano-sostiene-i-pazienti-affetti-da-sindrome-fibromialgia\/#breadcrumb\"},\"inLanguage\":\"it-IT\",\"potentialAction\":[{\"@type\":\"ReadAction\",\"target\":[\"https:\/\/progettotouring.it\/radiotouring104\/2023\/05\/16\/il-consiglio-metropolitano-sostiene-i-pazienti-affetti-da-sindrome-fibromialgia\/\"]}]},{\"@type\":\"ImageObject\",\"inLanguage\":\"it-IT\",\"@id\":\"https:\/\/progettotouring.it\/radiotouring104\/2023\/05\/16\/il-consiglio-metropolitano-sostiene-i-pazienti-affetti-da-sindrome-fibromialgia\/#primaryimage\",\"url\":\"https:\/\/progettotouring.it\/radiotouring104\/wp-content\/uploads\/sites\/6\/2023\/04\/consiglio-regionale-.jpg\",\"contentUrl\":\"https:\/\/progettotouring.it\/radiotouring104\/wp-content\/uploads\/sites\/6\/2023\/04\/consiglio-regionale-.jpg\",\"width\":1286,\"height\":772},{\"@type\":\"BreadcrumbList\",\"@id\":\"https:\/\/progettotouring.it\/radiotouring104\/2023\/05\/16\/il-consiglio-metropolitano-sostiene-i-pazienti-affetti-da-sindrome-fibromialgia\/#breadcrumb\",\"itemListElement\":[{\"@type\":\"ListItem\",\"position\":1,\"name\":\"Home\",\"item\":\"https:\/\/progettotouring.it\/radiotouring104\/\"},{\"@type\":\"ListItem\",\"position\":2,\"name\":\"Il Consiglio Metropolitano sostiene i pazienti affetti da Sindrome Fibromialgia\"}]},{\"@type\":\"WebSite\",\"@id\":\"https:\/\/progettotouring.it\/radiotouring104\/#website\",\"url\":\"https:\/\/progettotouring.it\/radiotouring104\/\",\"name\":\"Radio Touring 104\",\"description\":\"La prima radio Reggina\",\"publisher\":{\"@id\":\"https:\/\/progettotouring.it\/radiotouring104\/#organization\"},\"potentialAction\":[{\"@type\":\"SearchAction\",\"target\":{\"@type\":\"EntryPoint\",\"urlTemplate\":\"https:\/\/progettotouring.it\/radiotouring104\/?s={search_term_string}\"},\"query-input\":{\"@type\":\"PropertyValueSpecification\",\"valueRequired\":true,\"valueName\":\"search_term_string\"}}],\"inLanguage\":\"it-IT\"},{\"@type\":\"Organization\",\"@id\":\"https:\/\/progettotouring.it\/radiotouring104\/#organization\",\"name\":\"Radio Touring 104\",\"url\":\"https:\/\/progettotouring.it\/radiotouring104\/\",\"logo\":{\"@type\":\"ImageObject\",\"inLanguage\":\"it-IT\",\"@id\":\"https:\/\/progettotouring.it\/radiotouring104\/#\/schema\/logo\/image\/\",\"url\":\"https:\/\/progettotouring.it\/radiotouring104\/wp-content\/uploads\/sites\/6\/2022\/02\/cropped-logo-radio-touring-104.png\",\"contentUrl\":\"https:\/\/progettotouring.it\/radiotouring104\/wp-content\/uploads\/sites\/6\/2022\/02\/cropped-logo-radio-touring-104.png\",\"width\":377,\"height\":182,\"caption\":\"Radio Touring 104\"},\"image\":{\"@id\":\"https:\/\/progettotouring.it\/radiotouring104\/#\/schema\/logo\/image\/\"}},{\"@type\":\"Person\",\"@id\":\"https:\/\/progettotouring.it\/radiotouring104\/#\/schema\/person\/4a82259ca52ac8702ad1a8f9e5a3120b\",\"name\":\"Filippo Francesco Idone\",\"image\":{\"@type\":\"ImageObject\",\"inLanguage\":\"it-IT\",\"@id\":\"https:\/\/secure.gravatar.com\/avatar\/7268715d2366395c3dd314385670e6484117d44f5c442e61e230f7008b7b62d3?s=96&d=mm&r=g\",\"url\":\"https:\/\/secure.gravatar.com\/avatar\/7268715d2366395c3dd314385670e6484117d44f5c442e61e230f7008b7b62d3?s=96&d=mm&r=g\",\"contentUrl\":\"https:\/\/secure.gravatar.com\/avatar\/7268715d2366395c3dd314385670e6484117d44f5c442e61e230f7008b7b62d3?s=96&d=mm&r=g\",\"caption\":\"Filippo Francesco Idone\"},\"url\":\"https:\/\/progettotouring.it\/radiotouring104\/author\/filippoidone\/\"}]}<\/script>\n<!-- \/ Yoast SEO plugin. -->","yoast_head_json":{"title":"Il Consiglio Metropolitano sostiene i pazienti affetti da Sindrome Fibromialgia - Radio Touring 104","description":"Il Consiglio Metropolitano di Reggio Calabria chiede alle istituzioni di fornire sostegno ai pazienti affetti da Sindrome Fibromialgia","robots":{"index":"index","follow":"follow","max-snippet":"max-snippet:-1","max-image-preview":"max-image-preview:large","max-video-preview":"max-video-preview:-1"},"canonical":"https:\/\/progettotouring.it\/radiotouring104\/2023\/05\/16\/il-consiglio-metropolitano-sostiene-i-pazienti-affetti-da-sindrome-fibromialgia\/","og_locale":"it_IT","og_type":"article","og_title":"Il Consiglio Metropolitano sostiene i pazienti affetti da Sindrome Fibromialgia - Radio Touring 104","og_description":"Il Consiglio Metropolitano di Reggio Calabria chiede alle istituzioni di fornire sostegno ai pazienti affetti da Sindrome Fibromialgia","og_url":"https:\/\/progettotouring.it\/radiotouring104\/2023\/05\/16\/il-consiglio-metropolitano-sostiene-i-pazienti-affetti-da-sindrome-fibromialgia\/","og_site_name":"Radio Touring 104","article_published_time":"2023-05-16T13:27:54+00:00","article_modified_time":"2023-05-16T14:05:27+00:00","og_image":[{"width":1286,"height":772,"url":"https:\/\/progettotouring.it\/radiotouring104\/wp-content\/uploads\/sites\/6\/2023\/04\/consiglio-regionale-.jpg","type":"image\/jpeg"}],"author":"Filippo Francesco Idone","twitter_card":"summary_large_image","twitter_misc":{"Scritto da":"Filippo Francesco Idone","Tempo di lettura stimato":"2 minuti"},"schema":{"@context":"https:\/\/schema.org","@graph":[{"@type":"Article","@id":"https:\/\/progettotouring.it\/radiotouring104\/2023\/05\/16\/il-consiglio-metropolitano-sostiene-i-pazienti-affetti-da-sindrome-fibromialgia\/#article","isPartOf":{"@id":"https:\/\/progettotouring.it\/radiotouring104\/2023\/05\/16\/il-consiglio-metropolitano-sostiene-i-pazienti-affetti-da-sindrome-fibromialgia\/"},"author":{"name":"Filippo Francesco Idone","@id":"https:\/\/progettotouring.it\/radiotouring104\/#\/schema\/person\/4a82259ca52ac8702ad1a8f9e5a3120b"},"headline":"Il Consiglio Metropolitano sostiene i pazienti affetti da Sindrome Fibromialgia","datePublished":"2023-05-16T13:27:54+00:00","dateModified":"2023-05-16T14:05:27+00:00","mainEntityOfPage":{"@id":"https:\/\/progettotouring.it\/radiotouring104\/2023\/05\/16\/il-consiglio-metropolitano-sostiene-i-pazienti-affetti-da-sindrome-fibromialgia\/"},"wordCount":401,"publisher":{"@id":"https:\/\/progettotouring.it\/radiotouring104\/#organization"},"image":{"@id":"https:\/\/progettotouring.it\/radiotouring104\/2023\/05\/16\/il-consiglio-metropolitano-sostiene-i-pazienti-affetti-da-sindrome-fibromialgia\/#primaryimage"},"thumbnailUrl":"https:\/\/progettotouring.it\/radiotouring104\/wp-content\/uploads\/sites\/6\/2023\/04\/consiglio-regionale-.jpg","keywords":["carmelo versace","Consiglio metropolitano"],"articleSection":["Home","News","Reggio Calabria"],"inLanguage":"it-IT"},{"@type":"WebPage","@id":"https:\/\/progettotouring.it\/radiotouring104\/2023\/05\/16\/il-consiglio-metropolitano-sostiene-i-pazienti-affetti-da-sindrome-fibromialgia\/","url":"https:\/\/progettotouring.it\/radiotouring104\/2023\/05\/16\/il-consiglio-metropolitano-sostiene-i-pazienti-affetti-da-sindrome-fibromialgia\/","name":"Il Consiglio Metropolitano sostiene i pazienti affetti da Sindrome Fibromialgia - Radio Touring 104","isPartOf":{"@id":"https:\/\/progettotouring.it\/radiotouring104\/#website"},"primaryImageOfPage":{"@id":"https:\/\/progettotouring.it\/radiotouring104\/2023\/05\/16\/il-consiglio-metropolitano-sostiene-i-pazienti-affetti-da-sindrome-fibromialgia\/#primaryimage"},"image":{"@id":"https:\/\/progettotouring.it\/radiotouring104\/2023\/05\/16\/il-consiglio-metropolitano-sostiene-i-pazienti-affetti-da-sindrome-fibromialgia\/#primaryimage"},"thumbnailUrl":"https:\/\/progettotouring.it\/radiotouring104\/wp-content\/uploads\/sites\/6\/2023\/04\/consiglio-regionale-.jpg","datePublished":"2023-05-16T13:27:54+00:00","dateModified":"2023-05-16T14:05:27+00:00","description":"Il Consiglio Metropolitano di Reggio Calabria chiede alle istituzioni di fornire sostegno ai pazienti affetti da Sindrome Fibromialgia","breadcrumb":{"@id":"https:\/\/progettotouring.it\/radiotouring104\/2023\/05\/16\/il-consiglio-metropolitano-sostiene-i-pazienti-affetti-da-sindrome-fibromialgia\/#breadcrumb"},"inLanguage":"it-IT","potentialAction":[{"@type":"ReadAction","target":["https:\/\/progettotouring.it\/radiotouring104\/2023\/05\/16\/il-consiglio-metropolitano-sostiene-i-pazienti-affetti-da-sindrome-fibromialgia\/"]}]},{"@type":"ImageObject","inLanguage":"it-IT","@id":"https:\/\/progettotouring.it\/radiotouring104\/2023\/05\/16\/il-consiglio-metropolitano-sostiene-i-pazienti-affetti-da-sindrome-fibromialgia\/#primaryimage","url":"https:\/\/progettotouring.it\/radiotouring104\/wp-content\/uploads\/sites\/6\/2023\/04\/consiglio-regionale-.jpg","contentUrl":"https:\/\/progettotouring.it\/radiotouring104\/wp-content\/uploads\/sites\/6\/2023\/04\/consiglio-regionale-.jpg","width":1286,"height":772},{"@type":"BreadcrumbList","@id":"https:\/\/progettotouring.it\/radiotouring104\/2023\/05\/16\/il-consiglio-metropolitano-sostiene-i-pazienti-affetti-da-sindrome-fibromialgia\/#breadcrumb","itemListElement":[{"@type":"ListItem","position":1,"name":"Home","item":"https:\/\/progettotouring.it\/radiotouring104\/"},{"@type":"ListItem","position":2,"name":"Il Consiglio Metropolitano sostiene i pazienti affetti da Sindrome Fibromialgia"}]},{"@type":"WebSite","@id":"https:\/\/progettotouring.it\/radiotouring104\/#website","url":"https:\/\/progettotouring.it\/radiotouring104\/","name":"Radio Touring 104","description":"La prima radio Reggina","publisher":{"@id":"https:\/\/progettotouring.it\/radiotouring104\/#organization"},"potentialAction":[{"@type":"SearchAction","target":{"@type":"EntryPoint","urlTemplate":"https:\/\/progettotouring.it\/radiotouring104\/?s={search_term_string}"},"query-input":{"@type":"PropertyValueSpecification","valueRequired":true,"valueName":"search_term_string"}}],"inLanguage":"it-IT"},{"@type":"Organization","@id":"https:\/\/progettotouring.it\/radiotouring104\/#organization","name":"Radio Touring 104","url":"https:\/\/progettotouring.it\/radiotouring104\/","logo":{"@type":"ImageObject","inLanguage":"it-IT","@id":"https:\/\/progettotouring.it\/radiotouring104\/#\/schema\/logo\/image\/","url":"https:\/\/progettotouring.it\/radiotouring104\/wp-content\/uploads\/sites\/6\/2022\/02\/cropped-logo-radio-touring-104.png","contentUrl":"https:\/\/progettotouring.it\/radiotouring104\/wp-content\/uploads\/sites\/6\/2022\/02\/cropped-logo-radio-touring-104.png","width":377,"height":182,"caption":"Radio Touring 104"},"image":{"@id":"https:\/\/progettotouring.it\/radiotouring104\/#\/schema\/logo\/image\/"}},{"@type":"Person","@id":"https:\/\/progettotouring.it\/radiotouring104\/#\/schema\/person\/4a82259ca52ac8702ad1a8f9e5a3120b","name":"Filippo Francesco Idone","image":{"@type":"ImageObject","inLanguage":"it-IT","@id":"https:\/\/secure.gravatar.com\/avatar\/7268715d2366395c3dd314385670e6484117d44f5c442e61e230f7008b7b62d3?s=96&d=mm&r=g","url":"https:\/\/secure.gravatar.com\/avatar\/7268715d2366395c3dd314385670e6484117d44f5c442e61e230f7008b7b62d3?s=96&d=mm&r=g","contentUrl":"https:\/\/secure.gravatar.com\/avatar\/7268715d2366395c3dd314385670e6484117d44f5c442e61e230f7008b7b62d3?s=96&d=mm&r=g","caption":"Filippo Francesco Idone"},"url":"https:\/\/progettotouring.it\/radiotouring104\/author\/filippoidone\/"}]}},"jetpack_publicize_connections":[],"jetpack_featured_media_url":"https:\/\/progettotouring.it\/radiotouring104\/wp-content\/uploads\/sites\/6\/2023\/04\/consiglio-regionale-.jpg","jetpack_sharing_enabled":true,"_links":{"self":[{"href":"https:\/\/progettotouring.it\/radiotouring104\/wp-json\/wp\/v2\/posts\/25910","targetHints":{"allow":["GET"]}}],"collection":[{"href":"https:\/\/progettotouring.it\/radiotouring104\/wp-json\/wp\/v2\/posts"}],"about":[{"href":"https:\/\/progettotouring.it\/radiotouring104\/wp-json\/wp\/v2\/types\/post"}],"author":[{"embeddable":true,"href":"https:\/\/progettotouring.it\/radiotouring104\/wp-json\/wp\/v2\/users\/8"}],"replies":[{"embeddable":true,"href":"https:\/\/progettotouring.it\/radiotouring104\/wp-json\/wp\/v2\/comments?post=25910"}],"version-history":[{"count":2,"href":"https:\/\/progettotouring.it\/radiotouring104\/wp-json\/wp\/v2\/posts\/25910\/revisions"}],"predecessor-version":[{"id":25913,"href":"https:\/\/progettotouring.it\/radiotouring104\/wp-json\/wp\/v2\/posts\/25910\/revisions\/25913"}],"wp:featuredmedia":[{"embeddable":true,"href":"https:\/\/progettotouring.it\/radiotouring104\/wp-json\/wp\/v2\/media\/22916"}],"wp:attachment":[{"href":"https:\/\/progettotouring.it\/radiotouring104\/wp-json\/wp\/v2\/media?parent=25910"}],"wp:term":[{"taxonomy":"category","embeddable":true,"href":"https:\/\/progettotouring.it\/radiotouring104\/wp-json\/wp\/v2\/categories?post=25910"},{"taxonomy":"post_tag","embeddable":true,"href":"https:\/\/progettotouring.it\/radiotouring104\/wp-json\/wp\/v2\/tags?post=25910"}],"curies":[{"name":"wp","href":"https:\/\/api.w.org\/{rel}","templated":true}]}}