{"id":25912,"date":"2023-05-16T15:34:08","date_gmt":"2023-05-16T13:34:08","guid":{"rendered":"https:\/\/progettotouring.it\/radiotouring104\/?p=25912"},"modified":"2023-05-16T16:11:11","modified_gmt":"2023-05-16T14:11:11","slug":"crotone-partito-il-progetto-la-calabria-per-dante","status":"publish","type":"post","link":"https:\/\/progettotouring.it\/radiotouring104\/2023\/05\/16\/crotone-partito-il-progetto-la-calabria-per-dante\/","title":{"rendered":"Crotone: partito il progetto \u201cLa Calabria per Dante\u201d"},"content":{"rendered":"<p style=\"text-align: justify\">\u0400 partito da Crotone il progetto \u201c<b>La Calabria per Dante\u201d<\/b>, prodotto dell\u2019associazione \u201cArpa\u201d, l\u2019Associazione di Ricerca, Produzione ed Animazione del Territorio, inserito fra gli Eventi Culturali 2021 della Regione Calabria (Avviso pubblico per la selezione e il finanziamento di Eventi Culturali \u2013 Annualit\u00e0 2021-DDG n\u00b07864 del 29\/07\/2021), vuole essere un omaggio al\u00a0<strong>contributo calabrese alla poetica dantesca<\/strong>.<\/p>\n<p style=\"text-align: justify\">Pensato dall\u2019Arpa\u2013 la cui attivit\u00e0 si muove in maniera prioritaria nell\u2019ambito della ricerca nel campo delle tradizioni popolari e la valorizzazione delle risorse endogene &#8211; poi rimandato a causa del covid, il cuore di questo progetto innovativo e unico nel suo genere \u00e8 itinerante. L\u2019evento, infatti, pensato per il\u00a0<strong>700\u00b0 anniversario dalla morte del Sommo Poeta,\u00a0<\/strong><strong>si muove<\/strong>\u00a0fra i quattro luoghi della Calabria citati, in maniera diretta o indiretta, nella Divina Commedia:\u00a0<strong>San Giovanni in Fiore, Crotone, Cosenza, Scilla<\/strong>. Il filo conduttore di questa lettura originale di Dante e la Calabria \u00e8 la musica, in particolare con riferimento agli strumenti musicali citati nella Commedia. La Torre Aiutante del Castello di Carlo V \u00e8 diventata scenario privilegiato e suggestivo per la mostra inaugurata sabato 13 maggio: si tratta dell\u2019esposizione che porta come titolo \u201cLa Calabria nella Divina Commedia\u201d e abbraccia la riproduzione e la spiegazione dei passi nei quali e\u0300 citata la Calabria. La prima giornata della tappa crotonese ha registrato, nel pomeriggio, la prima conferenza-concerto dedicata agli Stilnovisti di Calabria\u00a0<em>con<\/em> Danilo Gatto e Salvatore Megna.<\/p>\n<p class=\"xmprfx_MsoNormal\" style=\"text-align: justify\"><em>\u201cPer la maggior parte dei manuali scolastici la letteratura italiana nasce prima in <strong>Sicilia<\/strong>, poi in <strong>Toscana<\/strong>, quando alcuni poeti cominciano a scrivere in volgare, decantando le bellezze della donna, reale e immaginaria, essere angelicato che rende pi\u00f9 bella e pura qualunque cosa che tocchi o su cui si posi il suo sguardo, e migliore l\u2019uomo che a lei rivolge il suo pensiero<\/em> \u2013 spiega Gatto -.<em><strong> Fu poi chiamato dolce stil novo,<\/strong> e segna con le sue rime uno dei punti alti della letteratura italiana, di cui proprio Dante fu prestigioso esponente. Ebbene, gran parte dei testi delle canzoni della nostra tradizione contadina parlano delle stesse cose, con identici contenuti e forme poetiche. Nella tradizione orale popolare si \u00e8 mantenuto, fino a oggi, lo stesso tipo di sensibilit\u00e0, di stupore, di angoscia amorosa che ha animato prima i trovatori, e poi i poeti lirici del 1200-1300\u201d.<\/em><\/p>\n<p class=\"xmprfx_MsoNormal\" style=\"text-align: justify\">La conferenza-concerto non a caso intitolata \u201cStilnovisti di Calabria\u201d vuole percorrere questo viaggio inedito, raccontato da Danilo Gatto grazie al canto e alla maestria di Salvatore Megna, che ha riproposto alla chitarra battente alcuni di questi testi giunti fino a noi forse proprio da quell\u2019epoca, in cui la pi\u00f9 alta poesia mai espressa dall\u2019Italia, e mondo dell\u2019oralit\u00e0 condividevano molte pi\u00f9 cose di quanto non si immagini. Il prossimo appuntamento \u00e8 in calendario venerd\u00ec 19 maggio alle 18 con \u201cPolifonie di Calabria\u201d\u00a0<em>con il gruppo Le Myst\u00e8re des voix calabres.<\/em><\/p>\n","protected":false},"excerpt":{"rendered":"<p>\u0400 partito da Crotone il progetto \u201cLa Calabria per Dante\u201d, prodotto dell\u2019associazione \u201cArpa\u201d, l\u2019Associazione di Ricerca, Produzione ed Animazione del Territorio, inserito fra gli Eventi Culturali 2021 della Regione Calabria&hellip;<\/p>\n","protected":false},"author":8,"featured_media":25914,"comment_status":"closed","ping_status":"open","sticky":false,"template":"","format":"standard","meta":{"_jetpack_memberships_contains_paid_content":false,"footnotes":"","jetpack_publicize_message":"","jetpack_publicize_feature_enabled":true,"jetpack_social_post_already_shared":false,"jetpack_social_options":{"image_generator_settings":{"template":"highway","default_image_id":0,"font":"","enabled":false},"version":2}},"categories":[142,921,196],"tags":[354,1746,15289,10167],"class_list":["post-25912","post","type-post","status-publish","format-standard","has-post-thumbnail","hentry","category-calabria","category-home","category-news","tag-cosenza","tag-crotone","tag-la-calabria-per-dante","tag-san-giovanni-in-fiore"],"yoast_head":"<!-- This site is optimized with the Yoast SEO plugin v27.2 - https:\/\/yoast.com\/product\/yoast-seo-wordpress\/ -->\n<title>Crotone: partito il progetto \u201cLa Calabria per Dante\u201d - Radio Touring 104<\/title>\n<meta name=\"description\" content=\"\u0400 partito da Crotone il progetto \u201cLa Calabria per Dante\u201d con l\u2019inaugurazione della mostra \u201cLa Calabria nella Divina Commedia\u201d\" \/>\n<meta name=\"robots\" content=\"index, follow, max-snippet:-1, max-image-preview:large, max-video-preview:-1\" \/>\n<link rel=\"canonical\" href=\"https:\/\/progettotouring.it\/radiotouring104\/2023\/05\/16\/crotone-partito-il-progetto-la-calabria-per-dante\/\" \/>\n<meta property=\"og:locale\" content=\"it_IT\" \/>\n<meta property=\"og:type\" content=\"article\" \/>\n<meta property=\"og:title\" content=\"Crotone: partito il progetto \u201cLa Calabria per Dante\u201d - Radio Touring 104\" \/>\n<meta property=\"og:description\" content=\"\u0400 partito da Crotone il progetto \u201cLa Calabria per Dante\u201d con l\u2019inaugurazione della mostra \u201cLa Calabria nella Divina Commedia\u201d\" \/>\n<meta property=\"og:url\" content=\"https:\/\/progettotouring.it\/radiotouring104\/2023\/05\/16\/crotone-partito-il-progetto-la-calabria-per-dante\/\" \/>\n<meta property=\"og:site_name\" content=\"Radio Touring 104\" \/>\n<meta property=\"article:published_time\" content=\"2023-05-16T13:34:08+00:00\" \/>\n<meta property=\"article:modified_time\" content=\"2023-05-16T14:11:11+00:00\" \/>\n<meta property=\"og:image\" content=\"https:\/\/progettotouring.it\/radiotouring104\/wp-content\/uploads\/sites\/6\/2023\/05\/Danilo-Gatto-e-Salvatore-Megna.jpg\" \/>\n\t<meta property=\"og:image:width\" content=\"1826\" \/>\n\t<meta property=\"og:image:height\" content=\"1111\" \/>\n\t<meta property=\"og:image:type\" content=\"image\/jpeg\" \/>\n<meta name=\"author\" content=\"Filippo Francesco Idone\" \/>\n<meta name=\"twitter:card\" content=\"summary_large_image\" \/>\n<meta name=\"twitter:label1\" content=\"Scritto da\" \/>\n\t<meta name=\"twitter:data1\" content=\"Filippo Francesco Idone\" \/>\n\t<meta name=\"twitter:label2\" content=\"Tempo di lettura stimato\" \/>\n\t<meta name=\"twitter:data2\" content=\"2 minuti\" \/>\n<script type=\"application\/ld+json\" class=\"yoast-schema-graph\">{\"@context\":\"https:\/\/schema.org\",\"@graph\":[{\"@type\":\"Article\",\"@id\":\"https:\/\/progettotouring.it\/radiotouring104\/2023\/05\/16\/crotone-partito-il-progetto-la-calabria-per-dante\/#article\",\"isPartOf\":{\"@id\":\"https:\/\/progettotouring.it\/radiotouring104\/2023\/05\/16\/crotone-partito-il-progetto-la-calabria-per-dante\/\"},\"author\":{\"name\":\"Filippo Francesco Idone\",\"@id\":\"https:\/\/progettotouring.it\/radiotouring104\/#\/schema\/person\/4a82259ca52ac8702ad1a8f9e5a3120b\"},\"headline\":\"Crotone: partito il progetto \u201cLa Calabria per Dante\u201d\",\"datePublished\":\"2023-05-16T13:34:08+00:00\",\"dateModified\":\"2023-05-16T14:11:11+00:00\",\"mainEntityOfPage\":{\"@id\":\"https:\/\/progettotouring.it\/radiotouring104\/2023\/05\/16\/crotone-partito-il-progetto-la-calabria-per-dante\/\"},\"wordCount\":475,\"publisher\":{\"@id\":\"https:\/\/progettotouring.it\/radiotouring104\/#organization\"},\"image\":{\"@id\":\"https:\/\/progettotouring.it\/radiotouring104\/2023\/05\/16\/crotone-partito-il-progetto-la-calabria-per-dante\/#primaryimage\"},\"thumbnailUrl\":\"https:\/\/progettotouring.it\/radiotouring104\/wp-content\/uploads\/sites\/6\/2023\/05\/Danilo-Gatto-e-Salvatore-Megna.jpg\",\"keywords\":[\"Cosenza\",\"Crotone\",\"La Calabria per Dante\",\"San Giovanni in Fiore\"],\"articleSection\":[\"Calabria\",\"Home\",\"News\"],\"inLanguage\":\"it-IT\"},{\"@type\":\"WebPage\",\"@id\":\"https:\/\/progettotouring.it\/radiotouring104\/2023\/05\/16\/crotone-partito-il-progetto-la-calabria-per-dante\/\",\"url\":\"https:\/\/progettotouring.it\/radiotouring104\/2023\/05\/16\/crotone-partito-il-progetto-la-calabria-per-dante\/\",\"name\":\"Crotone: partito il progetto \u201cLa Calabria per Dante\u201d - Radio Touring 104\",\"isPartOf\":{\"@id\":\"https:\/\/progettotouring.it\/radiotouring104\/#website\"},\"primaryImageOfPage\":{\"@id\":\"https:\/\/progettotouring.it\/radiotouring104\/2023\/05\/16\/crotone-partito-il-progetto-la-calabria-per-dante\/#primaryimage\"},\"image\":{\"@id\":\"https:\/\/progettotouring.it\/radiotouring104\/2023\/05\/16\/crotone-partito-il-progetto-la-calabria-per-dante\/#primaryimage\"},\"thumbnailUrl\":\"https:\/\/progettotouring.it\/radiotouring104\/wp-content\/uploads\/sites\/6\/2023\/05\/Danilo-Gatto-e-Salvatore-Megna.jpg\",\"datePublished\":\"2023-05-16T13:34:08+00:00\",\"dateModified\":\"2023-05-16T14:11:11+00:00\",\"description\":\"\u0400 partito da Crotone il progetto \u201cLa Calabria per Dante\u201d con l\u2019inaugurazione della mostra \u201cLa Calabria nella Divina Commedia\u201d\",\"breadcrumb\":{\"@id\":\"https:\/\/progettotouring.it\/radiotouring104\/2023\/05\/16\/crotone-partito-il-progetto-la-calabria-per-dante\/#breadcrumb\"},\"inLanguage\":\"it-IT\",\"potentialAction\":[{\"@type\":\"ReadAction\",\"target\":[\"https:\/\/progettotouring.it\/radiotouring104\/2023\/05\/16\/crotone-partito-il-progetto-la-calabria-per-dante\/\"]}]},{\"@type\":\"ImageObject\",\"inLanguage\":\"it-IT\",\"@id\":\"https:\/\/progettotouring.it\/radiotouring104\/2023\/05\/16\/crotone-partito-il-progetto-la-calabria-per-dante\/#primaryimage\",\"url\":\"https:\/\/progettotouring.it\/radiotouring104\/wp-content\/uploads\/sites\/6\/2023\/05\/Danilo-Gatto-e-Salvatore-Megna.jpg\",\"contentUrl\":\"https:\/\/progettotouring.it\/radiotouring104\/wp-content\/uploads\/sites\/6\/2023\/05\/Danilo-Gatto-e-Salvatore-Megna.jpg\",\"width\":1826,\"height\":1111},{\"@type\":\"BreadcrumbList\",\"@id\":\"https:\/\/progettotouring.it\/radiotouring104\/2023\/05\/16\/crotone-partito-il-progetto-la-calabria-per-dante\/#breadcrumb\",\"itemListElement\":[{\"@type\":\"ListItem\",\"position\":1,\"name\":\"Home\",\"item\":\"https:\/\/progettotouring.it\/radiotouring104\/\"},{\"@type\":\"ListItem\",\"position\":2,\"name\":\"Crotone: partito il progetto \u201cLa Calabria per Dante\u201d\"}]},{\"@type\":\"WebSite\",\"@id\":\"https:\/\/progettotouring.it\/radiotouring104\/#website\",\"url\":\"https:\/\/progettotouring.it\/radiotouring104\/\",\"name\":\"Radio Touring 104\",\"description\":\"La prima radio Reggina\",\"publisher\":{\"@id\":\"https:\/\/progettotouring.it\/radiotouring104\/#organization\"},\"potentialAction\":[{\"@type\":\"SearchAction\",\"target\":{\"@type\":\"EntryPoint\",\"urlTemplate\":\"https:\/\/progettotouring.it\/radiotouring104\/?s={search_term_string}\"},\"query-input\":{\"@type\":\"PropertyValueSpecification\",\"valueRequired\":true,\"valueName\":\"search_term_string\"}}],\"inLanguage\":\"it-IT\"},{\"@type\":\"Organization\",\"@id\":\"https:\/\/progettotouring.it\/radiotouring104\/#organization\",\"name\":\"Radio Touring 104\",\"url\":\"https:\/\/progettotouring.it\/radiotouring104\/\",\"logo\":{\"@type\":\"ImageObject\",\"inLanguage\":\"it-IT\",\"@id\":\"https:\/\/progettotouring.it\/radiotouring104\/#\/schema\/logo\/image\/\",\"url\":\"https:\/\/progettotouring.it\/radiotouring104\/wp-content\/uploads\/sites\/6\/2022\/02\/cropped-logo-radio-touring-104.png\",\"contentUrl\":\"https:\/\/progettotouring.it\/radiotouring104\/wp-content\/uploads\/sites\/6\/2022\/02\/cropped-logo-radio-touring-104.png\",\"width\":377,\"height\":182,\"caption\":\"Radio Touring 104\"},\"image\":{\"@id\":\"https:\/\/progettotouring.it\/radiotouring104\/#\/schema\/logo\/image\/\"}},{\"@type\":\"Person\",\"@id\":\"https:\/\/progettotouring.it\/radiotouring104\/#\/schema\/person\/4a82259ca52ac8702ad1a8f9e5a3120b\",\"name\":\"Filippo Francesco Idone\",\"image\":{\"@type\":\"ImageObject\",\"inLanguage\":\"it-IT\",\"@id\":\"https:\/\/secure.gravatar.com\/avatar\/7268715d2366395c3dd314385670e6484117d44f5c442e61e230f7008b7b62d3?s=96&d=mm&r=g\",\"url\":\"https:\/\/secure.gravatar.com\/avatar\/7268715d2366395c3dd314385670e6484117d44f5c442e61e230f7008b7b62d3?s=96&d=mm&r=g\",\"contentUrl\":\"https:\/\/secure.gravatar.com\/avatar\/7268715d2366395c3dd314385670e6484117d44f5c442e61e230f7008b7b62d3?s=96&d=mm&r=g\",\"caption\":\"Filippo Francesco Idone\"},\"url\":\"https:\/\/progettotouring.it\/radiotouring104\/author\/filippoidone\/\"}]}<\/script>\n<!-- \/ Yoast SEO plugin. -->","yoast_head_json":{"title":"Crotone: partito il progetto \u201cLa Calabria per Dante\u201d - Radio Touring 104","description":"\u0400 partito da Crotone il progetto \u201cLa Calabria per Dante\u201d con l\u2019inaugurazione della mostra \u201cLa Calabria nella Divina Commedia\u201d","robots":{"index":"index","follow":"follow","max-snippet":"max-snippet:-1","max-image-preview":"max-image-preview:large","max-video-preview":"max-video-preview:-1"},"canonical":"https:\/\/progettotouring.it\/radiotouring104\/2023\/05\/16\/crotone-partito-il-progetto-la-calabria-per-dante\/","og_locale":"it_IT","og_type":"article","og_title":"Crotone: partito il progetto \u201cLa Calabria per Dante\u201d - Radio Touring 104","og_description":"\u0400 partito da Crotone il progetto \u201cLa Calabria per Dante\u201d con l\u2019inaugurazione della mostra \u201cLa Calabria nella Divina Commedia\u201d","og_url":"https:\/\/progettotouring.it\/radiotouring104\/2023\/05\/16\/crotone-partito-il-progetto-la-calabria-per-dante\/","og_site_name":"Radio Touring 104","article_published_time":"2023-05-16T13:34:08+00:00","article_modified_time":"2023-05-16T14:11:11+00:00","og_image":[{"width":1826,"height":1111,"url":"https:\/\/progettotouring.it\/radiotouring104\/wp-content\/uploads\/sites\/6\/2023\/05\/Danilo-Gatto-e-Salvatore-Megna.jpg","type":"image\/jpeg"}],"author":"Filippo Francesco Idone","twitter_card":"summary_large_image","twitter_misc":{"Scritto da":"Filippo Francesco Idone","Tempo di lettura stimato":"2 minuti"},"schema":{"@context":"https:\/\/schema.org","@graph":[{"@type":"Article","@id":"https:\/\/progettotouring.it\/radiotouring104\/2023\/05\/16\/crotone-partito-il-progetto-la-calabria-per-dante\/#article","isPartOf":{"@id":"https:\/\/progettotouring.it\/radiotouring104\/2023\/05\/16\/crotone-partito-il-progetto-la-calabria-per-dante\/"},"author":{"name":"Filippo Francesco Idone","@id":"https:\/\/progettotouring.it\/radiotouring104\/#\/schema\/person\/4a82259ca52ac8702ad1a8f9e5a3120b"},"headline":"Crotone: partito il progetto \u201cLa Calabria per Dante\u201d","datePublished":"2023-05-16T13:34:08+00:00","dateModified":"2023-05-16T14:11:11+00:00","mainEntityOfPage":{"@id":"https:\/\/progettotouring.it\/radiotouring104\/2023\/05\/16\/crotone-partito-il-progetto-la-calabria-per-dante\/"},"wordCount":475,"publisher":{"@id":"https:\/\/progettotouring.it\/radiotouring104\/#organization"},"image":{"@id":"https:\/\/progettotouring.it\/radiotouring104\/2023\/05\/16\/crotone-partito-il-progetto-la-calabria-per-dante\/#primaryimage"},"thumbnailUrl":"https:\/\/progettotouring.it\/radiotouring104\/wp-content\/uploads\/sites\/6\/2023\/05\/Danilo-Gatto-e-Salvatore-Megna.jpg","keywords":["Cosenza","Crotone","La Calabria per Dante","San Giovanni in Fiore"],"articleSection":["Calabria","Home","News"],"inLanguage":"it-IT"},{"@type":"WebPage","@id":"https:\/\/progettotouring.it\/radiotouring104\/2023\/05\/16\/crotone-partito-il-progetto-la-calabria-per-dante\/","url":"https:\/\/progettotouring.it\/radiotouring104\/2023\/05\/16\/crotone-partito-il-progetto-la-calabria-per-dante\/","name":"Crotone: partito il progetto \u201cLa Calabria per Dante\u201d - Radio Touring 104","isPartOf":{"@id":"https:\/\/progettotouring.it\/radiotouring104\/#website"},"primaryImageOfPage":{"@id":"https:\/\/progettotouring.it\/radiotouring104\/2023\/05\/16\/crotone-partito-il-progetto-la-calabria-per-dante\/#primaryimage"},"image":{"@id":"https:\/\/progettotouring.it\/radiotouring104\/2023\/05\/16\/crotone-partito-il-progetto-la-calabria-per-dante\/#primaryimage"},"thumbnailUrl":"https:\/\/progettotouring.it\/radiotouring104\/wp-content\/uploads\/sites\/6\/2023\/05\/Danilo-Gatto-e-Salvatore-Megna.jpg","datePublished":"2023-05-16T13:34:08+00:00","dateModified":"2023-05-16T14:11:11+00:00","description":"\u0400 partito da Crotone il progetto \u201cLa Calabria per Dante\u201d con l\u2019inaugurazione della mostra \u201cLa Calabria nella Divina Commedia\u201d","breadcrumb":{"@id":"https:\/\/progettotouring.it\/radiotouring104\/2023\/05\/16\/crotone-partito-il-progetto-la-calabria-per-dante\/#breadcrumb"},"inLanguage":"it-IT","potentialAction":[{"@type":"ReadAction","target":["https:\/\/progettotouring.it\/radiotouring104\/2023\/05\/16\/crotone-partito-il-progetto-la-calabria-per-dante\/"]}]},{"@type":"ImageObject","inLanguage":"it-IT","@id":"https:\/\/progettotouring.it\/radiotouring104\/2023\/05\/16\/crotone-partito-il-progetto-la-calabria-per-dante\/#primaryimage","url":"https:\/\/progettotouring.it\/radiotouring104\/wp-content\/uploads\/sites\/6\/2023\/05\/Danilo-Gatto-e-Salvatore-Megna.jpg","contentUrl":"https:\/\/progettotouring.it\/radiotouring104\/wp-content\/uploads\/sites\/6\/2023\/05\/Danilo-Gatto-e-Salvatore-Megna.jpg","width":1826,"height":1111},{"@type":"BreadcrumbList","@id":"https:\/\/progettotouring.it\/radiotouring104\/2023\/05\/16\/crotone-partito-il-progetto-la-calabria-per-dante\/#breadcrumb","itemListElement":[{"@type":"ListItem","position":1,"name":"Home","item":"https:\/\/progettotouring.it\/radiotouring104\/"},{"@type":"ListItem","position":2,"name":"Crotone: partito il progetto \u201cLa Calabria per Dante\u201d"}]},{"@type":"WebSite","@id":"https:\/\/progettotouring.it\/radiotouring104\/#website","url":"https:\/\/progettotouring.it\/radiotouring104\/","name":"Radio Touring 104","description":"La prima radio Reggina","publisher":{"@id":"https:\/\/progettotouring.it\/radiotouring104\/#organization"},"potentialAction":[{"@type":"SearchAction","target":{"@type":"EntryPoint","urlTemplate":"https:\/\/progettotouring.it\/radiotouring104\/?s={search_term_string}"},"query-input":{"@type":"PropertyValueSpecification","valueRequired":true,"valueName":"search_term_string"}}],"inLanguage":"it-IT"},{"@type":"Organization","@id":"https:\/\/progettotouring.it\/radiotouring104\/#organization","name":"Radio Touring 104","url":"https:\/\/progettotouring.it\/radiotouring104\/","logo":{"@type":"ImageObject","inLanguage":"it-IT","@id":"https:\/\/progettotouring.it\/radiotouring104\/#\/schema\/logo\/image\/","url":"https:\/\/progettotouring.it\/radiotouring104\/wp-content\/uploads\/sites\/6\/2022\/02\/cropped-logo-radio-touring-104.png","contentUrl":"https:\/\/progettotouring.it\/radiotouring104\/wp-content\/uploads\/sites\/6\/2022\/02\/cropped-logo-radio-touring-104.png","width":377,"height":182,"caption":"Radio Touring 104"},"image":{"@id":"https:\/\/progettotouring.it\/radiotouring104\/#\/schema\/logo\/image\/"}},{"@type":"Person","@id":"https:\/\/progettotouring.it\/radiotouring104\/#\/schema\/person\/4a82259ca52ac8702ad1a8f9e5a3120b","name":"Filippo Francesco Idone","image":{"@type":"ImageObject","inLanguage":"it-IT","@id":"https:\/\/secure.gravatar.com\/avatar\/7268715d2366395c3dd314385670e6484117d44f5c442e61e230f7008b7b62d3?s=96&d=mm&r=g","url":"https:\/\/secure.gravatar.com\/avatar\/7268715d2366395c3dd314385670e6484117d44f5c442e61e230f7008b7b62d3?s=96&d=mm&r=g","contentUrl":"https:\/\/secure.gravatar.com\/avatar\/7268715d2366395c3dd314385670e6484117d44f5c442e61e230f7008b7b62d3?s=96&d=mm&r=g","caption":"Filippo Francesco Idone"},"url":"https:\/\/progettotouring.it\/radiotouring104\/author\/filippoidone\/"}]}},"jetpack_publicize_connections":[],"jetpack_featured_media_url":"https:\/\/progettotouring.it\/radiotouring104\/wp-content\/uploads\/sites\/6\/2023\/05\/Danilo-Gatto-e-Salvatore-Megna.jpg","jetpack_sharing_enabled":true,"_links":{"self":[{"href":"https:\/\/progettotouring.it\/radiotouring104\/wp-json\/wp\/v2\/posts\/25912","targetHints":{"allow":["GET"]}}],"collection":[{"href":"https:\/\/progettotouring.it\/radiotouring104\/wp-json\/wp\/v2\/posts"}],"about":[{"href":"https:\/\/progettotouring.it\/radiotouring104\/wp-json\/wp\/v2\/types\/post"}],"author":[{"embeddable":true,"href":"https:\/\/progettotouring.it\/radiotouring104\/wp-json\/wp\/v2\/users\/8"}],"replies":[{"embeddable":true,"href":"https:\/\/progettotouring.it\/radiotouring104\/wp-json\/wp\/v2\/comments?post=25912"}],"version-history":[{"count":1,"href":"https:\/\/progettotouring.it\/radiotouring104\/wp-json\/wp\/v2\/posts\/25912\/revisions"}],"predecessor-version":[{"id":25915,"href":"https:\/\/progettotouring.it\/radiotouring104\/wp-json\/wp\/v2\/posts\/25912\/revisions\/25915"}],"wp:featuredmedia":[{"embeddable":true,"href":"https:\/\/progettotouring.it\/radiotouring104\/wp-json\/wp\/v2\/media\/25914"}],"wp:attachment":[{"href":"https:\/\/progettotouring.it\/radiotouring104\/wp-json\/wp\/v2\/media?parent=25912"}],"wp:term":[{"taxonomy":"category","embeddable":true,"href":"https:\/\/progettotouring.it\/radiotouring104\/wp-json\/wp\/v2\/categories?post=25912"},{"taxonomy":"post_tag","embeddable":true,"href":"https:\/\/progettotouring.it\/radiotouring104\/wp-json\/wp\/v2\/tags?post=25912"}],"curies":[{"name":"wp","href":"https:\/\/api.w.org\/{rel}","templated":true}]}}