{"id":25916,"date":"2023-05-16T15:18:42","date_gmt":"2023-05-16T13:18:42","guid":{"rendered":"https:\/\/progettotouring.it\/radiotouring104\/?p=25916"},"modified":"2023-05-16T16:22:26","modified_gmt":"2023-05-16T14:22:26","slug":"sanita-straface-presenta-una-mozione-al-consiglio-regionale","status":"publish","type":"post","link":"https:\/\/progettotouring.it\/radiotouring104\/2023\/05\/16\/sanita-straface-presenta-una-mozione-al-consiglio-regionale\/","title":{"rendered":"Sanit\u00e0: Straface presenta una mozione al Consiglio Regionale"},"content":{"rendered":"<p style=\"text-align: justify\">&#8220;<em>Con una mia mozione portata all\u2019attenzione del Consiglio regionale, l\u2019assise ha ratificato di impegnare la giunta regionale affinch\u00e9 proponga l\u2019istituzione, nell\u2019ambito dell\u2019organizzazione dell\u2019Azienda per il governo della Sanit\u00e0 della Regione Calabria-Azienda Zero, di un Osservatorio regionale sulle dipendenze patologiche. Nei mesi scorsi il presidente Roberto Occhiuto ha voluto delegarmi a questo particolare settore e con grande impegno, anche grazie al lavoro di supporto del Dipartimento Tutela della salute, stiamo ricostruendo un servizio che sia utile al territorio&#8221;<\/em>. \u00c8 quanto dichiara il consigliere regionale di Forza Italia e presidente della terza commissione regionale Sanit\u00e0, attivit\u00e0 sociali, culturali e formative, Pasqualina Straface.<\/p>\n<p style=\"text-align: justify\"><em>&#8220;L\u2019istituzione <strong>dell\u2019Osservatorio<\/strong> ha come principali obiettivi la conoscenza del fenomeno delle dipendenze patologiche nel territorio regionale e della sua evoluzione, attraverso stime, ricerche, studi sociologici e statistici, basandosi su un sistema informativo molto articolato che preveda flussi di dati provenienti non solo dai Ser.D. ma anche da altri servizi pubblici e del privato sociale che operano nel settore delle dipendenze: come ad esempio i medici di medicina generale, equipe che operano nel carcere, il servizio di emergenza 118 (interventi per eccesso di sostanze stupefacenti), le comunit\u00e0 terapeutiche, gli\u00a0 ospedali per i pazienti dimessi con diagnosi di tossicodipendenza e alcolismo o per\u00a0 accessi ai reparti di pronto soccorso per uso di sostanze psicoattive, gli Enti Locali, le scuole, le forze dell\u2019ordine, le associazioni di categoria, il terzo settore, le associazioni di volontariato. Inoltre<\/em> \u2013 spiega ancora Pasqualina Straface \u2013<em><strong> l\u2019Osservatorio<\/strong> promuove una strategia di programmazione regionale che, distinguendo tra uso, abuso e dipendenza, permetta una crescita culturale rispetto a questi fenomeni, introduca modelli di contrasto e di riduzione del danno, secondo alcuni presupposti fondamentali\u00bb.<\/em><\/p>\n<p style=\"text-align: justify\"><em>&#8220;L\u2019amministrazione regionale e la struttura commissariale guidata dal governatore hanno inteso procedere nell\u2019istituzione dell\u2019osservatorio e di affidarmi la \u201cricostruzione\u201d del settore dipendenze piscologiche, che oltre ad essere incluse nei Livelli essenziali di assistenza in termini di estensione delle prestazioni e servizi che il Servizio sanitario nazionale \u00e8 tenuto a fornire ai cittadini, rappresentano un fenomeno complesso e particolarmente diffuso tra i giovani e conseguentemente risulta necessario ed urgente anche per la Regione Calabria individuare alcune misure\u00a0 di intervento per il miglioramento della politica di contrasto e di prevenzione delle dipendenze sia comportamentali che da sostanza, legale ed illegale&#8221;.<\/em><\/p>\n","protected":false},"excerpt":{"rendered":"<p>&#8220;Con una mia mozione portata all\u2019attenzione del Consiglio regionale, l\u2019assise ha ratificato di impegnare la giunta regionale affinch\u00e9 proponga l\u2019istituzione, nell\u2019ambito dell\u2019organizzazione dell\u2019Azienda per il governo della Sanit\u00e0 della Regione&hellip;<\/p>\n","protected":false},"author":8,"featured_media":22104,"comment_status":"closed","ping_status":"open","sticky":false,"template":"","format":"standard","meta":{"_jetpack_memberships_contains_paid_content":false,"footnotes":"","jetpack_publicize_message":"","jetpack_publicize_feature_enabled":true,"jetpack_social_post_already_shared":false,"jetpack_social_options":{"image_generator_settings":{"template":"highway","default_image_id":0,"font":"","enabled":false},"version":2}},"categories":[142,921,196,195],"tags":[1514,15291,15290],"class_list":["post-25916","post","type-post","status-publish","format-standard","has-post-thumbnail","hentry","category-calabria","category-home","category-news","category-politica","tag-forza-italia","tag-osservatorio","tag-straface"],"yoast_head":"<!-- This site is optimized with the Yoast SEO plugin v27.2 - https:\/\/yoast.com\/product\/yoast-seo-wordpress\/ -->\n<title>Sanit\u00e0: Straface presenta una mozione al Consiglio Regionale - Radio Touring 104<\/title>\n<meta name=\"description\" content=\"Il consigliere regionale e presidente della commissione Sanit\u00e0, Straface, ha presentato una mozione nel corso del Consiglio regionale\" \/>\n<meta name=\"robots\" content=\"index, follow, max-snippet:-1, max-image-preview:large, max-video-preview:-1\" \/>\n<link rel=\"canonical\" href=\"https:\/\/progettotouring.it\/radiotouring104\/2023\/05\/16\/sanita-straface-presenta-una-mozione-al-consiglio-regionale\/\" \/>\n<meta property=\"og:locale\" content=\"it_IT\" \/>\n<meta property=\"og:type\" content=\"article\" \/>\n<meta property=\"og:title\" content=\"Sanit\u00e0: Straface presenta una mozione al Consiglio Regionale - Radio Touring 104\" \/>\n<meta property=\"og:description\" content=\"Il consigliere regionale e presidente della commissione Sanit\u00e0, Straface, ha presentato una mozione nel corso del Consiglio regionale\" \/>\n<meta property=\"og:url\" content=\"https:\/\/progettotouring.it\/radiotouring104\/2023\/05\/16\/sanita-straface-presenta-una-mozione-al-consiglio-regionale\/\" \/>\n<meta property=\"og:site_name\" content=\"Radio Touring 104\" \/>\n<meta property=\"article:published_time\" content=\"2023-05-16T13:18:42+00:00\" \/>\n<meta property=\"article:modified_time\" content=\"2023-05-16T14:22:26+00:00\" \/>\n<meta property=\"og:image\" content=\"https:\/\/progettotouring.it\/radiotouring104\/wp-content\/uploads\/sites\/6\/2023\/03\/Pasqualina-Straface-3.jpeg\" \/>\n\t<meta property=\"og:image:width\" content=\"702\" \/>\n\t<meta property=\"og:image:height\" content=\"468\" \/>\n\t<meta property=\"og:image:type\" content=\"image\/jpeg\" \/>\n<meta name=\"author\" content=\"Filippo Francesco Idone\" \/>\n<meta name=\"twitter:card\" content=\"summary_large_image\" \/>\n<meta name=\"twitter:label1\" content=\"Scritto da\" \/>\n\t<meta name=\"twitter:data1\" content=\"Filippo Francesco Idone\" \/>\n\t<meta name=\"twitter:label2\" content=\"Tempo di lettura stimato\" \/>\n\t<meta name=\"twitter:data2\" content=\"2 minuti\" \/>\n<script type=\"application\/ld+json\" class=\"yoast-schema-graph\">{\"@context\":\"https:\/\/schema.org\",\"@graph\":[{\"@type\":\"Article\",\"@id\":\"https:\/\/progettotouring.it\/radiotouring104\/2023\/05\/16\/sanita-straface-presenta-una-mozione-al-consiglio-regionale\/#article\",\"isPartOf\":{\"@id\":\"https:\/\/progettotouring.it\/radiotouring104\/2023\/05\/16\/sanita-straface-presenta-una-mozione-al-consiglio-regionale\/\"},\"author\":{\"name\":\"Filippo Francesco Idone\",\"@id\":\"https:\/\/progettotouring.it\/radiotouring104\/#\/schema\/person\/4a82259ca52ac8702ad1a8f9e5a3120b\"},\"headline\":\"Sanit\u00e0: Straface presenta una mozione al Consiglio Regionale\",\"datePublished\":\"2023-05-16T13:18:42+00:00\",\"dateModified\":\"2023-05-16T14:22:26+00:00\",\"mainEntityOfPage\":{\"@id\":\"https:\/\/progettotouring.it\/radiotouring104\/2023\/05\/16\/sanita-straface-presenta-una-mozione-al-consiglio-regionale\/\"},\"wordCount\":388,\"publisher\":{\"@id\":\"https:\/\/progettotouring.it\/radiotouring104\/#organization\"},\"image\":{\"@id\":\"https:\/\/progettotouring.it\/radiotouring104\/2023\/05\/16\/sanita-straface-presenta-una-mozione-al-consiglio-regionale\/#primaryimage\"},\"thumbnailUrl\":\"https:\/\/progettotouring.it\/radiotouring104\/wp-content\/uploads\/sites\/6\/2023\/03\/Pasqualina-Straface-3.jpeg\",\"keywords\":[\"forza italia\",\"osservatorio\",\"straface\"],\"articleSection\":[\"Calabria\",\"Home\",\"News\",\"Politica\"],\"inLanguage\":\"it-IT\"},{\"@type\":\"WebPage\",\"@id\":\"https:\/\/progettotouring.it\/radiotouring104\/2023\/05\/16\/sanita-straface-presenta-una-mozione-al-consiglio-regionale\/\",\"url\":\"https:\/\/progettotouring.it\/radiotouring104\/2023\/05\/16\/sanita-straface-presenta-una-mozione-al-consiglio-regionale\/\",\"name\":\"Sanit\u00e0: Straface presenta una mozione al Consiglio Regionale - Radio Touring 104\",\"isPartOf\":{\"@id\":\"https:\/\/progettotouring.it\/radiotouring104\/#website\"},\"primaryImageOfPage\":{\"@id\":\"https:\/\/progettotouring.it\/radiotouring104\/2023\/05\/16\/sanita-straface-presenta-una-mozione-al-consiglio-regionale\/#primaryimage\"},\"image\":{\"@id\":\"https:\/\/progettotouring.it\/radiotouring104\/2023\/05\/16\/sanita-straface-presenta-una-mozione-al-consiglio-regionale\/#primaryimage\"},\"thumbnailUrl\":\"https:\/\/progettotouring.it\/radiotouring104\/wp-content\/uploads\/sites\/6\/2023\/03\/Pasqualina-Straface-3.jpeg\",\"datePublished\":\"2023-05-16T13:18:42+00:00\",\"dateModified\":\"2023-05-16T14:22:26+00:00\",\"description\":\"Il consigliere regionale e presidente della commissione Sanit\u00e0, Straface, ha presentato una mozione nel corso del Consiglio regionale\",\"breadcrumb\":{\"@id\":\"https:\/\/progettotouring.it\/radiotouring104\/2023\/05\/16\/sanita-straface-presenta-una-mozione-al-consiglio-regionale\/#breadcrumb\"},\"inLanguage\":\"it-IT\",\"potentialAction\":[{\"@type\":\"ReadAction\",\"target\":[\"https:\/\/progettotouring.it\/radiotouring104\/2023\/05\/16\/sanita-straface-presenta-una-mozione-al-consiglio-regionale\/\"]}]},{\"@type\":\"ImageObject\",\"inLanguage\":\"it-IT\",\"@id\":\"https:\/\/progettotouring.it\/radiotouring104\/2023\/05\/16\/sanita-straface-presenta-una-mozione-al-consiglio-regionale\/#primaryimage\",\"url\":\"https:\/\/progettotouring.it\/radiotouring104\/wp-content\/uploads\/sites\/6\/2023\/03\/Pasqualina-Straface-3.jpeg\",\"contentUrl\":\"https:\/\/progettotouring.it\/radiotouring104\/wp-content\/uploads\/sites\/6\/2023\/03\/Pasqualina-Straface-3.jpeg\",\"width\":702,\"height\":468},{\"@type\":\"BreadcrumbList\",\"@id\":\"https:\/\/progettotouring.it\/radiotouring104\/2023\/05\/16\/sanita-straface-presenta-una-mozione-al-consiglio-regionale\/#breadcrumb\",\"itemListElement\":[{\"@type\":\"ListItem\",\"position\":1,\"name\":\"Home\",\"item\":\"https:\/\/progettotouring.it\/radiotouring104\/\"},{\"@type\":\"ListItem\",\"position\":2,\"name\":\"Sanit\u00e0: Straface presenta una mozione al Consiglio Regionale\"}]},{\"@type\":\"WebSite\",\"@id\":\"https:\/\/progettotouring.it\/radiotouring104\/#website\",\"url\":\"https:\/\/progettotouring.it\/radiotouring104\/\",\"name\":\"Radio Touring 104\",\"description\":\"La prima radio Reggina\",\"publisher\":{\"@id\":\"https:\/\/progettotouring.it\/radiotouring104\/#organization\"},\"potentialAction\":[{\"@type\":\"SearchAction\",\"target\":{\"@type\":\"EntryPoint\",\"urlTemplate\":\"https:\/\/progettotouring.it\/radiotouring104\/?s={search_term_string}\"},\"query-input\":{\"@type\":\"PropertyValueSpecification\",\"valueRequired\":true,\"valueName\":\"search_term_string\"}}],\"inLanguage\":\"it-IT\"},{\"@type\":\"Organization\",\"@id\":\"https:\/\/progettotouring.it\/radiotouring104\/#organization\",\"name\":\"Radio Touring 104\",\"url\":\"https:\/\/progettotouring.it\/radiotouring104\/\",\"logo\":{\"@type\":\"ImageObject\",\"inLanguage\":\"it-IT\",\"@id\":\"https:\/\/progettotouring.it\/radiotouring104\/#\/schema\/logo\/image\/\",\"url\":\"https:\/\/progettotouring.it\/radiotouring104\/wp-content\/uploads\/sites\/6\/2022\/02\/cropped-logo-radio-touring-104.png\",\"contentUrl\":\"https:\/\/progettotouring.it\/radiotouring104\/wp-content\/uploads\/sites\/6\/2022\/02\/cropped-logo-radio-touring-104.png\",\"width\":377,\"height\":182,\"caption\":\"Radio Touring 104\"},\"image\":{\"@id\":\"https:\/\/progettotouring.it\/radiotouring104\/#\/schema\/logo\/image\/\"}},{\"@type\":\"Person\",\"@id\":\"https:\/\/progettotouring.it\/radiotouring104\/#\/schema\/person\/4a82259ca52ac8702ad1a8f9e5a3120b\",\"name\":\"Filippo Francesco Idone\",\"image\":{\"@type\":\"ImageObject\",\"inLanguage\":\"it-IT\",\"@id\":\"https:\/\/secure.gravatar.com\/avatar\/7268715d2366395c3dd314385670e6484117d44f5c442e61e230f7008b7b62d3?s=96&d=mm&r=g\",\"url\":\"https:\/\/secure.gravatar.com\/avatar\/7268715d2366395c3dd314385670e6484117d44f5c442e61e230f7008b7b62d3?s=96&d=mm&r=g\",\"contentUrl\":\"https:\/\/secure.gravatar.com\/avatar\/7268715d2366395c3dd314385670e6484117d44f5c442e61e230f7008b7b62d3?s=96&d=mm&r=g\",\"caption\":\"Filippo Francesco Idone\"},\"url\":\"https:\/\/progettotouring.it\/radiotouring104\/author\/filippoidone\/\"}]}<\/script>\n<!-- \/ Yoast SEO plugin. -->","yoast_head_json":{"title":"Sanit\u00e0: Straface presenta una mozione al Consiglio Regionale - Radio Touring 104","description":"Il consigliere regionale e presidente della commissione Sanit\u00e0, Straface, ha presentato una mozione nel corso del Consiglio regionale","robots":{"index":"index","follow":"follow","max-snippet":"max-snippet:-1","max-image-preview":"max-image-preview:large","max-video-preview":"max-video-preview:-1"},"canonical":"https:\/\/progettotouring.it\/radiotouring104\/2023\/05\/16\/sanita-straface-presenta-una-mozione-al-consiglio-regionale\/","og_locale":"it_IT","og_type":"article","og_title":"Sanit\u00e0: Straface presenta una mozione al Consiglio Regionale - Radio Touring 104","og_description":"Il consigliere regionale e presidente della commissione Sanit\u00e0, Straface, ha presentato una mozione nel corso del Consiglio regionale","og_url":"https:\/\/progettotouring.it\/radiotouring104\/2023\/05\/16\/sanita-straface-presenta-una-mozione-al-consiglio-regionale\/","og_site_name":"Radio Touring 104","article_published_time":"2023-05-16T13:18:42+00:00","article_modified_time":"2023-05-16T14:22:26+00:00","og_image":[{"width":702,"height":468,"url":"https:\/\/progettotouring.it\/radiotouring104\/wp-content\/uploads\/sites\/6\/2023\/03\/Pasqualina-Straface-3.jpeg","type":"image\/jpeg"}],"author":"Filippo Francesco Idone","twitter_card":"summary_large_image","twitter_misc":{"Scritto da":"Filippo Francesco Idone","Tempo di lettura stimato":"2 minuti"},"schema":{"@context":"https:\/\/schema.org","@graph":[{"@type":"Article","@id":"https:\/\/progettotouring.it\/radiotouring104\/2023\/05\/16\/sanita-straface-presenta-una-mozione-al-consiglio-regionale\/#article","isPartOf":{"@id":"https:\/\/progettotouring.it\/radiotouring104\/2023\/05\/16\/sanita-straface-presenta-una-mozione-al-consiglio-regionale\/"},"author":{"name":"Filippo Francesco Idone","@id":"https:\/\/progettotouring.it\/radiotouring104\/#\/schema\/person\/4a82259ca52ac8702ad1a8f9e5a3120b"},"headline":"Sanit\u00e0: Straface presenta una mozione al Consiglio Regionale","datePublished":"2023-05-16T13:18:42+00:00","dateModified":"2023-05-16T14:22:26+00:00","mainEntityOfPage":{"@id":"https:\/\/progettotouring.it\/radiotouring104\/2023\/05\/16\/sanita-straface-presenta-una-mozione-al-consiglio-regionale\/"},"wordCount":388,"publisher":{"@id":"https:\/\/progettotouring.it\/radiotouring104\/#organization"},"image":{"@id":"https:\/\/progettotouring.it\/radiotouring104\/2023\/05\/16\/sanita-straface-presenta-una-mozione-al-consiglio-regionale\/#primaryimage"},"thumbnailUrl":"https:\/\/progettotouring.it\/radiotouring104\/wp-content\/uploads\/sites\/6\/2023\/03\/Pasqualina-Straface-3.jpeg","keywords":["forza italia","osservatorio","straface"],"articleSection":["Calabria","Home","News","Politica"],"inLanguage":"it-IT"},{"@type":"WebPage","@id":"https:\/\/progettotouring.it\/radiotouring104\/2023\/05\/16\/sanita-straface-presenta-una-mozione-al-consiglio-regionale\/","url":"https:\/\/progettotouring.it\/radiotouring104\/2023\/05\/16\/sanita-straface-presenta-una-mozione-al-consiglio-regionale\/","name":"Sanit\u00e0: Straface presenta una mozione al Consiglio Regionale - Radio Touring 104","isPartOf":{"@id":"https:\/\/progettotouring.it\/radiotouring104\/#website"},"primaryImageOfPage":{"@id":"https:\/\/progettotouring.it\/radiotouring104\/2023\/05\/16\/sanita-straface-presenta-una-mozione-al-consiglio-regionale\/#primaryimage"},"image":{"@id":"https:\/\/progettotouring.it\/radiotouring104\/2023\/05\/16\/sanita-straface-presenta-una-mozione-al-consiglio-regionale\/#primaryimage"},"thumbnailUrl":"https:\/\/progettotouring.it\/radiotouring104\/wp-content\/uploads\/sites\/6\/2023\/03\/Pasqualina-Straface-3.jpeg","datePublished":"2023-05-16T13:18:42+00:00","dateModified":"2023-05-16T14:22:26+00:00","description":"Il consigliere regionale e presidente della commissione Sanit\u00e0, Straface, ha presentato una mozione nel corso del Consiglio regionale","breadcrumb":{"@id":"https:\/\/progettotouring.it\/radiotouring104\/2023\/05\/16\/sanita-straface-presenta-una-mozione-al-consiglio-regionale\/#breadcrumb"},"inLanguage":"it-IT","potentialAction":[{"@type":"ReadAction","target":["https:\/\/progettotouring.it\/radiotouring104\/2023\/05\/16\/sanita-straface-presenta-una-mozione-al-consiglio-regionale\/"]}]},{"@type":"ImageObject","inLanguage":"it-IT","@id":"https:\/\/progettotouring.it\/radiotouring104\/2023\/05\/16\/sanita-straface-presenta-una-mozione-al-consiglio-regionale\/#primaryimage","url":"https:\/\/progettotouring.it\/radiotouring104\/wp-content\/uploads\/sites\/6\/2023\/03\/Pasqualina-Straface-3.jpeg","contentUrl":"https:\/\/progettotouring.it\/radiotouring104\/wp-content\/uploads\/sites\/6\/2023\/03\/Pasqualina-Straface-3.jpeg","width":702,"height":468},{"@type":"BreadcrumbList","@id":"https:\/\/progettotouring.it\/radiotouring104\/2023\/05\/16\/sanita-straface-presenta-una-mozione-al-consiglio-regionale\/#breadcrumb","itemListElement":[{"@type":"ListItem","position":1,"name":"Home","item":"https:\/\/progettotouring.it\/radiotouring104\/"},{"@type":"ListItem","position":2,"name":"Sanit\u00e0: Straface presenta una mozione al Consiglio Regionale"}]},{"@type":"WebSite","@id":"https:\/\/progettotouring.it\/radiotouring104\/#website","url":"https:\/\/progettotouring.it\/radiotouring104\/","name":"Radio Touring 104","description":"La prima radio Reggina","publisher":{"@id":"https:\/\/progettotouring.it\/radiotouring104\/#organization"},"potentialAction":[{"@type":"SearchAction","target":{"@type":"EntryPoint","urlTemplate":"https:\/\/progettotouring.it\/radiotouring104\/?s={search_term_string}"},"query-input":{"@type":"PropertyValueSpecification","valueRequired":true,"valueName":"search_term_string"}}],"inLanguage":"it-IT"},{"@type":"Organization","@id":"https:\/\/progettotouring.it\/radiotouring104\/#organization","name":"Radio Touring 104","url":"https:\/\/progettotouring.it\/radiotouring104\/","logo":{"@type":"ImageObject","inLanguage":"it-IT","@id":"https:\/\/progettotouring.it\/radiotouring104\/#\/schema\/logo\/image\/","url":"https:\/\/progettotouring.it\/radiotouring104\/wp-content\/uploads\/sites\/6\/2022\/02\/cropped-logo-radio-touring-104.png","contentUrl":"https:\/\/progettotouring.it\/radiotouring104\/wp-content\/uploads\/sites\/6\/2022\/02\/cropped-logo-radio-touring-104.png","width":377,"height":182,"caption":"Radio Touring 104"},"image":{"@id":"https:\/\/progettotouring.it\/radiotouring104\/#\/schema\/logo\/image\/"}},{"@type":"Person","@id":"https:\/\/progettotouring.it\/radiotouring104\/#\/schema\/person\/4a82259ca52ac8702ad1a8f9e5a3120b","name":"Filippo Francesco Idone","image":{"@type":"ImageObject","inLanguage":"it-IT","@id":"https:\/\/secure.gravatar.com\/avatar\/7268715d2366395c3dd314385670e6484117d44f5c442e61e230f7008b7b62d3?s=96&d=mm&r=g","url":"https:\/\/secure.gravatar.com\/avatar\/7268715d2366395c3dd314385670e6484117d44f5c442e61e230f7008b7b62d3?s=96&d=mm&r=g","contentUrl":"https:\/\/secure.gravatar.com\/avatar\/7268715d2366395c3dd314385670e6484117d44f5c442e61e230f7008b7b62d3?s=96&d=mm&r=g","caption":"Filippo Francesco Idone"},"url":"https:\/\/progettotouring.it\/radiotouring104\/author\/filippoidone\/"}]}},"jetpack_publicize_connections":[],"jetpack_featured_media_url":"https:\/\/progettotouring.it\/radiotouring104\/wp-content\/uploads\/sites\/6\/2023\/03\/Pasqualina-Straface-3.jpeg","jetpack_sharing_enabled":true,"_links":{"self":[{"href":"https:\/\/progettotouring.it\/radiotouring104\/wp-json\/wp\/v2\/posts\/25916","targetHints":{"allow":["GET"]}}],"collection":[{"href":"https:\/\/progettotouring.it\/radiotouring104\/wp-json\/wp\/v2\/posts"}],"about":[{"href":"https:\/\/progettotouring.it\/radiotouring104\/wp-json\/wp\/v2\/types\/post"}],"author":[{"embeddable":true,"href":"https:\/\/progettotouring.it\/radiotouring104\/wp-json\/wp\/v2\/users\/8"}],"replies":[{"embeddable":true,"href":"https:\/\/progettotouring.it\/radiotouring104\/wp-json\/wp\/v2\/comments?post=25916"}],"version-history":[{"count":1,"href":"https:\/\/progettotouring.it\/radiotouring104\/wp-json\/wp\/v2\/posts\/25916\/revisions"}],"predecessor-version":[{"id":25917,"href":"https:\/\/progettotouring.it\/radiotouring104\/wp-json\/wp\/v2\/posts\/25916\/revisions\/25917"}],"wp:featuredmedia":[{"embeddable":true,"href":"https:\/\/progettotouring.it\/radiotouring104\/wp-json\/wp\/v2\/media\/22104"}],"wp:attachment":[{"href":"https:\/\/progettotouring.it\/radiotouring104\/wp-json\/wp\/v2\/media?parent=25916"}],"wp:term":[{"taxonomy":"category","embeddable":true,"href":"https:\/\/progettotouring.it\/radiotouring104\/wp-json\/wp\/v2\/categories?post=25916"},{"taxonomy":"post_tag","embeddable":true,"href":"https:\/\/progettotouring.it\/radiotouring104\/wp-json\/wp\/v2\/tags?post=25916"}],"curies":[{"name":"wp","href":"https:\/\/api.w.org\/{rel}","templated":true}]}}