{"id":25918,"date":"2023-05-16T16:26:07","date_gmt":"2023-05-16T14:26:07","guid":{"rendered":"https:\/\/progettotouring.it\/radiotouring104\/?p=25918"},"modified":"2023-05-16T16:26:07","modified_gmt":"2023-05-16T14:26:07","slug":"a-cosenza-giunge-il-jewish-calabria","status":"publish","type":"post","link":"https:\/\/progettotouring.it\/radiotouring104\/2023\/05\/16\/a-cosenza-giunge-il-jewish-calabria\/","title":{"rendered":"A Cosenza giunge il Jewish Calabria"},"content":{"rendered":"<p class=\"xmprfx_v1msonormal\" style=\"text-align: justify\">Il prossimo mercoled\u00ec 31 maggio si svolger\u00e0 a Bisignano, in provincia di Cosenza, il IV convegno del percorso <strong>&#8220;Jewish Calabria<\/strong>&#8221; che prevede una serie di eventi per promuovere le Giudecche e i beni culturali ebraici della regione. Come \u00e8\u00a0noto, il comune di Bisignano, guidato dal sindaco Francesco Fucile, ogni anno d\u00e0 vita al &#8220;Palio di Bisignano&#8221;\u00a0a cui partecipano varie contrade tra i quali\u00a0proprio il rione &#8216;Giudecca&#8217;\u00a0dove per centinaia di anni\u00a0risiedette\u00a0una operosa comunit\u00e0 ebraica perfettamente integrata fino a quando fu costretta ad abbandonare il borgo del cosentino per effetto di un famigerato editto di espulsione che coinvolse tutto il Regno di Napoli.<\/p>\n<p class=\"xmprfx_v1msonormal\" style=\"text-align: justify\">Al convegno &#8220;<strong>Jewish Calabria&#8221;<\/strong> di <strong>Bisignano<\/strong> del prossimo 31 maggio\u00a0parteciperanno diverse personalit\u00e0 ed esponenti del mondo ebraico italiano e non solo tra cui il vice\u00a0presidente dell&#8217;UCEI (Unione delle Comunit\u00e0 Ebraiche Italiane) Giulio Disegni. L&#8217;evento sar\u00e0 aperto al pubblico e si svolger\u00e0 presso la sede del Consiglio Comunale e per l&#8217;occasione verr\u00e0 eccezionalmente esposto il dipinto &#8220;Il Martirio di San Bartolomeo&#8221;. L&#8217;opera fu realizzata dall&#8217;artista ebreo cecoslovacco Michel Fingesten, internato nel Campo di Concentramento di Ferramonti di Tarsia e morto nel 1943 in seguito ad un attacco di appendicite. Fingesten, nonostante la terribile esperienza dell&#8217;internamento, svilupp\u00f2 con la Calabria un rapporto di amore che si tradusse in opere d&#8217;arte straordinarie concepite proprio in questa terra.\u00a0Il &#8216;Martirio&#8217; \u00e8 una di queste opere ed \u00e8\u00a0attualmente custodito all\u2019interno del Museo Diocesano di arte sacra di Bisignano. Il\u00a0giorno del convegno verr\u00e0 trasferito e potr\u00e0 essere ammirato per qualche ora presso il Palazzo Municipale nel rispetto di tutte le misure di sicurezza\u00a0necessarie.<\/p>\n","protected":false},"excerpt":{"rendered":"<p>Il prossimo mercoled\u00ec 31 maggio si svolger\u00e0 a Bisignano, in provincia di Cosenza, il IV convegno del percorso &#8220;Jewish Calabria&#8221; che prevede una serie di eventi per promuovere le Giudecche&hellip;<\/p>\n","protected":false},"author":8,"featured_media":25919,"comment_status":"closed","ping_status":"open","sticky":false,"template":"","format":"standard","meta":{"_jetpack_memberships_contains_paid_content":false,"footnotes":"","jetpack_publicize_message":"","jetpack_publicize_feature_enabled":true,"jetpack_social_post_already_shared":false,"jetpack_social_options":{"image_generator_settings":{"template":"highway","default_image_id":0,"font":"","enabled":false},"version":2}},"categories":[142,921,196],"tags":[354,15292],"class_list":["post-25918","post","type-post","status-publish","format-standard","has-post-thumbnail","hentry","category-calabria","category-home","category-news","tag-cosenza","tag-jewish-calabria"],"yoast_head":"<!-- This site is optimized with the Yoast SEO plugin v27.2 - https:\/\/yoast.com\/product\/yoast-seo-wordpress\/ -->\n<title>A Cosenza giunge il Jewish Calabria - Radio Touring 104<\/title>\n<meta name=\"description\" content=\"Mercoled\u00ec 31 maggio si svolger\u00e0 a Bisignano, in provincia di Cosenza, il IV convegno del percorso &quot;Jewish Calabria&quot;\" \/>\n<meta name=\"robots\" content=\"index, follow, max-snippet:-1, max-image-preview:large, max-video-preview:-1\" \/>\n<link rel=\"canonical\" href=\"https:\/\/progettotouring.it\/radiotouring104\/2023\/05\/16\/a-cosenza-giunge-il-jewish-calabria\/\" \/>\n<meta property=\"og:locale\" content=\"it_IT\" \/>\n<meta property=\"og:type\" content=\"article\" \/>\n<meta property=\"og:title\" content=\"A Cosenza giunge il Jewish Calabria - Radio Touring 104\" \/>\n<meta property=\"og:description\" content=\"Mercoled\u00ec 31 maggio si svolger\u00e0 a Bisignano, in provincia di Cosenza, il IV convegno del percorso &quot;Jewish Calabria&quot;\" \/>\n<meta property=\"og:url\" content=\"https:\/\/progettotouring.it\/radiotouring104\/2023\/05\/16\/a-cosenza-giunge-il-jewish-calabria\/\" \/>\n<meta property=\"og:site_name\" content=\"Radio Touring 104\" \/>\n<meta property=\"article:published_time\" content=\"2023-05-16T14:26:07+00:00\" \/>\n<meta property=\"og:image\" content=\"https:\/\/progettotouring.it\/radiotouring104\/wp-content\/uploads\/sites\/6\/2023\/05\/Jewish-Calabria.jpg\" \/>\n\t<meta property=\"og:image:width\" content=\"938\" \/>\n\t<meta property=\"og:image:height\" content=\"938\" \/>\n\t<meta property=\"og:image:type\" content=\"image\/jpeg\" \/>\n<meta name=\"author\" content=\"Filippo Francesco Idone\" \/>\n<meta name=\"twitter:card\" content=\"summary_large_image\" \/>\n<meta name=\"twitter:label1\" content=\"Scritto da\" \/>\n\t<meta name=\"twitter:data1\" content=\"Filippo Francesco Idone\" \/>\n\t<meta name=\"twitter:label2\" content=\"Tempo di lettura stimato\" \/>\n\t<meta name=\"twitter:data2\" content=\"1 minuto\" \/>\n<script type=\"application\/ld+json\" class=\"yoast-schema-graph\">{\"@context\":\"https:\/\/schema.org\",\"@graph\":[{\"@type\":\"Article\",\"@id\":\"https:\/\/progettotouring.it\/radiotouring104\/2023\/05\/16\/a-cosenza-giunge-il-jewish-calabria\/#article\",\"isPartOf\":{\"@id\":\"https:\/\/progettotouring.it\/radiotouring104\/2023\/05\/16\/a-cosenza-giunge-il-jewish-calabria\/\"},\"author\":{\"name\":\"Filippo Francesco Idone\",\"@id\":\"https:\/\/progettotouring.it\/radiotouring104\/#\/schema\/person\/4a82259ca52ac8702ad1a8f9e5a3120b\"},\"headline\":\"A Cosenza giunge il Jewish Calabria\",\"datePublished\":\"2023-05-16T14:26:07+00:00\",\"mainEntityOfPage\":{\"@id\":\"https:\/\/progettotouring.it\/radiotouring104\/2023\/05\/16\/a-cosenza-giunge-il-jewish-calabria\/\"},\"wordCount\":270,\"publisher\":{\"@id\":\"https:\/\/progettotouring.it\/radiotouring104\/#organization\"},\"image\":{\"@id\":\"https:\/\/progettotouring.it\/radiotouring104\/2023\/05\/16\/a-cosenza-giunge-il-jewish-calabria\/#primaryimage\"},\"thumbnailUrl\":\"https:\/\/progettotouring.it\/radiotouring104\/wp-content\/uploads\/sites\/6\/2023\/05\/Jewish-Calabria.jpg\",\"keywords\":[\"Cosenza\",\"Jewish Calabria\\\"\"],\"articleSection\":[\"Calabria\",\"Home\",\"News\"],\"inLanguage\":\"it-IT\"},{\"@type\":\"WebPage\",\"@id\":\"https:\/\/progettotouring.it\/radiotouring104\/2023\/05\/16\/a-cosenza-giunge-il-jewish-calabria\/\",\"url\":\"https:\/\/progettotouring.it\/radiotouring104\/2023\/05\/16\/a-cosenza-giunge-il-jewish-calabria\/\",\"name\":\"A Cosenza giunge il Jewish Calabria - Radio Touring 104\",\"isPartOf\":{\"@id\":\"https:\/\/progettotouring.it\/radiotouring104\/#website\"},\"primaryImageOfPage\":{\"@id\":\"https:\/\/progettotouring.it\/radiotouring104\/2023\/05\/16\/a-cosenza-giunge-il-jewish-calabria\/#primaryimage\"},\"image\":{\"@id\":\"https:\/\/progettotouring.it\/radiotouring104\/2023\/05\/16\/a-cosenza-giunge-il-jewish-calabria\/#primaryimage\"},\"thumbnailUrl\":\"https:\/\/progettotouring.it\/radiotouring104\/wp-content\/uploads\/sites\/6\/2023\/05\/Jewish-Calabria.jpg\",\"datePublished\":\"2023-05-16T14:26:07+00:00\",\"description\":\"Mercoled\u00ec 31 maggio si svolger\u00e0 a Bisignano, in provincia di Cosenza, il IV convegno del percorso \\\"Jewish Calabria\\\"\",\"breadcrumb\":{\"@id\":\"https:\/\/progettotouring.it\/radiotouring104\/2023\/05\/16\/a-cosenza-giunge-il-jewish-calabria\/#breadcrumb\"},\"inLanguage\":\"it-IT\",\"potentialAction\":[{\"@type\":\"ReadAction\",\"target\":[\"https:\/\/progettotouring.it\/radiotouring104\/2023\/05\/16\/a-cosenza-giunge-il-jewish-calabria\/\"]}]},{\"@type\":\"ImageObject\",\"inLanguage\":\"it-IT\",\"@id\":\"https:\/\/progettotouring.it\/radiotouring104\/2023\/05\/16\/a-cosenza-giunge-il-jewish-calabria\/#primaryimage\",\"url\":\"https:\/\/progettotouring.it\/radiotouring104\/wp-content\/uploads\/sites\/6\/2023\/05\/Jewish-Calabria.jpg\",\"contentUrl\":\"https:\/\/progettotouring.it\/radiotouring104\/wp-content\/uploads\/sites\/6\/2023\/05\/Jewish-Calabria.jpg\",\"width\":938,\"height\":938},{\"@type\":\"BreadcrumbList\",\"@id\":\"https:\/\/progettotouring.it\/radiotouring104\/2023\/05\/16\/a-cosenza-giunge-il-jewish-calabria\/#breadcrumb\",\"itemListElement\":[{\"@type\":\"ListItem\",\"position\":1,\"name\":\"Home\",\"item\":\"https:\/\/progettotouring.it\/radiotouring104\/\"},{\"@type\":\"ListItem\",\"position\":2,\"name\":\"A Cosenza giunge il Jewish Calabria\"}]},{\"@type\":\"WebSite\",\"@id\":\"https:\/\/progettotouring.it\/radiotouring104\/#website\",\"url\":\"https:\/\/progettotouring.it\/radiotouring104\/\",\"name\":\"Radio Touring 104\",\"description\":\"La prima radio Reggina\",\"publisher\":{\"@id\":\"https:\/\/progettotouring.it\/radiotouring104\/#organization\"},\"potentialAction\":[{\"@type\":\"SearchAction\",\"target\":{\"@type\":\"EntryPoint\",\"urlTemplate\":\"https:\/\/progettotouring.it\/radiotouring104\/?s={search_term_string}\"},\"query-input\":{\"@type\":\"PropertyValueSpecification\",\"valueRequired\":true,\"valueName\":\"search_term_string\"}}],\"inLanguage\":\"it-IT\"},{\"@type\":\"Organization\",\"@id\":\"https:\/\/progettotouring.it\/radiotouring104\/#organization\",\"name\":\"Radio Touring 104\",\"url\":\"https:\/\/progettotouring.it\/radiotouring104\/\",\"logo\":{\"@type\":\"ImageObject\",\"inLanguage\":\"it-IT\",\"@id\":\"https:\/\/progettotouring.it\/radiotouring104\/#\/schema\/logo\/image\/\",\"url\":\"https:\/\/progettotouring.it\/radiotouring104\/wp-content\/uploads\/sites\/6\/2022\/02\/cropped-logo-radio-touring-104.png\",\"contentUrl\":\"https:\/\/progettotouring.it\/radiotouring104\/wp-content\/uploads\/sites\/6\/2022\/02\/cropped-logo-radio-touring-104.png\",\"width\":377,\"height\":182,\"caption\":\"Radio Touring 104\"},\"image\":{\"@id\":\"https:\/\/progettotouring.it\/radiotouring104\/#\/schema\/logo\/image\/\"}},{\"@type\":\"Person\",\"@id\":\"https:\/\/progettotouring.it\/radiotouring104\/#\/schema\/person\/4a82259ca52ac8702ad1a8f9e5a3120b\",\"name\":\"Filippo Francesco Idone\",\"image\":{\"@type\":\"ImageObject\",\"inLanguage\":\"it-IT\",\"@id\":\"https:\/\/secure.gravatar.com\/avatar\/7268715d2366395c3dd314385670e6484117d44f5c442e61e230f7008b7b62d3?s=96&d=mm&r=g\",\"url\":\"https:\/\/secure.gravatar.com\/avatar\/7268715d2366395c3dd314385670e6484117d44f5c442e61e230f7008b7b62d3?s=96&d=mm&r=g\",\"contentUrl\":\"https:\/\/secure.gravatar.com\/avatar\/7268715d2366395c3dd314385670e6484117d44f5c442e61e230f7008b7b62d3?s=96&d=mm&r=g\",\"caption\":\"Filippo Francesco Idone\"},\"url\":\"https:\/\/progettotouring.it\/radiotouring104\/author\/filippoidone\/\"}]}<\/script>\n<!-- \/ Yoast SEO plugin. -->","yoast_head_json":{"title":"A Cosenza giunge il Jewish Calabria - Radio Touring 104","description":"Mercoled\u00ec 31 maggio si svolger\u00e0 a Bisignano, in provincia di Cosenza, il IV convegno del percorso \"Jewish Calabria\"","robots":{"index":"index","follow":"follow","max-snippet":"max-snippet:-1","max-image-preview":"max-image-preview:large","max-video-preview":"max-video-preview:-1"},"canonical":"https:\/\/progettotouring.it\/radiotouring104\/2023\/05\/16\/a-cosenza-giunge-il-jewish-calabria\/","og_locale":"it_IT","og_type":"article","og_title":"A Cosenza giunge il Jewish Calabria - Radio Touring 104","og_description":"Mercoled\u00ec 31 maggio si svolger\u00e0 a Bisignano, in provincia di Cosenza, il IV convegno del percorso \"Jewish Calabria\"","og_url":"https:\/\/progettotouring.it\/radiotouring104\/2023\/05\/16\/a-cosenza-giunge-il-jewish-calabria\/","og_site_name":"Radio Touring 104","article_published_time":"2023-05-16T14:26:07+00:00","og_image":[{"width":938,"height":938,"url":"https:\/\/progettotouring.it\/radiotouring104\/wp-content\/uploads\/sites\/6\/2023\/05\/Jewish-Calabria.jpg","type":"image\/jpeg"}],"author":"Filippo Francesco Idone","twitter_card":"summary_large_image","twitter_misc":{"Scritto da":"Filippo Francesco Idone","Tempo di lettura stimato":"1 minuto"},"schema":{"@context":"https:\/\/schema.org","@graph":[{"@type":"Article","@id":"https:\/\/progettotouring.it\/radiotouring104\/2023\/05\/16\/a-cosenza-giunge-il-jewish-calabria\/#article","isPartOf":{"@id":"https:\/\/progettotouring.it\/radiotouring104\/2023\/05\/16\/a-cosenza-giunge-il-jewish-calabria\/"},"author":{"name":"Filippo Francesco Idone","@id":"https:\/\/progettotouring.it\/radiotouring104\/#\/schema\/person\/4a82259ca52ac8702ad1a8f9e5a3120b"},"headline":"A Cosenza giunge il Jewish Calabria","datePublished":"2023-05-16T14:26:07+00:00","mainEntityOfPage":{"@id":"https:\/\/progettotouring.it\/radiotouring104\/2023\/05\/16\/a-cosenza-giunge-il-jewish-calabria\/"},"wordCount":270,"publisher":{"@id":"https:\/\/progettotouring.it\/radiotouring104\/#organization"},"image":{"@id":"https:\/\/progettotouring.it\/radiotouring104\/2023\/05\/16\/a-cosenza-giunge-il-jewish-calabria\/#primaryimage"},"thumbnailUrl":"https:\/\/progettotouring.it\/radiotouring104\/wp-content\/uploads\/sites\/6\/2023\/05\/Jewish-Calabria.jpg","keywords":["Cosenza","Jewish Calabria\""],"articleSection":["Calabria","Home","News"],"inLanguage":"it-IT"},{"@type":"WebPage","@id":"https:\/\/progettotouring.it\/radiotouring104\/2023\/05\/16\/a-cosenza-giunge-il-jewish-calabria\/","url":"https:\/\/progettotouring.it\/radiotouring104\/2023\/05\/16\/a-cosenza-giunge-il-jewish-calabria\/","name":"A Cosenza giunge il Jewish Calabria - Radio Touring 104","isPartOf":{"@id":"https:\/\/progettotouring.it\/radiotouring104\/#website"},"primaryImageOfPage":{"@id":"https:\/\/progettotouring.it\/radiotouring104\/2023\/05\/16\/a-cosenza-giunge-il-jewish-calabria\/#primaryimage"},"image":{"@id":"https:\/\/progettotouring.it\/radiotouring104\/2023\/05\/16\/a-cosenza-giunge-il-jewish-calabria\/#primaryimage"},"thumbnailUrl":"https:\/\/progettotouring.it\/radiotouring104\/wp-content\/uploads\/sites\/6\/2023\/05\/Jewish-Calabria.jpg","datePublished":"2023-05-16T14:26:07+00:00","description":"Mercoled\u00ec 31 maggio si svolger\u00e0 a Bisignano, in provincia di Cosenza, il IV convegno del percorso \"Jewish Calabria\"","breadcrumb":{"@id":"https:\/\/progettotouring.it\/radiotouring104\/2023\/05\/16\/a-cosenza-giunge-il-jewish-calabria\/#breadcrumb"},"inLanguage":"it-IT","potentialAction":[{"@type":"ReadAction","target":["https:\/\/progettotouring.it\/radiotouring104\/2023\/05\/16\/a-cosenza-giunge-il-jewish-calabria\/"]}]},{"@type":"ImageObject","inLanguage":"it-IT","@id":"https:\/\/progettotouring.it\/radiotouring104\/2023\/05\/16\/a-cosenza-giunge-il-jewish-calabria\/#primaryimage","url":"https:\/\/progettotouring.it\/radiotouring104\/wp-content\/uploads\/sites\/6\/2023\/05\/Jewish-Calabria.jpg","contentUrl":"https:\/\/progettotouring.it\/radiotouring104\/wp-content\/uploads\/sites\/6\/2023\/05\/Jewish-Calabria.jpg","width":938,"height":938},{"@type":"BreadcrumbList","@id":"https:\/\/progettotouring.it\/radiotouring104\/2023\/05\/16\/a-cosenza-giunge-il-jewish-calabria\/#breadcrumb","itemListElement":[{"@type":"ListItem","position":1,"name":"Home","item":"https:\/\/progettotouring.it\/radiotouring104\/"},{"@type":"ListItem","position":2,"name":"A Cosenza giunge il Jewish Calabria"}]},{"@type":"WebSite","@id":"https:\/\/progettotouring.it\/radiotouring104\/#website","url":"https:\/\/progettotouring.it\/radiotouring104\/","name":"Radio Touring 104","description":"La prima radio Reggina","publisher":{"@id":"https:\/\/progettotouring.it\/radiotouring104\/#organization"},"potentialAction":[{"@type":"SearchAction","target":{"@type":"EntryPoint","urlTemplate":"https:\/\/progettotouring.it\/radiotouring104\/?s={search_term_string}"},"query-input":{"@type":"PropertyValueSpecification","valueRequired":true,"valueName":"search_term_string"}}],"inLanguage":"it-IT"},{"@type":"Organization","@id":"https:\/\/progettotouring.it\/radiotouring104\/#organization","name":"Radio Touring 104","url":"https:\/\/progettotouring.it\/radiotouring104\/","logo":{"@type":"ImageObject","inLanguage":"it-IT","@id":"https:\/\/progettotouring.it\/radiotouring104\/#\/schema\/logo\/image\/","url":"https:\/\/progettotouring.it\/radiotouring104\/wp-content\/uploads\/sites\/6\/2022\/02\/cropped-logo-radio-touring-104.png","contentUrl":"https:\/\/progettotouring.it\/radiotouring104\/wp-content\/uploads\/sites\/6\/2022\/02\/cropped-logo-radio-touring-104.png","width":377,"height":182,"caption":"Radio Touring 104"},"image":{"@id":"https:\/\/progettotouring.it\/radiotouring104\/#\/schema\/logo\/image\/"}},{"@type":"Person","@id":"https:\/\/progettotouring.it\/radiotouring104\/#\/schema\/person\/4a82259ca52ac8702ad1a8f9e5a3120b","name":"Filippo Francesco Idone","image":{"@type":"ImageObject","inLanguage":"it-IT","@id":"https:\/\/secure.gravatar.com\/avatar\/7268715d2366395c3dd314385670e6484117d44f5c442e61e230f7008b7b62d3?s=96&d=mm&r=g","url":"https:\/\/secure.gravatar.com\/avatar\/7268715d2366395c3dd314385670e6484117d44f5c442e61e230f7008b7b62d3?s=96&d=mm&r=g","contentUrl":"https:\/\/secure.gravatar.com\/avatar\/7268715d2366395c3dd314385670e6484117d44f5c442e61e230f7008b7b62d3?s=96&d=mm&r=g","caption":"Filippo Francesco Idone"},"url":"https:\/\/progettotouring.it\/radiotouring104\/author\/filippoidone\/"}]}},"jetpack_publicize_connections":[],"jetpack_featured_media_url":"https:\/\/progettotouring.it\/radiotouring104\/wp-content\/uploads\/sites\/6\/2023\/05\/Jewish-Calabria.jpg","jetpack_sharing_enabled":true,"_links":{"self":[{"href":"https:\/\/progettotouring.it\/radiotouring104\/wp-json\/wp\/v2\/posts\/25918","targetHints":{"allow":["GET"]}}],"collection":[{"href":"https:\/\/progettotouring.it\/radiotouring104\/wp-json\/wp\/v2\/posts"}],"about":[{"href":"https:\/\/progettotouring.it\/radiotouring104\/wp-json\/wp\/v2\/types\/post"}],"author":[{"embeddable":true,"href":"https:\/\/progettotouring.it\/radiotouring104\/wp-json\/wp\/v2\/users\/8"}],"replies":[{"embeddable":true,"href":"https:\/\/progettotouring.it\/radiotouring104\/wp-json\/wp\/v2\/comments?post=25918"}],"version-history":[{"count":1,"href":"https:\/\/progettotouring.it\/radiotouring104\/wp-json\/wp\/v2\/posts\/25918\/revisions"}],"predecessor-version":[{"id":25920,"href":"https:\/\/progettotouring.it\/radiotouring104\/wp-json\/wp\/v2\/posts\/25918\/revisions\/25920"}],"wp:featuredmedia":[{"embeddable":true,"href":"https:\/\/progettotouring.it\/radiotouring104\/wp-json\/wp\/v2\/media\/25919"}],"wp:attachment":[{"href":"https:\/\/progettotouring.it\/radiotouring104\/wp-json\/wp\/v2\/media?parent=25918"}],"wp:term":[{"taxonomy":"category","embeddable":true,"href":"https:\/\/progettotouring.it\/radiotouring104\/wp-json\/wp\/v2\/categories?post=25918"},{"taxonomy":"post_tag","embeddable":true,"href":"https:\/\/progettotouring.it\/radiotouring104\/wp-json\/wp\/v2\/tags?post=25918"}],"curies":[{"name":"wp","href":"https:\/\/api.w.org\/{rel}","templated":true}]}}