{"id":25941,"date":"2023-05-17T10:08:35","date_gmt":"2023-05-17T08:08:35","guid":{"rendered":"https:\/\/progettotouring.it\/radiotouring104\/?p=25941"},"modified":"2023-05-17T10:18:16","modified_gmt":"2023-05-17T08:18:16","slug":"25941","status":"publish","type":"post","link":"https:\/\/progettotouring.it\/radiotouring104\/2023\/05\/17\/25941\/","title":{"rendered":"Ponte, Comune Villa rivendica esclusione da societ\u00e0 costruttrice"},"content":{"rendered":"<div dir=\"auto\" style=\"text-align: justify\"><strong>Villa San Giovanni,<\/strong> al pari di Messina, <strong>resta fuori dalla societ\u00e0 del Ponte<\/strong> avendo il Governo posto la fiducia alla Camera sul disegno di legge di conversione in legge del decreto 35\/2023 recante disposizioni urgenti per la realizzazione del collegamento stabile tra la Sicilia e la Calabria, <strong>ma diventa<\/strong> comunque <strong>protagonista<\/strong> in Parlamento<strong> grazie a<\/strong> tutte le forze politiche, che hanno presentato una serie di ordini del giorno per riconoscere alla Citt\u00e0 quel ruolo unico che detiene quale passaggio obbligato per l\u2019attraversamento gommato e ferroviario e, ovviamente, quale comune calabrese del Ponte sullo Stretto.<\/div>\n<div dir=\"auto\" style=\"text-align: justify\">Abbiamo con attenzione seguito i lavori e gli interventi, abbiamo con attenzione letto gli odg presentati dal Partito Democratico e dal Movimento Cinque Stelle che recepivano per intero la nostra richiesta di essere seduti al CdA della riattivanda societ\u00e0 a titolo gratuito: <strong>la maggioranza ha deciso diversamente e noi, non<\/strong> per questo, <strong>smetteremo di rivendicare<\/strong> quella presenza, per necessit\u00e0 e senza volere con ci\u00f2 creare alcun precedente rispetto alle grandi opere, ma solo perch\u00e9 il Ponte non \u00e8 una grande opera ma \u00e8 l\u2019opera ingegneristica pi\u00f9 importante al Mondo e dall\u2019impatto pi\u00f9 evidente sui nostri territori.<\/div>\n<div dir=\"auto\" style=\"text-align: justify\">Al contempo, per\u00f2, abbiamo anche registrato una nuova sensibilit\u00e0 politica di questo Governo: \u00e8 stato approvato, infatti, l\u2019ordine del giorno presentato dall\u2019onorevole calabrese Alfredo Antoniozzi (Fratelli d\u2019Italia) che recepisce due delle richieste avanzate da questo consiglio comunale all\u2019unanimit\u00e0. L\u2019odg \u201cimpegna il Governo a valutare l\u2019opportunit\u00e0 di definire, compatibilmente con i vincoli di finanza pubblica, anche attraverso un accordo di programma quadro, interventi per il Comune di Villa San Giovanni al fine di renderla una Citt\u00e0 innovativa ed ecosostenibile per i trasporti, la salvaguardia delle risorse culturali e ambientali dello Stretto e il turismo sostenibile; assumere interventi per garantire la continuit\u00e0 territoriale in relazione alla realizzazione del Ponte sullo Stretto\u201d. Grazie al partito della Presidente Meloni, cui domenica avevamo inteso scrivere confidando nella sensibilit\u00e0 istituzionale e nella capacit\u00e0 di ascolto delle istanze dei territori. Per noi \u00e8 un importante segnale di attenzione.<\/div>\n<div dir=\"auto\" style=\"text-align: justify\">Sfrutteremo tutte le potenzialit\u00e0 contenute nei due emendamenti di cui \u00e8 primo firmatario l\u2019onorevole forzista Francesco Cannizzaro, sia per dare il via a un trasporto pubblico vero nell\u2019area dello Stretto, sia per le possibili opportunit\u00e0 procedurali che contiene l\u2019emendamento sull\u2019ammodernamento e la rifunzionalizzazione dei porti dello Stretto, nell\u2019ottica dello spostamento a sud degli approdi delle societ\u00e0 private di navigazione.<\/div>\n<div dir=\"auto\" style=\"text-align: justify\">Verso il riconoscimento della centralit\u00e0 anche di Villa va il \u201crimaneggiato\u201d ordine del giorno presentato dall\u2019onorevole del Gruppo Misto Francesco Gallo: da messinese e \u201cstrettese\u201d, Gallo ha ricordato anche Villa e l\u2019odg approvato \u201cimpegna il Governo a valorizzare il ruolo degli enti territoriali competenti, a partire dai comuni di Villa San Giovanni e Messina, per garantire la rappresentanza diretta dei cittadini nell\u2019intero percorso della realizzazione del Ponte sullo Stretto\u201d.<\/div>\n<div dir=\"auto\" style=\"text-align: justify\">Saremo vigili rispetto a questo percorso di valorizzazione del ruolo dei due comuni dirimpettai.<\/div>\n<div dir=\"auto\" style=\"text-align: justify\">Oggi registriamo con soddisfazione che Villa San Giovanni torna al centro del dibattito nazionale, al pari di Messina che ha dalla sua l\u2019omonimia con lo Stretto (e quindi \u00e8 anche terminologicamente associata al collegamento stabile): una posizione &#8211; che quest\u2019Amministrazione ha costruito solo nell\u2019interesse della Citt\u00e0, senza colori politici e senza posizioni precostituite &#8211; ha acceso i riflettori dei partiti tutti e di tanti parlamentari, di ogni dove, che esercitano il proprio ruolo con vero spirito di servizio delle comunit\u00e0 territoriali.<\/div>\n","protected":false},"excerpt":{"rendered":"<p>Villa San Giovanni, al pari di Messina, resta fuori dalla societ\u00e0 del Ponte avendo il Governo posto la fiducia alla Camera sul disegno di legge di conversione in legge del&hellip;<\/p>\n","protected":false},"author":12,"featured_media":15591,"comment_status":"closed","ping_status":"open","sticky":false,"template":"","format":"standard","meta":{"_jetpack_memberships_contains_paid_content":false,"footnotes":"","jetpack_publicize_message":"","jetpack_publicize_feature_enabled":true,"jetpack_social_post_already_shared":false,"jetpack_social_options":{"image_generator_settings":{"template":"highway","default_image_id":0,"font":"","enabled":false},"version":2}},"categories":[921,196,140],"tags":[9236,14669,15303,15304,2776],"class_list":["post-25941","post","type-post","status-publish","format-standard","has-post-thumbnail","hentry","category-home","category-news","category-reggio-calabria","tag-amministrazione-comunale-di-villa-san-giovanni","tag-decreto-ponte","tag-esclusione-comune-villa-da-stretto-messina-spa","tag-fiducia-alla-camera-su-decreto-ponte","tag-francesco-cannizzaro"],"yoast_head":"<!-- This site is optimized with the Yoast SEO plugin v27.2 - https:\/\/yoast.com\/product\/yoast-seo-wordpress\/ -->\n<title>Ponte, Comune Villa rivendica esclusione da societ\u00e0 costruttrice<\/title>\n<meta name=\"description\" content=\"Il Comune di Villa, dopo la Fiducia posta alla Camera sul Decreto Ponte, lamenta l&#039;esclusione dal CdA della societ\u00e0 di costruzione del Ponte\" \/>\n<meta name=\"robots\" content=\"index, follow, max-snippet:-1, max-image-preview:large, max-video-preview:-1\" \/>\n<link rel=\"canonical\" href=\"https:\/\/progettotouring.it\/radiotouring104\/2023\/05\/17\/25941\/\" \/>\n<meta property=\"og:locale\" content=\"it_IT\" \/>\n<meta property=\"og:type\" content=\"article\" \/>\n<meta property=\"og:title\" content=\"Ponte, Comune Villa rivendica esclusione da societ\u00e0 costruttrice\" \/>\n<meta property=\"og:description\" content=\"Il Comune di Villa, dopo la Fiducia posta alla Camera sul Decreto Ponte, lamenta l&#039;esclusione dal CdA della societ\u00e0 di costruzione del Ponte\" \/>\n<meta property=\"og:url\" content=\"https:\/\/progettotouring.it\/radiotouring104\/2023\/05\/17\/25941\/\" \/>\n<meta property=\"og:site_name\" content=\"Radio Touring 104\" \/>\n<meta property=\"article:published_time\" content=\"2023-05-17T08:08:35+00:00\" \/>\n<meta property=\"article:modified_time\" content=\"2023-05-17T08:18:16+00:00\" \/>\n<meta property=\"og:image\" content=\"https:\/\/progettotouring.it\/radiotouring104\/wp-content\/uploads\/sites\/6\/2022\/12\/Comune-di-Villa-S.G.jpg\" \/>\n\t<meta property=\"og:image:width\" content=\"857\" \/>\n\t<meta property=\"og:image:height\" content=\"857\" \/>\n\t<meta property=\"og:image:type\" content=\"image\/jpeg\" \/>\n<meta name=\"author\" content=\"Sebastiano Plutino\" \/>\n<meta name=\"twitter:card\" content=\"summary_large_image\" \/>\n<meta name=\"twitter:label1\" content=\"Scritto da\" \/>\n\t<meta name=\"twitter:data1\" content=\"Sebastiano Plutino\" \/>\n\t<meta name=\"twitter:label2\" content=\"Tempo di lettura stimato\" \/>\n\t<meta name=\"twitter:data2\" content=\"3 minuti\" \/>\n<script type=\"application\/ld+json\" class=\"yoast-schema-graph\">{\"@context\":\"https:\/\/schema.org\",\"@graph\":[{\"@type\":\"Article\",\"@id\":\"https:\/\/progettotouring.it\/radiotouring104\/2023\/05\/17\/25941\/#article\",\"isPartOf\":{\"@id\":\"https:\/\/progettotouring.it\/radiotouring104\/2023\/05\/17\/25941\/\"},\"author\":{\"name\":\"Sebastiano Plutino\",\"@id\":\"https:\/\/progettotouring.it\/radiotouring104\/#\/schema\/person\/78613917f1851f041f7483f5af1d422e\"},\"headline\":\"Ponte, Comune Villa rivendica esclusione da societ\u00e0 costruttrice\",\"datePublished\":\"2023-05-17T08:08:35+00:00\",\"dateModified\":\"2023-05-17T08:18:16+00:00\",\"mainEntityOfPage\":{\"@id\":\"https:\/\/progettotouring.it\/radiotouring104\/2023\/05\/17\/25941\/\"},\"wordCount\":575,\"publisher\":{\"@id\":\"https:\/\/progettotouring.it\/radiotouring104\/#organization\"},\"image\":{\"@id\":\"https:\/\/progettotouring.it\/radiotouring104\/2023\/05\/17\/25941\/#primaryimage\"},\"thumbnailUrl\":\"https:\/\/progettotouring.it\/radiotouring104\/wp-content\/uploads\/sites\/6\/2022\/12\/Comune-di-Villa-S.G.jpg\",\"keywords\":[\"Amministrazione comunale di Villa San Giovanni\",\"Decreto Ponte\",\"esclusione Comune Villa da Stretto Messina Spa\",\"fiducia alla Camera su Decreto Ponte\",\"francesco cannizzaro\"],\"articleSection\":[\"Home\",\"News\",\"Reggio Calabria\"],\"inLanguage\":\"it-IT\"},{\"@type\":\"WebPage\",\"@id\":\"https:\/\/progettotouring.it\/radiotouring104\/2023\/05\/17\/25941\/\",\"url\":\"https:\/\/progettotouring.it\/radiotouring104\/2023\/05\/17\/25941\/\",\"name\":\"Ponte, Comune Villa rivendica esclusione da societ\u00e0 costruttrice\",\"isPartOf\":{\"@id\":\"https:\/\/progettotouring.it\/radiotouring104\/#website\"},\"primaryImageOfPage\":{\"@id\":\"https:\/\/progettotouring.it\/radiotouring104\/2023\/05\/17\/25941\/#primaryimage\"},\"image\":{\"@id\":\"https:\/\/progettotouring.it\/radiotouring104\/2023\/05\/17\/25941\/#primaryimage\"},\"thumbnailUrl\":\"https:\/\/progettotouring.it\/radiotouring104\/wp-content\/uploads\/sites\/6\/2022\/12\/Comune-di-Villa-S.G.jpg\",\"datePublished\":\"2023-05-17T08:08:35+00:00\",\"dateModified\":\"2023-05-17T08:18:16+00:00\",\"description\":\"Il Comune di Villa, dopo la Fiducia posta alla Camera sul Decreto Ponte, lamenta l'esclusione dal CdA della societ\u00e0 di costruzione del Ponte\",\"breadcrumb\":{\"@id\":\"https:\/\/progettotouring.it\/radiotouring104\/2023\/05\/17\/25941\/#breadcrumb\"},\"inLanguage\":\"it-IT\",\"potentialAction\":[{\"@type\":\"ReadAction\",\"target\":[\"https:\/\/progettotouring.it\/radiotouring104\/2023\/05\/17\/25941\/\"]}]},{\"@type\":\"ImageObject\",\"inLanguage\":\"it-IT\",\"@id\":\"https:\/\/progettotouring.it\/radiotouring104\/2023\/05\/17\/25941\/#primaryimage\",\"url\":\"https:\/\/progettotouring.it\/radiotouring104\/wp-content\/uploads\/sites\/6\/2022\/12\/Comune-di-Villa-S.G.jpg\",\"contentUrl\":\"https:\/\/progettotouring.it\/radiotouring104\/wp-content\/uploads\/sites\/6\/2022\/12\/Comune-di-Villa-S.G.jpg\",\"width\":857,\"height\":857},{\"@type\":\"BreadcrumbList\",\"@id\":\"https:\/\/progettotouring.it\/radiotouring104\/2023\/05\/17\/25941\/#breadcrumb\",\"itemListElement\":[{\"@type\":\"ListItem\",\"position\":1,\"name\":\"Home\",\"item\":\"https:\/\/progettotouring.it\/radiotouring104\/\"},{\"@type\":\"ListItem\",\"position\":2,\"name\":\"Ponte, Comune Villa rivendica esclusione da societ\u00e0 costruttrice\"}]},{\"@type\":\"WebSite\",\"@id\":\"https:\/\/progettotouring.it\/radiotouring104\/#website\",\"url\":\"https:\/\/progettotouring.it\/radiotouring104\/\",\"name\":\"Radio Touring 104\",\"description\":\"La prima radio Reggina\",\"publisher\":{\"@id\":\"https:\/\/progettotouring.it\/radiotouring104\/#organization\"},\"potentialAction\":[{\"@type\":\"SearchAction\",\"target\":{\"@type\":\"EntryPoint\",\"urlTemplate\":\"https:\/\/progettotouring.it\/radiotouring104\/?s={search_term_string}\"},\"query-input\":{\"@type\":\"PropertyValueSpecification\",\"valueRequired\":true,\"valueName\":\"search_term_string\"}}],\"inLanguage\":\"it-IT\"},{\"@type\":\"Organization\",\"@id\":\"https:\/\/progettotouring.it\/radiotouring104\/#organization\",\"name\":\"Radio Touring 104\",\"url\":\"https:\/\/progettotouring.it\/radiotouring104\/\",\"logo\":{\"@type\":\"ImageObject\",\"inLanguage\":\"it-IT\",\"@id\":\"https:\/\/progettotouring.it\/radiotouring104\/#\/schema\/logo\/image\/\",\"url\":\"https:\/\/progettotouring.it\/radiotouring104\/wp-content\/uploads\/sites\/6\/2022\/02\/cropped-logo-radio-touring-104.png\",\"contentUrl\":\"https:\/\/progettotouring.it\/radiotouring104\/wp-content\/uploads\/sites\/6\/2022\/02\/cropped-logo-radio-touring-104.png\",\"width\":377,\"height\":182,\"caption\":\"Radio Touring 104\"},\"image\":{\"@id\":\"https:\/\/progettotouring.it\/radiotouring104\/#\/schema\/logo\/image\/\"}},{\"@type\":\"Person\",\"@id\":\"https:\/\/progettotouring.it\/radiotouring104\/#\/schema\/person\/78613917f1851f041f7483f5af1d422e\",\"name\":\"Sebastiano Plutino\",\"image\":{\"@type\":\"ImageObject\",\"inLanguage\":\"it-IT\",\"@id\":\"https:\/\/secure.gravatar.com\/avatar\/0546ffaa9b79224faf9f2a156b67a529ae861d3287c66c1d8ccfdf909bcba78d?s=96&d=mm&r=g\",\"url\":\"https:\/\/secure.gravatar.com\/avatar\/0546ffaa9b79224faf9f2a156b67a529ae861d3287c66c1d8ccfdf909bcba78d?s=96&d=mm&r=g\",\"contentUrl\":\"https:\/\/secure.gravatar.com\/avatar\/0546ffaa9b79224faf9f2a156b67a529ae861d3287c66c1d8ccfdf909bcba78d?s=96&d=mm&r=g\",\"caption\":\"Sebastiano Plutino\"},\"url\":\"https:\/\/progettotouring.it\/radiotouring104\/author\/sebastiano\/\"}]}<\/script>\n<!-- \/ Yoast SEO plugin. -->","yoast_head_json":{"title":"Ponte, Comune Villa rivendica esclusione da societ\u00e0 costruttrice","description":"Il Comune di Villa, dopo la Fiducia posta alla Camera sul Decreto Ponte, lamenta l'esclusione dal CdA della societ\u00e0 di costruzione del Ponte","robots":{"index":"index","follow":"follow","max-snippet":"max-snippet:-1","max-image-preview":"max-image-preview:large","max-video-preview":"max-video-preview:-1"},"canonical":"https:\/\/progettotouring.it\/radiotouring104\/2023\/05\/17\/25941\/","og_locale":"it_IT","og_type":"article","og_title":"Ponte, Comune Villa rivendica esclusione da societ\u00e0 costruttrice","og_description":"Il Comune di Villa, dopo la Fiducia posta alla Camera sul Decreto Ponte, lamenta l'esclusione dal CdA della societ\u00e0 di costruzione del Ponte","og_url":"https:\/\/progettotouring.it\/radiotouring104\/2023\/05\/17\/25941\/","og_site_name":"Radio Touring 104","article_published_time":"2023-05-17T08:08:35+00:00","article_modified_time":"2023-05-17T08:18:16+00:00","og_image":[{"width":857,"height":857,"url":"https:\/\/progettotouring.it\/radiotouring104\/wp-content\/uploads\/sites\/6\/2022\/12\/Comune-di-Villa-S.G.jpg","type":"image\/jpeg"}],"author":"Sebastiano Plutino","twitter_card":"summary_large_image","twitter_misc":{"Scritto da":"Sebastiano Plutino","Tempo di lettura stimato":"3 minuti"},"schema":{"@context":"https:\/\/schema.org","@graph":[{"@type":"Article","@id":"https:\/\/progettotouring.it\/radiotouring104\/2023\/05\/17\/25941\/#article","isPartOf":{"@id":"https:\/\/progettotouring.it\/radiotouring104\/2023\/05\/17\/25941\/"},"author":{"name":"Sebastiano Plutino","@id":"https:\/\/progettotouring.it\/radiotouring104\/#\/schema\/person\/78613917f1851f041f7483f5af1d422e"},"headline":"Ponte, Comune Villa rivendica esclusione da societ\u00e0 costruttrice","datePublished":"2023-05-17T08:08:35+00:00","dateModified":"2023-05-17T08:18:16+00:00","mainEntityOfPage":{"@id":"https:\/\/progettotouring.it\/radiotouring104\/2023\/05\/17\/25941\/"},"wordCount":575,"publisher":{"@id":"https:\/\/progettotouring.it\/radiotouring104\/#organization"},"image":{"@id":"https:\/\/progettotouring.it\/radiotouring104\/2023\/05\/17\/25941\/#primaryimage"},"thumbnailUrl":"https:\/\/progettotouring.it\/radiotouring104\/wp-content\/uploads\/sites\/6\/2022\/12\/Comune-di-Villa-S.G.jpg","keywords":["Amministrazione comunale di Villa San Giovanni","Decreto Ponte","esclusione Comune Villa da Stretto Messina Spa","fiducia alla Camera su Decreto Ponte","francesco cannizzaro"],"articleSection":["Home","News","Reggio Calabria"],"inLanguage":"it-IT"},{"@type":"WebPage","@id":"https:\/\/progettotouring.it\/radiotouring104\/2023\/05\/17\/25941\/","url":"https:\/\/progettotouring.it\/radiotouring104\/2023\/05\/17\/25941\/","name":"Ponte, Comune Villa rivendica esclusione da societ\u00e0 costruttrice","isPartOf":{"@id":"https:\/\/progettotouring.it\/radiotouring104\/#website"},"primaryImageOfPage":{"@id":"https:\/\/progettotouring.it\/radiotouring104\/2023\/05\/17\/25941\/#primaryimage"},"image":{"@id":"https:\/\/progettotouring.it\/radiotouring104\/2023\/05\/17\/25941\/#primaryimage"},"thumbnailUrl":"https:\/\/progettotouring.it\/radiotouring104\/wp-content\/uploads\/sites\/6\/2022\/12\/Comune-di-Villa-S.G.jpg","datePublished":"2023-05-17T08:08:35+00:00","dateModified":"2023-05-17T08:18:16+00:00","description":"Il Comune di Villa, dopo la Fiducia posta alla Camera sul Decreto Ponte, lamenta l'esclusione dal CdA della societ\u00e0 di costruzione del Ponte","breadcrumb":{"@id":"https:\/\/progettotouring.it\/radiotouring104\/2023\/05\/17\/25941\/#breadcrumb"},"inLanguage":"it-IT","potentialAction":[{"@type":"ReadAction","target":["https:\/\/progettotouring.it\/radiotouring104\/2023\/05\/17\/25941\/"]}]},{"@type":"ImageObject","inLanguage":"it-IT","@id":"https:\/\/progettotouring.it\/radiotouring104\/2023\/05\/17\/25941\/#primaryimage","url":"https:\/\/progettotouring.it\/radiotouring104\/wp-content\/uploads\/sites\/6\/2022\/12\/Comune-di-Villa-S.G.jpg","contentUrl":"https:\/\/progettotouring.it\/radiotouring104\/wp-content\/uploads\/sites\/6\/2022\/12\/Comune-di-Villa-S.G.jpg","width":857,"height":857},{"@type":"BreadcrumbList","@id":"https:\/\/progettotouring.it\/radiotouring104\/2023\/05\/17\/25941\/#breadcrumb","itemListElement":[{"@type":"ListItem","position":1,"name":"Home","item":"https:\/\/progettotouring.it\/radiotouring104\/"},{"@type":"ListItem","position":2,"name":"Ponte, Comune Villa rivendica esclusione da societ\u00e0 costruttrice"}]},{"@type":"WebSite","@id":"https:\/\/progettotouring.it\/radiotouring104\/#website","url":"https:\/\/progettotouring.it\/radiotouring104\/","name":"Radio Touring 104","description":"La prima radio Reggina","publisher":{"@id":"https:\/\/progettotouring.it\/radiotouring104\/#organization"},"potentialAction":[{"@type":"SearchAction","target":{"@type":"EntryPoint","urlTemplate":"https:\/\/progettotouring.it\/radiotouring104\/?s={search_term_string}"},"query-input":{"@type":"PropertyValueSpecification","valueRequired":true,"valueName":"search_term_string"}}],"inLanguage":"it-IT"},{"@type":"Organization","@id":"https:\/\/progettotouring.it\/radiotouring104\/#organization","name":"Radio Touring 104","url":"https:\/\/progettotouring.it\/radiotouring104\/","logo":{"@type":"ImageObject","inLanguage":"it-IT","@id":"https:\/\/progettotouring.it\/radiotouring104\/#\/schema\/logo\/image\/","url":"https:\/\/progettotouring.it\/radiotouring104\/wp-content\/uploads\/sites\/6\/2022\/02\/cropped-logo-radio-touring-104.png","contentUrl":"https:\/\/progettotouring.it\/radiotouring104\/wp-content\/uploads\/sites\/6\/2022\/02\/cropped-logo-radio-touring-104.png","width":377,"height":182,"caption":"Radio Touring 104"},"image":{"@id":"https:\/\/progettotouring.it\/radiotouring104\/#\/schema\/logo\/image\/"}},{"@type":"Person","@id":"https:\/\/progettotouring.it\/radiotouring104\/#\/schema\/person\/78613917f1851f041f7483f5af1d422e","name":"Sebastiano Plutino","image":{"@type":"ImageObject","inLanguage":"it-IT","@id":"https:\/\/secure.gravatar.com\/avatar\/0546ffaa9b79224faf9f2a156b67a529ae861d3287c66c1d8ccfdf909bcba78d?s=96&d=mm&r=g","url":"https:\/\/secure.gravatar.com\/avatar\/0546ffaa9b79224faf9f2a156b67a529ae861d3287c66c1d8ccfdf909bcba78d?s=96&d=mm&r=g","contentUrl":"https:\/\/secure.gravatar.com\/avatar\/0546ffaa9b79224faf9f2a156b67a529ae861d3287c66c1d8ccfdf909bcba78d?s=96&d=mm&r=g","caption":"Sebastiano Plutino"},"url":"https:\/\/progettotouring.it\/radiotouring104\/author\/sebastiano\/"}]}},"jetpack_publicize_connections":[],"jetpack_featured_media_url":"https:\/\/progettotouring.it\/radiotouring104\/wp-content\/uploads\/sites\/6\/2022\/12\/Comune-di-Villa-S.G.jpg","jetpack_sharing_enabled":true,"_links":{"self":[{"href":"https:\/\/progettotouring.it\/radiotouring104\/wp-json\/wp\/v2\/posts\/25941","targetHints":{"allow":["GET"]}}],"collection":[{"href":"https:\/\/progettotouring.it\/radiotouring104\/wp-json\/wp\/v2\/posts"}],"about":[{"href":"https:\/\/progettotouring.it\/radiotouring104\/wp-json\/wp\/v2\/types\/post"}],"author":[{"embeddable":true,"href":"https:\/\/progettotouring.it\/radiotouring104\/wp-json\/wp\/v2\/users\/12"}],"replies":[{"embeddable":true,"href":"https:\/\/progettotouring.it\/radiotouring104\/wp-json\/wp\/v2\/comments?post=25941"}],"version-history":[{"count":3,"href":"https:\/\/progettotouring.it\/radiotouring104\/wp-json\/wp\/v2\/posts\/25941\/revisions"}],"predecessor-version":[{"id":25950,"href":"https:\/\/progettotouring.it\/radiotouring104\/wp-json\/wp\/v2\/posts\/25941\/revisions\/25950"}],"wp:featuredmedia":[{"embeddable":true,"href":"https:\/\/progettotouring.it\/radiotouring104\/wp-json\/wp\/v2\/media\/15591"}],"wp:attachment":[{"href":"https:\/\/progettotouring.it\/radiotouring104\/wp-json\/wp\/v2\/media?parent=25941"}],"wp:term":[{"taxonomy":"category","embeddable":true,"href":"https:\/\/progettotouring.it\/radiotouring104\/wp-json\/wp\/v2\/categories?post=25941"},{"taxonomy":"post_tag","embeddable":true,"href":"https:\/\/progettotouring.it\/radiotouring104\/wp-json\/wp\/v2\/tags?post=25941"}],"curies":[{"name":"wp","href":"https:\/\/api.w.org\/{rel}","templated":true}]}}