{"id":25951,"date":"2023-05-17T10:59:24","date_gmt":"2023-05-17T08:59:24","guid":{"rendered":"https:\/\/progettotouring.it\/radiotouring104\/?p=25951"},"modified":"2023-05-17T10:59:37","modified_gmt":"2023-05-17T08:59:37","slug":"limportanza-e-il-ruolo-dei-garanti-territoriali","status":"publish","type":"post","link":"https:\/\/progettotouring.it\/radiotouring104\/2023\/05\/17\/limportanza-e-il-ruolo-dei-garanti-territoriali\/","title":{"rendered":"L\u2019importanza e il ruolo dei Garanti territoriali"},"content":{"rendered":"<p style=\"text-align: justify\">REGGIO CALABRIA, 16 MAGGIO 2023 \u2013 <strong>Il Garante regionale dei diritti dei detenuti<\/strong> e delle persone private della libert\u00e0 personale, <strong>Luca Muglia, ha sottolineato l\u2019importanza e il ruolo dei Garanti territoriali,<\/strong> evidenziando i passi in avanti compiuti negli ultimi mesi. Al Garante della Citt\u00e0 Metropolitana di Reggio Calabria, <strong>Paolo Pratic\u00f2,<\/strong> ed ai Garanti comunali di Reggio Calabria e Crotone, Giovanna Russo e Federico Ferraro, <strong>si \u00e8<\/strong> infatti <strong>aggiunto <\/strong>di recente <strong>il Garante comunale di<\/strong><br \/>\n<strong>Catanzaro, Luciano Giacobbe.<\/strong> Ma le novit\u00e0 non finiscono qui. \u201c<em>Ho cercato di assolvere al compito demandatomi dalla legge<\/em> \u2013 dichiara Muglia \u2013<em> che richiede al Garante regionale di promuovere l&#8217;istituzione dei Garanti territoriali ove ne ravvisi la necessit\u00e0. Facendo ricorso alle necessarie interlocuzioni, ho stimolato in tal senso diverse autorit\u00e0 comunali e provinciali, ritenendo indispensabile che la figura del Garante sia presente sull\u2019intero territorio regionale e, in particolare, nei luoghi di detenzione. E, in effetti, la situazione dei Garanti territoriali si sta evolvendo, positivamente, giorno dopo giorno<\/em>\u201d.<br \/>\nLo scorso 31 marzo su proposta del consigliere <strong>Chiara Penna,<\/strong> supportata dalla Camera Penale \u201cFausto Gullo\u201d, il Consiglio Comunale di Cosenza <strong>ha approvato il regolamento per il funzionamento del Garante dei diritti delle persone private della libert\u00e0 personale.<\/strong> A breve sar\u00e0 pubblicato il relativo avviso pubblico.<strong> Parimenti il Consiglio Provinciale di Cosenza,<\/strong> su proposta del consigliere Carlo Lo Prete, ha approvato nella seduta del 12 maggio scorso<strong> il regolamento per l\u2019istituzione del Garante dei diritti delle persone private della libert\u00e0 personale<\/strong> della Provincia di Cosenza. Anche in questo caso si attende l\u2019emanazione del bando pubblico. \u201c<em>Le recenti determinazioni del Comune e della Provincia di Cosenza<\/em> \u2013 afferma <strong>Muglia<\/strong> \u2013 <em>appaiono fondamentali se si considera che nel cosentino insistono ben quattro istituti penitenziari (Cosenza, Paola, Castrovillari e Rossano). I nuovi Garanti territoriali, autentiche sentinelle, rappresenteranno organi di tutela e di garanzia essenziali per le persone detenute e per l\u2019intera comunit\u00e0<\/em>\u201d.<br \/>\nIl Garante regionale segnala, infine, nuovi ed imminenti obiettivi. \u201c<em>Negli ultimi giorni ho avviato le necessarie interlocuzioni con il Sindaco e il Presidente della Provincia di Vibo Valentia al fine di attivare le procedure richieste affinch\u00e9 si proceda all\u2019istituzione del Garante comunale e provinciale nei rispettivi territori, atteso che la Casa circondariale di Vibo Valentia, con una popolazione carceraria che supera le 400 unit\u00e0 e sezioni di diversi circuiti penitenziari, rappresenta una delle realt\u00e0 pi\u00f9 complesse della nostra regione. Sono certo che anche da Vibo giungeranno in tempi rapidi novit\u00e0 importanti<\/em>. <em>Nell\u2019opinione pubblica calabrese sta maturando<\/em> \u2013 conclude il <strong>Garante Muglia<\/strong> \u2013 <em>una discreta <\/em><em>attenzione e sensibilit\u00e0 nei confronti delle persone detenute. Occorre, tuttavia, maggiore efficacia e <\/em><em>concretezza. Una legge regionale sul pianeta carcere potrebbe disciplinare in maniera organica gli <\/em><em>interventi, garantendo un respiro pi\u00f9 ampio\u201d.<\/em><\/p>\n","protected":false},"excerpt":{"rendered":"<p>REGGIO CALABRIA, 16 MAGGIO 2023 \u2013 Il Garante regionale dei diritti dei detenuti e delle persone private della libert\u00e0 personale, Luca Muglia, ha sottolineato l\u2019importanza e il ruolo dei Garanti&hellip;<\/p>\n","protected":false},"author":12,"featured_media":25952,"comment_status":"closed","ping_status":"open","sticky":false,"template":"","format":"standard","meta":{"_jetpack_memberships_contains_paid_content":false,"footnotes":"","jetpack_publicize_message":"","jetpack_publicize_feature_enabled":true,"jetpack_social_post_already_shared":false,"jetpack_social_options":{"image_generator_settings":{"template":"highway","default_image_id":0,"font":"","enabled":false},"version":2}},"categories":[142,921,196],"tags":[15311,15315,15310,11576,15313,15312,15309,5688,15314],"class_list":["post-25951","post","type-post","status-publish","format-standard","has-post-thumbnail","hentry","category-calabria","category-home","category-news","tag-camera-penale-fausto-gullo","tag-carlo-lo-prete","tag-consigliere-chiara-penna","tag-federico-ferraro-garante-detenuti-crotone","tag-garante-comunale-di-catanzaro","tag-garante-giovanna-russo","tag-garante-regionale-dei-diritti-dei-detenuti","tag-luca-muglia","tag-luciano-giacobbe"],"yoast_head":"<!-- This site is optimized with the Yoast SEO plugin v27.2 - https:\/\/yoast.com\/product\/yoast-seo-wordpress\/ -->\n<title>L\u2019importanza e il ruolo dei Garanti territoriali<\/title>\n<meta name=\"description\" content=\"Il Garante regionale dei diritti dei detenuti e persone private della libert\u00e0 personale, Luca Muglia &quot;Calabria pronta ad aprire nuova fase&quot;\" \/>\n<meta name=\"robots\" content=\"index, follow, max-snippet:-1, max-image-preview:large, max-video-preview:-1\" \/>\n<link rel=\"canonical\" href=\"https:\/\/progettotouring.it\/radiotouring104\/2023\/05\/17\/limportanza-e-il-ruolo-dei-garanti-territoriali\/\" \/>\n<meta property=\"og:locale\" content=\"it_IT\" \/>\n<meta property=\"og:type\" content=\"article\" \/>\n<meta property=\"og:title\" content=\"L\u2019importanza e il ruolo dei Garanti territoriali\" \/>\n<meta property=\"og:description\" content=\"Il Garante regionale dei diritti dei detenuti e persone private della libert\u00e0 personale, Luca Muglia &quot;Calabria pronta ad aprire nuova fase&quot;\" \/>\n<meta property=\"og:url\" content=\"https:\/\/progettotouring.it\/radiotouring104\/2023\/05\/17\/limportanza-e-il-ruolo-dei-garanti-territoriali\/\" \/>\n<meta property=\"og:site_name\" content=\"Radio Touring 104\" \/>\n<meta property=\"article:published_time\" content=\"2023-05-17T08:59:24+00:00\" \/>\n<meta property=\"article:modified_time\" content=\"2023-05-17T08:59:37+00:00\" \/>\n<meta property=\"og:image\" content=\"https:\/\/progettotouring.it\/radiotouring104\/wp-content\/uploads\/sites\/6\/2023\/05\/Garante-dei-Detenuti-Muglia.jpg\" \/>\n\t<meta property=\"og:image:width\" content=\"535\" \/>\n\t<meta property=\"og:image:height\" content=\"710\" \/>\n\t<meta property=\"og:image:type\" content=\"image\/jpeg\" \/>\n<meta name=\"author\" content=\"Sebastiano Plutino\" \/>\n<meta name=\"twitter:card\" content=\"summary_large_image\" \/>\n<meta name=\"twitter:label1\" content=\"Scritto da\" \/>\n\t<meta name=\"twitter:data1\" content=\"Sebastiano Plutino\" \/>\n\t<meta name=\"twitter:label2\" content=\"Tempo di lettura stimato\" \/>\n\t<meta name=\"twitter:data2\" content=\"2 minuti\" \/>\n<script type=\"application\/ld+json\" class=\"yoast-schema-graph\">{\"@context\":\"https:\/\/schema.org\",\"@graph\":[{\"@type\":\"Article\",\"@id\":\"https:\/\/progettotouring.it\/radiotouring104\/2023\/05\/17\/limportanza-e-il-ruolo-dei-garanti-territoriali\/#article\",\"isPartOf\":{\"@id\":\"https:\/\/progettotouring.it\/radiotouring104\/2023\/05\/17\/limportanza-e-il-ruolo-dei-garanti-territoriali\/\"},\"author\":{\"name\":\"Sebastiano Plutino\",\"@id\":\"https:\/\/progettotouring.it\/radiotouring104\/#\/schema\/person\/78613917f1851f041f7483f5af1d422e\"},\"headline\":\"L\u2019importanza e il ruolo dei Garanti territoriali\",\"datePublished\":\"2023-05-17T08:59:24+00:00\",\"dateModified\":\"2023-05-17T08:59:37+00:00\",\"mainEntityOfPage\":{\"@id\":\"https:\/\/progettotouring.it\/radiotouring104\/2023\/05\/17\/limportanza-e-il-ruolo-dei-garanti-territoriali\/\"},\"wordCount\":448,\"publisher\":{\"@id\":\"https:\/\/progettotouring.it\/radiotouring104\/#organization\"},\"image\":{\"@id\":\"https:\/\/progettotouring.it\/radiotouring104\/2023\/05\/17\/limportanza-e-il-ruolo-dei-garanti-territoriali\/#primaryimage\"},\"thumbnailUrl\":\"https:\/\/progettotouring.it\/radiotouring104\/wp-content\/uploads\/sites\/6\/2023\/05\/Garante-dei-Detenuti-Muglia.jpg\",\"keywords\":[\"Camera Penale \u201cFausto Gullo\u201d\",\"Carlo Lo Prete\",\"consigliere Chiara Penna\",\"Federico Ferraro garante detenuti Crotone\",\"Garante comunale di Catanzaro\",\"Garante Giovanna Russo\",\"Garante regionale dei diritti dei detenuti\",\"luca muglia\",\"Luciano Giacobbe\"],\"articleSection\":[\"Calabria\",\"Home\",\"News\"],\"inLanguage\":\"it-IT\"},{\"@type\":\"WebPage\",\"@id\":\"https:\/\/progettotouring.it\/radiotouring104\/2023\/05\/17\/limportanza-e-il-ruolo-dei-garanti-territoriali\/\",\"url\":\"https:\/\/progettotouring.it\/radiotouring104\/2023\/05\/17\/limportanza-e-il-ruolo-dei-garanti-territoriali\/\",\"name\":\"L\u2019importanza e il ruolo dei Garanti territoriali\",\"isPartOf\":{\"@id\":\"https:\/\/progettotouring.it\/radiotouring104\/#website\"},\"primaryImageOfPage\":{\"@id\":\"https:\/\/progettotouring.it\/radiotouring104\/2023\/05\/17\/limportanza-e-il-ruolo-dei-garanti-territoriali\/#primaryimage\"},\"image\":{\"@id\":\"https:\/\/progettotouring.it\/radiotouring104\/2023\/05\/17\/limportanza-e-il-ruolo-dei-garanti-territoriali\/#primaryimage\"},\"thumbnailUrl\":\"https:\/\/progettotouring.it\/radiotouring104\/wp-content\/uploads\/sites\/6\/2023\/05\/Garante-dei-Detenuti-Muglia.jpg\",\"datePublished\":\"2023-05-17T08:59:24+00:00\",\"dateModified\":\"2023-05-17T08:59:37+00:00\",\"description\":\"Il Garante regionale dei diritti dei detenuti e persone private della libert\u00e0 personale, Luca Muglia \\\"Calabria pronta ad aprire nuova fase\\\"\",\"breadcrumb\":{\"@id\":\"https:\/\/progettotouring.it\/radiotouring104\/2023\/05\/17\/limportanza-e-il-ruolo-dei-garanti-territoriali\/#breadcrumb\"},\"inLanguage\":\"it-IT\",\"potentialAction\":[{\"@type\":\"ReadAction\",\"target\":[\"https:\/\/progettotouring.it\/radiotouring104\/2023\/05\/17\/limportanza-e-il-ruolo-dei-garanti-territoriali\/\"]}]},{\"@type\":\"ImageObject\",\"inLanguage\":\"it-IT\",\"@id\":\"https:\/\/progettotouring.it\/radiotouring104\/2023\/05\/17\/limportanza-e-il-ruolo-dei-garanti-territoriali\/#primaryimage\",\"url\":\"https:\/\/progettotouring.it\/radiotouring104\/wp-content\/uploads\/sites\/6\/2023\/05\/Garante-dei-Detenuti-Muglia.jpg\",\"contentUrl\":\"https:\/\/progettotouring.it\/radiotouring104\/wp-content\/uploads\/sites\/6\/2023\/05\/Garante-dei-Detenuti-Muglia.jpg\",\"width\":535,\"height\":710},{\"@type\":\"BreadcrumbList\",\"@id\":\"https:\/\/progettotouring.it\/radiotouring104\/2023\/05\/17\/limportanza-e-il-ruolo-dei-garanti-territoriali\/#breadcrumb\",\"itemListElement\":[{\"@type\":\"ListItem\",\"position\":1,\"name\":\"Home\",\"item\":\"https:\/\/progettotouring.it\/radiotouring104\/\"},{\"@type\":\"ListItem\",\"position\":2,\"name\":\"L\u2019importanza e il ruolo dei Garanti territoriali\"}]},{\"@type\":\"WebSite\",\"@id\":\"https:\/\/progettotouring.it\/radiotouring104\/#website\",\"url\":\"https:\/\/progettotouring.it\/radiotouring104\/\",\"name\":\"Radio Touring 104\",\"description\":\"La prima radio Reggina\",\"publisher\":{\"@id\":\"https:\/\/progettotouring.it\/radiotouring104\/#organization\"},\"potentialAction\":[{\"@type\":\"SearchAction\",\"target\":{\"@type\":\"EntryPoint\",\"urlTemplate\":\"https:\/\/progettotouring.it\/radiotouring104\/?s={search_term_string}\"},\"query-input\":{\"@type\":\"PropertyValueSpecification\",\"valueRequired\":true,\"valueName\":\"search_term_string\"}}],\"inLanguage\":\"it-IT\"},{\"@type\":\"Organization\",\"@id\":\"https:\/\/progettotouring.it\/radiotouring104\/#organization\",\"name\":\"Radio Touring 104\",\"url\":\"https:\/\/progettotouring.it\/radiotouring104\/\",\"logo\":{\"@type\":\"ImageObject\",\"inLanguage\":\"it-IT\",\"@id\":\"https:\/\/progettotouring.it\/radiotouring104\/#\/schema\/logo\/image\/\",\"url\":\"https:\/\/progettotouring.it\/radiotouring104\/wp-content\/uploads\/sites\/6\/2022\/02\/cropped-logo-radio-touring-104.png\",\"contentUrl\":\"https:\/\/progettotouring.it\/radiotouring104\/wp-content\/uploads\/sites\/6\/2022\/02\/cropped-logo-radio-touring-104.png\",\"width\":377,\"height\":182,\"caption\":\"Radio Touring 104\"},\"image\":{\"@id\":\"https:\/\/progettotouring.it\/radiotouring104\/#\/schema\/logo\/image\/\"}},{\"@type\":\"Person\",\"@id\":\"https:\/\/progettotouring.it\/radiotouring104\/#\/schema\/person\/78613917f1851f041f7483f5af1d422e\",\"name\":\"Sebastiano Plutino\",\"image\":{\"@type\":\"ImageObject\",\"inLanguage\":\"it-IT\",\"@id\":\"https:\/\/secure.gravatar.com\/avatar\/0546ffaa9b79224faf9f2a156b67a529ae861d3287c66c1d8ccfdf909bcba78d?s=96&d=mm&r=g\",\"url\":\"https:\/\/secure.gravatar.com\/avatar\/0546ffaa9b79224faf9f2a156b67a529ae861d3287c66c1d8ccfdf909bcba78d?s=96&d=mm&r=g\",\"contentUrl\":\"https:\/\/secure.gravatar.com\/avatar\/0546ffaa9b79224faf9f2a156b67a529ae861d3287c66c1d8ccfdf909bcba78d?s=96&d=mm&r=g\",\"caption\":\"Sebastiano Plutino\"},\"url\":\"https:\/\/progettotouring.it\/radiotouring104\/author\/sebastiano\/\"}]}<\/script>\n<!-- \/ Yoast SEO plugin. -->","yoast_head_json":{"title":"L\u2019importanza e il ruolo dei Garanti territoriali","description":"Il Garante regionale dei diritti dei detenuti e persone private della libert\u00e0 personale, Luca Muglia \"Calabria pronta ad aprire nuova fase\"","robots":{"index":"index","follow":"follow","max-snippet":"max-snippet:-1","max-image-preview":"max-image-preview:large","max-video-preview":"max-video-preview:-1"},"canonical":"https:\/\/progettotouring.it\/radiotouring104\/2023\/05\/17\/limportanza-e-il-ruolo-dei-garanti-territoriali\/","og_locale":"it_IT","og_type":"article","og_title":"L\u2019importanza e il ruolo dei Garanti territoriali","og_description":"Il Garante regionale dei diritti dei detenuti e persone private della libert\u00e0 personale, Luca Muglia \"Calabria pronta ad aprire nuova fase\"","og_url":"https:\/\/progettotouring.it\/radiotouring104\/2023\/05\/17\/limportanza-e-il-ruolo-dei-garanti-territoriali\/","og_site_name":"Radio Touring 104","article_published_time":"2023-05-17T08:59:24+00:00","article_modified_time":"2023-05-17T08:59:37+00:00","og_image":[{"width":535,"height":710,"url":"https:\/\/progettotouring.it\/radiotouring104\/wp-content\/uploads\/sites\/6\/2023\/05\/Garante-dei-Detenuti-Muglia.jpg","type":"image\/jpeg"}],"author":"Sebastiano Plutino","twitter_card":"summary_large_image","twitter_misc":{"Scritto da":"Sebastiano Plutino","Tempo di lettura stimato":"2 minuti"},"schema":{"@context":"https:\/\/schema.org","@graph":[{"@type":"Article","@id":"https:\/\/progettotouring.it\/radiotouring104\/2023\/05\/17\/limportanza-e-il-ruolo-dei-garanti-territoriali\/#article","isPartOf":{"@id":"https:\/\/progettotouring.it\/radiotouring104\/2023\/05\/17\/limportanza-e-il-ruolo-dei-garanti-territoriali\/"},"author":{"name":"Sebastiano Plutino","@id":"https:\/\/progettotouring.it\/radiotouring104\/#\/schema\/person\/78613917f1851f041f7483f5af1d422e"},"headline":"L\u2019importanza e il ruolo dei Garanti territoriali","datePublished":"2023-05-17T08:59:24+00:00","dateModified":"2023-05-17T08:59:37+00:00","mainEntityOfPage":{"@id":"https:\/\/progettotouring.it\/radiotouring104\/2023\/05\/17\/limportanza-e-il-ruolo-dei-garanti-territoriali\/"},"wordCount":448,"publisher":{"@id":"https:\/\/progettotouring.it\/radiotouring104\/#organization"},"image":{"@id":"https:\/\/progettotouring.it\/radiotouring104\/2023\/05\/17\/limportanza-e-il-ruolo-dei-garanti-territoriali\/#primaryimage"},"thumbnailUrl":"https:\/\/progettotouring.it\/radiotouring104\/wp-content\/uploads\/sites\/6\/2023\/05\/Garante-dei-Detenuti-Muglia.jpg","keywords":["Camera Penale \u201cFausto Gullo\u201d","Carlo Lo Prete","consigliere Chiara Penna","Federico Ferraro garante detenuti Crotone","Garante comunale di Catanzaro","Garante Giovanna Russo","Garante regionale dei diritti dei detenuti","luca muglia","Luciano Giacobbe"],"articleSection":["Calabria","Home","News"],"inLanguage":"it-IT"},{"@type":"WebPage","@id":"https:\/\/progettotouring.it\/radiotouring104\/2023\/05\/17\/limportanza-e-il-ruolo-dei-garanti-territoriali\/","url":"https:\/\/progettotouring.it\/radiotouring104\/2023\/05\/17\/limportanza-e-il-ruolo-dei-garanti-territoriali\/","name":"L\u2019importanza e il ruolo dei Garanti territoriali","isPartOf":{"@id":"https:\/\/progettotouring.it\/radiotouring104\/#website"},"primaryImageOfPage":{"@id":"https:\/\/progettotouring.it\/radiotouring104\/2023\/05\/17\/limportanza-e-il-ruolo-dei-garanti-territoriali\/#primaryimage"},"image":{"@id":"https:\/\/progettotouring.it\/radiotouring104\/2023\/05\/17\/limportanza-e-il-ruolo-dei-garanti-territoriali\/#primaryimage"},"thumbnailUrl":"https:\/\/progettotouring.it\/radiotouring104\/wp-content\/uploads\/sites\/6\/2023\/05\/Garante-dei-Detenuti-Muglia.jpg","datePublished":"2023-05-17T08:59:24+00:00","dateModified":"2023-05-17T08:59:37+00:00","description":"Il Garante regionale dei diritti dei detenuti e persone private della libert\u00e0 personale, Luca Muglia \"Calabria pronta ad aprire nuova fase\"","breadcrumb":{"@id":"https:\/\/progettotouring.it\/radiotouring104\/2023\/05\/17\/limportanza-e-il-ruolo-dei-garanti-territoriali\/#breadcrumb"},"inLanguage":"it-IT","potentialAction":[{"@type":"ReadAction","target":["https:\/\/progettotouring.it\/radiotouring104\/2023\/05\/17\/limportanza-e-il-ruolo-dei-garanti-territoriali\/"]}]},{"@type":"ImageObject","inLanguage":"it-IT","@id":"https:\/\/progettotouring.it\/radiotouring104\/2023\/05\/17\/limportanza-e-il-ruolo-dei-garanti-territoriali\/#primaryimage","url":"https:\/\/progettotouring.it\/radiotouring104\/wp-content\/uploads\/sites\/6\/2023\/05\/Garante-dei-Detenuti-Muglia.jpg","contentUrl":"https:\/\/progettotouring.it\/radiotouring104\/wp-content\/uploads\/sites\/6\/2023\/05\/Garante-dei-Detenuti-Muglia.jpg","width":535,"height":710},{"@type":"BreadcrumbList","@id":"https:\/\/progettotouring.it\/radiotouring104\/2023\/05\/17\/limportanza-e-il-ruolo-dei-garanti-territoriali\/#breadcrumb","itemListElement":[{"@type":"ListItem","position":1,"name":"Home","item":"https:\/\/progettotouring.it\/radiotouring104\/"},{"@type":"ListItem","position":2,"name":"L\u2019importanza e il ruolo dei Garanti territoriali"}]},{"@type":"WebSite","@id":"https:\/\/progettotouring.it\/radiotouring104\/#website","url":"https:\/\/progettotouring.it\/radiotouring104\/","name":"Radio Touring 104","description":"La prima radio Reggina","publisher":{"@id":"https:\/\/progettotouring.it\/radiotouring104\/#organization"},"potentialAction":[{"@type":"SearchAction","target":{"@type":"EntryPoint","urlTemplate":"https:\/\/progettotouring.it\/radiotouring104\/?s={search_term_string}"},"query-input":{"@type":"PropertyValueSpecification","valueRequired":true,"valueName":"search_term_string"}}],"inLanguage":"it-IT"},{"@type":"Organization","@id":"https:\/\/progettotouring.it\/radiotouring104\/#organization","name":"Radio Touring 104","url":"https:\/\/progettotouring.it\/radiotouring104\/","logo":{"@type":"ImageObject","inLanguage":"it-IT","@id":"https:\/\/progettotouring.it\/radiotouring104\/#\/schema\/logo\/image\/","url":"https:\/\/progettotouring.it\/radiotouring104\/wp-content\/uploads\/sites\/6\/2022\/02\/cropped-logo-radio-touring-104.png","contentUrl":"https:\/\/progettotouring.it\/radiotouring104\/wp-content\/uploads\/sites\/6\/2022\/02\/cropped-logo-radio-touring-104.png","width":377,"height":182,"caption":"Radio Touring 104"},"image":{"@id":"https:\/\/progettotouring.it\/radiotouring104\/#\/schema\/logo\/image\/"}},{"@type":"Person","@id":"https:\/\/progettotouring.it\/radiotouring104\/#\/schema\/person\/78613917f1851f041f7483f5af1d422e","name":"Sebastiano Plutino","image":{"@type":"ImageObject","inLanguage":"it-IT","@id":"https:\/\/secure.gravatar.com\/avatar\/0546ffaa9b79224faf9f2a156b67a529ae861d3287c66c1d8ccfdf909bcba78d?s=96&d=mm&r=g","url":"https:\/\/secure.gravatar.com\/avatar\/0546ffaa9b79224faf9f2a156b67a529ae861d3287c66c1d8ccfdf909bcba78d?s=96&d=mm&r=g","contentUrl":"https:\/\/secure.gravatar.com\/avatar\/0546ffaa9b79224faf9f2a156b67a529ae861d3287c66c1d8ccfdf909bcba78d?s=96&d=mm&r=g","caption":"Sebastiano Plutino"},"url":"https:\/\/progettotouring.it\/radiotouring104\/author\/sebastiano\/"}]}},"jetpack_publicize_connections":[],"jetpack_featured_media_url":"https:\/\/progettotouring.it\/radiotouring104\/wp-content\/uploads\/sites\/6\/2023\/05\/Garante-dei-Detenuti-Muglia.jpg","jetpack_sharing_enabled":true,"_links":{"self":[{"href":"https:\/\/progettotouring.it\/radiotouring104\/wp-json\/wp\/v2\/posts\/25951","targetHints":{"allow":["GET"]}}],"collection":[{"href":"https:\/\/progettotouring.it\/radiotouring104\/wp-json\/wp\/v2\/posts"}],"about":[{"href":"https:\/\/progettotouring.it\/radiotouring104\/wp-json\/wp\/v2\/types\/post"}],"author":[{"embeddable":true,"href":"https:\/\/progettotouring.it\/radiotouring104\/wp-json\/wp\/v2\/users\/12"}],"replies":[{"embeddable":true,"href":"https:\/\/progettotouring.it\/radiotouring104\/wp-json\/wp\/v2\/comments?post=25951"}],"version-history":[{"count":1,"href":"https:\/\/progettotouring.it\/radiotouring104\/wp-json\/wp\/v2\/posts\/25951\/revisions"}],"predecessor-version":[{"id":25953,"href":"https:\/\/progettotouring.it\/radiotouring104\/wp-json\/wp\/v2\/posts\/25951\/revisions\/25953"}],"wp:featuredmedia":[{"embeddable":true,"href":"https:\/\/progettotouring.it\/radiotouring104\/wp-json\/wp\/v2\/media\/25952"}],"wp:attachment":[{"href":"https:\/\/progettotouring.it\/radiotouring104\/wp-json\/wp\/v2\/media?parent=25951"}],"wp:term":[{"taxonomy":"category","embeddable":true,"href":"https:\/\/progettotouring.it\/radiotouring104\/wp-json\/wp\/v2\/categories?post=25951"},{"taxonomy":"post_tag","embeddable":true,"href":"https:\/\/progettotouring.it\/radiotouring104\/wp-json\/wp\/v2\/tags?post=25951"}],"curies":[{"name":"wp","href":"https:\/\/api.w.org\/{rel}","templated":true}]}}