{"id":25954,"date":"2023-05-17T11:21:14","date_gmt":"2023-05-17T09:21:14","guid":{"rendered":"https:\/\/progettotouring.it\/radiotouring104\/?p=25954"},"modified":"2023-05-17T11:23:13","modified_gmt":"2023-05-17T09:23:13","slug":"decreto-ponte-cannizzaro-fi-votera-si-a-grande-opera","status":"publish","type":"post","link":"https:\/\/progettotouring.it\/radiotouring104\/2023\/05\/17\/decreto-ponte-cannizzaro-fi-votera-si-a-grande-opera\/","title":{"rendered":"Decreto Ponte, Cannizzaro: &#8220;FI voter\u00e0 SI a grande opera&#8221;"},"content":{"rendered":"<p style=\"text-align: justify\"><em>\u201c\u00c8 un vero privilegio per me intervenire a nome e per conto di Forza Italia e, quindi, anche a nome del nostro leader, Silvio Berlusconi che, vorrei ricordarlo a tutti, \u00e8 il primo vero promotore del Ponte sullo Stretto. Vorrei invitare la minoranza a smetterla con le frasi slogan e gli atavici pregiudizi contro questa grande opera. Noi rappresentiamo lo Stato, siamo pi\u00f9 forti del disfattismo, della paura di fare e della criminalit\u00e0 organizzata. Dobbiamo dimostrare a tutti gli italiani e all\u2019Europa che siamo in grado di portare avanti progetti importanti. Il Ponte \u00e8 un grande sogno che questo Governo di CentroDestra realizzer\u00e0. Pertanto, Forza Italia vota a favore di questa conversione in legge.\u201d<\/em><\/p>\n<p style=\"text-align: justify\">Lo ha detto <strong>Francesco Cannizzaro,<\/strong> Vicepresidente del gruppo di Forza Italia alla Camera e Responsabile del Sud del partito, intervenendo nell\u2019Aula di Montecitorio, durante la dichiarazione di voto finale su quello che passer\u00e0 alla storia come<strong> \u201cDL Ponte\u201d,<\/strong> vale a dire il Decreto Legge 31 marzo 2023 n.35, <em>Disposizioni urgenti per la realizzazione del collegamento stabile tra Calabria e Sicilia<\/em>.<\/p>\n<p style=\"text-align: justify\"><em>\u201cVorrei ricordare a tutti che questo progetto \u00e8 ultraventennale, risale al 2001, quando gi\u00e0 il Presidente Berlusconi aveva un disegno ben preciso per il rilancio economico e logistico di tutto il Sud; un progetto che non si fermava certo al Ponte. Autostrade, ferrovie, porti e infrastrutture accessorie: nel Programma Quadro di quel Governo di CentroDestra si faceva gi\u00e0 riferimento a quella che sarebbe stata la svolta del Meridione, grazie al connesso corridoio ferroviario ad alta velocit\u00e0 ed alta capacit\u00e0 Berlino-Palermo, che avrebbe posto Calabria e Sicilia realmente al centro del Mediterraneo, come principali porte d\u2019ingresso all\u2019Europa, soprattutto a scopi commerciali. E il peso specifico dell&#8217;Italia in Europa sarebbe cambiato notevolmente molto prima di oggi.\u201d<\/em><\/p>\n<p style=\"text-align: justify\"><em>\u201cNonostante le continue interferenze della Sinistra, prima col Governo Prodi e dopo con quello tecnico targato Monti \u2013 <\/em>ha rimarcato in Aula l<strong>\u2019Onorevole Cannizzaro<\/strong><em> \u2013 ad ogni ritorno di Silvio Berlusconi al timone, il CentroDestra riavvi\u00f2 l\u2019iter per rivitalizzare le procedure di realizzazione del Ponte; ma qualcun \u00a0a Bruxelles si preoccup\u00f2 di come fermare tutto e abbatterlo politicamente. L&#8217;enorme potenzialit\u00e0 del Ponte, che poteva e doveva essere realizzato in quegli anni, fu uno degli elementi chiave di quella aggressione politica a Berlusconi ed al Governo di CentroDestra, perch\u00e9 evidentemente quell\u2019opera rappresentava una minaccia.\u201d<\/em><\/p>\n<p style=\"text-align: justify\"><em>\u201cDunque, \u00e8 con orgoglio che al Premier Giorgia Meloni ed al Ministro Matteo Salvini, che ringrazio profondamente per l\u2019impegno, diciamo sommessamente che la prima pietra del Ponte l&#8217;ha posata Forza Italia. Non oggi, ma tanto tempo fa. A cominciare dalla Variante di Cannitello, a Villa San Giovanni, opera propedeutica al Ponte, realizzata gi\u00e0 un decennio fa, che ci permetter\u00e0 di ergere la prima torre della grande opera, su sponda calabra. Anche la realizzazione della sola Variante preoccup\u00f2 quell\u2019Europa, perch\u00e9 era chiaro che, nel momento in cui si fosse realizzato il Ponte, Sicilia e Calabria (e quindi l\u2019Italia) sarebbero diventate la naturale piattaforma logistica d\u2019Europa. Perch\u00e9 proprio qui abbiamo due porti, Augusta e Gioia Tauro, che possono diventare l\u2019hub principale del Mediterraneo. Anche per questo, i poteri forti europei pensarono di bloccare la realizzazione del Ponte. Guarda caso, infatti, proprio negli anni della realizzazione della Variante a Cannitello, l&#8217;Europa decise di cambiare rotta al corridoio Berlino-Palermo, tagliando fuori Calabria e Sicilia e facendo quindi cadere il progetto Ponte, con annesso Governo Berlusconi \u201d, <\/em>ha aggiunto il parlamentare reggino.<\/p>\n<p style=\"text-align: justify\"><em>\u201cFatta questa doverosa premessa di fatti, che sono storia, ci tengo a ringraziare in particolare i Sottosegretari Tullio Ferrante e Matilde Siracusano, per il grande impegno profuso; specialmente Matilde per averci creduto sin dall\u2019inizio, battagliando da anni. Forza Italia, in tutti questi anni e, soprattutto, nel corso della recente attivit\u00e0 emendativa, si \u00e8 costantemente confrontata con i sindaci, sia della sponda calabra che siciliana, ed \u00e8 per questo che siamo riusciti a dare il nostro lungimirante apporto. Quando i colleghi della Sinistra parlano di insostenibilit\u00e0 dei costi non si rendono conto che questa \u00e8 un\u2019opera che si pagher\u00e0 da sola, che dar\u00e0 uno scossone economico senza precedenti. Questo Governo deve andare avanti pi\u00f9 determinato che mai, senza dare retta alle frasi slogan utili solo a spaventare i cittadini. Dicono che il Ponte non si possa fare per il pericolo di infiltrazioni mafiose&#8230; Io ritengo che noi siamo pi\u00f9 forti della criminalit\u00e0 organizzata, siamo lo Stato e per primi dobbiamo saperlo difendere e dare l&#8217;esempio che le cose positive si possono realizzare, senza paura. Avanti tutta, dunque: il Ponte sar\u00e0 una grande conquista, sia del Presidente Meloni, sia del Ministro Salvini, ma soprattutto del grande leader Silvio Berlusconi\u201d, <\/em>ha concluso <strong>Francesco Cannizzaro.<\/strong><\/p>\n<p style=\"text-align: justify\"><strong><em>\u00a0<\/em><\/strong><\/p>\n","protected":false},"excerpt":{"rendered":"<p>\u201c\u00c8 un vero privilegio per me intervenire a nome e per conto di Forza Italia e, quindi, anche a nome del nostro leader, Silvio Berlusconi che, vorrei ricordarlo a tutti,&hellip;<\/p>\n","protected":false},"author":12,"featured_media":9153,"comment_status":"closed","ping_status":"open","sticky":false,"template":"","format":"standard","meta":{"_jetpack_memberships_contains_paid_content":false,"footnotes":"","jetpack_publicize_message":"","jetpack_publicize_feature_enabled":true,"jetpack_social_post_already_shared":false,"jetpack_social_options":{"image_generator_settings":{"template":"highway","default_image_id":0,"font":"","enabled":false},"version":2}},"categories":[921,196,140],"tags":[15317,14669,2776,15316],"class_list":["post-25954","post","type-post","status-publish","format-standard","has-post-thumbnail","hentry","category-home","category-news","category-reggio-calabria","tag-cannizzaro-annuncia-voto-si-forza-italia-a-decreto-ponte","tag-decreto-ponte","tag-francesco-cannizzaro","tag-tullio-ferrante"],"yoast_head":"<!-- This site is optimized with the Yoast SEO plugin v27.2 - https:\/\/yoast.com\/product\/yoast-seo-wordpress\/ -->\n<title>Decreto Ponte, Cannizzaro: &quot;FI voter\u00e0 SI a grande opera&quot;<\/title>\n<meta name=\"description\" content=\"Francesco Cannizzaro, Vicepresidente del gruppo di Forza Italia alla Camera annuncia il voto favorevole del suo gruppo al Decreto Ponte\" \/>\n<meta name=\"robots\" content=\"index, follow, max-snippet:-1, max-image-preview:large, max-video-preview:-1\" \/>\n<link rel=\"canonical\" href=\"https:\/\/progettotouring.it\/radiotouring104\/2023\/05\/17\/decreto-ponte-cannizzaro-fi-votera-si-a-grande-opera\/\" \/>\n<meta property=\"og:locale\" content=\"it_IT\" \/>\n<meta property=\"og:type\" content=\"article\" \/>\n<meta property=\"og:title\" content=\"Decreto Ponte, Cannizzaro: &quot;FI voter\u00e0 SI a grande opera&quot;\" \/>\n<meta property=\"og:description\" content=\"Francesco Cannizzaro, Vicepresidente del gruppo di Forza Italia alla Camera annuncia il voto favorevole del suo gruppo al Decreto Ponte\" \/>\n<meta property=\"og:url\" content=\"https:\/\/progettotouring.it\/radiotouring104\/2023\/05\/17\/decreto-ponte-cannizzaro-fi-votera-si-a-grande-opera\/\" \/>\n<meta property=\"og:site_name\" content=\"Radio Touring 104\" \/>\n<meta property=\"article:published_time\" content=\"2023-05-17T09:21:14+00:00\" \/>\n<meta property=\"article:modified_time\" content=\"2023-05-17T09:23:13+00:00\" \/>\n<meta property=\"og:image\" content=\"https:\/\/progettotouring.it\/radiotouring104\/wp-content\/uploads\/sites\/6\/2022\/08\/francesco-cannizzaro.jpg\" \/>\n\t<meta property=\"og:image:width\" content=\"1920\" \/>\n\t<meta property=\"og:image:height\" content=\"1080\" \/>\n\t<meta property=\"og:image:type\" content=\"image\/jpeg\" \/>\n<meta name=\"author\" content=\"Sebastiano Plutino\" \/>\n<meta name=\"twitter:card\" content=\"summary_large_image\" \/>\n<meta name=\"twitter:label1\" content=\"Scritto da\" \/>\n\t<meta name=\"twitter:data1\" content=\"Sebastiano Plutino\" \/>\n\t<meta name=\"twitter:label2\" content=\"Tempo di lettura stimato\" \/>\n\t<meta name=\"twitter:data2\" content=\"4 minuti\" \/>\n<script type=\"application\/ld+json\" class=\"yoast-schema-graph\">{\"@context\":\"https:\/\/schema.org\",\"@graph\":[{\"@type\":\"Article\",\"@id\":\"https:\/\/progettotouring.it\/radiotouring104\/2023\/05\/17\/decreto-ponte-cannizzaro-fi-votera-si-a-grande-opera\/#article\",\"isPartOf\":{\"@id\":\"https:\/\/progettotouring.it\/radiotouring104\/2023\/05\/17\/decreto-ponte-cannizzaro-fi-votera-si-a-grande-opera\/\"},\"author\":{\"name\":\"Sebastiano Plutino\",\"@id\":\"https:\/\/progettotouring.it\/radiotouring104\/#\/schema\/person\/78613917f1851f041f7483f5af1d422e\"},\"headline\":\"Decreto Ponte, Cannizzaro: &#8220;FI voter\u00e0 SI a grande opera&#8221;\",\"datePublished\":\"2023-05-17T09:21:14+00:00\",\"dateModified\":\"2023-05-17T09:23:13+00:00\",\"mainEntityOfPage\":{\"@id\":\"https:\/\/progettotouring.it\/radiotouring104\/2023\/05\/17\/decreto-ponte-cannizzaro-fi-votera-si-a-grande-opera\/\"},\"wordCount\":768,\"publisher\":{\"@id\":\"https:\/\/progettotouring.it\/radiotouring104\/#organization\"},\"image\":{\"@id\":\"https:\/\/progettotouring.it\/radiotouring104\/2023\/05\/17\/decreto-ponte-cannizzaro-fi-votera-si-a-grande-opera\/#primaryimage\"},\"thumbnailUrl\":\"https:\/\/progettotouring.it\/radiotouring104\/wp-content\/uploads\/sites\/6\/2022\/08\/francesco-cannizzaro.jpg\",\"keywords\":[\"Cannizzaro annuncia Voto Si Forza Italia a Decreto Ponte\",\"Decreto Ponte\",\"francesco cannizzaro\",\"Tullio Ferrante\"],\"articleSection\":[\"Home\",\"News\",\"Reggio Calabria\"],\"inLanguage\":\"it-IT\"},{\"@type\":\"WebPage\",\"@id\":\"https:\/\/progettotouring.it\/radiotouring104\/2023\/05\/17\/decreto-ponte-cannizzaro-fi-votera-si-a-grande-opera\/\",\"url\":\"https:\/\/progettotouring.it\/radiotouring104\/2023\/05\/17\/decreto-ponte-cannizzaro-fi-votera-si-a-grande-opera\/\",\"name\":\"Decreto Ponte, Cannizzaro: \\\"FI voter\u00e0 SI a grande opera\\\"\",\"isPartOf\":{\"@id\":\"https:\/\/progettotouring.it\/radiotouring104\/#website\"},\"primaryImageOfPage\":{\"@id\":\"https:\/\/progettotouring.it\/radiotouring104\/2023\/05\/17\/decreto-ponte-cannizzaro-fi-votera-si-a-grande-opera\/#primaryimage\"},\"image\":{\"@id\":\"https:\/\/progettotouring.it\/radiotouring104\/2023\/05\/17\/decreto-ponte-cannizzaro-fi-votera-si-a-grande-opera\/#primaryimage\"},\"thumbnailUrl\":\"https:\/\/progettotouring.it\/radiotouring104\/wp-content\/uploads\/sites\/6\/2022\/08\/francesco-cannizzaro.jpg\",\"datePublished\":\"2023-05-17T09:21:14+00:00\",\"dateModified\":\"2023-05-17T09:23:13+00:00\",\"description\":\"Francesco Cannizzaro, Vicepresidente del gruppo di Forza Italia alla Camera annuncia il voto favorevole del suo gruppo al Decreto Ponte\",\"breadcrumb\":{\"@id\":\"https:\/\/progettotouring.it\/radiotouring104\/2023\/05\/17\/decreto-ponte-cannizzaro-fi-votera-si-a-grande-opera\/#breadcrumb\"},\"inLanguage\":\"it-IT\",\"potentialAction\":[{\"@type\":\"ReadAction\",\"target\":[\"https:\/\/progettotouring.it\/radiotouring104\/2023\/05\/17\/decreto-ponte-cannizzaro-fi-votera-si-a-grande-opera\/\"]}]},{\"@type\":\"ImageObject\",\"inLanguage\":\"it-IT\",\"@id\":\"https:\/\/progettotouring.it\/radiotouring104\/2023\/05\/17\/decreto-ponte-cannizzaro-fi-votera-si-a-grande-opera\/#primaryimage\",\"url\":\"https:\/\/progettotouring.it\/radiotouring104\/wp-content\/uploads\/sites\/6\/2022\/08\/francesco-cannizzaro.jpg\",\"contentUrl\":\"https:\/\/progettotouring.it\/radiotouring104\/wp-content\/uploads\/sites\/6\/2022\/08\/francesco-cannizzaro.jpg\",\"width\":1920,\"height\":1080},{\"@type\":\"BreadcrumbList\",\"@id\":\"https:\/\/progettotouring.it\/radiotouring104\/2023\/05\/17\/decreto-ponte-cannizzaro-fi-votera-si-a-grande-opera\/#breadcrumb\",\"itemListElement\":[{\"@type\":\"ListItem\",\"position\":1,\"name\":\"Home\",\"item\":\"https:\/\/progettotouring.it\/radiotouring104\/\"},{\"@type\":\"ListItem\",\"position\":2,\"name\":\"Decreto Ponte, Cannizzaro: &#8220;FI voter\u00e0 SI a grande opera&#8221;\"}]},{\"@type\":\"WebSite\",\"@id\":\"https:\/\/progettotouring.it\/radiotouring104\/#website\",\"url\":\"https:\/\/progettotouring.it\/radiotouring104\/\",\"name\":\"Radio Touring 104\",\"description\":\"La prima radio Reggina\",\"publisher\":{\"@id\":\"https:\/\/progettotouring.it\/radiotouring104\/#organization\"},\"potentialAction\":[{\"@type\":\"SearchAction\",\"target\":{\"@type\":\"EntryPoint\",\"urlTemplate\":\"https:\/\/progettotouring.it\/radiotouring104\/?s={search_term_string}\"},\"query-input\":{\"@type\":\"PropertyValueSpecification\",\"valueRequired\":true,\"valueName\":\"search_term_string\"}}],\"inLanguage\":\"it-IT\"},{\"@type\":\"Organization\",\"@id\":\"https:\/\/progettotouring.it\/radiotouring104\/#organization\",\"name\":\"Radio Touring 104\",\"url\":\"https:\/\/progettotouring.it\/radiotouring104\/\",\"logo\":{\"@type\":\"ImageObject\",\"inLanguage\":\"it-IT\",\"@id\":\"https:\/\/progettotouring.it\/radiotouring104\/#\/schema\/logo\/image\/\",\"url\":\"https:\/\/progettotouring.it\/radiotouring104\/wp-content\/uploads\/sites\/6\/2022\/02\/cropped-logo-radio-touring-104.png\",\"contentUrl\":\"https:\/\/progettotouring.it\/radiotouring104\/wp-content\/uploads\/sites\/6\/2022\/02\/cropped-logo-radio-touring-104.png\",\"width\":377,\"height\":182,\"caption\":\"Radio Touring 104\"},\"image\":{\"@id\":\"https:\/\/progettotouring.it\/radiotouring104\/#\/schema\/logo\/image\/\"}},{\"@type\":\"Person\",\"@id\":\"https:\/\/progettotouring.it\/radiotouring104\/#\/schema\/person\/78613917f1851f041f7483f5af1d422e\",\"name\":\"Sebastiano Plutino\",\"image\":{\"@type\":\"ImageObject\",\"inLanguage\":\"it-IT\",\"@id\":\"https:\/\/secure.gravatar.com\/avatar\/0546ffaa9b79224faf9f2a156b67a529ae861d3287c66c1d8ccfdf909bcba78d?s=96&d=mm&r=g\",\"url\":\"https:\/\/secure.gravatar.com\/avatar\/0546ffaa9b79224faf9f2a156b67a529ae861d3287c66c1d8ccfdf909bcba78d?s=96&d=mm&r=g\",\"contentUrl\":\"https:\/\/secure.gravatar.com\/avatar\/0546ffaa9b79224faf9f2a156b67a529ae861d3287c66c1d8ccfdf909bcba78d?s=96&d=mm&r=g\",\"caption\":\"Sebastiano Plutino\"},\"url\":\"https:\/\/progettotouring.it\/radiotouring104\/author\/sebastiano\/\"}]}<\/script>\n<!-- \/ Yoast SEO plugin. -->","yoast_head_json":{"title":"Decreto Ponte, Cannizzaro: \"FI voter\u00e0 SI a grande opera\"","description":"Francesco Cannizzaro, Vicepresidente del gruppo di Forza Italia alla Camera annuncia il voto favorevole del suo gruppo al Decreto Ponte","robots":{"index":"index","follow":"follow","max-snippet":"max-snippet:-1","max-image-preview":"max-image-preview:large","max-video-preview":"max-video-preview:-1"},"canonical":"https:\/\/progettotouring.it\/radiotouring104\/2023\/05\/17\/decreto-ponte-cannizzaro-fi-votera-si-a-grande-opera\/","og_locale":"it_IT","og_type":"article","og_title":"Decreto Ponte, Cannizzaro: \"FI voter\u00e0 SI a grande opera\"","og_description":"Francesco Cannizzaro, Vicepresidente del gruppo di Forza Italia alla Camera annuncia il voto favorevole del suo gruppo al Decreto Ponte","og_url":"https:\/\/progettotouring.it\/radiotouring104\/2023\/05\/17\/decreto-ponte-cannizzaro-fi-votera-si-a-grande-opera\/","og_site_name":"Radio Touring 104","article_published_time":"2023-05-17T09:21:14+00:00","article_modified_time":"2023-05-17T09:23:13+00:00","og_image":[{"width":1920,"height":1080,"url":"https:\/\/progettotouring.it\/radiotouring104\/wp-content\/uploads\/sites\/6\/2022\/08\/francesco-cannizzaro.jpg","type":"image\/jpeg"}],"author":"Sebastiano Plutino","twitter_card":"summary_large_image","twitter_misc":{"Scritto da":"Sebastiano Plutino","Tempo di lettura stimato":"4 minuti"},"schema":{"@context":"https:\/\/schema.org","@graph":[{"@type":"Article","@id":"https:\/\/progettotouring.it\/radiotouring104\/2023\/05\/17\/decreto-ponte-cannizzaro-fi-votera-si-a-grande-opera\/#article","isPartOf":{"@id":"https:\/\/progettotouring.it\/radiotouring104\/2023\/05\/17\/decreto-ponte-cannizzaro-fi-votera-si-a-grande-opera\/"},"author":{"name":"Sebastiano Plutino","@id":"https:\/\/progettotouring.it\/radiotouring104\/#\/schema\/person\/78613917f1851f041f7483f5af1d422e"},"headline":"Decreto Ponte, Cannizzaro: &#8220;FI voter\u00e0 SI a grande opera&#8221;","datePublished":"2023-05-17T09:21:14+00:00","dateModified":"2023-05-17T09:23:13+00:00","mainEntityOfPage":{"@id":"https:\/\/progettotouring.it\/radiotouring104\/2023\/05\/17\/decreto-ponte-cannizzaro-fi-votera-si-a-grande-opera\/"},"wordCount":768,"publisher":{"@id":"https:\/\/progettotouring.it\/radiotouring104\/#organization"},"image":{"@id":"https:\/\/progettotouring.it\/radiotouring104\/2023\/05\/17\/decreto-ponte-cannizzaro-fi-votera-si-a-grande-opera\/#primaryimage"},"thumbnailUrl":"https:\/\/progettotouring.it\/radiotouring104\/wp-content\/uploads\/sites\/6\/2022\/08\/francesco-cannizzaro.jpg","keywords":["Cannizzaro annuncia Voto Si Forza Italia a Decreto Ponte","Decreto Ponte","francesco cannizzaro","Tullio Ferrante"],"articleSection":["Home","News","Reggio Calabria"],"inLanguage":"it-IT"},{"@type":"WebPage","@id":"https:\/\/progettotouring.it\/radiotouring104\/2023\/05\/17\/decreto-ponte-cannizzaro-fi-votera-si-a-grande-opera\/","url":"https:\/\/progettotouring.it\/radiotouring104\/2023\/05\/17\/decreto-ponte-cannizzaro-fi-votera-si-a-grande-opera\/","name":"Decreto Ponte, Cannizzaro: \"FI voter\u00e0 SI a grande opera\"","isPartOf":{"@id":"https:\/\/progettotouring.it\/radiotouring104\/#website"},"primaryImageOfPage":{"@id":"https:\/\/progettotouring.it\/radiotouring104\/2023\/05\/17\/decreto-ponte-cannizzaro-fi-votera-si-a-grande-opera\/#primaryimage"},"image":{"@id":"https:\/\/progettotouring.it\/radiotouring104\/2023\/05\/17\/decreto-ponte-cannizzaro-fi-votera-si-a-grande-opera\/#primaryimage"},"thumbnailUrl":"https:\/\/progettotouring.it\/radiotouring104\/wp-content\/uploads\/sites\/6\/2022\/08\/francesco-cannizzaro.jpg","datePublished":"2023-05-17T09:21:14+00:00","dateModified":"2023-05-17T09:23:13+00:00","description":"Francesco Cannizzaro, Vicepresidente del gruppo di Forza Italia alla Camera annuncia il voto favorevole del suo gruppo al Decreto Ponte","breadcrumb":{"@id":"https:\/\/progettotouring.it\/radiotouring104\/2023\/05\/17\/decreto-ponte-cannizzaro-fi-votera-si-a-grande-opera\/#breadcrumb"},"inLanguage":"it-IT","potentialAction":[{"@type":"ReadAction","target":["https:\/\/progettotouring.it\/radiotouring104\/2023\/05\/17\/decreto-ponte-cannizzaro-fi-votera-si-a-grande-opera\/"]}]},{"@type":"ImageObject","inLanguage":"it-IT","@id":"https:\/\/progettotouring.it\/radiotouring104\/2023\/05\/17\/decreto-ponte-cannizzaro-fi-votera-si-a-grande-opera\/#primaryimage","url":"https:\/\/progettotouring.it\/radiotouring104\/wp-content\/uploads\/sites\/6\/2022\/08\/francesco-cannizzaro.jpg","contentUrl":"https:\/\/progettotouring.it\/radiotouring104\/wp-content\/uploads\/sites\/6\/2022\/08\/francesco-cannizzaro.jpg","width":1920,"height":1080},{"@type":"BreadcrumbList","@id":"https:\/\/progettotouring.it\/radiotouring104\/2023\/05\/17\/decreto-ponte-cannizzaro-fi-votera-si-a-grande-opera\/#breadcrumb","itemListElement":[{"@type":"ListItem","position":1,"name":"Home","item":"https:\/\/progettotouring.it\/radiotouring104\/"},{"@type":"ListItem","position":2,"name":"Decreto Ponte, Cannizzaro: &#8220;FI voter\u00e0 SI a grande opera&#8221;"}]},{"@type":"WebSite","@id":"https:\/\/progettotouring.it\/radiotouring104\/#website","url":"https:\/\/progettotouring.it\/radiotouring104\/","name":"Radio Touring 104","description":"La prima radio Reggina","publisher":{"@id":"https:\/\/progettotouring.it\/radiotouring104\/#organization"},"potentialAction":[{"@type":"SearchAction","target":{"@type":"EntryPoint","urlTemplate":"https:\/\/progettotouring.it\/radiotouring104\/?s={search_term_string}"},"query-input":{"@type":"PropertyValueSpecification","valueRequired":true,"valueName":"search_term_string"}}],"inLanguage":"it-IT"},{"@type":"Organization","@id":"https:\/\/progettotouring.it\/radiotouring104\/#organization","name":"Radio Touring 104","url":"https:\/\/progettotouring.it\/radiotouring104\/","logo":{"@type":"ImageObject","inLanguage":"it-IT","@id":"https:\/\/progettotouring.it\/radiotouring104\/#\/schema\/logo\/image\/","url":"https:\/\/progettotouring.it\/radiotouring104\/wp-content\/uploads\/sites\/6\/2022\/02\/cropped-logo-radio-touring-104.png","contentUrl":"https:\/\/progettotouring.it\/radiotouring104\/wp-content\/uploads\/sites\/6\/2022\/02\/cropped-logo-radio-touring-104.png","width":377,"height":182,"caption":"Radio Touring 104"},"image":{"@id":"https:\/\/progettotouring.it\/radiotouring104\/#\/schema\/logo\/image\/"}},{"@type":"Person","@id":"https:\/\/progettotouring.it\/radiotouring104\/#\/schema\/person\/78613917f1851f041f7483f5af1d422e","name":"Sebastiano Plutino","image":{"@type":"ImageObject","inLanguage":"it-IT","@id":"https:\/\/secure.gravatar.com\/avatar\/0546ffaa9b79224faf9f2a156b67a529ae861d3287c66c1d8ccfdf909bcba78d?s=96&d=mm&r=g","url":"https:\/\/secure.gravatar.com\/avatar\/0546ffaa9b79224faf9f2a156b67a529ae861d3287c66c1d8ccfdf909bcba78d?s=96&d=mm&r=g","contentUrl":"https:\/\/secure.gravatar.com\/avatar\/0546ffaa9b79224faf9f2a156b67a529ae861d3287c66c1d8ccfdf909bcba78d?s=96&d=mm&r=g","caption":"Sebastiano Plutino"},"url":"https:\/\/progettotouring.it\/radiotouring104\/author\/sebastiano\/"}]}},"jetpack_publicize_connections":[],"jetpack_featured_media_url":"https:\/\/progettotouring.it\/radiotouring104\/wp-content\/uploads\/sites\/6\/2022\/08\/francesco-cannizzaro.jpg","jetpack_sharing_enabled":true,"_links":{"self":[{"href":"https:\/\/progettotouring.it\/radiotouring104\/wp-json\/wp\/v2\/posts\/25954","targetHints":{"allow":["GET"]}}],"collection":[{"href":"https:\/\/progettotouring.it\/radiotouring104\/wp-json\/wp\/v2\/posts"}],"about":[{"href":"https:\/\/progettotouring.it\/radiotouring104\/wp-json\/wp\/v2\/types\/post"}],"author":[{"embeddable":true,"href":"https:\/\/progettotouring.it\/radiotouring104\/wp-json\/wp\/v2\/users\/12"}],"replies":[{"embeddable":true,"href":"https:\/\/progettotouring.it\/radiotouring104\/wp-json\/wp\/v2\/comments?post=25954"}],"version-history":[{"count":3,"href":"https:\/\/progettotouring.it\/radiotouring104\/wp-json\/wp\/v2\/posts\/25954\/revisions"}],"predecessor-version":[{"id":25957,"href":"https:\/\/progettotouring.it\/radiotouring104\/wp-json\/wp\/v2\/posts\/25954\/revisions\/25957"}],"wp:featuredmedia":[{"embeddable":true,"href":"https:\/\/progettotouring.it\/radiotouring104\/wp-json\/wp\/v2\/media\/9153"}],"wp:attachment":[{"href":"https:\/\/progettotouring.it\/radiotouring104\/wp-json\/wp\/v2\/media?parent=25954"}],"wp:term":[{"taxonomy":"category","embeddable":true,"href":"https:\/\/progettotouring.it\/radiotouring104\/wp-json\/wp\/v2\/categories?post=25954"},{"taxonomy":"post_tag","embeddable":true,"href":"https:\/\/progettotouring.it\/radiotouring104\/wp-json\/wp\/v2\/tags?post=25954"}],"curies":[{"name":"wp","href":"https:\/\/api.w.org\/{rel}","templated":true}]}}