{"id":25965,"date":"2023-05-17T12:10:09","date_gmt":"2023-05-17T10:10:09","guid":{"rendered":"https:\/\/progettotouring.it\/radiotouring104\/?p=25965"},"modified":"2023-05-17T12:10:09","modified_gmt":"2023-05-17T10:10:09","slug":"le-muse-mamme-contemporanee-levoluzione-della-maternita","status":"publish","type":"post","link":"https:\/\/progettotouring.it\/radiotouring104\/2023\/05\/17\/le-muse-mamme-contemporanee-levoluzione-della-maternita\/","title":{"rendered":"Le Muse, &#8220;Mamme contemporanee&#8221;: l&#8217;evoluzione della maternit\u00e0"},"content":{"rendered":"<p>L\u2019associazione culturale <strong>Le Muse \u201cLaboratorio delle Arti e delle Lettere\u201d<\/strong> di <strong>Reggio Calabria<\/strong> continua i suoi appuntamenti con cadenza settimanale e lo ha fatto, questa settimana, presso la <strong>Sala d\u2019Arte<\/strong> di via San Giuseppe 19, riunendo prestigiose personalit\u00e0 e noti professionisti per parlare delle <strong>\u201cMamme contemporanee\u201d.<\/strong><\/p>\n<p>Il presidente prof. <strong>Giuseppe Livoti<\/strong> ha ricordato come tale evento sia stato realizzato proprio in concomitanza della <strong>&#8220;Festa della Mamma&#8221;<\/strong> mettendo in evidenza il ruolo di colei che genera, ma anche di colei che pur senza generare \u00e8 accudente.\u00a0 Un ragionamento aperto sul tempo attuale, su tutto quello che attiene al ruolo della madre attiene in realt\u00e0 alla genitorialit\u00e0.\u00a0 Ci si \u00e8 chiesto: essere madri, oggi, cosa significa? Quale ruolo giocano le nostre madri nella societ\u00e0? I grandi cambiamenti sociali, infatti, hanno permesso alle madri di reinventarsi per seguire le proprie ambizioni professionali. Mamme che educano e istruiscono i propri figli in un paese, l&#8217;Italia, lontano dalla parit\u00e0 genitoriale.\u00a0 Mamme che hanno fatto ricorso alla procreazione assistita, mamme di famiglie omogenitoriali sottoposte costantemente al pregiudizio di una societ\u00e0 non sempre capace di accoglierle. Madri che innanzitutto sono donne.<\/p>\n<p>Di tutto questo si \u00e8 parlato domenica facendo interagire varie parti sociali senza trascurare il contributo scientifico al tema. <strong>Franca Arena Tuccio<\/strong> \u2013 storica Presidente e fondatrice <strong>Adisco Calabria<\/strong> si \u00e8 soffermata sulla cultura della donazione del cordone ombelicale, svolgendo opera di sensibilizzazione che diffonda la conoscenza dei problemi inerenti alla donazione di sangue di cordone ombelicale e al suo trapianto, promuovendo sul territorio iniziative atte a potenziarne lo sviluppo, collaborando con gli organi legislativi e di governo, statali e regionali, per la formulazione di piani e provvedimenti, anche normativi, atti a tutelare donatrici e neonati, formando gruppi volontari o ostetriche. Stimolare e favorire la ricerca nel settore delle malattie interessate dalle procedure trapiantologiche.<\/p>\n<p>Presente anche una personalit\u00e0 del mondo religioso come <strong>mons. Giacomo D\u2019Anna,<\/strong> <strong>parroco di Santa Maria Odigitria<\/strong>. &#8220;<em>Oggi<\/em> &#8211; dice mons. D\u2019Anna &#8211; <em>non posso non ricordare che Dio \u00e8 mamma e pap\u00e0 , entrambi ed insieme, come ricorda Giovanni Paolo II. La figura della mamma \u00e8 quella della speranza<\/em>.<em> Oggi per le nuove coppie definite &#8216;arcobaleno&#8217; non esiste la stessa ostilit\u00e0 di un tempo e nessuno pu\u00f2 essere giudice di un altro fratello e non si possono fare inutili crociate<\/em>. <strong>Paola Infortuna<\/strong> &#8211; Segretaria A<strong>ssociazione &#8220;Dall\u2019Ostetrica&#8221; &#8211;<\/strong> ha ribadito come la figura professionale nel tempo sia cambiata, riferimento per la donna e tutta la famiglia, in possesso di competenze tecniche e empatiche che la rendono presenza indispensabile prima, durante e dopo il parto, perch\u00e9 trasmette supporto e rassicurazione.<strong> Elisa Mottola<\/strong> &#8211; psicologa e componente <strong>Direttivo Adisco<\/strong> <strong>Calabria<\/strong> ha approfondito il tema della rinuncia alla maternit\u00e0 a causa della precariet\u00e0 economica.<\/p>\n<p><strong>\u00a0Domenica Taverna<\/strong> &#8211; mamma contemporanea ha raccontato la personale esperienza di madre dei suoi quattro figli, che con sacrificio e amore si dedica all&#8217;accudimento. Si \u00e8 cos\u00ec pronunciata Sabrina, che insieme a Stefania forma una coppia omogenitoriale appartenente all&#8217;Associazione <strong>&#8220;Famiglie Arcobaleno&#8221;<\/strong> : &#8220;<em>Noi,<\/em> &#8211; dice <strong>Sabrina Vecchio Ruggeri<\/strong> &#8211;\u00a0 <em>abbiamo scelto di essere genitori assumendoci tutte le responsabilit\u00e0 genitoriali che per\u00f2 lo Stato non vuole riconoscere, negando alla madre intenzionale il diritto di essere tale, non tenendo conto dell\u2019interesse del minore che da quando nasce sa che quella \u00e8 la sua famiglia, in assenza di una legge unitaria&#8221;<\/em>.<\/p>\n<p>Spazio poi alla promozione della lettura, che suggella la relazione tra madri e figli, con <strong>Bruna Triveri<\/strong> &#8211; Responsabile Progetto <strong>Nati per Leggere Area Grecanica<\/strong> &#8211; soffermatasi sulla ragione dell&#8217;esistenza di un&#8217;associazione rivolta alle famiglie con bambini in et\u00e0 prescolare, che incentivi l&#8217;amore per i libri. &#8220;Il programma \u00e8 attivo su tutto il territorio nazionale con circa 800 progetti locali che coinvolgono pi\u00f9 di 2000 comuni italiani. I progetti locali sono promossi da bibliotecari, pediatri, educatori, enti pubblici, associazioni culturali e di volontariato. Dal 1999, Nati per Leggere ha l&#8217;obiettivo di promuovere la lettura in famiglia sin dalla nascita, perch\u00e9 leggere con una certa continuit\u00e0 ai bambini ha una positiva influenza sul loro sviluppo intellettivo, linguistico, emotivo e relazionale, con effetti significativi per tutta la vita adulta e diffonde la lettura a bassa voce, esperienza che vede attivo il <strong>Villaggio dei Bambini<\/strong> nel comune di Bagaladi in provincia di Reggio&#8221;. Intensa la partecipazione al Laboratorio di Lettura Interpretativa delle Muse con <strong>Clara Condello<\/strong> e <strong>Sonia Impal\u00e0, <\/strong>immerse in un processo relazionale tra madri di un\u00a0 tempo e madri di oggi tra dubbi, ansie, preoccupazioni e culture diverse.<\/p>\n","protected":false},"excerpt":{"rendered":"<p>L\u2019associazione culturale Le Muse \u201cLaboratorio delle Arti e delle Lettere\u201d di Reggio Calabria continua i suoi appuntamenti con cadenza settimanale e lo ha fatto, questa settimana, presso la Sala d\u2019Arte&hellip;<\/p>\n","protected":false},"author":13,"featured_media":25967,"comment_status":"closed","ping_status":"open","sticky":false,"template":"","format":"standard","meta":{"_jetpack_memberships_contains_paid_content":false,"footnotes":"","jetpack_publicize_message":"","jetpack_publicize_feature_enabled":true,"jetpack_social_post_already_shared":false,"jetpack_social_options":{"image_generator_settings":{"template":"highway","default_image_id":0,"font":"","enabled":false},"version":2}},"categories":[921,196,140],"tags":[15326,15328,7981,15335,15338,15331,15332,15330,15333,1350,15327,5706,5704,15329,15336,8193,15334,15339,15337],"class_list":["post-25965","post","type-post","status-publish","format-standard","has-post-thumbnail","hentry","category-home","category-news","category-reggio-calabria","tag-mamme-contemporanee","tag-adisco-calabria","tag-associazione-dallostetrica","tag-bruna-triveri","tag-clara-condello","tag-direttivo-adisco-calabria","tag-domenica-taverna","tag-elisa-mottola","tag-famiglie-arcobaleno","tag-festa-della-mamma","tag-franca-arena-tuccio","tag-giuseppe-livoti","tag-le-muse","tag-mons-giacomo-danna","tag-nati-per-leggere-area-grecanica","tag-paola-infortuna","tag-sabrina-vecchio-ruggeri","tag-sonia-impala","tag-villaggio-dei-bambini"],"yoast_head":"<!-- This site is optimized with the Yoast SEO plugin v27.2 - https:\/\/yoast.com\/product\/yoast-seo-wordpress\/ -->\n<title>Le Muse, &quot;Mamme contemporanee&quot;: l&#039;evoluzione della maternit\u00e0<\/title>\n<meta name=\"description\" content=\"L&#039;associazione culturale ha ospitato un dibattito tra figure che ruotano attorno all&#039;universo delle madri, tra diritti e aspirazioni\" \/>\n<meta name=\"robots\" content=\"index, follow, max-snippet:-1, max-image-preview:large, max-video-preview:-1\" \/>\n<link rel=\"canonical\" href=\"https:\/\/progettotouring.it\/radiotouring104\/2023\/05\/17\/le-muse-mamme-contemporanee-levoluzione-della-maternita\/\" \/>\n<meta property=\"og:locale\" content=\"it_IT\" \/>\n<meta property=\"og:type\" content=\"article\" \/>\n<meta property=\"og:title\" content=\"Le Muse, &quot;Mamme contemporanee&quot;: l&#039;evoluzione della maternit\u00e0\" \/>\n<meta property=\"og:description\" content=\"L&#039;associazione culturale ha ospitato un dibattito tra figure che ruotano attorno all&#039;universo delle madri, tra diritti e aspirazioni\" \/>\n<meta property=\"og:url\" content=\"https:\/\/progettotouring.it\/radiotouring104\/2023\/05\/17\/le-muse-mamme-contemporanee-levoluzione-della-maternita\/\" \/>\n<meta property=\"og:site_name\" content=\"Radio Touring 104\" \/>\n<meta property=\"article:published_time\" content=\"2023-05-17T10:10:09+00:00\" \/>\n<meta property=\"og:image\" content=\"https:\/\/progettotouring.it\/radiotouring104\/wp-content\/uploads\/sites\/6\/2023\/05\/MammeMuse.jpg\" \/>\n\t<meta property=\"og:image:width\" content=\"602\" \/>\n\t<meta property=\"og:image:height\" content=\"404\" \/>\n\t<meta property=\"og:image:type\" content=\"image\/jpeg\" \/>\n<meta name=\"author\" content=\"Helena Pedone\" \/>\n<meta name=\"twitter:card\" content=\"summary_large_image\" \/>\n<meta name=\"twitter:label1\" content=\"Scritto da\" \/>\n\t<meta name=\"twitter:data1\" content=\"Helena Pedone\" \/>\n\t<meta name=\"twitter:label2\" content=\"Tempo di lettura stimato\" \/>\n\t<meta name=\"twitter:data2\" content=\"4 minuti\" \/>\n<script type=\"application\/ld+json\" class=\"yoast-schema-graph\">{\"@context\":\"https:\/\/schema.org\",\"@graph\":[{\"@type\":\"Article\",\"@id\":\"https:\/\/progettotouring.it\/radiotouring104\/2023\/05\/17\/le-muse-mamme-contemporanee-levoluzione-della-maternita\/#article\",\"isPartOf\":{\"@id\":\"https:\/\/progettotouring.it\/radiotouring104\/2023\/05\/17\/le-muse-mamme-contemporanee-levoluzione-della-maternita\/\"},\"author\":{\"name\":\"Helena Pedone\",\"@id\":\"https:\/\/progettotouring.it\/radiotouring104\/#\/schema\/person\/8458ed437f4094f881aab8e4cc572684\"},\"headline\":\"Le Muse, &#8220;Mamme contemporanee&#8221;: l&#8217;evoluzione della maternit\u00e0\",\"datePublished\":\"2023-05-17T10:10:09+00:00\",\"mainEntityOfPage\":{\"@id\":\"https:\/\/progettotouring.it\/radiotouring104\/2023\/05\/17\/le-muse-mamme-contemporanee-levoluzione-della-maternita\/\"},\"wordCount\":730,\"publisher\":{\"@id\":\"https:\/\/progettotouring.it\/radiotouring104\/#organization\"},\"image\":{\"@id\":\"https:\/\/progettotouring.it\/radiotouring104\/2023\/05\/17\/le-muse-mamme-contemporanee-levoluzione-della-maternita\/#primaryimage\"},\"thumbnailUrl\":\"https:\/\/progettotouring.it\/radiotouring104\/wp-content\/uploads\/sites\/6\/2023\/05\/MammeMuse.jpg\",\"keywords\":[\"\\\"Mamme contemporanee\\\"\",\"Adisco Calabria\",\"associazione dall'ostetrica\",\"Bruna Triveri\",\"Clara Condello\",\"Direttivo Adisco Calabria\",\"Domenica Taverna\",\"Elisa Mottola\",\"Famiglie Arcobaleno\",\"festa della mamma\",\"Franca Arena Tuccio\",\"Giuseppe Livoti\",\"Le Muse\",\"mons. Giacomo D'Anna\",\"Nati per Leggere Area Grecanica\",\"Paola Infortuna\",\"Sabrina Vecchio Ruggeri\",\"Sonia Impal\u00e0\",\"Villaggio dei Bambini\"],\"articleSection\":[\"Home\",\"News\",\"Reggio Calabria\"],\"inLanguage\":\"it-IT\"},{\"@type\":\"WebPage\",\"@id\":\"https:\/\/progettotouring.it\/radiotouring104\/2023\/05\/17\/le-muse-mamme-contemporanee-levoluzione-della-maternita\/\",\"url\":\"https:\/\/progettotouring.it\/radiotouring104\/2023\/05\/17\/le-muse-mamme-contemporanee-levoluzione-della-maternita\/\",\"name\":\"Le Muse, \\\"Mamme contemporanee\\\": l'evoluzione della maternit\u00e0\",\"isPartOf\":{\"@id\":\"https:\/\/progettotouring.it\/radiotouring104\/#website\"},\"primaryImageOfPage\":{\"@id\":\"https:\/\/progettotouring.it\/radiotouring104\/2023\/05\/17\/le-muse-mamme-contemporanee-levoluzione-della-maternita\/#primaryimage\"},\"image\":{\"@id\":\"https:\/\/progettotouring.it\/radiotouring104\/2023\/05\/17\/le-muse-mamme-contemporanee-levoluzione-della-maternita\/#primaryimage\"},\"thumbnailUrl\":\"https:\/\/progettotouring.it\/radiotouring104\/wp-content\/uploads\/sites\/6\/2023\/05\/MammeMuse.jpg\",\"datePublished\":\"2023-05-17T10:10:09+00:00\",\"description\":\"L'associazione culturale ha ospitato un dibattito tra figure che ruotano attorno all'universo delle madri, tra diritti e aspirazioni\",\"breadcrumb\":{\"@id\":\"https:\/\/progettotouring.it\/radiotouring104\/2023\/05\/17\/le-muse-mamme-contemporanee-levoluzione-della-maternita\/#breadcrumb\"},\"inLanguage\":\"it-IT\",\"potentialAction\":[{\"@type\":\"ReadAction\",\"target\":[\"https:\/\/progettotouring.it\/radiotouring104\/2023\/05\/17\/le-muse-mamme-contemporanee-levoluzione-della-maternita\/\"]}]},{\"@type\":\"ImageObject\",\"inLanguage\":\"it-IT\",\"@id\":\"https:\/\/progettotouring.it\/radiotouring104\/2023\/05\/17\/le-muse-mamme-contemporanee-levoluzione-della-maternita\/#primaryimage\",\"url\":\"https:\/\/progettotouring.it\/radiotouring104\/wp-content\/uploads\/sites\/6\/2023\/05\/MammeMuse.jpg\",\"contentUrl\":\"https:\/\/progettotouring.it\/radiotouring104\/wp-content\/uploads\/sites\/6\/2023\/05\/MammeMuse.jpg\",\"width\":602,\"height\":404},{\"@type\":\"BreadcrumbList\",\"@id\":\"https:\/\/progettotouring.it\/radiotouring104\/2023\/05\/17\/le-muse-mamme-contemporanee-levoluzione-della-maternita\/#breadcrumb\",\"itemListElement\":[{\"@type\":\"ListItem\",\"position\":1,\"name\":\"Home\",\"item\":\"https:\/\/progettotouring.it\/radiotouring104\/\"},{\"@type\":\"ListItem\",\"position\":2,\"name\":\"Le Muse, &#8220;Mamme contemporanee&#8221;: l&#8217;evoluzione della maternit\u00e0\"}]},{\"@type\":\"WebSite\",\"@id\":\"https:\/\/progettotouring.it\/radiotouring104\/#website\",\"url\":\"https:\/\/progettotouring.it\/radiotouring104\/\",\"name\":\"Radio Touring 104\",\"description\":\"La prima radio Reggina\",\"publisher\":{\"@id\":\"https:\/\/progettotouring.it\/radiotouring104\/#organization\"},\"potentialAction\":[{\"@type\":\"SearchAction\",\"target\":{\"@type\":\"EntryPoint\",\"urlTemplate\":\"https:\/\/progettotouring.it\/radiotouring104\/?s={search_term_string}\"},\"query-input\":{\"@type\":\"PropertyValueSpecification\",\"valueRequired\":true,\"valueName\":\"search_term_string\"}}],\"inLanguage\":\"it-IT\"},{\"@type\":\"Organization\",\"@id\":\"https:\/\/progettotouring.it\/radiotouring104\/#organization\",\"name\":\"Radio Touring 104\",\"url\":\"https:\/\/progettotouring.it\/radiotouring104\/\",\"logo\":{\"@type\":\"ImageObject\",\"inLanguage\":\"it-IT\",\"@id\":\"https:\/\/progettotouring.it\/radiotouring104\/#\/schema\/logo\/image\/\",\"url\":\"https:\/\/progettotouring.it\/radiotouring104\/wp-content\/uploads\/sites\/6\/2022\/02\/cropped-logo-radio-touring-104.png\",\"contentUrl\":\"https:\/\/progettotouring.it\/radiotouring104\/wp-content\/uploads\/sites\/6\/2022\/02\/cropped-logo-radio-touring-104.png\",\"width\":377,\"height\":182,\"caption\":\"Radio Touring 104\"},\"image\":{\"@id\":\"https:\/\/progettotouring.it\/radiotouring104\/#\/schema\/logo\/image\/\"}},{\"@type\":\"Person\",\"@id\":\"https:\/\/progettotouring.it\/radiotouring104\/#\/schema\/person\/8458ed437f4094f881aab8e4cc572684\",\"name\":\"Helena Pedone\",\"image\":{\"@type\":\"ImageObject\",\"inLanguage\":\"it-IT\",\"@id\":\"https:\/\/secure.gravatar.com\/avatar\/95a63adf316f90175b68113b4b895a96641be06395ffeef88fea6178b30027d9?s=96&d=mm&r=g\",\"url\":\"https:\/\/secure.gravatar.com\/avatar\/95a63adf316f90175b68113b4b895a96641be06395ffeef88fea6178b30027d9?s=96&d=mm&r=g\",\"contentUrl\":\"https:\/\/secure.gravatar.com\/avatar\/95a63adf316f90175b68113b4b895a96641be06395ffeef88fea6178b30027d9?s=96&d=mm&r=g\",\"caption\":\"Helena Pedone\"},\"url\":\"https:\/\/progettotouring.it\/radiotouring104\/author\/helena\/\"}]}<\/script>\n<!-- \/ Yoast SEO plugin. -->","yoast_head_json":{"title":"Le Muse, \"Mamme contemporanee\": l'evoluzione della maternit\u00e0","description":"L'associazione culturale ha ospitato un dibattito tra figure che ruotano attorno all'universo delle madri, tra diritti e aspirazioni","robots":{"index":"index","follow":"follow","max-snippet":"max-snippet:-1","max-image-preview":"max-image-preview:large","max-video-preview":"max-video-preview:-1"},"canonical":"https:\/\/progettotouring.it\/radiotouring104\/2023\/05\/17\/le-muse-mamme-contemporanee-levoluzione-della-maternita\/","og_locale":"it_IT","og_type":"article","og_title":"Le Muse, \"Mamme contemporanee\": l'evoluzione della maternit\u00e0","og_description":"L'associazione culturale ha ospitato un dibattito tra figure che ruotano attorno all'universo delle madri, tra diritti e aspirazioni","og_url":"https:\/\/progettotouring.it\/radiotouring104\/2023\/05\/17\/le-muse-mamme-contemporanee-levoluzione-della-maternita\/","og_site_name":"Radio Touring 104","article_published_time":"2023-05-17T10:10:09+00:00","og_image":[{"width":602,"height":404,"url":"https:\/\/progettotouring.it\/radiotouring104\/wp-content\/uploads\/sites\/6\/2023\/05\/MammeMuse.jpg","type":"image\/jpeg"}],"author":"Helena Pedone","twitter_card":"summary_large_image","twitter_misc":{"Scritto da":"Helena Pedone","Tempo di lettura stimato":"4 minuti"},"schema":{"@context":"https:\/\/schema.org","@graph":[{"@type":"Article","@id":"https:\/\/progettotouring.it\/radiotouring104\/2023\/05\/17\/le-muse-mamme-contemporanee-levoluzione-della-maternita\/#article","isPartOf":{"@id":"https:\/\/progettotouring.it\/radiotouring104\/2023\/05\/17\/le-muse-mamme-contemporanee-levoluzione-della-maternita\/"},"author":{"name":"Helena Pedone","@id":"https:\/\/progettotouring.it\/radiotouring104\/#\/schema\/person\/8458ed437f4094f881aab8e4cc572684"},"headline":"Le Muse, &#8220;Mamme contemporanee&#8221;: l&#8217;evoluzione della maternit\u00e0","datePublished":"2023-05-17T10:10:09+00:00","mainEntityOfPage":{"@id":"https:\/\/progettotouring.it\/radiotouring104\/2023\/05\/17\/le-muse-mamme-contemporanee-levoluzione-della-maternita\/"},"wordCount":730,"publisher":{"@id":"https:\/\/progettotouring.it\/radiotouring104\/#organization"},"image":{"@id":"https:\/\/progettotouring.it\/radiotouring104\/2023\/05\/17\/le-muse-mamme-contemporanee-levoluzione-della-maternita\/#primaryimage"},"thumbnailUrl":"https:\/\/progettotouring.it\/radiotouring104\/wp-content\/uploads\/sites\/6\/2023\/05\/MammeMuse.jpg","keywords":["\"Mamme contemporanee\"","Adisco Calabria","associazione dall'ostetrica","Bruna Triveri","Clara Condello","Direttivo Adisco Calabria","Domenica Taverna","Elisa Mottola","Famiglie Arcobaleno","festa della mamma","Franca Arena Tuccio","Giuseppe Livoti","Le Muse","mons. Giacomo D'Anna","Nati per Leggere Area Grecanica","Paola Infortuna","Sabrina Vecchio Ruggeri","Sonia Impal\u00e0","Villaggio dei Bambini"],"articleSection":["Home","News","Reggio Calabria"],"inLanguage":"it-IT"},{"@type":"WebPage","@id":"https:\/\/progettotouring.it\/radiotouring104\/2023\/05\/17\/le-muse-mamme-contemporanee-levoluzione-della-maternita\/","url":"https:\/\/progettotouring.it\/radiotouring104\/2023\/05\/17\/le-muse-mamme-contemporanee-levoluzione-della-maternita\/","name":"Le Muse, \"Mamme contemporanee\": l'evoluzione della maternit\u00e0","isPartOf":{"@id":"https:\/\/progettotouring.it\/radiotouring104\/#website"},"primaryImageOfPage":{"@id":"https:\/\/progettotouring.it\/radiotouring104\/2023\/05\/17\/le-muse-mamme-contemporanee-levoluzione-della-maternita\/#primaryimage"},"image":{"@id":"https:\/\/progettotouring.it\/radiotouring104\/2023\/05\/17\/le-muse-mamme-contemporanee-levoluzione-della-maternita\/#primaryimage"},"thumbnailUrl":"https:\/\/progettotouring.it\/radiotouring104\/wp-content\/uploads\/sites\/6\/2023\/05\/MammeMuse.jpg","datePublished":"2023-05-17T10:10:09+00:00","description":"L'associazione culturale ha ospitato un dibattito tra figure che ruotano attorno all'universo delle madri, tra diritti e aspirazioni","breadcrumb":{"@id":"https:\/\/progettotouring.it\/radiotouring104\/2023\/05\/17\/le-muse-mamme-contemporanee-levoluzione-della-maternita\/#breadcrumb"},"inLanguage":"it-IT","potentialAction":[{"@type":"ReadAction","target":["https:\/\/progettotouring.it\/radiotouring104\/2023\/05\/17\/le-muse-mamme-contemporanee-levoluzione-della-maternita\/"]}]},{"@type":"ImageObject","inLanguage":"it-IT","@id":"https:\/\/progettotouring.it\/radiotouring104\/2023\/05\/17\/le-muse-mamme-contemporanee-levoluzione-della-maternita\/#primaryimage","url":"https:\/\/progettotouring.it\/radiotouring104\/wp-content\/uploads\/sites\/6\/2023\/05\/MammeMuse.jpg","contentUrl":"https:\/\/progettotouring.it\/radiotouring104\/wp-content\/uploads\/sites\/6\/2023\/05\/MammeMuse.jpg","width":602,"height":404},{"@type":"BreadcrumbList","@id":"https:\/\/progettotouring.it\/radiotouring104\/2023\/05\/17\/le-muse-mamme-contemporanee-levoluzione-della-maternita\/#breadcrumb","itemListElement":[{"@type":"ListItem","position":1,"name":"Home","item":"https:\/\/progettotouring.it\/radiotouring104\/"},{"@type":"ListItem","position":2,"name":"Le Muse, &#8220;Mamme contemporanee&#8221;: l&#8217;evoluzione della maternit\u00e0"}]},{"@type":"WebSite","@id":"https:\/\/progettotouring.it\/radiotouring104\/#website","url":"https:\/\/progettotouring.it\/radiotouring104\/","name":"Radio Touring 104","description":"La prima radio Reggina","publisher":{"@id":"https:\/\/progettotouring.it\/radiotouring104\/#organization"},"potentialAction":[{"@type":"SearchAction","target":{"@type":"EntryPoint","urlTemplate":"https:\/\/progettotouring.it\/radiotouring104\/?s={search_term_string}"},"query-input":{"@type":"PropertyValueSpecification","valueRequired":true,"valueName":"search_term_string"}}],"inLanguage":"it-IT"},{"@type":"Organization","@id":"https:\/\/progettotouring.it\/radiotouring104\/#organization","name":"Radio Touring 104","url":"https:\/\/progettotouring.it\/radiotouring104\/","logo":{"@type":"ImageObject","inLanguage":"it-IT","@id":"https:\/\/progettotouring.it\/radiotouring104\/#\/schema\/logo\/image\/","url":"https:\/\/progettotouring.it\/radiotouring104\/wp-content\/uploads\/sites\/6\/2022\/02\/cropped-logo-radio-touring-104.png","contentUrl":"https:\/\/progettotouring.it\/radiotouring104\/wp-content\/uploads\/sites\/6\/2022\/02\/cropped-logo-radio-touring-104.png","width":377,"height":182,"caption":"Radio Touring 104"},"image":{"@id":"https:\/\/progettotouring.it\/radiotouring104\/#\/schema\/logo\/image\/"}},{"@type":"Person","@id":"https:\/\/progettotouring.it\/radiotouring104\/#\/schema\/person\/8458ed437f4094f881aab8e4cc572684","name":"Helena Pedone","image":{"@type":"ImageObject","inLanguage":"it-IT","@id":"https:\/\/secure.gravatar.com\/avatar\/95a63adf316f90175b68113b4b895a96641be06395ffeef88fea6178b30027d9?s=96&d=mm&r=g","url":"https:\/\/secure.gravatar.com\/avatar\/95a63adf316f90175b68113b4b895a96641be06395ffeef88fea6178b30027d9?s=96&d=mm&r=g","contentUrl":"https:\/\/secure.gravatar.com\/avatar\/95a63adf316f90175b68113b4b895a96641be06395ffeef88fea6178b30027d9?s=96&d=mm&r=g","caption":"Helena Pedone"},"url":"https:\/\/progettotouring.it\/radiotouring104\/author\/helena\/"}]}},"jetpack_publicize_connections":[],"jetpack_featured_media_url":"https:\/\/progettotouring.it\/radiotouring104\/wp-content\/uploads\/sites\/6\/2023\/05\/MammeMuse.jpg","jetpack_sharing_enabled":true,"_links":{"self":[{"href":"https:\/\/progettotouring.it\/radiotouring104\/wp-json\/wp\/v2\/posts\/25965","targetHints":{"allow":["GET"]}}],"collection":[{"href":"https:\/\/progettotouring.it\/radiotouring104\/wp-json\/wp\/v2\/posts"}],"about":[{"href":"https:\/\/progettotouring.it\/radiotouring104\/wp-json\/wp\/v2\/types\/post"}],"author":[{"embeddable":true,"href":"https:\/\/progettotouring.it\/radiotouring104\/wp-json\/wp\/v2\/users\/13"}],"replies":[{"embeddable":true,"href":"https:\/\/progettotouring.it\/radiotouring104\/wp-json\/wp\/v2\/comments?post=25965"}],"version-history":[{"count":1,"href":"https:\/\/progettotouring.it\/radiotouring104\/wp-json\/wp\/v2\/posts\/25965\/revisions"}],"predecessor-version":[{"id":25971,"href":"https:\/\/progettotouring.it\/radiotouring104\/wp-json\/wp\/v2\/posts\/25965\/revisions\/25971"}],"wp:featuredmedia":[{"embeddable":true,"href":"https:\/\/progettotouring.it\/radiotouring104\/wp-json\/wp\/v2\/media\/25967"}],"wp:attachment":[{"href":"https:\/\/progettotouring.it\/radiotouring104\/wp-json\/wp\/v2\/media?parent=25965"}],"wp:term":[{"taxonomy":"category","embeddable":true,"href":"https:\/\/progettotouring.it\/radiotouring104\/wp-json\/wp\/v2\/categories?post=25965"},{"taxonomy":"post_tag","embeddable":true,"href":"https:\/\/progettotouring.it\/radiotouring104\/wp-json\/wp\/v2\/tags?post=25965"}],"curies":[{"name":"wp","href":"https:\/\/api.w.org\/{rel}","templated":true}]}}