{"id":26120,"date":"2023-05-19T10:43:46","date_gmt":"2023-05-19T08:43:46","guid":{"rendered":"https:\/\/progettotouring.it\/radiotouring104\/?p=26120"},"modified":"2023-05-19T10:43:46","modified_gmt":"2023-05-19T08:43:46","slug":"reggio-la-vitalita-dellarte-iberica-a-palazzo-alvaro","status":"publish","type":"post","link":"https:\/\/progettotouring.it\/radiotouring104\/2023\/05\/19\/reggio-la-vitalita-dellarte-iberica-a-palazzo-alvaro\/","title":{"rendered":"Reggio, la vitalit\u00e0 dell&#8217;arte iberica a Palazzo Alvaro"},"content":{"rendered":"<p>Ancora arte e cultura nelle Sale di<strong> Palazzo Corrado Alvaro<\/strong>, sede della Citt\u00e0 Metropolitana di <strong>Reggio Calabri<\/strong>a. <span class=\"ILfuVd\" lang=\"it\">\u00c8<\/span> stata inaugurata nella <strong>Sala Boccioni<\/strong> la mostra \u201c<strong>Espressioni Artistiche del Mondo Spagnolo<\/strong>\u201d a cura di <strong>Giuseppe Iaria,<\/strong> inclusa nell\u2019evento internazionale \u201c<strong>El gran d\u00eca de la amistad Reggio \u2013 Espa\u00f1a<\/strong>\u201d.<\/p>\n<p>L\u2019iniziativa culturale, a carattere internazionale, per l\u2019anno 2023 si \u00e8 svolta in partenariato tra <strong>Associazione Calabria-Spagna, Comune e Citt\u00e0 Metropolitana di Reggio Calabria, M. A. r. R. C., Conservatorio \u201cF. Cilea\u201d e Chiesa Evangelica Battista di Reggio Calabria<\/strong>.<\/p>\n<p>All&#8217;inaugurazione del percorso espositivo ha preso parte il Sindaco facente funzioni della Citt\u00e0 Metropolitana <strong>Carmelo Versace<\/strong> che, insieme all&#8217;Assessora alla Cultura del Comune di Reggio Calabria, <strong>Irene Calabr\u00f2<\/strong>, ha ringraziato i promotori dell&#8217;iniziativa.<\/p>\n<p>&#8220;<em>Siamo onorati di poter ospitare qui a Palazzo Alvaro la mostra realizzata da artisti che hanno raccontato il rapporto stretto che esiste tra il nostro popolo e quello spagnolo. Due comunit\u00e0, unite dal mar Mediterraneo e da tante tradizioni affini, che oggi si incontrano attraverso l&#8217;arte, riempiendo di colori e valorizzando una delle sale pi\u00f9 belle del nostro Palazzo, ormai divenuto un centro d&#8217;eccellenza del mondo culturale cittadino<\/em>&#8220;.<\/p>\n<p>La mostra ospita gli artisti <strong>Lia Amore, Aldo Ape, Francesca Avenoso, Ilenia Barresi, Rossana Corsaro, Alberta Dito, Giuseppe Iaria \u201963, Giuseppe Iaria \u201981, Francesco Logoteta, Tiziana Marra, Silvana Marrapodi, Paola Morace, Alfonso Naimo, Stefano Nava, Tina Nicol\u00f2, Francesca Perina, Sebastiano Plutino, Gregorio Procopio, Vito Ruscio, Salvatore Russo, Simona Treccosti, Carmelo Viglianisi<\/strong>.<\/p>\n<p>La mostra sar\u00e0 fruibile <strong>gioved\u00ec e venerd\u00ec dalle 08:00 alle 19:00 e sabato dalle 08:00 alle 13:00<\/strong>. L\u2019evento, organizzato dall\u2019Associazione Calabria-Spagna, guidata dalla Presidente <strong>Rosa Fontana<\/strong>, continuer\u00e0 <strong>fino a Sabato 20 Maggio 2023<\/strong> con un ricco programma di eventi che coinvolge attivamente tutta la Citt\u00e0 di Reggio Calabria e le personalit\u00e0 illustri calabresi e spagnole.<\/p>\n","protected":false},"excerpt":{"rendered":"<p>Ancora arte e cultura nelle Sale di Palazzo Corrado Alvaro, sede della Citt\u00e0 Metropolitana di Reggio Calabria. \u00c8 stata inaugurata nella Sala Boccioni la mostra \u201cEspressioni Artistiche del Mondo Spagnolo\u201d&hellip;<\/p>\n","protected":false},"author":13,"featured_media":26121,"comment_status":"closed","ping_status":"open","sticky":false,"template":"","format":"standard","meta":{"_jetpack_memberships_contains_paid_content":false,"footnotes":"","jetpack_publicize_message":"","jetpack_publicize_feature_enabled":true,"jetpack_social_post_already_shared":false,"jetpack_social_options":{"image_generator_settings":{"template":"highway","default_image_id":0,"font":"","enabled":false},"version":2}},"categories":[921,196,140],"tags":[15504,15493,15489,15499,15509,15505,15490,15502,15496,15510,15494,15495,15506,15491,345,15488,739,15498,2398,15492,12591,15503,15497,15508,15500,15501,2736,15507],"class_list":["post-26120","post","type-post","status-publish","format-standard","has-post-thumbnail","hentry","category-home","category-news","category-reggio-calabria","tag-el-gran-dia-de-la-amistad-reggio-espana","tag-alberta-dito","tag-aldo-ape","tag-alfonso-naimo","tag-carmelo-viglianisi","tag-espressioni-artistiche-del-mondo-spagnolo","tag-francesca-avenoso","tag-francesca-perina","tag-francesco-logoteta","tag-giuseppe-iaria","tag-giuseppe-iaria-63","tag-giuseppe-iaria-81","tag-gregorio-procopio","tag-ilenia-barresi","tag-irene-calabro","tag-lia-amore","tag-palazzo-alvaro","tag-paola-morace","tag-rosa-fontana","tag-rossana-corsaro","tag-salvatore-russo","tag-sebastiano-plutino","tag-silvana-marrapodi","tag-simona-treccosti","tag-stefano-nava","tag-tina-nicolo","tag-tiziana-marra","tag-vito-ruscio"],"yoast_head":"<!-- This site is optimized with the Yoast SEO plugin v27.2 - https:\/\/yoast.com\/product\/yoast-seo-wordpress\/ -->\n<title>Reggio, la vitalit\u00e0 dell&#039;arte iberica a Palazzo Alvaro<\/title>\n<meta name=\"description\" content=\"Inaugurata la collettiva \u201cEspressioni Artistiche del Mondo Spagnolo\u201d, nel nome dell&#039;amicizia tra i popoli uniti dal Mar Mediterraneo\" \/>\n<meta name=\"robots\" content=\"index, follow, max-snippet:-1, max-image-preview:large, max-video-preview:-1\" \/>\n<link rel=\"canonical\" href=\"https:\/\/progettotouring.it\/radiotouring104\/2023\/05\/19\/reggio-la-vitalita-dellarte-iberica-a-palazzo-alvaro\/\" \/>\n<meta property=\"og:locale\" content=\"it_IT\" \/>\n<meta property=\"og:type\" content=\"article\" \/>\n<meta property=\"og:title\" content=\"Reggio, la vitalit\u00e0 dell&#039;arte iberica a Palazzo Alvaro\" \/>\n<meta property=\"og:description\" content=\"Inaugurata la collettiva \u201cEspressioni Artistiche del Mondo Spagnolo\u201d, nel nome dell&#039;amicizia tra i popoli uniti dal Mar Mediterraneo\" \/>\n<meta property=\"og:url\" content=\"https:\/\/progettotouring.it\/radiotouring104\/2023\/05\/19\/reggio-la-vitalita-dellarte-iberica-a-palazzo-alvaro\/\" \/>\n<meta property=\"og:site_name\" content=\"Radio Touring 104\" \/>\n<meta property=\"article:published_time\" content=\"2023-05-19T08:43:46+00:00\" \/>\n<meta property=\"og:image\" content=\"https:\/\/progettotouring.it\/radiotouring104\/wp-content\/uploads\/sites\/6\/2023\/05\/ArteibericaReggio.jpg\" \/>\n\t<meta property=\"og:image:width\" content=\"2048\" \/>\n\t<meta property=\"og:image:height\" content=\"1536\" \/>\n\t<meta property=\"og:image:type\" content=\"image\/jpeg\" \/>\n<meta name=\"author\" content=\"Helena Pedone\" \/>\n<meta name=\"twitter:card\" content=\"summary_large_image\" \/>\n<meta name=\"twitter:label1\" content=\"Scritto da\" \/>\n\t<meta name=\"twitter:data1\" content=\"Helena Pedone\" \/>\n\t<meta name=\"twitter:label2\" content=\"Tempo di lettura stimato\" \/>\n\t<meta name=\"twitter:data2\" content=\"1 minuto\" \/>\n<script type=\"application\/ld+json\" class=\"yoast-schema-graph\">{\"@context\":\"https:\/\/schema.org\",\"@graph\":[{\"@type\":\"Article\",\"@id\":\"https:\/\/progettotouring.it\/radiotouring104\/2023\/05\/19\/reggio-la-vitalita-dellarte-iberica-a-palazzo-alvaro\/#article\",\"isPartOf\":{\"@id\":\"https:\/\/progettotouring.it\/radiotouring104\/2023\/05\/19\/reggio-la-vitalita-dellarte-iberica-a-palazzo-alvaro\/\"},\"author\":{\"name\":\"Helena Pedone\",\"@id\":\"https:\/\/progettotouring.it\/radiotouring104\/#\/schema\/person\/8458ed437f4094f881aab8e4cc572684\"},\"headline\":\"Reggio, la vitalit\u00e0 dell&#8217;arte iberica a Palazzo Alvaro\",\"datePublished\":\"2023-05-19T08:43:46+00:00\",\"mainEntityOfPage\":{\"@id\":\"https:\/\/progettotouring.it\/radiotouring104\/2023\/05\/19\/reggio-la-vitalita-dellarte-iberica-a-palazzo-alvaro\/\"},\"wordCount\":295,\"publisher\":{\"@id\":\"https:\/\/progettotouring.it\/radiotouring104\/#organization\"},\"image\":{\"@id\":\"https:\/\/progettotouring.it\/radiotouring104\/2023\/05\/19\/reggio-la-vitalita-dellarte-iberica-a-palazzo-alvaro\/#primaryimage\"},\"thumbnailUrl\":\"https:\/\/progettotouring.it\/radiotouring104\/wp-content\/uploads\/sites\/6\/2023\/05\/ArteibericaReggio.jpg\",\"keywords\":[\"\u201cEl gran d\u00eca de la amistad Reggio \u2013 Espa\u00f1a\u201d\",\"Alberta Dito\",\"Aldo Ape\",\"Alfonso Naimo\",\"Carmelo Viglianisi\",\"Espressioni Artistiche del Mondo Spagnolo\",\"Francesca Avenoso\",\"Francesca Perina\",\"Francesco Logoteta\",\"Giuseppe Iaria\",\"Giuseppe Iaria \u201963\",\"Giuseppe Iaria \u201981\",\"Gregorio Procopio\",\"Ilenia Barresi\",\"Irene Calabr\u00f2\",\"Lia Amore\",\"Palazzo Alvaro\",\"Paola Morace\",\"rosa fontana\",\"Rossana Corsaro\",\"Salvatore Russo.\",\"Sebastiano Plutino\",\"Silvana Marrapodi\",\"Simona Treccosti\",\"Stefano Nava\",\"Tina Nicol\u00f2\",\"tiziana marra\",\"Vito Ruscio\"],\"articleSection\":[\"Home\",\"News\",\"Reggio Calabria\"],\"inLanguage\":\"it-IT\"},{\"@type\":\"WebPage\",\"@id\":\"https:\/\/progettotouring.it\/radiotouring104\/2023\/05\/19\/reggio-la-vitalita-dellarte-iberica-a-palazzo-alvaro\/\",\"url\":\"https:\/\/progettotouring.it\/radiotouring104\/2023\/05\/19\/reggio-la-vitalita-dellarte-iberica-a-palazzo-alvaro\/\",\"name\":\"Reggio, la vitalit\u00e0 dell'arte iberica a Palazzo Alvaro\",\"isPartOf\":{\"@id\":\"https:\/\/progettotouring.it\/radiotouring104\/#website\"},\"primaryImageOfPage\":{\"@id\":\"https:\/\/progettotouring.it\/radiotouring104\/2023\/05\/19\/reggio-la-vitalita-dellarte-iberica-a-palazzo-alvaro\/#primaryimage\"},\"image\":{\"@id\":\"https:\/\/progettotouring.it\/radiotouring104\/2023\/05\/19\/reggio-la-vitalita-dellarte-iberica-a-palazzo-alvaro\/#primaryimage\"},\"thumbnailUrl\":\"https:\/\/progettotouring.it\/radiotouring104\/wp-content\/uploads\/sites\/6\/2023\/05\/ArteibericaReggio.jpg\",\"datePublished\":\"2023-05-19T08:43:46+00:00\",\"description\":\"Inaugurata la collettiva \u201cEspressioni Artistiche del Mondo Spagnolo\u201d, nel nome dell'amicizia tra i popoli uniti dal Mar Mediterraneo\",\"breadcrumb\":{\"@id\":\"https:\/\/progettotouring.it\/radiotouring104\/2023\/05\/19\/reggio-la-vitalita-dellarte-iberica-a-palazzo-alvaro\/#breadcrumb\"},\"inLanguage\":\"it-IT\",\"potentialAction\":[{\"@type\":\"ReadAction\",\"target\":[\"https:\/\/progettotouring.it\/radiotouring104\/2023\/05\/19\/reggio-la-vitalita-dellarte-iberica-a-palazzo-alvaro\/\"]}]},{\"@type\":\"ImageObject\",\"inLanguage\":\"it-IT\",\"@id\":\"https:\/\/progettotouring.it\/radiotouring104\/2023\/05\/19\/reggio-la-vitalita-dellarte-iberica-a-palazzo-alvaro\/#primaryimage\",\"url\":\"https:\/\/progettotouring.it\/radiotouring104\/wp-content\/uploads\/sites\/6\/2023\/05\/ArteibericaReggio.jpg\",\"contentUrl\":\"https:\/\/progettotouring.it\/radiotouring104\/wp-content\/uploads\/sites\/6\/2023\/05\/ArteibericaReggio.jpg\",\"width\":2048,\"height\":1536},{\"@type\":\"BreadcrumbList\",\"@id\":\"https:\/\/progettotouring.it\/radiotouring104\/2023\/05\/19\/reggio-la-vitalita-dellarte-iberica-a-palazzo-alvaro\/#breadcrumb\",\"itemListElement\":[{\"@type\":\"ListItem\",\"position\":1,\"name\":\"Home\",\"item\":\"https:\/\/progettotouring.it\/radiotouring104\/\"},{\"@type\":\"ListItem\",\"position\":2,\"name\":\"Reggio, la vitalit\u00e0 dell&#8217;arte iberica a Palazzo Alvaro\"}]},{\"@type\":\"WebSite\",\"@id\":\"https:\/\/progettotouring.it\/radiotouring104\/#website\",\"url\":\"https:\/\/progettotouring.it\/radiotouring104\/\",\"name\":\"Radio Touring 104\",\"description\":\"La prima radio Reggina\",\"publisher\":{\"@id\":\"https:\/\/progettotouring.it\/radiotouring104\/#organization\"},\"potentialAction\":[{\"@type\":\"SearchAction\",\"target\":{\"@type\":\"EntryPoint\",\"urlTemplate\":\"https:\/\/progettotouring.it\/radiotouring104\/?s={search_term_string}\"},\"query-input\":{\"@type\":\"PropertyValueSpecification\",\"valueRequired\":true,\"valueName\":\"search_term_string\"}}],\"inLanguage\":\"it-IT\"},{\"@type\":\"Organization\",\"@id\":\"https:\/\/progettotouring.it\/radiotouring104\/#organization\",\"name\":\"Radio Touring 104\",\"url\":\"https:\/\/progettotouring.it\/radiotouring104\/\",\"logo\":{\"@type\":\"ImageObject\",\"inLanguage\":\"it-IT\",\"@id\":\"https:\/\/progettotouring.it\/radiotouring104\/#\/schema\/logo\/image\/\",\"url\":\"https:\/\/progettotouring.it\/radiotouring104\/wp-content\/uploads\/sites\/6\/2022\/02\/cropped-logo-radio-touring-104.png\",\"contentUrl\":\"https:\/\/progettotouring.it\/radiotouring104\/wp-content\/uploads\/sites\/6\/2022\/02\/cropped-logo-radio-touring-104.png\",\"width\":377,\"height\":182,\"caption\":\"Radio Touring 104\"},\"image\":{\"@id\":\"https:\/\/progettotouring.it\/radiotouring104\/#\/schema\/logo\/image\/\"}},{\"@type\":\"Person\",\"@id\":\"https:\/\/progettotouring.it\/radiotouring104\/#\/schema\/person\/8458ed437f4094f881aab8e4cc572684\",\"name\":\"Helena Pedone\",\"image\":{\"@type\":\"ImageObject\",\"inLanguage\":\"it-IT\",\"@id\":\"https:\/\/secure.gravatar.com\/avatar\/95a63adf316f90175b68113b4b895a96641be06395ffeef88fea6178b30027d9?s=96&d=mm&r=g\",\"url\":\"https:\/\/secure.gravatar.com\/avatar\/95a63adf316f90175b68113b4b895a96641be06395ffeef88fea6178b30027d9?s=96&d=mm&r=g\",\"contentUrl\":\"https:\/\/secure.gravatar.com\/avatar\/95a63adf316f90175b68113b4b895a96641be06395ffeef88fea6178b30027d9?s=96&d=mm&r=g\",\"caption\":\"Helena Pedone\"},\"url\":\"https:\/\/progettotouring.it\/radiotouring104\/author\/helena\/\"}]}<\/script>\n<!-- \/ Yoast SEO plugin. -->","yoast_head_json":{"title":"Reggio, la vitalit\u00e0 dell'arte iberica a Palazzo Alvaro","description":"Inaugurata la collettiva \u201cEspressioni Artistiche del Mondo Spagnolo\u201d, nel nome dell'amicizia tra i popoli uniti dal Mar Mediterraneo","robots":{"index":"index","follow":"follow","max-snippet":"max-snippet:-1","max-image-preview":"max-image-preview:large","max-video-preview":"max-video-preview:-1"},"canonical":"https:\/\/progettotouring.it\/radiotouring104\/2023\/05\/19\/reggio-la-vitalita-dellarte-iberica-a-palazzo-alvaro\/","og_locale":"it_IT","og_type":"article","og_title":"Reggio, la vitalit\u00e0 dell'arte iberica a Palazzo Alvaro","og_description":"Inaugurata la collettiva \u201cEspressioni Artistiche del Mondo Spagnolo\u201d, nel nome dell'amicizia tra i popoli uniti dal Mar Mediterraneo","og_url":"https:\/\/progettotouring.it\/radiotouring104\/2023\/05\/19\/reggio-la-vitalita-dellarte-iberica-a-palazzo-alvaro\/","og_site_name":"Radio Touring 104","article_published_time":"2023-05-19T08:43:46+00:00","og_image":[{"width":2048,"height":1536,"url":"https:\/\/progettotouring.it\/radiotouring104\/wp-content\/uploads\/sites\/6\/2023\/05\/ArteibericaReggio.jpg","type":"image\/jpeg"}],"author":"Helena Pedone","twitter_card":"summary_large_image","twitter_misc":{"Scritto da":"Helena Pedone","Tempo di lettura stimato":"1 minuto"},"schema":{"@context":"https:\/\/schema.org","@graph":[{"@type":"Article","@id":"https:\/\/progettotouring.it\/radiotouring104\/2023\/05\/19\/reggio-la-vitalita-dellarte-iberica-a-palazzo-alvaro\/#article","isPartOf":{"@id":"https:\/\/progettotouring.it\/radiotouring104\/2023\/05\/19\/reggio-la-vitalita-dellarte-iberica-a-palazzo-alvaro\/"},"author":{"name":"Helena Pedone","@id":"https:\/\/progettotouring.it\/radiotouring104\/#\/schema\/person\/8458ed437f4094f881aab8e4cc572684"},"headline":"Reggio, la vitalit\u00e0 dell&#8217;arte iberica a Palazzo Alvaro","datePublished":"2023-05-19T08:43:46+00:00","mainEntityOfPage":{"@id":"https:\/\/progettotouring.it\/radiotouring104\/2023\/05\/19\/reggio-la-vitalita-dellarte-iberica-a-palazzo-alvaro\/"},"wordCount":295,"publisher":{"@id":"https:\/\/progettotouring.it\/radiotouring104\/#organization"},"image":{"@id":"https:\/\/progettotouring.it\/radiotouring104\/2023\/05\/19\/reggio-la-vitalita-dellarte-iberica-a-palazzo-alvaro\/#primaryimage"},"thumbnailUrl":"https:\/\/progettotouring.it\/radiotouring104\/wp-content\/uploads\/sites\/6\/2023\/05\/ArteibericaReggio.jpg","keywords":["\u201cEl gran d\u00eca de la amistad Reggio \u2013 Espa\u00f1a\u201d","Alberta Dito","Aldo Ape","Alfonso Naimo","Carmelo Viglianisi","Espressioni Artistiche del Mondo Spagnolo","Francesca Avenoso","Francesca Perina","Francesco Logoteta","Giuseppe Iaria","Giuseppe Iaria \u201963","Giuseppe Iaria \u201981","Gregorio Procopio","Ilenia Barresi","Irene Calabr\u00f2","Lia Amore","Palazzo Alvaro","Paola Morace","rosa fontana","Rossana Corsaro","Salvatore Russo.","Sebastiano Plutino","Silvana Marrapodi","Simona Treccosti","Stefano Nava","Tina Nicol\u00f2","tiziana marra","Vito Ruscio"],"articleSection":["Home","News","Reggio Calabria"],"inLanguage":"it-IT"},{"@type":"WebPage","@id":"https:\/\/progettotouring.it\/radiotouring104\/2023\/05\/19\/reggio-la-vitalita-dellarte-iberica-a-palazzo-alvaro\/","url":"https:\/\/progettotouring.it\/radiotouring104\/2023\/05\/19\/reggio-la-vitalita-dellarte-iberica-a-palazzo-alvaro\/","name":"Reggio, la vitalit\u00e0 dell'arte iberica a Palazzo Alvaro","isPartOf":{"@id":"https:\/\/progettotouring.it\/radiotouring104\/#website"},"primaryImageOfPage":{"@id":"https:\/\/progettotouring.it\/radiotouring104\/2023\/05\/19\/reggio-la-vitalita-dellarte-iberica-a-palazzo-alvaro\/#primaryimage"},"image":{"@id":"https:\/\/progettotouring.it\/radiotouring104\/2023\/05\/19\/reggio-la-vitalita-dellarte-iberica-a-palazzo-alvaro\/#primaryimage"},"thumbnailUrl":"https:\/\/progettotouring.it\/radiotouring104\/wp-content\/uploads\/sites\/6\/2023\/05\/ArteibericaReggio.jpg","datePublished":"2023-05-19T08:43:46+00:00","description":"Inaugurata la collettiva \u201cEspressioni Artistiche del Mondo Spagnolo\u201d, nel nome dell'amicizia tra i popoli uniti dal Mar Mediterraneo","breadcrumb":{"@id":"https:\/\/progettotouring.it\/radiotouring104\/2023\/05\/19\/reggio-la-vitalita-dellarte-iberica-a-palazzo-alvaro\/#breadcrumb"},"inLanguage":"it-IT","potentialAction":[{"@type":"ReadAction","target":["https:\/\/progettotouring.it\/radiotouring104\/2023\/05\/19\/reggio-la-vitalita-dellarte-iberica-a-palazzo-alvaro\/"]}]},{"@type":"ImageObject","inLanguage":"it-IT","@id":"https:\/\/progettotouring.it\/radiotouring104\/2023\/05\/19\/reggio-la-vitalita-dellarte-iberica-a-palazzo-alvaro\/#primaryimage","url":"https:\/\/progettotouring.it\/radiotouring104\/wp-content\/uploads\/sites\/6\/2023\/05\/ArteibericaReggio.jpg","contentUrl":"https:\/\/progettotouring.it\/radiotouring104\/wp-content\/uploads\/sites\/6\/2023\/05\/ArteibericaReggio.jpg","width":2048,"height":1536},{"@type":"BreadcrumbList","@id":"https:\/\/progettotouring.it\/radiotouring104\/2023\/05\/19\/reggio-la-vitalita-dellarte-iberica-a-palazzo-alvaro\/#breadcrumb","itemListElement":[{"@type":"ListItem","position":1,"name":"Home","item":"https:\/\/progettotouring.it\/radiotouring104\/"},{"@type":"ListItem","position":2,"name":"Reggio, la vitalit\u00e0 dell&#8217;arte iberica a Palazzo Alvaro"}]},{"@type":"WebSite","@id":"https:\/\/progettotouring.it\/radiotouring104\/#website","url":"https:\/\/progettotouring.it\/radiotouring104\/","name":"Radio Touring 104","description":"La prima radio Reggina","publisher":{"@id":"https:\/\/progettotouring.it\/radiotouring104\/#organization"},"potentialAction":[{"@type":"SearchAction","target":{"@type":"EntryPoint","urlTemplate":"https:\/\/progettotouring.it\/radiotouring104\/?s={search_term_string}"},"query-input":{"@type":"PropertyValueSpecification","valueRequired":true,"valueName":"search_term_string"}}],"inLanguage":"it-IT"},{"@type":"Organization","@id":"https:\/\/progettotouring.it\/radiotouring104\/#organization","name":"Radio Touring 104","url":"https:\/\/progettotouring.it\/radiotouring104\/","logo":{"@type":"ImageObject","inLanguage":"it-IT","@id":"https:\/\/progettotouring.it\/radiotouring104\/#\/schema\/logo\/image\/","url":"https:\/\/progettotouring.it\/radiotouring104\/wp-content\/uploads\/sites\/6\/2022\/02\/cropped-logo-radio-touring-104.png","contentUrl":"https:\/\/progettotouring.it\/radiotouring104\/wp-content\/uploads\/sites\/6\/2022\/02\/cropped-logo-radio-touring-104.png","width":377,"height":182,"caption":"Radio Touring 104"},"image":{"@id":"https:\/\/progettotouring.it\/radiotouring104\/#\/schema\/logo\/image\/"}},{"@type":"Person","@id":"https:\/\/progettotouring.it\/radiotouring104\/#\/schema\/person\/8458ed437f4094f881aab8e4cc572684","name":"Helena Pedone","image":{"@type":"ImageObject","inLanguage":"it-IT","@id":"https:\/\/secure.gravatar.com\/avatar\/95a63adf316f90175b68113b4b895a96641be06395ffeef88fea6178b30027d9?s=96&d=mm&r=g","url":"https:\/\/secure.gravatar.com\/avatar\/95a63adf316f90175b68113b4b895a96641be06395ffeef88fea6178b30027d9?s=96&d=mm&r=g","contentUrl":"https:\/\/secure.gravatar.com\/avatar\/95a63adf316f90175b68113b4b895a96641be06395ffeef88fea6178b30027d9?s=96&d=mm&r=g","caption":"Helena Pedone"},"url":"https:\/\/progettotouring.it\/radiotouring104\/author\/helena\/"}]}},"jetpack_publicize_connections":[],"jetpack_featured_media_url":"https:\/\/progettotouring.it\/radiotouring104\/wp-content\/uploads\/sites\/6\/2023\/05\/ArteibericaReggio.jpg","jetpack_sharing_enabled":true,"_links":{"self":[{"href":"https:\/\/progettotouring.it\/radiotouring104\/wp-json\/wp\/v2\/posts\/26120","targetHints":{"allow":["GET"]}}],"collection":[{"href":"https:\/\/progettotouring.it\/radiotouring104\/wp-json\/wp\/v2\/posts"}],"about":[{"href":"https:\/\/progettotouring.it\/radiotouring104\/wp-json\/wp\/v2\/types\/post"}],"author":[{"embeddable":true,"href":"https:\/\/progettotouring.it\/radiotouring104\/wp-json\/wp\/v2\/users\/13"}],"replies":[{"embeddable":true,"href":"https:\/\/progettotouring.it\/radiotouring104\/wp-json\/wp\/v2\/comments?post=26120"}],"version-history":[{"count":2,"href":"https:\/\/progettotouring.it\/radiotouring104\/wp-json\/wp\/v2\/posts\/26120\/revisions"}],"predecessor-version":[{"id":26126,"href":"https:\/\/progettotouring.it\/radiotouring104\/wp-json\/wp\/v2\/posts\/26120\/revisions\/26126"}],"wp:featuredmedia":[{"embeddable":true,"href":"https:\/\/progettotouring.it\/radiotouring104\/wp-json\/wp\/v2\/media\/26121"}],"wp:attachment":[{"href":"https:\/\/progettotouring.it\/radiotouring104\/wp-json\/wp\/v2\/media?parent=26120"}],"wp:term":[{"taxonomy":"category","embeddable":true,"href":"https:\/\/progettotouring.it\/radiotouring104\/wp-json\/wp\/v2\/categories?post=26120"},{"taxonomy":"post_tag","embeddable":true,"href":"https:\/\/progettotouring.it\/radiotouring104\/wp-json\/wp\/v2\/tags?post=26120"}],"curies":[{"name":"wp","href":"https:\/\/api.w.org\/{rel}","templated":true}]}}