{"id":26334,"date":"2023-05-22T13:45:52","date_gmt":"2023-05-22T11:45:52","guid":{"rendered":"https:\/\/progettotouring.it\/radiotouring104\/?p=26334"},"modified":"2023-05-22T13:45:52","modified_gmt":"2023-05-22T11:45:52","slug":"a-palazzo-alvaro-el-gran-dia-de-la-amistad-reggio-espana","status":"publish","type":"post","link":"https:\/\/progettotouring.it\/radiotouring104\/2023\/05\/22\/a-palazzo-alvaro-el-gran-dia-de-la-amistad-reggio-espana\/","title":{"rendered":"A Palazzo Alvaro, &#8220;El gran d\u00eda de la amistad Reggio-Espa\u00f1a&#8221;"},"content":{"rendered":"<p>Nell&#8217;ambito dell&#8217;iniziativa internazionale &#8220;<strong>El gran d\u00eda de la amistad Reggio-Espa\u00f1a<\/strong>&#8220;, promossa dall&#8217;<strong>Associazione culturale<\/strong> <strong>Calabria-Spagna,<\/strong> il sindaco facente funzioni della Citt\u00e0 Metropolitana, <strong>Carmelo Versace<\/strong>, \u00e8 intervenuto alla conferenza &#8220;<strong>Il massacro dei Valdesi a Guardia Piemontese a opera della Controriforma spagnola<\/strong>\u201d, incentrato sulla relazione del professor Mart\u00edn Ibarra P\u00e9rez, teologo e docente universitario. Fra gli ospiti, all&#8217;evento che si \u00e8 svolto presso la sala &#8220;Perri&#8221; di<strong> Palazzo Alvaro<\/strong>, anche l&#8217;assessora alla Cultura del Comune di Reggio Calabria, <strong>Irene Calabr\u00f2<\/strong>, e, fra gli altri, le rappresentanze della prefettura di Reggio Calabria, della <strong>Chiesa Evangelica Battista di Reggio Calabria<\/strong>, dell\u2019<strong>Istituto \u201cCervantes\u201d di Napoli<\/strong>, dell\u2019Universit\u00e0 Nazionale F.T.U.E.B.E. di Alcobendas &#8211; Madrid e del <strong>Conservatorio di Musica &#8220;Cilea&#8221;<\/strong>.<\/p>\n<p>Versace, nel ringraziare la presidente di &#8220;Calabria-Spagna&#8221;,<strong> Rosa Italia Fontana<\/strong>, ha sottolineato \u00abl&#8217;impegno profuso quotidianamente dall&#8217;associazione che mette in campo iniziative complesse, frutto di un grande lavoro di sinergia e mediazione con il popolo spagnolo\u00bb. \u00abQuesta vivacit\u00e0 culturale &#8211; ha aggiunto &#8211; condensata in una tre giorni ospitata a Palazzo Alvaro fra convegni, momenti di riflessione e una mostra d&#8217;arte che ha messo in rete numerosi artisti locali, descrive pienamente il valore dell&#8217;amicizia fra i popoli in un momento storico in cui c&#8217;\u00e8 bisogno di pace, cooperazione e armonia\u00bb.<\/p>\n<p>Il sindaco facente funzioni ha, quindi, rivolto un pensiero all&#8217;intraprendenza dell&#8217;assessora comunale di Reggio, Irene Calabr\u00f2, \u00ab<em>anima istituzionale e cuore pulsante di questa bella iniziativa che, con tanta passione, sta provando a alzare il livello culturale cittadino, stimolando ognuno di noi a fare sempre meglio<\/em>\u00bb.<br \/>\nProprio l&#8217;assessora Calabr\u00f2 ha sottolineato ed apprezzato l&#8217;opera della presidente Fontana che \u00ab\u00e8 riuscita a fare da collante fra le diverse realt\u00e0 istituzionali della Calabria e quelle di Madrid\u00bb.<\/p>\n<p>\u00abIl ruolo dell&#8217;associazionismo &#8211; ha aggiunto &#8211; \u00e8 molto importante per la cittadinanza ed il merito che riconosciamo all&#8217;associazione Calabria-Spagna \u00e8 proprio quello di saper fare da ammortizzatore tra le esigenze di un Ente locale e le realt\u00e0 istituzionali estere\u00bb.<br \/>\nNel corso del suo intervento, l&#8217;assessora Calabr\u00f2 ha ricordato il dinamismo di &#8220;Calabria-Spagna&#8221; che, durante tutto l&#8217;anno, \u00ab\u00e8 rivolto ad animare i nostri beni culturali, in particolare la biblioteca &#8220;De Nava&#8221;, raccogliendo tanti soci che valorizzano le innumerevoli potenzialit\u00e0 del territorio\u00bb.<\/p>\n<p>\u00abQuesto rapporto &#8211; ha proseguito &#8211; si \u00e8 costruito nel tempo, fondandosi su una fiducia reciproca che esprime il senso di una collaborazione proficua e testimonia l&#8217;importanza della sinergia fra istituzioni. Siamo davvero contenti di accogliere ospiti internazionali perch\u00e9 abbiamo la necessit\u00e0 che la citt\u00e0 conquisti una ribalta anche fuori dai suoi confini naturali ed \u00e8 stato un vero piacere condividere questa esperienza con gli artisti locali\u00bb.<\/p>\n<p>\u00abL&#8217;associazione, dunque &#8211; ha concluso Calabr\u00f2 &#8211; dimostra, ancora una volta, di saper parlare al territorio proiettandosi all&#8217;esterno. Un ringraziamento va, quindi, alla presidente Fontana per la seriet\u00e0 dimostrata nell&#8217;organizzazione di questa importante iniziativa. \u00c8 uno sforzo che le istituzioni apprezzano\u00bb<\/p>\n","protected":false},"excerpt":{"rendered":"<p>Nell&#8217;ambito dell&#8217;iniziativa internazionale &#8220;El gran d\u00eda de la amistad Reggio-Espa\u00f1a&#8220;, promossa dall&#8217;Associazione culturale Calabria-Spagna, il sindaco facente funzioni della Citt\u00e0 Metropolitana, Carmelo Versace, \u00e8 intervenuto alla conferenza &#8220;Il massacro dei&hellip;<\/p>\n","protected":false},"author":13,"featured_media":26335,"comment_status":"closed","ping_status":"open","sticky":false,"template":"","format":"standard","meta":{"_jetpack_memberships_contains_paid_content":false,"footnotes":"","jetpack_publicize_message":"","jetpack_publicize_feature_enabled":true,"jetpack_social_post_already_shared":false,"jetpack_social_options":{"image_generator_settings":{"template":"highway","default_image_id":0,"font":"","enabled":false},"version":2}},"categories":[921,196,140],"tags":[15504,15653,15654,345,739,15655],"class_list":["post-26334","post","type-post","status-publish","format-standard","has-post-thumbnail","hentry","category-home","category-news","category-reggio-calabria","tag-el-gran-dia-de-la-amistad-reggio-espana","tag-chiesa-evangelica-battista-di-reggio-calabria","tag-conservatorio-di-musica-cilea","tag-irene-calabro","tag-palazzo-alvaro","tag-rosa-italia-fontana"],"yoast_head":"<!-- This site is optimized with the Yoast SEO plugin v27.2 - https:\/\/yoast.com\/product\/yoast-seo-wordpress\/ -->\n<title>A Palazzo Alvaro, &quot;El gran d\u00eda de la amistad Reggio-Espa\u00f1a&quot;<\/title>\n<meta name=\"description\" content=\"Accolta dal sindaco f.f. Carmelo Versace, l&#039;iniziativa \u00e8 frutto della grande vivacit\u00e0 culturale dell&#039;associazionismo cittadino\" \/>\n<meta name=\"robots\" content=\"index, follow, max-snippet:-1, max-image-preview:large, max-video-preview:-1\" \/>\n<link rel=\"canonical\" href=\"https:\/\/progettotouring.it\/radiotouring104\/2023\/05\/22\/a-palazzo-alvaro-el-gran-dia-de-la-amistad-reggio-espana\/\" \/>\n<meta property=\"og:locale\" content=\"it_IT\" \/>\n<meta property=\"og:type\" content=\"article\" \/>\n<meta property=\"og:title\" content=\"A Palazzo Alvaro, &quot;El gran d\u00eda de la amistad Reggio-Espa\u00f1a&quot;\" \/>\n<meta property=\"og:description\" content=\"Accolta dal sindaco f.f. Carmelo Versace, l&#039;iniziativa \u00e8 frutto della grande vivacit\u00e0 culturale dell&#039;associazionismo cittadino\" \/>\n<meta property=\"og:url\" content=\"https:\/\/progettotouring.it\/radiotouring104\/2023\/05\/22\/a-palazzo-alvaro-el-gran-dia-de-la-amistad-reggio-espana\/\" \/>\n<meta property=\"og:site_name\" content=\"Radio Touring 104\" \/>\n<meta property=\"article:published_time\" content=\"2023-05-22T11:45:52+00:00\" \/>\n<meta property=\"og:image\" content=\"https:\/\/progettotouring.it\/radiotouring104\/wp-content\/uploads\/sites\/6\/2023\/05\/convegnoItaliaSpagna.jpeg\" \/>\n\t<meta property=\"og:image:width\" content=\"1600\" \/>\n\t<meta property=\"og:image:height\" content=\"1200\" \/>\n\t<meta property=\"og:image:type\" content=\"image\/jpeg\" \/>\n<meta name=\"author\" content=\"Helena Pedone\" \/>\n<meta name=\"twitter:card\" content=\"summary_large_image\" \/>\n<meta name=\"twitter:label1\" content=\"Scritto da\" \/>\n\t<meta name=\"twitter:data1\" content=\"Helena Pedone\" \/>\n\t<meta name=\"twitter:label2\" content=\"Tempo di lettura stimato\" \/>\n\t<meta name=\"twitter:data2\" content=\"2 minuti\" \/>\n<script type=\"application\/ld+json\" class=\"yoast-schema-graph\">{\"@context\":\"https:\/\/schema.org\",\"@graph\":[{\"@type\":\"Article\",\"@id\":\"https:\/\/progettotouring.it\/radiotouring104\/2023\/05\/22\/a-palazzo-alvaro-el-gran-dia-de-la-amistad-reggio-espana\/#article\",\"isPartOf\":{\"@id\":\"https:\/\/progettotouring.it\/radiotouring104\/2023\/05\/22\/a-palazzo-alvaro-el-gran-dia-de-la-amistad-reggio-espana\/\"},\"author\":{\"name\":\"Helena Pedone\",\"@id\":\"https:\/\/progettotouring.it\/radiotouring104\/#\/schema\/person\/8458ed437f4094f881aab8e4cc572684\"},\"headline\":\"A Palazzo Alvaro, &#8220;El gran d\u00eda de la amistad Reggio-Espa\u00f1a&#8221;\",\"datePublished\":\"2023-05-22T11:45:52+00:00\",\"mainEntityOfPage\":{\"@id\":\"https:\/\/progettotouring.it\/radiotouring104\/2023\/05\/22\/a-palazzo-alvaro-el-gran-dia-de-la-amistad-reggio-espana\/\"},\"wordCount\":478,\"publisher\":{\"@id\":\"https:\/\/progettotouring.it\/radiotouring104\/#organization\"},\"image\":{\"@id\":\"https:\/\/progettotouring.it\/radiotouring104\/2023\/05\/22\/a-palazzo-alvaro-el-gran-dia-de-la-amistad-reggio-espana\/#primaryimage\"},\"thumbnailUrl\":\"https:\/\/progettotouring.it\/radiotouring104\/wp-content\/uploads\/sites\/6\/2023\/05\/convegnoItaliaSpagna.jpeg\",\"keywords\":[\"\u201cEl gran d\u00eca de la amistad Reggio \u2013 Espa\u00f1a\u201d\",\"Chiesa Evangelica Battista di Reggio Calabria\",\"Conservatorio di Musica \\\"Cilea\\\"\",\"Irene Calabr\u00f2\",\"Palazzo Alvaro\",\"Rosa Italia Fontana\"],\"articleSection\":[\"Home\",\"News\",\"Reggio Calabria\"],\"inLanguage\":\"it-IT\"},{\"@type\":\"WebPage\",\"@id\":\"https:\/\/progettotouring.it\/radiotouring104\/2023\/05\/22\/a-palazzo-alvaro-el-gran-dia-de-la-amistad-reggio-espana\/\",\"url\":\"https:\/\/progettotouring.it\/radiotouring104\/2023\/05\/22\/a-palazzo-alvaro-el-gran-dia-de-la-amistad-reggio-espana\/\",\"name\":\"A Palazzo Alvaro, \\\"El gran d\u00eda de la amistad Reggio-Espa\u00f1a\\\"\",\"isPartOf\":{\"@id\":\"https:\/\/progettotouring.it\/radiotouring104\/#website\"},\"primaryImageOfPage\":{\"@id\":\"https:\/\/progettotouring.it\/radiotouring104\/2023\/05\/22\/a-palazzo-alvaro-el-gran-dia-de-la-amistad-reggio-espana\/#primaryimage\"},\"image\":{\"@id\":\"https:\/\/progettotouring.it\/radiotouring104\/2023\/05\/22\/a-palazzo-alvaro-el-gran-dia-de-la-amistad-reggio-espana\/#primaryimage\"},\"thumbnailUrl\":\"https:\/\/progettotouring.it\/radiotouring104\/wp-content\/uploads\/sites\/6\/2023\/05\/convegnoItaliaSpagna.jpeg\",\"datePublished\":\"2023-05-22T11:45:52+00:00\",\"description\":\"Accolta dal sindaco f.f. Carmelo Versace, l'iniziativa \u00e8 frutto della grande vivacit\u00e0 culturale dell'associazionismo cittadino\",\"breadcrumb\":{\"@id\":\"https:\/\/progettotouring.it\/radiotouring104\/2023\/05\/22\/a-palazzo-alvaro-el-gran-dia-de-la-amistad-reggio-espana\/#breadcrumb\"},\"inLanguage\":\"it-IT\",\"potentialAction\":[{\"@type\":\"ReadAction\",\"target\":[\"https:\/\/progettotouring.it\/radiotouring104\/2023\/05\/22\/a-palazzo-alvaro-el-gran-dia-de-la-amistad-reggio-espana\/\"]}]},{\"@type\":\"ImageObject\",\"inLanguage\":\"it-IT\",\"@id\":\"https:\/\/progettotouring.it\/radiotouring104\/2023\/05\/22\/a-palazzo-alvaro-el-gran-dia-de-la-amistad-reggio-espana\/#primaryimage\",\"url\":\"https:\/\/progettotouring.it\/radiotouring104\/wp-content\/uploads\/sites\/6\/2023\/05\/convegnoItaliaSpagna.jpeg\",\"contentUrl\":\"https:\/\/progettotouring.it\/radiotouring104\/wp-content\/uploads\/sites\/6\/2023\/05\/convegnoItaliaSpagna.jpeg\",\"width\":1600,\"height\":1200},{\"@type\":\"BreadcrumbList\",\"@id\":\"https:\/\/progettotouring.it\/radiotouring104\/2023\/05\/22\/a-palazzo-alvaro-el-gran-dia-de-la-amistad-reggio-espana\/#breadcrumb\",\"itemListElement\":[{\"@type\":\"ListItem\",\"position\":1,\"name\":\"Home\",\"item\":\"https:\/\/progettotouring.it\/radiotouring104\/\"},{\"@type\":\"ListItem\",\"position\":2,\"name\":\"A Palazzo Alvaro, &#8220;El gran d\u00eda de la amistad Reggio-Espa\u00f1a&#8221;\"}]},{\"@type\":\"WebSite\",\"@id\":\"https:\/\/progettotouring.it\/radiotouring104\/#website\",\"url\":\"https:\/\/progettotouring.it\/radiotouring104\/\",\"name\":\"Radio Touring 104\",\"description\":\"La prima radio Reggina\",\"publisher\":{\"@id\":\"https:\/\/progettotouring.it\/radiotouring104\/#organization\"},\"potentialAction\":[{\"@type\":\"SearchAction\",\"target\":{\"@type\":\"EntryPoint\",\"urlTemplate\":\"https:\/\/progettotouring.it\/radiotouring104\/?s={search_term_string}\"},\"query-input\":{\"@type\":\"PropertyValueSpecification\",\"valueRequired\":true,\"valueName\":\"search_term_string\"}}],\"inLanguage\":\"it-IT\"},{\"@type\":\"Organization\",\"@id\":\"https:\/\/progettotouring.it\/radiotouring104\/#organization\",\"name\":\"Radio Touring 104\",\"url\":\"https:\/\/progettotouring.it\/radiotouring104\/\",\"logo\":{\"@type\":\"ImageObject\",\"inLanguage\":\"it-IT\",\"@id\":\"https:\/\/progettotouring.it\/radiotouring104\/#\/schema\/logo\/image\/\",\"url\":\"https:\/\/progettotouring.it\/radiotouring104\/wp-content\/uploads\/sites\/6\/2022\/02\/cropped-logo-radio-touring-104.png\",\"contentUrl\":\"https:\/\/progettotouring.it\/radiotouring104\/wp-content\/uploads\/sites\/6\/2022\/02\/cropped-logo-radio-touring-104.png\",\"width\":377,\"height\":182,\"caption\":\"Radio Touring 104\"},\"image\":{\"@id\":\"https:\/\/progettotouring.it\/radiotouring104\/#\/schema\/logo\/image\/\"}},{\"@type\":\"Person\",\"@id\":\"https:\/\/progettotouring.it\/radiotouring104\/#\/schema\/person\/8458ed437f4094f881aab8e4cc572684\",\"name\":\"Helena Pedone\",\"image\":{\"@type\":\"ImageObject\",\"inLanguage\":\"it-IT\",\"@id\":\"https:\/\/secure.gravatar.com\/avatar\/95a63adf316f90175b68113b4b895a96641be06395ffeef88fea6178b30027d9?s=96&d=mm&r=g\",\"url\":\"https:\/\/secure.gravatar.com\/avatar\/95a63adf316f90175b68113b4b895a96641be06395ffeef88fea6178b30027d9?s=96&d=mm&r=g\",\"contentUrl\":\"https:\/\/secure.gravatar.com\/avatar\/95a63adf316f90175b68113b4b895a96641be06395ffeef88fea6178b30027d9?s=96&d=mm&r=g\",\"caption\":\"Helena Pedone\"},\"url\":\"https:\/\/progettotouring.it\/radiotouring104\/author\/helena\/\"}]}<\/script>\n<!-- \/ Yoast SEO plugin. -->","yoast_head_json":{"title":"A Palazzo Alvaro, \"El gran d\u00eda de la amistad Reggio-Espa\u00f1a\"","description":"Accolta dal sindaco f.f. Carmelo Versace, l'iniziativa \u00e8 frutto della grande vivacit\u00e0 culturale dell'associazionismo cittadino","robots":{"index":"index","follow":"follow","max-snippet":"max-snippet:-1","max-image-preview":"max-image-preview:large","max-video-preview":"max-video-preview:-1"},"canonical":"https:\/\/progettotouring.it\/radiotouring104\/2023\/05\/22\/a-palazzo-alvaro-el-gran-dia-de-la-amistad-reggio-espana\/","og_locale":"it_IT","og_type":"article","og_title":"A Palazzo Alvaro, \"El gran d\u00eda de la amistad Reggio-Espa\u00f1a\"","og_description":"Accolta dal sindaco f.f. Carmelo Versace, l'iniziativa \u00e8 frutto della grande vivacit\u00e0 culturale dell'associazionismo cittadino","og_url":"https:\/\/progettotouring.it\/radiotouring104\/2023\/05\/22\/a-palazzo-alvaro-el-gran-dia-de-la-amistad-reggio-espana\/","og_site_name":"Radio Touring 104","article_published_time":"2023-05-22T11:45:52+00:00","og_image":[{"width":1600,"height":1200,"url":"https:\/\/progettotouring.it\/radiotouring104\/wp-content\/uploads\/sites\/6\/2023\/05\/convegnoItaliaSpagna.jpeg","type":"image\/jpeg"}],"author":"Helena Pedone","twitter_card":"summary_large_image","twitter_misc":{"Scritto da":"Helena Pedone","Tempo di lettura stimato":"2 minuti"},"schema":{"@context":"https:\/\/schema.org","@graph":[{"@type":"Article","@id":"https:\/\/progettotouring.it\/radiotouring104\/2023\/05\/22\/a-palazzo-alvaro-el-gran-dia-de-la-amistad-reggio-espana\/#article","isPartOf":{"@id":"https:\/\/progettotouring.it\/radiotouring104\/2023\/05\/22\/a-palazzo-alvaro-el-gran-dia-de-la-amistad-reggio-espana\/"},"author":{"name":"Helena Pedone","@id":"https:\/\/progettotouring.it\/radiotouring104\/#\/schema\/person\/8458ed437f4094f881aab8e4cc572684"},"headline":"A Palazzo Alvaro, &#8220;El gran d\u00eda de la amistad Reggio-Espa\u00f1a&#8221;","datePublished":"2023-05-22T11:45:52+00:00","mainEntityOfPage":{"@id":"https:\/\/progettotouring.it\/radiotouring104\/2023\/05\/22\/a-palazzo-alvaro-el-gran-dia-de-la-amistad-reggio-espana\/"},"wordCount":478,"publisher":{"@id":"https:\/\/progettotouring.it\/radiotouring104\/#organization"},"image":{"@id":"https:\/\/progettotouring.it\/radiotouring104\/2023\/05\/22\/a-palazzo-alvaro-el-gran-dia-de-la-amistad-reggio-espana\/#primaryimage"},"thumbnailUrl":"https:\/\/progettotouring.it\/radiotouring104\/wp-content\/uploads\/sites\/6\/2023\/05\/convegnoItaliaSpagna.jpeg","keywords":["\u201cEl gran d\u00eca de la amistad Reggio \u2013 Espa\u00f1a\u201d","Chiesa Evangelica Battista di Reggio Calabria","Conservatorio di Musica \"Cilea\"","Irene Calabr\u00f2","Palazzo Alvaro","Rosa Italia Fontana"],"articleSection":["Home","News","Reggio Calabria"],"inLanguage":"it-IT"},{"@type":"WebPage","@id":"https:\/\/progettotouring.it\/radiotouring104\/2023\/05\/22\/a-palazzo-alvaro-el-gran-dia-de-la-amistad-reggio-espana\/","url":"https:\/\/progettotouring.it\/radiotouring104\/2023\/05\/22\/a-palazzo-alvaro-el-gran-dia-de-la-amistad-reggio-espana\/","name":"A Palazzo Alvaro, \"El gran d\u00eda de la amistad Reggio-Espa\u00f1a\"","isPartOf":{"@id":"https:\/\/progettotouring.it\/radiotouring104\/#website"},"primaryImageOfPage":{"@id":"https:\/\/progettotouring.it\/radiotouring104\/2023\/05\/22\/a-palazzo-alvaro-el-gran-dia-de-la-amistad-reggio-espana\/#primaryimage"},"image":{"@id":"https:\/\/progettotouring.it\/radiotouring104\/2023\/05\/22\/a-palazzo-alvaro-el-gran-dia-de-la-amistad-reggio-espana\/#primaryimage"},"thumbnailUrl":"https:\/\/progettotouring.it\/radiotouring104\/wp-content\/uploads\/sites\/6\/2023\/05\/convegnoItaliaSpagna.jpeg","datePublished":"2023-05-22T11:45:52+00:00","description":"Accolta dal sindaco f.f. Carmelo Versace, l'iniziativa \u00e8 frutto della grande vivacit\u00e0 culturale dell'associazionismo cittadino","breadcrumb":{"@id":"https:\/\/progettotouring.it\/radiotouring104\/2023\/05\/22\/a-palazzo-alvaro-el-gran-dia-de-la-amistad-reggio-espana\/#breadcrumb"},"inLanguage":"it-IT","potentialAction":[{"@type":"ReadAction","target":["https:\/\/progettotouring.it\/radiotouring104\/2023\/05\/22\/a-palazzo-alvaro-el-gran-dia-de-la-amistad-reggio-espana\/"]}]},{"@type":"ImageObject","inLanguage":"it-IT","@id":"https:\/\/progettotouring.it\/radiotouring104\/2023\/05\/22\/a-palazzo-alvaro-el-gran-dia-de-la-amistad-reggio-espana\/#primaryimage","url":"https:\/\/progettotouring.it\/radiotouring104\/wp-content\/uploads\/sites\/6\/2023\/05\/convegnoItaliaSpagna.jpeg","contentUrl":"https:\/\/progettotouring.it\/radiotouring104\/wp-content\/uploads\/sites\/6\/2023\/05\/convegnoItaliaSpagna.jpeg","width":1600,"height":1200},{"@type":"BreadcrumbList","@id":"https:\/\/progettotouring.it\/radiotouring104\/2023\/05\/22\/a-palazzo-alvaro-el-gran-dia-de-la-amistad-reggio-espana\/#breadcrumb","itemListElement":[{"@type":"ListItem","position":1,"name":"Home","item":"https:\/\/progettotouring.it\/radiotouring104\/"},{"@type":"ListItem","position":2,"name":"A Palazzo Alvaro, &#8220;El gran d\u00eda de la amistad Reggio-Espa\u00f1a&#8221;"}]},{"@type":"WebSite","@id":"https:\/\/progettotouring.it\/radiotouring104\/#website","url":"https:\/\/progettotouring.it\/radiotouring104\/","name":"Radio Touring 104","description":"La prima radio Reggina","publisher":{"@id":"https:\/\/progettotouring.it\/radiotouring104\/#organization"},"potentialAction":[{"@type":"SearchAction","target":{"@type":"EntryPoint","urlTemplate":"https:\/\/progettotouring.it\/radiotouring104\/?s={search_term_string}"},"query-input":{"@type":"PropertyValueSpecification","valueRequired":true,"valueName":"search_term_string"}}],"inLanguage":"it-IT"},{"@type":"Organization","@id":"https:\/\/progettotouring.it\/radiotouring104\/#organization","name":"Radio Touring 104","url":"https:\/\/progettotouring.it\/radiotouring104\/","logo":{"@type":"ImageObject","inLanguage":"it-IT","@id":"https:\/\/progettotouring.it\/radiotouring104\/#\/schema\/logo\/image\/","url":"https:\/\/progettotouring.it\/radiotouring104\/wp-content\/uploads\/sites\/6\/2022\/02\/cropped-logo-radio-touring-104.png","contentUrl":"https:\/\/progettotouring.it\/radiotouring104\/wp-content\/uploads\/sites\/6\/2022\/02\/cropped-logo-radio-touring-104.png","width":377,"height":182,"caption":"Radio Touring 104"},"image":{"@id":"https:\/\/progettotouring.it\/radiotouring104\/#\/schema\/logo\/image\/"}},{"@type":"Person","@id":"https:\/\/progettotouring.it\/radiotouring104\/#\/schema\/person\/8458ed437f4094f881aab8e4cc572684","name":"Helena Pedone","image":{"@type":"ImageObject","inLanguage":"it-IT","@id":"https:\/\/secure.gravatar.com\/avatar\/95a63adf316f90175b68113b4b895a96641be06395ffeef88fea6178b30027d9?s=96&d=mm&r=g","url":"https:\/\/secure.gravatar.com\/avatar\/95a63adf316f90175b68113b4b895a96641be06395ffeef88fea6178b30027d9?s=96&d=mm&r=g","contentUrl":"https:\/\/secure.gravatar.com\/avatar\/95a63adf316f90175b68113b4b895a96641be06395ffeef88fea6178b30027d9?s=96&d=mm&r=g","caption":"Helena Pedone"},"url":"https:\/\/progettotouring.it\/radiotouring104\/author\/helena\/"}]}},"jetpack_publicize_connections":[],"jetpack_featured_media_url":"https:\/\/progettotouring.it\/radiotouring104\/wp-content\/uploads\/sites\/6\/2023\/05\/convegnoItaliaSpagna.jpeg","jetpack_sharing_enabled":true,"_links":{"self":[{"href":"https:\/\/progettotouring.it\/radiotouring104\/wp-json\/wp\/v2\/posts\/26334","targetHints":{"allow":["GET"]}}],"collection":[{"href":"https:\/\/progettotouring.it\/radiotouring104\/wp-json\/wp\/v2\/posts"}],"about":[{"href":"https:\/\/progettotouring.it\/radiotouring104\/wp-json\/wp\/v2\/types\/post"}],"author":[{"embeddable":true,"href":"https:\/\/progettotouring.it\/radiotouring104\/wp-json\/wp\/v2\/users\/13"}],"replies":[{"embeddable":true,"href":"https:\/\/progettotouring.it\/radiotouring104\/wp-json\/wp\/v2\/comments?post=26334"}],"version-history":[{"count":1,"href":"https:\/\/progettotouring.it\/radiotouring104\/wp-json\/wp\/v2\/posts\/26334\/revisions"}],"predecessor-version":[{"id":26350,"href":"https:\/\/progettotouring.it\/radiotouring104\/wp-json\/wp\/v2\/posts\/26334\/revisions\/26350"}],"wp:featuredmedia":[{"embeddable":true,"href":"https:\/\/progettotouring.it\/radiotouring104\/wp-json\/wp\/v2\/media\/26335"}],"wp:attachment":[{"href":"https:\/\/progettotouring.it\/radiotouring104\/wp-json\/wp\/v2\/media?parent=26334"}],"wp:term":[{"taxonomy":"category","embeddable":true,"href":"https:\/\/progettotouring.it\/radiotouring104\/wp-json\/wp\/v2\/categories?post=26334"},{"taxonomy":"post_tag","embeddable":true,"href":"https:\/\/progettotouring.it\/radiotouring104\/wp-json\/wp\/v2\/tags?post=26334"}],"curies":[{"name":"wp","href":"https:\/\/api.w.org\/{rel}","templated":true}]}}