{"id":26341,"date":"2023-05-22T13:14:41","date_gmt":"2023-05-22T11:14:41","guid":{"rendered":"https:\/\/progettotouring.it\/radiotouring104\/?p=26341"},"modified":"2023-05-22T13:14:41","modified_gmt":"2023-05-22T11:14:41","slug":"naufragio-cutro-presentato-progetto-docufilm-di-calopresti","status":"publish","type":"post","link":"https:\/\/progettotouring.it\/radiotouring104\/2023\/05\/22\/naufragio-cutro-presentato-progetto-docufilm-di-calopresti\/","title":{"rendered":"Naufragio Cutro, presentato progetto docufilm di Calopresti"},"content":{"rendered":"<p style=\"text-align: justify\">(ANSA) &#8211; CATANZARO, 20 MAG &#8211; E&#8217; stato <strong>presentato a Cannes, nell&#8217;ambito del Festival del cinema, il progetto per la realizzazione del documentario &#8220;Cutro, Calabria, Italia&#8221; diretto a Mimmo Calopresti<\/strong> e <strong>dedicato<\/strong> al tema dell&#8217;accoglienza in relazione<strong> al naufragio<\/strong> del barcone carico di migranti che il 26 febbraio scorso, <strong>a &#8220;Steccato&#8221; di Cutro,<\/strong> provoc\u00f2 la morte di 93 persone e una decina di dispersi.<\/p>\n<p style=\"text-align: justify\">All&#8217;incontro, moderato da Laura Delli Colli, presidente del Sindacato nazionale giornalisti cinematografici, hanno partecipato lo stesso Calopresti ed il Commissario straordinario della Fondazione Calabria Film Commission, Anton Giulio Grande.<\/p>\n<p style=\"text-align: justify\">\u00a0Le riprese del film-documentario, sostenuto dalla Fondazione Calabria Film Commission nell&#8217;ambito del progetto &#8220;Calabria Straordinaria&#8221;, partiranno in Calabria all&#8217;inizio del prossimo mese di giugno.<br \/>\n&#8220;<em>I fatti di Cutro<\/em> &#8211; ha detto <strong>Anton Giulio Grande<\/strong> &#8211;<em> hanno commosso il mondo. Con il lavoro di Calopresti, regista di fama internazionale, si toccheranno i temi dell&#8217;accoglienza e degli approdi, quello che generosamente il popolo di Cutro e le istituzioni hanno messo in moto il 26 febbraio scorso. Mimmo Calopresti, documentarista di fama internazionale, intende, da una parte, raccontare le azioni positive della popolazione di Cutro e delle istituzioni e, dall&#8217;altra, segnare il legame profondo esistente con episodi precedenti del cinema italiano, quelli delle ambientazioni pasoliniane nelle terre di Calabria.<\/em><br \/>\n<em>E segnatamente proprio a Cutro, dove Pasolini, nel 1964, gir\u00f2 &#8216;Il Vangelo secondo Matteo'&#8221;.<\/em><\/p>\n<p style=\"text-align: justify\"><strong>Mimmo Calopresti<\/strong> ha sottolineato &#8220;<em>l&#8217;importanza di non dimenticare. Solo cos\u00ec<\/em> &#8211; ha aggiunto &#8211; <em>riusciremo a dare un senso ad una tragedia come quella avvenuta a Cutro. Lo scopo \u00e8 di ricordare chi non c &#8216;\u00e8 pi\u00f9, raccontare le storie di chi si trovava su quel barcone che si \u00e8 sbriciolato sulla spiaggia di &#8216;Steccato&#8217; di Cutro, parlare di tutta quella gente che si \u00e8 data da fare per dare una mano ai superstiti e che si \u00e8 mobilitata per giorni per ricostruire e recuperare i brandelli di vita che arrivavano dal quel mare che ha ululato per giorni e notti.<\/em><br \/>\n<em>Insomma, trovare un senso a quel che \u00e8 successo facendo la sola cosa che so fare: raccontare<\/em>&#8220;. (ANSA).<\/p>\n","protected":false},"excerpt":{"rendered":"<p>(ANSA) &#8211; CATANZARO, 20 MAG &#8211; E&#8217; stato presentato a Cannes, nell&#8217;ambito del Festival del cinema, il progetto per la realizzazione del documentario &#8220;Cutro, Calabria, Italia&#8221; diretto a Mimmo Calopresti&hellip;<\/p>\n","protected":false},"author":12,"featured_media":26342,"comment_status":"closed","ping_status":"open","sticky":false,"template":"","format":"standard","meta":{"_jetpack_memberships_contains_paid_content":false,"footnotes":"","jetpack_publicize_message":"","jetpack_publicize_feature_enabled":true,"jetpack_social_post_already_shared":false,"jetpack_social_options":{"image_generator_settings":{"template":"highway","default_image_id":0,"font":"","enabled":false},"version":2}},"categories":[142,921,196],"tags":[3096,15592,15649,3100,15648,11047],"class_list":["post-26341","post","type-post","status-publish","format-standard","has-post-thumbnail","hentry","category-calabria","category-home","category-news","tag-anton-giulio-grande","tag-cannes","tag-fondazione-calabria-film-commission","tag-mimmo-calopresti","tag-moderato-da-laura-delli-colli","tag-naufragio-migranti-steccato-di-cutro"],"yoast_head":"<!-- This site is optimized with the Yoast SEO plugin v27.2 - https:\/\/yoast.com\/product\/yoast-seo-wordpress\/ -->\n<title>Naufragio Cutro, presentato progetto docufilm di Calopresti<\/title>\n<meta name=\"description\" content=\"Presentato a Cannes, il progetto del documentario &quot;Cutro, Calabria, Italia&quot; diretto da Calopresti in relazione al naufragio di Cutro\" \/>\n<meta name=\"robots\" content=\"index, follow, max-snippet:-1, max-image-preview:large, max-video-preview:-1\" \/>\n<link rel=\"canonical\" href=\"https:\/\/progettotouring.it\/radiotouring104\/2023\/05\/22\/naufragio-cutro-presentato-progetto-docufilm-di-calopresti\/\" \/>\n<meta property=\"og:locale\" content=\"it_IT\" \/>\n<meta property=\"og:type\" content=\"article\" \/>\n<meta property=\"og:title\" content=\"Naufragio Cutro, presentato progetto docufilm di Calopresti\" \/>\n<meta property=\"og:description\" content=\"Presentato a Cannes, il progetto del documentario &quot;Cutro, Calabria, Italia&quot; diretto da Calopresti in relazione al naufragio di Cutro\" \/>\n<meta property=\"og:url\" content=\"https:\/\/progettotouring.it\/radiotouring104\/2023\/05\/22\/naufragio-cutro-presentato-progetto-docufilm-di-calopresti\/\" \/>\n<meta property=\"og:site_name\" content=\"Radio Touring 104\" \/>\n<meta property=\"article:published_time\" content=\"2023-05-22T11:14:41+00:00\" \/>\n<meta property=\"og:image\" content=\"https:\/\/progettotouring.it\/radiotouring104\/wp-content\/uploads\/sites\/6\/2023\/05\/Documentario-Naufragio-Cutro-Calopresti.jpg\" \/>\n\t<meta property=\"og:image:width\" content=\"720\" \/>\n\t<meta property=\"og:image:height\" content=\"900\" \/>\n\t<meta property=\"og:image:type\" content=\"image\/jpeg\" \/>\n<meta name=\"author\" content=\"Sebastiano Plutino\" \/>\n<meta name=\"twitter:card\" content=\"summary_large_image\" \/>\n<meta name=\"twitter:label1\" content=\"Scritto da\" \/>\n\t<meta name=\"twitter:data1\" content=\"Sebastiano Plutino\" \/>\n\t<meta name=\"twitter:label2\" content=\"Tempo di lettura stimato\" \/>\n\t<meta name=\"twitter:data2\" content=\"2 minuti\" \/>\n<script type=\"application\/ld+json\" class=\"yoast-schema-graph\">{\"@context\":\"https:\/\/schema.org\",\"@graph\":[{\"@type\":\"Article\",\"@id\":\"https:\/\/progettotouring.it\/radiotouring104\/2023\/05\/22\/naufragio-cutro-presentato-progetto-docufilm-di-calopresti\/#article\",\"isPartOf\":{\"@id\":\"https:\/\/progettotouring.it\/radiotouring104\/2023\/05\/22\/naufragio-cutro-presentato-progetto-docufilm-di-calopresti\/\"},\"author\":{\"name\":\"Sebastiano Plutino\",\"@id\":\"https:\/\/progettotouring.it\/radiotouring104\/#\/schema\/person\/78613917f1851f041f7483f5af1d422e\"},\"headline\":\"Naufragio Cutro, presentato progetto docufilm di Calopresti\",\"datePublished\":\"2023-05-22T11:14:41+00:00\",\"mainEntityOfPage\":{\"@id\":\"https:\/\/progettotouring.it\/radiotouring104\/2023\/05\/22\/naufragio-cutro-presentato-progetto-docufilm-di-calopresti\/\"},\"wordCount\":339,\"publisher\":{\"@id\":\"https:\/\/progettotouring.it\/radiotouring104\/#organization\"},\"image\":{\"@id\":\"https:\/\/progettotouring.it\/radiotouring104\/2023\/05\/22\/naufragio-cutro-presentato-progetto-docufilm-di-calopresti\/#primaryimage\"},\"thumbnailUrl\":\"https:\/\/progettotouring.it\/radiotouring104\/wp-content\/uploads\/sites\/6\/2023\/05\/Documentario-Naufragio-Cutro-Calopresti.jpg\",\"keywords\":[\"anton giulio grande\",\"cannes\",\"Fondazione Calabria Film Commission\",\"mimmo calopresti\",\"moderato da Laura Delli Colli\",\"naufragio migranti steccato di Cutro\"],\"articleSection\":[\"Calabria\",\"Home\",\"News\"],\"inLanguage\":\"it-IT\"},{\"@type\":\"WebPage\",\"@id\":\"https:\/\/progettotouring.it\/radiotouring104\/2023\/05\/22\/naufragio-cutro-presentato-progetto-docufilm-di-calopresti\/\",\"url\":\"https:\/\/progettotouring.it\/radiotouring104\/2023\/05\/22\/naufragio-cutro-presentato-progetto-docufilm-di-calopresti\/\",\"name\":\"Naufragio Cutro, presentato progetto docufilm di Calopresti\",\"isPartOf\":{\"@id\":\"https:\/\/progettotouring.it\/radiotouring104\/#website\"},\"primaryImageOfPage\":{\"@id\":\"https:\/\/progettotouring.it\/radiotouring104\/2023\/05\/22\/naufragio-cutro-presentato-progetto-docufilm-di-calopresti\/#primaryimage\"},\"image\":{\"@id\":\"https:\/\/progettotouring.it\/radiotouring104\/2023\/05\/22\/naufragio-cutro-presentato-progetto-docufilm-di-calopresti\/#primaryimage\"},\"thumbnailUrl\":\"https:\/\/progettotouring.it\/radiotouring104\/wp-content\/uploads\/sites\/6\/2023\/05\/Documentario-Naufragio-Cutro-Calopresti.jpg\",\"datePublished\":\"2023-05-22T11:14:41+00:00\",\"description\":\"Presentato a Cannes, il progetto del documentario \\\"Cutro, Calabria, Italia\\\" diretto da Calopresti in relazione al naufragio di Cutro\",\"breadcrumb\":{\"@id\":\"https:\/\/progettotouring.it\/radiotouring104\/2023\/05\/22\/naufragio-cutro-presentato-progetto-docufilm-di-calopresti\/#breadcrumb\"},\"inLanguage\":\"it-IT\",\"potentialAction\":[{\"@type\":\"ReadAction\",\"target\":[\"https:\/\/progettotouring.it\/radiotouring104\/2023\/05\/22\/naufragio-cutro-presentato-progetto-docufilm-di-calopresti\/\"]}]},{\"@type\":\"ImageObject\",\"inLanguage\":\"it-IT\",\"@id\":\"https:\/\/progettotouring.it\/radiotouring104\/2023\/05\/22\/naufragio-cutro-presentato-progetto-docufilm-di-calopresti\/#primaryimage\",\"url\":\"https:\/\/progettotouring.it\/radiotouring104\/wp-content\/uploads\/sites\/6\/2023\/05\/Documentario-Naufragio-Cutro-Calopresti.jpg\",\"contentUrl\":\"https:\/\/progettotouring.it\/radiotouring104\/wp-content\/uploads\/sites\/6\/2023\/05\/Documentario-Naufragio-Cutro-Calopresti.jpg\",\"width\":720,\"height\":900},{\"@type\":\"BreadcrumbList\",\"@id\":\"https:\/\/progettotouring.it\/radiotouring104\/2023\/05\/22\/naufragio-cutro-presentato-progetto-docufilm-di-calopresti\/#breadcrumb\",\"itemListElement\":[{\"@type\":\"ListItem\",\"position\":1,\"name\":\"Home\",\"item\":\"https:\/\/progettotouring.it\/radiotouring104\/\"},{\"@type\":\"ListItem\",\"position\":2,\"name\":\"Naufragio Cutro, presentato progetto docufilm di Calopresti\"}]},{\"@type\":\"WebSite\",\"@id\":\"https:\/\/progettotouring.it\/radiotouring104\/#website\",\"url\":\"https:\/\/progettotouring.it\/radiotouring104\/\",\"name\":\"Radio Touring 104\",\"description\":\"La prima radio Reggina\",\"publisher\":{\"@id\":\"https:\/\/progettotouring.it\/radiotouring104\/#organization\"},\"potentialAction\":[{\"@type\":\"SearchAction\",\"target\":{\"@type\":\"EntryPoint\",\"urlTemplate\":\"https:\/\/progettotouring.it\/radiotouring104\/?s={search_term_string}\"},\"query-input\":{\"@type\":\"PropertyValueSpecification\",\"valueRequired\":true,\"valueName\":\"search_term_string\"}}],\"inLanguage\":\"it-IT\"},{\"@type\":\"Organization\",\"@id\":\"https:\/\/progettotouring.it\/radiotouring104\/#organization\",\"name\":\"Radio Touring 104\",\"url\":\"https:\/\/progettotouring.it\/radiotouring104\/\",\"logo\":{\"@type\":\"ImageObject\",\"inLanguage\":\"it-IT\",\"@id\":\"https:\/\/progettotouring.it\/radiotouring104\/#\/schema\/logo\/image\/\",\"url\":\"https:\/\/progettotouring.it\/radiotouring104\/wp-content\/uploads\/sites\/6\/2022\/02\/cropped-logo-radio-touring-104.png\",\"contentUrl\":\"https:\/\/progettotouring.it\/radiotouring104\/wp-content\/uploads\/sites\/6\/2022\/02\/cropped-logo-radio-touring-104.png\",\"width\":377,\"height\":182,\"caption\":\"Radio Touring 104\"},\"image\":{\"@id\":\"https:\/\/progettotouring.it\/radiotouring104\/#\/schema\/logo\/image\/\"}},{\"@type\":\"Person\",\"@id\":\"https:\/\/progettotouring.it\/radiotouring104\/#\/schema\/person\/78613917f1851f041f7483f5af1d422e\",\"name\":\"Sebastiano Plutino\",\"image\":{\"@type\":\"ImageObject\",\"inLanguage\":\"it-IT\",\"@id\":\"https:\/\/secure.gravatar.com\/avatar\/0546ffaa9b79224faf9f2a156b67a529ae861d3287c66c1d8ccfdf909bcba78d?s=96&d=mm&r=g\",\"url\":\"https:\/\/secure.gravatar.com\/avatar\/0546ffaa9b79224faf9f2a156b67a529ae861d3287c66c1d8ccfdf909bcba78d?s=96&d=mm&r=g\",\"contentUrl\":\"https:\/\/secure.gravatar.com\/avatar\/0546ffaa9b79224faf9f2a156b67a529ae861d3287c66c1d8ccfdf909bcba78d?s=96&d=mm&r=g\",\"caption\":\"Sebastiano Plutino\"},\"url\":\"https:\/\/progettotouring.it\/radiotouring104\/author\/sebastiano\/\"}]}<\/script>\n<!-- \/ Yoast SEO plugin. -->","yoast_head_json":{"title":"Naufragio Cutro, presentato progetto docufilm di Calopresti","description":"Presentato a Cannes, il progetto del documentario \"Cutro, Calabria, Italia\" diretto da Calopresti in relazione al naufragio di Cutro","robots":{"index":"index","follow":"follow","max-snippet":"max-snippet:-1","max-image-preview":"max-image-preview:large","max-video-preview":"max-video-preview:-1"},"canonical":"https:\/\/progettotouring.it\/radiotouring104\/2023\/05\/22\/naufragio-cutro-presentato-progetto-docufilm-di-calopresti\/","og_locale":"it_IT","og_type":"article","og_title":"Naufragio Cutro, presentato progetto docufilm di Calopresti","og_description":"Presentato a Cannes, il progetto del documentario \"Cutro, Calabria, Italia\" diretto da Calopresti in relazione al naufragio di Cutro","og_url":"https:\/\/progettotouring.it\/radiotouring104\/2023\/05\/22\/naufragio-cutro-presentato-progetto-docufilm-di-calopresti\/","og_site_name":"Radio Touring 104","article_published_time":"2023-05-22T11:14:41+00:00","og_image":[{"width":720,"height":900,"url":"https:\/\/progettotouring.it\/radiotouring104\/wp-content\/uploads\/sites\/6\/2023\/05\/Documentario-Naufragio-Cutro-Calopresti.jpg","type":"image\/jpeg"}],"author":"Sebastiano Plutino","twitter_card":"summary_large_image","twitter_misc":{"Scritto da":"Sebastiano Plutino","Tempo di lettura stimato":"2 minuti"},"schema":{"@context":"https:\/\/schema.org","@graph":[{"@type":"Article","@id":"https:\/\/progettotouring.it\/radiotouring104\/2023\/05\/22\/naufragio-cutro-presentato-progetto-docufilm-di-calopresti\/#article","isPartOf":{"@id":"https:\/\/progettotouring.it\/radiotouring104\/2023\/05\/22\/naufragio-cutro-presentato-progetto-docufilm-di-calopresti\/"},"author":{"name":"Sebastiano Plutino","@id":"https:\/\/progettotouring.it\/radiotouring104\/#\/schema\/person\/78613917f1851f041f7483f5af1d422e"},"headline":"Naufragio Cutro, presentato progetto docufilm di Calopresti","datePublished":"2023-05-22T11:14:41+00:00","mainEntityOfPage":{"@id":"https:\/\/progettotouring.it\/radiotouring104\/2023\/05\/22\/naufragio-cutro-presentato-progetto-docufilm-di-calopresti\/"},"wordCount":339,"publisher":{"@id":"https:\/\/progettotouring.it\/radiotouring104\/#organization"},"image":{"@id":"https:\/\/progettotouring.it\/radiotouring104\/2023\/05\/22\/naufragio-cutro-presentato-progetto-docufilm-di-calopresti\/#primaryimage"},"thumbnailUrl":"https:\/\/progettotouring.it\/radiotouring104\/wp-content\/uploads\/sites\/6\/2023\/05\/Documentario-Naufragio-Cutro-Calopresti.jpg","keywords":["anton giulio grande","cannes","Fondazione Calabria Film Commission","mimmo calopresti","moderato da Laura Delli Colli","naufragio migranti steccato di Cutro"],"articleSection":["Calabria","Home","News"],"inLanguage":"it-IT"},{"@type":"WebPage","@id":"https:\/\/progettotouring.it\/radiotouring104\/2023\/05\/22\/naufragio-cutro-presentato-progetto-docufilm-di-calopresti\/","url":"https:\/\/progettotouring.it\/radiotouring104\/2023\/05\/22\/naufragio-cutro-presentato-progetto-docufilm-di-calopresti\/","name":"Naufragio Cutro, presentato progetto docufilm di Calopresti","isPartOf":{"@id":"https:\/\/progettotouring.it\/radiotouring104\/#website"},"primaryImageOfPage":{"@id":"https:\/\/progettotouring.it\/radiotouring104\/2023\/05\/22\/naufragio-cutro-presentato-progetto-docufilm-di-calopresti\/#primaryimage"},"image":{"@id":"https:\/\/progettotouring.it\/radiotouring104\/2023\/05\/22\/naufragio-cutro-presentato-progetto-docufilm-di-calopresti\/#primaryimage"},"thumbnailUrl":"https:\/\/progettotouring.it\/radiotouring104\/wp-content\/uploads\/sites\/6\/2023\/05\/Documentario-Naufragio-Cutro-Calopresti.jpg","datePublished":"2023-05-22T11:14:41+00:00","description":"Presentato a Cannes, il progetto del documentario \"Cutro, Calabria, Italia\" diretto da Calopresti in relazione al naufragio di Cutro","breadcrumb":{"@id":"https:\/\/progettotouring.it\/radiotouring104\/2023\/05\/22\/naufragio-cutro-presentato-progetto-docufilm-di-calopresti\/#breadcrumb"},"inLanguage":"it-IT","potentialAction":[{"@type":"ReadAction","target":["https:\/\/progettotouring.it\/radiotouring104\/2023\/05\/22\/naufragio-cutro-presentato-progetto-docufilm-di-calopresti\/"]}]},{"@type":"ImageObject","inLanguage":"it-IT","@id":"https:\/\/progettotouring.it\/radiotouring104\/2023\/05\/22\/naufragio-cutro-presentato-progetto-docufilm-di-calopresti\/#primaryimage","url":"https:\/\/progettotouring.it\/radiotouring104\/wp-content\/uploads\/sites\/6\/2023\/05\/Documentario-Naufragio-Cutro-Calopresti.jpg","contentUrl":"https:\/\/progettotouring.it\/radiotouring104\/wp-content\/uploads\/sites\/6\/2023\/05\/Documentario-Naufragio-Cutro-Calopresti.jpg","width":720,"height":900},{"@type":"BreadcrumbList","@id":"https:\/\/progettotouring.it\/radiotouring104\/2023\/05\/22\/naufragio-cutro-presentato-progetto-docufilm-di-calopresti\/#breadcrumb","itemListElement":[{"@type":"ListItem","position":1,"name":"Home","item":"https:\/\/progettotouring.it\/radiotouring104\/"},{"@type":"ListItem","position":2,"name":"Naufragio Cutro, presentato progetto docufilm di Calopresti"}]},{"@type":"WebSite","@id":"https:\/\/progettotouring.it\/radiotouring104\/#website","url":"https:\/\/progettotouring.it\/radiotouring104\/","name":"Radio Touring 104","description":"La prima radio Reggina","publisher":{"@id":"https:\/\/progettotouring.it\/radiotouring104\/#organization"},"potentialAction":[{"@type":"SearchAction","target":{"@type":"EntryPoint","urlTemplate":"https:\/\/progettotouring.it\/radiotouring104\/?s={search_term_string}"},"query-input":{"@type":"PropertyValueSpecification","valueRequired":true,"valueName":"search_term_string"}}],"inLanguage":"it-IT"},{"@type":"Organization","@id":"https:\/\/progettotouring.it\/radiotouring104\/#organization","name":"Radio Touring 104","url":"https:\/\/progettotouring.it\/radiotouring104\/","logo":{"@type":"ImageObject","inLanguage":"it-IT","@id":"https:\/\/progettotouring.it\/radiotouring104\/#\/schema\/logo\/image\/","url":"https:\/\/progettotouring.it\/radiotouring104\/wp-content\/uploads\/sites\/6\/2022\/02\/cropped-logo-radio-touring-104.png","contentUrl":"https:\/\/progettotouring.it\/radiotouring104\/wp-content\/uploads\/sites\/6\/2022\/02\/cropped-logo-radio-touring-104.png","width":377,"height":182,"caption":"Radio Touring 104"},"image":{"@id":"https:\/\/progettotouring.it\/radiotouring104\/#\/schema\/logo\/image\/"}},{"@type":"Person","@id":"https:\/\/progettotouring.it\/radiotouring104\/#\/schema\/person\/78613917f1851f041f7483f5af1d422e","name":"Sebastiano Plutino","image":{"@type":"ImageObject","inLanguage":"it-IT","@id":"https:\/\/secure.gravatar.com\/avatar\/0546ffaa9b79224faf9f2a156b67a529ae861d3287c66c1d8ccfdf909bcba78d?s=96&d=mm&r=g","url":"https:\/\/secure.gravatar.com\/avatar\/0546ffaa9b79224faf9f2a156b67a529ae861d3287c66c1d8ccfdf909bcba78d?s=96&d=mm&r=g","contentUrl":"https:\/\/secure.gravatar.com\/avatar\/0546ffaa9b79224faf9f2a156b67a529ae861d3287c66c1d8ccfdf909bcba78d?s=96&d=mm&r=g","caption":"Sebastiano Plutino"},"url":"https:\/\/progettotouring.it\/radiotouring104\/author\/sebastiano\/"}]}},"jetpack_publicize_connections":[],"jetpack_featured_media_url":"https:\/\/progettotouring.it\/radiotouring104\/wp-content\/uploads\/sites\/6\/2023\/05\/Documentario-Naufragio-Cutro-Calopresti.jpg","jetpack_sharing_enabled":true,"_links":{"self":[{"href":"https:\/\/progettotouring.it\/radiotouring104\/wp-json\/wp\/v2\/posts\/26341","targetHints":{"allow":["GET"]}}],"collection":[{"href":"https:\/\/progettotouring.it\/radiotouring104\/wp-json\/wp\/v2\/posts"}],"about":[{"href":"https:\/\/progettotouring.it\/radiotouring104\/wp-json\/wp\/v2\/types\/post"}],"author":[{"embeddable":true,"href":"https:\/\/progettotouring.it\/radiotouring104\/wp-json\/wp\/v2\/users\/12"}],"replies":[{"embeddable":true,"href":"https:\/\/progettotouring.it\/radiotouring104\/wp-json\/wp\/v2\/comments?post=26341"}],"version-history":[{"count":1,"href":"https:\/\/progettotouring.it\/radiotouring104\/wp-json\/wp\/v2\/posts\/26341\/revisions"}],"predecessor-version":[{"id":26343,"href":"https:\/\/progettotouring.it\/radiotouring104\/wp-json\/wp\/v2\/posts\/26341\/revisions\/26343"}],"wp:featuredmedia":[{"embeddable":true,"href":"https:\/\/progettotouring.it\/radiotouring104\/wp-json\/wp\/v2\/media\/26342"}],"wp:attachment":[{"href":"https:\/\/progettotouring.it\/radiotouring104\/wp-json\/wp\/v2\/media?parent=26341"}],"wp:term":[{"taxonomy":"category","embeddable":true,"href":"https:\/\/progettotouring.it\/radiotouring104\/wp-json\/wp\/v2\/categories?post=26341"},{"taxonomy":"post_tag","embeddable":true,"href":"https:\/\/progettotouring.it\/radiotouring104\/wp-json\/wp\/v2\/tags?post=26341"}],"curies":[{"name":"wp","href":"https:\/\/api.w.org\/{rel}","templated":true}]}}