{"id":26344,"date":"2023-05-22T13:25:02","date_gmt":"2023-05-22T11:25:02","guid":{"rendered":"https:\/\/progettotouring.it\/radiotouring104\/?p=26344"},"modified":"2023-05-22T13:25:02","modified_gmt":"2023-05-22T11:25:02","slug":"gerace-rudi-lizzi-escluso-dalla-giunta-ma-a-testa-alta","status":"publish","type":"post","link":"https:\/\/progettotouring.it\/radiotouring104\/2023\/05\/22\/gerace-rudi-lizzi-escluso-dalla-giunta-ma-a-testa-alta\/","title":{"rendered":"Gerace, Rudi Lizzi: &#8220;Escluso dalla Giunta, ma a testa alta&#8221;"},"content":{"rendered":"<div class=\"msg-view-text-cnt\">\n<div class=\"xam_msg_class\">\n<div dir=\"ltr\">\n<div>\n<div class=\"xmprfx_gmail_signature\" dir=\"ltr\" data-smartmail=\"gmail_signature\">\n<div dir=\"ltr\">\n<div style=\"text-align: justify\">\n<em>\u00abEscluso dalla Giunta, ma a testa alta, consapevole delle tante cose fatte per Gerace e con l\u2019amarezza d\u2019aver subito una scelta che, solo per il momento, interrompe un\u2019azione di governo votata alla crescita ed allo sviluppo della comunit\u00e0 geracese\u00bb.<\/em> <strong>Rudi Lizzi<\/strong> interviene sulla recente revoca dall\u2019incarico di vicesindaco del Comune di Gerace, ripercorrendo le tappe che hanno portato ad un cambio nella guida nella giunta del borgo locrideo. Alla base del provvedimento c\u2019\u00e8 una diversit\u00e0 di vedute sul futuro amministrativo del paese: <em>\u00abNon ero d\u2019accordo con la candidatura a sindaco di Salvatore Galluzzo, ovviamente non per questioni personali, ma per una convinzione nata dopo aver ascoltato e recepito la volont\u00e0 della cittadinanza. Nella mia esperienza ho sempre ritenuto supremo l\u2019indirizzo che arriva dalla base, dalla gente che vive, opera e lavora per lo sviluppo di Gerace. Insomma, non sono a credere che una sintesi su Galluzzo possa essere sbagliata, ma \u00e8 una chiara e netta sensazione emersa dai cittadini. Questo l\u2019ho detto in numerose riunioni interne, sottolineando allo stesso Galluzzo cos\u00ec come agli altri consiglieri che, una buona parte della cittadinanza, si era espressa criticamente rispetto ad una sua discesa in campo. Ho pagato, se cos\u00ec si pu\u00f2 dire, per aver difeso e dato peso alla volont\u00e0 popolare\u00bb.<\/em> Poco male per l\u2019ex vicesindaco che non ha <em>\u00abnulla da rimproverarsi\u00bb e che porta con s\u00e9 \u00abun numero infinito di attivit\u00e0, progetti, lavori e risultati che, in questo ultimo anno e mezzo in cui ho svolto le veci del sindaco, spesso assente per motivi personali ed a cui rinnovo il mio pi\u00f9 grosso in bocca al lupo, hanno contribuito a migliorare l\u2019assetto di Gerace nel presente e in un\u2019ottica di sviluppo nel medio-lungo termine\u00bb. \u00a0<\/em><\/p>\n<p>\u00ab<strong>Ho sempre pensato Gerace divisa in quattro macro-aree\u00bb<\/strong>, ha spiegato<strong> Lizzi<\/strong> parlando del centro, dell&#8217;area montana, del borgo e dell&#8217;area di Merici. \u00ab<em>L\u2019impegno<\/em> \u2013 <strong>ha spiegato<\/strong> \u2013 <em>che avevo immaginato su cinque anni prima che mi venisse revocato l\u2019incarico, ha prodotto risultati straordinari se guardo, per esempio, al progetto portato avanti con la Citt\u00e0 Metropolitana rivolto all\u2019ultimazione della piazza davanti la Chiesa, a Merici, dotata di tutti gli arredi urbani necessari e di un parco giochi che la rendesse, finalmente, un punto di ritrovo ed accoglienza. Come dimenticare, poi, la realizzazione dei campi di padel e di calcio comprensivi di ogni servizio possibile. Opere che verranno cantierizzate nell\u2019arco di un mese o poco pi\u00f9. Per non parlare, ancora, del finanziamento da 1,5 milioni di euro per il \u201cBorgo smart\u201d, un progetto che andr\u00e0 ad incidere sui sottoservizi del centro storico con l\u2019interramento di tutti i cavi. Idee che hanno avuto un\u2019eco internazionale e che hanno spinto l\u2019immagine di Gerace fuori dai confini nazionali\u00bb<\/em>. Un passaggio del ragionamento, Rudi Lizzi lo riserva all\u2019aspetto della viabilit\u00e0 con <em>\u00abi 390 mila euro destinati al miglioramento delle strade interne e la scelta di voler intervenire massicciamente nelle aree montane interessate, proprio adesso, da lavori che finiranno entro luglio\u00bb. Il territorio montano \u00e8 un altro aspetto tenuto in forte considerazione dall\u2019ex vicesindaco che ricorda \u00abla rifunzionalizzazione, dopo 20 anni, del depuratore\u00bb. \u00abRisultati concretissimi\u00bb,<\/em> li definisce Rudi Lizzi che non nasconde anche quelle che sono state le difficolt\u00e0 come<em> \u00abil rallentamento dei lavori sulla scuola \u201cContrada Vene\u201d a causa di un\u2019interdittiva che ha colpito la ditta esecutrice\u00bb. \u00abAvrei voluto<\/em> <em>\u2013 ha continuato Lizzi<\/em> \u2013 <em>che si spingesse forte sui lavori della chiesa perch\u00e9 il territorio montano necessita di un luogo di culto degno di questo nome e fortemente identitario. E\u2019 un\u2019idea che non mollo e che porter\u00f2 avanti con tutte le mie forze\u00bb.<\/em><\/p>\n<p>Ma l\u2019elenco delle opere e dei progetti sostenuti da Lizzi \u00e8 davvero lungo: \u00ab<em>Al centro, come detto, ci sono il parco giochi per bambini al Castello e la Ztl. Ma anche l\u2019auditorium in Cittadella Vescovile, i 20 milioni per la Porta del sole, le numerose fiere e l\u2019efficientamento energetico di Palazzo Grimaldi per 145 mila euro\u00bb. L\u2019attenzione nella parte montana ha riguardato, fra le altre cose, \u00abil contenimento delle frane, l\u2019ammodernamento e l\u2019efficientamento energetico delle case popolari, la Strada Doria per 50 mila euro ed il depuratore Zomino\u00bb.<\/em> Quindi, l&#8217;area di Merici con \u00abgli interventi di completamento sulla strada Modi Badessa, l\u2019asilo, la strada Cricini e quella dietro la chiesa Azzurria, i 450 mila euro del piano della Citt\u00e0 del Mare col campo Padel, la piazza e il parco giochi\u00bb. Ed ancora: \u00abIl borgo \u00e8 stato al centro della riqualificazione del convento dei cappuccini per 700 mila euro; di un copioso lavoro di illuminazione dal borgo a San Filippo; del muro del cimitero e del computo di 120 loculi, della progettazione, per 21 mila euro, del tetto della chiesa dello stesso camposanto, fino ai giochi per l\u2019asilo Maroncelli, i 28.500 euro del progetto Sport inclusione sociale e le attrezzature per la scuola, l\u2019avvio del primo lotto del parcheggio meccanizzato, il rifacimento di numerose vie, i 50 mila euro per la strada Barbara-Tre Ulivi e l\u2019ammissione, senza finanziamento, della riqualificazione di Largo piana per altri 700 mila euro\u00bb. <em>\u00abOgni area, insomma<\/em> \u2013 ha proseguito<strong> Rudi Lizzi<\/strong> \u2013<em> \u00e8 stata costantemente tenuta in debita considerazione. In qualit\u00e0 di vice sindaco, spesso reggente del Comune, mi sono speso con passione e la chiara volont\u00e0 di servire la mia comunit\u00e0 che, quotidianamente, riconosce la bont\u00e0 e l\u2019efficacia della mia azione amministrativa che non si risolve di certo con la revoca dell\u2019incarico, ma che continuer\u00e0 per il bene di Gerace ed i geracesi\u00bb. \u00abAll\u2019epoca<\/em> &#8211;<strong> ha ricordato <\/strong><em><strong>&#8211;<\/strong> il percorso intrapreso era una scommessa nella speranza di poter contribuire ad aprire una nuova stagione politica cos\u00ec da garantire una maggiore attenzione al paese, sacrificando la vita privata cosciente anche dell&#8217;altro incarico che mi vede delegato al Consiglio metropolitano. Di questo ringrazio, in primis, una persona che mi ha fatto da guida, offrendomi gli input necessari per arrivare sin qui : il commissario metropolitano di Azione dott. Santo Danilo Suraci, che mi \u00e8 stato vicino dalla campagna elettorale fino al passaggio in Azione, sfociato poi nella delega assegnatami dal sindaco metropolitano. Non posso non citare, quindi, l\u2019affetto, la stima e il rispetto con cui il sindaco avv. Giuseppe Falcomat\u00e0 mi ha accolto, prima come consigliere e, poi, nella maggioranza quale consigliere delegato. Cos\u00ec come il facente funzioni, avv . Carmelo Versace, che mi sostiene in ogni problematica che riguarda Gerace, aiutandomi a risolvere ogni questione con lo stesso spirito di un geracese e \u00a0promuovendo qualsivoglia attivit\u00e0 a supporto della nostra comunit\u00e0\u00bb.<\/em><\/p>\n<p><em>\u00abA differenza di chi resta chiuso in pensieri piccoli o subordinati &#8211; ha incalzato Rudi Lizzi &#8211; io ho sempre agito pensando di allargare il pi\u00f9 possibile le mie conoscenze, creando rete e facendo parte di un team che potesse aiutarmi nella crescita e nella rinascita di Gerace e di tutto il territorio. Anche il mio ruolo a Palazzo Alvaro, infatti, va considerato come un fattore importante nell&#8217;interesse di Gerace che ha un valido punto di riferimento nella massima istituzione territoriale\u00bb.<\/em><\/p>\n<p><em>Fatti, dunque, che \u00abin un anno e mezzo si sono tradotti, fra le altre cose, nella realizzazione \u00a0di un Piano di protezione civile, nella pulizia di numerosi valloni, negli oltre dieci attacchi antincendio per i Vigili del Fuoco sparsi su tutto il territorio, nelle manutenzioni e nel rifacimento di lunghi tratti della rete idrica per un risparmio notevole di acqua e la garanzia del servizio a \u201cCampo-Zarioti-Liscio\u201d, nel parcheggio Barbara, nella \u201cGreen comunity\u201d ammessa ma ancora non finanziata per 4,3 milioni e nella Sp1 Locri-Gioia Tauro\u00bb. \u00abSu ognuno di questi interventi &#8211; ha concluso Rudi Lizzi &#8211; c&#8217;\u00e8 il mio impegno e la mia volont\u00e0 di far crescere Gerace. E non sar\u00e0 la revoca di un incarico a distogliermi da un patto che, ad ottobre del 2021, ho firmato con i geracesi\u00bb.<\/em><\/div>\n<\/div>\n<\/div>\n<\/div>\n<\/div>\n<\/div>\n<\/div>\n<div class=\"msg-view-attach-preview\">\n<div id=\"uiLogic_webmail__view_AttachmentsImageBlock_0\" class=\"attachmentsBlock\" role=\"group\"><\/div>\n<\/div>\n","protected":false},"excerpt":{"rendered":"<p>\u00abEscluso dalla Giunta, ma a testa alta, consapevole delle tante cose fatte per Gerace e con l\u2019amarezza d\u2019aver subito una scelta che, solo per il momento, interrompe un\u2019azione di governo&hellip;<\/p>\n","protected":false},"author":12,"featured_media":26346,"comment_status":"closed","ping_status":"open","sticky":false,"template":"","format":"standard","meta":{"_jetpack_memberships_contains_paid_content":false,"footnotes":"","jetpack_publicize_message":"","jetpack_publicize_feature_enabled":true,"jetpack_social_post_already_shared":false,"jetpack_social_options":{"image_generator_settings":{"template":"highway","default_image_id":0,"font":"","enabled":false},"version":2}},"categories":[921,196,140],"tags":[239,15651,15652,15650],"class_list":["post-26344","post","type-post","status-publish","format-standard","has-post-thumbnail","hentry","category-home","category-news","category-reggio-calabria","tag-carmelo-versace","tag-comune-di-gerace","tag-estromissione-giunta","tag-rudy-lizzi"],"yoast_head":"<!-- This site is optimized with the Yoast SEO plugin v27.2 - https:\/\/yoast.com\/product\/yoast-seo-wordpress\/ -->\n<title>Gerace, Rudi Lizzi: &quot;Escluso dalla Giunta, ma a testa alta&quot;<\/title>\n<meta name=\"description\" content=\"Rudi Lizzi interviene sulla recente revoca dall\u2019incarico di vicesindaco del Comune di Geraceri percorrendo tappe del cambio guida\" \/>\n<meta name=\"robots\" content=\"index, follow, max-snippet:-1, max-image-preview:large, max-video-preview:-1\" \/>\n<link rel=\"canonical\" href=\"https:\/\/progettotouring.it\/radiotouring104\/2023\/05\/22\/gerace-rudi-lizzi-escluso-dalla-giunta-ma-a-testa-alta\/\" \/>\n<meta property=\"og:locale\" content=\"it_IT\" \/>\n<meta property=\"og:type\" content=\"article\" \/>\n<meta property=\"og:title\" content=\"Gerace, Rudi Lizzi: &quot;Escluso dalla Giunta, ma a testa alta&quot;\" \/>\n<meta property=\"og:description\" content=\"Rudi Lizzi interviene sulla recente revoca dall\u2019incarico di vicesindaco del Comune di Geraceri percorrendo tappe del cambio guida\" \/>\n<meta property=\"og:url\" content=\"https:\/\/progettotouring.it\/radiotouring104\/2023\/05\/22\/gerace-rudi-lizzi-escluso-dalla-giunta-ma-a-testa-alta\/\" \/>\n<meta property=\"og:site_name\" content=\"Radio Touring 104\" \/>\n<meta property=\"article:published_time\" content=\"2023-05-22T11:25:02+00:00\" \/>\n<meta property=\"og:image\" content=\"https:\/\/progettotouring.it\/radiotouring104\/wp-content\/uploads\/sites\/6\/2023\/05\/rudi-lizzi.jpeg\" \/>\n\t<meta property=\"og:image:width\" content=\"1600\" \/>\n\t<meta property=\"og:image:height\" content=\"1200\" \/>\n\t<meta property=\"og:image:type\" content=\"image\/jpeg\" \/>\n<meta name=\"author\" content=\"Sebastiano Plutino\" \/>\n<meta name=\"twitter:card\" content=\"summary_large_image\" \/>\n<meta name=\"twitter:label1\" content=\"Scritto da\" \/>\n\t<meta name=\"twitter:data1\" content=\"Sebastiano Plutino\" \/>\n\t<meta name=\"twitter:label2\" content=\"Tempo di lettura stimato\" \/>\n\t<meta name=\"twitter:data2\" content=\"6 minuti\" \/>\n<script type=\"application\/ld+json\" class=\"yoast-schema-graph\">{\"@context\":\"https:\/\/schema.org\",\"@graph\":[{\"@type\":\"Article\",\"@id\":\"https:\/\/progettotouring.it\/radiotouring104\/2023\/05\/22\/gerace-rudi-lizzi-escluso-dalla-giunta-ma-a-testa-alta\/#article\",\"isPartOf\":{\"@id\":\"https:\/\/progettotouring.it\/radiotouring104\/2023\/05\/22\/gerace-rudi-lizzi-escluso-dalla-giunta-ma-a-testa-alta\/\"},\"author\":{\"name\":\"Sebastiano Plutino\",\"@id\":\"https:\/\/progettotouring.it\/radiotouring104\/#\/schema\/person\/78613917f1851f041f7483f5af1d422e\"},\"headline\":\"Gerace, Rudi Lizzi: &#8220;Escluso dalla Giunta, ma a testa alta&#8221;\",\"datePublished\":\"2023-05-22T11:25:02+00:00\",\"mainEntityOfPage\":{\"@id\":\"https:\/\/progettotouring.it\/radiotouring104\/2023\/05\/22\/gerace-rudi-lizzi-escluso-dalla-giunta-ma-a-testa-alta\/\"},\"wordCount\":1293,\"publisher\":{\"@id\":\"https:\/\/progettotouring.it\/radiotouring104\/#organization\"},\"image\":{\"@id\":\"https:\/\/progettotouring.it\/radiotouring104\/2023\/05\/22\/gerace-rudi-lizzi-escluso-dalla-giunta-ma-a-testa-alta\/#primaryimage\"},\"thumbnailUrl\":\"https:\/\/progettotouring.it\/radiotouring104\/wp-content\/uploads\/sites\/6\/2023\/05\/rudi-lizzi.jpeg\",\"keywords\":[\"carmelo versace\",\"Comune di Gerace\",\"estromissione giunta\",\"Rudy Lizzi\"],\"articleSection\":[\"Home\",\"News\",\"Reggio Calabria\"],\"inLanguage\":\"it-IT\"},{\"@type\":\"WebPage\",\"@id\":\"https:\/\/progettotouring.it\/radiotouring104\/2023\/05\/22\/gerace-rudi-lizzi-escluso-dalla-giunta-ma-a-testa-alta\/\",\"url\":\"https:\/\/progettotouring.it\/radiotouring104\/2023\/05\/22\/gerace-rudi-lizzi-escluso-dalla-giunta-ma-a-testa-alta\/\",\"name\":\"Gerace, Rudi Lizzi: \\\"Escluso dalla Giunta, ma a testa alta\\\"\",\"isPartOf\":{\"@id\":\"https:\/\/progettotouring.it\/radiotouring104\/#website\"},\"primaryImageOfPage\":{\"@id\":\"https:\/\/progettotouring.it\/radiotouring104\/2023\/05\/22\/gerace-rudi-lizzi-escluso-dalla-giunta-ma-a-testa-alta\/#primaryimage\"},\"image\":{\"@id\":\"https:\/\/progettotouring.it\/radiotouring104\/2023\/05\/22\/gerace-rudi-lizzi-escluso-dalla-giunta-ma-a-testa-alta\/#primaryimage\"},\"thumbnailUrl\":\"https:\/\/progettotouring.it\/radiotouring104\/wp-content\/uploads\/sites\/6\/2023\/05\/rudi-lizzi.jpeg\",\"datePublished\":\"2023-05-22T11:25:02+00:00\",\"description\":\"Rudi Lizzi interviene sulla recente revoca dall\u2019incarico di vicesindaco del Comune di Geraceri percorrendo tappe del cambio guida\",\"breadcrumb\":{\"@id\":\"https:\/\/progettotouring.it\/radiotouring104\/2023\/05\/22\/gerace-rudi-lizzi-escluso-dalla-giunta-ma-a-testa-alta\/#breadcrumb\"},\"inLanguage\":\"it-IT\",\"potentialAction\":[{\"@type\":\"ReadAction\",\"target\":[\"https:\/\/progettotouring.it\/radiotouring104\/2023\/05\/22\/gerace-rudi-lizzi-escluso-dalla-giunta-ma-a-testa-alta\/\"]}]},{\"@type\":\"ImageObject\",\"inLanguage\":\"it-IT\",\"@id\":\"https:\/\/progettotouring.it\/radiotouring104\/2023\/05\/22\/gerace-rudi-lizzi-escluso-dalla-giunta-ma-a-testa-alta\/#primaryimage\",\"url\":\"https:\/\/progettotouring.it\/radiotouring104\/wp-content\/uploads\/sites\/6\/2023\/05\/rudi-lizzi.jpeg\",\"contentUrl\":\"https:\/\/progettotouring.it\/radiotouring104\/wp-content\/uploads\/sites\/6\/2023\/05\/rudi-lizzi.jpeg\",\"width\":1600,\"height\":1200},{\"@type\":\"BreadcrumbList\",\"@id\":\"https:\/\/progettotouring.it\/radiotouring104\/2023\/05\/22\/gerace-rudi-lizzi-escluso-dalla-giunta-ma-a-testa-alta\/#breadcrumb\",\"itemListElement\":[{\"@type\":\"ListItem\",\"position\":1,\"name\":\"Home\",\"item\":\"https:\/\/progettotouring.it\/radiotouring104\/\"},{\"@type\":\"ListItem\",\"position\":2,\"name\":\"Gerace, Rudi Lizzi: &#8220;Escluso dalla Giunta, ma a testa alta&#8221;\"}]},{\"@type\":\"WebSite\",\"@id\":\"https:\/\/progettotouring.it\/radiotouring104\/#website\",\"url\":\"https:\/\/progettotouring.it\/radiotouring104\/\",\"name\":\"Radio Touring 104\",\"description\":\"La prima radio Reggina\",\"publisher\":{\"@id\":\"https:\/\/progettotouring.it\/radiotouring104\/#organization\"},\"potentialAction\":[{\"@type\":\"SearchAction\",\"target\":{\"@type\":\"EntryPoint\",\"urlTemplate\":\"https:\/\/progettotouring.it\/radiotouring104\/?s={search_term_string}\"},\"query-input\":{\"@type\":\"PropertyValueSpecification\",\"valueRequired\":true,\"valueName\":\"search_term_string\"}}],\"inLanguage\":\"it-IT\"},{\"@type\":\"Organization\",\"@id\":\"https:\/\/progettotouring.it\/radiotouring104\/#organization\",\"name\":\"Radio Touring 104\",\"url\":\"https:\/\/progettotouring.it\/radiotouring104\/\",\"logo\":{\"@type\":\"ImageObject\",\"inLanguage\":\"it-IT\",\"@id\":\"https:\/\/progettotouring.it\/radiotouring104\/#\/schema\/logo\/image\/\",\"url\":\"https:\/\/progettotouring.it\/radiotouring104\/wp-content\/uploads\/sites\/6\/2022\/02\/cropped-logo-radio-touring-104.png\",\"contentUrl\":\"https:\/\/progettotouring.it\/radiotouring104\/wp-content\/uploads\/sites\/6\/2022\/02\/cropped-logo-radio-touring-104.png\",\"width\":377,\"height\":182,\"caption\":\"Radio Touring 104\"},\"image\":{\"@id\":\"https:\/\/progettotouring.it\/radiotouring104\/#\/schema\/logo\/image\/\"}},{\"@type\":\"Person\",\"@id\":\"https:\/\/progettotouring.it\/radiotouring104\/#\/schema\/person\/78613917f1851f041f7483f5af1d422e\",\"name\":\"Sebastiano Plutino\",\"image\":{\"@type\":\"ImageObject\",\"inLanguage\":\"it-IT\",\"@id\":\"https:\/\/secure.gravatar.com\/avatar\/0546ffaa9b79224faf9f2a156b67a529ae861d3287c66c1d8ccfdf909bcba78d?s=96&d=mm&r=g\",\"url\":\"https:\/\/secure.gravatar.com\/avatar\/0546ffaa9b79224faf9f2a156b67a529ae861d3287c66c1d8ccfdf909bcba78d?s=96&d=mm&r=g\",\"contentUrl\":\"https:\/\/secure.gravatar.com\/avatar\/0546ffaa9b79224faf9f2a156b67a529ae861d3287c66c1d8ccfdf909bcba78d?s=96&d=mm&r=g\",\"caption\":\"Sebastiano Plutino\"},\"url\":\"https:\/\/progettotouring.it\/radiotouring104\/author\/sebastiano\/\"}]}<\/script>\n<!-- \/ Yoast SEO plugin. -->","yoast_head_json":{"title":"Gerace, Rudi Lizzi: \"Escluso dalla Giunta, ma a testa alta\"","description":"Rudi Lizzi interviene sulla recente revoca dall\u2019incarico di vicesindaco del Comune di Geraceri percorrendo tappe del cambio guida","robots":{"index":"index","follow":"follow","max-snippet":"max-snippet:-1","max-image-preview":"max-image-preview:large","max-video-preview":"max-video-preview:-1"},"canonical":"https:\/\/progettotouring.it\/radiotouring104\/2023\/05\/22\/gerace-rudi-lizzi-escluso-dalla-giunta-ma-a-testa-alta\/","og_locale":"it_IT","og_type":"article","og_title":"Gerace, Rudi Lizzi: \"Escluso dalla Giunta, ma a testa alta\"","og_description":"Rudi Lizzi interviene sulla recente revoca dall\u2019incarico di vicesindaco del Comune di Geraceri percorrendo tappe del cambio guida","og_url":"https:\/\/progettotouring.it\/radiotouring104\/2023\/05\/22\/gerace-rudi-lizzi-escluso-dalla-giunta-ma-a-testa-alta\/","og_site_name":"Radio Touring 104","article_published_time":"2023-05-22T11:25:02+00:00","og_image":[{"width":1600,"height":1200,"url":"https:\/\/progettotouring.it\/radiotouring104\/wp-content\/uploads\/sites\/6\/2023\/05\/rudi-lizzi.jpeg","type":"image\/jpeg"}],"author":"Sebastiano Plutino","twitter_card":"summary_large_image","twitter_misc":{"Scritto da":"Sebastiano Plutino","Tempo di lettura stimato":"6 minuti"},"schema":{"@context":"https:\/\/schema.org","@graph":[{"@type":"Article","@id":"https:\/\/progettotouring.it\/radiotouring104\/2023\/05\/22\/gerace-rudi-lizzi-escluso-dalla-giunta-ma-a-testa-alta\/#article","isPartOf":{"@id":"https:\/\/progettotouring.it\/radiotouring104\/2023\/05\/22\/gerace-rudi-lizzi-escluso-dalla-giunta-ma-a-testa-alta\/"},"author":{"name":"Sebastiano Plutino","@id":"https:\/\/progettotouring.it\/radiotouring104\/#\/schema\/person\/78613917f1851f041f7483f5af1d422e"},"headline":"Gerace, Rudi Lizzi: &#8220;Escluso dalla Giunta, ma a testa alta&#8221;","datePublished":"2023-05-22T11:25:02+00:00","mainEntityOfPage":{"@id":"https:\/\/progettotouring.it\/radiotouring104\/2023\/05\/22\/gerace-rudi-lizzi-escluso-dalla-giunta-ma-a-testa-alta\/"},"wordCount":1293,"publisher":{"@id":"https:\/\/progettotouring.it\/radiotouring104\/#organization"},"image":{"@id":"https:\/\/progettotouring.it\/radiotouring104\/2023\/05\/22\/gerace-rudi-lizzi-escluso-dalla-giunta-ma-a-testa-alta\/#primaryimage"},"thumbnailUrl":"https:\/\/progettotouring.it\/radiotouring104\/wp-content\/uploads\/sites\/6\/2023\/05\/rudi-lizzi.jpeg","keywords":["carmelo versace","Comune di Gerace","estromissione giunta","Rudy Lizzi"],"articleSection":["Home","News","Reggio Calabria"],"inLanguage":"it-IT"},{"@type":"WebPage","@id":"https:\/\/progettotouring.it\/radiotouring104\/2023\/05\/22\/gerace-rudi-lizzi-escluso-dalla-giunta-ma-a-testa-alta\/","url":"https:\/\/progettotouring.it\/radiotouring104\/2023\/05\/22\/gerace-rudi-lizzi-escluso-dalla-giunta-ma-a-testa-alta\/","name":"Gerace, Rudi Lizzi: \"Escluso dalla Giunta, ma a testa alta\"","isPartOf":{"@id":"https:\/\/progettotouring.it\/radiotouring104\/#website"},"primaryImageOfPage":{"@id":"https:\/\/progettotouring.it\/radiotouring104\/2023\/05\/22\/gerace-rudi-lizzi-escluso-dalla-giunta-ma-a-testa-alta\/#primaryimage"},"image":{"@id":"https:\/\/progettotouring.it\/radiotouring104\/2023\/05\/22\/gerace-rudi-lizzi-escluso-dalla-giunta-ma-a-testa-alta\/#primaryimage"},"thumbnailUrl":"https:\/\/progettotouring.it\/radiotouring104\/wp-content\/uploads\/sites\/6\/2023\/05\/rudi-lizzi.jpeg","datePublished":"2023-05-22T11:25:02+00:00","description":"Rudi Lizzi interviene sulla recente revoca dall\u2019incarico di vicesindaco del Comune di Geraceri percorrendo tappe del cambio guida","breadcrumb":{"@id":"https:\/\/progettotouring.it\/radiotouring104\/2023\/05\/22\/gerace-rudi-lizzi-escluso-dalla-giunta-ma-a-testa-alta\/#breadcrumb"},"inLanguage":"it-IT","potentialAction":[{"@type":"ReadAction","target":["https:\/\/progettotouring.it\/radiotouring104\/2023\/05\/22\/gerace-rudi-lizzi-escluso-dalla-giunta-ma-a-testa-alta\/"]}]},{"@type":"ImageObject","inLanguage":"it-IT","@id":"https:\/\/progettotouring.it\/radiotouring104\/2023\/05\/22\/gerace-rudi-lizzi-escluso-dalla-giunta-ma-a-testa-alta\/#primaryimage","url":"https:\/\/progettotouring.it\/radiotouring104\/wp-content\/uploads\/sites\/6\/2023\/05\/rudi-lizzi.jpeg","contentUrl":"https:\/\/progettotouring.it\/radiotouring104\/wp-content\/uploads\/sites\/6\/2023\/05\/rudi-lizzi.jpeg","width":1600,"height":1200},{"@type":"BreadcrumbList","@id":"https:\/\/progettotouring.it\/radiotouring104\/2023\/05\/22\/gerace-rudi-lizzi-escluso-dalla-giunta-ma-a-testa-alta\/#breadcrumb","itemListElement":[{"@type":"ListItem","position":1,"name":"Home","item":"https:\/\/progettotouring.it\/radiotouring104\/"},{"@type":"ListItem","position":2,"name":"Gerace, Rudi Lizzi: &#8220;Escluso dalla Giunta, ma a testa alta&#8221;"}]},{"@type":"WebSite","@id":"https:\/\/progettotouring.it\/radiotouring104\/#website","url":"https:\/\/progettotouring.it\/radiotouring104\/","name":"Radio Touring 104","description":"La prima radio Reggina","publisher":{"@id":"https:\/\/progettotouring.it\/radiotouring104\/#organization"},"potentialAction":[{"@type":"SearchAction","target":{"@type":"EntryPoint","urlTemplate":"https:\/\/progettotouring.it\/radiotouring104\/?s={search_term_string}"},"query-input":{"@type":"PropertyValueSpecification","valueRequired":true,"valueName":"search_term_string"}}],"inLanguage":"it-IT"},{"@type":"Organization","@id":"https:\/\/progettotouring.it\/radiotouring104\/#organization","name":"Radio Touring 104","url":"https:\/\/progettotouring.it\/radiotouring104\/","logo":{"@type":"ImageObject","inLanguage":"it-IT","@id":"https:\/\/progettotouring.it\/radiotouring104\/#\/schema\/logo\/image\/","url":"https:\/\/progettotouring.it\/radiotouring104\/wp-content\/uploads\/sites\/6\/2022\/02\/cropped-logo-radio-touring-104.png","contentUrl":"https:\/\/progettotouring.it\/radiotouring104\/wp-content\/uploads\/sites\/6\/2022\/02\/cropped-logo-radio-touring-104.png","width":377,"height":182,"caption":"Radio Touring 104"},"image":{"@id":"https:\/\/progettotouring.it\/radiotouring104\/#\/schema\/logo\/image\/"}},{"@type":"Person","@id":"https:\/\/progettotouring.it\/radiotouring104\/#\/schema\/person\/78613917f1851f041f7483f5af1d422e","name":"Sebastiano Plutino","image":{"@type":"ImageObject","inLanguage":"it-IT","@id":"https:\/\/secure.gravatar.com\/avatar\/0546ffaa9b79224faf9f2a156b67a529ae861d3287c66c1d8ccfdf909bcba78d?s=96&d=mm&r=g","url":"https:\/\/secure.gravatar.com\/avatar\/0546ffaa9b79224faf9f2a156b67a529ae861d3287c66c1d8ccfdf909bcba78d?s=96&d=mm&r=g","contentUrl":"https:\/\/secure.gravatar.com\/avatar\/0546ffaa9b79224faf9f2a156b67a529ae861d3287c66c1d8ccfdf909bcba78d?s=96&d=mm&r=g","caption":"Sebastiano Plutino"},"url":"https:\/\/progettotouring.it\/radiotouring104\/author\/sebastiano\/"}]}},"jetpack_publicize_connections":[],"jetpack_featured_media_url":"https:\/\/progettotouring.it\/radiotouring104\/wp-content\/uploads\/sites\/6\/2023\/05\/rudi-lizzi.jpeg","jetpack_sharing_enabled":true,"_links":{"self":[{"href":"https:\/\/progettotouring.it\/radiotouring104\/wp-json\/wp\/v2\/posts\/26344","targetHints":{"allow":["GET"]}}],"collection":[{"href":"https:\/\/progettotouring.it\/radiotouring104\/wp-json\/wp\/v2\/posts"}],"about":[{"href":"https:\/\/progettotouring.it\/radiotouring104\/wp-json\/wp\/v2\/types\/post"}],"author":[{"embeddable":true,"href":"https:\/\/progettotouring.it\/radiotouring104\/wp-json\/wp\/v2\/users\/12"}],"replies":[{"embeddable":true,"href":"https:\/\/progettotouring.it\/radiotouring104\/wp-json\/wp\/v2\/comments?post=26344"}],"version-history":[{"count":1,"href":"https:\/\/progettotouring.it\/radiotouring104\/wp-json\/wp\/v2\/posts\/26344\/revisions"}],"predecessor-version":[{"id":26347,"href":"https:\/\/progettotouring.it\/radiotouring104\/wp-json\/wp\/v2\/posts\/26344\/revisions\/26347"}],"wp:featuredmedia":[{"embeddable":true,"href":"https:\/\/progettotouring.it\/radiotouring104\/wp-json\/wp\/v2\/media\/26346"}],"wp:attachment":[{"href":"https:\/\/progettotouring.it\/radiotouring104\/wp-json\/wp\/v2\/media?parent=26344"}],"wp:term":[{"taxonomy":"category","embeddable":true,"href":"https:\/\/progettotouring.it\/radiotouring104\/wp-json\/wp\/v2\/categories?post=26344"},{"taxonomy":"post_tag","embeddable":true,"href":"https:\/\/progettotouring.it\/radiotouring104\/wp-json\/wp\/v2\/tags?post=26344"}],"curies":[{"name":"wp","href":"https:\/\/api.w.org\/{rel}","templated":true}]}}