{"id":26352,"date":"2023-05-22T13:59:01","date_gmt":"2023-05-22T11:59:01","guid":{"rendered":"https:\/\/progettotouring.it\/radiotouring104\/?p=26352"},"modified":"2023-05-22T13:59:01","modified_gmt":"2023-05-22T11:59:01","slug":"reggio-memoria-e-cultura-ricordare-da-che-parte-stare","status":"publish","type":"post","link":"https:\/\/progettotouring.it\/radiotouring104\/2023\/05\/22\/reggio-memoria-e-cultura-ricordare-da-che-parte-stare\/","title":{"rendered":"Reggio, &#8220;Memoria \u00e8 Cultura&#8221;: ricordare da che parte stare"},"content":{"rendered":"<p>Da maggio a agosto, l\u2019iniziativa della Citt\u00e0 Metropolitana \u201c<strong>Memoria \u00e8 Cultura<\/strong>\u201d ripercorre attraverso eventi commemorativi la storia delle persone che per mano della mafia hanno perso la vita. Con il sostegno della fondazione \u201c<strong>Antonino Scopelliti<\/strong>\u201d, Reggio intende servirsi dei linguaggi artistici per coinvolgere i cittadini in buone pratiche di legalit\u00e0, perch\u00e9 se ricordare serve a mantenere vivo l\u2019impegno orientato alla civilt\u00e0 di una comunit\u00e0, farlo attraverso la capacit\u00e0 degli esseri umani di creare bellezza offre un\u2019alternativa felice all\u2019agire malavitoso. La prima manifestazione, tenutasi domenica 21 maggio e con cui si \u00e8 restituito agli abitanti di Arghill\u00e0 un campetto sportivo nuovo di zecca, precede il <strong>corteo <\/strong>che<strong> il 23 maggio<\/strong> &#8211; giorno in cui il magistrato Giovanni Falcone venne ucciso assieme agli uomini e alle donne della sua scorta nell\u2019<strong>attentato<\/strong> compiuto da <strong>Cosa Nostra a Capaci<\/strong> \u2013 riunir\u00e0 esponenti delle istituzioni e tutti i cittadini desiderosi di unirsi alla celebrazione. Seguir\u00e0, nella stessa giornata, un concerto che alle<strong> 17.57<\/strong> arrester\u00e0 il proprio respiro per un minuto, quello fatale. Due eventi contrassegneranno, in seno all\u2019iniziativa, la stagione estiva: il 9 giugno, <strong>Paolo<\/strong> <strong>Borrometi<\/strong> \u2013 giornalista vessato dalla criminalit\u00e0 organizzata per aver smascherato gli affari tra la mafia e la politica \u2013 a Palazzo San Giorgio rifletter\u00e0 sulle vicende connesse all\u2019arresto del latitante <strong>Matteo Messina Denaro<\/strong>, argomento dell\u2019ultimo libro da lui pubblicato: \u201c<strong>Traditori<\/strong>\u201d. Infine, il 9 agosto, ricordato il magistrato in nome del quale ha origine la rassegna, Antonino Scopelliti, nel giorno in cui la mafia pose fine alla sua vita. Mafia che conserva la sua efferatezza ma a cui vi si oppone una sempre pi\u00f9 fiera e ostinata resistenza, fin quando non capitoler\u00e0.<\/p>\n","protected":false},"excerpt":{"rendered":"<p>Da maggio a agosto, l\u2019iniziativa della Citt\u00e0 Metropolitana \u201cMemoria \u00e8 Cultura\u201d ripercorre attraverso eventi commemorativi la storia delle persone che per mano della mafia hanno perso la vita. Con il&hellip;<\/p>\n","protected":false},"author":13,"featured_media":26353,"comment_status":"closed","ping_status":"open","sticky":false,"template":"","format":"standard","meta":{"_jetpack_memberships_contains_paid_content":false,"footnotes":"","jetpack_publicize_message":"","jetpack_publicize_feature_enabled":true,"jetpack_social_post_already_shared":false,"jetpack_social_options":{"image_generator_settings":{"template":"highway","default_image_id":0,"font":"","enabled":false},"version":2}},"categories":[921,196,140],"tags":[15658,3695,15556,15656,1995,15657],"class_list":["post-26352","post","type-post","status-publish","format-standard","has-post-thumbnail","hentry","category-home","category-news","category-reggio-calabria","tag-corteo-23-maggio","tag-fondazione-antonino-scopelliti","tag-memoria-e-cultura","tag-paolo-borrometi","tag-strage-di-capaci","tag-volume-traditori"],"yoast_head":"<!-- This site is optimized with the Yoast SEO plugin v27.2 - https:\/\/yoast.com\/product\/yoast-seo-wordpress\/ -->\n<title>Reggio, &quot;Memoria \u00e8 Cultura&quot;: ricordare da che parte stare<\/title>\n<meta name=\"description\" content=\"A partire dal 23 maggio la citt\u00e0 si aprir\u00e0 alle riflessioni e ai propositi che gettano le basi per un&#039;energica lotta alla mafia\" \/>\n<meta name=\"robots\" content=\"index, follow, max-snippet:-1, max-image-preview:large, max-video-preview:-1\" \/>\n<link rel=\"canonical\" href=\"https:\/\/progettotouring.it\/radiotouring104\/2023\/05\/22\/reggio-memoria-e-cultura-ricordare-da-che-parte-stare\/\" \/>\n<meta property=\"og:locale\" content=\"it_IT\" \/>\n<meta property=\"og:type\" content=\"article\" \/>\n<meta property=\"og:title\" content=\"Reggio, &quot;Memoria \u00e8 Cultura&quot;: ricordare da che parte stare\" \/>\n<meta property=\"og:description\" content=\"A partire dal 23 maggio la citt\u00e0 si aprir\u00e0 alle riflessioni e ai propositi che gettano le basi per un&#039;energica lotta alla mafia\" \/>\n<meta property=\"og:url\" content=\"https:\/\/progettotouring.it\/radiotouring104\/2023\/05\/22\/reggio-memoria-e-cultura-ricordare-da-che-parte-stare\/\" \/>\n<meta property=\"og:site_name\" content=\"Radio Touring 104\" \/>\n<meta property=\"article:published_time\" content=\"2023-05-22T11:59:01+00:00\" \/>\n<meta property=\"og:image\" content=\"https:\/\/progettotouring.it\/radiotouring104\/wp-content\/uploads\/sites\/6\/2023\/05\/GiovanniFalcone.jpg\" \/>\n\t<meta property=\"og:image:width\" content=\"258\" \/>\n\t<meta property=\"og:image:height\" content=\"393\" \/>\n\t<meta property=\"og:image:type\" content=\"image\/jpeg\" \/>\n<meta name=\"author\" content=\"Helena Pedone\" \/>\n<meta name=\"twitter:card\" content=\"summary_large_image\" \/>\n<meta name=\"twitter:label1\" content=\"Scritto da\" \/>\n\t<meta name=\"twitter:data1\" content=\"Helena Pedone\" \/>\n\t<meta name=\"twitter:label2\" content=\"Tempo di lettura stimato\" \/>\n\t<meta name=\"twitter:data2\" content=\"1 minuto\" \/>\n<script type=\"application\/ld+json\" class=\"yoast-schema-graph\">{\"@context\":\"https:\/\/schema.org\",\"@graph\":[{\"@type\":\"Article\",\"@id\":\"https:\/\/progettotouring.it\/radiotouring104\/2023\/05\/22\/reggio-memoria-e-cultura-ricordare-da-che-parte-stare\/#article\",\"isPartOf\":{\"@id\":\"https:\/\/progettotouring.it\/radiotouring104\/2023\/05\/22\/reggio-memoria-e-cultura-ricordare-da-che-parte-stare\/\"},\"author\":{\"name\":\"Helena Pedone\",\"@id\":\"https:\/\/progettotouring.it\/radiotouring104\/#\/schema\/person\/8458ed437f4094f881aab8e4cc572684\"},\"headline\":\"Reggio, &#8220;Memoria \u00e8 Cultura&#8221;: ricordare da che parte stare\",\"datePublished\":\"2023-05-22T11:59:01+00:00\",\"mainEntityOfPage\":{\"@id\":\"https:\/\/progettotouring.it\/radiotouring104\/2023\/05\/22\/reggio-memoria-e-cultura-ricordare-da-che-parte-stare\/\"},\"wordCount\":277,\"publisher\":{\"@id\":\"https:\/\/progettotouring.it\/radiotouring104\/#organization\"},\"image\":{\"@id\":\"https:\/\/progettotouring.it\/radiotouring104\/2023\/05\/22\/reggio-memoria-e-cultura-ricordare-da-che-parte-stare\/#primaryimage\"},\"thumbnailUrl\":\"https:\/\/progettotouring.it\/radiotouring104\/wp-content\/uploads\/sites\/6\/2023\/05\/GiovanniFalcone.jpg\",\"keywords\":[\"Corteo 23 maggio\",\"fondazione antonino scopelliti\",\"Memoria \u00e8 Cultura\",\"Paolo Borrometi\",\"strage di capaci\",\"Volume \\\"Traditori\\\"\"],\"articleSection\":[\"Home\",\"News\",\"Reggio Calabria\"],\"inLanguage\":\"it-IT\"},{\"@type\":\"WebPage\",\"@id\":\"https:\/\/progettotouring.it\/radiotouring104\/2023\/05\/22\/reggio-memoria-e-cultura-ricordare-da-che-parte-stare\/\",\"url\":\"https:\/\/progettotouring.it\/radiotouring104\/2023\/05\/22\/reggio-memoria-e-cultura-ricordare-da-che-parte-stare\/\",\"name\":\"Reggio, \\\"Memoria \u00e8 Cultura\\\": ricordare da che parte stare\",\"isPartOf\":{\"@id\":\"https:\/\/progettotouring.it\/radiotouring104\/#website\"},\"primaryImageOfPage\":{\"@id\":\"https:\/\/progettotouring.it\/radiotouring104\/2023\/05\/22\/reggio-memoria-e-cultura-ricordare-da-che-parte-stare\/#primaryimage\"},\"image\":{\"@id\":\"https:\/\/progettotouring.it\/radiotouring104\/2023\/05\/22\/reggio-memoria-e-cultura-ricordare-da-che-parte-stare\/#primaryimage\"},\"thumbnailUrl\":\"https:\/\/progettotouring.it\/radiotouring104\/wp-content\/uploads\/sites\/6\/2023\/05\/GiovanniFalcone.jpg\",\"datePublished\":\"2023-05-22T11:59:01+00:00\",\"description\":\"A partire dal 23 maggio la citt\u00e0 si aprir\u00e0 alle riflessioni e ai propositi che gettano le basi per un'energica lotta alla mafia\",\"breadcrumb\":{\"@id\":\"https:\/\/progettotouring.it\/radiotouring104\/2023\/05\/22\/reggio-memoria-e-cultura-ricordare-da-che-parte-stare\/#breadcrumb\"},\"inLanguage\":\"it-IT\",\"potentialAction\":[{\"@type\":\"ReadAction\",\"target\":[\"https:\/\/progettotouring.it\/radiotouring104\/2023\/05\/22\/reggio-memoria-e-cultura-ricordare-da-che-parte-stare\/\"]}]},{\"@type\":\"ImageObject\",\"inLanguage\":\"it-IT\",\"@id\":\"https:\/\/progettotouring.it\/radiotouring104\/2023\/05\/22\/reggio-memoria-e-cultura-ricordare-da-che-parte-stare\/#primaryimage\",\"url\":\"https:\/\/progettotouring.it\/radiotouring104\/wp-content\/uploads\/sites\/6\/2023\/05\/GiovanniFalcone.jpg\",\"contentUrl\":\"https:\/\/progettotouring.it\/radiotouring104\/wp-content\/uploads\/sites\/6\/2023\/05\/GiovanniFalcone.jpg\",\"width\":258,\"height\":393},{\"@type\":\"BreadcrumbList\",\"@id\":\"https:\/\/progettotouring.it\/radiotouring104\/2023\/05\/22\/reggio-memoria-e-cultura-ricordare-da-che-parte-stare\/#breadcrumb\",\"itemListElement\":[{\"@type\":\"ListItem\",\"position\":1,\"name\":\"Home\",\"item\":\"https:\/\/progettotouring.it\/radiotouring104\/\"},{\"@type\":\"ListItem\",\"position\":2,\"name\":\"Reggio, &#8220;Memoria \u00e8 Cultura&#8221;: ricordare da che parte stare\"}]},{\"@type\":\"WebSite\",\"@id\":\"https:\/\/progettotouring.it\/radiotouring104\/#website\",\"url\":\"https:\/\/progettotouring.it\/radiotouring104\/\",\"name\":\"Radio Touring 104\",\"description\":\"La prima radio Reggina\",\"publisher\":{\"@id\":\"https:\/\/progettotouring.it\/radiotouring104\/#organization\"},\"potentialAction\":[{\"@type\":\"SearchAction\",\"target\":{\"@type\":\"EntryPoint\",\"urlTemplate\":\"https:\/\/progettotouring.it\/radiotouring104\/?s={search_term_string}\"},\"query-input\":{\"@type\":\"PropertyValueSpecification\",\"valueRequired\":true,\"valueName\":\"search_term_string\"}}],\"inLanguage\":\"it-IT\"},{\"@type\":\"Organization\",\"@id\":\"https:\/\/progettotouring.it\/radiotouring104\/#organization\",\"name\":\"Radio Touring 104\",\"url\":\"https:\/\/progettotouring.it\/radiotouring104\/\",\"logo\":{\"@type\":\"ImageObject\",\"inLanguage\":\"it-IT\",\"@id\":\"https:\/\/progettotouring.it\/radiotouring104\/#\/schema\/logo\/image\/\",\"url\":\"https:\/\/progettotouring.it\/radiotouring104\/wp-content\/uploads\/sites\/6\/2022\/02\/cropped-logo-radio-touring-104.png\",\"contentUrl\":\"https:\/\/progettotouring.it\/radiotouring104\/wp-content\/uploads\/sites\/6\/2022\/02\/cropped-logo-radio-touring-104.png\",\"width\":377,\"height\":182,\"caption\":\"Radio Touring 104\"},\"image\":{\"@id\":\"https:\/\/progettotouring.it\/radiotouring104\/#\/schema\/logo\/image\/\"}},{\"@type\":\"Person\",\"@id\":\"https:\/\/progettotouring.it\/radiotouring104\/#\/schema\/person\/8458ed437f4094f881aab8e4cc572684\",\"name\":\"Helena Pedone\",\"image\":{\"@type\":\"ImageObject\",\"inLanguage\":\"it-IT\",\"@id\":\"https:\/\/secure.gravatar.com\/avatar\/95a63adf316f90175b68113b4b895a96641be06395ffeef88fea6178b30027d9?s=96&d=mm&r=g\",\"url\":\"https:\/\/secure.gravatar.com\/avatar\/95a63adf316f90175b68113b4b895a96641be06395ffeef88fea6178b30027d9?s=96&d=mm&r=g\",\"contentUrl\":\"https:\/\/secure.gravatar.com\/avatar\/95a63adf316f90175b68113b4b895a96641be06395ffeef88fea6178b30027d9?s=96&d=mm&r=g\",\"caption\":\"Helena Pedone\"},\"url\":\"https:\/\/progettotouring.it\/radiotouring104\/author\/helena\/\"}]}<\/script>\n<!-- \/ Yoast SEO plugin. -->","yoast_head_json":{"title":"Reggio, \"Memoria \u00e8 Cultura\": ricordare da che parte stare","description":"A partire dal 23 maggio la citt\u00e0 si aprir\u00e0 alle riflessioni e ai propositi che gettano le basi per un'energica lotta alla mafia","robots":{"index":"index","follow":"follow","max-snippet":"max-snippet:-1","max-image-preview":"max-image-preview:large","max-video-preview":"max-video-preview:-1"},"canonical":"https:\/\/progettotouring.it\/radiotouring104\/2023\/05\/22\/reggio-memoria-e-cultura-ricordare-da-che-parte-stare\/","og_locale":"it_IT","og_type":"article","og_title":"Reggio, \"Memoria \u00e8 Cultura\": ricordare da che parte stare","og_description":"A partire dal 23 maggio la citt\u00e0 si aprir\u00e0 alle riflessioni e ai propositi che gettano le basi per un'energica lotta alla mafia","og_url":"https:\/\/progettotouring.it\/radiotouring104\/2023\/05\/22\/reggio-memoria-e-cultura-ricordare-da-che-parte-stare\/","og_site_name":"Radio Touring 104","article_published_time":"2023-05-22T11:59:01+00:00","og_image":[{"width":258,"height":393,"url":"https:\/\/progettotouring.it\/radiotouring104\/wp-content\/uploads\/sites\/6\/2023\/05\/GiovanniFalcone.jpg","type":"image\/jpeg"}],"author":"Helena Pedone","twitter_card":"summary_large_image","twitter_misc":{"Scritto da":"Helena Pedone","Tempo di lettura stimato":"1 minuto"},"schema":{"@context":"https:\/\/schema.org","@graph":[{"@type":"Article","@id":"https:\/\/progettotouring.it\/radiotouring104\/2023\/05\/22\/reggio-memoria-e-cultura-ricordare-da-che-parte-stare\/#article","isPartOf":{"@id":"https:\/\/progettotouring.it\/radiotouring104\/2023\/05\/22\/reggio-memoria-e-cultura-ricordare-da-che-parte-stare\/"},"author":{"name":"Helena Pedone","@id":"https:\/\/progettotouring.it\/radiotouring104\/#\/schema\/person\/8458ed437f4094f881aab8e4cc572684"},"headline":"Reggio, &#8220;Memoria \u00e8 Cultura&#8221;: ricordare da che parte stare","datePublished":"2023-05-22T11:59:01+00:00","mainEntityOfPage":{"@id":"https:\/\/progettotouring.it\/radiotouring104\/2023\/05\/22\/reggio-memoria-e-cultura-ricordare-da-che-parte-stare\/"},"wordCount":277,"publisher":{"@id":"https:\/\/progettotouring.it\/radiotouring104\/#organization"},"image":{"@id":"https:\/\/progettotouring.it\/radiotouring104\/2023\/05\/22\/reggio-memoria-e-cultura-ricordare-da-che-parte-stare\/#primaryimage"},"thumbnailUrl":"https:\/\/progettotouring.it\/radiotouring104\/wp-content\/uploads\/sites\/6\/2023\/05\/GiovanniFalcone.jpg","keywords":["Corteo 23 maggio","fondazione antonino scopelliti","Memoria \u00e8 Cultura","Paolo Borrometi","strage di capaci","Volume \"Traditori\""],"articleSection":["Home","News","Reggio Calabria"],"inLanguage":"it-IT"},{"@type":"WebPage","@id":"https:\/\/progettotouring.it\/radiotouring104\/2023\/05\/22\/reggio-memoria-e-cultura-ricordare-da-che-parte-stare\/","url":"https:\/\/progettotouring.it\/radiotouring104\/2023\/05\/22\/reggio-memoria-e-cultura-ricordare-da-che-parte-stare\/","name":"Reggio, \"Memoria \u00e8 Cultura\": ricordare da che parte stare","isPartOf":{"@id":"https:\/\/progettotouring.it\/radiotouring104\/#website"},"primaryImageOfPage":{"@id":"https:\/\/progettotouring.it\/radiotouring104\/2023\/05\/22\/reggio-memoria-e-cultura-ricordare-da-che-parte-stare\/#primaryimage"},"image":{"@id":"https:\/\/progettotouring.it\/radiotouring104\/2023\/05\/22\/reggio-memoria-e-cultura-ricordare-da-che-parte-stare\/#primaryimage"},"thumbnailUrl":"https:\/\/progettotouring.it\/radiotouring104\/wp-content\/uploads\/sites\/6\/2023\/05\/GiovanniFalcone.jpg","datePublished":"2023-05-22T11:59:01+00:00","description":"A partire dal 23 maggio la citt\u00e0 si aprir\u00e0 alle riflessioni e ai propositi che gettano le basi per un'energica lotta alla mafia","breadcrumb":{"@id":"https:\/\/progettotouring.it\/radiotouring104\/2023\/05\/22\/reggio-memoria-e-cultura-ricordare-da-che-parte-stare\/#breadcrumb"},"inLanguage":"it-IT","potentialAction":[{"@type":"ReadAction","target":["https:\/\/progettotouring.it\/radiotouring104\/2023\/05\/22\/reggio-memoria-e-cultura-ricordare-da-che-parte-stare\/"]}]},{"@type":"ImageObject","inLanguage":"it-IT","@id":"https:\/\/progettotouring.it\/radiotouring104\/2023\/05\/22\/reggio-memoria-e-cultura-ricordare-da-che-parte-stare\/#primaryimage","url":"https:\/\/progettotouring.it\/radiotouring104\/wp-content\/uploads\/sites\/6\/2023\/05\/GiovanniFalcone.jpg","contentUrl":"https:\/\/progettotouring.it\/radiotouring104\/wp-content\/uploads\/sites\/6\/2023\/05\/GiovanniFalcone.jpg","width":258,"height":393},{"@type":"BreadcrumbList","@id":"https:\/\/progettotouring.it\/radiotouring104\/2023\/05\/22\/reggio-memoria-e-cultura-ricordare-da-che-parte-stare\/#breadcrumb","itemListElement":[{"@type":"ListItem","position":1,"name":"Home","item":"https:\/\/progettotouring.it\/radiotouring104\/"},{"@type":"ListItem","position":2,"name":"Reggio, &#8220;Memoria \u00e8 Cultura&#8221;: ricordare da che parte stare"}]},{"@type":"WebSite","@id":"https:\/\/progettotouring.it\/radiotouring104\/#website","url":"https:\/\/progettotouring.it\/radiotouring104\/","name":"Radio Touring 104","description":"La prima radio Reggina","publisher":{"@id":"https:\/\/progettotouring.it\/radiotouring104\/#organization"},"potentialAction":[{"@type":"SearchAction","target":{"@type":"EntryPoint","urlTemplate":"https:\/\/progettotouring.it\/radiotouring104\/?s={search_term_string}"},"query-input":{"@type":"PropertyValueSpecification","valueRequired":true,"valueName":"search_term_string"}}],"inLanguage":"it-IT"},{"@type":"Organization","@id":"https:\/\/progettotouring.it\/radiotouring104\/#organization","name":"Radio Touring 104","url":"https:\/\/progettotouring.it\/radiotouring104\/","logo":{"@type":"ImageObject","inLanguage":"it-IT","@id":"https:\/\/progettotouring.it\/radiotouring104\/#\/schema\/logo\/image\/","url":"https:\/\/progettotouring.it\/radiotouring104\/wp-content\/uploads\/sites\/6\/2022\/02\/cropped-logo-radio-touring-104.png","contentUrl":"https:\/\/progettotouring.it\/radiotouring104\/wp-content\/uploads\/sites\/6\/2022\/02\/cropped-logo-radio-touring-104.png","width":377,"height":182,"caption":"Radio Touring 104"},"image":{"@id":"https:\/\/progettotouring.it\/radiotouring104\/#\/schema\/logo\/image\/"}},{"@type":"Person","@id":"https:\/\/progettotouring.it\/radiotouring104\/#\/schema\/person\/8458ed437f4094f881aab8e4cc572684","name":"Helena Pedone","image":{"@type":"ImageObject","inLanguage":"it-IT","@id":"https:\/\/secure.gravatar.com\/avatar\/95a63adf316f90175b68113b4b895a96641be06395ffeef88fea6178b30027d9?s=96&d=mm&r=g","url":"https:\/\/secure.gravatar.com\/avatar\/95a63adf316f90175b68113b4b895a96641be06395ffeef88fea6178b30027d9?s=96&d=mm&r=g","contentUrl":"https:\/\/secure.gravatar.com\/avatar\/95a63adf316f90175b68113b4b895a96641be06395ffeef88fea6178b30027d9?s=96&d=mm&r=g","caption":"Helena Pedone"},"url":"https:\/\/progettotouring.it\/radiotouring104\/author\/helena\/"}]}},"jetpack_publicize_connections":[],"jetpack_featured_media_url":"https:\/\/progettotouring.it\/radiotouring104\/wp-content\/uploads\/sites\/6\/2023\/05\/GiovanniFalcone.jpg","jetpack_sharing_enabled":true,"_links":{"self":[{"href":"https:\/\/progettotouring.it\/radiotouring104\/wp-json\/wp\/v2\/posts\/26352","targetHints":{"allow":["GET"]}}],"collection":[{"href":"https:\/\/progettotouring.it\/radiotouring104\/wp-json\/wp\/v2\/posts"}],"about":[{"href":"https:\/\/progettotouring.it\/radiotouring104\/wp-json\/wp\/v2\/types\/post"}],"author":[{"embeddable":true,"href":"https:\/\/progettotouring.it\/radiotouring104\/wp-json\/wp\/v2\/users\/13"}],"replies":[{"embeddable":true,"href":"https:\/\/progettotouring.it\/radiotouring104\/wp-json\/wp\/v2\/comments?post=26352"}],"version-history":[{"count":1,"href":"https:\/\/progettotouring.it\/radiotouring104\/wp-json\/wp\/v2\/posts\/26352\/revisions"}],"predecessor-version":[{"id":26354,"href":"https:\/\/progettotouring.it\/radiotouring104\/wp-json\/wp\/v2\/posts\/26352\/revisions\/26354"}],"wp:featuredmedia":[{"embeddable":true,"href":"https:\/\/progettotouring.it\/radiotouring104\/wp-json\/wp\/v2\/media\/26353"}],"wp:attachment":[{"href":"https:\/\/progettotouring.it\/radiotouring104\/wp-json\/wp\/v2\/media?parent=26352"}],"wp:term":[{"taxonomy":"category","embeddable":true,"href":"https:\/\/progettotouring.it\/radiotouring104\/wp-json\/wp\/v2\/categories?post=26352"},{"taxonomy":"post_tag","embeddable":true,"href":"https:\/\/progettotouring.it\/radiotouring104\/wp-json\/wp\/v2\/tags?post=26352"}],"curies":[{"name":"wp","href":"https:\/\/api.w.org\/{rel}","templated":true}]}}