{"id":26389,"date":"2023-05-22T14:56:52","date_gmt":"2023-05-22T12:56:52","guid":{"rendered":"https:\/\/progettotouring.it\/radiotouring104\/?p=26389"},"modified":"2023-05-22T16:20:56","modified_gmt":"2023-05-22T14:20:56","slug":"reggio-calabria-versace-sullo-sblocco-bonus-edilizi-governo-dia-risposte","status":"publish","type":"post","link":"https:\/\/progettotouring.it\/radiotouring104\/2023\/05\/22\/reggio-calabria-versace-sullo-sblocco-bonus-edilizi-governo-dia-risposte\/","title":{"rendered":"Reggio Calabria, Versace sullo sblocco Bonus edilizi: &#8220;Governo dia risposte&#8221;"},"content":{"rendered":"<p style=\"text-align: justify\"><em>&#8220;Facciamo nostre le istanze dei cittadini, delle associazioni di categoria e di tutti quei professionisti e lavoratori che si ritrovano letteralmente bloccati da una incomprensibile ed inammissibile impasse del Governo sulla questione dei bonus edilizi. E&#8217; necessario che l&#8217;esecutivo si impegni, fornendo risposte concrete ed immediate ai tantissimi cittadini e professionisti tecnici impegnati negli iter progettuali e burocratici, perch\u00e8 sia definitivamente sbloccata questa assurda situazione&#8221;. <\/em>E&#8217; quanto afferma il sindaco facente funzioni della <strong>Citt\u00e0 Metropolitana di Reggio Calabria Carmelo Versace,<\/strong> intervenendo nel merito della querelle che sta vedendo sorgere su tutto il territorio nazionale, una serie di comitati di cittadini che chiedono lo sblocco per i cosiddetti &#8220;esodati&#8221; del superbonus.<\/p>\n<p>Su questo punto, qualche giorno fa, la <strong>Prefettura<\/strong> di <strong>Reggio<\/strong> <strong>Calabria<\/strong>, alla presenza dei referenti territoriali di Ance e dell&#8217;Associazione Bancaria Italiana, ha aperto un tavolo di confronto con l&#8217;obiettivo di disincagliare una questione che sta paralizzando non solo un intero comparto professionale, coinvolgendo imprese di costruzioni, architetti, ingegneri e maestranze varie, ma anche quei privati che si ritrovano con immobili incompleti e cantieri aperti senza alcuna certezza risolutiva. Le istanze rappresentate hanno avuto, quale elemento focale, lo sblocco immediato dei processi di acquisto, da parte delle banche, dei crediti relativi ai bonus edilizi. Per il solo territorio metropolitano, ha fatto sapere <strong>ANCE<\/strong>, servirebbe un plafond tra i 50 ed i 100 milioni di euro mentre, ad oggi, alcune banche hanno previsto solo 20 milioni circa per tutta la regione. &#8220;<em>Non si sa ancora nulla<\/em> &#8211; ha aggiunto il sindaco facente funzioni <em>&#8211; dell&#8217;annunciata piattaforma di scambio, proprio per i crediti incagliati, a gestione <strong>EnelX<\/strong> e <strong>Cassa<\/strong><strong>Depositi<\/strong> e <strong>Prestiti<\/strong> che anche qualora partisse dopo l&#8217;estate rischierebbe di determinare un ritardo irrecuperabile, con l&#8217;annualit\u00e0 del 2023 gi\u00e0 decorsa. Per non dire di professionisti, con progetti gi\u00e0 sviluppati e realizzati, che vantano crediti di decine di migliaia di euro o dei proprietari degli immobili che navigano nell&#8217;incertezza pi\u00f9 totale&#8221;.<\/em><\/p>\n<p>Sul punto, ha spiegato ancora Versace, <em>&#8220;i crediti incagliati vanno sbloccati immediatamente con provvedimenti puntuali che tengano conto delle esigenze oggettive dei territori rispetto a cantieri aperti che costituiscono un danno economico ma anche urbanistico. Lavori che<\/em> &#8211; spiega ancora il rappresentante di Palazzo Alvaro &#8211; <em>se non chiusi a regola d&#8217;arte, rischiano di trasformarsi da opportunit\u00e0 di riqualificazione a ferita aperta. Dobbiamo ricordare infatti che se i lavori di superbonus non vengono ultimati la norma prevede che, considerato che l\u2019immobile non \u00e8 migliorato di due classi energetiche, l\u2019agenzia delle entrate si rivarr\u00e0 direttamente dal beneficiario dell\u2019agevolazione, perci\u00f2 dagli stessi proprietari degli immobili. Gli interventi del governo devono essere pertanto immediati quantomeno per sbloccare i crediti derivanti dal superbonus, che, ricordiamo, come ha precisato Ruffini dell\u2019Agenzia delle Entrate le truffe su questo tipo di credito ammontano a circa al <strong>5%&#8221;. <\/strong><\/em><\/p>\n<p><em>&#8220;Senza interventi risolutivi da parte del Governo si rischia il tracollo di un intero comparto, la perdita del lavoro per moltissime figure ed un danno a pi\u00f9 livelli che non possiamo permetterci. Proprio mentre stanno per partire molti progetti del <strong>PNRR<\/strong> &#8211; <\/em>conclude <em>&#8211; decisivi per lo sviluppo del territorio metropolitano, non \u00e8 concepibile che si arrivi a questo appuntamento, d&#8217;altronde, con la mutilazione di un settore necessario ed indispensabile alla realizzazione degli stessi&#8221;.<\/em><\/p>\n<div><\/div>\n","protected":false},"excerpt":{"rendered":"<p>&#8220;Facciamo nostre le istanze dei cittadini, delle associazioni di categoria e di tutti quei professionisti e lavoratori che si ritrovano letteralmente bloccati da una incomprensibile ed inammissibile impasse del Governo&hellip;<\/p>\n","protected":false},"author":8,"featured_media":17905,"comment_status":"closed","ping_status":"open","sticky":false,"template":"","format":"standard","meta":{"_jetpack_memberships_contains_paid_content":false,"footnotes":"","jetpack_publicize_message":"","jetpack_publicize_feature_enabled":true,"jetpack_social_post_already_shared":false,"jetpack_social_options":{"image_generator_settings":{"template":"highway","default_image_id":0,"font":"","enabled":false},"version":2}},"categories":[921,196,195,140],"tags":[15667,743,15669,1034,15668,236,765],"class_list":["post-26389","post","type-post","status-publish","format-standard","has-post-thumbnail","hentry","category-home","category-news","category-politica","category-reggio-calabria","tag-cassadepositi","tag-citta-metropolitana","tag-enelx","tag-pnrr","tag-prestiti","tag-reggio-calabria","tag-versace"],"yoast_head":"<!-- This site is optimized with the Yoast SEO plugin v27.2 - https:\/\/yoast.com\/product\/yoast-seo-wordpress\/ -->\n<title>Reggio Calabria, Versace sullo sblocco Bonus edilizi: &quot;Governo dia risposte&quot; - Radio Touring 104<\/title>\n<meta name=\"description\" content=\"Il sindaco f.f della Citt\u00e0 Metropolitana Versace ha chiesto con fermezza delle risposte da parte del Governo sullo sblocco dei Bonus edilizi\" \/>\n<meta name=\"robots\" content=\"index, follow, max-snippet:-1, max-image-preview:large, max-video-preview:-1\" \/>\n<link rel=\"canonical\" href=\"https:\/\/progettotouring.it\/radiotouring104\/2023\/05\/22\/reggio-calabria-versace-sullo-sblocco-bonus-edilizi-governo-dia-risposte\/\" \/>\n<meta property=\"og:locale\" content=\"it_IT\" \/>\n<meta property=\"og:type\" content=\"article\" \/>\n<meta property=\"og:title\" content=\"Reggio Calabria, Versace sullo sblocco Bonus edilizi: &quot;Governo dia risposte&quot; - Radio Touring 104\" \/>\n<meta property=\"og:description\" content=\"Il sindaco f.f della Citt\u00e0 Metropolitana Versace ha chiesto con fermezza delle risposte da parte del Governo sullo sblocco dei Bonus edilizi\" \/>\n<meta property=\"og:url\" content=\"https:\/\/progettotouring.it\/radiotouring104\/2023\/05\/22\/reggio-calabria-versace-sullo-sblocco-bonus-edilizi-governo-dia-risposte\/\" \/>\n<meta property=\"og:site_name\" content=\"Radio Touring 104\" \/>\n<meta property=\"article:published_time\" content=\"2023-05-22T12:56:52+00:00\" \/>\n<meta property=\"article:modified_time\" content=\"2023-05-22T14:20:56+00:00\" \/>\n<meta property=\"og:image\" content=\"https:\/\/progettotouring.it\/radiotouring104\/wp-content\/uploads\/sites\/6\/2023\/01\/Versace-consiglio.jpg\" \/>\n\t<meta property=\"og:image:width\" content=\"1396\" \/>\n\t<meta property=\"og:image:height\" content=\"1036\" \/>\n\t<meta property=\"og:image:type\" content=\"image\/jpeg\" \/>\n<meta name=\"author\" content=\"Filippo Francesco Idone\" \/>\n<meta name=\"twitter:card\" content=\"summary_large_image\" \/>\n<meta name=\"twitter:label1\" content=\"Scritto da\" \/>\n\t<meta name=\"twitter:data1\" content=\"Filippo Francesco Idone\" \/>\n\t<meta name=\"twitter:label2\" content=\"Tempo di lettura stimato\" \/>\n\t<meta name=\"twitter:data2\" content=\"3 minuti\" \/>\n<script type=\"application\/ld+json\" class=\"yoast-schema-graph\">{\"@context\":\"https:\/\/schema.org\",\"@graph\":[{\"@type\":\"Article\",\"@id\":\"https:\/\/progettotouring.it\/radiotouring104\/2023\/05\/22\/reggio-calabria-versace-sullo-sblocco-bonus-edilizi-governo-dia-risposte\/#article\",\"isPartOf\":{\"@id\":\"https:\/\/progettotouring.it\/radiotouring104\/2023\/05\/22\/reggio-calabria-versace-sullo-sblocco-bonus-edilizi-governo-dia-risposte\/\"},\"author\":{\"name\":\"Filippo Francesco Idone\",\"@id\":\"https:\/\/progettotouring.it\/radiotouring104\/#\/schema\/person\/4a82259ca52ac8702ad1a8f9e5a3120b\"},\"headline\":\"Reggio Calabria, Versace sullo sblocco Bonus edilizi: &#8220;Governo dia risposte&#8221;\",\"datePublished\":\"2023-05-22T12:56:52+00:00\",\"dateModified\":\"2023-05-22T14:20:56+00:00\",\"mainEntityOfPage\":{\"@id\":\"https:\/\/progettotouring.it\/radiotouring104\/2023\/05\/22\/reggio-calabria-versace-sullo-sblocco-bonus-edilizi-governo-dia-risposte\/\"},\"wordCount\":539,\"publisher\":{\"@id\":\"https:\/\/progettotouring.it\/radiotouring104\/#organization\"},\"image\":{\"@id\":\"https:\/\/progettotouring.it\/radiotouring104\/2023\/05\/22\/reggio-calabria-versace-sullo-sblocco-bonus-edilizi-governo-dia-risposte\/#primaryimage\"},\"thumbnailUrl\":\"https:\/\/progettotouring.it\/radiotouring104\/wp-content\/uploads\/sites\/6\/2023\/01\/Versace-consiglio.jpg\",\"keywords\":[\"CassaDepositi\",\"Citt\u00e0 metropolitana\",\"enelx\",\"pnrr\",\"prestiti\",\"reggio calabria\",\"versace\"],\"articleSection\":[\"Home\",\"News\",\"Politica\",\"Reggio Calabria\"],\"inLanguage\":\"it-IT\"},{\"@type\":\"WebPage\",\"@id\":\"https:\/\/progettotouring.it\/radiotouring104\/2023\/05\/22\/reggio-calabria-versace-sullo-sblocco-bonus-edilizi-governo-dia-risposte\/\",\"url\":\"https:\/\/progettotouring.it\/radiotouring104\/2023\/05\/22\/reggio-calabria-versace-sullo-sblocco-bonus-edilizi-governo-dia-risposte\/\",\"name\":\"Reggio Calabria, Versace sullo sblocco Bonus edilizi: \\\"Governo dia risposte\\\" - Radio Touring 104\",\"isPartOf\":{\"@id\":\"https:\/\/progettotouring.it\/radiotouring104\/#website\"},\"primaryImageOfPage\":{\"@id\":\"https:\/\/progettotouring.it\/radiotouring104\/2023\/05\/22\/reggio-calabria-versace-sullo-sblocco-bonus-edilizi-governo-dia-risposte\/#primaryimage\"},\"image\":{\"@id\":\"https:\/\/progettotouring.it\/radiotouring104\/2023\/05\/22\/reggio-calabria-versace-sullo-sblocco-bonus-edilizi-governo-dia-risposte\/#primaryimage\"},\"thumbnailUrl\":\"https:\/\/progettotouring.it\/radiotouring104\/wp-content\/uploads\/sites\/6\/2023\/01\/Versace-consiglio.jpg\",\"datePublished\":\"2023-05-22T12:56:52+00:00\",\"dateModified\":\"2023-05-22T14:20:56+00:00\",\"description\":\"Il sindaco f.f della Citt\u00e0 Metropolitana Versace ha chiesto con fermezza delle risposte da parte del Governo sullo sblocco dei Bonus edilizi\",\"breadcrumb\":{\"@id\":\"https:\/\/progettotouring.it\/radiotouring104\/2023\/05\/22\/reggio-calabria-versace-sullo-sblocco-bonus-edilizi-governo-dia-risposte\/#breadcrumb\"},\"inLanguage\":\"it-IT\",\"potentialAction\":[{\"@type\":\"ReadAction\",\"target\":[\"https:\/\/progettotouring.it\/radiotouring104\/2023\/05\/22\/reggio-calabria-versace-sullo-sblocco-bonus-edilizi-governo-dia-risposte\/\"]}]},{\"@type\":\"ImageObject\",\"inLanguage\":\"it-IT\",\"@id\":\"https:\/\/progettotouring.it\/radiotouring104\/2023\/05\/22\/reggio-calabria-versace-sullo-sblocco-bonus-edilizi-governo-dia-risposte\/#primaryimage\",\"url\":\"https:\/\/progettotouring.it\/radiotouring104\/wp-content\/uploads\/sites\/6\/2023\/01\/Versace-consiglio.jpg\",\"contentUrl\":\"https:\/\/progettotouring.it\/radiotouring104\/wp-content\/uploads\/sites\/6\/2023\/01\/Versace-consiglio.jpg\",\"width\":1396,\"height\":1036},{\"@type\":\"BreadcrumbList\",\"@id\":\"https:\/\/progettotouring.it\/radiotouring104\/2023\/05\/22\/reggio-calabria-versace-sullo-sblocco-bonus-edilizi-governo-dia-risposte\/#breadcrumb\",\"itemListElement\":[{\"@type\":\"ListItem\",\"position\":1,\"name\":\"Home\",\"item\":\"https:\/\/progettotouring.it\/radiotouring104\/\"},{\"@type\":\"ListItem\",\"position\":2,\"name\":\"Reggio Calabria, Versace sullo sblocco Bonus edilizi: &#8220;Governo dia risposte&#8221;\"}]},{\"@type\":\"WebSite\",\"@id\":\"https:\/\/progettotouring.it\/radiotouring104\/#website\",\"url\":\"https:\/\/progettotouring.it\/radiotouring104\/\",\"name\":\"Radio Touring 104\",\"description\":\"La prima radio Reggina\",\"publisher\":{\"@id\":\"https:\/\/progettotouring.it\/radiotouring104\/#organization\"},\"potentialAction\":[{\"@type\":\"SearchAction\",\"target\":{\"@type\":\"EntryPoint\",\"urlTemplate\":\"https:\/\/progettotouring.it\/radiotouring104\/?s={search_term_string}\"},\"query-input\":{\"@type\":\"PropertyValueSpecification\",\"valueRequired\":true,\"valueName\":\"search_term_string\"}}],\"inLanguage\":\"it-IT\"},{\"@type\":\"Organization\",\"@id\":\"https:\/\/progettotouring.it\/radiotouring104\/#organization\",\"name\":\"Radio Touring 104\",\"url\":\"https:\/\/progettotouring.it\/radiotouring104\/\",\"logo\":{\"@type\":\"ImageObject\",\"inLanguage\":\"it-IT\",\"@id\":\"https:\/\/progettotouring.it\/radiotouring104\/#\/schema\/logo\/image\/\",\"url\":\"https:\/\/progettotouring.it\/radiotouring104\/wp-content\/uploads\/sites\/6\/2022\/02\/cropped-logo-radio-touring-104.png\",\"contentUrl\":\"https:\/\/progettotouring.it\/radiotouring104\/wp-content\/uploads\/sites\/6\/2022\/02\/cropped-logo-radio-touring-104.png\",\"width\":377,\"height\":182,\"caption\":\"Radio Touring 104\"},\"image\":{\"@id\":\"https:\/\/progettotouring.it\/radiotouring104\/#\/schema\/logo\/image\/\"}},{\"@type\":\"Person\",\"@id\":\"https:\/\/progettotouring.it\/radiotouring104\/#\/schema\/person\/4a82259ca52ac8702ad1a8f9e5a3120b\",\"name\":\"Filippo Francesco Idone\",\"image\":{\"@type\":\"ImageObject\",\"inLanguage\":\"it-IT\",\"@id\":\"https:\/\/secure.gravatar.com\/avatar\/7268715d2366395c3dd314385670e6484117d44f5c442e61e230f7008b7b62d3?s=96&d=mm&r=g\",\"url\":\"https:\/\/secure.gravatar.com\/avatar\/7268715d2366395c3dd314385670e6484117d44f5c442e61e230f7008b7b62d3?s=96&d=mm&r=g\",\"contentUrl\":\"https:\/\/secure.gravatar.com\/avatar\/7268715d2366395c3dd314385670e6484117d44f5c442e61e230f7008b7b62d3?s=96&d=mm&r=g\",\"caption\":\"Filippo Francesco Idone\"},\"url\":\"https:\/\/progettotouring.it\/radiotouring104\/author\/filippoidone\/\"}]}<\/script>\n<!-- \/ Yoast SEO plugin. -->","yoast_head_json":{"title":"Reggio Calabria, Versace sullo sblocco Bonus edilizi: \"Governo dia risposte\" - Radio Touring 104","description":"Il sindaco f.f della Citt\u00e0 Metropolitana Versace ha chiesto con fermezza delle risposte da parte del Governo sullo sblocco dei Bonus edilizi","robots":{"index":"index","follow":"follow","max-snippet":"max-snippet:-1","max-image-preview":"max-image-preview:large","max-video-preview":"max-video-preview:-1"},"canonical":"https:\/\/progettotouring.it\/radiotouring104\/2023\/05\/22\/reggio-calabria-versace-sullo-sblocco-bonus-edilizi-governo-dia-risposte\/","og_locale":"it_IT","og_type":"article","og_title":"Reggio Calabria, Versace sullo sblocco Bonus edilizi: \"Governo dia risposte\" - Radio Touring 104","og_description":"Il sindaco f.f della Citt\u00e0 Metropolitana Versace ha chiesto con fermezza delle risposte da parte del Governo sullo sblocco dei Bonus edilizi","og_url":"https:\/\/progettotouring.it\/radiotouring104\/2023\/05\/22\/reggio-calabria-versace-sullo-sblocco-bonus-edilizi-governo-dia-risposte\/","og_site_name":"Radio Touring 104","article_published_time":"2023-05-22T12:56:52+00:00","article_modified_time":"2023-05-22T14:20:56+00:00","og_image":[{"width":1396,"height":1036,"url":"https:\/\/progettotouring.it\/radiotouring104\/wp-content\/uploads\/sites\/6\/2023\/01\/Versace-consiglio.jpg","type":"image\/jpeg"}],"author":"Filippo Francesco Idone","twitter_card":"summary_large_image","twitter_misc":{"Scritto da":"Filippo Francesco Idone","Tempo di lettura stimato":"3 minuti"},"schema":{"@context":"https:\/\/schema.org","@graph":[{"@type":"Article","@id":"https:\/\/progettotouring.it\/radiotouring104\/2023\/05\/22\/reggio-calabria-versace-sullo-sblocco-bonus-edilizi-governo-dia-risposte\/#article","isPartOf":{"@id":"https:\/\/progettotouring.it\/radiotouring104\/2023\/05\/22\/reggio-calabria-versace-sullo-sblocco-bonus-edilizi-governo-dia-risposte\/"},"author":{"name":"Filippo Francesco Idone","@id":"https:\/\/progettotouring.it\/radiotouring104\/#\/schema\/person\/4a82259ca52ac8702ad1a8f9e5a3120b"},"headline":"Reggio Calabria, Versace sullo sblocco Bonus edilizi: &#8220;Governo dia risposte&#8221;","datePublished":"2023-05-22T12:56:52+00:00","dateModified":"2023-05-22T14:20:56+00:00","mainEntityOfPage":{"@id":"https:\/\/progettotouring.it\/radiotouring104\/2023\/05\/22\/reggio-calabria-versace-sullo-sblocco-bonus-edilizi-governo-dia-risposte\/"},"wordCount":539,"publisher":{"@id":"https:\/\/progettotouring.it\/radiotouring104\/#organization"},"image":{"@id":"https:\/\/progettotouring.it\/radiotouring104\/2023\/05\/22\/reggio-calabria-versace-sullo-sblocco-bonus-edilizi-governo-dia-risposte\/#primaryimage"},"thumbnailUrl":"https:\/\/progettotouring.it\/radiotouring104\/wp-content\/uploads\/sites\/6\/2023\/01\/Versace-consiglio.jpg","keywords":["CassaDepositi","Citt\u00e0 metropolitana","enelx","pnrr","prestiti","reggio calabria","versace"],"articleSection":["Home","News","Politica","Reggio Calabria"],"inLanguage":"it-IT"},{"@type":"WebPage","@id":"https:\/\/progettotouring.it\/radiotouring104\/2023\/05\/22\/reggio-calabria-versace-sullo-sblocco-bonus-edilizi-governo-dia-risposte\/","url":"https:\/\/progettotouring.it\/radiotouring104\/2023\/05\/22\/reggio-calabria-versace-sullo-sblocco-bonus-edilizi-governo-dia-risposte\/","name":"Reggio Calabria, Versace sullo sblocco Bonus edilizi: \"Governo dia risposte\" - Radio Touring 104","isPartOf":{"@id":"https:\/\/progettotouring.it\/radiotouring104\/#website"},"primaryImageOfPage":{"@id":"https:\/\/progettotouring.it\/radiotouring104\/2023\/05\/22\/reggio-calabria-versace-sullo-sblocco-bonus-edilizi-governo-dia-risposte\/#primaryimage"},"image":{"@id":"https:\/\/progettotouring.it\/radiotouring104\/2023\/05\/22\/reggio-calabria-versace-sullo-sblocco-bonus-edilizi-governo-dia-risposte\/#primaryimage"},"thumbnailUrl":"https:\/\/progettotouring.it\/radiotouring104\/wp-content\/uploads\/sites\/6\/2023\/01\/Versace-consiglio.jpg","datePublished":"2023-05-22T12:56:52+00:00","dateModified":"2023-05-22T14:20:56+00:00","description":"Il sindaco f.f della Citt\u00e0 Metropolitana Versace ha chiesto con fermezza delle risposte da parte del Governo sullo sblocco dei Bonus edilizi","breadcrumb":{"@id":"https:\/\/progettotouring.it\/radiotouring104\/2023\/05\/22\/reggio-calabria-versace-sullo-sblocco-bonus-edilizi-governo-dia-risposte\/#breadcrumb"},"inLanguage":"it-IT","potentialAction":[{"@type":"ReadAction","target":["https:\/\/progettotouring.it\/radiotouring104\/2023\/05\/22\/reggio-calabria-versace-sullo-sblocco-bonus-edilizi-governo-dia-risposte\/"]}]},{"@type":"ImageObject","inLanguage":"it-IT","@id":"https:\/\/progettotouring.it\/radiotouring104\/2023\/05\/22\/reggio-calabria-versace-sullo-sblocco-bonus-edilizi-governo-dia-risposte\/#primaryimage","url":"https:\/\/progettotouring.it\/radiotouring104\/wp-content\/uploads\/sites\/6\/2023\/01\/Versace-consiglio.jpg","contentUrl":"https:\/\/progettotouring.it\/radiotouring104\/wp-content\/uploads\/sites\/6\/2023\/01\/Versace-consiglio.jpg","width":1396,"height":1036},{"@type":"BreadcrumbList","@id":"https:\/\/progettotouring.it\/radiotouring104\/2023\/05\/22\/reggio-calabria-versace-sullo-sblocco-bonus-edilizi-governo-dia-risposte\/#breadcrumb","itemListElement":[{"@type":"ListItem","position":1,"name":"Home","item":"https:\/\/progettotouring.it\/radiotouring104\/"},{"@type":"ListItem","position":2,"name":"Reggio Calabria, Versace sullo sblocco Bonus edilizi: &#8220;Governo dia risposte&#8221;"}]},{"@type":"WebSite","@id":"https:\/\/progettotouring.it\/radiotouring104\/#website","url":"https:\/\/progettotouring.it\/radiotouring104\/","name":"Radio Touring 104","description":"La prima radio Reggina","publisher":{"@id":"https:\/\/progettotouring.it\/radiotouring104\/#organization"},"potentialAction":[{"@type":"SearchAction","target":{"@type":"EntryPoint","urlTemplate":"https:\/\/progettotouring.it\/radiotouring104\/?s={search_term_string}"},"query-input":{"@type":"PropertyValueSpecification","valueRequired":true,"valueName":"search_term_string"}}],"inLanguage":"it-IT"},{"@type":"Organization","@id":"https:\/\/progettotouring.it\/radiotouring104\/#organization","name":"Radio Touring 104","url":"https:\/\/progettotouring.it\/radiotouring104\/","logo":{"@type":"ImageObject","inLanguage":"it-IT","@id":"https:\/\/progettotouring.it\/radiotouring104\/#\/schema\/logo\/image\/","url":"https:\/\/progettotouring.it\/radiotouring104\/wp-content\/uploads\/sites\/6\/2022\/02\/cropped-logo-radio-touring-104.png","contentUrl":"https:\/\/progettotouring.it\/radiotouring104\/wp-content\/uploads\/sites\/6\/2022\/02\/cropped-logo-radio-touring-104.png","width":377,"height":182,"caption":"Radio Touring 104"},"image":{"@id":"https:\/\/progettotouring.it\/radiotouring104\/#\/schema\/logo\/image\/"}},{"@type":"Person","@id":"https:\/\/progettotouring.it\/radiotouring104\/#\/schema\/person\/4a82259ca52ac8702ad1a8f9e5a3120b","name":"Filippo Francesco Idone","image":{"@type":"ImageObject","inLanguage":"it-IT","@id":"https:\/\/secure.gravatar.com\/avatar\/7268715d2366395c3dd314385670e6484117d44f5c442e61e230f7008b7b62d3?s=96&d=mm&r=g","url":"https:\/\/secure.gravatar.com\/avatar\/7268715d2366395c3dd314385670e6484117d44f5c442e61e230f7008b7b62d3?s=96&d=mm&r=g","contentUrl":"https:\/\/secure.gravatar.com\/avatar\/7268715d2366395c3dd314385670e6484117d44f5c442e61e230f7008b7b62d3?s=96&d=mm&r=g","caption":"Filippo Francesco Idone"},"url":"https:\/\/progettotouring.it\/radiotouring104\/author\/filippoidone\/"}]}},"jetpack_publicize_connections":[],"jetpack_featured_media_url":"https:\/\/progettotouring.it\/radiotouring104\/wp-content\/uploads\/sites\/6\/2023\/01\/Versace-consiglio.jpg","jetpack_sharing_enabled":true,"_links":{"self":[{"href":"https:\/\/progettotouring.it\/radiotouring104\/wp-json\/wp\/v2\/posts\/26389","targetHints":{"allow":["GET"]}}],"collection":[{"href":"https:\/\/progettotouring.it\/radiotouring104\/wp-json\/wp\/v2\/posts"}],"about":[{"href":"https:\/\/progettotouring.it\/radiotouring104\/wp-json\/wp\/v2\/types\/post"}],"author":[{"embeddable":true,"href":"https:\/\/progettotouring.it\/radiotouring104\/wp-json\/wp\/v2\/users\/8"}],"replies":[{"embeddable":true,"href":"https:\/\/progettotouring.it\/radiotouring104\/wp-json\/wp\/v2\/comments?post=26389"}],"version-history":[{"count":1,"href":"https:\/\/progettotouring.it\/radiotouring104\/wp-json\/wp\/v2\/posts\/26389\/revisions"}],"predecessor-version":[{"id":26390,"href":"https:\/\/progettotouring.it\/radiotouring104\/wp-json\/wp\/v2\/posts\/26389\/revisions\/26390"}],"wp:featuredmedia":[{"embeddable":true,"href":"https:\/\/progettotouring.it\/radiotouring104\/wp-json\/wp\/v2\/media\/17905"}],"wp:attachment":[{"href":"https:\/\/progettotouring.it\/radiotouring104\/wp-json\/wp\/v2\/media?parent=26389"}],"wp:term":[{"taxonomy":"category","embeddable":true,"href":"https:\/\/progettotouring.it\/radiotouring104\/wp-json\/wp\/v2\/categories?post=26389"},{"taxonomy":"post_tag","embeddable":true,"href":"https:\/\/progettotouring.it\/radiotouring104\/wp-json\/wp\/v2\/tags?post=26389"}],"curies":[{"name":"wp","href":"https:\/\/api.w.org\/{rel}","templated":true}]}}