{"id":26397,"date":"2023-05-22T15:39:25","date_gmt":"2023-05-22T13:39:25","guid":{"rendered":"https:\/\/progettotouring.it\/radiotouring104\/?p=26397"},"modified":"2023-05-22T16:38:29","modified_gmt":"2023-05-22T14:38:29","slug":"unirc-svolto-il-convegno-cooperazione-e-sviluppo-rurale","status":"publish","type":"post","link":"https:\/\/progettotouring.it\/radiotouring104\/2023\/05\/22\/unirc-svolto-il-convegno-cooperazione-e-sviluppo-rurale\/","title":{"rendered":"UniRC: svolto il convegno \u201cCooperazione e sviluppo rurale&#8221;"},"content":{"rendered":"<p class=\"xmprfx_x_MsoNormal\" style=\"text-align: justify\"><b><span class=\"xmprfx_x_ContentPasted2\">Giorno 18 maggio alle ore 9.00<\/span><\/b><span class=\"xmprfx_x_ContentPasted2\">, presso il\u00a0<b class=\"xmprfx_x_ContentPasted2\">Dipartimento di Agraria dell\u2019Universit\u00e0 Mediterranea di Reggio Calabria<\/b>, si \u00e8 tenuto un convegno dal titolo\u00a0<b class=\"xmprfx_x_ContentPasted2\">\u201cCooperazione e sviluppo rurale: l\u2019importanza della ricerca di filiera per la valorizzazione e difesa del territorio\u201d. <\/b>Nell\u2019incontro sono stati illustrati i risultati di due progetti finanziati dal PSR-Calabria misura 16.2: \u201cBIOformulati a base di microbi BEnefici e loro sostAnze Naturali per la produzione e la valorizzazione di legumi &#8211; BIO-BEAN\u201d e \u201cValorizzazione delle FILiere Olivicole Calabresi mediante nuove tecniche agronomiche e recupero degli scarti \u2013 FILO\u201d. I due progetti riguardano la possibilit\u00e0 di creare valore aggiunto dalla filiera dell\u2019olio di oliva e nuovi prodotti a base proteica da quella dei legumi tipici calabresi. \u00a0<\/span><\/p>\n<p class=\"xmprfx_x_MsoNormal\" style=\"text-align: justify\"><span class=\"xmprfx_x_ContentPasted2\">Dopo i saluti istituzionali del Direttore del Dipartimento di Agraria, del delegato dell\u2019Assessorato Agricoltura della Regione Calabria e quelli del Rettore <strong>Giuseppe<\/strong> <strong>Zimbalatti<\/strong> che pur assente ha inviato un messaggio di saluto, si sono susseguiti come relatori alcuni ricercatori dell\u2019Universit\u00e0 di Reggio Calabria, dell\u2019Universit\u00e0 Federico II di Napoli, della societ\u00e0 consortile Linfa (di cui l\u2019Universit\u00e0 Mediterranea \u00e8 socio), della societ\u00e0 <strong>Laboratoria<\/strong>, nonch\u00e9 i capofila dei due progetti, la societ\u00e0 Santa Rita srl di Vibo Marina per il progetto FILO e la azienda AGROGEST di Polia (VV) per BIO-BEAN.\u00a0<\/span><\/p>\n<p class=\"xmprfx_x_MsoNormal\" style=\"text-align: justify\"><span class=\"xmprfx_x_ContentPasted2\">I risultati delle attivit\u00e0 progettuali potrebbero portare ad un ampliamento delle possibilit\u00e0 di sfruttare le filiere, oggetto delle ricerche, in termini di nuovi prodotti e nuove utilizzazioni agroalimentari. Molteplici sono state le peculiarit\u00e0 illustrate a carico di fagioli tipici calabresi e di come da questi si possano sviluppare nuovi prodotti e nuove modalit\u00e0 di gestione della filiera. Analoghe considerazioni sono state portate alla attenzione dei presenti per quanto riguarda il recupero di scarti e reflui della filiera olivicola. In conclusione si \u00e8 sottolineato il ruolo di progetti come quelli delle Misure della Cooperazione del PSR che vede una stretta sinergia tra Enti e Societ\u00e0 che sviluppano innovazione e Imprese che la potrebbero utilizzare. \u00a0<\/span><\/p>\n<p style=\"text-align: justify\"><span class=\"xmprfx_x_markedcontent\"><b><span class=\"xmprfx_x_ContentPasted2\">Marco Poiana<\/span><\/b><\/span><span class=\"xmprfx_x_markedcontent\"><span class=\"xmprfx_x_ContentPasted2\">\u00a0Docente di Tecnologie Alimentari del Dipartimento di Agraria dell\u2019Universit\u00e0 Mediterranea dichiara \u201c<i class=\"xmprfx_x_ContentPasted2\">N<\/i><\/span><\/span><i><span class=\"xmprfx_x_ContentPasted2\">el settore agroalimentare riveste un ruolo importante la collaborazione tra ricerca ed imprese finalizzata ad affrontare le sfide attuali e future connesse con lo sviluppo sostenibile di una attivit\u00e0. I due progetti, che si devono concludere, e i cui risultati sono stati presentati quest\u2019oggi, illustrano come in un\u2019epoca come quella attuale l\u2019applicazione della economia circolare pu\u00f2 e deve essere un aspetto centrale dello sviluppo di innovazione.<\/span><\/i><span class=\"xmprfx_x_markedcontent\">\u00a0<\/span><\/p>\n","protected":false},"excerpt":{"rendered":"<p>Giorno 18 maggio alle ore 9.00, presso il\u00a0Dipartimento di Agraria dell\u2019Universit\u00e0 Mediterranea di Reggio Calabria, si \u00e8 tenuto un convegno dal titolo\u00a0\u201cCooperazione e sviluppo rurale: l\u2019importanza della ricerca di filiera&hellip;<\/p>\n","protected":false},"author":8,"featured_media":26398,"comment_status":"closed","ping_status":"open","sticky":false,"template":"","format":"standard","meta":{"_jetpack_memberships_contains_paid_content":false,"footnotes":"","jetpack_publicize_message":"","jetpack_publicize_feature_enabled":true,"jetpack_social_post_already_shared":false,"jetpack_social_options":{"image_generator_settings":{"template":"highway","default_image_id":0,"font":"","enabled":false},"version":2}},"categories":[921,196,140],"tags":[15674,371],"class_list":["post-26397","post","type-post","status-publish","format-standard","has-post-thumbnail","hentry","category-home","category-news","category-reggio-calabria","tag-bioformulati","tag-unirc"],"yoast_head":"<!-- This site is optimized with the Yoast SEO plugin v27.2 - https:\/\/yoast.com\/product\/yoast-seo-wordpress\/ -->\n<title>UniRC: svolto il convegno \u201cCooperazione e sviluppo rurale&quot; - Radio Touring 104<\/title>\n<meta name=\"description\" content=\"All&#039;UniRC svolto l&#039;evento Cooperazione e sviluppo rurale: l\u2019importanza della ricerca di filiera per la valorizzazione e difesa del territorio\" \/>\n<meta name=\"robots\" content=\"index, follow, max-snippet:-1, max-image-preview:large, max-video-preview:-1\" \/>\n<link rel=\"canonical\" href=\"https:\/\/progettotouring.it\/radiotouring104\/2023\/05\/22\/unirc-svolto-il-convegno-cooperazione-e-sviluppo-rurale\/\" \/>\n<meta property=\"og:locale\" content=\"it_IT\" \/>\n<meta property=\"og:type\" content=\"article\" \/>\n<meta property=\"og:title\" content=\"UniRC: svolto il convegno \u201cCooperazione e sviluppo rurale&quot; - Radio Touring 104\" \/>\n<meta property=\"og:description\" content=\"All&#039;UniRC svolto l&#039;evento Cooperazione e sviluppo rurale: l\u2019importanza della ricerca di filiera per la valorizzazione e difesa del territorio\" \/>\n<meta property=\"og:url\" content=\"https:\/\/progettotouring.it\/radiotouring104\/2023\/05\/22\/unirc-svolto-il-convegno-cooperazione-e-sviluppo-rurale\/\" \/>\n<meta property=\"og:site_name\" content=\"Radio Touring 104\" \/>\n<meta property=\"article:published_time\" content=\"2023-05-22T13:39:25+00:00\" \/>\n<meta property=\"article:modified_time\" content=\"2023-05-22T14:38:29+00:00\" \/>\n<meta property=\"og:image\" content=\"https:\/\/progettotouring.it\/radiotouring104\/wp-content\/uploads\/sites\/6\/2023\/05\/unirc.jpg\" \/>\n\t<meta property=\"og:image:width\" content=\"1080\" \/>\n\t<meta property=\"og:image:height\" content=\"810\" \/>\n\t<meta property=\"og:image:type\" content=\"image\/jpeg\" \/>\n<meta name=\"author\" content=\"Filippo Francesco Idone\" \/>\n<meta name=\"twitter:card\" content=\"summary_large_image\" \/>\n<meta name=\"twitter:label1\" content=\"Scritto da\" \/>\n\t<meta name=\"twitter:data1\" content=\"Filippo Francesco Idone\" \/>\n\t<meta name=\"twitter:label2\" content=\"Tempo di lettura stimato\" \/>\n\t<meta name=\"twitter:data2\" content=\"2 minuti\" \/>\n<script type=\"application\/ld+json\" class=\"yoast-schema-graph\">{\"@context\":\"https:\/\/schema.org\",\"@graph\":[{\"@type\":\"Article\",\"@id\":\"https:\/\/progettotouring.it\/radiotouring104\/2023\/05\/22\/unirc-svolto-il-convegno-cooperazione-e-sviluppo-rurale\/#article\",\"isPartOf\":{\"@id\":\"https:\/\/progettotouring.it\/radiotouring104\/2023\/05\/22\/unirc-svolto-il-convegno-cooperazione-e-sviluppo-rurale\/\"},\"author\":{\"name\":\"Filippo Francesco Idone\",\"@id\":\"https:\/\/progettotouring.it\/radiotouring104\/#\/schema\/person\/4a82259ca52ac8702ad1a8f9e5a3120b\"},\"headline\":\"UniRC: svolto il convegno \u201cCooperazione e sviluppo rurale&#8221;\",\"datePublished\":\"2023-05-22T13:39:25+00:00\",\"dateModified\":\"2023-05-22T14:38:29+00:00\",\"mainEntityOfPage\":{\"@id\":\"https:\/\/progettotouring.it\/radiotouring104\/2023\/05\/22\/unirc-svolto-il-convegno-cooperazione-e-sviluppo-rurale\/\"},\"wordCount\":410,\"publisher\":{\"@id\":\"https:\/\/progettotouring.it\/radiotouring104\/#organization\"},\"image\":{\"@id\":\"https:\/\/progettotouring.it\/radiotouring104\/2023\/05\/22\/unirc-svolto-il-convegno-cooperazione-e-sviluppo-rurale\/#primaryimage\"},\"thumbnailUrl\":\"https:\/\/progettotouring.it\/radiotouring104\/wp-content\/uploads\/sites\/6\/2023\/05\/unirc.jpg\",\"keywords\":[\"BIOformulati\",\"unirc\"],\"articleSection\":[\"Home\",\"News\",\"Reggio Calabria\"],\"inLanguage\":\"it-IT\"},{\"@type\":\"WebPage\",\"@id\":\"https:\/\/progettotouring.it\/radiotouring104\/2023\/05\/22\/unirc-svolto-il-convegno-cooperazione-e-sviluppo-rurale\/\",\"url\":\"https:\/\/progettotouring.it\/radiotouring104\/2023\/05\/22\/unirc-svolto-il-convegno-cooperazione-e-sviluppo-rurale\/\",\"name\":\"UniRC: svolto il convegno \u201cCooperazione e sviluppo rurale\\\" - Radio Touring 104\",\"isPartOf\":{\"@id\":\"https:\/\/progettotouring.it\/radiotouring104\/#website\"},\"primaryImageOfPage\":{\"@id\":\"https:\/\/progettotouring.it\/radiotouring104\/2023\/05\/22\/unirc-svolto-il-convegno-cooperazione-e-sviluppo-rurale\/#primaryimage\"},\"image\":{\"@id\":\"https:\/\/progettotouring.it\/radiotouring104\/2023\/05\/22\/unirc-svolto-il-convegno-cooperazione-e-sviluppo-rurale\/#primaryimage\"},\"thumbnailUrl\":\"https:\/\/progettotouring.it\/radiotouring104\/wp-content\/uploads\/sites\/6\/2023\/05\/unirc.jpg\",\"datePublished\":\"2023-05-22T13:39:25+00:00\",\"dateModified\":\"2023-05-22T14:38:29+00:00\",\"description\":\"All'UniRC svolto l'evento Cooperazione e sviluppo rurale: l\u2019importanza della ricerca di filiera per la valorizzazione e difesa del territorio\",\"breadcrumb\":{\"@id\":\"https:\/\/progettotouring.it\/radiotouring104\/2023\/05\/22\/unirc-svolto-il-convegno-cooperazione-e-sviluppo-rurale\/#breadcrumb\"},\"inLanguage\":\"it-IT\",\"potentialAction\":[{\"@type\":\"ReadAction\",\"target\":[\"https:\/\/progettotouring.it\/radiotouring104\/2023\/05\/22\/unirc-svolto-il-convegno-cooperazione-e-sviluppo-rurale\/\"]}]},{\"@type\":\"ImageObject\",\"inLanguage\":\"it-IT\",\"@id\":\"https:\/\/progettotouring.it\/radiotouring104\/2023\/05\/22\/unirc-svolto-il-convegno-cooperazione-e-sviluppo-rurale\/#primaryimage\",\"url\":\"https:\/\/progettotouring.it\/radiotouring104\/wp-content\/uploads\/sites\/6\/2023\/05\/unirc.jpg\",\"contentUrl\":\"https:\/\/progettotouring.it\/radiotouring104\/wp-content\/uploads\/sites\/6\/2023\/05\/unirc.jpg\",\"width\":1080,\"height\":810,\"caption\":\"smart\"},{\"@type\":\"BreadcrumbList\",\"@id\":\"https:\/\/progettotouring.it\/radiotouring104\/2023\/05\/22\/unirc-svolto-il-convegno-cooperazione-e-sviluppo-rurale\/#breadcrumb\",\"itemListElement\":[{\"@type\":\"ListItem\",\"position\":1,\"name\":\"Home\",\"item\":\"https:\/\/progettotouring.it\/radiotouring104\/\"},{\"@type\":\"ListItem\",\"position\":2,\"name\":\"UniRC: svolto il convegno \u201cCooperazione e sviluppo rurale&#8221;\"}]},{\"@type\":\"WebSite\",\"@id\":\"https:\/\/progettotouring.it\/radiotouring104\/#website\",\"url\":\"https:\/\/progettotouring.it\/radiotouring104\/\",\"name\":\"Radio Touring 104\",\"description\":\"La prima radio Reggina\",\"publisher\":{\"@id\":\"https:\/\/progettotouring.it\/radiotouring104\/#organization\"},\"potentialAction\":[{\"@type\":\"SearchAction\",\"target\":{\"@type\":\"EntryPoint\",\"urlTemplate\":\"https:\/\/progettotouring.it\/radiotouring104\/?s={search_term_string}\"},\"query-input\":{\"@type\":\"PropertyValueSpecification\",\"valueRequired\":true,\"valueName\":\"search_term_string\"}}],\"inLanguage\":\"it-IT\"},{\"@type\":\"Organization\",\"@id\":\"https:\/\/progettotouring.it\/radiotouring104\/#organization\",\"name\":\"Radio Touring 104\",\"url\":\"https:\/\/progettotouring.it\/radiotouring104\/\",\"logo\":{\"@type\":\"ImageObject\",\"inLanguage\":\"it-IT\",\"@id\":\"https:\/\/progettotouring.it\/radiotouring104\/#\/schema\/logo\/image\/\",\"url\":\"https:\/\/progettotouring.it\/radiotouring104\/wp-content\/uploads\/sites\/6\/2022\/02\/cropped-logo-radio-touring-104.png\",\"contentUrl\":\"https:\/\/progettotouring.it\/radiotouring104\/wp-content\/uploads\/sites\/6\/2022\/02\/cropped-logo-radio-touring-104.png\",\"width\":377,\"height\":182,\"caption\":\"Radio Touring 104\"},\"image\":{\"@id\":\"https:\/\/progettotouring.it\/radiotouring104\/#\/schema\/logo\/image\/\"}},{\"@type\":\"Person\",\"@id\":\"https:\/\/progettotouring.it\/radiotouring104\/#\/schema\/person\/4a82259ca52ac8702ad1a8f9e5a3120b\",\"name\":\"Filippo Francesco Idone\",\"image\":{\"@type\":\"ImageObject\",\"inLanguage\":\"it-IT\",\"@id\":\"https:\/\/secure.gravatar.com\/avatar\/7268715d2366395c3dd314385670e6484117d44f5c442e61e230f7008b7b62d3?s=96&d=mm&r=g\",\"url\":\"https:\/\/secure.gravatar.com\/avatar\/7268715d2366395c3dd314385670e6484117d44f5c442e61e230f7008b7b62d3?s=96&d=mm&r=g\",\"contentUrl\":\"https:\/\/secure.gravatar.com\/avatar\/7268715d2366395c3dd314385670e6484117d44f5c442e61e230f7008b7b62d3?s=96&d=mm&r=g\",\"caption\":\"Filippo Francesco Idone\"},\"url\":\"https:\/\/progettotouring.it\/radiotouring104\/author\/filippoidone\/\"}]}<\/script>\n<!-- \/ Yoast SEO plugin. -->","yoast_head_json":{"title":"UniRC: svolto il convegno \u201cCooperazione e sviluppo rurale\" - Radio Touring 104","description":"All'UniRC svolto l'evento Cooperazione e sviluppo rurale: l\u2019importanza della ricerca di filiera per la valorizzazione e difesa del territorio","robots":{"index":"index","follow":"follow","max-snippet":"max-snippet:-1","max-image-preview":"max-image-preview:large","max-video-preview":"max-video-preview:-1"},"canonical":"https:\/\/progettotouring.it\/radiotouring104\/2023\/05\/22\/unirc-svolto-il-convegno-cooperazione-e-sviluppo-rurale\/","og_locale":"it_IT","og_type":"article","og_title":"UniRC: svolto il convegno \u201cCooperazione e sviluppo rurale\" - Radio Touring 104","og_description":"All'UniRC svolto l'evento Cooperazione e sviluppo rurale: l\u2019importanza della ricerca di filiera per la valorizzazione e difesa del territorio","og_url":"https:\/\/progettotouring.it\/radiotouring104\/2023\/05\/22\/unirc-svolto-il-convegno-cooperazione-e-sviluppo-rurale\/","og_site_name":"Radio Touring 104","article_published_time":"2023-05-22T13:39:25+00:00","article_modified_time":"2023-05-22T14:38:29+00:00","og_image":[{"width":1080,"height":810,"url":"https:\/\/progettotouring.it\/radiotouring104\/wp-content\/uploads\/sites\/6\/2023\/05\/unirc.jpg","type":"image\/jpeg"}],"author":"Filippo Francesco Idone","twitter_card":"summary_large_image","twitter_misc":{"Scritto da":"Filippo Francesco Idone","Tempo di lettura stimato":"2 minuti"},"schema":{"@context":"https:\/\/schema.org","@graph":[{"@type":"Article","@id":"https:\/\/progettotouring.it\/radiotouring104\/2023\/05\/22\/unirc-svolto-il-convegno-cooperazione-e-sviluppo-rurale\/#article","isPartOf":{"@id":"https:\/\/progettotouring.it\/radiotouring104\/2023\/05\/22\/unirc-svolto-il-convegno-cooperazione-e-sviluppo-rurale\/"},"author":{"name":"Filippo Francesco Idone","@id":"https:\/\/progettotouring.it\/radiotouring104\/#\/schema\/person\/4a82259ca52ac8702ad1a8f9e5a3120b"},"headline":"UniRC: svolto il convegno \u201cCooperazione e sviluppo rurale&#8221;","datePublished":"2023-05-22T13:39:25+00:00","dateModified":"2023-05-22T14:38:29+00:00","mainEntityOfPage":{"@id":"https:\/\/progettotouring.it\/radiotouring104\/2023\/05\/22\/unirc-svolto-il-convegno-cooperazione-e-sviluppo-rurale\/"},"wordCount":410,"publisher":{"@id":"https:\/\/progettotouring.it\/radiotouring104\/#organization"},"image":{"@id":"https:\/\/progettotouring.it\/radiotouring104\/2023\/05\/22\/unirc-svolto-il-convegno-cooperazione-e-sviluppo-rurale\/#primaryimage"},"thumbnailUrl":"https:\/\/progettotouring.it\/radiotouring104\/wp-content\/uploads\/sites\/6\/2023\/05\/unirc.jpg","keywords":["BIOformulati","unirc"],"articleSection":["Home","News","Reggio Calabria"],"inLanguage":"it-IT"},{"@type":"WebPage","@id":"https:\/\/progettotouring.it\/radiotouring104\/2023\/05\/22\/unirc-svolto-il-convegno-cooperazione-e-sviluppo-rurale\/","url":"https:\/\/progettotouring.it\/radiotouring104\/2023\/05\/22\/unirc-svolto-il-convegno-cooperazione-e-sviluppo-rurale\/","name":"UniRC: svolto il convegno \u201cCooperazione e sviluppo rurale\" - Radio Touring 104","isPartOf":{"@id":"https:\/\/progettotouring.it\/radiotouring104\/#website"},"primaryImageOfPage":{"@id":"https:\/\/progettotouring.it\/radiotouring104\/2023\/05\/22\/unirc-svolto-il-convegno-cooperazione-e-sviluppo-rurale\/#primaryimage"},"image":{"@id":"https:\/\/progettotouring.it\/radiotouring104\/2023\/05\/22\/unirc-svolto-il-convegno-cooperazione-e-sviluppo-rurale\/#primaryimage"},"thumbnailUrl":"https:\/\/progettotouring.it\/radiotouring104\/wp-content\/uploads\/sites\/6\/2023\/05\/unirc.jpg","datePublished":"2023-05-22T13:39:25+00:00","dateModified":"2023-05-22T14:38:29+00:00","description":"All'UniRC svolto l'evento Cooperazione e sviluppo rurale: l\u2019importanza della ricerca di filiera per la valorizzazione e difesa del territorio","breadcrumb":{"@id":"https:\/\/progettotouring.it\/radiotouring104\/2023\/05\/22\/unirc-svolto-il-convegno-cooperazione-e-sviluppo-rurale\/#breadcrumb"},"inLanguage":"it-IT","potentialAction":[{"@type":"ReadAction","target":["https:\/\/progettotouring.it\/radiotouring104\/2023\/05\/22\/unirc-svolto-il-convegno-cooperazione-e-sviluppo-rurale\/"]}]},{"@type":"ImageObject","inLanguage":"it-IT","@id":"https:\/\/progettotouring.it\/radiotouring104\/2023\/05\/22\/unirc-svolto-il-convegno-cooperazione-e-sviluppo-rurale\/#primaryimage","url":"https:\/\/progettotouring.it\/radiotouring104\/wp-content\/uploads\/sites\/6\/2023\/05\/unirc.jpg","contentUrl":"https:\/\/progettotouring.it\/radiotouring104\/wp-content\/uploads\/sites\/6\/2023\/05\/unirc.jpg","width":1080,"height":810,"caption":"smart"},{"@type":"BreadcrumbList","@id":"https:\/\/progettotouring.it\/radiotouring104\/2023\/05\/22\/unirc-svolto-il-convegno-cooperazione-e-sviluppo-rurale\/#breadcrumb","itemListElement":[{"@type":"ListItem","position":1,"name":"Home","item":"https:\/\/progettotouring.it\/radiotouring104\/"},{"@type":"ListItem","position":2,"name":"UniRC: svolto il convegno \u201cCooperazione e sviluppo rurale&#8221;"}]},{"@type":"WebSite","@id":"https:\/\/progettotouring.it\/radiotouring104\/#website","url":"https:\/\/progettotouring.it\/radiotouring104\/","name":"Radio Touring 104","description":"La prima radio Reggina","publisher":{"@id":"https:\/\/progettotouring.it\/radiotouring104\/#organization"},"potentialAction":[{"@type":"SearchAction","target":{"@type":"EntryPoint","urlTemplate":"https:\/\/progettotouring.it\/radiotouring104\/?s={search_term_string}"},"query-input":{"@type":"PropertyValueSpecification","valueRequired":true,"valueName":"search_term_string"}}],"inLanguage":"it-IT"},{"@type":"Organization","@id":"https:\/\/progettotouring.it\/radiotouring104\/#organization","name":"Radio Touring 104","url":"https:\/\/progettotouring.it\/radiotouring104\/","logo":{"@type":"ImageObject","inLanguage":"it-IT","@id":"https:\/\/progettotouring.it\/radiotouring104\/#\/schema\/logo\/image\/","url":"https:\/\/progettotouring.it\/radiotouring104\/wp-content\/uploads\/sites\/6\/2022\/02\/cropped-logo-radio-touring-104.png","contentUrl":"https:\/\/progettotouring.it\/radiotouring104\/wp-content\/uploads\/sites\/6\/2022\/02\/cropped-logo-radio-touring-104.png","width":377,"height":182,"caption":"Radio Touring 104"},"image":{"@id":"https:\/\/progettotouring.it\/radiotouring104\/#\/schema\/logo\/image\/"}},{"@type":"Person","@id":"https:\/\/progettotouring.it\/radiotouring104\/#\/schema\/person\/4a82259ca52ac8702ad1a8f9e5a3120b","name":"Filippo Francesco Idone","image":{"@type":"ImageObject","inLanguage":"it-IT","@id":"https:\/\/secure.gravatar.com\/avatar\/7268715d2366395c3dd314385670e6484117d44f5c442e61e230f7008b7b62d3?s=96&d=mm&r=g","url":"https:\/\/secure.gravatar.com\/avatar\/7268715d2366395c3dd314385670e6484117d44f5c442e61e230f7008b7b62d3?s=96&d=mm&r=g","contentUrl":"https:\/\/secure.gravatar.com\/avatar\/7268715d2366395c3dd314385670e6484117d44f5c442e61e230f7008b7b62d3?s=96&d=mm&r=g","caption":"Filippo Francesco Idone"},"url":"https:\/\/progettotouring.it\/radiotouring104\/author\/filippoidone\/"}]}},"jetpack_publicize_connections":[],"jetpack_featured_media_url":"https:\/\/progettotouring.it\/radiotouring104\/wp-content\/uploads\/sites\/6\/2023\/05\/unirc.jpg","jetpack_sharing_enabled":true,"_links":{"self":[{"href":"https:\/\/progettotouring.it\/radiotouring104\/wp-json\/wp\/v2\/posts\/26397","targetHints":{"allow":["GET"]}}],"collection":[{"href":"https:\/\/progettotouring.it\/radiotouring104\/wp-json\/wp\/v2\/posts"}],"about":[{"href":"https:\/\/progettotouring.it\/radiotouring104\/wp-json\/wp\/v2\/types\/post"}],"author":[{"embeddable":true,"href":"https:\/\/progettotouring.it\/radiotouring104\/wp-json\/wp\/v2\/users\/8"}],"replies":[{"embeddable":true,"href":"https:\/\/progettotouring.it\/radiotouring104\/wp-json\/wp\/v2\/comments?post=26397"}],"version-history":[{"count":1,"href":"https:\/\/progettotouring.it\/radiotouring104\/wp-json\/wp\/v2\/posts\/26397\/revisions"}],"predecessor-version":[{"id":26399,"href":"https:\/\/progettotouring.it\/radiotouring104\/wp-json\/wp\/v2\/posts\/26397\/revisions\/26399"}],"wp:featuredmedia":[{"embeddable":true,"href":"https:\/\/progettotouring.it\/radiotouring104\/wp-json\/wp\/v2\/media\/26398"}],"wp:attachment":[{"href":"https:\/\/progettotouring.it\/radiotouring104\/wp-json\/wp\/v2\/media?parent=26397"}],"wp:term":[{"taxonomy":"category","embeddable":true,"href":"https:\/\/progettotouring.it\/radiotouring104\/wp-json\/wp\/v2\/categories?post=26397"},{"taxonomy":"post_tag","embeddable":true,"href":"https:\/\/progettotouring.it\/radiotouring104\/wp-json\/wp\/v2\/tags?post=26397"}],"curies":[{"name":"wp","href":"https:\/\/api.w.org\/{rel}","templated":true}]}}