{"id":26406,"date":"2023-05-22T15:58:20","date_gmt":"2023-05-22T13:58:20","guid":{"rendered":"https:\/\/progettotouring.it\/radiotouring104\/?p=26406"},"modified":"2023-05-22T17:17:57","modified_gmt":"2023-05-22T15:17:57","slug":"reggio-calabria-consegnati-i-lavori-di-riqualificazione-dellistituto-tecnico-ferraris","status":"publish","type":"post","link":"https:\/\/progettotouring.it\/radiotouring104\/2023\/05\/22\/reggio-calabria-consegnati-i-lavori-di-riqualificazione-dellistituto-tecnico-ferraris\/","title":{"rendered":"Reggio Calabria: consegnati i lavori di riqualificazione dell&#8217;Istituto Tecnico &#8220;Ferraris&#8221;"},"content":{"rendered":"<p style=\"text-align: justify\">Sono stati consegnati i lavori di riqualificazione del secondo piano dell&#8217;Istituto tecnico &#8220;Ferraris&#8221;, primo intervento della <strong>Citt\u00e0 Metropolitana<\/strong> finanziato con le risorse del <strong>Pnrr<\/strong>. Il sindaco facente funzioni, <strong>Carmelo<\/strong> <strong>Versace<\/strong>, insieme al dirigente di settore, Giuseppe Mezzatesta, ai tecnici dell&#8217;Ente, al progettista e direttore dei lavori, ingegnere <strong>Giuseppe<\/strong> <strong>Scaramozzino<\/strong> ed ai responsabili della ditta aggiudicataria, ha svolto un sopralluogo nell&#8217;ala dell&#8217;edificio fino al momento interdetta al pubblico ed alla comunit\u00e0 scolastica. <em>&#8220;Prende formalmente avvio il cantiere di questo prestigioso istituto <\/em>\u2013 ha detto Versace \u2013 <em>che rappresenta la prima grande opera che vede la Citt\u00e0 Metropolitana impegnarsi sui bandi del <strong>Pnrr<\/strong> per quasi 2,1 milioni di euro, somme che verranno investite in questo importante presidio di cultura e legalit\u00e0&#8221;.<\/em><\/p>\n<p><em>&#8220;Entro fine gennaio <\/em>&#8211; ha spiegato il sindaco facente funzioni &#8211;<em> saremo in grado di restituire alla citt\u00e0 uno spazio pi\u00f9 moderno, pi\u00f9 sicuro e pi\u00f9 sostenibile. La struttura, infatti, verr\u00e0 adeguata agli standard di legge e potr\u00e0 contare su tecnologie che, al giorno d\u2019oggi, non possono mancare. L&#8217;installazione di un impianto fotovoltaico e la dotazione di strumenti domotici offriranno la possibilit\u00e0 di un\u2019auto alimentazione energetica. Le attenzioni della <strong>Citt\u00e0<\/strong> <strong>Metropolitana<\/strong>, su un settore nevralgico come quello dell\u2019Edilizia scolastica, inizia a diventare pi\u00f9 pragmatica perch\u00e9 vediamo atterrare le prime risorse del Piano nazionale di ripresa e resilienza. Un ringraziamento, dunque, non pu\u00f2 che andare al dirigente, Giuseppe Mezzatesta, ed all\u2019intero staff di settore. L\u2019intervento al \u201cFerraris\u201d, quindi, inaugura tutta una serie di altre importanti misure proiettate al miglioramento dell\u2019intero territorio metropolitano&#8221;.<\/em><\/p>\n<p>Nel dettaglio, il progettista e direttore dei lavori, l\u2019ingegner <strong>Giuseppe<\/strong> <strong>Scaramozzino<\/strong>, ha spiegato che <em>&#8220;i lavori serviranno ad adeguare le aule attraverso una riqualificazione sostanziale del comparto impiantistico&#8221;.<\/em> In particolare, <em>&#8220;verr\u00e0 rilanciata la gestione energetica grazie al fotovoltaico, cos\u00ec come la gestione delle aule che sar\u00e0 armonizzata in forma domotizzata&#8221;.<\/em> Nello specifico i lavori riguarderanno il rifacimento, previa demolizione dell\u2019esistente, di tutto il manto di copertura con l\u2019impermeabilizzazione del terrazzo dell\u2019ultimo piano, il rifacimento degli intonaci del secondo piano, il rinforzo strutturale dei solai fortemente compromessi dalle infiltrazioni piovane dal tetto di copertura e trattamento dei ferri d\u2019armatura, il rifacimento dei servizi igienici con sostituzione di tutte le rubinetterie e dei sanitari, la realizzazione di una controsoffittatura antincendio estesa a tutto il piano, la tinteggiatura del piano secondo, la predisposizione impianto antincendio piano secondo, il rifacimento impianto elettrico e di gestione domotizzata delle aule del secondo piano, la distribuzione degli impianti principale di energia piano terra e primo piano, la sostituzione degli infissi al piano terra, primo e secondo piano e la realizzazione dell&#8217;impianto fotovoltaico.<\/p>\n<div><\/div>\n","protected":false},"excerpt":{"rendered":"<p>Sono stati consegnati i lavori di riqualificazione del secondo piano dell&#8217;Istituto tecnico &#8220;Ferraris&#8221;, primo intervento della Citt\u00e0 Metropolitana finanziato con le risorse del Pnrr. Il sindaco facente funzioni, Carmelo Versace,&hellip;<\/p>\n","protected":false},"author":8,"featured_media":26407,"comment_status":"closed","ping_status":"open","sticky":false,"template":"","format":"standard","meta":{"_jetpack_memberships_contains_paid_content":false,"footnotes":"","jetpack_publicize_message":"","jetpack_publicize_feature_enabled":true,"jetpack_social_post_already_shared":false,"jetpack_social_options":{"image_generator_settings":{"template":"highway","default_image_id":0,"font":"","enabled":false},"version":2}},"categories":[921,196,140],"tags":[743,15676,1034,236,15677],"class_list":["post-26406","post","type-post","status-publish","format-standard","has-post-thumbnail","hentry","category-home","category-news","category-reggio-calabria","tag-citta-metropolitana","tag-istituto-tecnico-ferraris","tag-pnrr","tag-reggio-calabria","tag-versacae"],"yoast_head":"<!-- This site is optimized with the Yoast SEO plugin v27.2 - https:\/\/yoast.com\/product\/yoast-seo-wordpress\/ -->\n<title>Reggio Calabria: consegnati i lavori di riqualificazione dell&#039;Istituto Tecnico &quot;Ferraris&quot; - Radio Touring 104<\/title>\n<meta name=\"description\" content=\"Al via il primo intervento finanziato con il Pnrr: consegnati i lavori di riqualificazione dell&#039;Istituto Tecnico &quot;Ferraris&quot;\" \/>\n<meta name=\"robots\" content=\"index, follow, max-snippet:-1, max-image-preview:large, max-video-preview:-1\" \/>\n<link rel=\"canonical\" href=\"https:\/\/progettotouring.it\/radiotouring104\/2023\/05\/22\/reggio-calabria-consegnati-i-lavori-di-riqualificazione-dellistituto-tecnico-ferraris\/\" \/>\n<meta property=\"og:locale\" content=\"it_IT\" \/>\n<meta property=\"og:type\" content=\"article\" \/>\n<meta property=\"og:title\" content=\"Reggio Calabria: consegnati i lavori di riqualificazione dell&#039;Istituto Tecnico &quot;Ferraris&quot; - Radio Touring 104\" \/>\n<meta property=\"og:description\" content=\"Al via il primo intervento finanziato con il Pnrr: consegnati i lavori di riqualificazione dell&#039;Istituto Tecnico &quot;Ferraris&quot;\" \/>\n<meta property=\"og:url\" content=\"https:\/\/progettotouring.it\/radiotouring104\/2023\/05\/22\/reggio-calabria-consegnati-i-lavori-di-riqualificazione-dellistituto-tecnico-ferraris\/\" \/>\n<meta property=\"og:site_name\" content=\"Radio Touring 104\" \/>\n<meta property=\"article:published_time\" content=\"2023-05-22T13:58:20+00:00\" \/>\n<meta property=\"article:modified_time\" content=\"2023-05-22T15:17:57+00:00\" \/>\n<meta property=\"og:image\" content=\"https:\/\/progettotouring.it\/radiotouring104\/wp-content\/uploads\/sites\/6\/2023\/05\/Istituto-Tecnico-Ferraris-versace.jpeg\" \/>\n\t<meta property=\"og:image:width\" content=\"1600\" \/>\n\t<meta property=\"og:image:height\" content=\"1200\" \/>\n\t<meta property=\"og:image:type\" content=\"image\/jpeg\" \/>\n<meta name=\"author\" content=\"Filippo Francesco Idone\" \/>\n<meta name=\"twitter:card\" content=\"summary_large_image\" \/>\n<meta name=\"twitter:label1\" content=\"Scritto da\" \/>\n\t<meta name=\"twitter:data1\" content=\"Filippo Francesco Idone\" \/>\n\t<meta name=\"twitter:label2\" content=\"Tempo di lettura stimato\" \/>\n\t<meta name=\"twitter:data2\" content=\"2 minuti\" \/>\n<script type=\"application\/ld+json\" class=\"yoast-schema-graph\">{\"@context\":\"https:\/\/schema.org\",\"@graph\":[{\"@type\":\"Article\",\"@id\":\"https:\/\/progettotouring.it\/radiotouring104\/2023\/05\/22\/reggio-calabria-consegnati-i-lavori-di-riqualificazione-dellistituto-tecnico-ferraris\/#article\",\"isPartOf\":{\"@id\":\"https:\/\/progettotouring.it\/radiotouring104\/2023\/05\/22\/reggio-calabria-consegnati-i-lavori-di-riqualificazione-dellistituto-tecnico-ferraris\/\"},\"author\":{\"name\":\"Filippo Francesco Idone\",\"@id\":\"https:\/\/progettotouring.it\/radiotouring104\/#\/schema\/person\/4a82259ca52ac8702ad1a8f9e5a3120b\"},\"headline\":\"Reggio Calabria: consegnati i lavori di riqualificazione dell&#8217;Istituto Tecnico &#8220;Ferraris&#8221;\",\"datePublished\":\"2023-05-22T13:58:20+00:00\",\"dateModified\":\"2023-05-22T15:17:57+00:00\",\"mainEntityOfPage\":{\"@id\":\"https:\/\/progettotouring.it\/radiotouring104\/2023\/05\/22\/reggio-calabria-consegnati-i-lavori-di-riqualificazione-dellistituto-tecnico-ferraris\/\"},\"wordCount\":443,\"publisher\":{\"@id\":\"https:\/\/progettotouring.it\/radiotouring104\/#organization\"},\"image\":{\"@id\":\"https:\/\/progettotouring.it\/radiotouring104\/2023\/05\/22\/reggio-calabria-consegnati-i-lavori-di-riqualificazione-dellistituto-tecnico-ferraris\/#primaryimage\"},\"thumbnailUrl\":\"https:\/\/progettotouring.it\/radiotouring104\/wp-content\/uploads\/sites\/6\/2023\/05\/Istituto-Tecnico-Ferraris-versace.jpeg\",\"keywords\":[\"Citt\u00e0 metropolitana\",\"Istituto Tecnico \\\"Ferraris\\\"\",\"pnrr\",\"reggio calabria\",\"versacae\"],\"articleSection\":[\"Home\",\"News\",\"Reggio Calabria\"],\"inLanguage\":\"it-IT\"},{\"@type\":\"WebPage\",\"@id\":\"https:\/\/progettotouring.it\/radiotouring104\/2023\/05\/22\/reggio-calabria-consegnati-i-lavori-di-riqualificazione-dellistituto-tecnico-ferraris\/\",\"url\":\"https:\/\/progettotouring.it\/radiotouring104\/2023\/05\/22\/reggio-calabria-consegnati-i-lavori-di-riqualificazione-dellistituto-tecnico-ferraris\/\",\"name\":\"Reggio Calabria: consegnati i lavori di riqualificazione dell'Istituto Tecnico \\\"Ferraris\\\" - Radio Touring 104\",\"isPartOf\":{\"@id\":\"https:\/\/progettotouring.it\/radiotouring104\/#website\"},\"primaryImageOfPage\":{\"@id\":\"https:\/\/progettotouring.it\/radiotouring104\/2023\/05\/22\/reggio-calabria-consegnati-i-lavori-di-riqualificazione-dellistituto-tecnico-ferraris\/#primaryimage\"},\"image\":{\"@id\":\"https:\/\/progettotouring.it\/radiotouring104\/2023\/05\/22\/reggio-calabria-consegnati-i-lavori-di-riqualificazione-dellistituto-tecnico-ferraris\/#primaryimage\"},\"thumbnailUrl\":\"https:\/\/progettotouring.it\/radiotouring104\/wp-content\/uploads\/sites\/6\/2023\/05\/Istituto-Tecnico-Ferraris-versace.jpeg\",\"datePublished\":\"2023-05-22T13:58:20+00:00\",\"dateModified\":\"2023-05-22T15:17:57+00:00\",\"description\":\"Al via il primo intervento finanziato con il Pnrr: consegnati i lavori di riqualificazione dell'Istituto Tecnico \\\"Ferraris\\\"\",\"breadcrumb\":{\"@id\":\"https:\/\/progettotouring.it\/radiotouring104\/2023\/05\/22\/reggio-calabria-consegnati-i-lavori-di-riqualificazione-dellistituto-tecnico-ferraris\/#breadcrumb\"},\"inLanguage\":\"it-IT\",\"potentialAction\":[{\"@type\":\"ReadAction\",\"target\":[\"https:\/\/progettotouring.it\/radiotouring104\/2023\/05\/22\/reggio-calabria-consegnati-i-lavori-di-riqualificazione-dellistituto-tecnico-ferraris\/\"]}]},{\"@type\":\"ImageObject\",\"inLanguage\":\"it-IT\",\"@id\":\"https:\/\/progettotouring.it\/radiotouring104\/2023\/05\/22\/reggio-calabria-consegnati-i-lavori-di-riqualificazione-dellistituto-tecnico-ferraris\/#primaryimage\",\"url\":\"https:\/\/progettotouring.it\/radiotouring104\/wp-content\/uploads\/sites\/6\/2023\/05\/Istituto-Tecnico-Ferraris-versace.jpeg\",\"contentUrl\":\"https:\/\/progettotouring.it\/radiotouring104\/wp-content\/uploads\/sites\/6\/2023\/05\/Istituto-Tecnico-Ferraris-versace.jpeg\",\"width\":1600,\"height\":1200},{\"@type\":\"BreadcrumbList\",\"@id\":\"https:\/\/progettotouring.it\/radiotouring104\/2023\/05\/22\/reggio-calabria-consegnati-i-lavori-di-riqualificazione-dellistituto-tecnico-ferraris\/#breadcrumb\",\"itemListElement\":[{\"@type\":\"ListItem\",\"position\":1,\"name\":\"Home\",\"item\":\"https:\/\/progettotouring.it\/radiotouring104\/\"},{\"@type\":\"ListItem\",\"position\":2,\"name\":\"Reggio Calabria: consegnati i lavori di riqualificazione dell&#8217;Istituto Tecnico &#8220;Ferraris&#8221;\"}]},{\"@type\":\"WebSite\",\"@id\":\"https:\/\/progettotouring.it\/radiotouring104\/#website\",\"url\":\"https:\/\/progettotouring.it\/radiotouring104\/\",\"name\":\"Radio Touring 104\",\"description\":\"La prima radio Reggina\",\"publisher\":{\"@id\":\"https:\/\/progettotouring.it\/radiotouring104\/#organization\"},\"potentialAction\":[{\"@type\":\"SearchAction\",\"target\":{\"@type\":\"EntryPoint\",\"urlTemplate\":\"https:\/\/progettotouring.it\/radiotouring104\/?s={search_term_string}\"},\"query-input\":{\"@type\":\"PropertyValueSpecification\",\"valueRequired\":true,\"valueName\":\"search_term_string\"}}],\"inLanguage\":\"it-IT\"},{\"@type\":\"Organization\",\"@id\":\"https:\/\/progettotouring.it\/radiotouring104\/#organization\",\"name\":\"Radio Touring 104\",\"url\":\"https:\/\/progettotouring.it\/radiotouring104\/\",\"logo\":{\"@type\":\"ImageObject\",\"inLanguage\":\"it-IT\",\"@id\":\"https:\/\/progettotouring.it\/radiotouring104\/#\/schema\/logo\/image\/\",\"url\":\"https:\/\/progettotouring.it\/radiotouring104\/wp-content\/uploads\/sites\/6\/2022\/02\/cropped-logo-radio-touring-104.png\",\"contentUrl\":\"https:\/\/progettotouring.it\/radiotouring104\/wp-content\/uploads\/sites\/6\/2022\/02\/cropped-logo-radio-touring-104.png\",\"width\":377,\"height\":182,\"caption\":\"Radio Touring 104\"},\"image\":{\"@id\":\"https:\/\/progettotouring.it\/radiotouring104\/#\/schema\/logo\/image\/\"}},{\"@type\":\"Person\",\"@id\":\"https:\/\/progettotouring.it\/radiotouring104\/#\/schema\/person\/4a82259ca52ac8702ad1a8f9e5a3120b\",\"name\":\"Filippo Francesco Idone\",\"image\":{\"@type\":\"ImageObject\",\"inLanguage\":\"it-IT\",\"@id\":\"https:\/\/secure.gravatar.com\/avatar\/7268715d2366395c3dd314385670e6484117d44f5c442e61e230f7008b7b62d3?s=96&d=mm&r=g\",\"url\":\"https:\/\/secure.gravatar.com\/avatar\/7268715d2366395c3dd314385670e6484117d44f5c442e61e230f7008b7b62d3?s=96&d=mm&r=g\",\"contentUrl\":\"https:\/\/secure.gravatar.com\/avatar\/7268715d2366395c3dd314385670e6484117d44f5c442e61e230f7008b7b62d3?s=96&d=mm&r=g\",\"caption\":\"Filippo Francesco Idone\"},\"url\":\"https:\/\/progettotouring.it\/radiotouring104\/author\/filippoidone\/\"}]}<\/script>\n<!-- \/ Yoast SEO plugin. -->","yoast_head_json":{"title":"Reggio Calabria: consegnati i lavori di riqualificazione dell'Istituto Tecnico \"Ferraris\" - Radio Touring 104","description":"Al via il primo intervento finanziato con il Pnrr: consegnati i lavori di riqualificazione dell'Istituto Tecnico \"Ferraris\"","robots":{"index":"index","follow":"follow","max-snippet":"max-snippet:-1","max-image-preview":"max-image-preview:large","max-video-preview":"max-video-preview:-1"},"canonical":"https:\/\/progettotouring.it\/radiotouring104\/2023\/05\/22\/reggio-calabria-consegnati-i-lavori-di-riqualificazione-dellistituto-tecnico-ferraris\/","og_locale":"it_IT","og_type":"article","og_title":"Reggio Calabria: consegnati i lavori di riqualificazione dell'Istituto Tecnico \"Ferraris\" - Radio Touring 104","og_description":"Al via il primo intervento finanziato con il Pnrr: consegnati i lavori di riqualificazione dell'Istituto Tecnico \"Ferraris\"","og_url":"https:\/\/progettotouring.it\/radiotouring104\/2023\/05\/22\/reggio-calabria-consegnati-i-lavori-di-riqualificazione-dellistituto-tecnico-ferraris\/","og_site_name":"Radio Touring 104","article_published_time":"2023-05-22T13:58:20+00:00","article_modified_time":"2023-05-22T15:17:57+00:00","og_image":[{"width":1600,"height":1200,"url":"https:\/\/progettotouring.it\/radiotouring104\/wp-content\/uploads\/sites\/6\/2023\/05\/Istituto-Tecnico-Ferraris-versace.jpeg","type":"image\/jpeg"}],"author":"Filippo Francesco Idone","twitter_card":"summary_large_image","twitter_misc":{"Scritto da":"Filippo Francesco Idone","Tempo di lettura stimato":"2 minuti"},"schema":{"@context":"https:\/\/schema.org","@graph":[{"@type":"Article","@id":"https:\/\/progettotouring.it\/radiotouring104\/2023\/05\/22\/reggio-calabria-consegnati-i-lavori-di-riqualificazione-dellistituto-tecnico-ferraris\/#article","isPartOf":{"@id":"https:\/\/progettotouring.it\/radiotouring104\/2023\/05\/22\/reggio-calabria-consegnati-i-lavori-di-riqualificazione-dellistituto-tecnico-ferraris\/"},"author":{"name":"Filippo Francesco Idone","@id":"https:\/\/progettotouring.it\/radiotouring104\/#\/schema\/person\/4a82259ca52ac8702ad1a8f9e5a3120b"},"headline":"Reggio Calabria: consegnati i lavori di riqualificazione dell&#8217;Istituto Tecnico &#8220;Ferraris&#8221;","datePublished":"2023-05-22T13:58:20+00:00","dateModified":"2023-05-22T15:17:57+00:00","mainEntityOfPage":{"@id":"https:\/\/progettotouring.it\/radiotouring104\/2023\/05\/22\/reggio-calabria-consegnati-i-lavori-di-riqualificazione-dellistituto-tecnico-ferraris\/"},"wordCount":443,"publisher":{"@id":"https:\/\/progettotouring.it\/radiotouring104\/#organization"},"image":{"@id":"https:\/\/progettotouring.it\/radiotouring104\/2023\/05\/22\/reggio-calabria-consegnati-i-lavori-di-riqualificazione-dellistituto-tecnico-ferraris\/#primaryimage"},"thumbnailUrl":"https:\/\/progettotouring.it\/radiotouring104\/wp-content\/uploads\/sites\/6\/2023\/05\/Istituto-Tecnico-Ferraris-versace.jpeg","keywords":["Citt\u00e0 metropolitana","Istituto Tecnico \"Ferraris\"","pnrr","reggio calabria","versacae"],"articleSection":["Home","News","Reggio Calabria"],"inLanguage":"it-IT"},{"@type":"WebPage","@id":"https:\/\/progettotouring.it\/radiotouring104\/2023\/05\/22\/reggio-calabria-consegnati-i-lavori-di-riqualificazione-dellistituto-tecnico-ferraris\/","url":"https:\/\/progettotouring.it\/radiotouring104\/2023\/05\/22\/reggio-calabria-consegnati-i-lavori-di-riqualificazione-dellistituto-tecnico-ferraris\/","name":"Reggio Calabria: consegnati i lavori di riqualificazione dell'Istituto Tecnico \"Ferraris\" - Radio Touring 104","isPartOf":{"@id":"https:\/\/progettotouring.it\/radiotouring104\/#website"},"primaryImageOfPage":{"@id":"https:\/\/progettotouring.it\/radiotouring104\/2023\/05\/22\/reggio-calabria-consegnati-i-lavori-di-riqualificazione-dellistituto-tecnico-ferraris\/#primaryimage"},"image":{"@id":"https:\/\/progettotouring.it\/radiotouring104\/2023\/05\/22\/reggio-calabria-consegnati-i-lavori-di-riqualificazione-dellistituto-tecnico-ferraris\/#primaryimage"},"thumbnailUrl":"https:\/\/progettotouring.it\/radiotouring104\/wp-content\/uploads\/sites\/6\/2023\/05\/Istituto-Tecnico-Ferraris-versace.jpeg","datePublished":"2023-05-22T13:58:20+00:00","dateModified":"2023-05-22T15:17:57+00:00","description":"Al via il primo intervento finanziato con il Pnrr: consegnati i lavori di riqualificazione dell'Istituto Tecnico \"Ferraris\"","breadcrumb":{"@id":"https:\/\/progettotouring.it\/radiotouring104\/2023\/05\/22\/reggio-calabria-consegnati-i-lavori-di-riqualificazione-dellistituto-tecnico-ferraris\/#breadcrumb"},"inLanguage":"it-IT","potentialAction":[{"@type":"ReadAction","target":["https:\/\/progettotouring.it\/radiotouring104\/2023\/05\/22\/reggio-calabria-consegnati-i-lavori-di-riqualificazione-dellistituto-tecnico-ferraris\/"]}]},{"@type":"ImageObject","inLanguage":"it-IT","@id":"https:\/\/progettotouring.it\/radiotouring104\/2023\/05\/22\/reggio-calabria-consegnati-i-lavori-di-riqualificazione-dellistituto-tecnico-ferraris\/#primaryimage","url":"https:\/\/progettotouring.it\/radiotouring104\/wp-content\/uploads\/sites\/6\/2023\/05\/Istituto-Tecnico-Ferraris-versace.jpeg","contentUrl":"https:\/\/progettotouring.it\/radiotouring104\/wp-content\/uploads\/sites\/6\/2023\/05\/Istituto-Tecnico-Ferraris-versace.jpeg","width":1600,"height":1200},{"@type":"BreadcrumbList","@id":"https:\/\/progettotouring.it\/radiotouring104\/2023\/05\/22\/reggio-calabria-consegnati-i-lavori-di-riqualificazione-dellistituto-tecnico-ferraris\/#breadcrumb","itemListElement":[{"@type":"ListItem","position":1,"name":"Home","item":"https:\/\/progettotouring.it\/radiotouring104\/"},{"@type":"ListItem","position":2,"name":"Reggio Calabria: consegnati i lavori di riqualificazione dell&#8217;Istituto Tecnico &#8220;Ferraris&#8221;"}]},{"@type":"WebSite","@id":"https:\/\/progettotouring.it\/radiotouring104\/#website","url":"https:\/\/progettotouring.it\/radiotouring104\/","name":"Radio Touring 104","description":"La prima radio Reggina","publisher":{"@id":"https:\/\/progettotouring.it\/radiotouring104\/#organization"},"potentialAction":[{"@type":"SearchAction","target":{"@type":"EntryPoint","urlTemplate":"https:\/\/progettotouring.it\/radiotouring104\/?s={search_term_string}"},"query-input":{"@type":"PropertyValueSpecification","valueRequired":true,"valueName":"search_term_string"}}],"inLanguage":"it-IT"},{"@type":"Organization","@id":"https:\/\/progettotouring.it\/radiotouring104\/#organization","name":"Radio Touring 104","url":"https:\/\/progettotouring.it\/radiotouring104\/","logo":{"@type":"ImageObject","inLanguage":"it-IT","@id":"https:\/\/progettotouring.it\/radiotouring104\/#\/schema\/logo\/image\/","url":"https:\/\/progettotouring.it\/radiotouring104\/wp-content\/uploads\/sites\/6\/2022\/02\/cropped-logo-radio-touring-104.png","contentUrl":"https:\/\/progettotouring.it\/radiotouring104\/wp-content\/uploads\/sites\/6\/2022\/02\/cropped-logo-radio-touring-104.png","width":377,"height":182,"caption":"Radio Touring 104"},"image":{"@id":"https:\/\/progettotouring.it\/radiotouring104\/#\/schema\/logo\/image\/"}},{"@type":"Person","@id":"https:\/\/progettotouring.it\/radiotouring104\/#\/schema\/person\/4a82259ca52ac8702ad1a8f9e5a3120b","name":"Filippo Francesco Idone","image":{"@type":"ImageObject","inLanguage":"it-IT","@id":"https:\/\/secure.gravatar.com\/avatar\/7268715d2366395c3dd314385670e6484117d44f5c442e61e230f7008b7b62d3?s=96&d=mm&r=g","url":"https:\/\/secure.gravatar.com\/avatar\/7268715d2366395c3dd314385670e6484117d44f5c442e61e230f7008b7b62d3?s=96&d=mm&r=g","contentUrl":"https:\/\/secure.gravatar.com\/avatar\/7268715d2366395c3dd314385670e6484117d44f5c442e61e230f7008b7b62d3?s=96&d=mm&r=g","caption":"Filippo Francesco Idone"},"url":"https:\/\/progettotouring.it\/radiotouring104\/author\/filippoidone\/"}]}},"jetpack_publicize_connections":[],"jetpack_featured_media_url":"https:\/\/progettotouring.it\/radiotouring104\/wp-content\/uploads\/sites\/6\/2023\/05\/Istituto-Tecnico-Ferraris-versace.jpeg","jetpack_sharing_enabled":true,"_links":{"self":[{"href":"https:\/\/progettotouring.it\/radiotouring104\/wp-json\/wp\/v2\/posts\/26406","targetHints":{"allow":["GET"]}}],"collection":[{"href":"https:\/\/progettotouring.it\/radiotouring104\/wp-json\/wp\/v2\/posts"}],"about":[{"href":"https:\/\/progettotouring.it\/radiotouring104\/wp-json\/wp\/v2\/types\/post"}],"author":[{"embeddable":true,"href":"https:\/\/progettotouring.it\/radiotouring104\/wp-json\/wp\/v2\/users\/8"}],"replies":[{"embeddable":true,"href":"https:\/\/progettotouring.it\/radiotouring104\/wp-json\/wp\/v2\/comments?post=26406"}],"version-history":[{"count":1,"href":"https:\/\/progettotouring.it\/radiotouring104\/wp-json\/wp\/v2\/posts\/26406\/revisions"}],"predecessor-version":[{"id":26408,"href":"https:\/\/progettotouring.it\/radiotouring104\/wp-json\/wp\/v2\/posts\/26406\/revisions\/26408"}],"wp:featuredmedia":[{"embeddable":true,"href":"https:\/\/progettotouring.it\/radiotouring104\/wp-json\/wp\/v2\/media\/26407"}],"wp:attachment":[{"href":"https:\/\/progettotouring.it\/radiotouring104\/wp-json\/wp\/v2\/media?parent=26406"}],"wp:term":[{"taxonomy":"category","embeddable":true,"href":"https:\/\/progettotouring.it\/radiotouring104\/wp-json\/wp\/v2\/categories?post=26406"},{"taxonomy":"post_tag","embeddable":true,"href":"https:\/\/progettotouring.it\/radiotouring104\/wp-json\/wp\/v2\/tags?post=26406"}],"curies":[{"name":"wp","href":"https:\/\/api.w.org\/{rel}","templated":true}]}}