{"id":26409,"date":"2023-05-22T16:08:16","date_gmt":"2023-05-22T14:08:16","guid":{"rendered":"https:\/\/progettotouring.it\/radiotouring104\/?p=26409"},"modified":"2023-05-22T17:20:57","modified_gmt":"2023-05-22T15:20:57","slug":"reggio-calabria-rinviato-il-concerto-di-memoria-e-cultura","status":"publish","type":"post","link":"https:\/\/progettotouring.it\/radiotouring104\/2023\/05\/22\/reggio-calabria-rinviato-il-concerto-di-memoria-e-cultura\/","title":{"rendered":"Reggio Calabria: rinviato il concerto di Memoria \u00e8 Cultura"},"content":{"rendered":"<p style=\"text-align: justify\">L&#8217;Amministrazione comunale di <strong>Reggio<\/strong> <strong>Calabria<\/strong> comunica che, in segno di cordoglio per la scomparsa del cittadino reggino colpito da un albero in via San Giuseppe, il concerto inizialmente previsto in piazza Italia per la giornata di domani marted\u00ec 23 maggio, anniversario della strage di Capaci, \u00e8 rinviato a data da destinarsi. L&#8217;evento era stato realizzato nell&#8217;ambito della rassegna <strong>Memoria \u00e8 Cultura,<\/strong> le giornate della legalit\u00e0, promosse ed organizzate dal Comune di Reggio Calabria, in collaborazione con la Fondazione Antonino Scopelliti e con il Comando dei Vigili Urbani. Nello specifico lo spettacolo, realizzato in collaborazione con il <strong>Conservatorio \u201cFrancesco Cilea\u201d di Reggio Calabria<\/strong>, ad opera del \u201cGruppo ottoni e percussioni\u201d, diretto dal Maestro Antonio Manuli, prevedeva le musiche di H\u00e4ndel, Hazell, Dobb, Short, Rimskij-Korsakov, Piazzolla, Ortolano e Cilea. Alle 17:57, ora della strage, era prevista una interruzione per rispettare un minuto di silenzio in memoria delle vittime della strage. Il programma \u00e8 quindi rinviato. Sar\u00e0 cura dell&#8217;Amministrazione comunicare una nuova data.<\/p>\n","protected":false},"excerpt":{"rendered":"<p>L&#8217;Amministrazione comunale di Reggio Calabria comunica che, in segno di cordoglio per la scomparsa del cittadino reggino colpito da un albero in via San Giuseppe, il concerto inizialmente previsto in&hellip;<\/p>\n","protected":false},"author":8,"featured_media":26167,"comment_status":"closed","ping_status":"open","sticky":false,"template":"","format":"standard","meta":{"_jetpack_memberships_contains_paid_content":false,"footnotes":"","jetpack_publicize_message":"","jetpack_publicize_feature_enabled":true,"jetpack_social_post_already_shared":false,"jetpack_social_options":{"image_generator_settings":{"template":"highway","default_image_id":0,"font":"","enabled":false},"version":2}},"categories":[921,196,140],"tags":[1230,15556,236],"class_list":["post-26409","post","type-post","status-publish","format-standard","has-post-thumbnail","hentry","category-home","category-news","category-reggio-calabria","tag-francesco-cilea","tag-memoria-e-cultura","tag-reggio-calabria"],"yoast_head":"<!-- This site is optimized with the Yoast SEO plugin v27.2 - https:\/\/yoast.com\/product\/yoast-seo-wordpress\/ -->\n<title>Reggio Calabria: rinviato il concerto di Memoria \u00e8 Cultura - Radio Touring 104<\/title>\n<meta name=\"description\" content=\"Rinviato il concerto di Memoria \u00e8 Cultura previsto per domani a piazza Italia: ad annunciarlo \u00e8 stata l&#039;amministrazione di Reggio Calabria\" \/>\n<meta name=\"robots\" content=\"index, follow, max-snippet:-1, max-image-preview:large, max-video-preview:-1\" \/>\n<link rel=\"canonical\" href=\"https:\/\/progettotouring.it\/radiotouring104\/2023\/05\/22\/reggio-calabria-rinviato-il-concerto-di-memoria-e-cultura\/\" \/>\n<meta property=\"og:locale\" content=\"it_IT\" \/>\n<meta property=\"og:type\" content=\"article\" \/>\n<meta property=\"og:title\" content=\"Reggio Calabria: rinviato il concerto di Memoria \u00e8 Cultura - Radio Touring 104\" \/>\n<meta property=\"og:description\" content=\"Rinviato il concerto di Memoria \u00e8 Cultura previsto per domani a piazza Italia: ad annunciarlo \u00e8 stata l&#039;amministrazione di Reggio Calabria\" \/>\n<meta property=\"og:url\" content=\"https:\/\/progettotouring.it\/radiotouring104\/2023\/05\/22\/reggio-calabria-rinviato-il-concerto-di-memoria-e-cultura\/\" \/>\n<meta property=\"og:site_name\" content=\"Radio Touring 104\" \/>\n<meta property=\"article:published_time\" content=\"2023-05-22T14:08:16+00:00\" \/>\n<meta property=\"article:modified_time\" content=\"2023-05-22T15:20:57+00:00\" \/>\n<meta property=\"og:image\" content=\"https:\/\/progettotouring.it\/radiotouring104\/wp-content\/uploads\/sites\/6\/2023\/05\/giornate-antimafia-Memoria-e-cultura.jpeg\" \/>\n\t<meta property=\"og:image:width\" content=\"1131\" \/>\n\t<meta property=\"og:image:height\" content=\"1600\" \/>\n\t<meta property=\"og:image:type\" content=\"image\/jpeg\" \/>\n<meta name=\"author\" content=\"Filippo Francesco Idone\" \/>\n<meta name=\"twitter:card\" content=\"summary_large_image\" \/>\n<meta name=\"twitter:label1\" content=\"Scritto da\" \/>\n\t<meta name=\"twitter:data1\" content=\"Filippo Francesco Idone\" \/>\n\t<meta name=\"twitter:label2\" content=\"Tempo di lettura stimato\" \/>\n\t<meta name=\"twitter:data2\" content=\"1 minuto\" \/>\n<script type=\"application\/ld+json\" class=\"yoast-schema-graph\">{\"@context\":\"https:\/\/schema.org\",\"@graph\":[{\"@type\":\"Article\",\"@id\":\"https:\/\/progettotouring.it\/radiotouring104\/2023\/05\/22\/reggio-calabria-rinviato-il-concerto-di-memoria-e-cultura\/#article\",\"isPartOf\":{\"@id\":\"https:\/\/progettotouring.it\/radiotouring104\/2023\/05\/22\/reggio-calabria-rinviato-il-concerto-di-memoria-e-cultura\/\"},\"author\":{\"name\":\"Filippo Francesco Idone\",\"@id\":\"https:\/\/progettotouring.it\/radiotouring104\/#\/schema\/person\/4a82259ca52ac8702ad1a8f9e5a3120b\"},\"headline\":\"Reggio Calabria: rinviato il concerto di Memoria \u00e8 Cultura\",\"datePublished\":\"2023-05-22T14:08:16+00:00\",\"dateModified\":\"2023-05-22T15:20:57+00:00\",\"mainEntityOfPage\":{\"@id\":\"https:\/\/progettotouring.it\/radiotouring104\/2023\/05\/22\/reggio-calabria-rinviato-il-concerto-di-memoria-e-cultura\/\"},\"wordCount\":164,\"publisher\":{\"@id\":\"https:\/\/progettotouring.it\/radiotouring104\/#organization\"},\"image\":{\"@id\":\"https:\/\/progettotouring.it\/radiotouring104\/2023\/05\/22\/reggio-calabria-rinviato-il-concerto-di-memoria-e-cultura\/#primaryimage\"},\"thumbnailUrl\":\"https:\/\/progettotouring.it\/radiotouring104\/wp-content\/uploads\/sites\/6\/2023\/05\/giornate-antimafia-Memoria-e-cultura.jpeg\",\"keywords\":[\"francesco cilea\",\"Memoria \u00e8 Cultura\",\"reggio calabria\"],\"articleSection\":[\"Home\",\"News\",\"Reggio Calabria\"],\"inLanguage\":\"it-IT\"},{\"@type\":\"WebPage\",\"@id\":\"https:\/\/progettotouring.it\/radiotouring104\/2023\/05\/22\/reggio-calabria-rinviato-il-concerto-di-memoria-e-cultura\/\",\"url\":\"https:\/\/progettotouring.it\/radiotouring104\/2023\/05\/22\/reggio-calabria-rinviato-il-concerto-di-memoria-e-cultura\/\",\"name\":\"Reggio Calabria: rinviato il concerto di Memoria \u00e8 Cultura - Radio Touring 104\",\"isPartOf\":{\"@id\":\"https:\/\/progettotouring.it\/radiotouring104\/#website\"},\"primaryImageOfPage\":{\"@id\":\"https:\/\/progettotouring.it\/radiotouring104\/2023\/05\/22\/reggio-calabria-rinviato-il-concerto-di-memoria-e-cultura\/#primaryimage\"},\"image\":{\"@id\":\"https:\/\/progettotouring.it\/radiotouring104\/2023\/05\/22\/reggio-calabria-rinviato-il-concerto-di-memoria-e-cultura\/#primaryimage\"},\"thumbnailUrl\":\"https:\/\/progettotouring.it\/radiotouring104\/wp-content\/uploads\/sites\/6\/2023\/05\/giornate-antimafia-Memoria-e-cultura.jpeg\",\"datePublished\":\"2023-05-22T14:08:16+00:00\",\"dateModified\":\"2023-05-22T15:20:57+00:00\",\"description\":\"Rinviato il concerto di Memoria \u00e8 Cultura previsto per domani a piazza Italia: ad annunciarlo \u00e8 stata l'amministrazione di Reggio Calabria\",\"breadcrumb\":{\"@id\":\"https:\/\/progettotouring.it\/radiotouring104\/2023\/05\/22\/reggio-calabria-rinviato-il-concerto-di-memoria-e-cultura\/#breadcrumb\"},\"inLanguage\":\"it-IT\",\"potentialAction\":[{\"@type\":\"ReadAction\",\"target\":[\"https:\/\/progettotouring.it\/radiotouring104\/2023\/05\/22\/reggio-calabria-rinviato-il-concerto-di-memoria-e-cultura\/\"]}]},{\"@type\":\"ImageObject\",\"inLanguage\":\"it-IT\",\"@id\":\"https:\/\/progettotouring.it\/radiotouring104\/2023\/05\/22\/reggio-calabria-rinviato-il-concerto-di-memoria-e-cultura\/#primaryimage\",\"url\":\"https:\/\/progettotouring.it\/radiotouring104\/wp-content\/uploads\/sites\/6\/2023\/05\/giornate-antimafia-Memoria-e-cultura.jpeg\",\"contentUrl\":\"https:\/\/progettotouring.it\/radiotouring104\/wp-content\/uploads\/sites\/6\/2023\/05\/giornate-antimafia-Memoria-e-cultura.jpeg\",\"width\":1131,\"height\":1600},{\"@type\":\"BreadcrumbList\",\"@id\":\"https:\/\/progettotouring.it\/radiotouring104\/2023\/05\/22\/reggio-calabria-rinviato-il-concerto-di-memoria-e-cultura\/#breadcrumb\",\"itemListElement\":[{\"@type\":\"ListItem\",\"position\":1,\"name\":\"Home\",\"item\":\"https:\/\/progettotouring.it\/radiotouring104\/\"},{\"@type\":\"ListItem\",\"position\":2,\"name\":\"Reggio Calabria: rinviato il concerto di Memoria \u00e8 Cultura\"}]},{\"@type\":\"WebSite\",\"@id\":\"https:\/\/progettotouring.it\/radiotouring104\/#website\",\"url\":\"https:\/\/progettotouring.it\/radiotouring104\/\",\"name\":\"Radio Touring 104\",\"description\":\"La prima radio Reggina\",\"publisher\":{\"@id\":\"https:\/\/progettotouring.it\/radiotouring104\/#organization\"},\"potentialAction\":[{\"@type\":\"SearchAction\",\"target\":{\"@type\":\"EntryPoint\",\"urlTemplate\":\"https:\/\/progettotouring.it\/radiotouring104\/?s={search_term_string}\"},\"query-input\":{\"@type\":\"PropertyValueSpecification\",\"valueRequired\":true,\"valueName\":\"search_term_string\"}}],\"inLanguage\":\"it-IT\"},{\"@type\":\"Organization\",\"@id\":\"https:\/\/progettotouring.it\/radiotouring104\/#organization\",\"name\":\"Radio Touring 104\",\"url\":\"https:\/\/progettotouring.it\/radiotouring104\/\",\"logo\":{\"@type\":\"ImageObject\",\"inLanguage\":\"it-IT\",\"@id\":\"https:\/\/progettotouring.it\/radiotouring104\/#\/schema\/logo\/image\/\",\"url\":\"https:\/\/progettotouring.it\/radiotouring104\/wp-content\/uploads\/sites\/6\/2022\/02\/cropped-logo-radio-touring-104.png\",\"contentUrl\":\"https:\/\/progettotouring.it\/radiotouring104\/wp-content\/uploads\/sites\/6\/2022\/02\/cropped-logo-radio-touring-104.png\",\"width\":377,\"height\":182,\"caption\":\"Radio Touring 104\"},\"image\":{\"@id\":\"https:\/\/progettotouring.it\/radiotouring104\/#\/schema\/logo\/image\/\"}},{\"@type\":\"Person\",\"@id\":\"https:\/\/progettotouring.it\/radiotouring104\/#\/schema\/person\/4a82259ca52ac8702ad1a8f9e5a3120b\",\"name\":\"Filippo Francesco Idone\",\"image\":{\"@type\":\"ImageObject\",\"inLanguage\":\"it-IT\",\"@id\":\"https:\/\/secure.gravatar.com\/avatar\/7268715d2366395c3dd314385670e6484117d44f5c442e61e230f7008b7b62d3?s=96&d=mm&r=g\",\"url\":\"https:\/\/secure.gravatar.com\/avatar\/7268715d2366395c3dd314385670e6484117d44f5c442e61e230f7008b7b62d3?s=96&d=mm&r=g\",\"contentUrl\":\"https:\/\/secure.gravatar.com\/avatar\/7268715d2366395c3dd314385670e6484117d44f5c442e61e230f7008b7b62d3?s=96&d=mm&r=g\",\"caption\":\"Filippo Francesco Idone\"},\"url\":\"https:\/\/progettotouring.it\/radiotouring104\/author\/filippoidone\/\"}]}<\/script>\n<!-- \/ Yoast SEO plugin. -->","yoast_head_json":{"title":"Reggio Calabria: rinviato il concerto di Memoria \u00e8 Cultura - Radio Touring 104","description":"Rinviato il concerto di Memoria \u00e8 Cultura previsto per domani a piazza Italia: ad annunciarlo \u00e8 stata l'amministrazione di Reggio Calabria","robots":{"index":"index","follow":"follow","max-snippet":"max-snippet:-1","max-image-preview":"max-image-preview:large","max-video-preview":"max-video-preview:-1"},"canonical":"https:\/\/progettotouring.it\/radiotouring104\/2023\/05\/22\/reggio-calabria-rinviato-il-concerto-di-memoria-e-cultura\/","og_locale":"it_IT","og_type":"article","og_title":"Reggio Calabria: rinviato il concerto di Memoria \u00e8 Cultura - Radio Touring 104","og_description":"Rinviato il concerto di Memoria \u00e8 Cultura previsto per domani a piazza Italia: ad annunciarlo \u00e8 stata l'amministrazione di Reggio Calabria","og_url":"https:\/\/progettotouring.it\/radiotouring104\/2023\/05\/22\/reggio-calabria-rinviato-il-concerto-di-memoria-e-cultura\/","og_site_name":"Radio Touring 104","article_published_time":"2023-05-22T14:08:16+00:00","article_modified_time":"2023-05-22T15:20:57+00:00","og_image":[{"width":1131,"height":1600,"url":"https:\/\/progettotouring.it\/radiotouring104\/wp-content\/uploads\/sites\/6\/2023\/05\/giornate-antimafia-Memoria-e-cultura.jpeg","type":"image\/jpeg"}],"author":"Filippo Francesco Idone","twitter_card":"summary_large_image","twitter_misc":{"Scritto da":"Filippo Francesco Idone","Tempo di lettura stimato":"1 minuto"},"schema":{"@context":"https:\/\/schema.org","@graph":[{"@type":"Article","@id":"https:\/\/progettotouring.it\/radiotouring104\/2023\/05\/22\/reggio-calabria-rinviato-il-concerto-di-memoria-e-cultura\/#article","isPartOf":{"@id":"https:\/\/progettotouring.it\/radiotouring104\/2023\/05\/22\/reggio-calabria-rinviato-il-concerto-di-memoria-e-cultura\/"},"author":{"name":"Filippo Francesco Idone","@id":"https:\/\/progettotouring.it\/radiotouring104\/#\/schema\/person\/4a82259ca52ac8702ad1a8f9e5a3120b"},"headline":"Reggio Calabria: rinviato il concerto di Memoria \u00e8 Cultura","datePublished":"2023-05-22T14:08:16+00:00","dateModified":"2023-05-22T15:20:57+00:00","mainEntityOfPage":{"@id":"https:\/\/progettotouring.it\/radiotouring104\/2023\/05\/22\/reggio-calabria-rinviato-il-concerto-di-memoria-e-cultura\/"},"wordCount":164,"publisher":{"@id":"https:\/\/progettotouring.it\/radiotouring104\/#organization"},"image":{"@id":"https:\/\/progettotouring.it\/radiotouring104\/2023\/05\/22\/reggio-calabria-rinviato-il-concerto-di-memoria-e-cultura\/#primaryimage"},"thumbnailUrl":"https:\/\/progettotouring.it\/radiotouring104\/wp-content\/uploads\/sites\/6\/2023\/05\/giornate-antimafia-Memoria-e-cultura.jpeg","keywords":["francesco cilea","Memoria \u00e8 Cultura","reggio calabria"],"articleSection":["Home","News","Reggio Calabria"],"inLanguage":"it-IT"},{"@type":"WebPage","@id":"https:\/\/progettotouring.it\/radiotouring104\/2023\/05\/22\/reggio-calabria-rinviato-il-concerto-di-memoria-e-cultura\/","url":"https:\/\/progettotouring.it\/radiotouring104\/2023\/05\/22\/reggio-calabria-rinviato-il-concerto-di-memoria-e-cultura\/","name":"Reggio Calabria: rinviato il concerto di Memoria \u00e8 Cultura - Radio Touring 104","isPartOf":{"@id":"https:\/\/progettotouring.it\/radiotouring104\/#website"},"primaryImageOfPage":{"@id":"https:\/\/progettotouring.it\/radiotouring104\/2023\/05\/22\/reggio-calabria-rinviato-il-concerto-di-memoria-e-cultura\/#primaryimage"},"image":{"@id":"https:\/\/progettotouring.it\/radiotouring104\/2023\/05\/22\/reggio-calabria-rinviato-il-concerto-di-memoria-e-cultura\/#primaryimage"},"thumbnailUrl":"https:\/\/progettotouring.it\/radiotouring104\/wp-content\/uploads\/sites\/6\/2023\/05\/giornate-antimafia-Memoria-e-cultura.jpeg","datePublished":"2023-05-22T14:08:16+00:00","dateModified":"2023-05-22T15:20:57+00:00","description":"Rinviato il concerto di Memoria \u00e8 Cultura previsto per domani a piazza Italia: ad annunciarlo \u00e8 stata l'amministrazione di Reggio Calabria","breadcrumb":{"@id":"https:\/\/progettotouring.it\/radiotouring104\/2023\/05\/22\/reggio-calabria-rinviato-il-concerto-di-memoria-e-cultura\/#breadcrumb"},"inLanguage":"it-IT","potentialAction":[{"@type":"ReadAction","target":["https:\/\/progettotouring.it\/radiotouring104\/2023\/05\/22\/reggio-calabria-rinviato-il-concerto-di-memoria-e-cultura\/"]}]},{"@type":"ImageObject","inLanguage":"it-IT","@id":"https:\/\/progettotouring.it\/radiotouring104\/2023\/05\/22\/reggio-calabria-rinviato-il-concerto-di-memoria-e-cultura\/#primaryimage","url":"https:\/\/progettotouring.it\/radiotouring104\/wp-content\/uploads\/sites\/6\/2023\/05\/giornate-antimafia-Memoria-e-cultura.jpeg","contentUrl":"https:\/\/progettotouring.it\/radiotouring104\/wp-content\/uploads\/sites\/6\/2023\/05\/giornate-antimafia-Memoria-e-cultura.jpeg","width":1131,"height":1600},{"@type":"BreadcrumbList","@id":"https:\/\/progettotouring.it\/radiotouring104\/2023\/05\/22\/reggio-calabria-rinviato-il-concerto-di-memoria-e-cultura\/#breadcrumb","itemListElement":[{"@type":"ListItem","position":1,"name":"Home","item":"https:\/\/progettotouring.it\/radiotouring104\/"},{"@type":"ListItem","position":2,"name":"Reggio Calabria: rinviato il concerto di Memoria \u00e8 Cultura"}]},{"@type":"WebSite","@id":"https:\/\/progettotouring.it\/radiotouring104\/#website","url":"https:\/\/progettotouring.it\/radiotouring104\/","name":"Radio Touring 104","description":"La prima radio Reggina","publisher":{"@id":"https:\/\/progettotouring.it\/radiotouring104\/#organization"},"potentialAction":[{"@type":"SearchAction","target":{"@type":"EntryPoint","urlTemplate":"https:\/\/progettotouring.it\/radiotouring104\/?s={search_term_string}"},"query-input":{"@type":"PropertyValueSpecification","valueRequired":true,"valueName":"search_term_string"}}],"inLanguage":"it-IT"},{"@type":"Organization","@id":"https:\/\/progettotouring.it\/radiotouring104\/#organization","name":"Radio Touring 104","url":"https:\/\/progettotouring.it\/radiotouring104\/","logo":{"@type":"ImageObject","inLanguage":"it-IT","@id":"https:\/\/progettotouring.it\/radiotouring104\/#\/schema\/logo\/image\/","url":"https:\/\/progettotouring.it\/radiotouring104\/wp-content\/uploads\/sites\/6\/2022\/02\/cropped-logo-radio-touring-104.png","contentUrl":"https:\/\/progettotouring.it\/radiotouring104\/wp-content\/uploads\/sites\/6\/2022\/02\/cropped-logo-radio-touring-104.png","width":377,"height":182,"caption":"Radio Touring 104"},"image":{"@id":"https:\/\/progettotouring.it\/radiotouring104\/#\/schema\/logo\/image\/"}},{"@type":"Person","@id":"https:\/\/progettotouring.it\/radiotouring104\/#\/schema\/person\/4a82259ca52ac8702ad1a8f9e5a3120b","name":"Filippo Francesco Idone","image":{"@type":"ImageObject","inLanguage":"it-IT","@id":"https:\/\/secure.gravatar.com\/avatar\/7268715d2366395c3dd314385670e6484117d44f5c442e61e230f7008b7b62d3?s=96&d=mm&r=g","url":"https:\/\/secure.gravatar.com\/avatar\/7268715d2366395c3dd314385670e6484117d44f5c442e61e230f7008b7b62d3?s=96&d=mm&r=g","contentUrl":"https:\/\/secure.gravatar.com\/avatar\/7268715d2366395c3dd314385670e6484117d44f5c442e61e230f7008b7b62d3?s=96&d=mm&r=g","caption":"Filippo Francesco Idone"},"url":"https:\/\/progettotouring.it\/radiotouring104\/author\/filippoidone\/"}]}},"jetpack_publicize_connections":[],"jetpack_featured_media_url":"https:\/\/progettotouring.it\/radiotouring104\/wp-content\/uploads\/sites\/6\/2023\/05\/giornate-antimafia-Memoria-e-cultura.jpeg","jetpack_sharing_enabled":true,"_links":{"self":[{"href":"https:\/\/progettotouring.it\/radiotouring104\/wp-json\/wp\/v2\/posts\/26409","targetHints":{"allow":["GET"]}}],"collection":[{"href":"https:\/\/progettotouring.it\/radiotouring104\/wp-json\/wp\/v2\/posts"}],"about":[{"href":"https:\/\/progettotouring.it\/radiotouring104\/wp-json\/wp\/v2\/types\/post"}],"author":[{"embeddable":true,"href":"https:\/\/progettotouring.it\/radiotouring104\/wp-json\/wp\/v2\/users\/8"}],"replies":[{"embeddable":true,"href":"https:\/\/progettotouring.it\/radiotouring104\/wp-json\/wp\/v2\/comments?post=26409"}],"version-history":[{"count":1,"href":"https:\/\/progettotouring.it\/radiotouring104\/wp-json\/wp\/v2\/posts\/26409\/revisions"}],"predecessor-version":[{"id":26410,"href":"https:\/\/progettotouring.it\/radiotouring104\/wp-json\/wp\/v2\/posts\/26409\/revisions\/26410"}],"wp:featuredmedia":[{"embeddable":true,"href":"https:\/\/progettotouring.it\/radiotouring104\/wp-json\/wp\/v2\/media\/26167"}],"wp:attachment":[{"href":"https:\/\/progettotouring.it\/radiotouring104\/wp-json\/wp\/v2\/media?parent=26409"}],"wp:term":[{"taxonomy":"category","embeddable":true,"href":"https:\/\/progettotouring.it\/radiotouring104\/wp-json\/wp\/v2\/categories?post=26409"},{"taxonomy":"post_tag","embeddable":true,"href":"https:\/\/progettotouring.it\/radiotouring104\/wp-json\/wp\/v2\/tags?post=26409"}],"curies":[{"name":"wp","href":"https:\/\/api.w.org\/{rel}","templated":true}]}}