{"id":26416,"date":"2023-05-22T17:20:16","date_gmt":"2023-05-22T15:20:16","guid":{"rendered":"https:\/\/progettotouring.it\/radiotouring104\/?p=26416"},"modified":"2023-05-22T17:37:14","modified_gmt":"2023-05-22T15:37:14","slug":"cosenza-concluso-positivamente-il-1-forum-del-mezzogiorno-antonio-serra","status":"publish","type":"post","link":"https:\/\/progettotouring.it\/radiotouring104\/2023\/05\/22\/cosenza-concluso-positivamente-il-1-forum-del-mezzogiorno-antonio-serra\/","title":{"rendered":"Cosenza: concluso positivamente il 1\u00b0 Forum del Mezzogiorno \u201cAntonio Serra\u201d"},"content":{"rendered":"<p style=\"text-align: justify\">Si \u00e8 concluso positivamente il <strong>1\u00b0 Forum del Mezzogiorno \u201cAntonio Serra\u201d<\/strong> \u2013 Il Sud del Paese e le sfide del XXI secolo. L\u2019evento, articolato nelle giornate del 18 e 19 maggio, ha visto la partecipazione delle pi\u00f9 alte istituzioni dello Stato impegnate a dibattere sulle sorti del Mezzogiorno in vista delle risorse e dei nuovi piani di sviluppo che hanno interessato il Meridione. Testimonianza ne sono le circa 600 presenze complessive \u2013 fra imprenditori, professionisti, dipendenti pubblici, scuole, sindacati, ordini professionali \u2013 nelle due giornate in cui il Forum si \u00e8 diviso.<\/p>\n<p style=\"text-align: justify\">La crescita del Mezzogiorno \u00e8 una priorit\u00e0 e <strong>PNRR, PNC,<\/strong> Formazione, Ricerca, Pubblica Amministrazione e Politiche di Sviluppo efficaci sono fattori fondamentali per il suo rilancio. Con queste premesse si \u00e8 svolto il 1\u00b0 Forum del Mezzogiorno, l\u2019evento a tema economia pi\u00f9 importante del Sud Italia. Numerosissimi e di prestigio i relatori che hanno preso parte al Forum con il coordinamento scientifico del Consigliere della Corte dei conti, Giampiero Pizziconi, in quattro intense tavole rotonde:<\/p>\n<p style=\"text-align: justify\">\u00b7 \u201cPNRR, PNC E SVILUPPO DEL TERRITORIO: QUALI OPPORTUNITA\u2019?\u201d, moderata da Leopoldo Gasbarro, Direttore di Wall Street Italia e direttore editoriale dei canali finance del gruppo Triboo;<\/p>\n<p style=\"text-align: justify\">\u00b7 \u201cPNRR, PNC E LE RISORSE PER IL SUD: STATO DELL\u2019ARTE E PROSPETTIVE\u201d, con introduzione di Tommaso Miele, Presidente aggiunto Corte dei conti e moderata da Giampiero Pizziconi, che ha anche introdotto i lavori della prima giornata;<\/p>\n<p style=\"text-align: justify\">\u00b7 \u201cFORMAZIONE, RICERCA E PUBBLICA AMMINISTRAZIONE PER LO SVILUPPO DEL MEZZOGIORNO. QUESTIONI DEMOGRAFICHE E MIGRAZIONE PROFESSIONALE\u201d, con introduzione di Erminia Giorno, Segretario Generale della Camera di Commercio, che ha anche introdotto i lavori della seconda giornata, e moderata da Angelo Buscema, Giudice della Corte Costituzionale;<\/p>\n<p style=\"text-align: justify\">\u00b7 \u201cPOLITICHE DI SVILUPPO, LIVELLI ESSENZIALI DELLE PRESTAZIONI E AUTONOMIE DIFFERENZIATE: QUALI PROSPETTIVE?\u201d, moderata da Gianni Trovati, Giornalista Il Sole 24 Ore.<\/p>\n<p style=\"text-align: justify\">Gli incontri hanno messo in luce come il Sud del Paese rappresenti una vera e propria opportunit\u00e0 e debba essere inteso come una risorsa, non come un fanalino di coda. In questo senso l\u2019attuazione del PNRR rappresenta un valido ed efficace alleato soltanto se applicata in relazione ad alcuni criteri essenziali: qualit\u00e0 della spesa pi\u00f9 che quantit\u00e0; cooperazione fra le Istituzioni; visione strategica delle opere che rivestono carattere di urgenza; perfezionamento del livello di istruzione; rinnovamento delle amministrazioni; possibili soluzioni per porre un freno alla \u201cfuga di cervelli\u201d che caratterizza il Mezzogiorno.<\/p>\n<p style=\"text-align: justify\">Tra gli spunti pi\u00f9 interessanti delle quattro tavole rotonde anche gli interventi in relazione all\u2019export delle piccole e medie imprese dimostratesi in grado di essere performanti in tutti i paesi del mondo e in crescita nel post pandemia. Grande spazio \u00e8 stato poi riservato al rinnovamento delle pubbliche amministrazioni quale leva fondamentale per l\u2019attuazione di politiche di sviluppo al passo con i tempi e le esigenze dei cittadini. Infine, \u00e8 stato mostrato come la situazione a livello delle autonomie differenziate sia ancora complessa a causa di obiettivi da regione a regione nettamente in contrasto.<\/p>\n<p style=\"text-align: justify\">I lavori del Forum si sono aperti con l\u2019intervento del Presidente <strong>Klaus<\/strong> <strong>Algieri<\/strong>: \u201c<em>Se non cresce il <strong>Sud<\/strong> non cresce il <strong>Paese<\/strong> \u2013 ha esordito Algieri \u2013. \u00c8 una frase che non deve essere letta in tono di sfida ma, molto pi\u00f9 semplicemente, come una constatazione. \u00c8 un dato oggettivo: non pu\u00f2 esserci crescita per l\u2019intero Paese se una parte fondamentale dell\u2019economia nazionale continua ad essere trascurata e sottostimata. La crescita del Mezzogiorno<\/em> \u2013 prosegue Algieri \u2013<em> \u00e8 una priorit\u00e0 per la crescita del Paese, ma \u00e8 altrettanto fondamentale che siano i giovani i primi protagonisti di questo rilancio, risvegliando in loro la volont\u00e0 e il coraggio di non abbandonare la nostra terra e di investire qui tutto il loro valore.\u201d<\/em><\/p>\n<p style=\"text-align: justify\"><em>\u201cNel Mezzogiorno \u00e8 pi\u00f9 alta la percentuale di imprese che si sono gi\u00e0 attivate sul PNRR rispetto a quelle del Centro Nord (17% a fronte del 14% del Centro Nord)\u201d, sostiene Andrea Prete, presidente di Unioncamere, intervenuto alla prima Tavola rotonda. \u201cI nostri studi ci dicono che quando le imprese del Mezzogiorno si attivano per accedere a queste risorse, hanno una probabilit\u00e0 doppia di investire nella Transizione digitale e green rispetto a quelle del Centro-Nord. Questa combinazione potrebbe contribuire a ridurre i divari di competitivit\u00e0 rispetto al Centro-Nord\u201d. \u201cCerto <\/em>\u2013 aggiunge Prete \u2013<em> l\u2019eccesso di burocrazia resta un grande problema per l&#8217;utilizzo delle risorse del piano, come dichiarato dal 45% delle imprese italiane. A questo si aggiunge anche il problema legato alla mancanza di personale per seguire le procedure amministrative e la necessit\u00e0 di assistenza tecnico-amministrativa: un ostacolo per il 29% delle aziende del Sud\u201d.<\/em><\/p>\n<p style=\"text-align: justify\">La necessit\u00e0 di rendere attrattivo il <strong>Sud<\/strong> per i giovano \u00e8 stata ribadita anche da <strong>Giuseppe<\/strong> <strong>Tripoli<\/strong>, segretario generale Unioncamere, nella seconda giornata del <strong>Forum<\/strong>: <em>\u201cIl primo obiettivo di una politica per Mezzogiorno dev\u2019essere diretto a rendere attrattiva quest\u2019area del Paese perch\u00e9 non continui a perdere i suoi giovani <\/em>\u2013 ha dichiarato Tripoli \u2013 <em>e diventa attrattiva se si percepisce che \u00e8 in movimento e crea buone occasioni di lavoro. Le proiezioni mostrano che entro il 2050 il Mezzogiorno potrebbe avere 3 milioni di abitanti in meno. Il Pnrr \u00e8 una grande occasione. Ognuno per\u00f2 deve fare la sua parte. Le Camere di commercio sono impegnate a fare in modo che le misure raggiungano i destinatari e vengano messe a terra, facendo da punto di raccordo e alimentando il coinvolgimento del tessuto sociale\u201d.<\/em><\/p>\n<p style=\"text-align: justify\">Nel corso del Forum, sono intervenuti Raffaele Fitto, Ministro per gli Affari Europei, il Sud, le Politiche di Coesione e il PNRR, che ha portato il messaggio augurale del Governo su incarico del Premier Giorgia Meloni e Wanda Ferro, Sottosegretario all&#8217;Interno, entrambi intervistati da Giancarla Rondinelli, Giornalista Politica RAI 1. Il Ministro delle Imprese e del Made in Italy, Adolfo Urso, ha invece inviato il suo messaggio di saluti mentre a Maria Tripodi, Sottosegretario di Stato al Ministero degli Affari Esteri e della Cooperazione Internazionale, sono stati affidati i saluti conclusivi.<\/p>\n<p style=\"text-align: justify\">Una due giorni ricca di spunti, idee, informazioni e confronti con un obiettivo comune che il Presidente <strong>Algieri<\/strong> ha sintetizzato nel suo intervento conclusivo: <em>\u201cSiamo qui per costruire una diversa visione del futuro grazie ad una pi\u00f9 acuta percezione dell\u2019oggi, con i suoi pregi e i suoi difetti. Questo significa indubbiamente alzare l\u2019asticella e badare realmente alle sorti del Mezzogiorno.\u201d<\/em><\/p>\n<p style=\"text-align: justify\">I protagonisti del 1\u00b0 Forum del Mezzogiorno \u201cAntonio Serra\u201d (in ordine alfabetico): Klaus Algieri, Presidente Camera di Commercio di Cosenza; Massimiliano Atelli, Presidente della commissione VIA-VAS e della commissione PNRR-PNIEC; Angelo Buscema, Giudice della Corte Costituzionale; Giuseppe Busia, Presidente Autorit\u00e0 Nazionale AntiCorruzione (ANAC); Nino Cartabellotta, Presidente Fondazione GIMBE; Franz Caruso, Sindaco di Cosenza; Carlo Chiappinelli, Presidente Sezioni Riunite Corte dei Conti; Giovanni Checchinato, S.E. Rev.ma Mons. Arcivescovo Metropolita di Cosenza-Bisignano; Vittoria Ciaramella, Prefetto di Cosenza; Salvatore Cuzzocrea, Presidente Conferenza dei Rettori delle Universit\u00e0 Italiane (CRUI); Giovanni Da Pozzo, Vice Presidente di Confcommercio; Antonino De Masi, Imprenditore; Massimiliano Fedriga, Presidente Regione Autonoma Friuli Venezia Giulia e Presidente della Conferenza delle Regioni e delle Province autonome; Wanda Ferro, Sottosegretario Ministero dell&#8217;Interno; Raffaele Fitto, Ministro per gli Affari Europei, il Sud, le Politiche di Coesione e il PNRR; Luigi Fiorentino, Presidente Centro Studi Guido Dorso; Tiziana Frittelli, Presidente nazionale Federsanit\u00e0; Ignazio Ganga, Segretario Confederale CISL; Leopoldo Gasbarro, Direttore di Wall Street Italia e direttore editoriale dei canali finance del gruppo Triboo; Adriano Giannola, Presidente Svimez; Erminia Giorno, Segretario Generale Camera di commercio di Cosenza; Vito Grassi, Vice Presidente di Confindustria; Daniela Labonia, Direttore Generale presso il Dipartimento per le politiche di coesione; Delfina Licata, Responsabile Settore studi Fondazione Migrantes; Raimondo Liotta, Segretario generale Comune di Palermo; Matteo Lorito, Rettore dell&#8217;Universit\u00e0 degli Studi di Napoli Federico II; Gennarino Masiello, Vice Presidente Coldiretti nazionale; Biagio Mazzotta, Ragioniere Generale dello Stato; Tommaso Miele, Presidente Aggiunto Corte dei Conti; Antonio Naddeo, Presidente ARAN; Veronica Nicotra, Segretario Generale ANCI; Roberto Occhiuto, Presidente Regione Calabria; Mauro Orefice, Presidente Sezione Centrale di Controllo sulla gestione delle Amministrazioni dello Stato; Giampiero Pizziconi, Consigliere Corte dei conti e Coordinatore scientifico del Forum; Andrea Prete, Presidente Unioncamere; Giancarla Rondinelli, Giornalista Politica RAI 1; Gino Sabatini, Vice Presidente CNA nazionale; Roberta Santaniello, Dirigente Conferenza delle Regioni e delle Province Autonome; Francesco M. Span\u00f2, Direttore Risorse umane LUISS Guido Carli; Angelo Sposato, CGIL; Gianni Trovati, Giornalista Il Sole 24 Ore; Maria Tripodi, Sottosegretario di Stato al Ministero degli Affari Esteri e della Cooperazione Internazionale; Giuseppe Tripoli, Segretario Generale Unioncamere; Ivana Veronese, Segretaria Confederale UIL; Mauro Zappia, Componente collegi sindacali in rappresentanza MEF.<\/p>\n","protected":false},"excerpt":{"rendered":"<p>Si \u00e8 concluso positivamente il 1\u00b0 Forum del Mezzogiorno \u201cAntonio Serra\u201d \u2013 Il Sud del Paese e le sfide del XXI secolo. L\u2019evento, articolato nelle giornate del 18 e 19&hellip;<\/p>\n","protected":false},"author":8,"featured_media":26417,"comment_status":"closed","ping_status":"open","sticky":false,"template":"","format":"standard","meta":{"_jetpack_memberships_contains_paid_content":false,"footnotes":"","jetpack_publicize_message":"","jetpack_publicize_feature_enabled":true,"jetpack_social_post_already_shared":false,"jetpack_social_options":{"image_generator_settings":{"template":"highway","default_image_id":0,"font":"","enabled":false},"version":2}},"categories":[142,921,196],"tags":[15679,6954,15678,1034],"class_list":["post-26416","post","type-post","status-publish","format-standard","has-post-thumbnail","hentry","category-calabria","category-home","category-news","tag-forum-del-mezzogiorno-antonio-serra","tag-klaus-algieri","tag-pnc","tag-pnrr"],"yoast_head":"<!-- This site is optimized with the Yoast SEO plugin v27.2 - https:\/\/yoast.com\/product\/yoast-seo-wordpress\/ -->\n<title>Cosenza: concluso positivamente il 1\u00b0 Forum del Mezzogiorno \u201cAntonio Serra\u201d - Radio Touring 104<\/title>\n<meta name=\"description\" content=\"Il primo Forum del Mezzogiorno &quot;Antonio Serra&quot; ha registrato un grande successo di pubblico presso la Camera di Commercio di Cosenza\" \/>\n<meta name=\"robots\" content=\"index, follow, max-snippet:-1, max-image-preview:large, max-video-preview:-1\" \/>\n<link rel=\"canonical\" href=\"https:\/\/progettotouring.it\/radiotouring104\/2023\/05\/22\/cosenza-concluso-positivamente-il-1-forum-del-mezzogiorno-antonio-serra\/\" \/>\n<meta property=\"og:locale\" content=\"it_IT\" \/>\n<meta property=\"og:type\" content=\"article\" \/>\n<meta property=\"og:title\" content=\"Cosenza: concluso positivamente il 1\u00b0 Forum del Mezzogiorno \u201cAntonio Serra\u201d - Radio Touring 104\" \/>\n<meta property=\"og:description\" content=\"Il primo Forum del Mezzogiorno &quot;Antonio Serra&quot; ha registrato un grande successo di pubblico presso la Camera di Commercio di Cosenza\" \/>\n<meta property=\"og:url\" content=\"https:\/\/progettotouring.it\/radiotouring104\/2023\/05\/22\/cosenza-concluso-positivamente-il-1-forum-del-mezzogiorno-antonio-serra\/\" \/>\n<meta property=\"og:site_name\" content=\"Radio Touring 104\" \/>\n<meta property=\"article:published_time\" content=\"2023-05-22T15:20:16+00:00\" \/>\n<meta property=\"article:modified_time\" content=\"2023-05-22T15:37:14+00:00\" \/>\n<meta property=\"og:image\" content=\"https:\/\/progettotouring.it\/radiotouring104\/wp-content\/uploads\/sites\/6\/2023\/05\/Giorno-Buscema-Algieri.jpg\" \/>\n\t<meta property=\"og:image:width\" content=\"1280\" \/>\n\t<meta property=\"og:image:height\" content=\"853\" \/>\n\t<meta property=\"og:image:type\" content=\"image\/jpeg\" \/>\n<meta name=\"author\" content=\"Filippo Francesco Idone\" \/>\n<meta name=\"twitter:card\" content=\"summary_large_image\" \/>\n<meta name=\"twitter:label1\" content=\"Scritto da\" \/>\n\t<meta name=\"twitter:data1\" content=\"Filippo Francesco Idone\" \/>\n\t<meta name=\"twitter:label2\" content=\"Tempo di lettura stimato\" \/>\n\t<meta name=\"twitter:data2\" content=\"7 minuti\" \/>\n<script type=\"application\/ld+json\" class=\"yoast-schema-graph\">{\"@context\":\"https:\/\/schema.org\",\"@graph\":[{\"@type\":\"Article\",\"@id\":\"https:\/\/progettotouring.it\/radiotouring104\/2023\/05\/22\/cosenza-concluso-positivamente-il-1-forum-del-mezzogiorno-antonio-serra\/#article\",\"isPartOf\":{\"@id\":\"https:\/\/progettotouring.it\/radiotouring104\/2023\/05\/22\/cosenza-concluso-positivamente-il-1-forum-del-mezzogiorno-antonio-serra\/\"},\"author\":{\"name\":\"Filippo Francesco Idone\",\"@id\":\"https:\/\/progettotouring.it\/radiotouring104\/#\/schema\/person\/4a82259ca52ac8702ad1a8f9e5a3120b\"},\"headline\":\"Cosenza: concluso positivamente il 1\u00b0 Forum del Mezzogiorno \u201cAntonio Serra\u201d\",\"datePublished\":\"2023-05-22T15:20:16+00:00\",\"dateModified\":\"2023-05-22T15:37:14+00:00\",\"mainEntityOfPage\":{\"@id\":\"https:\/\/progettotouring.it\/radiotouring104\/2023\/05\/22\/cosenza-concluso-positivamente-il-1-forum-del-mezzogiorno-antonio-serra\/\"},\"wordCount\":1371,\"publisher\":{\"@id\":\"https:\/\/progettotouring.it\/radiotouring104\/#organization\"},\"image\":{\"@id\":\"https:\/\/progettotouring.it\/radiotouring104\/2023\/05\/22\/cosenza-concluso-positivamente-il-1-forum-del-mezzogiorno-antonio-serra\/#primaryimage\"},\"thumbnailUrl\":\"https:\/\/progettotouring.it\/radiotouring104\/wp-content\/uploads\/sites\/6\/2023\/05\/Giorno-Buscema-Algieri.jpg\",\"keywords\":[\"Forum del Mezzogiorno \u201cAntonio Serra\u201d\",\"Klaus Algieri\",\"pnc\",\"pnrr\"],\"articleSection\":[\"Calabria\",\"Home\",\"News\"],\"inLanguage\":\"it-IT\"},{\"@type\":\"WebPage\",\"@id\":\"https:\/\/progettotouring.it\/radiotouring104\/2023\/05\/22\/cosenza-concluso-positivamente-il-1-forum-del-mezzogiorno-antonio-serra\/\",\"url\":\"https:\/\/progettotouring.it\/radiotouring104\/2023\/05\/22\/cosenza-concluso-positivamente-il-1-forum-del-mezzogiorno-antonio-serra\/\",\"name\":\"Cosenza: concluso positivamente il 1\u00b0 Forum del Mezzogiorno \u201cAntonio Serra\u201d - Radio Touring 104\",\"isPartOf\":{\"@id\":\"https:\/\/progettotouring.it\/radiotouring104\/#website\"},\"primaryImageOfPage\":{\"@id\":\"https:\/\/progettotouring.it\/radiotouring104\/2023\/05\/22\/cosenza-concluso-positivamente-il-1-forum-del-mezzogiorno-antonio-serra\/#primaryimage\"},\"image\":{\"@id\":\"https:\/\/progettotouring.it\/radiotouring104\/2023\/05\/22\/cosenza-concluso-positivamente-il-1-forum-del-mezzogiorno-antonio-serra\/#primaryimage\"},\"thumbnailUrl\":\"https:\/\/progettotouring.it\/radiotouring104\/wp-content\/uploads\/sites\/6\/2023\/05\/Giorno-Buscema-Algieri.jpg\",\"datePublished\":\"2023-05-22T15:20:16+00:00\",\"dateModified\":\"2023-05-22T15:37:14+00:00\",\"description\":\"Il primo Forum del Mezzogiorno \\\"Antonio Serra\\\" ha registrato un grande successo di pubblico presso la Camera di Commercio di Cosenza\",\"breadcrumb\":{\"@id\":\"https:\/\/progettotouring.it\/radiotouring104\/2023\/05\/22\/cosenza-concluso-positivamente-il-1-forum-del-mezzogiorno-antonio-serra\/#breadcrumb\"},\"inLanguage\":\"it-IT\",\"potentialAction\":[{\"@type\":\"ReadAction\",\"target\":[\"https:\/\/progettotouring.it\/radiotouring104\/2023\/05\/22\/cosenza-concluso-positivamente-il-1-forum-del-mezzogiorno-antonio-serra\/\"]}]},{\"@type\":\"ImageObject\",\"inLanguage\":\"it-IT\",\"@id\":\"https:\/\/progettotouring.it\/radiotouring104\/2023\/05\/22\/cosenza-concluso-positivamente-il-1-forum-del-mezzogiorno-antonio-serra\/#primaryimage\",\"url\":\"https:\/\/progettotouring.it\/radiotouring104\/wp-content\/uploads\/sites\/6\/2023\/05\/Giorno-Buscema-Algieri.jpg\",\"contentUrl\":\"https:\/\/progettotouring.it\/radiotouring104\/wp-content\/uploads\/sites\/6\/2023\/05\/Giorno-Buscema-Algieri.jpg\",\"width\":1280,\"height\":853},{\"@type\":\"BreadcrumbList\",\"@id\":\"https:\/\/progettotouring.it\/radiotouring104\/2023\/05\/22\/cosenza-concluso-positivamente-il-1-forum-del-mezzogiorno-antonio-serra\/#breadcrumb\",\"itemListElement\":[{\"@type\":\"ListItem\",\"position\":1,\"name\":\"Home\",\"item\":\"https:\/\/progettotouring.it\/radiotouring104\/\"},{\"@type\":\"ListItem\",\"position\":2,\"name\":\"Cosenza: concluso positivamente il 1\u00b0 Forum del Mezzogiorno \u201cAntonio Serra\u201d\"}]},{\"@type\":\"WebSite\",\"@id\":\"https:\/\/progettotouring.it\/radiotouring104\/#website\",\"url\":\"https:\/\/progettotouring.it\/radiotouring104\/\",\"name\":\"Radio Touring 104\",\"description\":\"La prima radio Reggina\",\"publisher\":{\"@id\":\"https:\/\/progettotouring.it\/radiotouring104\/#organization\"},\"potentialAction\":[{\"@type\":\"SearchAction\",\"target\":{\"@type\":\"EntryPoint\",\"urlTemplate\":\"https:\/\/progettotouring.it\/radiotouring104\/?s={search_term_string}\"},\"query-input\":{\"@type\":\"PropertyValueSpecification\",\"valueRequired\":true,\"valueName\":\"search_term_string\"}}],\"inLanguage\":\"it-IT\"},{\"@type\":\"Organization\",\"@id\":\"https:\/\/progettotouring.it\/radiotouring104\/#organization\",\"name\":\"Radio Touring 104\",\"url\":\"https:\/\/progettotouring.it\/radiotouring104\/\",\"logo\":{\"@type\":\"ImageObject\",\"inLanguage\":\"it-IT\",\"@id\":\"https:\/\/progettotouring.it\/radiotouring104\/#\/schema\/logo\/image\/\",\"url\":\"https:\/\/progettotouring.it\/radiotouring104\/wp-content\/uploads\/sites\/6\/2022\/02\/cropped-logo-radio-touring-104.png\",\"contentUrl\":\"https:\/\/progettotouring.it\/radiotouring104\/wp-content\/uploads\/sites\/6\/2022\/02\/cropped-logo-radio-touring-104.png\",\"width\":377,\"height\":182,\"caption\":\"Radio Touring 104\"},\"image\":{\"@id\":\"https:\/\/progettotouring.it\/radiotouring104\/#\/schema\/logo\/image\/\"}},{\"@type\":\"Person\",\"@id\":\"https:\/\/progettotouring.it\/radiotouring104\/#\/schema\/person\/4a82259ca52ac8702ad1a8f9e5a3120b\",\"name\":\"Filippo Francesco Idone\",\"image\":{\"@type\":\"ImageObject\",\"inLanguage\":\"it-IT\",\"@id\":\"https:\/\/secure.gravatar.com\/avatar\/7268715d2366395c3dd314385670e6484117d44f5c442e61e230f7008b7b62d3?s=96&d=mm&r=g\",\"url\":\"https:\/\/secure.gravatar.com\/avatar\/7268715d2366395c3dd314385670e6484117d44f5c442e61e230f7008b7b62d3?s=96&d=mm&r=g\",\"contentUrl\":\"https:\/\/secure.gravatar.com\/avatar\/7268715d2366395c3dd314385670e6484117d44f5c442e61e230f7008b7b62d3?s=96&d=mm&r=g\",\"caption\":\"Filippo Francesco Idone\"},\"url\":\"https:\/\/progettotouring.it\/radiotouring104\/author\/filippoidone\/\"}]}<\/script>\n<!-- \/ Yoast SEO plugin. -->","yoast_head_json":{"title":"Cosenza: concluso positivamente il 1\u00b0 Forum del Mezzogiorno \u201cAntonio Serra\u201d - Radio Touring 104","description":"Il primo Forum del Mezzogiorno \"Antonio Serra\" ha registrato un grande successo di pubblico presso la Camera di Commercio di Cosenza","robots":{"index":"index","follow":"follow","max-snippet":"max-snippet:-1","max-image-preview":"max-image-preview:large","max-video-preview":"max-video-preview:-1"},"canonical":"https:\/\/progettotouring.it\/radiotouring104\/2023\/05\/22\/cosenza-concluso-positivamente-il-1-forum-del-mezzogiorno-antonio-serra\/","og_locale":"it_IT","og_type":"article","og_title":"Cosenza: concluso positivamente il 1\u00b0 Forum del Mezzogiorno \u201cAntonio Serra\u201d - Radio Touring 104","og_description":"Il primo Forum del Mezzogiorno \"Antonio Serra\" ha registrato un grande successo di pubblico presso la Camera di Commercio di Cosenza","og_url":"https:\/\/progettotouring.it\/radiotouring104\/2023\/05\/22\/cosenza-concluso-positivamente-il-1-forum-del-mezzogiorno-antonio-serra\/","og_site_name":"Radio Touring 104","article_published_time":"2023-05-22T15:20:16+00:00","article_modified_time":"2023-05-22T15:37:14+00:00","og_image":[{"width":1280,"height":853,"url":"https:\/\/progettotouring.it\/radiotouring104\/wp-content\/uploads\/sites\/6\/2023\/05\/Giorno-Buscema-Algieri.jpg","type":"image\/jpeg"}],"author":"Filippo Francesco Idone","twitter_card":"summary_large_image","twitter_misc":{"Scritto da":"Filippo Francesco Idone","Tempo di lettura stimato":"7 minuti"},"schema":{"@context":"https:\/\/schema.org","@graph":[{"@type":"Article","@id":"https:\/\/progettotouring.it\/radiotouring104\/2023\/05\/22\/cosenza-concluso-positivamente-il-1-forum-del-mezzogiorno-antonio-serra\/#article","isPartOf":{"@id":"https:\/\/progettotouring.it\/radiotouring104\/2023\/05\/22\/cosenza-concluso-positivamente-il-1-forum-del-mezzogiorno-antonio-serra\/"},"author":{"name":"Filippo Francesco Idone","@id":"https:\/\/progettotouring.it\/radiotouring104\/#\/schema\/person\/4a82259ca52ac8702ad1a8f9e5a3120b"},"headline":"Cosenza: concluso positivamente il 1\u00b0 Forum del Mezzogiorno \u201cAntonio Serra\u201d","datePublished":"2023-05-22T15:20:16+00:00","dateModified":"2023-05-22T15:37:14+00:00","mainEntityOfPage":{"@id":"https:\/\/progettotouring.it\/radiotouring104\/2023\/05\/22\/cosenza-concluso-positivamente-il-1-forum-del-mezzogiorno-antonio-serra\/"},"wordCount":1371,"publisher":{"@id":"https:\/\/progettotouring.it\/radiotouring104\/#organization"},"image":{"@id":"https:\/\/progettotouring.it\/radiotouring104\/2023\/05\/22\/cosenza-concluso-positivamente-il-1-forum-del-mezzogiorno-antonio-serra\/#primaryimage"},"thumbnailUrl":"https:\/\/progettotouring.it\/radiotouring104\/wp-content\/uploads\/sites\/6\/2023\/05\/Giorno-Buscema-Algieri.jpg","keywords":["Forum del Mezzogiorno \u201cAntonio Serra\u201d","Klaus Algieri","pnc","pnrr"],"articleSection":["Calabria","Home","News"],"inLanguage":"it-IT"},{"@type":"WebPage","@id":"https:\/\/progettotouring.it\/radiotouring104\/2023\/05\/22\/cosenza-concluso-positivamente-il-1-forum-del-mezzogiorno-antonio-serra\/","url":"https:\/\/progettotouring.it\/radiotouring104\/2023\/05\/22\/cosenza-concluso-positivamente-il-1-forum-del-mezzogiorno-antonio-serra\/","name":"Cosenza: concluso positivamente il 1\u00b0 Forum del Mezzogiorno \u201cAntonio Serra\u201d - Radio Touring 104","isPartOf":{"@id":"https:\/\/progettotouring.it\/radiotouring104\/#website"},"primaryImageOfPage":{"@id":"https:\/\/progettotouring.it\/radiotouring104\/2023\/05\/22\/cosenza-concluso-positivamente-il-1-forum-del-mezzogiorno-antonio-serra\/#primaryimage"},"image":{"@id":"https:\/\/progettotouring.it\/radiotouring104\/2023\/05\/22\/cosenza-concluso-positivamente-il-1-forum-del-mezzogiorno-antonio-serra\/#primaryimage"},"thumbnailUrl":"https:\/\/progettotouring.it\/radiotouring104\/wp-content\/uploads\/sites\/6\/2023\/05\/Giorno-Buscema-Algieri.jpg","datePublished":"2023-05-22T15:20:16+00:00","dateModified":"2023-05-22T15:37:14+00:00","description":"Il primo Forum del Mezzogiorno \"Antonio Serra\" ha registrato un grande successo di pubblico presso la Camera di Commercio di Cosenza","breadcrumb":{"@id":"https:\/\/progettotouring.it\/radiotouring104\/2023\/05\/22\/cosenza-concluso-positivamente-il-1-forum-del-mezzogiorno-antonio-serra\/#breadcrumb"},"inLanguage":"it-IT","potentialAction":[{"@type":"ReadAction","target":["https:\/\/progettotouring.it\/radiotouring104\/2023\/05\/22\/cosenza-concluso-positivamente-il-1-forum-del-mezzogiorno-antonio-serra\/"]}]},{"@type":"ImageObject","inLanguage":"it-IT","@id":"https:\/\/progettotouring.it\/radiotouring104\/2023\/05\/22\/cosenza-concluso-positivamente-il-1-forum-del-mezzogiorno-antonio-serra\/#primaryimage","url":"https:\/\/progettotouring.it\/radiotouring104\/wp-content\/uploads\/sites\/6\/2023\/05\/Giorno-Buscema-Algieri.jpg","contentUrl":"https:\/\/progettotouring.it\/radiotouring104\/wp-content\/uploads\/sites\/6\/2023\/05\/Giorno-Buscema-Algieri.jpg","width":1280,"height":853},{"@type":"BreadcrumbList","@id":"https:\/\/progettotouring.it\/radiotouring104\/2023\/05\/22\/cosenza-concluso-positivamente-il-1-forum-del-mezzogiorno-antonio-serra\/#breadcrumb","itemListElement":[{"@type":"ListItem","position":1,"name":"Home","item":"https:\/\/progettotouring.it\/radiotouring104\/"},{"@type":"ListItem","position":2,"name":"Cosenza: concluso positivamente il 1\u00b0 Forum del Mezzogiorno \u201cAntonio Serra\u201d"}]},{"@type":"WebSite","@id":"https:\/\/progettotouring.it\/radiotouring104\/#website","url":"https:\/\/progettotouring.it\/radiotouring104\/","name":"Radio Touring 104","description":"La prima radio Reggina","publisher":{"@id":"https:\/\/progettotouring.it\/radiotouring104\/#organization"},"potentialAction":[{"@type":"SearchAction","target":{"@type":"EntryPoint","urlTemplate":"https:\/\/progettotouring.it\/radiotouring104\/?s={search_term_string}"},"query-input":{"@type":"PropertyValueSpecification","valueRequired":true,"valueName":"search_term_string"}}],"inLanguage":"it-IT"},{"@type":"Organization","@id":"https:\/\/progettotouring.it\/radiotouring104\/#organization","name":"Radio Touring 104","url":"https:\/\/progettotouring.it\/radiotouring104\/","logo":{"@type":"ImageObject","inLanguage":"it-IT","@id":"https:\/\/progettotouring.it\/radiotouring104\/#\/schema\/logo\/image\/","url":"https:\/\/progettotouring.it\/radiotouring104\/wp-content\/uploads\/sites\/6\/2022\/02\/cropped-logo-radio-touring-104.png","contentUrl":"https:\/\/progettotouring.it\/radiotouring104\/wp-content\/uploads\/sites\/6\/2022\/02\/cropped-logo-radio-touring-104.png","width":377,"height":182,"caption":"Radio Touring 104"},"image":{"@id":"https:\/\/progettotouring.it\/radiotouring104\/#\/schema\/logo\/image\/"}},{"@type":"Person","@id":"https:\/\/progettotouring.it\/radiotouring104\/#\/schema\/person\/4a82259ca52ac8702ad1a8f9e5a3120b","name":"Filippo Francesco Idone","image":{"@type":"ImageObject","inLanguage":"it-IT","@id":"https:\/\/secure.gravatar.com\/avatar\/7268715d2366395c3dd314385670e6484117d44f5c442e61e230f7008b7b62d3?s=96&d=mm&r=g","url":"https:\/\/secure.gravatar.com\/avatar\/7268715d2366395c3dd314385670e6484117d44f5c442e61e230f7008b7b62d3?s=96&d=mm&r=g","contentUrl":"https:\/\/secure.gravatar.com\/avatar\/7268715d2366395c3dd314385670e6484117d44f5c442e61e230f7008b7b62d3?s=96&d=mm&r=g","caption":"Filippo Francesco Idone"},"url":"https:\/\/progettotouring.it\/radiotouring104\/author\/filippoidone\/"}]}},"jetpack_publicize_connections":[],"jetpack_featured_media_url":"https:\/\/progettotouring.it\/radiotouring104\/wp-content\/uploads\/sites\/6\/2023\/05\/Giorno-Buscema-Algieri.jpg","jetpack_sharing_enabled":true,"_links":{"self":[{"href":"https:\/\/progettotouring.it\/radiotouring104\/wp-json\/wp\/v2\/posts\/26416","targetHints":{"allow":["GET"]}}],"collection":[{"href":"https:\/\/progettotouring.it\/radiotouring104\/wp-json\/wp\/v2\/posts"}],"about":[{"href":"https:\/\/progettotouring.it\/radiotouring104\/wp-json\/wp\/v2\/types\/post"}],"author":[{"embeddable":true,"href":"https:\/\/progettotouring.it\/radiotouring104\/wp-json\/wp\/v2\/users\/8"}],"replies":[{"embeddable":true,"href":"https:\/\/progettotouring.it\/radiotouring104\/wp-json\/wp\/v2\/comments?post=26416"}],"version-history":[{"count":1,"href":"https:\/\/progettotouring.it\/radiotouring104\/wp-json\/wp\/v2\/posts\/26416\/revisions"}],"predecessor-version":[{"id":26418,"href":"https:\/\/progettotouring.it\/radiotouring104\/wp-json\/wp\/v2\/posts\/26416\/revisions\/26418"}],"wp:featuredmedia":[{"embeddable":true,"href":"https:\/\/progettotouring.it\/radiotouring104\/wp-json\/wp\/v2\/media\/26417"}],"wp:attachment":[{"href":"https:\/\/progettotouring.it\/radiotouring104\/wp-json\/wp\/v2\/media?parent=26416"}],"wp:term":[{"taxonomy":"category","embeddable":true,"href":"https:\/\/progettotouring.it\/radiotouring104\/wp-json\/wp\/v2\/categories?post=26416"},{"taxonomy":"post_tag","embeddable":true,"href":"https:\/\/progettotouring.it\/radiotouring104\/wp-json\/wp\/v2\/tags?post=26416"}],"curies":[{"name":"wp","href":"https:\/\/api.w.org\/{rel}","templated":true}]}}