{"id":26471,"date":"2023-05-23T09:09:50","date_gmt":"2023-05-23T07:09:50","guid":{"rendered":"https:\/\/progettotouring.it\/radiotouring104\/?p=26471"},"modified":"2023-05-23T14:32:35","modified_gmt":"2023-05-23T12:32:35","slug":"federfarma-calabria-riconfermati-defilippo-e-misasi","status":"publish","type":"post","link":"https:\/\/progettotouring.it\/radiotouring104\/2023\/05\/23\/federfarma-calabria-riconfermati-defilippo-e-misasi\/","title":{"rendered":"Federfarma Calabria: riconfermati Defilippo e Misasi"},"content":{"rendered":"<p style=\"text-align: justify\"><b>Vincenzo Defilippo<\/b>\u00a0\u00e8 stato confermato per il nuovo triennio 2023-2026 alla Presidenza insieme ad\u00a0<b>Alfonso Misasi<\/b> Segretario di Federfarma Calabria. L\u2019elezione all\u2019unanimit\u00e0 \u00e8 avvenuta nel Consiglio Direttivo dell\u2019Associazione Regionale, rinnovato luned\u00ec 22 maggio. Nel Consiglio Direttivo dell\u2019associazione sono stati eletti anche: Alfonso Misasi (Segretario- Rappresentante in Consiglio delle Regioni), Gaetano Rizzo e Simonetta Neri (Vicepresidenti), Costantino Gigliotti (Rappresentante Rurale al Consiglio delle Regioni), Eugenio De Florio (Tesoriere), Luciano Leone, Francesco Malena, Beniamino Marando, Rosy Trungadi e Massimo De Fina (Consiglieri).<\/p>\n<p style=\"text-align: justify\"><em>\u201cL\u2019avvenuto rinnovo del mandato, oltre ad essere un chiaro riconoscimento di un\u2019opera svolta, \u00e8 sicuramente una evidente e confortante manifestazione di fiducia, per coloro che sono stati chiamati ad affrontare le numerose sfide che saranno decisive per il futuro della farmacia <\/em>\u2013 si legge in una nota di Federfarma Calabria\u00a0\u00a0&#8211;<em>. Le farmacie calabresi, nonostante le difficolt\u00e0 che soprattutto negli ultimi tempi hanno riguardato l\u2019approvvigionamento dei farmaci, non solo sono state in grado di continuare ad assicurare ininterrottamente alla collettivit\u00e0 l\u2019erogazione dell\u2019assistenza farmaceutica, ma hanno anche avviato ulteriori servizi, affermando sempre pi\u00f9 saldamente l\u2019insostituibilit\u00e0 del proprio ruolo nell\u2019ambito del Servizio Sanitario Regionale\u201d.<\/em><\/p>\n<p style=\"text-align: justify\"><em>\u201cI lusinghieri risultati conseguiti da <strong>Federfarma<\/strong> <strong>Calabria<\/strong> sono stati resi possibili grazie ad un sinergico intervento di tutte le componenti rappresentative della categoria di tutte le province calabresi ad un costante appoggio della base, nel fermo convincimento che solo la compattezza di intenti e di azione pu\u00f2 assicurare una reale ed efficace difesa della farmacia <\/em>\u2013 si legge ancora nella nota di Federfarma Calabria &#8211; <em>Determinante, inoltre, si \u00e8 rivelato l\u2019apporto del dott. Alfonso Misasi e della sua pluriennale esperienza maturata ai massimi vertici di <strong>Federfarma Nazionale<\/strong>\u201d.<\/em><\/p>\n<p style=\"text-align: justify\"><em>\u201cRaccogliamo con grande spirito di rinnovamento la sfida per i prossimi tre anni, che saranno dedicati\u00a0<\/em><i>in primis<em>\u00a0a rafforzare e radicare ulteriormente il ruolo fondamentale che le farmacie svolgono, come presidio sanitario imprescindibile sul territorio.<\/em><\/i>\u00a0<em>Lavoreremo per potenziare la farmacia dei servizi e lo faremo agendo su pi\u00f9 fronti<\/em> \u2013 ha dichiarato il presidente Defilippo -.<em><strong> Puntiamo quindi ad estendere le attivit\u00e0 di telemedicina,<\/strong> nell\u2019ottica di semplificare i percorsi diagnostico-terapeutici e snellire le liste di attesa, e a strutturarci come veri e propri hub vaccinali, ancor pi\u00f9 integrati con il SSR, non solo per la profilassi contro Covid e influenza ma anche, ad esempio, contro l\u2019herpes zoster e lo pneumococcico\u201d.<\/em><\/p>\n<p>Inoltre, Federfarma Calabria sta gi\u00e0 lavorando in concertazione con la Regione Calabria per l\u2019attivare i servizi di screening per l\u2019epatite ed il colon retto.<\/p>\n<p class=\"xmprfx_gmail-Default\" style=\"text-align: justify\"><em>\u201cNon ci accontentiamo dei positivi risultati ottenuti; vogliamo e dobbiamo fare ancora di pi\u00f9 per cogliere tutte le opportunit\u00e0 che si presenteranno nei prossimi mesi per rendere la farmacia pi\u00f9 forte, pi\u00f9 efficiente, pi\u00f9 moderna! <strong>Continueremo a mettere al primo posto le esigenze dei cittadini e del sistema sanitario<\/strong>, a cui cercheremo di rispondere prontamente e con la versatilit\u00e0 gi\u00e0 dimostrata negli anni della pandemia, con l&#8217;obiettivo prioritario di contribuire al potenziamento della sanit\u00e0 territoriale<\/em>\u201d, conclude <strong>Defilippo.<\/strong><\/p>\n<p style=\"text-align: justify\">Due sono gli obiettivi infatti che per Federfarma Calabria sono sempre prioritari: rappresentare un punto di riferimento sicuro e autorevole per i farmacisti calabresi, essendo un interlocutore attendibile e collaborativo della <strong>Regione<\/strong> <strong>Calabria<\/strong> a cui far giungere le aspettative dei farmacisti, e rendere la farmacia sempre pi\u00f9 un presidio sanitario essenziale per la collettivit\u00e0 nel piccolo centro montano o rurale come anche nella grande citt\u00e0, elevando sempre pi\u00f9 gli standard di servizio e ampliare la gamma di prestazioni offerte.<\/p>\n","protected":false},"excerpt":{"rendered":"<p>Vincenzo Defilippo\u00a0\u00e8 stato confermato per il nuovo triennio 2023-2026 alla Presidenza insieme ad\u00a0Alfonso Misasi Segretario di Federfarma Calabria. L\u2019elezione all\u2019unanimit\u00e0 \u00e8 avvenuta nel Consiglio Direttivo dell\u2019Associazione Regionale, rinnovato luned\u00ec 22&hellip;<\/p>\n","protected":false},"author":8,"featured_media":26472,"comment_status":"closed","ping_status":"open","sticky":false,"template":"","format":"standard","meta":{"_jetpack_memberships_contains_paid_content":false,"footnotes":"","jetpack_publicize_message":"","jetpack_publicize_feature_enabled":true,"jetpack_social_post_already_shared":false,"jetpack_social_options":{"image_generator_settings":{"template":"highway","default_image_id":0,"font":"","enabled":false},"version":2}},"categories":[142,921,196,195],"tags":[11408,10795,15737,15738],"class_list":["post-26471","post","type-post","status-publish","format-standard","has-post-thumbnail","hentry","category-calabria","category-home","category-news","category-politica","tag-defilippo","tag-federfarma-calabria","tag-federfarma-nazionale","tag-misasi"],"yoast_head":"<!-- This site is optimized with the Yoast SEO plugin v27.2 - https:\/\/yoast.com\/product\/yoast-seo-wordpress\/ -->\n<title>Federfarma Calabria: riconfermati Defilippo e Misasi - Radio Touring 104<\/title>\n<meta name=\"robots\" content=\"index, follow, max-snippet:-1, max-image-preview:large, max-video-preview:-1\" \/>\n<link rel=\"canonical\" href=\"https:\/\/progettotouring.it\/radiotouring104\/2023\/05\/23\/federfarma-calabria-riconfermati-defilippo-e-misasi\/\" \/>\n<meta property=\"og:locale\" content=\"it_IT\" \/>\n<meta property=\"og:type\" content=\"article\" \/>\n<meta property=\"og:title\" content=\"Federfarma Calabria: riconfermati Defilippo e Misasi - Radio Touring 104\" \/>\n<meta property=\"og:description\" content=\"Vincenzo Defilippo\u00a0\u00e8 stato confermato per il nuovo triennio 2023-2026 alla Presidenza insieme ad\u00a0Alfonso Misasi Segretario di Federfarma Calabria. L\u2019elezione all\u2019unanimit\u00e0 \u00e8 avvenuta nel Consiglio Direttivo dell\u2019Associazione Regionale, rinnovato luned\u00ec 22&hellip;\" \/>\n<meta property=\"og:url\" content=\"https:\/\/progettotouring.it\/radiotouring104\/2023\/05\/23\/federfarma-calabria-riconfermati-defilippo-e-misasi\/\" \/>\n<meta property=\"og:site_name\" content=\"Radio Touring 104\" \/>\n<meta property=\"article:published_time\" content=\"2023-05-23T07:09:50+00:00\" \/>\n<meta property=\"article:modified_time\" content=\"2023-05-23T12:32:35+00:00\" \/>\n<meta property=\"og:image\" content=\"https:\/\/progettotouring.it\/radiotouring104\/wp-content\/uploads\/sites\/6\/2023\/05\/misasi-defilippo-2.jpg\" \/>\n\t<meta property=\"og:image:width\" content=\"565\" \/>\n\t<meta property=\"og:image:height\" content=\"382\" \/>\n\t<meta property=\"og:image:type\" content=\"image\/jpeg\" \/>\n<meta name=\"author\" content=\"Filippo Francesco Idone\" \/>\n<meta name=\"twitter:card\" content=\"summary_large_image\" \/>\n<meta name=\"twitter:label1\" content=\"Scritto da\" \/>\n\t<meta name=\"twitter:data1\" content=\"Filippo Francesco Idone\" \/>\n\t<meta name=\"twitter:label2\" content=\"Tempo di lettura stimato\" \/>\n\t<meta name=\"twitter:data2\" content=\"3 minuti\" \/>\n<script type=\"application\/ld+json\" class=\"yoast-schema-graph\">{\"@context\":\"https:\/\/schema.org\",\"@graph\":[{\"@type\":\"Article\",\"@id\":\"https:\/\/progettotouring.it\/radiotouring104\/2023\/05\/23\/federfarma-calabria-riconfermati-defilippo-e-misasi\/#article\",\"isPartOf\":{\"@id\":\"https:\/\/progettotouring.it\/radiotouring104\/2023\/05\/23\/federfarma-calabria-riconfermati-defilippo-e-misasi\/\"},\"author\":{\"name\":\"Filippo Francesco Idone\",\"@id\":\"https:\/\/progettotouring.it\/radiotouring104\/#\/schema\/person\/4a82259ca52ac8702ad1a8f9e5a3120b\"},\"headline\":\"Federfarma Calabria: riconfermati Defilippo e Misasi\",\"datePublished\":\"2023-05-23T07:09:50+00:00\",\"dateModified\":\"2023-05-23T12:32:35+00:00\",\"mainEntityOfPage\":{\"@id\":\"https:\/\/progettotouring.it\/radiotouring104\/2023\/05\/23\/federfarma-calabria-riconfermati-defilippo-e-misasi\/\"},\"wordCount\":574,\"publisher\":{\"@id\":\"https:\/\/progettotouring.it\/radiotouring104\/#organization\"},\"image\":{\"@id\":\"https:\/\/progettotouring.it\/radiotouring104\/2023\/05\/23\/federfarma-calabria-riconfermati-defilippo-e-misasi\/#primaryimage\"},\"thumbnailUrl\":\"https:\/\/progettotouring.it\/radiotouring104\/wp-content\/uploads\/sites\/6\/2023\/05\/misasi-defilippo-2.jpg\",\"keywords\":[\"defilippo\",\"Federfarma Calabria\",\"Federfarma Nazionale\",\"misasi\"],\"articleSection\":[\"Calabria\",\"Home\",\"News\",\"Politica\"],\"inLanguage\":\"it-IT\"},{\"@type\":\"WebPage\",\"@id\":\"https:\/\/progettotouring.it\/radiotouring104\/2023\/05\/23\/federfarma-calabria-riconfermati-defilippo-e-misasi\/\",\"url\":\"https:\/\/progettotouring.it\/radiotouring104\/2023\/05\/23\/federfarma-calabria-riconfermati-defilippo-e-misasi\/\",\"name\":\"Federfarma Calabria: riconfermati Defilippo e Misasi - Radio Touring 104\",\"isPartOf\":{\"@id\":\"https:\/\/progettotouring.it\/radiotouring104\/#website\"},\"primaryImageOfPage\":{\"@id\":\"https:\/\/progettotouring.it\/radiotouring104\/2023\/05\/23\/federfarma-calabria-riconfermati-defilippo-e-misasi\/#primaryimage\"},\"image\":{\"@id\":\"https:\/\/progettotouring.it\/radiotouring104\/2023\/05\/23\/federfarma-calabria-riconfermati-defilippo-e-misasi\/#primaryimage\"},\"thumbnailUrl\":\"https:\/\/progettotouring.it\/radiotouring104\/wp-content\/uploads\/sites\/6\/2023\/05\/misasi-defilippo-2.jpg\",\"datePublished\":\"2023-05-23T07:09:50+00:00\",\"dateModified\":\"2023-05-23T12:32:35+00:00\",\"breadcrumb\":{\"@id\":\"https:\/\/progettotouring.it\/radiotouring104\/2023\/05\/23\/federfarma-calabria-riconfermati-defilippo-e-misasi\/#breadcrumb\"},\"inLanguage\":\"it-IT\",\"potentialAction\":[{\"@type\":\"ReadAction\",\"target\":[\"https:\/\/progettotouring.it\/radiotouring104\/2023\/05\/23\/federfarma-calabria-riconfermati-defilippo-e-misasi\/\"]}]},{\"@type\":\"ImageObject\",\"inLanguage\":\"it-IT\",\"@id\":\"https:\/\/progettotouring.it\/radiotouring104\/2023\/05\/23\/federfarma-calabria-riconfermati-defilippo-e-misasi\/#primaryimage\",\"url\":\"https:\/\/progettotouring.it\/radiotouring104\/wp-content\/uploads\/sites\/6\/2023\/05\/misasi-defilippo-2.jpg\",\"contentUrl\":\"https:\/\/progettotouring.it\/radiotouring104\/wp-content\/uploads\/sites\/6\/2023\/05\/misasi-defilippo-2.jpg\",\"width\":565,\"height\":382},{\"@type\":\"BreadcrumbList\",\"@id\":\"https:\/\/progettotouring.it\/radiotouring104\/2023\/05\/23\/federfarma-calabria-riconfermati-defilippo-e-misasi\/#breadcrumb\",\"itemListElement\":[{\"@type\":\"ListItem\",\"position\":1,\"name\":\"Home\",\"item\":\"https:\/\/progettotouring.it\/radiotouring104\/\"},{\"@type\":\"ListItem\",\"position\":2,\"name\":\"Federfarma Calabria: riconfermati Defilippo e Misasi\"}]},{\"@type\":\"WebSite\",\"@id\":\"https:\/\/progettotouring.it\/radiotouring104\/#website\",\"url\":\"https:\/\/progettotouring.it\/radiotouring104\/\",\"name\":\"Radio Touring 104\",\"description\":\"La prima radio Reggina\",\"publisher\":{\"@id\":\"https:\/\/progettotouring.it\/radiotouring104\/#organization\"},\"potentialAction\":[{\"@type\":\"SearchAction\",\"target\":{\"@type\":\"EntryPoint\",\"urlTemplate\":\"https:\/\/progettotouring.it\/radiotouring104\/?s={search_term_string}\"},\"query-input\":{\"@type\":\"PropertyValueSpecification\",\"valueRequired\":true,\"valueName\":\"search_term_string\"}}],\"inLanguage\":\"it-IT\"},{\"@type\":\"Organization\",\"@id\":\"https:\/\/progettotouring.it\/radiotouring104\/#organization\",\"name\":\"Radio Touring 104\",\"url\":\"https:\/\/progettotouring.it\/radiotouring104\/\",\"logo\":{\"@type\":\"ImageObject\",\"inLanguage\":\"it-IT\",\"@id\":\"https:\/\/progettotouring.it\/radiotouring104\/#\/schema\/logo\/image\/\",\"url\":\"https:\/\/progettotouring.it\/radiotouring104\/wp-content\/uploads\/sites\/6\/2022\/02\/cropped-logo-radio-touring-104.png\",\"contentUrl\":\"https:\/\/progettotouring.it\/radiotouring104\/wp-content\/uploads\/sites\/6\/2022\/02\/cropped-logo-radio-touring-104.png\",\"width\":377,\"height\":182,\"caption\":\"Radio Touring 104\"},\"image\":{\"@id\":\"https:\/\/progettotouring.it\/radiotouring104\/#\/schema\/logo\/image\/\"}},{\"@type\":\"Person\",\"@id\":\"https:\/\/progettotouring.it\/radiotouring104\/#\/schema\/person\/4a82259ca52ac8702ad1a8f9e5a3120b\",\"name\":\"Filippo Francesco Idone\",\"image\":{\"@type\":\"ImageObject\",\"inLanguage\":\"it-IT\",\"@id\":\"https:\/\/secure.gravatar.com\/avatar\/7268715d2366395c3dd314385670e6484117d44f5c442e61e230f7008b7b62d3?s=96&d=mm&r=g\",\"url\":\"https:\/\/secure.gravatar.com\/avatar\/7268715d2366395c3dd314385670e6484117d44f5c442e61e230f7008b7b62d3?s=96&d=mm&r=g\",\"contentUrl\":\"https:\/\/secure.gravatar.com\/avatar\/7268715d2366395c3dd314385670e6484117d44f5c442e61e230f7008b7b62d3?s=96&d=mm&r=g\",\"caption\":\"Filippo Francesco Idone\"},\"url\":\"https:\/\/progettotouring.it\/radiotouring104\/author\/filippoidone\/\"}]}<\/script>\n<!-- \/ Yoast SEO plugin. -->","yoast_head_json":{"title":"Federfarma Calabria: riconfermati Defilippo e Misasi - Radio Touring 104","robots":{"index":"index","follow":"follow","max-snippet":"max-snippet:-1","max-image-preview":"max-image-preview:large","max-video-preview":"max-video-preview:-1"},"canonical":"https:\/\/progettotouring.it\/radiotouring104\/2023\/05\/23\/federfarma-calabria-riconfermati-defilippo-e-misasi\/","og_locale":"it_IT","og_type":"article","og_title":"Federfarma Calabria: riconfermati Defilippo e Misasi - Radio Touring 104","og_description":"Vincenzo Defilippo\u00a0\u00e8 stato confermato per il nuovo triennio 2023-2026 alla Presidenza insieme ad\u00a0Alfonso Misasi Segretario di Federfarma Calabria. L\u2019elezione all\u2019unanimit\u00e0 \u00e8 avvenuta nel Consiglio Direttivo dell\u2019Associazione Regionale, rinnovato luned\u00ec 22&hellip;","og_url":"https:\/\/progettotouring.it\/radiotouring104\/2023\/05\/23\/federfarma-calabria-riconfermati-defilippo-e-misasi\/","og_site_name":"Radio Touring 104","article_published_time":"2023-05-23T07:09:50+00:00","article_modified_time":"2023-05-23T12:32:35+00:00","og_image":[{"width":565,"height":382,"url":"https:\/\/progettotouring.it\/radiotouring104\/wp-content\/uploads\/sites\/6\/2023\/05\/misasi-defilippo-2.jpg","type":"image\/jpeg"}],"author":"Filippo Francesco Idone","twitter_card":"summary_large_image","twitter_misc":{"Scritto da":"Filippo Francesco Idone","Tempo di lettura stimato":"3 minuti"},"schema":{"@context":"https:\/\/schema.org","@graph":[{"@type":"Article","@id":"https:\/\/progettotouring.it\/radiotouring104\/2023\/05\/23\/federfarma-calabria-riconfermati-defilippo-e-misasi\/#article","isPartOf":{"@id":"https:\/\/progettotouring.it\/radiotouring104\/2023\/05\/23\/federfarma-calabria-riconfermati-defilippo-e-misasi\/"},"author":{"name":"Filippo Francesco Idone","@id":"https:\/\/progettotouring.it\/radiotouring104\/#\/schema\/person\/4a82259ca52ac8702ad1a8f9e5a3120b"},"headline":"Federfarma Calabria: riconfermati Defilippo e Misasi","datePublished":"2023-05-23T07:09:50+00:00","dateModified":"2023-05-23T12:32:35+00:00","mainEntityOfPage":{"@id":"https:\/\/progettotouring.it\/radiotouring104\/2023\/05\/23\/federfarma-calabria-riconfermati-defilippo-e-misasi\/"},"wordCount":574,"publisher":{"@id":"https:\/\/progettotouring.it\/radiotouring104\/#organization"},"image":{"@id":"https:\/\/progettotouring.it\/radiotouring104\/2023\/05\/23\/federfarma-calabria-riconfermati-defilippo-e-misasi\/#primaryimage"},"thumbnailUrl":"https:\/\/progettotouring.it\/radiotouring104\/wp-content\/uploads\/sites\/6\/2023\/05\/misasi-defilippo-2.jpg","keywords":["defilippo","Federfarma Calabria","Federfarma Nazionale","misasi"],"articleSection":["Calabria","Home","News","Politica"],"inLanguage":"it-IT"},{"@type":"WebPage","@id":"https:\/\/progettotouring.it\/radiotouring104\/2023\/05\/23\/federfarma-calabria-riconfermati-defilippo-e-misasi\/","url":"https:\/\/progettotouring.it\/radiotouring104\/2023\/05\/23\/federfarma-calabria-riconfermati-defilippo-e-misasi\/","name":"Federfarma Calabria: riconfermati Defilippo e Misasi - Radio Touring 104","isPartOf":{"@id":"https:\/\/progettotouring.it\/radiotouring104\/#website"},"primaryImageOfPage":{"@id":"https:\/\/progettotouring.it\/radiotouring104\/2023\/05\/23\/federfarma-calabria-riconfermati-defilippo-e-misasi\/#primaryimage"},"image":{"@id":"https:\/\/progettotouring.it\/radiotouring104\/2023\/05\/23\/federfarma-calabria-riconfermati-defilippo-e-misasi\/#primaryimage"},"thumbnailUrl":"https:\/\/progettotouring.it\/radiotouring104\/wp-content\/uploads\/sites\/6\/2023\/05\/misasi-defilippo-2.jpg","datePublished":"2023-05-23T07:09:50+00:00","dateModified":"2023-05-23T12:32:35+00:00","breadcrumb":{"@id":"https:\/\/progettotouring.it\/radiotouring104\/2023\/05\/23\/federfarma-calabria-riconfermati-defilippo-e-misasi\/#breadcrumb"},"inLanguage":"it-IT","potentialAction":[{"@type":"ReadAction","target":["https:\/\/progettotouring.it\/radiotouring104\/2023\/05\/23\/federfarma-calabria-riconfermati-defilippo-e-misasi\/"]}]},{"@type":"ImageObject","inLanguage":"it-IT","@id":"https:\/\/progettotouring.it\/radiotouring104\/2023\/05\/23\/federfarma-calabria-riconfermati-defilippo-e-misasi\/#primaryimage","url":"https:\/\/progettotouring.it\/radiotouring104\/wp-content\/uploads\/sites\/6\/2023\/05\/misasi-defilippo-2.jpg","contentUrl":"https:\/\/progettotouring.it\/radiotouring104\/wp-content\/uploads\/sites\/6\/2023\/05\/misasi-defilippo-2.jpg","width":565,"height":382},{"@type":"BreadcrumbList","@id":"https:\/\/progettotouring.it\/radiotouring104\/2023\/05\/23\/federfarma-calabria-riconfermati-defilippo-e-misasi\/#breadcrumb","itemListElement":[{"@type":"ListItem","position":1,"name":"Home","item":"https:\/\/progettotouring.it\/radiotouring104\/"},{"@type":"ListItem","position":2,"name":"Federfarma Calabria: riconfermati Defilippo e Misasi"}]},{"@type":"WebSite","@id":"https:\/\/progettotouring.it\/radiotouring104\/#website","url":"https:\/\/progettotouring.it\/radiotouring104\/","name":"Radio Touring 104","description":"La prima radio Reggina","publisher":{"@id":"https:\/\/progettotouring.it\/radiotouring104\/#organization"},"potentialAction":[{"@type":"SearchAction","target":{"@type":"EntryPoint","urlTemplate":"https:\/\/progettotouring.it\/radiotouring104\/?s={search_term_string}"},"query-input":{"@type":"PropertyValueSpecification","valueRequired":true,"valueName":"search_term_string"}}],"inLanguage":"it-IT"},{"@type":"Organization","@id":"https:\/\/progettotouring.it\/radiotouring104\/#organization","name":"Radio Touring 104","url":"https:\/\/progettotouring.it\/radiotouring104\/","logo":{"@type":"ImageObject","inLanguage":"it-IT","@id":"https:\/\/progettotouring.it\/radiotouring104\/#\/schema\/logo\/image\/","url":"https:\/\/progettotouring.it\/radiotouring104\/wp-content\/uploads\/sites\/6\/2022\/02\/cropped-logo-radio-touring-104.png","contentUrl":"https:\/\/progettotouring.it\/radiotouring104\/wp-content\/uploads\/sites\/6\/2022\/02\/cropped-logo-radio-touring-104.png","width":377,"height":182,"caption":"Radio Touring 104"},"image":{"@id":"https:\/\/progettotouring.it\/radiotouring104\/#\/schema\/logo\/image\/"}},{"@type":"Person","@id":"https:\/\/progettotouring.it\/radiotouring104\/#\/schema\/person\/4a82259ca52ac8702ad1a8f9e5a3120b","name":"Filippo Francesco Idone","image":{"@type":"ImageObject","inLanguage":"it-IT","@id":"https:\/\/secure.gravatar.com\/avatar\/7268715d2366395c3dd314385670e6484117d44f5c442e61e230f7008b7b62d3?s=96&d=mm&r=g","url":"https:\/\/secure.gravatar.com\/avatar\/7268715d2366395c3dd314385670e6484117d44f5c442e61e230f7008b7b62d3?s=96&d=mm&r=g","contentUrl":"https:\/\/secure.gravatar.com\/avatar\/7268715d2366395c3dd314385670e6484117d44f5c442e61e230f7008b7b62d3?s=96&d=mm&r=g","caption":"Filippo Francesco Idone"},"url":"https:\/\/progettotouring.it\/radiotouring104\/author\/filippoidone\/"}]}},"jetpack_publicize_connections":[],"jetpack_featured_media_url":"https:\/\/progettotouring.it\/radiotouring104\/wp-content\/uploads\/sites\/6\/2023\/05\/misasi-defilippo-2.jpg","jetpack_sharing_enabled":true,"_links":{"self":[{"href":"https:\/\/progettotouring.it\/radiotouring104\/wp-json\/wp\/v2\/posts\/26471","targetHints":{"allow":["GET"]}}],"collection":[{"href":"https:\/\/progettotouring.it\/radiotouring104\/wp-json\/wp\/v2\/posts"}],"about":[{"href":"https:\/\/progettotouring.it\/radiotouring104\/wp-json\/wp\/v2\/types\/post"}],"author":[{"embeddable":true,"href":"https:\/\/progettotouring.it\/radiotouring104\/wp-json\/wp\/v2\/users\/8"}],"replies":[{"embeddable":true,"href":"https:\/\/progettotouring.it\/radiotouring104\/wp-json\/wp\/v2\/comments?post=26471"}],"version-history":[{"count":1,"href":"https:\/\/progettotouring.it\/radiotouring104\/wp-json\/wp\/v2\/posts\/26471\/revisions"}],"predecessor-version":[{"id":26473,"href":"https:\/\/progettotouring.it\/radiotouring104\/wp-json\/wp\/v2\/posts\/26471\/revisions\/26473"}],"wp:featuredmedia":[{"embeddable":true,"href":"https:\/\/progettotouring.it\/radiotouring104\/wp-json\/wp\/v2\/media\/26472"}],"wp:attachment":[{"href":"https:\/\/progettotouring.it\/radiotouring104\/wp-json\/wp\/v2\/media?parent=26471"}],"wp:term":[{"taxonomy":"category","embeddable":true,"href":"https:\/\/progettotouring.it\/radiotouring104\/wp-json\/wp\/v2\/categories?post=26471"},{"taxonomy":"post_tag","embeddable":true,"href":"https:\/\/progettotouring.it\/radiotouring104\/wp-json\/wp\/v2\/tags?post=26471"}],"curies":[{"name":"wp","href":"https:\/\/api.w.org\/{rel}","templated":true}]}}