{"id":26715,"date":"2023-05-25T18:05:12","date_gmt":"2023-05-25T16:05:12","guid":{"rendered":"https:\/\/progettotouring.it\/radiotouring104\/?p=26715"},"modified":"2023-05-29T11:22:35","modified_gmt":"2023-05-29T09:22:35","slug":"la-calabria-conquista-il-podio-al-contest-salva-la-tua-lingua-locale","status":"publish","type":"post","link":"https:\/\/progettotouring.it\/radiotouring104\/2023\/05\/25\/la-calabria-conquista-il-podio-al-contest-salva-la-tua-lingua-locale\/","title":{"rendered":"la Calabria conquista il podio al contest: &#8220;Salva la tua lingua locale&#8221;"},"content":{"rendered":"<p>La variet\u00e0 di dialetti regionali costituisce un patrimonio inestimabile per la cultura di ogni cittadino, per questo <strong>l&#8217;Unione Nazionale Pro Loco d&#8217;Italia<\/strong> ha indetto l&#8217;ottava edizione dedicata agli istituti scolastici dell&#8217;iniziativa &#8220;Salva la tua lingua locale &#8220;.<\/p>\n<p>Nel corso delle edizioni hanno partecipato 397 istituti e sono pervenute 535 opere. Nel 2022 aveva registrato 65 istituti e 80 componimenti presentati. La sezione del premio dedicata alla scuola di articolano in tre sezioni: poesia, prosa e musica.<\/p>\n<p>La Calabria ha riscosso grandi risultati nella sezione prosa: L<b>\u2019I.C. Montalto Uffugo \u2013 Lattarico \u2013 Rota Greca \u2013 S. Benedetto Ullano (Cs) <\/b>si \u00e8 classificato al secondo posto ex aequo con il componimento \u2019<em>Na jurnata di mie\u2019<\/em>(dialetto lattarico) di Gianmarco Scalzo e Marco Scigliano &#8211; Classe 2\u00b0 E. (Dirigente Scolastica Prof.ssa Teresa Mancini &#8211; Prof.ssa referente Sandra Ventura).<\/p>\n<p class=\"xmprfx_text-build-content\" data-testid=\"BXht1Lilu\">Sempre nella sezione prosa \u00e8 stata assegnata la seguente menzione speciale:<b> I.C. Rocca di Neto \u2013 Rocca di Neto (KR<\/b>) Classi 1\u00b0 A &#8211; 1\u00b0 B &#8211; 1\u00b0 C per il componimento in prosa \u2018<em>Na gaddrina i lussu\u2019<\/em> (dialetto rocchitano) (Dirigente scolastica Prof.ssa Maria Fontana Ardito &#8211; Prof.ssa referente Rossella Savina Dattolo).<\/p>\n<p class=\"xmprfx_text-build-content\" data-testid=\"BXht1Lilu\">Altre importanti soddisfazioni sono arrivate dalla sezione poesia, con le seguenti menzioni speciali all&#8217;<strong>\u00a0I.C. \u2018G. Guzzo\u2019 &#8211; Tiriolo (CZ) Matteo Torchia<\/strong> &#8211; Classe 2\u00b0 A per il componimento poetico <em>\u2018A casa vacante\u2019<\/em> (dialetto pietrese) (Dirigente Scolastica Maria Rosaria Maiorano &#8211; Prof.ssa referente Pina Giuliana Lucia); l&#8217;\u00a0<strong>I.C. Taverna (CZ)<\/strong> Classe 3\u00b0 F per il componimento poetico \u2018<em>Intra u funnu du mare blu\u2019<\/em> (dialetto pentonese) (Dirigente scolastica Prof.ssa Maria Rosaria Sganga \u2013 Prof.ssa referente Rossella Tallerico).<\/p>\n<p class=\"xmprfx_text-build-content\" data-testid=\"BXht1Lilu\">Premiate per la diffusione del Premio e il coinvolgimento degli Istituti scolastici, le seguenti sei Pro Loco Unpli cui \u00e8 stata attribuita una \u201cMenzione\u201d: <b>Pro Loco Badolato (CZ); Pro Loco di Pentone (CZ); Pro Loco Grimaldi (CS); Pro Loco Belmonte Calabro (CS); Pro Loco \u201cNeaithos\u201d \u2013 Rocca di Neto (KR); Pro Loco San Pietro Apostolo (CZ).<\/b><\/p>\n<p data-testid=\"BXht1Lilu\"><em>&#8220;Parlare in dialetto significa preservare l\u2019identit\u00e0 dei nostri territori e mantenere il contatto con le proprie radici, tramandando un ampio patrimonio immateriale. Ecco perch\u00e9 far conoscere alle nuove generazioni il dialetto, indurle a parlarlo, a scriverlo (certamente la parte pi\u00f9 difficile) \u00e8 assai importante. \u00a0Partecipando al Premio le scuole si fanno carico anche di questa importante missione, salvaguardando un bagaglio culturale, troppo spesso esclusivamente affidato alla meritoria opera dei nonni<\/em>\u201d ha affermato, aprendo la cerimonia, il presidente dell&#8217;Unione Nazionale Pro Loco d&#8217;Italia, <strong>Antonino La Spina<\/strong>.<\/p>\n<p data-testid=\"BXht1Lilu\">\u201c<em>La Calabria tutta oggi si \u00e8 colorata di felicit\u00e0, di quella gioia che solo la cultura sa generare. Gli istituti scolastici e le Pro Loco hanno rappresentato in maniera esemplare la nostra splendida regione, fatta di storia, cultura e tradizioni secolari. La cultura \u00e8 come la vita, \u00e8 bella!<\/em>\u201d ha affermato <strong>Giovanni Fabiano<\/strong>, presidente del Comitato provinciale Unpli di Crotone, durante la consegna dei premi.<\/p>\n<p data-testid=\"BXht1Lilu\"><em>\u201cLa Calabria non ha fatto mancare la propria esperienza e i ragazzi hanno fatto un lavoro eccezionale. Siamo felici perch\u00e9 abbiamo raggiunto degli obiettivi importanti e speriamo che col tempo possano essere sempre pi\u00f9 prestigiosi. \u00c8 il giusto premio per l\u2019impegno profuso dalle scuole, dai dirigenti, dalla insegnanti e dai ragazzi e per la grande attivit\u00e0 di supporto svolta dalle Pro Loco<\/em>\u201d ha commentato il presidente di Unpli Calabria, <strong>Filippo Capellupo<\/strong>.<\/p>\n","protected":false},"excerpt":{"rendered":"<p>La variet\u00e0 di dialetti regionali costituisce un patrimonio inestimabile per la cultura di ogni cittadino, per questo l&#8217;Unione Nazionale Pro Loco d&#8217;Italia ha indetto l&#8217;ottava edizione dedicata agli istituti scolastici&hellip;<\/p>\n","protected":false},"author":14,"featured_media":26718,"comment_status":"closed","ping_status":"open","sticky":false,"template":"","format":"standard","meta":{"_jetpack_memberships_contains_paid_content":false,"footnotes":"","jetpack_publicize_message":"","jetpack_publicize_feature_enabled":true,"jetpack_social_post_already_shared":false,"jetpack_social_options":{"image_generator_settings":{"template":"highway","default_image_id":0,"font":"","enabled":false},"version":2}},"categories":[142,145,921,196],"tags":[15919,15928,15930,15929,15921,15920,15926,15922,15925,15923,15924,15671,15927],"class_list":["post-26715","post","type-post","status-publish","format-standard","has-post-thumbnail","hentry","category-calabria","category-cultura","category-home","category-news","tag-i-c-montalto-uffugo-lattarico-rota-greca-s-benedetto-ullano","tag-antonino-la-spina","tag-filippo-capellupo","tag-giovanni-fabiano","tag-i-c-g-guzzo-tiriolo-cz-matteo-torchia","tag-i-c-rocca-di-neto-rocca-di-neto","tag-pro-loco-neaithos","tag-pro-loco-badolato","tag-pro-loco-belmonte-calabro","tag-pro-loco-di-pentone","tag-pro-loco-grimaldi","tag-pro-loco-italiane","tag-pro-loco-san-pietro-apostolo"],"yoast_head":"<!-- This site is optimized with the Yoast SEO plugin v27.2 - https:\/\/yoast.com\/product\/yoast-seo-wordpress\/ -->\n<title>la Calabria conquista il podio al contest: &quot;Salva la tua lingua locale&quot;<\/title>\n<meta name=\"description\" content=\"&quot;Parlare in dialetto significa preservare l\u2019identit\u00e0 dei nostri territori e mantenere il contatto con le proprie radici, tramandando un ampio patrimonio immateriale&quot;\" \/>\n<meta name=\"robots\" content=\"index, follow, max-snippet:-1, max-image-preview:large, max-video-preview:-1\" \/>\n<link rel=\"canonical\" href=\"https:\/\/progettotouring.it\/radiotouring104\/2023\/05\/25\/la-calabria-conquista-il-podio-al-contest-salva-la-tua-lingua-locale\/\" \/>\n<meta property=\"og:locale\" content=\"it_IT\" \/>\n<meta property=\"og:type\" content=\"article\" \/>\n<meta property=\"og:title\" content=\"la Calabria conquista il podio al contest: &quot;Salva la tua lingua locale&quot;\" \/>\n<meta property=\"og:description\" content=\"&quot;Parlare in dialetto significa preservare l\u2019identit\u00e0 dei nostri territori e mantenere il contatto con le proprie radici, tramandando un ampio patrimonio immateriale&quot;\" \/>\n<meta property=\"og:url\" content=\"https:\/\/progettotouring.it\/radiotouring104\/2023\/05\/25\/la-calabria-conquista-il-podio-al-contest-salva-la-tua-lingua-locale\/\" \/>\n<meta property=\"og:site_name\" content=\"Radio Touring 104\" \/>\n<meta property=\"article:published_time\" content=\"2023-05-25T16:05:12+00:00\" \/>\n<meta property=\"article:modified_time\" content=\"2023-05-29T09:22:35+00:00\" \/>\n<meta property=\"og:image\" content=\"https:\/\/progettotouring.it\/radiotouring104\/wp-content\/uploads\/sites\/6\/2023\/05\/gn1su-2.jpg\" \/>\n\t<meta property=\"og:image:width\" content=\"2268\" \/>\n\t<meta property=\"og:image:height\" content=\"1118\" \/>\n\t<meta property=\"og:image:type\" content=\"image\/jpeg\" \/>\n<meta name=\"author\" content=\"Giovanna Triolo\" \/>\n<meta name=\"twitter:card\" content=\"summary_large_image\" \/>\n<meta name=\"twitter:label1\" content=\"Scritto da\" \/>\n\t<meta name=\"twitter:data1\" content=\"Giovanna Triolo\" \/>\n\t<meta name=\"twitter:label2\" content=\"Tempo di lettura stimato\" \/>\n\t<meta name=\"twitter:data2\" content=\"3 minuti\" \/>\n<script type=\"application\/ld+json\" class=\"yoast-schema-graph\">{\"@context\":\"https:\/\/schema.org\",\"@graph\":[{\"@type\":\"Article\",\"@id\":\"https:\/\/progettotouring.it\/radiotouring104\/2023\/05\/25\/la-calabria-conquista-il-podio-al-contest-salva-la-tua-lingua-locale\/#article\",\"isPartOf\":{\"@id\":\"https:\/\/progettotouring.it\/radiotouring104\/2023\/05\/25\/la-calabria-conquista-il-podio-al-contest-salva-la-tua-lingua-locale\/\"},\"author\":{\"name\":\"Giovanna Triolo\",\"@id\":\"https:\/\/progettotouring.it\/radiotouring104\/#\/schema\/person\/39b7921e814ce650c48075565036a6a7\"},\"headline\":\"la Calabria conquista il podio al contest: &#8220;Salva la tua lingua locale&#8221;\",\"datePublished\":\"2023-05-25T16:05:12+00:00\",\"dateModified\":\"2023-05-29T09:22:35+00:00\",\"mainEntityOfPage\":{\"@id\":\"https:\/\/progettotouring.it\/radiotouring104\/2023\/05\/25\/la-calabria-conquista-il-podio-al-contest-salva-la-tua-lingua-locale\/\"},\"wordCount\":540,\"publisher\":{\"@id\":\"https:\/\/progettotouring.it\/radiotouring104\/#organization\"},\"image\":{\"@id\":\"https:\/\/progettotouring.it\/radiotouring104\/2023\/05\/25\/la-calabria-conquista-il-podio-al-contest-salva-la-tua-lingua-locale\/#primaryimage\"},\"thumbnailUrl\":\"https:\/\/progettotouring.it\/radiotouring104\/wp-content\/uploads\/sites\/6\/2023\/05\/gn1su-2.jpg\",\"keywords\":[\"\u2019I.C. Montalto Uffugo \u2013 Lattarico \u2013 Rota Greca \u2013 S. Benedetto Ullano\",\"Antonino La Spina.\",\"Filippo Capellupo\",\"Giovanni Fabiano\",\"I.C. \u2018G. Guzzo\u2019 - Tiriolo (CZ) Matteo Torchia\",\"I.C. Rocca di Neto \u2013 Rocca di Neto\",\"Pro Loco \u201cNeaithos\u201d\",\"Pro Loco Badolato\",\"Pro Loco Belmonte Calabro\",\"Pro Loco di Pentone\",\"Pro Loco Grimaldi\",\"Pro Loco italiane\",\"Pro Loco San Pietro Apostolo\"],\"articleSection\":[\"Calabria\",\"Cultura\",\"Home\",\"News\"],\"inLanguage\":\"it-IT\"},{\"@type\":\"WebPage\",\"@id\":\"https:\/\/progettotouring.it\/radiotouring104\/2023\/05\/25\/la-calabria-conquista-il-podio-al-contest-salva-la-tua-lingua-locale\/\",\"url\":\"https:\/\/progettotouring.it\/radiotouring104\/2023\/05\/25\/la-calabria-conquista-il-podio-al-contest-salva-la-tua-lingua-locale\/\",\"name\":\"la Calabria conquista il podio al contest: \\\"Salva la tua lingua locale\\\"\",\"isPartOf\":{\"@id\":\"https:\/\/progettotouring.it\/radiotouring104\/#website\"},\"primaryImageOfPage\":{\"@id\":\"https:\/\/progettotouring.it\/radiotouring104\/2023\/05\/25\/la-calabria-conquista-il-podio-al-contest-salva-la-tua-lingua-locale\/#primaryimage\"},\"image\":{\"@id\":\"https:\/\/progettotouring.it\/radiotouring104\/2023\/05\/25\/la-calabria-conquista-il-podio-al-contest-salva-la-tua-lingua-locale\/#primaryimage\"},\"thumbnailUrl\":\"https:\/\/progettotouring.it\/radiotouring104\/wp-content\/uploads\/sites\/6\/2023\/05\/gn1su-2.jpg\",\"datePublished\":\"2023-05-25T16:05:12+00:00\",\"dateModified\":\"2023-05-29T09:22:35+00:00\",\"description\":\"\\\"Parlare in dialetto significa preservare l\u2019identit\u00e0 dei nostri territori e mantenere il contatto con le proprie radici, tramandando un ampio patrimonio immateriale\\\"\",\"breadcrumb\":{\"@id\":\"https:\/\/progettotouring.it\/radiotouring104\/2023\/05\/25\/la-calabria-conquista-il-podio-al-contest-salva-la-tua-lingua-locale\/#breadcrumb\"},\"inLanguage\":\"it-IT\",\"potentialAction\":[{\"@type\":\"ReadAction\",\"target\":[\"https:\/\/progettotouring.it\/radiotouring104\/2023\/05\/25\/la-calabria-conquista-il-podio-al-contest-salva-la-tua-lingua-locale\/\"]}]},{\"@type\":\"ImageObject\",\"inLanguage\":\"it-IT\",\"@id\":\"https:\/\/progettotouring.it\/radiotouring104\/2023\/05\/25\/la-calabria-conquista-il-podio-al-contest-salva-la-tua-lingua-locale\/#primaryimage\",\"url\":\"https:\/\/progettotouring.it\/radiotouring104\/wp-content\/uploads\/sites\/6\/2023\/05\/gn1su-2.jpg\",\"contentUrl\":\"https:\/\/progettotouring.it\/radiotouring104\/wp-content\/uploads\/sites\/6\/2023\/05\/gn1su-2.jpg\",\"width\":2268,\"height\":1118},{\"@type\":\"BreadcrumbList\",\"@id\":\"https:\/\/progettotouring.it\/radiotouring104\/2023\/05\/25\/la-calabria-conquista-il-podio-al-contest-salva-la-tua-lingua-locale\/#breadcrumb\",\"itemListElement\":[{\"@type\":\"ListItem\",\"position\":1,\"name\":\"Home\",\"item\":\"https:\/\/progettotouring.it\/radiotouring104\/\"},{\"@type\":\"ListItem\",\"position\":2,\"name\":\"la Calabria conquista il podio al contest: &#8220;Salva la tua lingua locale&#8221;\"}]},{\"@type\":\"WebSite\",\"@id\":\"https:\/\/progettotouring.it\/radiotouring104\/#website\",\"url\":\"https:\/\/progettotouring.it\/radiotouring104\/\",\"name\":\"Radio Touring 104\",\"description\":\"La prima radio Reggina\",\"publisher\":{\"@id\":\"https:\/\/progettotouring.it\/radiotouring104\/#organization\"},\"potentialAction\":[{\"@type\":\"SearchAction\",\"target\":{\"@type\":\"EntryPoint\",\"urlTemplate\":\"https:\/\/progettotouring.it\/radiotouring104\/?s={search_term_string}\"},\"query-input\":{\"@type\":\"PropertyValueSpecification\",\"valueRequired\":true,\"valueName\":\"search_term_string\"}}],\"inLanguage\":\"it-IT\"},{\"@type\":\"Organization\",\"@id\":\"https:\/\/progettotouring.it\/radiotouring104\/#organization\",\"name\":\"Radio Touring 104\",\"url\":\"https:\/\/progettotouring.it\/radiotouring104\/\",\"logo\":{\"@type\":\"ImageObject\",\"inLanguage\":\"it-IT\",\"@id\":\"https:\/\/progettotouring.it\/radiotouring104\/#\/schema\/logo\/image\/\",\"url\":\"https:\/\/progettotouring.it\/radiotouring104\/wp-content\/uploads\/sites\/6\/2022\/02\/cropped-logo-radio-touring-104.png\",\"contentUrl\":\"https:\/\/progettotouring.it\/radiotouring104\/wp-content\/uploads\/sites\/6\/2022\/02\/cropped-logo-radio-touring-104.png\",\"width\":377,\"height\":182,\"caption\":\"Radio Touring 104\"},\"image\":{\"@id\":\"https:\/\/progettotouring.it\/radiotouring104\/#\/schema\/logo\/image\/\"}},{\"@type\":\"Person\",\"@id\":\"https:\/\/progettotouring.it\/radiotouring104\/#\/schema\/person\/39b7921e814ce650c48075565036a6a7\",\"name\":\"Giovanna Triolo\",\"image\":{\"@type\":\"ImageObject\",\"inLanguage\":\"it-IT\",\"@id\":\"https:\/\/secure.gravatar.com\/avatar\/e542eca288d5fdcf7afd8bda17389faf75f6a208edd42dad42bedab48136e524?s=96&d=mm&r=g\",\"url\":\"https:\/\/secure.gravatar.com\/avatar\/e542eca288d5fdcf7afd8bda17389faf75f6a208edd42dad42bedab48136e524?s=96&d=mm&r=g\",\"contentUrl\":\"https:\/\/secure.gravatar.com\/avatar\/e542eca288d5fdcf7afd8bda17389faf75f6a208edd42dad42bedab48136e524?s=96&d=mm&r=g\",\"caption\":\"Giovanna Triolo\"},\"url\":\"https:\/\/progettotouring.it\/radiotouring104\/author\/giovanna\/\"}]}<\/script>\n<!-- \/ Yoast SEO plugin. -->","yoast_head_json":{"title":"la Calabria conquista il podio al contest: \"Salva la tua lingua locale\"","description":"\"Parlare in dialetto significa preservare l\u2019identit\u00e0 dei nostri territori e mantenere il contatto con le proprie radici, tramandando un ampio patrimonio immateriale\"","robots":{"index":"index","follow":"follow","max-snippet":"max-snippet:-1","max-image-preview":"max-image-preview:large","max-video-preview":"max-video-preview:-1"},"canonical":"https:\/\/progettotouring.it\/radiotouring104\/2023\/05\/25\/la-calabria-conquista-il-podio-al-contest-salva-la-tua-lingua-locale\/","og_locale":"it_IT","og_type":"article","og_title":"la Calabria conquista il podio al contest: \"Salva la tua lingua locale\"","og_description":"\"Parlare in dialetto significa preservare l\u2019identit\u00e0 dei nostri territori e mantenere il contatto con le proprie radici, tramandando un ampio patrimonio immateriale\"","og_url":"https:\/\/progettotouring.it\/radiotouring104\/2023\/05\/25\/la-calabria-conquista-il-podio-al-contest-salva-la-tua-lingua-locale\/","og_site_name":"Radio Touring 104","article_published_time":"2023-05-25T16:05:12+00:00","article_modified_time":"2023-05-29T09:22:35+00:00","og_image":[{"width":2268,"height":1118,"url":"https:\/\/progettotouring.it\/radiotouring104\/wp-content\/uploads\/sites\/6\/2023\/05\/gn1su-2.jpg","type":"image\/jpeg"}],"author":"Giovanna Triolo","twitter_card":"summary_large_image","twitter_misc":{"Scritto da":"Giovanna Triolo","Tempo di lettura stimato":"3 minuti"},"schema":{"@context":"https:\/\/schema.org","@graph":[{"@type":"Article","@id":"https:\/\/progettotouring.it\/radiotouring104\/2023\/05\/25\/la-calabria-conquista-il-podio-al-contest-salva-la-tua-lingua-locale\/#article","isPartOf":{"@id":"https:\/\/progettotouring.it\/radiotouring104\/2023\/05\/25\/la-calabria-conquista-il-podio-al-contest-salva-la-tua-lingua-locale\/"},"author":{"name":"Giovanna Triolo","@id":"https:\/\/progettotouring.it\/radiotouring104\/#\/schema\/person\/39b7921e814ce650c48075565036a6a7"},"headline":"la Calabria conquista il podio al contest: &#8220;Salva la tua lingua locale&#8221;","datePublished":"2023-05-25T16:05:12+00:00","dateModified":"2023-05-29T09:22:35+00:00","mainEntityOfPage":{"@id":"https:\/\/progettotouring.it\/radiotouring104\/2023\/05\/25\/la-calabria-conquista-il-podio-al-contest-salva-la-tua-lingua-locale\/"},"wordCount":540,"publisher":{"@id":"https:\/\/progettotouring.it\/radiotouring104\/#organization"},"image":{"@id":"https:\/\/progettotouring.it\/radiotouring104\/2023\/05\/25\/la-calabria-conquista-il-podio-al-contest-salva-la-tua-lingua-locale\/#primaryimage"},"thumbnailUrl":"https:\/\/progettotouring.it\/radiotouring104\/wp-content\/uploads\/sites\/6\/2023\/05\/gn1su-2.jpg","keywords":["\u2019I.C. Montalto Uffugo \u2013 Lattarico \u2013 Rota Greca \u2013 S. Benedetto Ullano","Antonino La Spina.","Filippo Capellupo","Giovanni Fabiano","I.C. \u2018G. Guzzo\u2019 - Tiriolo (CZ) Matteo Torchia","I.C. Rocca di Neto \u2013 Rocca di Neto","Pro Loco \u201cNeaithos\u201d","Pro Loco Badolato","Pro Loco Belmonte Calabro","Pro Loco di Pentone","Pro Loco Grimaldi","Pro Loco italiane","Pro Loco San Pietro Apostolo"],"articleSection":["Calabria","Cultura","Home","News"],"inLanguage":"it-IT"},{"@type":"WebPage","@id":"https:\/\/progettotouring.it\/radiotouring104\/2023\/05\/25\/la-calabria-conquista-il-podio-al-contest-salva-la-tua-lingua-locale\/","url":"https:\/\/progettotouring.it\/radiotouring104\/2023\/05\/25\/la-calabria-conquista-il-podio-al-contest-salva-la-tua-lingua-locale\/","name":"la Calabria conquista il podio al contest: \"Salva la tua lingua locale\"","isPartOf":{"@id":"https:\/\/progettotouring.it\/radiotouring104\/#website"},"primaryImageOfPage":{"@id":"https:\/\/progettotouring.it\/radiotouring104\/2023\/05\/25\/la-calabria-conquista-il-podio-al-contest-salva-la-tua-lingua-locale\/#primaryimage"},"image":{"@id":"https:\/\/progettotouring.it\/radiotouring104\/2023\/05\/25\/la-calabria-conquista-il-podio-al-contest-salva-la-tua-lingua-locale\/#primaryimage"},"thumbnailUrl":"https:\/\/progettotouring.it\/radiotouring104\/wp-content\/uploads\/sites\/6\/2023\/05\/gn1su-2.jpg","datePublished":"2023-05-25T16:05:12+00:00","dateModified":"2023-05-29T09:22:35+00:00","description":"\"Parlare in dialetto significa preservare l\u2019identit\u00e0 dei nostri territori e mantenere il contatto con le proprie radici, tramandando un ampio patrimonio immateriale\"","breadcrumb":{"@id":"https:\/\/progettotouring.it\/radiotouring104\/2023\/05\/25\/la-calabria-conquista-il-podio-al-contest-salva-la-tua-lingua-locale\/#breadcrumb"},"inLanguage":"it-IT","potentialAction":[{"@type":"ReadAction","target":["https:\/\/progettotouring.it\/radiotouring104\/2023\/05\/25\/la-calabria-conquista-il-podio-al-contest-salva-la-tua-lingua-locale\/"]}]},{"@type":"ImageObject","inLanguage":"it-IT","@id":"https:\/\/progettotouring.it\/radiotouring104\/2023\/05\/25\/la-calabria-conquista-il-podio-al-contest-salva-la-tua-lingua-locale\/#primaryimage","url":"https:\/\/progettotouring.it\/radiotouring104\/wp-content\/uploads\/sites\/6\/2023\/05\/gn1su-2.jpg","contentUrl":"https:\/\/progettotouring.it\/radiotouring104\/wp-content\/uploads\/sites\/6\/2023\/05\/gn1su-2.jpg","width":2268,"height":1118},{"@type":"BreadcrumbList","@id":"https:\/\/progettotouring.it\/radiotouring104\/2023\/05\/25\/la-calabria-conquista-il-podio-al-contest-salva-la-tua-lingua-locale\/#breadcrumb","itemListElement":[{"@type":"ListItem","position":1,"name":"Home","item":"https:\/\/progettotouring.it\/radiotouring104\/"},{"@type":"ListItem","position":2,"name":"la Calabria conquista il podio al contest: &#8220;Salva la tua lingua locale&#8221;"}]},{"@type":"WebSite","@id":"https:\/\/progettotouring.it\/radiotouring104\/#website","url":"https:\/\/progettotouring.it\/radiotouring104\/","name":"Radio Touring 104","description":"La prima radio Reggina","publisher":{"@id":"https:\/\/progettotouring.it\/radiotouring104\/#organization"},"potentialAction":[{"@type":"SearchAction","target":{"@type":"EntryPoint","urlTemplate":"https:\/\/progettotouring.it\/radiotouring104\/?s={search_term_string}"},"query-input":{"@type":"PropertyValueSpecification","valueRequired":true,"valueName":"search_term_string"}}],"inLanguage":"it-IT"},{"@type":"Organization","@id":"https:\/\/progettotouring.it\/radiotouring104\/#organization","name":"Radio Touring 104","url":"https:\/\/progettotouring.it\/radiotouring104\/","logo":{"@type":"ImageObject","inLanguage":"it-IT","@id":"https:\/\/progettotouring.it\/radiotouring104\/#\/schema\/logo\/image\/","url":"https:\/\/progettotouring.it\/radiotouring104\/wp-content\/uploads\/sites\/6\/2022\/02\/cropped-logo-radio-touring-104.png","contentUrl":"https:\/\/progettotouring.it\/radiotouring104\/wp-content\/uploads\/sites\/6\/2022\/02\/cropped-logo-radio-touring-104.png","width":377,"height":182,"caption":"Radio Touring 104"},"image":{"@id":"https:\/\/progettotouring.it\/radiotouring104\/#\/schema\/logo\/image\/"}},{"@type":"Person","@id":"https:\/\/progettotouring.it\/radiotouring104\/#\/schema\/person\/39b7921e814ce650c48075565036a6a7","name":"Giovanna Triolo","image":{"@type":"ImageObject","inLanguage":"it-IT","@id":"https:\/\/secure.gravatar.com\/avatar\/e542eca288d5fdcf7afd8bda17389faf75f6a208edd42dad42bedab48136e524?s=96&d=mm&r=g","url":"https:\/\/secure.gravatar.com\/avatar\/e542eca288d5fdcf7afd8bda17389faf75f6a208edd42dad42bedab48136e524?s=96&d=mm&r=g","contentUrl":"https:\/\/secure.gravatar.com\/avatar\/e542eca288d5fdcf7afd8bda17389faf75f6a208edd42dad42bedab48136e524?s=96&d=mm&r=g","caption":"Giovanna Triolo"},"url":"https:\/\/progettotouring.it\/radiotouring104\/author\/giovanna\/"}]}},"jetpack_publicize_connections":[],"jetpack_featured_media_url":"https:\/\/progettotouring.it\/radiotouring104\/wp-content\/uploads\/sites\/6\/2023\/05\/gn1su-2.jpg","jetpack_sharing_enabled":true,"_links":{"self":[{"href":"https:\/\/progettotouring.it\/radiotouring104\/wp-json\/wp\/v2\/posts\/26715","targetHints":{"allow":["GET"]}}],"collection":[{"href":"https:\/\/progettotouring.it\/radiotouring104\/wp-json\/wp\/v2\/posts"}],"about":[{"href":"https:\/\/progettotouring.it\/radiotouring104\/wp-json\/wp\/v2\/types\/post"}],"author":[{"embeddable":true,"href":"https:\/\/progettotouring.it\/radiotouring104\/wp-json\/wp\/v2\/users\/14"}],"replies":[{"embeddable":true,"href":"https:\/\/progettotouring.it\/radiotouring104\/wp-json\/wp\/v2\/comments?post=26715"}],"version-history":[{"count":2,"href":"https:\/\/progettotouring.it\/radiotouring104\/wp-json\/wp\/v2\/posts\/26715\/revisions"}],"predecessor-version":[{"id":26887,"href":"https:\/\/progettotouring.it\/radiotouring104\/wp-json\/wp\/v2\/posts\/26715\/revisions\/26887"}],"wp:featuredmedia":[{"embeddable":true,"href":"https:\/\/progettotouring.it\/radiotouring104\/wp-json\/wp\/v2\/media\/26718"}],"wp:attachment":[{"href":"https:\/\/progettotouring.it\/radiotouring104\/wp-json\/wp\/v2\/media?parent=26715"}],"wp:term":[{"taxonomy":"category","embeddable":true,"href":"https:\/\/progettotouring.it\/radiotouring104\/wp-json\/wp\/v2\/categories?post=26715"},{"taxonomy":"post_tag","embeddable":true,"href":"https:\/\/progettotouring.it\/radiotouring104\/wp-json\/wp\/v2\/tags?post=26715"}],"curies":[{"name":"wp","href":"https:\/\/api.w.org\/{rel}","templated":true}]}}