{"id":26721,"date":"2023-05-25T20:35:14","date_gmt":"2023-05-25T18:35:14","guid":{"rendered":"https:\/\/progettotouring.it\/radiotouring104\/?p=26721"},"modified":"2023-05-25T20:35:14","modified_gmt":"2023-05-25T18:35:14","slug":"reggina-saladini-alla-vigilia-del-match-col-sudtirol-sto-vivendo-ore-di-grandi-emozioni","status":"publish","type":"post","link":"https:\/\/progettotouring.it\/radiotouring104\/2023\/05\/25\/reggina-saladini-alla-vigilia-del-match-col-sudtirol-sto-vivendo-ore-di-grandi-emozioni\/","title":{"rendered":"Reggina, Saladini alla vigilia del match col SudTirol: &#8220;Sto vivendo ore di grandi emozioni&#8221;"},"content":{"rendered":"<p style=\"text-align: justify\"><em>&#8220;<strong>Sto vivendo ore di grandi emozioni,<\/strong> soddisfazioni e orgoglio. Siamo alla vigilia di una partita decisiva dei playoff della nostra squadra. Domani non riuscir\u00f2 ad essere fisicamente sul campo ma vivr\u00f2 ogni secondo, per quanto possibile, come se fossi l\u00ec. La visione e l\u2019impegno per una societ\u00e0 solida e trasparente ci ha portato a risultati che un anno fa sembravano impossibili. Forza <strong>Reggina<\/strong>!!!&#8221;\u00a0<\/em>Queste sono state le parole del Patron <strong>Felice Saladini<\/strong> alla viglia della sfida playoff tra la <strong>Reggina<\/strong> e il <strong>SudTirol<\/strong> che si disputer\u00e0 domani alle 20.30 al <strong>Druso<\/strong> di Bolzano.<\/p>\n","protected":false},"excerpt":{"rendered":"<p>&#8220;Sto vivendo ore di grandi emozioni, soddisfazioni e orgoglio. Siamo alla vigilia di una partita decisiva dei playoff della nostra squadra. Domani non riuscir\u00f2 ad essere fisicamente sul campo ma&hellip;<\/p>\n","protected":false},"author":8,"featured_media":0,"comment_status":"closed","ping_status":"open","sticky":false,"template":"","format":"standard","meta":{"_jetpack_memberships_contains_paid_content":false,"footnotes":"","jetpack_publicize_message":"","jetpack_publicize_feature_enabled":true,"jetpack_social_post_already_shared":false,"jetpack_social_options":{"image_generator_settings":{"template":"highway","default_image_id":0,"font":"","enabled":false},"version":2}},"categories":[196,140,144],"tags":[210,3049,419,4235],"class_list":["post-26721","post","type-post","status-publish","format-standard","hentry","category-news","category-reggio-calabria","category-sport","tag-reggina","tag-saladini","tag-serie-b","tag-sudtirol"],"yoast_head":"<!-- This site is optimized with the Yoast SEO plugin v27.2 - https:\/\/yoast.com\/product\/yoast-seo-wordpress\/ -->\n<title>Reggina, Saladini alla vigilia del match col SudTirol: &quot;Sto vivendo ore di grandi emozioni&quot; - Radio Touring 104<\/title>\n<meta name=\"description\" content=\"Felice Saladini ha parlato sui social alla viglia della sfida playoff tra la Reggina e il SudTirol che si disputer\u00e0 al Druso\" \/>\n<meta name=\"robots\" content=\"index, follow, max-snippet:-1, max-image-preview:large, max-video-preview:-1\" \/>\n<link rel=\"canonical\" href=\"https:\/\/progettotouring.it\/radiotouring104\/2023\/05\/25\/reggina-saladini-alla-vigilia-del-match-col-sudtirol-sto-vivendo-ore-di-grandi-emozioni\/\" \/>\n<meta property=\"og:locale\" content=\"it_IT\" \/>\n<meta property=\"og:type\" content=\"article\" \/>\n<meta property=\"og:title\" content=\"Reggina, Saladini alla vigilia del match col SudTirol: &quot;Sto vivendo ore di grandi emozioni&quot; - Radio Touring 104\" \/>\n<meta property=\"og:description\" content=\"Felice Saladini ha parlato sui social alla viglia della sfida playoff tra la Reggina e il SudTirol che si disputer\u00e0 al Druso\" \/>\n<meta property=\"og:url\" content=\"https:\/\/progettotouring.it\/radiotouring104\/2023\/05\/25\/reggina-saladini-alla-vigilia-del-match-col-sudtirol-sto-vivendo-ore-di-grandi-emozioni\/\" \/>\n<meta property=\"og:site_name\" content=\"Radio Touring 104\" \/>\n<meta property=\"article:published_time\" content=\"2023-05-25T18:35:14+00:00\" \/>\n<meta property=\"og:image\" content=\"https:\/\/progettotouring.it\/radiotouring104\/wp-content\/uploads\/sites\/6\/2022\/06\/Saladini-presidente-reggina-4.jpeg\" \/>\n\t<meta property=\"og:image:width\" content=\"1599\" \/>\n\t<meta property=\"og:image:height\" content=\"899\" \/>\n\t<meta property=\"og:image:type\" content=\"image\/jpeg\" \/>\n<meta name=\"author\" content=\"Filippo Francesco Idone\" \/>\n<meta name=\"twitter:card\" content=\"summary_large_image\" \/>\n<meta name=\"twitter:label1\" content=\"Scritto da\" \/>\n\t<meta name=\"twitter:data1\" content=\"Filippo Francesco Idone\" \/>\n<script type=\"application\/ld+json\" class=\"yoast-schema-graph\">{\"@context\":\"https:\/\/schema.org\",\"@graph\":[{\"@type\":\"Article\",\"@id\":\"https:\/\/progettotouring.it\/radiotouring104\/2023\/05\/25\/reggina-saladini-alla-vigilia-del-match-col-sudtirol-sto-vivendo-ore-di-grandi-emozioni\/#article\",\"isPartOf\":{\"@id\":\"https:\/\/progettotouring.it\/radiotouring104\/2023\/05\/25\/reggina-saladini-alla-vigilia-del-match-col-sudtirol-sto-vivendo-ore-di-grandi-emozioni\/\"},\"author\":{\"name\":\"Filippo Francesco Idone\",\"@id\":\"https:\/\/progettotouring.it\/radiotouring104\/#\/schema\/person\/4a82259ca52ac8702ad1a8f9e5a3120b\"},\"headline\":\"Reggina, Saladini alla vigilia del match col SudTirol: &#8220;Sto vivendo ore di grandi emozioni&#8221;\",\"datePublished\":\"2023-05-25T18:35:14+00:00\",\"mainEntityOfPage\":{\"@id\":\"https:\/\/progettotouring.it\/radiotouring104\/2023\/05\/25\/reggina-saladini-alla-vigilia-del-match-col-sudtirol-sto-vivendo-ore-di-grandi-emozioni\/\"},\"wordCount\":107,\"publisher\":{\"@id\":\"https:\/\/progettotouring.it\/radiotouring104\/#organization\"},\"keywords\":[\"reggina\",\"saladini\",\"serie b\",\"sudtirol\"],\"articleSection\":[\"News\",\"Reggio Calabria\",\"Sport\"],\"inLanguage\":\"it-IT\"},{\"@type\":\"WebPage\",\"@id\":\"https:\/\/progettotouring.it\/radiotouring104\/2023\/05\/25\/reggina-saladini-alla-vigilia-del-match-col-sudtirol-sto-vivendo-ore-di-grandi-emozioni\/\",\"url\":\"https:\/\/progettotouring.it\/radiotouring104\/2023\/05\/25\/reggina-saladini-alla-vigilia-del-match-col-sudtirol-sto-vivendo-ore-di-grandi-emozioni\/\",\"name\":\"Reggina, Saladini alla vigilia del match col SudTirol: \\\"Sto vivendo ore di grandi emozioni\\\" - Radio Touring 104\",\"isPartOf\":{\"@id\":\"https:\/\/progettotouring.it\/radiotouring104\/#website\"},\"datePublished\":\"2023-05-25T18:35:14+00:00\",\"description\":\"Felice Saladini ha parlato sui social alla viglia della sfida playoff tra la Reggina e il SudTirol che si disputer\u00e0 al Druso\",\"breadcrumb\":{\"@id\":\"https:\/\/progettotouring.it\/radiotouring104\/2023\/05\/25\/reggina-saladini-alla-vigilia-del-match-col-sudtirol-sto-vivendo-ore-di-grandi-emozioni\/#breadcrumb\"},\"inLanguage\":\"it-IT\",\"potentialAction\":[{\"@type\":\"ReadAction\",\"target\":[\"https:\/\/progettotouring.it\/radiotouring104\/2023\/05\/25\/reggina-saladini-alla-vigilia-del-match-col-sudtirol-sto-vivendo-ore-di-grandi-emozioni\/\"]}]},{\"@type\":\"BreadcrumbList\",\"@id\":\"https:\/\/progettotouring.it\/radiotouring104\/2023\/05\/25\/reggina-saladini-alla-vigilia-del-match-col-sudtirol-sto-vivendo-ore-di-grandi-emozioni\/#breadcrumb\",\"itemListElement\":[{\"@type\":\"ListItem\",\"position\":1,\"name\":\"Home\",\"item\":\"https:\/\/progettotouring.it\/radiotouring104\/\"},{\"@type\":\"ListItem\",\"position\":2,\"name\":\"Reggina, Saladini alla vigilia del match col SudTirol: &#8220;Sto vivendo ore di grandi emozioni&#8221;\"}]},{\"@type\":\"WebSite\",\"@id\":\"https:\/\/progettotouring.it\/radiotouring104\/#website\",\"url\":\"https:\/\/progettotouring.it\/radiotouring104\/\",\"name\":\"Radio Touring 104\",\"description\":\"La prima radio Reggina\",\"publisher\":{\"@id\":\"https:\/\/progettotouring.it\/radiotouring104\/#organization\"},\"potentialAction\":[{\"@type\":\"SearchAction\",\"target\":{\"@type\":\"EntryPoint\",\"urlTemplate\":\"https:\/\/progettotouring.it\/radiotouring104\/?s={search_term_string}\"},\"query-input\":{\"@type\":\"PropertyValueSpecification\",\"valueRequired\":true,\"valueName\":\"search_term_string\"}}],\"inLanguage\":\"it-IT\"},{\"@type\":\"Organization\",\"@id\":\"https:\/\/progettotouring.it\/radiotouring104\/#organization\",\"name\":\"Radio Touring 104\",\"url\":\"https:\/\/progettotouring.it\/radiotouring104\/\",\"logo\":{\"@type\":\"ImageObject\",\"inLanguage\":\"it-IT\",\"@id\":\"https:\/\/progettotouring.it\/radiotouring104\/#\/schema\/logo\/image\/\",\"url\":\"https:\/\/progettotouring.it\/radiotouring104\/wp-content\/uploads\/sites\/6\/2022\/02\/cropped-logo-radio-touring-104.png\",\"contentUrl\":\"https:\/\/progettotouring.it\/radiotouring104\/wp-content\/uploads\/sites\/6\/2022\/02\/cropped-logo-radio-touring-104.png\",\"width\":377,\"height\":182,\"caption\":\"Radio Touring 104\"},\"image\":{\"@id\":\"https:\/\/progettotouring.it\/radiotouring104\/#\/schema\/logo\/image\/\"}},{\"@type\":\"Person\",\"@id\":\"https:\/\/progettotouring.it\/radiotouring104\/#\/schema\/person\/4a82259ca52ac8702ad1a8f9e5a3120b\",\"name\":\"Filippo Francesco Idone\",\"image\":{\"@type\":\"ImageObject\",\"inLanguage\":\"it-IT\",\"@id\":\"https:\/\/secure.gravatar.com\/avatar\/7268715d2366395c3dd314385670e6484117d44f5c442e61e230f7008b7b62d3?s=96&d=mm&r=g\",\"url\":\"https:\/\/secure.gravatar.com\/avatar\/7268715d2366395c3dd314385670e6484117d44f5c442e61e230f7008b7b62d3?s=96&d=mm&r=g\",\"contentUrl\":\"https:\/\/secure.gravatar.com\/avatar\/7268715d2366395c3dd314385670e6484117d44f5c442e61e230f7008b7b62d3?s=96&d=mm&r=g\",\"caption\":\"Filippo Francesco Idone\"},\"url\":\"https:\/\/progettotouring.it\/radiotouring104\/author\/filippoidone\/\"}]}<\/script>\n<!-- \/ Yoast SEO plugin. -->","yoast_head_json":{"title":"Reggina, Saladini alla vigilia del match col SudTirol: \"Sto vivendo ore di grandi emozioni\" - Radio Touring 104","description":"Felice Saladini ha parlato sui social alla viglia della sfida playoff tra la Reggina e il SudTirol che si disputer\u00e0 al Druso","robots":{"index":"index","follow":"follow","max-snippet":"max-snippet:-1","max-image-preview":"max-image-preview:large","max-video-preview":"max-video-preview:-1"},"canonical":"https:\/\/progettotouring.it\/radiotouring104\/2023\/05\/25\/reggina-saladini-alla-vigilia-del-match-col-sudtirol-sto-vivendo-ore-di-grandi-emozioni\/","og_locale":"it_IT","og_type":"article","og_title":"Reggina, Saladini alla vigilia del match col SudTirol: \"Sto vivendo ore di grandi emozioni\" - Radio Touring 104","og_description":"Felice Saladini ha parlato sui social alla viglia della sfida playoff tra la Reggina e il SudTirol che si disputer\u00e0 al Druso","og_url":"https:\/\/progettotouring.it\/radiotouring104\/2023\/05\/25\/reggina-saladini-alla-vigilia-del-match-col-sudtirol-sto-vivendo-ore-di-grandi-emozioni\/","og_site_name":"Radio Touring 104","article_published_time":"2023-05-25T18:35:14+00:00","og_image":[{"width":1599,"height":899,"url":"https:\/\/progettotouring.it\/radiotouring104\/wp-content\/uploads\/sites\/6\/2022\/06\/Saladini-presidente-reggina-4.jpeg","type":"image\/jpeg"}],"author":"Filippo Francesco Idone","twitter_card":"summary_large_image","twitter_misc":{"Scritto da":"Filippo Francesco Idone"},"schema":{"@context":"https:\/\/schema.org","@graph":[{"@type":"Article","@id":"https:\/\/progettotouring.it\/radiotouring104\/2023\/05\/25\/reggina-saladini-alla-vigilia-del-match-col-sudtirol-sto-vivendo-ore-di-grandi-emozioni\/#article","isPartOf":{"@id":"https:\/\/progettotouring.it\/radiotouring104\/2023\/05\/25\/reggina-saladini-alla-vigilia-del-match-col-sudtirol-sto-vivendo-ore-di-grandi-emozioni\/"},"author":{"name":"Filippo Francesco Idone","@id":"https:\/\/progettotouring.it\/radiotouring104\/#\/schema\/person\/4a82259ca52ac8702ad1a8f9e5a3120b"},"headline":"Reggina, Saladini alla vigilia del match col SudTirol: &#8220;Sto vivendo ore di grandi emozioni&#8221;","datePublished":"2023-05-25T18:35:14+00:00","mainEntityOfPage":{"@id":"https:\/\/progettotouring.it\/radiotouring104\/2023\/05\/25\/reggina-saladini-alla-vigilia-del-match-col-sudtirol-sto-vivendo-ore-di-grandi-emozioni\/"},"wordCount":107,"publisher":{"@id":"https:\/\/progettotouring.it\/radiotouring104\/#organization"},"keywords":["reggina","saladini","serie b","sudtirol"],"articleSection":["News","Reggio Calabria","Sport"],"inLanguage":"it-IT"},{"@type":"WebPage","@id":"https:\/\/progettotouring.it\/radiotouring104\/2023\/05\/25\/reggina-saladini-alla-vigilia-del-match-col-sudtirol-sto-vivendo-ore-di-grandi-emozioni\/","url":"https:\/\/progettotouring.it\/radiotouring104\/2023\/05\/25\/reggina-saladini-alla-vigilia-del-match-col-sudtirol-sto-vivendo-ore-di-grandi-emozioni\/","name":"Reggina, Saladini alla vigilia del match col SudTirol: \"Sto vivendo ore di grandi emozioni\" - Radio Touring 104","isPartOf":{"@id":"https:\/\/progettotouring.it\/radiotouring104\/#website"},"datePublished":"2023-05-25T18:35:14+00:00","description":"Felice Saladini ha parlato sui social alla viglia della sfida playoff tra la Reggina e il SudTirol che si disputer\u00e0 al Druso","breadcrumb":{"@id":"https:\/\/progettotouring.it\/radiotouring104\/2023\/05\/25\/reggina-saladini-alla-vigilia-del-match-col-sudtirol-sto-vivendo-ore-di-grandi-emozioni\/#breadcrumb"},"inLanguage":"it-IT","potentialAction":[{"@type":"ReadAction","target":["https:\/\/progettotouring.it\/radiotouring104\/2023\/05\/25\/reggina-saladini-alla-vigilia-del-match-col-sudtirol-sto-vivendo-ore-di-grandi-emozioni\/"]}]},{"@type":"BreadcrumbList","@id":"https:\/\/progettotouring.it\/radiotouring104\/2023\/05\/25\/reggina-saladini-alla-vigilia-del-match-col-sudtirol-sto-vivendo-ore-di-grandi-emozioni\/#breadcrumb","itemListElement":[{"@type":"ListItem","position":1,"name":"Home","item":"https:\/\/progettotouring.it\/radiotouring104\/"},{"@type":"ListItem","position":2,"name":"Reggina, Saladini alla vigilia del match col SudTirol: &#8220;Sto vivendo ore di grandi emozioni&#8221;"}]},{"@type":"WebSite","@id":"https:\/\/progettotouring.it\/radiotouring104\/#website","url":"https:\/\/progettotouring.it\/radiotouring104\/","name":"Radio Touring 104","description":"La prima radio Reggina","publisher":{"@id":"https:\/\/progettotouring.it\/radiotouring104\/#organization"},"potentialAction":[{"@type":"SearchAction","target":{"@type":"EntryPoint","urlTemplate":"https:\/\/progettotouring.it\/radiotouring104\/?s={search_term_string}"},"query-input":{"@type":"PropertyValueSpecification","valueRequired":true,"valueName":"search_term_string"}}],"inLanguage":"it-IT"},{"@type":"Organization","@id":"https:\/\/progettotouring.it\/radiotouring104\/#organization","name":"Radio Touring 104","url":"https:\/\/progettotouring.it\/radiotouring104\/","logo":{"@type":"ImageObject","inLanguage":"it-IT","@id":"https:\/\/progettotouring.it\/radiotouring104\/#\/schema\/logo\/image\/","url":"https:\/\/progettotouring.it\/radiotouring104\/wp-content\/uploads\/sites\/6\/2022\/02\/cropped-logo-radio-touring-104.png","contentUrl":"https:\/\/progettotouring.it\/radiotouring104\/wp-content\/uploads\/sites\/6\/2022\/02\/cropped-logo-radio-touring-104.png","width":377,"height":182,"caption":"Radio Touring 104"},"image":{"@id":"https:\/\/progettotouring.it\/radiotouring104\/#\/schema\/logo\/image\/"}},{"@type":"Person","@id":"https:\/\/progettotouring.it\/radiotouring104\/#\/schema\/person\/4a82259ca52ac8702ad1a8f9e5a3120b","name":"Filippo Francesco Idone","image":{"@type":"ImageObject","inLanguage":"it-IT","@id":"https:\/\/secure.gravatar.com\/avatar\/7268715d2366395c3dd314385670e6484117d44f5c442e61e230f7008b7b62d3?s=96&d=mm&r=g","url":"https:\/\/secure.gravatar.com\/avatar\/7268715d2366395c3dd314385670e6484117d44f5c442e61e230f7008b7b62d3?s=96&d=mm&r=g","contentUrl":"https:\/\/secure.gravatar.com\/avatar\/7268715d2366395c3dd314385670e6484117d44f5c442e61e230f7008b7b62d3?s=96&d=mm&r=g","caption":"Filippo Francesco Idone"},"url":"https:\/\/progettotouring.it\/radiotouring104\/author\/filippoidone\/"}]}},"jetpack_publicize_connections":[],"jetpack_featured_media_url":"","jetpack_sharing_enabled":true,"_links":{"self":[{"href":"https:\/\/progettotouring.it\/radiotouring104\/wp-json\/wp\/v2\/posts\/26721","targetHints":{"allow":["GET"]}}],"collection":[{"href":"https:\/\/progettotouring.it\/radiotouring104\/wp-json\/wp\/v2\/posts"}],"about":[{"href":"https:\/\/progettotouring.it\/radiotouring104\/wp-json\/wp\/v2\/types\/post"}],"author":[{"embeddable":true,"href":"https:\/\/progettotouring.it\/radiotouring104\/wp-json\/wp\/v2\/users\/8"}],"replies":[{"embeddable":true,"href":"https:\/\/progettotouring.it\/radiotouring104\/wp-json\/wp\/v2\/comments?post=26721"}],"version-history":[{"count":1,"href":"https:\/\/progettotouring.it\/radiotouring104\/wp-json\/wp\/v2\/posts\/26721\/revisions"}],"predecessor-version":[{"id":26722,"href":"https:\/\/progettotouring.it\/radiotouring104\/wp-json\/wp\/v2\/posts\/26721\/revisions\/26722"}],"wp:attachment":[{"href":"https:\/\/progettotouring.it\/radiotouring104\/wp-json\/wp\/v2\/media?parent=26721"}],"wp:term":[{"taxonomy":"category","embeddable":true,"href":"https:\/\/progettotouring.it\/radiotouring104\/wp-json\/wp\/v2\/categories?post=26721"},{"taxonomy":"post_tag","embeddable":true,"href":"https:\/\/progettotouring.it\/radiotouring104\/wp-json\/wp\/v2\/tags?post=26721"}],"curies":[{"name":"wp","href":"https:\/\/api.w.org\/{rel}","templated":true}]}}