{"id":27000,"date":"2023-05-30T12:37:24","date_gmt":"2023-05-30T10:37:24","guid":{"rendered":"https:\/\/progettotouring.it\/radiotouring104\/?p=27000"},"modified":"2023-05-30T12:45:50","modified_gmt":"2023-05-30T10:45:50","slug":"arghilla-inaugurato-il-nuovo-campetto-di-quartiere-a-modenelle","status":"publish","type":"post","link":"https:\/\/progettotouring.it\/radiotouring104\/2023\/05\/30\/arghilla-inaugurato-il-nuovo-campetto-di-quartiere-a-modenelle\/","title":{"rendered":"Arghill\u00e0: inaugurato il nuovo campetto di quartiere a Modenelle"},"content":{"rendered":"<p style=\"text-align: justify\">Giornata nel segno dello sport e della legalit\u00e0 a Modenelle di Arghill\u00e0 dove \u00e8 stato inaugurato il nuovo campetto di calcio di quartiere voluto dall&#8217;Amministrazione comunale reggina. Per l&#8217;inaugurazione, organizzata in collaborazione con il Csi, si \u00e8 svolta la partita amichevole fra i giovani del quartiere, riuniti nella polisportiva &#8220;Arghill\u00e0 a colori&#8221;, gli stessi operatori del Csi ed una selezione di magistrati reggini.<\/p>\n<p style=\"text-align: justify\">L&#8217;iniziativa, inserita nell&#8217;ambito del pi\u00f9 vasto <strong>progetto &#8220;Memoria \u00e8 cultura&#8221;,<\/strong> il programma che vuole rendere omaggio al ricordo alle vittime delle mafie e alle buone pratiche di legalit\u00e0, ha visto la partecipazione del sindaco facente funzioni, <strong>Paolo Brunetti,<\/strong> dell&#8217;assessore alla Sicurezza, <strong>Giuggi Palmenta,<\/strong> del consigliere delegato allo Sport, <strong>Gianni Latella,<\/strong> del presidente del consiglio comunale<strong> Enzo Marra,<\/strong> del consigliere comunale <strong>Franco Barreca,<\/strong> degli operatori del Csi di Reggio Calabria guidati dal <strong>Presidente Paolo Cicci\u00f9,<\/strong> dei rappresentanti della<strong> Prefettura, della Procura della Repubblica di Reggio Calabria e delle forze dell&#8217;ordine.<\/strong><\/p>\n<p style=\"text-align: justify\">\u00ab<em>In tutte le altre citt\u00e0<\/em> &#8211;<strong> ha detto Brunetti<\/strong> &#8211;<em> l&#8217;inaugurazione di una struttura sportiva \u00e8 una cosa normale. Ad Arghill\u00e0, invece, assume un valore molto importante, considerate le tante difficolt\u00e0 che vive il quartiere. Oggi, un pezzo di questo rione, viene restituito ai cittadini. Dove sorgevano il degrado ed un cimitero di auto, adesso c&#8217;\u00e8 uno spazio che diventa opportunit\u00e0 per i ragazzi e l ragazze di Arghill\u00e0 che potranno socializzare, giocare e incontrarsi all&#8217;aria aperta e a due passi dalle loro case\u00bb. \u00abIl messaggio da lanciare alla popolazione di Modenelle<\/em> &#8211;<strong> ha continuato il sindaco facente funzioni<\/strong> &#8211; <em>\u00e8 che l&#8217;amministratore comunale \u00e8 presente con gesti che possono sembrare piccoli, ma che hanno un grandissimo valore sociale. Il bene pubblico, adesso, \u00e8 di tutti e tutti saranno chiamati a viverlo, custodirlo, valorizzarlo e mantenerlo per come \u00e8 stato consegnato\u00bb.<\/em><\/p>\n<p style=\"text-align: justify\">Per l&#8217;<strong>assessora Palmenta<\/strong> l&#8217;inaugurazione del campetto di Arghill\u00e0<em> \u00ab\u00e8 una scommessa vinta dall&#8217;amministrazione Falcomat\u00e0 che ha voluto scegliere questo quartiere proprio per dare un segnale di riscatto sociale che va al di l\u00e0 dello sport e del semplice impianto sportivo\u00bb<\/em>.<em> \u00abQuesto campo da gioco<\/em> &#8211; ha affermato <em>&#8211; \u00e8 una macchia di colore in una situazione un po&#8217; grigia. Attraverso dei fondi nazionali per il recupero e la realizzazione di strutture sociali, abbiamo voluto dotare Arghill\u00e0 del primo campetto pubblico. Ora, la nuova sfida passa nelle mani delle ragazze e dei ragazzi del territorio che dovranno prendersene cura\u00bb.<\/em><\/p>\n<p style=\"text-align: justify\">L&#8217;aspetto sociale dell&#8217;iniziativa \u00e8 stato sottolineato anche dal<strong> consigliere delegato Gianni Latella:<\/strong> <em>\u00abArriva a conclusione una delle idee pi\u00f9 belle portate avanti seguendo le linee di mandato del sindaco Giuseppe Falcomat\u00e0. Uno spazio di crescita e aggregazione, un&#8217;area tutta dedicata ai giovani di Arghill\u00e0 che avranno modo di vivere, in maniera inedita e positiva, un quartiere comunque ricco di difficolt\u00e0 e contraddizioni\u00bb. \u00ab\u00c8 un bel momento<\/em> &#8211; <strong>ha concluso il consigliere delegato<\/strong> &#8211;<em> in cui le istituzioni, in forte sinergia, hanno voluto partecipare ad una vera e propria festa dello sport e dell&#8217;amicizia, diffondendo attenzione e speranza in una zona difficile della citt\u00e0\u00bb. <\/em>La splendida partita fra i ragazzi di Modenelle, i referenti del Csi ed alcuni magistrati ha, quindi, un solo vincitore<em>: \u00abLa citt\u00e0 di Reggio Calabria che, ancora una volta, si \u00e8 dimostrata inclusiva e presente di fronte alle fragilit\u00e0 del territorio\u00bb.<\/em><\/p>\n","protected":false},"excerpt":{"rendered":"<p>Giornata nel segno dello sport e della legalit\u00e0 a Modenelle di Arghill\u00e0 dove \u00e8 stato inaugurato il nuovo campetto di calcio di quartiere voluto dall&#8217;Amministrazione comunale reggina. Per l&#8217;inaugurazione, organizzata&hellip;<\/p>\n","protected":false},"author":12,"featured_media":27001,"comment_status":"closed","ping_status":"open","sticky":false,"template":"","format":"standard","meta":{"_jetpack_memberships_contains_paid_content":false,"footnotes":"","jetpack_publicize_message":"","jetpack_publicize_feature_enabled":true,"jetpack_social_post_already_shared":false,"jetpack_social_options":{"image_generator_settings":{"template":"highway","default_image_id":0,"font":"","enabled":false},"version":2}},"categories":[921,196,140],"tags":[16145,990,16144,11616,16148,1524,16143,6841,16149,16147,16146,15269],"class_list":["post-27000","post","type-post","status-publish","format-standard","has-post-thumbnail","hentry","category-home","category-news","category-reggio-calabria","tag-amministrazione-falcomata","tag-arghilla","tag-assessora-palmenta","tag-consigliere-comunale-con-delega-sport-e-impianti-giovanni-latella","tag-consigliere-comunale-franco-barreca","tag-giuggi-palmenta","tag-inaugurato-nuovo-campetto","tag-modenelle","tag-presidente-csi-rc-paolo-cicciu","tag-presidente-del-consiglio-comunale-enzo-marra","tag-presidente-paolo-cicciu","tag-sindaco-f-f-brunetti"],"yoast_head":"<!-- This site is optimized with the Yoast SEO plugin v27.2 - https:\/\/yoast.com\/product\/yoast-seo-wordpress\/ -->\n<title>Arghill\u00e0: inaugurato il nuovo campetto di quartiere a Modenelle<\/title>\n<meta name=\"description\" content=\"Il nuovo playground aperto ufficialmente con una partita tra i ragazzi della &quot;Arghill\u00e0 a colori&quot;, Csi e magistrati\" \/>\n<meta name=\"robots\" content=\"index, follow, max-snippet:-1, max-image-preview:large, max-video-preview:-1\" \/>\n<link rel=\"canonical\" href=\"https:\/\/progettotouring.it\/radiotouring104\/2023\/05\/30\/arghilla-inaugurato-il-nuovo-campetto-di-quartiere-a-modenelle\/\" \/>\n<meta property=\"og:locale\" content=\"it_IT\" \/>\n<meta property=\"og:type\" content=\"article\" \/>\n<meta property=\"og:title\" content=\"Arghill\u00e0: inaugurato il nuovo campetto di quartiere a Modenelle\" \/>\n<meta property=\"og:description\" content=\"Il nuovo playground aperto ufficialmente con una partita tra i ragazzi della &quot;Arghill\u00e0 a colori&quot;, Csi e magistrati\" \/>\n<meta property=\"og:url\" content=\"https:\/\/progettotouring.it\/radiotouring104\/2023\/05\/30\/arghilla-inaugurato-il-nuovo-campetto-di-quartiere-a-modenelle\/\" \/>\n<meta property=\"og:site_name\" content=\"Radio Touring 104\" \/>\n<meta property=\"article:published_time\" content=\"2023-05-30T10:37:24+00:00\" \/>\n<meta property=\"article:modified_time\" content=\"2023-05-30T10:45:50+00:00\" \/>\n<meta property=\"og:image\" content=\"https:\/\/progettotouring.it\/radiotouring104\/wp-content\/uploads\/sites\/6\/2023\/05\/campetto-di-quartiere-arghilla-inaugurazione-Comune-CSI-magistrati.jpeg\" \/>\n\t<meta property=\"og:image:width\" content=\"2000\" \/>\n\t<meta property=\"og:image:height\" content=\"1500\" \/>\n\t<meta property=\"og:image:type\" content=\"image\/jpeg\" \/>\n<meta name=\"author\" content=\"Sebastiano Plutino\" \/>\n<meta name=\"twitter:card\" content=\"summary_large_image\" \/>\n<meta name=\"twitter:label1\" content=\"Scritto da\" \/>\n\t<meta name=\"twitter:data1\" content=\"Sebastiano Plutino\" \/>\n\t<meta name=\"twitter:label2\" content=\"Tempo di lettura stimato\" \/>\n\t<meta name=\"twitter:data2\" content=\"3 minuti\" \/>\n<script type=\"application\/ld+json\" class=\"yoast-schema-graph\">{\"@context\":\"https:\/\/schema.org\",\"@graph\":[{\"@type\":\"Article\",\"@id\":\"https:\/\/progettotouring.it\/radiotouring104\/2023\/05\/30\/arghilla-inaugurato-il-nuovo-campetto-di-quartiere-a-modenelle\/#article\",\"isPartOf\":{\"@id\":\"https:\/\/progettotouring.it\/radiotouring104\/2023\/05\/30\/arghilla-inaugurato-il-nuovo-campetto-di-quartiere-a-modenelle\/\"},\"author\":{\"name\":\"Sebastiano Plutino\",\"@id\":\"https:\/\/progettotouring.it\/radiotouring104\/#\/schema\/person\/78613917f1851f041f7483f5af1d422e\"},\"headline\":\"Arghill\u00e0: inaugurato il nuovo campetto di quartiere a Modenelle\",\"datePublished\":\"2023-05-30T10:37:24+00:00\",\"dateModified\":\"2023-05-30T10:45:50+00:00\",\"mainEntityOfPage\":{\"@id\":\"https:\/\/progettotouring.it\/radiotouring104\/2023\/05\/30\/arghilla-inaugurato-il-nuovo-campetto-di-quartiere-a-modenelle\/\"},\"wordCount\":531,\"publisher\":{\"@id\":\"https:\/\/progettotouring.it\/radiotouring104\/#organization\"},\"image\":{\"@id\":\"https:\/\/progettotouring.it\/radiotouring104\/2023\/05\/30\/arghilla-inaugurato-il-nuovo-campetto-di-quartiere-a-modenelle\/#primaryimage\"},\"thumbnailUrl\":\"https:\/\/progettotouring.it\/radiotouring104\/wp-content\/uploads\/sites\/6\/2023\/05\/campetto-di-quartiere-arghilla-inaugurazione-Comune-CSI-magistrati.jpeg\",\"keywords\":[\"amministrazione Falcomat\u00e0\",\"Arghill\u00e0\",\"assessora Palmenta\",\"consigliere comunale con delega sport e impianti Giovanni Latella\",\"consigliere comunale Franco Barreca\",\"Giuggi Palmenta\",\"inaugurato nuovo campetto\",\"Modenelle\",\"Presidente CSI RC Paolo Cicci\u00f9\",\"presidente del consiglio comunale Enzo Marra\",\"Presidente Paolo Cicci\u00f9\",\"Sindaco f.f. Brunetti\"],\"articleSection\":[\"Home\",\"News\",\"Reggio Calabria\"],\"inLanguage\":\"it-IT\"},{\"@type\":\"WebPage\",\"@id\":\"https:\/\/progettotouring.it\/radiotouring104\/2023\/05\/30\/arghilla-inaugurato-il-nuovo-campetto-di-quartiere-a-modenelle\/\",\"url\":\"https:\/\/progettotouring.it\/radiotouring104\/2023\/05\/30\/arghilla-inaugurato-il-nuovo-campetto-di-quartiere-a-modenelle\/\",\"name\":\"Arghill\u00e0: inaugurato il nuovo campetto di quartiere a Modenelle\",\"isPartOf\":{\"@id\":\"https:\/\/progettotouring.it\/radiotouring104\/#website\"},\"primaryImageOfPage\":{\"@id\":\"https:\/\/progettotouring.it\/radiotouring104\/2023\/05\/30\/arghilla-inaugurato-il-nuovo-campetto-di-quartiere-a-modenelle\/#primaryimage\"},\"image\":{\"@id\":\"https:\/\/progettotouring.it\/radiotouring104\/2023\/05\/30\/arghilla-inaugurato-il-nuovo-campetto-di-quartiere-a-modenelle\/#primaryimage\"},\"thumbnailUrl\":\"https:\/\/progettotouring.it\/radiotouring104\/wp-content\/uploads\/sites\/6\/2023\/05\/campetto-di-quartiere-arghilla-inaugurazione-Comune-CSI-magistrati.jpeg\",\"datePublished\":\"2023-05-30T10:37:24+00:00\",\"dateModified\":\"2023-05-30T10:45:50+00:00\",\"description\":\"Il nuovo playground aperto ufficialmente con una partita tra i ragazzi della \\\"Arghill\u00e0 a colori\\\", Csi e magistrati\",\"breadcrumb\":{\"@id\":\"https:\/\/progettotouring.it\/radiotouring104\/2023\/05\/30\/arghilla-inaugurato-il-nuovo-campetto-di-quartiere-a-modenelle\/#breadcrumb\"},\"inLanguage\":\"it-IT\",\"potentialAction\":[{\"@type\":\"ReadAction\",\"target\":[\"https:\/\/progettotouring.it\/radiotouring104\/2023\/05\/30\/arghilla-inaugurato-il-nuovo-campetto-di-quartiere-a-modenelle\/\"]}]},{\"@type\":\"ImageObject\",\"inLanguage\":\"it-IT\",\"@id\":\"https:\/\/progettotouring.it\/radiotouring104\/2023\/05\/30\/arghilla-inaugurato-il-nuovo-campetto-di-quartiere-a-modenelle\/#primaryimage\",\"url\":\"https:\/\/progettotouring.it\/radiotouring104\/wp-content\/uploads\/sites\/6\/2023\/05\/campetto-di-quartiere-arghilla-inaugurazione-Comune-CSI-magistrati.jpeg\",\"contentUrl\":\"https:\/\/progettotouring.it\/radiotouring104\/wp-content\/uploads\/sites\/6\/2023\/05\/campetto-di-quartiere-arghilla-inaugurazione-Comune-CSI-magistrati.jpeg\",\"width\":2000,\"height\":1500},{\"@type\":\"BreadcrumbList\",\"@id\":\"https:\/\/progettotouring.it\/radiotouring104\/2023\/05\/30\/arghilla-inaugurato-il-nuovo-campetto-di-quartiere-a-modenelle\/#breadcrumb\",\"itemListElement\":[{\"@type\":\"ListItem\",\"position\":1,\"name\":\"Home\",\"item\":\"https:\/\/progettotouring.it\/radiotouring104\/\"},{\"@type\":\"ListItem\",\"position\":2,\"name\":\"Arghill\u00e0: inaugurato il nuovo campetto di quartiere a Modenelle\"}]},{\"@type\":\"WebSite\",\"@id\":\"https:\/\/progettotouring.it\/radiotouring104\/#website\",\"url\":\"https:\/\/progettotouring.it\/radiotouring104\/\",\"name\":\"Radio Touring 104\",\"description\":\"La prima radio Reggina\",\"publisher\":{\"@id\":\"https:\/\/progettotouring.it\/radiotouring104\/#organization\"},\"potentialAction\":[{\"@type\":\"SearchAction\",\"target\":{\"@type\":\"EntryPoint\",\"urlTemplate\":\"https:\/\/progettotouring.it\/radiotouring104\/?s={search_term_string}\"},\"query-input\":{\"@type\":\"PropertyValueSpecification\",\"valueRequired\":true,\"valueName\":\"search_term_string\"}}],\"inLanguage\":\"it-IT\"},{\"@type\":\"Organization\",\"@id\":\"https:\/\/progettotouring.it\/radiotouring104\/#organization\",\"name\":\"Radio Touring 104\",\"url\":\"https:\/\/progettotouring.it\/radiotouring104\/\",\"logo\":{\"@type\":\"ImageObject\",\"inLanguage\":\"it-IT\",\"@id\":\"https:\/\/progettotouring.it\/radiotouring104\/#\/schema\/logo\/image\/\",\"url\":\"https:\/\/progettotouring.it\/radiotouring104\/wp-content\/uploads\/sites\/6\/2022\/02\/cropped-logo-radio-touring-104.png\",\"contentUrl\":\"https:\/\/progettotouring.it\/radiotouring104\/wp-content\/uploads\/sites\/6\/2022\/02\/cropped-logo-radio-touring-104.png\",\"width\":377,\"height\":182,\"caption\":\"Radio Touring 104\"},\"image\":{\"@id\":\"https:\/\/progettotouring.it\/radiotouring104\/#\/schema\/logo\/image\/\"}},{\"@type\":\"Person\",\"@id\":\"https:\/\/progettotouring.it\/radiotouring104\/#\/schema\/person\/78613917f1851f041f7483f5af1d422e\",\"name\":\"Sebastiano Plutino\",\"image\":{\"@type\":\"ImageObject\",\"inLanguage\":\"it-IT\",\"@id\":\"https:\/\/secure.gravatar.com\/avatar\/0546ffaa9b79224faf9f2a156b67a529ae861d3287c66c1d8ccfdf909bcba78d?s=96&d=mm&r=g\",\"url\":\"https:\/\/secure.gravatar.com\/avatar\/0546ffaa9b79224faf9f2a156b67a529ae861d3287c66c1d8ccfdf909bcba78d?s=96&d=mm&r=g\",\"contentUrl\":\"https:\/\/secure.gravatar.com\/avatar\/0546ffaa9b79224faf9f2a156b67a529ae861d3287c66c1d8ccfdf909bcba78d?s=96&d=mm&r=g\",\"caption\":\"Sebastiano Plutino\"},\"url\":\"https:\/\/progettotouring.it\/radiotouring104\/author\/sebastiano\/\"}]}<\/script>\n<!-- \/ Yoast SEO plugin. -->","yoast_head_json":{"title":"Arghill\u00e0: inaugurato il nuovo campetto di quartiere a Modenelle","description":"Il nuovo playground aperto ufficialmente con una partita tra i ragazzi della \"Arghill\u00e0 a colori\", Csi e magistrati","robots":{"index":"index","follow":"follow","max-snippet":"max-snippet:-1","max-image-preview":"max-image-preview:large","max-video-preview":"max-video-preview:-1"},"canonical":"https:\/\/progettotouring.it\/radiotouring104\/2023\/05\/30\/arghilla-inaugurato-il-nuovo-campetto-di-quartiere-a-modenelle\/","og_locale":"it_IT","og_type":"article","og_title":"Arghill\u00e0: inaugurato il nuovo campetto di quartiere a Modenelle","og_description":"Il nuovo playground aperto ufficialmente con una partita tra i ragazzi della \"Arghill\u00e0 a colori\", Csi e magistrati","og_url":"https:\/\/progettotouring.it\/radiotouring104\/2023\/05\/30\/arghilla-inaugurato-il-nuovo-campetto-di-quartiere-a-modenelle\/","og_site_name":"Radio Touring 104","article_published_time":"2023-05-30T10:37:24+00:00","article_modified_time":"2023-05-30T10:45:50+00:00","og_image":[{"width":2000,"height":1500,"url":"https:\/\/progettotouring.it\/radiotouring104\/wp-content\/uploads\/sites\/6\/2023\/05\/campetto-di-quartiere-arghilla-inaugurazione-Comune-CSI-magistrati.jpeg","type":"image\/jpeg"}],"author":"Sebastiano Plutino","twitter_card":"summary_large_image","twitter_misc":{"Scritto da":"Sebastiano Plutino","Tempo di lettura stimato":"3 minuti"},"schema":{"@context":"https:\/\/schema.org","@graph":[{"@type":"Article","@id":"https:\/\/progettotouring.it\/radiotouring104\/2023\/05\/30\/arghilla-inaugurato-il-nuovo-campetto-di-quartiere-a-modenelle\/#article","isPartOf":{"@id":"https:\/\/progettotouring.it\/radiotouring104\/2023\/05\/30\/arghilla-inaugurato-il-nuovo-campetto-di-quartiere-a-modenelle\/"},"author":{"name":"Sebastiano Plutino","@id":"https:\/\/progettotouring.it\/radiotouring104\/#\/schema\/person\/78613917f1851f041f7483f5af1d422e"},"headline":"Arghill\u00e0: inaugurato il nuovo campetto di quartiere a Modenelle","datePublished":"2023-05-30T10:37:24+00:00","dateModified":"2023-05-30T10:45:50+00:00","mainEntityOfPage":{"@id":"https:\/\/progettotouring.it\/radiotouring104\/2023\/05\/30\/arghilla-inaugurato-il-nuovo-campetto-di-quartiere-a-modenelle\/"},"wordCount":531,"publisher":{"@id":"https:\/\/progettotouring.it\/radiotouring104\/#organization"},"image":{"@id":"https:\/\/progettotouring.it\/radiotouring104\/2023\/05\/30\/arghilla-inaugurato-il-nuovo-campetto-di-quartiere-a-modenelle\/#primaryimage"},"thumbnailUrl":"https:\/\/progettotouring.it\/radiotouring104\/wp-content\/uploads\/sites\/6\/2023\/05\/campetto-di-quartiere-arghilla-inaugurazione-Comune-CSI-magistrati.jpeg","keywords":["amministrazione Falcomat\u00e0","Arghill\u00e0","assessora Palmenta","consigliere comunale con delega sport e impianti Giovanni Latella","consigliere comunale Franco Barreca","Giuggi Palmenta","inaugurato nuovo campetto","Modenelle","Presidente CSI RC Paolo Cicci\u00f9","presidente del consiglio comunale Enzo Marra","Presidente Paolo Cicci\u00f9","Sindaco f.f. Brunetti"],"articleSection":["Home","News","Reggio Calabria"],"inLanguage":"it-IT"},{"@type":"WebPage","@id":"https:\/\/progettotouring.it\/radiotouring104\/2023\/05\/30\/arghilla-inaugurato-il-nuovo-campetto-di-quartiere-a-modenelle\/","url":"https:\/\/progettotouring.it\/radiotouring104\/2023\/05\/30\/arghilla-inaugurato-il-nuovo-campetto-di-quartiere-a-modenelle\/","name":"Arghill\u00e0: inaugurato il nuovo campetto di quartiere a Modenelle","isPartOf":{"@id":"https:\/\/progettotouring.it\/radiotouring104\/#website"},"primaryImageOfPage":{"@id":"https:\/\/progettotouring.it\/radiotouring104\/2023\/05\/30\/arghilla-inaugurato-il-nuovo-campetto-di-quartiere-a-modenelle\/#primaryimage"},"image":{"@id":"https:\/\/progettotouring.it\/radiotouring104\/2023\/05\/30\/arghilla-inaugurato-il-nuovo-campetto-di-quartiere-a-modenelle\/#primaryimage"},"thumbnailUrl":"https:\/\/progettotouring.it\/radiotouring104\/wp-content\/uploads\/sites\/6\/2023\/05\/campetto-di-quartiere-arghilla-inaugurazione-Comune-CSI-magistrati.jpeg","datePublished":"2023-05-30T10:37:24+00:00","dateModified":"2023-05-30T10:45:50+00:00","description":"Il nuovo playground aperto ufficialmente con una partita tra i ragazzi della \"Arghill\u00e0 a colori\", Csi e magistrati","breadcrumb":{"@id":"https:\/\/progettotouring.it\/radiotouring104\/2023\/05\/30\/arghilla-inaugurato-il-nuovo-campetto-di-quartiere-a-modenelle\/#breadcrumb"},"inLanguage":"it-IT","potentialAction":[{"@type":"ReadAction","target":["https:\/\/progettotouring.it\/radiotouring104\/2023\/05\/30\/arghilla-inaugurato-il-nuovo-campetto-di-quartiere-a-modenelle\/"]}]},{"@type":"ImageObject","inLanguage":"it-IT","@id":"https:\/\/progettotouring.it\/radiotouring104\/2023\/05\/30\/arghilla-inaugurato-il-nuovo-campetto-di-quartiere-a-modenelle\/#primaryimage","url":"https:\/\/progettotouring.it\/radiotouring104\/wp-content\/uploads\/sites\/6\/2023\/05\/campetto-di-quartiere-arghilla-inaugurazione-Comune-CSI-magistrati.jpeg","contentUrl":"https:\/\/progettotouring.it\/radiotouring104\/wp-content\/uploads\/sites\/6\/2023\/05\/campetto-di-quartiere-arghilla-inaugurazione-Comune-CSI-magistrati.jpeg","width":2000,"height":1500},{"@type":"BreadcrumbList","@id":"https:\/\/progettotouring.it\/radiotouring104\/2023\/05\/30\/arghilla-inaugurato-il-nuovo-campetto-di-quartiere-a-modenelle\/#breadcrumb","itemListElement":[{"@type":"ListItem","position":1,"name":"Home","item":"https:\/\/progettotouring.it\/radiotouring104\/"},{"@type":"ListItem","position":2,"name":"Arghill\u00e0: inaugurato il nuovo campetto di quartiere a Modenelle"}]},{"@type":"WebSite","@id":"https:\/\/progettotouring.it\/radiotouring104\/#website","url":"https:\/\/progettotouring.it\/radiotouring104\/","name":"Radio Touring 104","description":"La prima radio Reggina","publisher":{"@id":"https:\/\/progettotouring.it\/radiotouring104\/#organization"},"potentialAction":[{"@type":"SearchAction","target":{"@type":"EntryPoint","urlTemplate":"https:\/\/progettotouring.it\/radiotouring104\/?s={search_term_string}"},"query-input":{"@type":"PropertyValueSpecification","valueRequired":true,"valueName":"search_term_string"}}],"inLanguage":"it-IT"},{"@type":"Organization","@id":"https:\/\/progettotouring.it\/radiotouring104\/#organization","name":"Radio Touring 104","url":"https:\/\/progettotouring.it\/radiotouring104\/","logo":{"@type":"ImageObject","inLanguage":"it-IT","@id":"https:\/\/progettotouring.it\/radiotouring104\/#\/schema\/logo\/image\/","url":"https:\/\/progettotouring.it\/radiotouring104\/wp-content\/uploads\/sites\/6\/2022\/02\/cropped-logo-radio-touring-104.png","contentUrl":"https:\/\/progettotouring.it\/radiotouring104\/wp-content\/uploads\/sites\/6\/2022\/02\/cropped-logo-radio-touring-104.png","width":377,"height":182,"caption":"Radio Touring 104"},"image":{"@id":"https:\/\/progettotouring.it\/radiotouring104\/#\/schema\/logo\/image\/"}},{"@type":"Person","@id":"https:\/\/progettotouring.it\/radiotouring104\/#\/schema\/person\/78613917f1851f041f7483f5af1d422e","name":"Sebastiano Plutino","image":{"@type":"ImageObject","inLanguage":"it-IT","@id":"https:\/\/secure.gravatar.com\/avatar\/0546ffaa9b79224faf9f2a156b67a529ae861d3287c66c1d8ccfdf909bcba78d?s=96&d=mm&r=g","url":"https:\/\/secure.gravatar.com\/avatar\/0546ffaa9b79224faf9f2a156b67a529ae861d3287c66c1d8ccfdf909bcba78d?s=96&d=mm&r=g","contentUrl":"https:\/\/secure.gravatar.com\/avatar\/0546ffaa9b79224faf9f2a156b67a529ae861d3287c66c1d8ccfdf909bcba78d?s=96&d=mm&r=g","caption":"Sebastiano Plutino"},"url":"https:\/\/progettotouring.it\/radiotouring104\/author\/sebastiano\/"}]}},"jetpack_publicize_connections":[],"jetpack_featured_media_url":"https:\/\/progettotouring.it\/radiotouring104\/wp-content\/uploads\/sites\/6\/2023\/05\/campetto-di-quartiere-arghilla-inaugurazione-Comune-CSI-magistrati.jpeg","jetpack_sharing_enabled":true,"_links":{"self":[{"href":"https:\/\/progettotouring.it\/radiotouring104\/wp-json\/wp\/v2\/posts\/27000","targetHints":{"allow":["GET"]}}],"collection":[{"href":"https:\/\/progettotouring.it\/radiotouring104\/wp-json\/wp\/v2\/posts"}],"about":[{"href":"https:\/\/progettotouring.it\/radiotouring104\/wp-json\/wp\/v2\/types\/post"}],"author":[{"embeddable":true,"href":"https:\/\/progettotouring.it\/radiotouring104\/wp-json\/wp\/v2\/users\/12"}],"replies":[{"embeddable":true,"href":"https:\/\/progettotouring.it\/radiotouring104\/wp-json\/wp\/v2\/comments?post=27000"}],"version-history":[{"count":3,"href":"https:\/\/progettotouring.it\/radiotouring104\/wp-json\/wp\/v2\/posts\/27000\/revisions"}],"predecessor-version":[{"id":27004,"href":"https:\/\/progettotouring.it\/radiotouring104\/wp-json\/wp\/v2\/posts\/27000\/revisions\/27004"}],"wp:featuredmedia":[{"embeddable":true,"href":"https:\/\/progettotouring.it\/radiotouring104\/wp-json\/wp\/v2\/media\/27001"}],"wp:attachment":[{"href":"https:\/\/progettotouring.it\/radiotouring104\/wp-json\/wp\/v2\/media?parent=27000"}],"wp:term":[{"taxonomy":"category","embeddable":true,"href":"https:\/\/progettotouring.it\/radiotouring104\/wp-json\/wp\/v2\/categories?post=27000"},{"taxonomy":"post_tag","embeddable":true,"href":"https:\/\/progettotouring.it\/radiotouring104\/wp-json\/wp\/v2\/tags?post=27000"}],"curies":[{"name":"wp","href":"https:\/\/api.w.org\/{rel}","templated":true}]}}