{"id":27013,"date":"2023-05-31T11:23:01","date_gmt":"2023-05-31T09:23:01","guid":{"rendered":"https:\/\/progettotouring.it\/radiotouring104\/?p=27013"},"modified":"2023-05-31T12:58:31","modified_gmt":"2023-05-31T10:58:31","slug":"inaugurata-nuova-caserma-di-africo-versace-presidio-di-legalita","status":"publish","type":"post","link":"https:\/\/progettotouring.it\/radiotouring104\/2023\/05\/31\/inaugurata-nuova-caserma-di-africo-versace-presidio-di-legalita\/","title":{"rendered":"Inaugurata nuova caserma di Africo, Versace; &#8220;Presidio di legalit\u00e0&#8221;"},"content":{"rendered":"<p style=\"text-align: justify\"><strong>Inaugurata<\/strong> <strong>questa mattina ad Africo,<\/strong> alla presenza del Ministro dell&#8217;Interno Matteo Piantedosi,<strong> la nuova Caserma dell&#8217;Arma dei Carabinieri.<\/strong> Nei mesi scorsi, in sinergia con la locale stazione dei Carabinieri, la Citt\u00e0 Metropolitana di Reggio Calabria ha curato la sistemazione della viabilit\u00e0 di accesso alla nuova stazione.<\/p>\n<p>&#8220;<em>Un presidio di legalit\u00e0<\/em> &#8211; ha affermato a margine della cerimonia il sindaco facente funzioni della Citt\u00e0 Metropolitana <strong>Carmelo Versace<\/strong> &#8211; <em>realizzato in un bene confiscato alla criminalit\u00e0 organizzata, che sar\u00e0 punto di riferimento per la rinascita di questa comunit\u00e0. Siamo felici del fatto che oggi siano presenti anche tanti bambini. E&#8217; su di loro che intendiamo rivolgere le nostre speranze affinch\u00e8 questo territorio possa invertire una tendenza atavica che vede il suo nome infangato da vecchie logiche criminali. E&#8217; giunto il momento di lasciarsi definitivamente alle spalle quella reputazione negativa, scegliendo in maniera chiara e netta, come \u00e8 avvenuto oggi, di schierarsi con convinzione dalla parte della legalit\u00e0&#8221;. <\/em><\/p>\n","protected":false},"excerpt":{"rendered":"<p>Inaugurata questa mattina ad Africo, alla presenza del Ministro dell&#8217;Interno Matteo Piantedosi, la nuova Caserma dell&#8217;Arma dei Carabinieri. Nei mesi scorsi, in sinergia con la locale stazione dei Carabinieri, la&hellip;<\/p>\n","protected":false},"author":12,"featured_media":27032,"comment_status":"closed","ping_status":"open","sticky":false,"template":"","format":"standard","meta":{"_jetpack_memberships_contains_paid_content":false,"footnotes":"","jetpack_publicize_message":"","jetpack_publicize_feature_enabled":true,"jetpack_social_post_already_shared":false,"jetpack_social_options":{"image_generator_settings":{"template":"highway","default_image_id":0,"font":"","enabled":false},"version":2}},"categories":[921,150,196,140],"tags":[5841,239,16157,6044,16156],"class_list":["post-27013","post","type-post","status-publish","format-standard","has-post-thumbnail","hentry","category-home","category-in-primo-piano","category-news","category-reggio-calabria","tag-africo","tag-carmelo-versace","tag-inaugurazione-caserma-dellarma-dei-carabinieri","tag-ministro-dellinterno-piantedosi","tag-piantedosi-in-calabria"],"yoast_head":"<!-- This site is optimized with the Yoast SEO plugin v27.2 - https:\/\/yoast.com\/product\/yoast-seo-wordpress\/ -->\n<title>Inaugurata nuova caserma di Africo, Versace; &quot;Presidio di legalit\u00e0&quot;<\/title>\n<meta name=\"description\" content=\"Il sindaco ff ha preso parte alla cerimonia, in occasione della visita istutuzionale in Calabria del Ministro dell&#039;Interno Piantedosi\" \/>\n<meta name=\"robots\" content=\"index, follow, max-snippet:-1, max-image-preview:large, max-video-preview:-1\" \/>\n<link rel=\"canonical\" href=\"https:\/\/progettotouring.it\/radiotouring104\/2023\/05\/31\/inaugurata-nuova-caserma-di-africo-versace-presidio-di-legalita\/\" \/>\n<meta property=\"og:locale\" content=\"it_IT\" \/>\n<meta property=\"og:type\" content=\"article\" \/>\n<meta property=\"og:title\" content=\"Inaugurata nuova caserma di Africo, Versace; &quot;Presidio di legalit\u00e0&quot;\" \/>\n<meta property=\"og:description\" content=\"Il sindaco ff ha preso parte alla cerimonia, in occasione della visita istutuzionale in Calabria del Ministro dell&#039;Interno Piantedosi\" \/>\n<meta property=\"og:url\" content=\"https:\/\/progettotouring.it\/radiotouring104\/2023\/05\/31\/inaugurata-nuova-caserma-di-africo-versace-presidio-di-legalita\/\" \/>\n<meta property=\"og:site_name\" content=\"Radio Touring 104\" \/>\n<meta property=\"article:published_time\" content=\"2023-05-31T09:23:01+00:00\" \/>\n<meta property=\"article:modified_time\" content=\"2023-05-31T10:58:31+00:00\" \/>\n<meta property=\"og:image\" content=\"https:\/\/progettotouring.it\/radiotouring104\/wp-content\/uploads\/sites\/6\/2023\/05\/Versace-Piantedosi.jpeg\" \/>\n\t<meta property=\"og:image:width\" content=\"1587\" \/>\n\t<meta property=\"og:image:height\" content=\"1467\" \/>\n\t<meta property=\"og:image:type\" content=\"image\/jpeg\" \/>\n<meta name=\"author\" content=\"Sebastiano Plutino\" \/>\n<meta name=\"twitter:card\" content=\"summary_large_image\" \/>\n<meta name=\"twitter:label1\" content=\"Scritto da\" \/>\n\t<meta name=\"twitter:data1\" content=\"Sebastiano Plutino\" \/>\n\t<meta name=\"twitter:label2\" content=\"Tempo di lettura stimato\" \/>\n\t<meta name=\"twitter:data2\" content=\"1 minuto\" \/>\n<script type=\"application\/ld+json\" class=\"yoast-schema-graph\">{\"@context\":\"https:\/\/schema.org\",\"@graph\":[{\"@type\":\"Article\",\"@id\":\"https:\/\/progettotouring.it\/radiotouring104\/2023\/05\/31\/inaugurata-nuova-caserma-di-africo-versace-presidio-di-legalita\/#article\",\"isPartOf\":{\"@id\":\"https:\/\/progettotouring.it\/radiotouring104\/2023\/05\/31\/inaugurata-nuova-caserma-di-africo-versace-presidio-di-legalita\/\"},\"author\":{\"name\":\"Sebastiano Plutino\",\"@id\":\"https:\/\/progettotouring.it\/radiotouring104\/#\/schema\/person\/78613917f1851f041f7483f5af1d422e\"},\"headline\":\"Inaugurata nuova caserma di Africo, Versace; &#8220;Presidio di legalit\u00e0&#8221;\",\"datePublished\":\"2023-05-31T09:23:01+00:00\",\"dateModified\":\"2023-05-31T10:58:31+00:00\",\"mainEntityOfPage\":{\"@id\":\"https:\/\/progettotouring.it\/radiotouring104\/2023\/05\/31\/inaugurata-nuova-caserma-di-africo-versace-presidio-di-legalita\/\"},\"wordCount\":163,\"publisher\":{\"@id\":\"https:\/\/progettotouring.it\/radiotouring104\/#organization\"},\"image\":{\"@id\":\"https:\/\/progettotouring.it\/radiotouring104\/2023\/05\/31\/inaugurata-nuova-caserma-di-africo-versace-presidio-di-legalita\/#primaryimage\"},\"thumbnailUrl\":\"https:\/\/progettotouring.it\/radiotouring104\/wp-content\/uploads\/sites\/6\/2023\/05\/Versace-Piantedosi.jpeg\",\"keywords\":[\"africo\",\"carmelo versace\",\"inaugurazione Caserma dell'Arma dei Carabinieri.\",\"Ministro dell'Interno Piantedosi\",\"Piantedosi in Calabria\"],\"articleSection\":[\"Home\",\"In primo piano\",\"News\",\"Reggio Calabria\"],\"inLanguage\":\"it-IT\"},{\"@type\":\"WebPage\",\"@id\":\"https:\/\/progettotouring.it\/radiotouring104\/2023\/05\/31\/inaugurata-nuova-caserma-di-africo-versace-presidio-di-legalita\/\",\"url\":\"https:\/\/progettotouring.it\/radiotouring104\/2023\/05\/31\/inaugurata-nuova-caserma-di-africo-versace-presidio-di-legalita\/\",\"name\":\"Inaugurata nuova caserma di Africo, Versace; \\\"Presidio di legalit\u00e0\\\"\",\"isPartOf\":{\"@id\":\"https:\/\/progettotouring.it\/radiotouring104\/#website\"},\"primaryImageOfPage\":{\"@id\":\"https:\/\/progettotouring.it\/radiotouring104\/2023\/05\/31\/inaugurata-nuova-caserma-di-africo-versace-presidio-di-legalita\/#primaryimage\"},\"image\":{\"@id\":\"https:\/\/progettotouring.it\/radiotouring104\/2023\/05\/31\/inaugurata-nuova-caserma-di-africo-versace-presidio-di-legalita\/#primaryimage\"},\"thumbnailUrl\":\"https:\/\/progettotouring.it\/radiotouring104\/wp-content\/uploads\/sites\/6\/2023\/05\/Versace-Piantedosi.jpeg\",\"datePublished\":\"2023-05-31T09:23:01+00:00\",\"dateModified\":\"2023-05-31T10:58:31+00:00\",\"description\":\"Il sindaco ff ha preso parte alla cerimonia, in occasione della visita istutuzionale in Calabria del Ministro dell'Interno Piantedosi\",\"breadcrumb\":{\"@id\":\"https:\/\/progettotouring.it\/radiotouring104\/2023\/05\/31\/inaugurata-nuova-caserma-di-africo-versace-presidio-di-legalita\/#breadcrumb\"},\"inLanguage\":\"it-IT\",\"potentialAction\":[{\"@type\":\"ReadAction\",\"target\":[\"https:\/\/progettotouring.it\/radiotouring104\/2023\/05\/31\/inaugurata-nuova-caserma-di-africo-versace-presidio-di-legalita\/\"]}]},{\"@type\":\"ImageObject\",\"inLanguage\":\"it-IT\",\"@id\":\"https:\/\/progettotouring.it\/radiotouring104\/2023\/05\/31\/inaugurata-nuova-caserma-di-africo-versace-presidio-di-legalita\/#primaryimage\",\"url\":\"https:\/\/progettotouring.it\/radiotouring104\/wp-content\/uploads\/sites\/6\/2023\/05\/Versace-Piantedosi.jpeg\",\"contentUrl\":\"https:\/\/progettotouring.it\/radiotouring104\/wp-content\/uploads\/sites\/6\/2023\/05\/Versace-Piantedosi.jpeg\",\"width\":1587,\"height\":1467},{\"@type\":\"BreadcrumbList\",\"@id\":\"https:\/\/progettotouring.it\/radiotouring104\/2023\/05\/31\/inaugurata-nuova-caserma-di-africo-versace-presidio-di-legalita\/#breadcrumb\",\"itemListElement\":[{\"@type\":\"ListItem\",\"position\":1,\"name\":\"Home\",\"item\":\"https:\/\/progettotouring.it\/radiotouring104\/\"},{\"@type\":\"ListItem\",\"position\":2,\"name\":\"Inaugurata nuova caserma di Africo, Versace; &#8220;Presidio di legalit\u00e0&#8221;\"}]},{\"@type\":\"WebSite\",\"@id\":\"https:\/\/progettotouring.it\/radiotouring104\/#website\",\"url\":\"https:\/\/progettotouring.it\/radiotouring104\/\",\"name\":\"Radio Touring 104\",\"description\":\"La prima radio Reggina\",\"publisher\":{\"@id\":\"https:\/\/progettotouring.it\/radiotouring104\/#organization\"},\"potentialAction\":[{\"@type\":\"SearchAction\",\"target\":{\"@type\":\"EntryPoint\",\"urlTemplate\":\"https:\/\/progettotouring.it\/radiotouring104\/?s={search_term_string}\"},\"query-input\":{\"@type\":\"PropertyValueSpecification\",\"valueRequired\":true,\"valueName\":\"search_term_string\"}}],\"inLanguage\":\"it-IT\"},{\"@type\":\"Organization\",\"@id\":\"https:\/\/progettotouring.it\/radiotouring104\/#organization\",\"name\":\"Radio Touring 104\",\"url\":\"https:\/\/progettotouring.it\/radiotouring104\/\",\"logo\":{\"@type\":\"ImageObject\",\"inLanguage\":\"it-IT\",\"@id\":\"https:\/\/progettotouring.it\/radiotouring104\/#\/schema\/logo\/image\/\",\"url\":\"https:\/\/progettotouring.it\/radiotouring104\/wp-content\/uploads\/sites\/6\/2022\/02\/cropped-logo-radio-touring-104.png\",\"contentUrl\":\"https:\/\/progettotouring.it\/radiotouring104\/wp-content\/uploads\/sites\/6\/2022\/02\/cropped-logo-radio-touring-104.png\",\"width\":377,\"height\":182,\"caption\":\"Radio Touring 104\"},\"image\":{\"@id\":\"https:\/\/progettotouring.it\/radiotouring104\/#\/schema\/logo\/image\/\"}},{\"@type\":\"Person\",\"@id\":\"https:\/\/progettotouring.it\/radiotouring104\/#\/schema\/person\/78613917f1851f041f7483f5af1d422e\",\"name\":\"Sebastiano Plutino\",\"image\":{\"@type\":\"ImageObject\",\"inLanguage\":\"it-IT\",\"@id\":\"https:\/\/secure.gravatar.com\/avatar\/0546ffaa9b79224faf9f2a156b67a529ae861d3287c66c1d8ccfdf909bcba78d?s=96&d=mm&r=g\",\"url\":\"https:\/\/secure.gravatar.com\/avatar\/0546ffaa9b79224faf9f2a156b67a529ae861d3287c66c1d8ccfdf909bcba78d?s=96&d=mm&r=g\",\"contentUrl\":\"https:\/\/secure.gravatar.com\/avatar\/0546ffaa9b79224faf9f2a156b67a529ae861d3287c66c1d8ccfdf909bcba78d?s=96&d=mm&r=g\",\"caption\":\"Sebastiano Plutino\"},\"url\":\"https:\/\/progettotouring.it\/radiotouring104\/author\/sebastiano\/\"}]}<\/script>\n<!-- \/ Yoast SEO plugin. -->","yoast_head_json":{"title":"Inaugurata nuova caserma di Africo, Versace; \"Presidio di legalit\u00e0\"","description":"Il sindaco ff ha preso parte alla cerimonia, in occasione della visita istutuzionale in Calabria del Ministro dell'Interno Piantedosi","robots":{"index":"index","follow":"follow","max-snippet":"max-snippet:-1","max-image-preview":"max-image-preview:large","max-video-preview":"max-video-preview:-1"},"canonical":"https:\/\/progettotouring.it\/radiotouring104\/2023\/05\/31\/inaugurata-nuova-caserma-di-africo-versace-presidio-di-legalita\/","og_locale":"it_IT","og_type":"article","og_title":"Inaugurata nuova caserma di Africo, Versace; \"Presidio di legalit\u00e0\"","og_description":"Il sindaco ff ha preso parte alla cerimonia, in occasione della visita istutuzionale in Calabria del Ministro dell'Interno Piantedosi","og_url":"https:\/\/progettotouring.it\/radiotouring104\/2023\/05\/31\/inaugurata-nuova-caserma-di-africo-versace-presidio-di-legalita\/","og_site_name":"Radio Touring 104","article_published_time":"2023-05-31T09:23:01+00:00","article_modified_time":"2023-05-31T10:58:31+00:00","og_image":[{"width":1587,"height":1467,"url":"https:\/\/progettotouring.it\/radiotouring104\/wp-content\/uploads\/sites\/6\/2023\/05\/Versace-Piantedosi.jpeg","type":"image\/jpeg"}],"author":"Sebastiano Plutino","twitter_card":"summary_large_image","twitter_misc":{"Scritto da":"Sebastiano Plutino","Tempo di lettura stimato":"1 minuto"},"schema":{"@context":"https:\/\/schema.org","@graph":[{"@type":"Article","@id":"https:\/\/progettotouring.it\/radiotouring104\/2023\/05\/31\/inaugurata-nuova-caserma-di-africo-versace-presidio-di-legalita\/#article","isPartOf":{"@id":"https:\/\/progettotouring.it\/radiotouring104\/2023\/05\/31\/inaugurata-nuova-caserma-di-africo-versace-presidio-di-legalita\/"},"author":{"name":"Sebastiano Plutino","@id":"https:\/\/progettotouring.it\/radiotouring104\/#\/schema\/person\/78613917f1851f041f7483f5af1d422e"},"headline":"Inaugurata nuova caserma di Africo, Versace; &#8220;Presidio di legalit\u00e0&#8221;","datePublished":"2023-05-31T09:23:01+00:00","dateModified":"2023-05-31T10:58:31+00:00","mainEntityOfPage":{"@id":"https:\/\/progettotouring.it\/radiotouring104\/2023\/05\/31\/inaugurata-nuova-caserma-di-africo-versace-presidio-di-legalita\/"},"wordCount":163,"publisher":{"@id":"https:\/\/progettotouring.it\/radiotouring104\/#organization"},"image":{"@id":"https:\/\/progettotouring.it\/radiotouring104\/2023\/05\/31\/inaugurata-nuova-caserma-di-africo-versace-presidio-di-legalita\/#primaryimage"},"thumbnailUrl":"https:\/\/progettotouring.it\/radiotouring104\/wp-content\/uploads\/sites\/6\/2023\/05\/Versace-Piantedosi.jpeg","keywords":["africo","carmelo versace","inaugurazione Caserma dell'Arma dei Carabinieri.","Ministro dell'Interno Piantedosi","Piantedosi in Calabria"],"articleSection":["Home","In primo piano","News","Reggio Calabria"],"inLanguage":"it-IT"},{"@type":"WebPage","@id":"https:\/\/progettotouring.it\/radiotouring104\/2023\/05\/31\/inaugurata-nuova-caserma-di-africo-versace-presidio-di-legalita\/","url":"https:\/\/progettotouring.it\/radiotouring104\/2023\/05\/31\/inaugurata-nuova-caserma-di-africo-versace-presidio-di-legalita\/","name":"Inaugurata nuova caserma di Africo, Versace; \"Presidio di legalit\u00e0\"","isPartOf":{"@id":"https:\/\/progettotouring.it\/radiotouring104\/#website"},"primaryImageOfPage":{"@id":"https:\/\/progettotouring.it\/radiotouring104\/2023\/05\/31\/inaugurata-nuova-caserma-di-africo-versace-presidio-di-legalita\/#primaryimage"},"image":{"@id":"https:\/\/progettotouring.it\/radiotouring104\/2023\/05\/31\/inaugurata-nuova-caserma-di-africo-versace-presidio-di-legalita\/#primaryimage"},"thumbnailUrl":"https:\/\/progettotouring.it\/radiotouring104\/wp-content\/uploads\/sites\/6\/2023\/05\/Versace-Piantedosi.jpeg","datePublished":"2023-05-31T09:23:01+00:00","dateModified":"2023-05-31T10:58:31+00:00","description":"Il sindaco ff ha preso parte alla cerimonia, in occasione della visita istutuzionale in Calabria del Ministro dell'Interno Piantedosi","breadcrumb":{"@id":"https:\/\/progettotouring.it\/radiotouring104\/2023\/05\/31\/inaugurata-nuova-caserma-di-africo-versace-presidio-di-legalita\/#breadcrumb"},"inLanguage":"it-IT","potentialAction":[{"@type":"ReadAction","target":["https:\/\/progettotouring.it\/radiotouring104\/2023\/05\/31\/inaugurata-nuova-caserma-di-africo-versace-presidio-di-legalita\/"]}]},{"@type":"ImageObject","inLanguage":"it-IT","@id":"https:\/\/progettotouring.it\/radiotouring104\/2023\/05\/31\/inaugurata-nuova-caserma-di-africo-versace-presidio-di-legalita\/#primaryimage","url":"https:\/\/progettotouring.it\/radiotouring104\/wp-content\/uploads\/sites\/6\/2023\/05\/Versace-Piantedosi.jpeg","contentUrl":"https:\/\/progettotouring.it\/radiotouring104\/wp-content\/uploads\/sites\/6\/2023\/05\/Versace-Piantedosi.jpeg","width":1587,"height":1467},{"@type":"BreadcrumbList","@id":"https:\/\/progettotouring.it\/radiotouring104\/2023\/05\/31\/inaugurata-nuova-caserma-di-africo-versace-presidio-di-legalita\/#breadcrumb","itemListElement":[{"@type":"ListItem","position":1,"name":"Home","item":"https:\/\/progettotouring.it\/radiotouring104\/"},{"@type":"ListItem","position":2,"name":"Inaugurata nuova caserma di Africo, Versace; &#8220;Presidio di legalit\u00e0&#8221;"}]},{"@type":"WebSite","@id":"https:\/\/progettotouring.it\/radiotouring104\/#website","url":"https:\/\/progettotouring.it\/radiotouring104\/","name":"Radio Touring 104","description":"La prima radio Reggina","publisher":{"@id":"https:\/\/progettotouring.it\/radiotouring104\/#organization"},"potentialAction":[{"@type":"SearchAction","target":{"@type":"EntryPoint","urlTemplate":"https:\/\/progettotouring.it\/radiotouring104\/?s={search_term_string}"},"query-input":{"@type":"PropertyValueSpecification","valueRequired":true,"valueName":"search_term_string"}}],"inLanguage":"it-IT"},{"@type":"Organization","@id":"https:\/\/progettotouring.it\/radiotouring104\/#organization","name":"Radio Touring 104","url":"https:\/\/progettotouring.it\/radiotouring104\/","logo":{"@type":"ImageObject","inLanguage":"it-IT","@id":"https:\/\/progettotouring.it\/radiotouring104\/#\/schema\/logo\/image\/","url":"https:\/\/progettotouring.it\/radiotouring104\/wp-content\/uploads\/sites\/6\/2022\/02\/cropped-logo-radio-touring-104.png","contentUrl":"https:\/\/progettotouring.it\/radiotouring104\/wp-content\/uploads\/sites\/6\/2022\/02\/cropped-logo-radio-touring-104.png","width":377,"height":182,"caption":"Radio Touring 104"},"image":{"@id":"https:\/\/progettotouring.it\/radiotouring104\/#\/schema\/logo\/image\/"}},{"@type":"Person","@id":"https:\/\/progettotouring.it\/radiotouring104\/#\/schema\/person\/78613917f1851f041f7483f5af1d422e","name":"Sebastiano Plutino","image":{"@type":"ImageObject","inLanguage":"it-IT","@id":"https:\/\/secure.gravatar.com\/avatar\/0546ffaa9b79224faf9f2a156b67a529ae861d3287c66c1d8ccfdf909bcba78d?s=96&d=mm&r=g","url":"https:\/\/secure.gravatar.com\/avatar\/0546ffaa9b79224faf9f2a156b67a529ae861d3287c66c1d8ccfdf909bcba78d?s=96&d=mm&r=g","contentUrl":"https:\/\/secure.gravatar.com\/avatar\/0546ffaa9b79224faf9f2a156b67a529ae861d3287c66c1d8ccfdf909bcba78d?s=96&d=mm&r=g","caption":"Sebastiano Plutino"},"url":"https:\/\/progettotouring.it\/radiotouring104\/author\/sebastiano\/"}]}},"jetpack_publicize_connections":[],"jetpack_featured_media_url":"https:\/\/progettotouring.it\/radiotouring104\/wp-content\/uploads\/sites\/6\/2023\/05\/Versace-Piantedosi.jpeg","jetpack_sharing_enabled":true,"_links":{"self":[{"href":"https:\/\/progettotouring.it\/radiotouring104\/wp-json\/wp\/v2\/posts\/27013","targetHints":{"allow":["GET"]}}],"collection":[{"href":"https:\/\/progettotouring.it\/radiotouring104\/wp-json\/wp\/v2\/posts"}],"about":[{"href":"https:\/\/progettotouring.it\/radiotouring104\/wp-json\/wp\/v2\/types\/post"}],"author":[{"embeddable":true,"href":"https:\/\/progettotouring.it\/radiotouring104\/wp-json\/wp\/v2\/users\/12"}],"replies":[{"embeddable":true,"href":"https:\/\/progettotouring.it\/radiotouring104\/wp-json\/wp\/v2\/comments?post=27013"}],"version-history":[{"count":2,"href":"https:\/\/progettotouring.it\/radiotouring104\/wp-json\/wp\/v2\/posts\/27013\/revisions"}],"predecessor-version":[{"id":27033,"href":"https:\/\/progettotouring.it\/radiotouring104\/wp-json\/wp\/v2\/posts\/27013\/revisions\/27033"}],"wp:featuredmedia":[{"embeddable":true,"href":"https:\/\/progettotouring.it\/radiotouring104\/wp-json\/wp\/v2\/media\/27032"}],"wp:attachment":[{"href":"https:\/\/progettotouring.it\/radiotouring104\/wp-json\/wp\/v2\/media?parent=27013"}],"wp:term":[{"taxonomy":"category","embeddable":true,"href":"https:\/\/progettotouring.it\/radiotouring104\/wp-json\/wp\/v2\/categories?post=27013"},{"taxonomy":"post_tag","embeddable":true,"href":"https:\/\/progettotouring.it\/radiotouring104\/wp-json\/wp\/v2\/tags?post=27013"}],"curies":[{"name":"wp","href":"https:\/\/api.w.org\/{rel}","templated":true}]}}