{"id":27028,"date":"2023-05-31T12:55:39","date_gmt":"2023-05-31T10:55:39","guid":{"rendered":"https:\/\/progettotouring.it\/radiotouring104\/?p=27028"},"modified":"2023-06-01T11:22:00","modified_gmt":"2023-06-01T09:22:00","slug":"27028","status":"publish","type":"post","link":"https:\/\/progettotouring.it\/radiotouring104\/2023\/05\/31\/27028\/","title":{"rendered":"Il Ministro Piantedosi in visita In Calabria a Roccella ed Africo"},"content":{"rendered":"<p style=\"text-align: justify;\"><strong>Visita istituzionale in Calabria<\/strong>, nella giornata di ieri, <strong>per il Ministro dell&#8217;interno Matteo Piantedosi. Durante il corso della mattinata,<\/strong> accompagnato dalla sottosegretario all&#8217;Interno Wanda Ferro,<strong> ha effettuato un sopralluogo al porto di Roccella<\/strong> e visitato il Centro di prima accoglienza sul quale ha promesso importanti interventi: <em>&#8220;Il centro di primo soccorso e accoglienza di Roccella Ionica cambier\u00e0 a breve in meglio, visto che sono previsti interventi di una certa importanza in modo da potenziare i servizi che in tutti i momenti di bisogno serviranno per fare funzionare al meglio il sistema di accoglienza&#8221;. Lo ha detto il ministro dell&#8217;Interno, Matteo Piantedosi, nel corso del sopralluogo che ha effettuato stamattina nel porto di Roccella Ionica, teatro negli ultimi tre anni di oltre 150 sbarchi di migranti. Nello scalo ionico da alcuni anni \u00e8 in funzione una tensostruttura utilizzata per la prima accoglienza e il primo soccorso dei migranti. A Roccella il ministro Piantedosi, che era accompagnato dalla sottosegretaria all&#8217;Interno Wanda Ferro, ha incontrato il sindaco, Vittorio Zito, ed altri primi cittadini della Locride. &#8220;Di recente<\/em> &#8211; ha aggiunto il <strong>ministro Piantedosi<\/strong> &#8211; <em>avevo gi\u00e0 promesso al sindaco Zito che avrei preso in considerazione le necessit\u00e0 che esistono in quest&#8217;area della Locride. E, quindi, di sistemare nel migliore dei modi il centro di prima accoglienza e soccorso. Il lavoro che come governo siamo intenzionati a svolgere fino alla fine in Calabria, ed in particolare nei luoghi di arrivo dei migranti come, appunto, Roccella e Crotone, \u00e8 comunque finalizzato, viste anche le esigenze e i contesti territoriali e il rispetto nei confronti delle istituzioni e degli abitanti locali, a rendere pi\u00f9 sostenibile e gestibile il fenomeno migratorio anche nelle sue cosiddette fasi pi\u00f9 acute&#8221;.<\/em><br \/>\n<em>&#8220;Organizzarci per l&#8217;accoglienza dei migranti a Roccella Ionica, come altrove, non significa che il governo non continuer\u00e0 a portare avanti le politiche di contenimento del fenomeno migratorio attraverso le azioni che stiamo portando avanti insieme ai Paesi dai quali partono queste persone. In tema, comunque, di arrivi di migranti, come governo notiamo dei timidi segnali positivi anche per via dei buoni rapporti istituzionali avviati con alcuni Stati, tra cui la Tunisia e la Libia&#8221;<\/em>. <strong>Lo ha detto il ministro dell&#8217;Interno, Matteo Piantedosi,<\/strong> parlando con i giornalisti a margine del sopralluogo che ha effettuato stamattina nel porto di Roccella Ionica, teatro negli ultimi anni di numerosi sbarchi di migranti. &#8220;<em>Sono, quindi, moderatamente fiducioso<\/em> &#8211; <strong>ha aggiunto Piantedosi<\/strong> &#8211; <em>sul fatto che la cosiddetta curva di crescita degli sbarchi, abbastanza alta nel 2022 e nei primi mesi di quest&#8217;anno, possa registrare registrare una flessione. Sotto questo aspetto, quindi, grazie al lavoro fatto in Tunisia e in Libia e quello che stiamo svolgendo qui in Italia, il fenomeno immigrazione potrebbe diventare pi\u00f9 sostenibile. \u00c8, comunque, un lavoro lungo che stiamo costruendo mattone dopo mattone, ma che alla distanza dovrebbe produrre effetti positivi&#8221;.<\/em><\/p>\n<h3>Africo, ministro partecipa ad inaugurazione nuova caserma dei Carabinieri, nata da bene confiscato<\/h3>\n<p style=\"text-align: justify;\">\u00a0<em>&#8220;L&#8217;azione di contrasto dello Stato alla criminalit\u00e0 organizzata &#8220;non \u00e8 pi\u00f9 limitata alla sola fase repressiva ma \u00e8 arricchita anche di una funzione sociale&#8221;.<\/em><strong> commenta Piantedosi intervenendo all&#8217;inaugurazione della nuova caserma dei carabinieri ad Africo<\/strong> <strong>Nuovo<\/strong>, realizzata in un bene confiscato alla &#8216;ndrangheta. Alla cerimonia erano presenti, tra gli altri, il comandante generale dell&#8217;Arma, generale Teo Luzi, il procuratore nazionale antimafia Giovanni Melillo, il capo della Polizia Vittorio Pisani, la sottosegretaria all&#8217;interno Wanda Ferro e il presidente della regione Roberto Occhiuto, oltre ai procuratori del distretto. &#8220;<em>Questa inaugurazione &#8211;<\/em> ha aggiunto &#8211;<em> \u00e8 un ulteriore incoraggiamento a continuare con convinzione in un rinnovato percorso di rinascita nel segno della legalit\u00e0, della partecipazione democratica e dell&#8217;impegno sociale. Riappropriarsi delle ricchezze che illecitamente vengono accumulate significa dare un segnale credibile di presenza attiva delle istituzioni sui territori restituendo alle comunit\u00e0 beni che sono stati il mezzo o il provento di attivit\u00e0 illecite. Quindi significa privare i sodalizi criminali di quegli strumenti di infiltrazione nel tessuto economico e sociale che spesso poi elevando il bene stesso a presidio di legalit\u00e0. L&#8217;intervento di recupero d\u00e0 l&#8217;idea di come venga completata l&#8217;azione di contrasto dello Stato&#8221;.<\/em> <em>&#8220;Il contrasto alle mafie <strong>&#8211;<\/strong><\/em><strong> ha detto Piantedosi<\/strong> &#8211;<em> deve assumere una connotazione innanzitutto culturale con il coinvolgimento dell&#8217;associazionismo e del terzo settore. E infatti \u00e8 imminente la consegna di ben 260 beni immobili oggetto del primo bando sperimentale di diretta assegnazione ad associazioni ed enti del terzo settore. Si tratta di 68 proposte progettuali presentate da 58 aggiudicatari&#8221;.<\/em> L&#8217;Agenzia nazionale dei beni sequestrati e confiscati diretta dal prefetto Bruno Corda,<em> &#8220;sotto la vigilanza del ministero dell&#8217;Interno, sta vivendo una fase di rilancio sia sul piano delle attivit\u00e0 che su quello del potenziamento delle risorse umane e strumentali. Ci \u00e8 di molto aiuto la prospettiva di lavorare con regioni come la Calabria dove un presidente illuminato si propone di accompagnare l&#8217;azione dell&#8217;Agenzia&#8221;.<\/em> <strong>A dirlo il ministro dell&#8217;Interno Matteo Piantedosi,<\/strong> oggi ad Africo Nuovo per inaugurare una caserma dei carabinieri in un bene confiscato. &#8220;<em>L&#8217;Agenzia<\/em> &#8211; ha aggiunto &#8211; <em>\u00e8 fortemente impegnata su alcune prioritarie linee di intervento che possono essere una sempre migliore e pi\u00f9 completa conoscenza dei beni, un maggiore efficientamento dei processi con la contrazione dei tempi di destinazione, l&#8217;interazione tra banche dati delle istituzioni coinvolte&#8221;. &#8220;I risultati di questo sforzo<\/em> &#8211; ha detto Piantedosi &#8211;<em> sono testimoniati da dati importanti che riguardano la destinazione. Nell&#8217;ultimo triennio si ha una crescita +131,42% di beni destinati di cui il 150% in pi\u00f9 di immobili e il 120% di aziende. \u00c8 stato rafforzato il sostegno agli enti potenzialmente destinatari dei beni. Fondamentali sono le iniziative che l&#8217;Agenzia ha messo in campo nell&#8217;interesse della continuit\u00e0 delle aziende per la salvaguardia dei livelli occupazionali. A questo scopo sono state sottoscritte importanti collaborazioni con le universit\u00e0. L&#8217;Agenzia ha anche dato un forte impulso al potenziamento dell&#8217;organico, che il governo sta sostenendo. Gi\u00e0 c&#8217;\u00e8 stato un 40% di incremento del personale per arrivare, come obiettivo, a 200 unit\u00e0 di ruolo&#8221;.<\/em><br \/>\n<em>&#8220;Un capo della polizia meridionale \u00e8 importante ma anche chi viene da altri territori \u00e8 molto importante per quello che si pu\u00f2 fare in questi territori e su tutto il territorio nazionale. Quello che abbiamo voluto dire, con la nostra presenza, anche del capo della Polizia, per altro calabrese, a rappresentare insieme, per invito specifico del comandante generale dell&#8217;Arma, che lo Stato \u00e8 uno, ha diverse articolazioni ma lo Stato \u00e8 unico. L&#8217;Arma dei carabinieri quando agisce su territori come questi, agisce non solo come forza di polizia ma come rappresentanza dello Stato&#8221;.<\/em> Lo ha detto il ministro dell&#8217;Interno Matteo Piantedosi, commentando con i giornalisti, la presenza del nuovo campo della Polizia Vittorio Pisani alla cerimonia di inaugurazione della nuova caserma dei carabinieri di Africo Nuovo. <em>&#8220;Oggi &#8211;<\/em> ha aggiunto <em>&#8211; abbiamo voluto dare un segnale di un percorso che non finisce qua, ad Africo Nuovo. Abbiamo altri progetti con la regione Calabria di sostenerci reciprocamente. Iniziative come questa le abbiamo anche in altre parti del territorio regionale&#8221;.<\/em><strong> Piantedosi,<\/strong> che al termine della cerimonia ha voluto farsi fotografare insieme ai bambini di alcune scuole della zona, ha anche sottolineato l&#8217;importanza proprio delle scuole, &#8220;<em>il primo presidio di legalit\u00e0. E&#8217; un lavoro importante quello che si pu\u00f2 fare nelle scuole per le nuove generazioni&#8221;.<\/em><\/p>\n<h3 style=\"text-align: justify;\"><strong>Africo Nuovo, ad inaugurazione nuova caserma dei Carabinieri presente anche il Presidente Occhiuto<\/strong><\/h3>\n<p style=\"text-align: justify;\"><em>&#8220;Sappiate che i pi\u00f9 importanti qui siete voi perch\u00e9 confidiamo in voi, nella vostra capacit\u00e0 di distinguere il bene dal male e vi diciamo di non essere affascinati dalla violenza, dalla prepotenza. Non c&#8217;\u00e8 nessun onore nel distruggere il futuro di una terra e gli uomini della &#8216;ndrangheta sputano su questa parte della Calabria e su molte altre zone della Calabria quando distruggono il vostro futuro, il futuro della regione&#8221;<\/em>. <strong>Lo ha detto il presidente della regione Calabria Roberto Occhiuto<\/strong> rivolgendosi ai bambini di alcune scuole elementari presenti alla cerimonia di inaugurazione della caserma dei carabinieri di Africo Nuovo in un bene confiscato dalla &#8216;ndrangheta. Gli uomini della &#8216;ndrangheta, ha aggiunto Occhiuto, <em>&#8220;sono come quei vermi che invadono dei frutti bellissimi corrodendoli dall&#8217;interno fino a farli marcire. La Calabria \u00e8 una regione bellissima, straordinaria, dovete esserne orgogliosi perch\u00e9 \u00e8 una regione che potrebbe davvero produrre ricchezza e sviluppo e spesso non lo fa perch\u00e9 comunica alla comunit\u00e0 nazionale uno spot terribile, l&#8217;immagine di una regione senza futuro perch\u00e9 la &#8216;ndrangheta ne uccide le prospettive. Questi uomini sono come i vermi, non ne siate affascinati, siate affascinati dallo Stato perch\u00e9 solo lo Stato pu\u00f2 garantirvi i diritti, un futuro nella vostra regione. Confidiamo in voi e nella vostra capacit\u00e0 di educare anche noi adulti, di spiegare anche agli adulti che non bisogna essere affascinati dalla violenza, dalla prepotenza e che lo Stato \u00e8 pi\u00f9 forte e che bisogna avere fiducia nello Stato&#8221;<\/em>. (ANSA).<\/p>\n","protected":false},"excerpt":{"rendered":"<p>Visita istituzionale in Calabria, nella giornata di ieri, per il Ministro dell&#8217;interno Matteo Piantedosi. Durante il corso della mattinata, accompagnato dalla sottosegretario all&#8217;Interno Wanda Ferro, ha effettuato un sopralluogo al&hellip;<\/p>\n","protected":false},"author":12,"featured_media":27029,"comment_status":"closed","ping_status":"open","sticky":false,"template":"","format":"standard","meta":{"_jetpack_memberships_contains_paid_content":false,"footnotes":"","jetpack_publicize_message":"","jetpack_publicize_feature_enabled":true,"jetpack_social_post_already_shared":false,"jetpack_social_options":{"image_generator_settings":{"template":"highway","default_image_id":0,"font":"","enabled":false},"version":2}},"categories":[921,150,196,140],"tags":[804,16187,16185,16186,16183,16105,5731,1235,1495,16188,16184,4489],"class_list":["post-27028","post","type-post","status-publish","format-standard","has-post-thumbnail","hentry","category-home","category-in-primo-piano","category-news","category-reggio-calabria","tag-africo-nuovo","tag-capo-della-polizia-vittorio-pisani","tag-centro-di-prima-accoglienza","tag-generale-teo-luzi","tag-inaugurata-nuova-caserma-dei-carabinieri","tag-ministro-piantedosi","tag-porto-di-roccella","tag-roberto-occhiuto","tag-roccella","tag-sindaco-roccella-vittorio-zito","tag-visita-piantedosi-in-calabria","tag-wanda-ferro"],"yoast_head":"<!-- This site is optimized with the Yoast SEO plugin v27.2 - https:\/\/yoast.com\/product\/yoast-seo-wordpress\/ -->\n<title>Il Ministro Piantedosi in visita In Calabria a Roccella ed Africo<\/title>\n<meta name=\"description\" content=\"Visita istituzionale del Ministro PIantedosi in Calabria. Mattina sopralluogo al porto di Roccella, pomeriggio naugurazione caserma di Africo\" \/>\n<meta name=\"robots\" content=\"index, follow, max-snippet:-1, max-image-preview:large, max-video-preview:-1\" \/>\n<link rel=\"canonical\" href=\"https:\/\/progettotouring.it\/radiotouring104\/2023\/05\/31\/27028\/\" \/>\n<meta property=\"og:locale\" content=\"it_IT\" \/>\n<meta property=\"og:type\" content=\"article\" \/>\n<meta property=\"og:title\" content=\"Il Ministro Piantedosi in visita In Calabria a Roccella ed Africo\" \/>\n<meta property=\"og:description\" content=\"Visita istituzionale del Ministro PIantedosi in Calabria. Mattina sopralluogo al porto di Roccella, pomeriggio naugurazione caserma di Africo\" \/>\n<meta property=\"og:url\" content=\"https:\/\/progettotouring.it\/radiotouring104\/2023\/05\/31\/27028\/\" \/>\n<meta property=\"og:site_name\" content=\"Radio Touring 104\" \/>\n<meta property=\"article:published_time\" content=\"2023-05-31T10:55:39+00:00\" \/>\n<meta property=\"article:modified_time\" content=\"2023-06-01T09:22:00+00:00\" \/>\n<meta property=\"og:image\" content=\"https:\/\/progettotouring.it\/radiotouring104\/wp-content\/uploads\/sites\/6\/2023\/05\/Piantedosi-Versace-inaugurata-caserma-di-Africo-1.jpeg\" \/>\n\t<meta property=\"og:image:width\" content=\"1600\" \/>\n\t<meta property=\"og:image:height\" content=\"1200\" \/>\n\t<meta property=\"og:image:type\" content=\"image\/jpeg\" \/>\n<meta name=\"author\" content=\"Sebastiano Plutino\" \/>\n<meta name=\"twitter:card\" content=\"summary_large_image\" \/>\n<meta name=\"twitter:label1\" content=\"Scritto da\" \/>\n\t<meta name=\"twitter:data1\" content=\"Sebastiano Plutino\" \/>\n\t<meta name=\"twitter:label2\" content=\"Tempo di lettura stimato\" \/>\n\t<meta name=\"twitter:data2\" content=\"7 minuti\" \/>\n<script type=\"application\/ld+json\" class=\"yoast-schema-graph\">{\"@context\":\"https:\/\/schema.org\",\"@graph\":[{\"@type\":\"Article\",\"@id\":\"https:\/\/progettotouring.it\/radiotouring104\/2023\/05\/31\/27028\/#article\",\"isPartOf\":{\"@id\":\"https:\/\/progettotouring.it\/radiotouring104\/2023\/05\/31\/27028\/\"},\"author\":{\"name\":\"Sebastiano Plutino\",\"@id\":\"https:\/\/progettotouring.it\/radiotouring104\/#\/schema\/person\/78613917f1851f041f7483f5af1d422e\"},\"headline\":\"Il Ministro Piantedosi in visita In Calabria a Roccella ed Africo\",\"datePublished\":\"2023-05-31T10:55:39+00:00\",\"dateModified\":\"2023-06-01T09:22:00+00:00\",\"mainEntityOfPage\":{\"@id\":\"https:\/\/progettotouring.it\/radiotouring104\/2023\/05\/31\/27028\/\"},\"wordCount\":1432,\"publisher\":{\"@id\":\"https:\/\/progettotouring.it\/radiotouring104\/#organization\"},\"image\":{\"@id\":\"https:\/\/progettotouring.it\/radiotouring104\/2023\/05\/31\/27028\/#primaryimage\"},\"thumbnailUrl\":\"https:\/\/progettotouring.it\/radiotouring104\/wp-content\/uploads\/sites\/6\/2023\/05\/Piantedosi-Versace-inaugurata-caserma-di-Africo-1.jpeg\",\"keywords\":[\"Africo Nuovo\",\"capo della Polizia Vittorio Pisani\",\"Centro di prima accoglienza\",\"generale Teo Luzi\",\"inaugurata nuova caserma dei Carabinieri\",\"Ministro Piantedosi\",\"Porto di Roccella\",\"roberto occhiuto\",\"roccella\",\"sindaco Roccella Vittorio Zito\",\"visita Piantedosi in Calabria\",\"wanda ferro\"],\"articleSection\":[\"Home\",\"In primo piano\",\"News\",\"Reggio Calabria\"],\"inLanguage\":\"it-IT\"},{\"@type\":\"WebPage\",\"@id\":\"https:\/\/progettotouring.it\/radiotouring104\/2023\/05\/31\/27028\/\",\"url\":\"https:\/\/progettotouring.it\/radiotouring104\/2023\/05\/31\/27028\/\",\"name\":\"Il Ministro Piantedosi in visita In Calabria a Roccella ed Africo\",\"isPartOf\":{\"@id\":\"https:\/\/progettotouring.it\/radiotouring104\/#website\"},\"primaryImageOfPage\":{\"@id\":\"https:\/\/progettotouring.it\/radiotouring104\/2023\/05\/31\/27028\/#primaryimage\"},\"image\":{\"@id\":\"https:\/\/progettotouring.it\/radiotouring104\/2023\/05\/31\/27028\/#primaryimage\"},\"thumbnailUrl\":\"https:\/\/progettotouring.it\/radiotouring104\/wp-content\/uploads\/sites\/6\/2023\/05\/Piantedosi-Versace-inaugurata-caserma-di-Africo-1.jpeg\",\"datePublished\":\"2023-05-31T10:55:39+00:00\",\"dateModified\":\"2023-06-01T09:22:00+00:00\",\"description\":\"Visita istituzionale del Ministro PIantedosi in Calabria. Mattina sopralluogo al porto di Roccella, pomeriggio naugurazione caserma di Africo\",\"breadcrumb\":{\"@id\":\"https:\/\/progettotouring.it\/radiotouring104\/2023\/05\/31\/27028\/#breadcrumb\"},\"inLanguage\":\"it-IT\",\"potentialAction\":[{\"@type\":\"ReadAction\",\"target\":[\"https:\/\/progettotouring.it\/radiotouring104\/2023\/05\/31\/27028\/\"]}]},{\"@type\":\"ImageObject\",\"inLanguage\":\"it-IT\",\"@id\":\"https:\/\/progettotouring.it\/radiotouring104\/2023\/05\/31\/27028\/#primaryimage\",\"url\":\"https:\/\/progettotouring.it\/radiotouring104\/wp-content\/uploads\/sites\/6\/2023\/05\/Piantedosi-Versace-inaugurata-caserma-di-Africo-1.jpeg\",\"contentUrl\":\"https:\/\/progettotouring.it\/radiotouring104\/wp-content\/uploads\/sites\/6\/2023\/05\/Piantedosi-Versace-inaugurata-caserma-di-Africo-1.jpeg\",\"width\":1600,\"height\":1200},{\"@type\":\"BreadcrumbList\",\"@id\":\"https:\/\/progettotouring.it\/radiotouring104\/2023\/05\/31\/27028\/#breadcrumb\",\"itemListElement\":[{\"@type\":\"ListItem\",\"position\":1,\"name\":\"Home\",\"item\":\"https:\/\/progettotouring.it\/radiotouring104\/\"},{\"@type\":\"ListItem\",\"position\":2,\"name\":\"Il Ministro Piantedosi in visita In Calabria a Roccella ed Africo\"}]},{\"@type\":\"WebSite\",\"@id\":\"https:\/\/progettotouring.it\/radiotouring104\/#website\",\"url\":\"https:\/\/progettotouring.it\/radiotouring104\/\",\"name\":\"Radio Touring 104\",\"description\":\"La prima radio Reggina\",\"publisher\":{\"@id\":\"https:\/\/progettotouring.it\/radiotouring104\/#organization\"},\"potentialAction\":[{\"@type\":\"SearchAction\",\"target\":{\"@type\":\"EntryPoint\",\"urlTemplate\":\"https:\/\/progettotouring.it\/radiotouring104\/?s={search_term_string}\"},\"query-input\":{\"@type\":\"PropertyValueSpecification\",\"valueRequired\":true,\"valueName\":\"search_term_string\"}}],\"inLanguage\":\"it-IT\"},{\"@type\":\"Organization\",\"@id\":\"https:\/\/progettotouring.it\/radiotouring104\/#organization\",\"name\":\"Radio Touring 104\",\"url\":\"https:\/\/progettotouring.it\/radiotouring104\/\",\"logo\":{\"@type\":\"ImageObject\",\"inLanguage\":\"it-IT\",\"@id\":\"https:\/\/progettotouring.it\/radiotouring104\/#\/schema\/logo\/image\/\",\"url\":\"https:\/\/progettotouring.it\/radiotouring104\/wp-content\/uploads\/sites\/6\/2022\/02\/cropped-logo-radio-touring-104.png\",\"contentUrl\":\"https:\/\/progettotouring.it\/radiotouring104\/wp-content\/uploads\/sites\/6\/2022\/02\/cropped-logo-radio-touring-104.png\",\"width\":377,\"height\":182,\"caption\":\"Radio Touring 104\"},\"image\":{\"@id\":\"https:\/\/progettotouring.it\/radiotouring104\/#\/schema\/logo\/image\/\"}},{\"@type\":\"Person\",\"@id\":\"https:\/\/progettotouring.it\/radiotouring104\/#\/schema\/person\/78613917f1851f041f7483f5af1d422e\",\"name\":\"Sebastiano Plutino\",\"image\":{\"@type\":\"ImageObject\",\"inLanguage\":\"it-IT\",\"@id\":\"https:\/\/secure.gravatar.com\/avatar\/0546ffaa9b79224faf9f2a156b67a529ae861d3287c66c1d8ccfdf909bcba78d?s=96&d=mm&r=g\",\"url\":\"https:\/\/secure.gravatar.com\/avatar\/0546ffaa9b79224faf9f2a156b67a529ae861d3287c66c1d8ccfdf909bcba78d?s=96&d=mm&r=g\",\"contentUrl\":\"https:\/\/secure.gravatar.com\/avatar\/0546ffaa9b79224faf9f2a156b67a529ae861d3287c66c1d8ccfdf909bcba78d?s=96&d=mm&r=g\",\"caption\":\"Sebastiano Plutino\"},\"url\":\"https:\/\/progettotouring.it\/radiotouring104\/author\/sebastiano\/\"}]}<\/script>\n<!-- \/ Yoast SEO plugin. -->","yoast_head_json":{"title":"Il Ministro Piantedosi in visita In Calabria a Roccella ed Africo","description":"Visita istituzionale del Ministro PIantedosi in Calabria. Mattina sopralluogo al porto di Roccella, pomeriggio naugurazione caserma di Africo","robots":{"index":"index","follow":"follow","max-snippet":"max-snippet:-1","max-image-preview":"max-image-preview:large","max-video-preview":"max-video-preview:-1"},"canonical":"https:\/\/progettotouring.it\/radiotouring104\/2023\/05\/31\/27028\/","og_locale":"it_IT","og_type":"article","og_title":"Il Ministro Piantedosi in visita In Calabria a Roccella ed Africo","og_description":"Visita istituzionale del Ministro PIantedosi in Calabria. Mattina sopralluogo al porto di Roccella, pomeriggio naugurazione caserma di Africo","og_url":"https:\/\/progettotouring.it\/radiotouring104\/2023\/05\/31\/27028\/","og_site_name":"Radio Touring 104","article_published_time":"2023-05-31T10:55:39+00:00","article_modified_time":"2023-06-01T09:22:00+00:00","og_image":[{"width":1600,"height":1200,"url":"https:\/\/progettotouring.it\/radiotouring104\/wp-content\/uploads\/sites\/6\/2023\/05\/Piantedosi-Versace-inaugurata-caserma-di-Africo-1.jpeg","type":"image\/jpeg"}],"author":"Sebastiano Plutino","twitter_card":"summary_large_image","twitter_misc":{"Scritto da":"Sebastiano Plutino","Tempo di lettura stimato":"7 minuti"},"schema":{"@context":"https:\/\/schema.org","@graph":[{"@type":"Article","@id":"https:\/\/progettotouring.it\/radiotouring104\/2023\/05\/31\/27028\/#article","isPartOf":{"@id":"https:\/\/progettotouring.it\/radiotouring104\/2023\/05\/31\/27028\/"},"author":{"name":"Sebastiano Plutino","@id":"https:\/\/progettotouring.it\/radiotouring104\/#\/schema\/person\/78613917f1851f041f7483f5af1d422e"},"headline":"Il Ministro Piantedosi in visita In Calabria a Roccella ed Africo","datePublished":"2023-05-31T10:55:39+00:00","dateModified":"2023-06-01T09:22:00+00:00","mainEntityOfPage":{"@id":"https:\/\/progettotouring.it\/radiotouring104\/2023\/05\/31\/27028\/"},"wordCount":1432,"publisher":{"@id":"https:\/\/progettotouring.it\/radiotouring104\/#organization"},"image":{"@id":"https:\/\/progettotouring.it\/radiotouring104\/2023\/05\/31\/27028\/#primaryimage"},"thumbnailUrl":"https:\/\/progettotouring.it\/radiotouring104\/wp-content\/uploads\/sites\/6\/2023\/05\/Piantedosi-Versace-inaugurata-caserma-di-Africo-1.jpeg","keywords":["Africo Nuovo","capo della Polizia Vittorio Pisani","Centro di prima accoglienza","generale Teo Luzi","inaugurata nuova caserma dei Carabinieri","Ministro Piantedosi","Porto di Roccella","roberto occhiuto","roccella","sindaco Roccella Vittorio Zito","visita Piantedosi in Calabria","wanda ferro"],"articleSection":["Home","In primo piano","News","Reggio Calabria"],"inLanguage":"it-IT"},{"@type":"WebPage","@id":"https:\/\/progettotouring.it\/radiotouring104\/2023\/05\/31\/27028\/","url":"https:\/\/progettotouring.it\/radiotouring104\/2023\/05\/31\/27028\/","name":"Il Ministro Piantedosi in visita In Calabria a Roccella ed Africo","isPartOf":{"@id":"https:\/\/progettotouring.it\/radiotouring104\/#website"},"primaryImageOfPage":{"@id":"https:\/\/progettotouring.it\/radiotouring104\/2023\/05\/31\/27028\/#primaryimage"},"image":{"@id":"https:\/\/progettotouring.it\/radiotouring104\/2023\/05\/31\/27028\/#primaryimage"},"thumbnailUrl":"https:\/\/progettotouring.it\/radiotouring104\/wp-content\/uploads\/sites\/6\/2023\/05\/Piantedosi-Versace-inaugurata-caserma-di-Africo-1.jpeg","datePublished":"2023-05-31T10:55:39+00:00","dateModified":"2023-06-01T09:22:00+00:00","description":"Visita istituzionale del Ministro PIantedosi in Calabria. Mattina sopralluogo al porto di Roccella, pomeriggio naugurazione caserma di Africo","breadcrumb":{"@id":"https:\/\/progettotouring.it\/radiotouring104\/2023\/05\/31\/27028\/#breadcrumb"},"inLanguage":"it-IT","potentialAction":[{"@type":"ReadAction","target":["https:\/\/progettotouring.it\/radiotouring104\/2023\/05\/31\/27028\/"]}]},{"@type":"ImageObject","inLanguage":"it-IT","@id":"https:\/\/progettotouring.it\/radiotouring104\/2023\/05\/31\/27028\/#primaryimage","url":"https:\/\/progettotouring.it\/radiotouring104\/wp-content\/uploads\/sites\/6\/2023\/05\/Piantedosi-Versace-inaugurata-caserma-di-Africo-1.jpeg","contentUrl":"https:\/\/progettotouring.it\/radiotouring104\/wp-content\/uploads\/sites\/6\/2023\/05\/Piantedosi-Versace-inaugurata-caserma-di-Africo-1.jpeg","width":1600,"height":1200},{"@type":"BreadcrumbList","@id":"https:\/\/progettotouring.it\/radiotouring104\/2023\/05\/31\/27028\/#breadcrumb","itemListElement":[{"@type":"ListItem","position":1,"name":"Home","item":"https:\/\/progettotouring.it\/radiotouring104\/"},{"@type":"ListItem","position":2,"name":"Il Ministro Piantedosi in visita In Calabria a Roccella ed Africo"}]},{"@type":"WebSite","@id":"https:\/\/progettotouring.it\/radiotouring104\/#website","url":"https:\/\/progettotouring.it\/radiotouring104\/","name":"Radio Touring 104","description":"La prima radio Reggina","publisher":{"@id":"https:\/\/progettotouring.it\/radiotouring104\/#organization"},"potentialAction":[{"@type":"SearchAction","target":{"@type":"EntryPoint","urlTemplate":"https:\/\/progettotouring.it\/radiotouring104\/?s={search_term_string}"},"query-input":{"@type":"PropertyValueSpecification","valueRequired":true,"valueName":"search_term_string"}}],"inLanguage":"it-IT"},{"@type":"Organization","@id":"https:\/\/progettotouring.it\/radiotouring104\/#organization","name":"Radio Touring 104","url":"https:\/\/progettotouring.it\/radiotouring104\/","logo":{"@type":"ImageObject","inLanguage":"it-IT","@id":"https:\/\/progettotouring.it\/radiotouring104\/#\/schema\/logo\/image\/","url":"https:\/\/progettotouring.it\/radiotouring104\/wp-content\/uploads\/sites\/6\/2022\/02\/cropped-logo-radio-touring-104.png","contentUrl":"https:\/\/progettotouring.it\/radiotouring104\/wp-content\/uploads\/sites\/6\/2022\/02\/cropped-logo-radio-touring-104.png","width":377,"height":182,"caption":"Radio Touring 104"},"image":{"@id":"https:\/\/progettotouring.it\/radiotouring104\/#\/schema\/logo\/image\/"}},{"@type":"Person","@id":"https:\/\/progettotouring.it\/radiotouring104\/#\/schema\/person\/78613917f1851f041f7483f5af1d422e","name":"Sebastiano Plutino","image":{"@type":"ImageObject","inLanguage":"it-IT","@id":"https:\/\/secure.gravatar.com\/avatar\/0546ffaa9b79224faf9f2a156b67a529ae861d3287c66c1d8ccfdf909bcba78d?s=96&d=mm&r=g","url":"https:\/\/secure.gravatar.com\/avatar\/0546ffaa9b79224faf9f2a156b67a529ae861d3287c66c1d8ccfdf909bcba78d?s=96&d=mm&r=g","contentUrl":"https:\/\/secure.gravatar.com\/avatar\/0546ffaa9b79224faf9f2a156b67a529ae861d3287c66c1d8ccfdf909bcba78d?s=96&d=mm&r=g","caption":"Sebastiano Plutino"},"url":"https:\/\/progettotouring.it\/radiotouring104\/author\/sebastiano\/"}]}},"jetpack_publicize_connections":[],"jetpack_featured_media_url":"https:\/\/progettotouring.it\/radiotouring104\/wp-content\/uploads\/sites\/6\/2023\/05\/Piantedosi-Versace-inaugurata-caserma-di-Africo-1.jpeg","jetpack_sharing_enabled":true,"_links":{"self":[{"href":"https:\/\/progettotouring.it\/radiotouring104\/wp-json\/wp\/v2\/posts\/27028","targetHints":{"allow":["GET"]}}],"collection":[{"href":"https:\/\/progettotouring.it\/radiotouring104\/wp-json\/wp\/v2\/posts"}],"about":[{"href":"https:\/\/progettotouring.it\/radiotouring104\/wp-json\/wp\/v2\/types\/post"}],"author":[{"embeddable":true,"href":"https:\/\/progettotouring.it\/radiotouring104\/wp-json\/wp\/v2\/users\/12"}],"replies":[{"embeddable":true,"href":"https:\/\/progettotouring.it\/radiotouring104\/wp-json\/wp\/v2\/comments?post=27028"}],"version-history":[{"count":3,"href":"https:\/\/progettotouring.it\/radiotouring104\/wp-json\/wp\/v2\/posts\/27028\/revisions"}],"predecessor-version":[{"id":27134,"href":"https:\/\/progettotouring.it\/radiotouring104\/wp-json\/wp\/v2\/posts\/27028\/revisions\/27134"}],"wp:featuredmedia":[{"embeddable":true,"href":"https:\/\/progettotouring.it\/radiotouring104\/wp-json\/wp\/v2\/media\/27029"}],"wp:attachment":[{"href":"https:\/\/progettotouring.it\/radiotouring104\/wp-json\/wp\/v2\/media?parent=27028"}],"wp:term":[{"taxonomy":"category","embeddable":true,"href":"https:\/\/progettotouring.it\/radiotouring104\/wp-json\/wp\/v2\/categories?post=27028"},{"taxonomy":"post_tag","embeddable":true,"href":"https:\/\/progettotouring.it\/radiotouring104\/wp-json\/wp\/v2\/tags?post=27028"}],"curies":[{"name":"wp","href":"https:\/\/api.w.org\/{rel}","templated":true}]}}