{"id":27034,"date":"2023-05-31T13:04:13","date_gmt":"2023-05-31T11:04:13","guid":{"rendered":"https:\/\/progettotouring.it\/radiotouring104\/?p=27034"},"modified":"2023-05-31T19:34:17","modified_gmt":"2023-05-31T17:34:17","slug":"larea-archeologica-griso-aperta-e-gratuita-il-2-giugno","status":"publish","type":"post","link":"https:\/\/progettotouring.it\/radiotouring104\/2023\/05\/31\/larea-archeologica-griso-aperta-e-gratuita-il-2-giugno\/","title":{"rendered":"L&#8217;Area Archeologica Griso aperta e gratuita il 2 Giugno"},"content":{"rendered":"<p>L&#8217;Area Archeologica Griso Laboccetta della Citt\u00e0 Metropolitana di Reggio Calabria si apre alla citt\u00e0. In occasione della Festa della Repubblica del prossimo 2 giugno, l&#8217;area sar\u00e0 aperta tra le ore 9.30 e le ore 12.00 con ingresso totalmente gratuito.<\/p>\n<p>Nel frattempo sono in fase di programmazione le attivit\u00e0 realizzate all&#8217;interno dell&#8217;area che, con l&#8217;avvio della stagione estiva, ha ampliato i suoi orari di apertura.<\/p>\n<p>Orari Apertura giorni feriali:<\/p>\n<p>Martedi &#8211; sabato 9,30 &#8211; 12,30<br \/>\nGioved\u00ec 16,00 &#8211; 18,00<br \/>\nSabato 16,00 &#8211; 19,00<\/p>\n<p>L\u2019ingresso \u00e8 previsto fino a 30 min prima della chiusura.<\/p>\n<div><\/div>\n","protected":false},"excerpt":{"rendered":"<p>L&#8217;Area Archeologica Griso Laboccetta della Citt\u00e0 Metropolitana di Reggio Calabria si apre alla citt\u00e0. In occasione della Festa della Repubblica del prossimo 2 giugno, l&#8217;area sar\u00e0 aperta tra le ore&hellip;<\/p>\n","protected":false},"author":12,"featured_media":27102,"comment_status":"closed","ping_status":"open","sticky":false,"template":"","format":"standard","meta":{"_jetpack_memberships_contains_paid_content":false,"footnotes":"","jetpack_publicize_message":"","jetpack_publicize_feature_enabled":true,"jetpack_social_post_already_shared":false,"jetpack_social_options":{"image_generator_settings":{"template":"highway","default_image_id":0,"font":"","enabled":false},"version":2}},"categories":[921,196,140],"tags":[15971,3328,563,4030],"class_list":["post-27034","post","type-post","status-publish","format-standard","has-post-thumbnail","hentry","category-home","category-news","category-reggio-calabria","tag-77-anniversario-festa-della-repubblica","tag-area-archeologica-griso-laboccetta","tag-citta-metropolitana-di-reggio-calabria","tag-ingresso-gratuito"],"yoast_head":"<!-- This site is optimized with the Yoast SEO plugin v27.2 - https:\/\/yoast.com\/product\/yoast-seo-wordpress\/ -->\n<title>L&#039;Area Archeologica Griso aperta e gratuita il 2 Giugno<\/title>\n<meta name=\"description\" content=\"L&#039;Area Archeologica Griso Laboccetta della Citt\u00e0 Metropolitana di Reggio Calabria aperta per la Festa della Repubblica con ingresso gratuito\" \/>\n<meta name=\"robots\" content=\"index, follow, max-snippet:-1, max-image-preview:large, max-video-preview:-1\" \/>\n<link rel=\"canonical\" href=\"https:\/\/progettotouring.it\/radiotouring104\/2023\/05\/31\/larea-archeologica-griso-aperta-e-gratuita-il-2-giugno\/\" \/>\n<meta property=\"og:locale\" content=\"it_IT\" \/>\n<meta property=\"og:type\" content=\"article\" \/>\n<meta property=\"og:title\" content=\"L&#039;Area Archeologica Griso aperta e gratuita il 2 Giugno\" \/>\n<meta property=\"og:description\" content=\"L&#039;Area Archeologica Griso Laboccetta della Citt\u00e0 Metropolitana di Reggio Calabria aperta per la Festa della Repubblica con ingresso gratuito\" \/>\n<meta property=\"og:url\" content=\"https:\/\/progettotouring.it\/radiotouring104\/2023\/05\/31\/larea-archeologica-griso-aperta-e-gratuita-il-2-giugno\/\" \/>\n<meta property=\"og:site_name\" content=\"Radio Touring 104\" \/>\n<meta property=\"article:published_time\" content=\"2023-05-31T11:04:13+00:00\" \/>\n<meta property=\"article:modified_time\" content=\"2023-05-31T17:34:17+00:00\" \/>\n<meta property=\"og:image\" content=\"https:\/\/progettotouring.it\/radiotouring104\/wp-content\/uploads\/sites\/6\/2023\/05\/area-griso-laboccetta.jpeg\" \/>\n\t<meta property=\"og:image:width\" content=\"1600\" \/>\n\t<meta property=\"og:image:height\" content=\"1200\" \/>\n\t<meta property=\"og:image:type\" content=\"image\/jpeg\" \/>\n<meta name=\"author\" content=\"Sebastiano Plutino\" \/>\n<meta name=\"twitter:card\" content=\"summary_large_image\" \/>\n<meta name=\"twitter:label1\" content=\"Scritto da\" \/>\n\t<meta name=\"twitter:data1\" content=\"Sebastiano Plutino\" \/>\n<script type=\"application\/ld+json\" class=\"yoast-schema-graph\">{\"@context\":\"https:\/\/schema.org\",\"@graph\":[{\"@type\":\"Article\",\"@id\":\"https:\/\/progettotouring.it\/radiotouring104\/2023\/05\/31\/larea-archeologica-griso-aperta-e-gratuita-il-2-giugno\/#article\",\"isPartOf\":{\"@id\":\"https:\/\/progettotouring.it\/radiotouring104\/2023\/05\/31\/larea-archeologica-griso-aperta-e-gratuita-il-2-giugno\/\"},\"author\":{\"name\":\"Sebastiano Plutino\",\"@id\":\"https:\/\/progettotouring.it\/radiotouring104\/#\/schema\/person\/78613917f1851f041f7483f5af1d422e\"},\"headline\":\"L&#8217;Area Archeologica Griso aperta e gratuita il 2 Giugno\",\"datePublished\":\"2023-05-31T11:04:13+00:00\",\"dateModified\":\"2023-05-31T17:34:17+00:00\",\"mainEntityOfPage\":{\"@id\":\"https:\/\/progettotouring.it\/radiotouring104\/2023\/05\/31\/larea-archeologica-griso-aperta-e-gratuita-il-2-giugno\/\"},\"wordCount\":90,\"publisher\":{\"@id\":\"https:\/\/progettotouring.it\/radiotouring104\/#organization\"},\"image\":{\"@id\":\"https:\/\/progettotouring.it\/radiotouring104\/2023\/05\/31\/larea-archeologica-griso-aperta-e-gratuita-il-2-giugno\/#primaryimage\"},\"thumbnailUrl\":\"https:\/\/progettotouring.it\/radiotouring104\/wp-content\/uploads\/sites\/6\/2023\/05\/area-griso-laboccetta.jpeg\",\"keywords\":[\"77\u00b0 anniversario Festa della Repubblica\",\"area archeologica griso laboccetta\",\"Citt\u00e0 Metropolitana di Reggio Calabria\",\"ingresso gratuito\"],\"articleSection\":[\"Home\",\"News\",\"Reggio Calabria\"],\"inLanguage\":\"it-IT\"},{\"@type\":\"WebPage\",\"@id\":\"https:\/\/progettotouring.it\/radiotouring104\/2023\/05\/31\/larea-archeologica-griso-aperta-e-gratuita-il-2-giugno\/\",\"url\":\"https:\/\/progettotouring.it\/radiotouring104\/2023\/05\/31\/larea-archeologica-griso-aperta-e-gratuita-il-2-giugno\/\",\"name\":\"L'Area Archeologica Griso aperta e gratuita il 2 Giugno\",\"isPartOf\":{\"@id\":\"https:\/\/progettotouring.it\/radiotouring104\/#website\"},\"primaryImageOfPage\":{\"@id\":\"https:\/\/progettotouring.it\/radiotouring104\/2023\/05\/31\/larea-archeologica-griso-aperta-e-gratuita-il-2-giugno\/#primaryimage\"},\"image\":{\"@id\":\"https:\/\/progettotouring.it\/radiotouring104\/2023\/05\/31\/larea-archeologica-griso-aperta-e-gratuita-il-2-giugno\/#primaryimage\"},\"thumbnailUrl\":\"https:\/\/progettotouring.it\/radiotouring104\/wp-content\/uploads\/sites\/6\/2023\/05\/area-griso-laboccetta.jpeg\",\"datePublished\":\"2023-05-31T11:04:13+00:00\",\"dateModified\":\"2023-05-31T17:34:17+00:00\",\"description\":\"L'Area Archeologica Griso Laboccetta della Citt\u00e0 Metropolitana di Reggio Calabria aperta per la Festa della Repubblica con ingresso gratuito\",\"breadcrumb\":{\"@id\":\"https:\/\/progettotouring.it\/radiotouring104\/2023\/05\/31\/larea-archeologica-griso-aperta-e-gratuita-il-2-giugno\/#breadcrumb\"},\"inLanguage\":\"it-IT\",\"potentialAction\":[{\"@type\":\"ReadAction\",\"target\":[\"https:\/\/progettotouring.it\/radiotouring104\/2023\/05\/31\/larea-archeologica-griso-aperta-e-gratuita-il-2-giugno\/\"]}]},{\"@type\":\"ImageObject\",\"inLanguage\":\"it-IT\",\"@id\":\"https:\/\/progettotouring.it\/radiotouring104\/2023\/05\/31\/larea-archeologica-griso-aperta-e-gratuita-il-2-giugno\/#primaryimage\",\"url\":\"https:\/\/progettotouring.it\/radiotouring104\/wp-content\/uploads\/sites\/6\/2023\/05\/area-griso-laboccetta.jpeg\",\"contentUrl\":\"https:\/\/progettotouring.it\/radiotouring104\/wp-content\/uploads\/sites\/6\/2023\/05\/area-griso-laboccetta.jpeg\",\"width\":1600,\"height\":1200},{\"@type\":\"BreadcrumbList\",\"@id\":\"https:\/\/progettotouring.it\/radiotouring104\/2023\/05\/31\/larea-archeologica-griso-aperta-e-gratuita-il-2-giugno\/#breadcrumb\",\"itemListElement\":[{\"@type\":\"ListItem\",\"position\":1,\"name\":\"Home\",\"item\":\"https:\/\/progettotouring.it\/radiotouring104\/\"},{\"@type\":\"ListItem\",\"position\":2,\"name\":\"L&#8217;Area Archeologica Griso aperta e gratuita il 2 Giugno\"}]},{\"@type\":\"WebSite\",\"@id\":\"https:\/\/progettotouring.it\/radiotouring104\/#website\",\"url\":\"https:\/\/progettotouring.it\/radiotouring104\/\",\"name\":\"Radio Touring 104\",\"description\":\"La prima radio Reggina\",\"publisher\":{\"@id\":\"https:\/\/progettotouring.it\/radiotouring104\/#organization\"},\"potentialAction\":[{\"@type\":\"SearchAction\",\"target\":{\"@type\":\"EntryPoint\",\"urlTemplate\":\"https:\/\/progettotouring.it\/radiotouring104\/?s={search_term_string}\"},\"query-input\":{\"@type\":\"PropertyValueSpecification\",\"valueRequired\":true,\"valueName\":\"search_term_string\"}}],\"inLanguage\":\"it-IT\"},{\"@type\":\"Organization\",\"@id\":\"https:\/\/progettotouring.it\/radiotouring104\/#organization\",\"name\":\"Radio Touring 104\",\"url\":\"https:\/\/progettotouring.it\/radiotouring104\/\",\"logo\":{\"@type\":\"ImageObject\",\"inLanguage\":\"it-IT\",\"@id\":\"https:\/\/progettotouring.it\/radiotouring104\/#\/schema\/logo\/image\/\",\"url\":\"https:\/\/progettotouring.it\/radiotouring104\/wp-content\/uploads\/sites\/6\/2022\/02\/cropped-logo-radio-touring-104.png\",\"contentUrl\":\"https:\/\/progettotouring.it\/radiotouring104\/wp-content\/uploads\/sites\/6\/2022\/02\/cropped-logo-radio-touring-104.png\",\"width\":377,\"height\":182,\"caption\":\"Radio Touring 104\"},\"image\":{\"@id\":\"https:\/\/progettotouring.it\/radiotouring104\/#\/schema\/logo\/image\/\"}},{\"@type\":\"Person\",\"@id\":\"https:\/\/progettotouring.it\/radiotouring104\/#\/schema\/person\/78613917f1851f041f7483f5af1d422e\",\"name\":\"Sebastiano Plutino\",\"image\":{\"@type\":\"ImageObject\",\"inLanguage\":\"it-IT\",\"@id\":\"https:\/\/secure.gravatar.com\/avatar\/0546ffaa9b79224faf9f2a156b67a529ae861d3287c66c1d8ccfdf909bcba78d?s=96&d=mm&r=g\",\"url\":\"https:\/\/secure.gravatar.com\/avatar\/0546ffaa9b79224faf9f2a156b67a529ae861d3287c66c1d8ccfdf909bcba78d?s=96&d=mm&r=g\",\"contentUrl\":\"https:\/\/secure.gravatar.com\/avatar\/0546ffaa9b79224faf9f2a156b67a529ae861d3287c66c1d8ccfdf909bcba78d?s=96&d=mm&r=g\",\"caption\":\"Sebastiano Plutino\"},\"url\":\"https:\/\/progettotouring.it\/radiotouring104\/author\/sebastiano\/\"}]}<\/script>\n<!-- \/ Yoast SEO plugin. -->","yoast_head_json":{"title":"L'Area Archeologica Griso aperta e gratuita il 2 Giugno","description":"L'Area Archeologica Griso Laboccetta della Citt\u00e0 Metropolitana di Reggio Calabria aperta per la Festa della Repubblica con ingresso gratuito","robots":{"index":"index","follow":"follow","max-snippet":"max-snippet:-1","max-image-preview":"max-image-preview:large","max-video-preview":"max-video-preview:-1"},"canonical":"https:\/\/progettotouring.it\/radiotouring104\/2023\/05\/31\/larea-archeologica-griso-aperta-e-gratuita-il-2-giugno\/","og_locale":"it_IT","og_type":"article","og_title":"L'Area Archeologica Griso aperta e gratuita il 2 Giugno","og_description":"L'Area Archeologica Griso Laboccetta della Citt\u00e0 Metropolitana di Reggio Calabria aperta per la Festa della Repubblica con ingresso gratuito","og_url":"https:\/\/progettotouring.it\/radiotouring104\/2023\/05\/31\/larea-archeologica-griso-aperta-e-gratuita-il-2-giugno\/","og_site_name":"Radio Touring 104","article_published_time":"2023-05-31T11:04:13+00:00","article_modified_time":"2023-05-31T17:34:17+00:00","og_image":[{"width":1600,"height":1200,"url":"https:\/\/progettotouring.it\/radiotouring104\/wp-content\/uploads\/sites\/6\/2023\/05\/area-griso-laboccetta.jpeg","type":"image\/jpeg"}],"author":"Sebastiano Plutino","twitter_card":"summary_large_image","twitter_misc":{"Scritto da":"Sebastiano Plutino"},"schema":{"@context":"https:\/\/schema.org","@graph":[{"@type":"Article","@id":"https:\/\/progettotouring.it\/radiotouring104\/2023\/05\/31\/larea-archeologica-griso-aperta-e-gratuita-il-2-giugno\/#article","isPartOf":{"@id":"https:\/\/progettotouring.it\/radiotouring104\/2023\/05\/31\/larea-archeologica-griso-aperta-e-gratuita-il-2-giugno\/"},"author":{"name":"Sebastiano Plutino","@id":"https:\/\/progettotouring.it\/radiotouring104\/#\/schema\/person\/78613917f1851f041f7483f5af1d422e"},"headline":"L&#8217;Area Archeologica Griso aperta e gratuita il 2 Giugno","datePublished":"2023-05-31T11:04:13+00:00","dateModified":"2023-05-31T17:34:17+00:00","mainEntityOfPage":{"@id":"https:\/\/progettotouring.it\/radiotouring104\/2023\/05\/31\/larea-archeologica-griso-aperta-e-gratuita-il-2-giugno\/"},"wordCount":90,"publisher":{"@id":"https:\/\/progettotouring.it\/radiotouring104\/#organization"},"image":{"@id":"https:\/\/progettotouring.it\/radiotouring104\/2023\/05\/31\/larea-archeologica-griso-aperta-e-gratuita-il-2-giugno\/#primaryimage"},"thumbnailUrl":"https:\/\/progettotouring.it\/radiotouring104\/wp-content\/uploads\/sites\/6\/2023\/05\/area-griso-laboccetta.jpeg","keywords":["77\u00b0 anniversario Festa della Repubblica","area archeologica griso laboccetta","Citt\u00e0 Metropolitana di Reggio Calabria","ingresso gratuito"],"articleSection":["Home","News","Reggio Calabria"],"inLanguage":"it-IT"},{"@type":"WebPage","@id":"https:\/\/progettotouring.it\/radiotouring104\/2023\/05\/31\/larea-archeologica-griso-aperta-e-gratuita-il-2-giugno\/","url":"https:\/\/progettotouring.it\/radiotouring104\/2023\/05\/31\/larea-archeologica-griso-aperta-e-gratuita-il-2-giugno\/","name":"L'Area Archeologica Griso aperta e gratuita il 2 Giugno","isPartOf":{"@id":"https:\/\/progettotouring.it\/radiotouring104\/#website"},"primaryImageOfPage":{"@id":"https:\/\/progettotouring.it\/radiotouring104\/2023\/05\/31\/larea-archeologica-griso-aperta-e-gratuita-il-2-giugno\/#primaryimage"},"image":{"@id":"https:\/\/progettotouring.it\/radiotouring104\/2023\/05\/31\/larea-archeologica-griso-aperta-e-gratuita-il-2-giugno\/#primaryimage"},"thumbnailUrl":"https:\/\/progettotouring.it\/radiotouring104\/wp-content\/uploads\/sites\/6\/2023\/05\/area-griso-laboccetta.jpeg","datePublished":"2023-05-31T11:04:13+00:00","dateModified":"2023-05-31T17:34:17+00:00","description":"L'Area Archeologica Griso Laboccetta della Citt\u00e0 Metropolitana di Reggio Calabria aperta per la Festa della Repubblica con ingresso gratuito","breadcrumb":{"@id":"https:\/\/progettotouring.it\/radiotouring104\/2023\/05\/31\/larea-archeologica-griso-aperta-e-gratuita-il-2-giugno\/#breadcrumb"},"inLanguage":"it-IT","potentialAction":[{"@type":"ReadAction","target":["https:\/\/progettotouring.it\/radiotouring104\/2023\/05\/31\/larea-archeologica-griso-aperta-e-gratuita-il-2-giugno\/"]}]},{"@type":"ImageObject","inLanguage":"it-IT","@id":"https:\/\/progettotouring.it\/radiotouring104\/2023\/05\/31\/larea-archeologica-griso-aperta-e-gratuita-il-2-giugno\/#primaryimage","url":"https:\/\/progettotouring.it\/radiotouring104\/wp-content\/uploads\/sites\/6\/2023\/05\/area-griso-laboccetta.jpeg","contentUrl":"https:\/\/progettotouring.it\/radiotouring104\/wp-content\/uploads\/sites\/6\/2023\/05\/area-griso-laboccetta.jpeg","width":1600,"height":1200},{"@type":"BreadcrumbList","@id":"https:\/\/progettotouring.it\/radiotouring104\/2023\/05\/31\/larea-archeologica-griso-aperta-e-gratuita-il-2-giugno\/#breadcrumb","itemListElement":[{"@type":"ListItem","position":1,"name":"Home","item":"https:\/\/progettotouring.it\/radiotouring104\/"},{"@type":"ListItem","position":2,"name":"L&#8217;Area Archeologica Griso aperta e gratuita il 2 Giugno"}]},{"@type":"WebSite","@id":"https:\/\/progettotouring.it\/radiotouring104\/#website","url":"https:\/\/progettotouring.it\/radiotouring104\/","name":"Radio Touring 104","description":"La prima radio Reggina","publisher":{"@id":"https:\/\/progettotouring.it\/radiotouring104\/#organization"},"potentialAction":[{"@type":"SearchAction","target":{"@type":"EntryPoint","urlTemplate":"https:\/\/progettotouring.it\/radiotouring104\/?s={search_term_string}"},"query-input":{"@type":"PropertyValueSpecification","valueRequired":true,"valueName":"search_term_string"}}],"inLanguage":"it-IT"},{"@type":"Organization","@id":"https:\/\/progettotouring.it\/radiotouring104\/#organization","name":"Radio Touring 104","url":"https:\/\/progettotouring.it\/radiotouring104\/","logo":{"@type":"ImageObject","inLanguage":"it-IT","@id":"https:\/\/progettotouring.it\/radiotouring104\/#\/schema\/logo\/image\/","url":"https:\/\/progettotouring.it\/radiotouring104\/wp-content\/uploads\/sites\/6\/2022\/02\/cropped-logo-radio-touring-104.png","contentUrl":"https:\/\/progettotouring.it\/radiotouring104\/wp-content\/uploads\/sites\/6\/2022\/02\/cropped-logo-radio-touring-104.png","width":377,"height":182,"caption":"Radio Touring 104"},"image":{"@id":"https:\/\/progettotouring.it\/radiotouring104\/#\/schema\/logo\/image\/"}},{"@type":"Person","@id":"https:\/\/progettotouring.it\/radiotouring104\/#\/schema\/person\/78613917f1851f041f7483f5af1d422e","name":"Sebastiano Plutino","image":{"@type":"ImageObject","inLanguage":"it-IT","@id":"https:\/\/secure.gravatar.com\/avatar\/0546ffaa9b79224faf9f2a156b67a529ae861d3287c66c1d8ccfdf909bcba78d?s=96&d=mm&r=g","url":"https:\/\/secure.gravatar.com\/avatar\/0546ffaa9b79224faf9f2a156b67a529ae861d3287c66c1d8ccfdf909bcba78d?s=96&d=mm&r=g","contentUrl":"https:\/\/secure.gravatar.com\/avatar\/0546ffaa9b79224faf9f2a156b67a529ae861d3287c66c1d8ccfdf909bcba78d?s=96&d=mm&r=g","caption":"Sebastiano Plutino"},"url":"https:\/\/progettotouring.it\/radiotouring104\/author\/sebastiano\/"}]}},"jetpack_publicize_connections":[],"jetpack_featured_media_url":"https:\/\/progettotouring.it\/radiotouring104\/wp-content\/uploads\/sites\/6\/2023\/05\/area-griso-laboccetta.jpeg","jetpack_sharing_enabled":true,"_links":{"self":[{"href":"https:\/\/progettotouring.it\/radiotouring104\/wp-json\/wp\/v2\/posts\/27034","targetHints":{"allow":["GET"]}}],"collection":[{"href":"https:\/\/progettotouring.it\/radiotouring104\/wp-json\/wp\/v2\/posts"}],"about":[{"href":"https:\/\/progettotouring.it\/radiotouring104\/wp-json\/wp\/v2\/types\/post"}],"author":[{"embeddable":true,"href":"https:\/\/progettotouring.it\/radiotouring104\/wp-json\/wp\/v2\/users\/12"}],"replies":[{"embeddable":true,"href":"https:\/\/progettotouring.it\/radiotouring104\/wp-json\/wp\/v2\/comments?post=27034"}],"version-history":[{"count":1,"href":"https:\/\/progettotouring.it\/radiotouring104\/wp-json\/wp\/v2\/posts\/27034\/revisions"}],"predecessor-version":[{"id":27035,"href":"https:\/\/progettotouring.it\/radiotouring104\/wp-json\/wp\/v2\/posts\/27034\/revisions\/27035"}],"wp:featuredmedia":[{"embeddable":true,"href":"https:\/\/progettotouring.it\/radiotouring104\/wp-json\/wp\/v2\/media\/27102"}],"wp:attachment":[{"href":"https:\/\/progettotouring.it\/radiotouring104\/wp-json\/wp\/v2\/media?parent=27034"}],"wp:term":[{"taxonomy":"category","embeddable":true,"href":"https:\/\/progettotouring.it\/radiotouring104\/wp-json\/wp\/v2\/categories?post=27034"},{"taxonomy":"post_tag","embeddable":true,"href":"https:\/\/progettotouring.it\/radiotouring104\/wp-json\/wp\/v2\/tags?post=27034"}],"curies":[{"name":"wp","href":"https:\/\/api.w.org\/{rel}","templated":true}]}}