{"id":27051,"date":"2023-05-31T12:36:24","date_gmt":"2023-05-31T10:36:24","guid":{"rendered":"https:\/\/progettotouring.it\/radiotouring104\/?p=27051"},"modified":"2023-05-31T14:16:41","modified_gmt":"2023-05-31T12:16:41","slug":"reggio-calabria-inaugurata-la-panchina-europea-della-creativita","status":"publish","type":"post","link":"https:\/\/progettotouring.it\/radiotouring104\/2023\/05\/31\/reggio-calabria-inaugurata-la-panchina-europea-della-creativita\/","title":{"rendered":"Reggio Calabria: inaugurata la &#8220;Panchina Europea della Creativit\u00e0&#8221;"},"content":{"rendered":"<p style=\"text-align: justify\">E\u2019 stata inaugurata la \u201c<strong>Panchina europea della creativit\u00e0<\/strong>\u201d, collocata in <strong>Piazza<\/strong> della <strong>Consegna<\/strong> per l\u2019iniziativa promossa dal Centro Europe Direct del Comune di <strong>Reggio<\/strong> b, in collaborazione con <strong>l\u2019Accademia<\/strong> delle <strong>Belle<\/strong> <strong>Arti<\/strong>. Accanto al nuovo arredo simbolo dei valori della pace e della cooperazione tra i popoli, della cultura come strumento di emancipazione sociale per come recita la Carta dei Diritti Fondamentali <strong>dell\u2019Unione<\/strong> <strong>Europea<\/strong>, trova spazio anche una libreria condivisa realizzata dai ragazzi e dalle ragazze dell\u2019Accademia di via XXV Luglio ispirata al genio di <strong>Charles<\/strong> <strong>Schulz<\/strong>. All\u2019iniziativa erano presenti l\u2019assessora all\u2019<strong>Europe Direct, Giuggi Palmenta,<\/strong> il direttore delle Belle Arti, Pietro Sacchetti, accompagnato da alcuni docenti e dagli studenti e dalle studentesse che hanno realizzato l\u2019opera, oltre ad altre allieve ed allievi che si sono cimentati in una performance letteraria.<\/p>\n<p style=\"text-align: justify\"><em>&#8220;A conclusione del mese dedicato <strong>all\u2019Europa<\/strong> <\/em>\u2013 ha detto l\u2019assessora Palmenta &#8211;<em> abbiamo voluto dare un cenno ulteriore della presenza in citt\u00e0 di quella che non \u00e8 soltanto un\u2019istituzione, ma che andrebbe vissuta come un vero e proprio sentimento. L\u2019istallazione della panchina ha dato sfogo all\u2019estro dei giovani artisti dell\u2019Accademia delle <strong>Belle<\/strong> <strong>Arti<\/strong>, un ente che ha accolto con entusiasmo l\u2019invito <strong>dell\u2019Europe<\/strong> <strong>direct<\/strong> del Comune di <strong>Reggio<\/strong> <strong>Calabria<\/strong> e del consigliere delegato all\u2019<strong>Arredo Urbano<\/strong>, <strong>Massimiliano Merenda<\/strong>, cui va il mio pi\u00f9 sentito ringraziamento per l\u2019ottimo lavoro di coordinamento svolto&#8221;.<\/em><\/p>\n<p style=\"text-align: justify\"><em>&#8220;Questa panchina <\/em>&#8211; ha aggiunto &#8211;<em> vuole ricordare il nostro presente, ma soprattutto un futuro proiettato in una dimensione europea a misura di citt\u00e0. Questo \u00e8 un concetto che ribadiamo spesso perch\u00e9 possiamo vedere, con i nostri occhi, la trasformazione dei nostri spazi grazie a quelle linee di finanziamento che ci consentono di dare un volto nuovo alla citt\u00e0, uno su tutti lo splendido \u201c<strong>Waterfront<\/strong>\u201d sul <strong>Lungomare&#8221;<\/strong>. <\/em>L\u2019assessora <strong>Giuggi <\/strong><strong>Palmenta<\/strong> ha, poi, sottolineato &#8220;<em>l\u2019importanza dei diritti europei che diventano opportunit\u00e0 per le nostre ragazze ed i nostri ragazzi&#8221;.<\/em><\/p>\n<p style=\"text-align: justify\"><em>&#8220;Il 2022 \u2013 ha ricordato \u2013 \u00e8 stato <strong>l\u2019Anno Europeo<\/strong> <strong>dei Giovani<\/strong> ed il <strong>2023<\/strong> quello delle <strong>Competenze<\/strong>. Ecco, abbiamo voluto coinvolgere gli studenti e le studentesse dell\u2019Accademia delle Belle Arti che, in questo modo, hanno potuto esprimere i loro talenti e le loro passioni che, un domani, diverranno un lavoro basato sulle competenze acquisite&#8221;. <\/em>Per <strong>Roberta Cuzzola<\/strong>, docente di tecniche per la Pittura dell\u2019Accademia, <em>&#8220;l\u2019invito del Comune di Reggio Calabria e dall\u2019Europe direct ha rappresentato una buona opportunit\u00e0 di crescita per le allieve e gli allievi&#8221;. &#8220;La panchina<\/em> \u2013 ha spiegato \u2013<em> \u00e8 stata realizzata dalle ragazze e dai ragazzi del primo anno del Corso di pittura ed \u00e8 diventata un\u2019ottima possibilit\u00e0 formativa destinata a valorizzare uno spazio del centro urbano. E\u2019 un beneficio collettivo che migliora un pezzo di citt\u00e0&#8221;.<\/em><\/p>\n","protected":false},"excerpt":{"rendered":"<p>E\u2019 stata inaugurata la \u201cPanchina europea della creativit\u00e0\u201d, collocata in Piazza della Consegna per l\u2019iniziativa promossa dal Centro Europe Direct del Comune di Reggio b, in collaborazione con l\u2019Accademia delle&hellip;<\/p>\n","protected":false},"author":8,"featured_media":27052,"comment_status":"closed","ping_status":"open","sticky":false,"template":"","format":"standard","meta":{"_jetpack_memberships_contains_paid_content":false,"footnotes":"","jetpack_publicize_message":"","jetpack_publicize_feature_enabled":true,"jetpack_social_post_already_shared":false,"jetpack_social_options":{"image_generator_settings":{"template":"highway","default_image_id":0,"font":"","enabled":false},"version":2}},"categories":[921,196,140],"tags":[16197,11219,1524,16090],"class_list":["post-27051","post","type-post","status-publish","format-standard","has-post-thumbnail","hentry","category-home","category-news","category-reggio-calabria","tag-anno-europeo-dei-giovani","tag-europe-direct","tag-giuggi-palmenta","tag-panchina-europea-della-creativita"],"yoast_head":"<!-- This site is optimized with the Yoast SEO plugin v27.2 - https:\/\/yoast.com\/product\/yoast-seo-wordpress\/ -->\n<title>Reggio Calabria: inaugurata la &quot;Panchina Europea della Creativit\u00e0&quot; - Radio Touring 104<\/title>\n<meta name=\"description\" content=\"L&#039;iniziativa \u00e8 stata realizzata dallo Europe Direct del Comune in collaborazione con l&#039;Accademia di Belle Art\" \/>\n<meta name=\"robots\" content=\"index, follow, max-snippet:-1, max-image-preview:large, max-video-preview:-1\" \/>\n<link rel=\"canonical\" href=\"https:\/\/progettotouring.it\/radiotouring104\/2023\/05\/31\/reggio-calabria-inaugurata-la-panchina-europea-della-creativita\/\" \/>\n<meta property=\"og:locale\" content=\"it_IT\" \/>\n<meta property=\"og:type\" content=\"article\" \/>\n<meta property=\"og:title\" content=\"Reggio Calabria: inaugurata la &quot;Panchina Europea della Creativit\u00e0&quot; - Radio Touring 104\" \/>\n<meta property=\"og:description\" content=\"L&#039;iniziativa \u00e8 stata realizzata dallo Europe Direct del Comune in collaborazione con l&#039;Accademia di Belle Art\" \/>\n<meta property=\"og:url\" content=\"https:\/\/progettotouring.it\/radiotouring104\/2023\/05\/31\/reggio-calabria-inaugurata-la-panchina-europea-della-creativita\/\" \/>\n<meta property=\"og:site_name\" content=\"Radio Touring 104\" \/>\n<meta property=\"article:published_time\" content=\"2023-05-31T10:36:24+00:00\" \/>\n<meta property=\"article:modified_time\" content=\"2023-05-31T12:16:41+00:00\" \/>\n<meta property=\"og:image\" content=\"https:\/\/progettotouring.it\/radiotouring104\/wp-content\/uploads\/sites\/6\/2023\/05\/panchina-europea-3.jpeg\" \/>\n\t<meta property=\"og:image:width\" content=\"1600\" \/>\n\t<meta property=\"og:image:height\" content=\"900\" \/>\n\t<meta property=\"og:image:type\" content=\"image\/jpeg\" \/>\n<meta name=\"author\" content=\"Filippo Francesco Idone\" \/>\n<meta name=\"twitter:card\" content=\"summary_large_image\" \/>\n<meta name=\"twitter:label1\" content=\"Scritto da\" \/>\n\t<meta name=\"twitter:data1\" content=\"Filippo Francesco Idone\" \/>\n\t<meta name=\"twitter:label2\" content=\"Tempo di lettura stimato\" \/>\n\t<meta name=\"twitter:data2\" content=\"2 minuti\" \/>\n<script type=\"application\/ld+json\" class=\"yoast-schema-graph\">{\"@context\":\"https:\/\/schema.org\",\"@graph\":[{\"@type\":\"Article\",\"@id\":\"https:\/\/progettotouring.it\/radiotouring104\/2023\/05\/31\/reggio-calabria-inaugurata-la-panchina-europea-della-creativita\/#article\",\"isPartOf\":{\"@id\":\"https:\/\/progettotouring.it\/radiotouring104\/2023\/05\/31\/reggio-calabria-inaugurata-la-panchina-europea-della-creativita\/\"},\"author\":{\"name\":\"Filippo Francesco Idone\",\"@id\":\"https:\/\/progettotouring.it\/radiotouring104\/#\/schema\/person\/4a82259ca52ac8702ad1a8f9e5a3120b\"},\"headline\":\"Reggio Calabria: inaugurata la &#8220;Panchina Europea della Creativit\u00e0&#8221;\",\"datePublished\":\"2023-05-31T10:36:24+00:00\",\"dateModified\":\"2023-05-31T12:16:41+00:00\",\"mainEntityOfPage\":{\"@id\":\"https:\/\/progettotouring.it\/radiotouring104\/2023\/05\/31\/reggio-calabria-inaugurata-la-panchina-europea-della-creativita\/\"},\"wordCount\":461,\"publisher\":{\"@id\":\"https:\/\/progettotouring.it\/radiotouring104\/#organization\"},\"image\":{\"@id\":\"https:\/\/progettotouring.it\/radiotouring104\/2023\/05\/31\/reggio-calabria-inaugurata-la-panchina-europea-della-creativita\/#primaryimage\"},\"thumbnailUrl\":\"https:\/\/progettotouring.it\/radiotouring104\/wp-content\/uploads\/sites\/6\/2023\/05\/panchina-europea-3.jpeg\",\"keywords\":[\"Anno Europeo dei Giovani\",\"Europe Direct\",\"Giuggi Palmenta\",\"Panchina europea della creativit\u00e0\"],\"articleSection\":[\"Home\",\"News\",\"Reggio Calabria\"],\"inLanguage\":\"it-IT\"},{\"@type\":\"WebPage\",\"@id\":\"https:\/\/progettotouring.it\/radiotouring104\/2023\/05\/31\/reggio-calabria-inaugurata-la-panchina-europea-della-creativita\/\",\"url\":\"https:\/\/progettotouring.it\/radiotouring104\/2023\/05\/31\/reggio-calabria-inaugurata-la-panchina-europea-della-creativita\/\",\"name\":\"Reggio Calabria: inaugurata la \\\"Panchina Europea della Creativit\u00e0\\\" - Radio Touring 104\",\"isPartOf\":{\"@id\":\"https:\/\/progettotouring.it\/radiotouring104\/#website\"},\"primaryImageOfPage\":{\"@id\":\"https:\/\/progettotouring.it\/radiotouring104\/2023\/05\/31\/reggio-calabria-inaugurata-la-panchina-europea-della-creativita\/#primaryimage\"},\"image\":{\"@id\":\"https:\/\/progettotouring.it\/radiotouring104\/2023\/05\/31\/reggio-calabria-inaugurata-la-panchina-europea-della-creativita\/#primaryimage\"},\"thumbnailUrl\":\"https:\/\/progettotouring.it\/radiotouring104\/wp-content\/uploads\/sites\/6\/2023\/05\/panchina-europea-3.jpeg\",\"datePublished\":\"2023-05-31T10:36:24+00:00\",\"dateModified\":\"2023-05-31T12:16:41+00:00\",\"description\":\"L'iniziativa \u00e8 stata realizzata dallo Europe Direct del Comune in collaborazione con l'Accademia di Belle Art\",\"breadcrumb\":{\"@id\":\"https:\/\/progettotouring.it\/radiotouring104\/2023\/05\/31\/reggio-calabria-inaugurata-la-panchina-europea-della-creativita\/#breadcrumb\"},\"inLanguage\":\"it-IT\",\"potentialAction\":[{\"@type\":\"ReadAction\",\"target\":[\"https:\/\/progettotouring.it\/radiotouring104\/2023\/05\/31\/reggio-calabria-inaugurata-la-panchina-europea-della-creativita\/\"]}]},{\"@type\":\"ImageObject\",\"inLanguage\":\"it-IT\",\"@id\":\"https:\/\/progettotouring.it\/radiotouring104\/2023\/05\/31\/reggio-calabria-inaugurata-la-panchina-europea-della-creativita\/#primaryimage\",\"url\":\"https:\/\/progettotouring.it\/radiotouring104\/wp-content\/uploads\/sites\/6\/2023\/05\/panchina-europea-3.jpeg\",\"contentUrl\":\"https:\/\/progettotouring.it\/radiotouring104\/wp-content\/uploads\/sites\/6\/2023\/05\/panchina-europea-3.jpeg\",\"width\":1600,\"height\":900},{\"@type\":\"BreadcrumbList\",\"@id\":\"https:\/\/progettotouring.it\/radiotouring104\/2023\/05\/31\/reggio-calabria-inaugurata-la-panchina-europea-della-creativita\/#breadcrumb\",\"itemListElement\":[{\"@type\":\"ListItem\",\"position\":1,\"name\":\"Home\",\"item\":\"https:\/\/progettotouring.it\/radiotouring104\/\"},{\"@type\":\"ListItem\",\"position\":2,\"name\":\"Reggio Calabria: inaugurata la &#8220;Panchina Europea della Creativit\u00e0&#8221;\"}]},{\"@type\":\"WebSite\",\"@id\":\"https:\/\/progettotouring.it\/radiotouring104\/#website\",\"url\":\"https:\/\/progettotouring.it\/radiotouring104\/\",\"name\":\"Radio Touring 104\",\"description\":\"La prima radio Reggina\",\"publisher\":{\"@id\":\"https:\/\/progettotouring.it\/radiotouring104\/#organization\"},\"potentialAction\":[{\"@type\":\"SearchAction\",\"target\":{\"@type\":\"EntryPoint\",\"urlTemplate\":\"https:\/\/progettotouring.it\/radiotouring104\/?s={search_term_string}\"},\"query-input\":{\"@type\":\"PropertyValueSpecification\",\"valueRequired\":true,\"valueName\":\"search_term_string\"}}],\"inLanguage\":\"it-IT\"},{\"@type\":\"Organization\",\"@id\":\"https:\/\/progettotouring.it\/radiotouring104\/#organization\",\"name\":\"Radio Touring 104\",\"url\":\"https:\/\/progettotouring.it\/radiotouring104\/\",\"logo\":{\"@type\":\"ImageObject\",\"inLanguage\":\"it-IT\",\"@id\":\"https:\/\/progettotouring.it\/radiotouring104\/#\/schema\/logo\/image\/\",\"url\":\"https:\/\/progettotouring.it\/radiotouring104\/wp-content\/uploads\/sites\/6\/2022\/02\/cropped-logo-radio-touring-104.png\",\"contentUrl\":\"https:\/\/progettotouring.it\/radiotouring104\/wp-content\/uploads\/sites\/6\/2022\/02\/cropped-logo-radio-touring-104.png\",\"width\":377,\"height\":182,\"caption\":\"Radio Touring 104\"},\"image\":{\"@id\":\"https:\/\/progettotouring.it\/radiotouring104\/#\/schema\/logo\/image\/\"}},{\"@type\":\"Person\",\"@id\":\"https:\/\/progettotouring.it\/radiotouring104\/#\/schema\/person\/4a82259ca52ac8702ad1a8f9e5a3120b\",\"name\":\"Filippo Francesco Idone\",\"image\":{\"@type\":\"ImageObject\",\"inLanguage\":\"it-IT\",\"@id\":\"https:\/\/secure.gravatar.com\/avatar\/7268715d2366395c3dd314385670e6484117d44f5c442e61e230f7008b7b62d3?s=96&d=mm&r=g\",\"url\":\"https:\/\/secure.gravatar.com\/avatar\/7268715d2366395c3dd314385670e6484117d44f5c442e61e230f7008b7b62d3?s=96&d=mm&r=g\",\"contentUrl\":\"https:\/\/secure.gravatar.com\/avatar\/7268715d2366395c3dd314385670e6484117d44f5c442e61e230f7008b7b62d3?s=96&d=mm&r=g\",\"caption\":\"Filippo Francesco Idone\"},\"url\":\"https:\/\/progettotouring.it\/radiotouring104\/author\/filippoidone\/\"}]}<\/script>\n<!-- \/ Yoast SEO plugin. -->","yoast_head_json":{"title":"Reggio Calabria: inaugurata la \"Panchina Europea della Creativit\u00e0\" - Radio Touring 104","description":"L'iniziativa \u00e8 stata realizzata dallo Europe Direct del Comune in collaborazione con l'Accademia di Belle Art","robots":{"index":"index","follow":"follow","max-snippet":"max-snippet:-1","max-image-preview":"max-image-preview:large","max-video-preview":"max-video-preview:-1"},"canonical":"https:\/\/progettotouring.it\/radiotouring104\/2023\/05\/31\/reggio-calabria-inaugurata-la-panchina-europea-della-creativita\/","og_locale":"it_IT","og_type":"article","og_title":"Reggio Calabria: inaugurata la \"Panchina Europea della Creativit\u00e0\" - Radio Touring 104","og_description":"L'iniziativa \u00e8 stata realizzata dallo Europe Direct del Comune in collaborazione con l'Accademia di Belle Art","og_url":"https:\/\/progettotouring.it\/radiotouring104\/2023\/05\/31\/reggio-calabria-inaugurata-la-panchina-europea-della-creativita\/","og_site_name":"Radio Touring 104","article_published_time":"2023-05-31T10:36:24+00:00","article_modified_time":"2023-05-31T12:16:41+00:00","og_image":[{"width":1600,"height":900,"url":"https:\/\/progettotouring.it\/radiotouring104\/wp-content\/uploads\/sites\/6\/2023\/05\/panchina-europea-3.jpeg","type":"image\/jpeg"}],"author":"Filippo Francesco Idone","twitter_card":"summary_large_image","twitter_misc":{"Scritto da":"Filippo Francesco Idone","Tempo di lettura stimato":"2 minuti"},"schema":{"@context":"https:\/\/schema.org","@graph":[{"@type":"Article","@id":"https:\/\/progettotouring.it\/radiotouring104\/2023\/05\/31\/reggio-calabria-inaugurata-la-panchina-europea-della-creativita\/#article","isPartOf":{"@id":"https:\/\/progettotouring.it\/radiotouring104\/2023\/05\/31\/reggio-calabria-inaugurata-la-panchina-europea-della-creativita\/"},"author":{"name":"Filippo Francesco Idone","@id":"https:\/\/progettotouring.it\/radiotouring104\/#\/schema\/person\/4a82259ca52ac8702ad1a8f9e5a3120b"},"headline":"Reggio Calabria: inaugurata la &#8220;Panchina Europea della Creativit\u00e0&#8221;","datePublished":"2023-05-31T10:36:24+00:00","dateModified":"2023-05-31T12:16:41+00:00","mainEntityOfPage":{"@id":"https:\/\/progettotouring.it\/radiotouring104\/2023\/05\/31\/reggio-calabria-inaugurata-la-panchina-europea-della-creativita\/"},"wordCount":461,"publisher":{"@id":"https:\/\/progettotouring.it\/radiotouring104\/#organization"},"image":{"@id":"https:\/\/progettotouring.it\/radiotouring104\/2023\/05\/31\/reggio-calabria-inaugurata-la-panchina-europea-della-creativita\/#primaryimage"},"thumbnailUrl":"https:\/\/progettotouring.it\/radiotouring104\/wp-content\/uploads\/sites\/6\/2023\/05\/panchina-europea-3.jpeg","keywords":["Anno Europeo dei Giovani","Europe Direct","Giuggi Palmenta","Panchina europea della creativit\u00e0"],"articleSection":["Home","News","Reggio Calabria"],"inLanguage":"it-IT"},{"@type":"WebPage","@id":"https:\/\/progettotouring.it\/radiotouring104\/2023\/05\/31\/reggio-calabria-inaugurata-la-panchina-europea-della-creativita\/","url":"https:\/\/progettotouring.it\/radiotouring104\/2023\/05\/31\/reggio-calabria-inaugurata-la-panchina-europea-della-creativita\/","name":"Reggio Calabria: inaugurata la \"Panchina Europea della Creativit\u00e0\" - Radio Touring 104","isPartOf":{"@id":"https:\/\/progettotouring.it\/radiotouring104\/#website"},"primaryImageOfPage":{"@id":"https:\/\/progettotouring.it\/radiotouring104\/2023\/05\/31\/reggio-calabria-inaugurata-la-panchina-europea-della-creativita\/#primaryimage"},"image":{"@id":"https:\/\/progettotouring.it\/radiotouring104\/2023\/05\/31\/reggio-calabria-inaugurata-la-panchina-europea-della-creativita\/#primaryimage"},"thumbnailUrl":"https:\/\/progettotouring.it\/radiotouring104\/wp-content\/uploads\/sites\/6\/2023\/05\/panchina-europea-3.jpeg","datePublished":"2023-05-31T10:36:24+00:00","dateModified":"2023-05-31T12:16:41+00:00","description":"L'iniziativa \u00e8 stata realizzata dallo Europe Direct del Comune in collaborazione con l'Accademia di Belle Art","breadcrumb":{"@id":"https:\/\/progettotouring.it\/radiotouring104\/2023\/05\/31\/reggio-calabria-inaugurata-la-panchina-europea-della-creativita\/#breadcrumb"},"inLanguage":"it-IT","potentialAction":[{"@type":"ReadAction","target":["https:\/\/progettotouring.it\/radiotouring104\/2023\/05\/31\/reggio-calabria-inaugurata-la-panchina-europea-della-creativita\/"]}]},{"@type":"ImageObject","inLanguage":"it-IT","@id":"https:\/\/progettotouring.it\/radiotouring104\/2023\/05\/31\/reggio-calabria-inaugurata-la-panchina-europea-della-creativita\/#primaryimage","url":"https:\/\/progettotouring.it\/radiotouring104\/wp-content\/uploads\/sites\/6\/2023\/05\/panchina-europea-3.jpeg","contentUrl":"https:\/\/progettotouring.it\/radiotouring104\/wp-content\/uploads\/sites\/6\/2023\/05\/panchina-europea-3.jpeg","width":1600,"height":900},{"@type":"BreadcrumbList","@id":"https:\/\/progettotouring.it\/radiotouring104\/2023\/05\/31\/reggio-calabria-inaugurata-la-panchina-europea-della-creativita\/#breadcrumb","itemListElement":[{"@type":"ListItem","position":1,"name":"Home","item":"https:\/\/progettotouring.it\/radiotouring104\/"},{"@type":"ListItem","position":2,"name":"Reggio Calabria: inaugurata la &#8220;Panchina Europea della Creativit\u00e0&#8221;"}]},{"@type":"WebSite","@id":"https:\/\/progettotouring.it\/radiotouring104\/#website","url":"https:\/\/progettotouring.it\/radiotouring104\/","name":"Radio Touring 104","description":"La prima radio Reggina","publisher":{"@id":"https:\/\/progettotouring.it\/radiotouring104\/#organization"},"potentialAction":[{"@type":"SearchAction","target":{"@type":"EntryPoint","urlTemplate":"https:\/\/progettotouring.it\/radiotouring104\/?s={search_term_string}"},"query-input":{"@type":"PropertyValueSpecification","valueRequired":true,"valueName":"search_term_string"}}],"inLanguage":"it-IT"},{"@type":"Organization","@id":"https:\/\/progettotouring.it\/radiotouring104\/#organization","name":"Radio Touring 104","url":"https:\/\/progettotouring.it\/radiotouring104\/","logo":{"@type":"ImageObject","inLanguage":"it-IT","@id":"https:\/\/progettotouring.it\/radiotouring104\/#\/schema\/logo\/image\/","url":"https:\/\/progettotouring.it\/radiotouring104\/wp-content\/uploads\/sites\/6\/2022\/02\/cropped-logo-radio-touring-104.png","contentUrl":"https:\/\/progettotouring.it\/radiotouring104\/wp-content\/uploads\/sites\/6\/2022\/02\/cropped-logo-radio-touring-104.png","width":377,"height":182,"caption":"Radio Touring 104"},"image":{"@id":"https:\/\/progettotouring.it\/radiotouring104\/#\/schema\/logo\/image\/"}},{"@type":"Person","@id":"https:\/\/progettotouring.it\/radiotouring104\/#\/schema\/person\/4a82259ca52ac8702ad1a8f9e5a3120b","name":"Filippo Francesco Idone","image":{"@type":"ImageObject","inLanguage":"it-IT","@id":"https:\/\/secure.gravatar.com\/avatar\/7268715d2366395c3dd314385670e6484117d44f5c442e61e230f7008b7b62d3?s=96&d=mm&r=g","url":"https:\/\/secure.gravatar.com\/avatar\/7268715d2366395c3dd314385670e6484117d44f5c442e61e230f7008b7b62d3?s=96&d=mm&r=g","contentUrl":"https:\/\/secure.gravatar.com\/avatar\/7268715d2366395c3dd314385670e6484117d44f5c442e61e230f7008b7b62d3?s=96&d=mm&r=g","caption":"Filippo Francesco Idone"},"url":"https:\/\/progettotouring.it\/radiotouring104\/author\/filippoidone\/"}]}},"jetpack_publicize_connections":[],"jetpack_featured_media_url":"https:\/\/progettotouring.it\/radiotouring104\/wp-content\/uploads\/sites\/6\/2023\/05\/panchina-europea-3.jpeg","jetpack_sharing_enabled":true,"_links":{"self":[{"href":"https:\/\/progettotouring.it\/radiotouring104\/wp-json\/wp\/v2\/posts\/27051","targetHints":{"allow":["GET"]}}],"collection":[{"href":"https:\/\/progettotouring.it\/radiotouring104\/wp-json\/wp\/v2\/posts"}],"about":[{"href":"https:\/\/progettotouring.it\/radiotouring104\/wp-json\/wp\/v2\/types\/post"}],"author":[{"embeddable":true,"href":"https:\/\/progettotouring.it\/radiotouring104\/wp-json\/wp\/v2\/users\/8"}],"replies":[{"embeddable":true,"href":"https:\/\/progettotouring.it\/radiotouring104\/wp-json\/wp\/v2\/comments?post=27051"}],"version-history":[{"count":1,"href":"https:\/\/progettotouring.it\/radiotouring104\/wp-json\/wp\/v2\/posts\/27051\/revisions"}],"predecessor-version":[{"id":27053,"href":"https:\/\/progettotouring.it\/radiotouring104\/wp-json\/wp\/v2\/posts\/27051\/revisions\/27053"}],"wp:featuredmedia":[{"embeddable":true,"href":"https:\/\/progettotouring.it\/radiotouring104\/wp-json\/wp\/v2\/media\/27052"}],"wp:attachment":[{"href":"https:\/\/progettotouring.it\/radiotouring104\/wp-json\/wp\/v2\/media?parent=27051"}],"wp:term":[{"taxonomy":"category","embeddable":true,"href":"https:\/\/progettotouring.it\/radiotouring104\/wp-json\/wp\/v2\/categories?post=27051"},{"taxonomy":"post_tag","embeddable":true,"href":"https:\/\/progettotouring.it\/radiotouring104\/wp-json\/wp\/v2\/tags?post=27051"}],"curies":[{"name":"wp","href":"https:\/\/api.w.org\/{rel}","templated":true}]}}