{"id":27068,"date":"2023-05-30T20:41:36","date_gmt":"2023-05-30T18:41:36","guid":{"rendered":"https:\/\/progettotouring.it\/radiotouring104\/?p=27068"},"modified":"2023-05-31T14:47:27","modified_gmt":"2023-05-31T12:47:27","slug":"reggio-calabria-francesco-arillotta-presidente-dellamici-del-museo-archeologico-nazionale","status":"publish","type":"post","link":"https:\/\/progettotouring.it\/radiotouring104\/2023\/05\/30\/reggio-calabria-francesco-arillotta-presidente-dellamici-del-museo-archeologico-nazionale\/","title":{"rendered":"Reggio Calabria: Francesco Arillotta presidente dell&#8217;Amici del Museo Archeologico Nazionale"},"content":{"rendered":"<p style=\"text-align: justify\">Sotto la presidenza del socio Nicola Pavone, e con la partecipazione della prof. <strong>Franca Panuccio<\/strong> e dell\u2019avv. Silvio Dattola, si \u00e8 tenuta l\u2019Assemblea Ordinaria 2023 dell\u2019Associazione \u201c<strong>Amici del Museo Archeologico Nazionale di Reggio Calabria<\/strong>\u201d. I lavori si sono aperti con una ampia relazione del presidente Francesco Arillotta. Egli ha innanzitutto evidenziato il continuo crescere del numero dei Soci, segno dell\u2019interesse che le iniziative prese suscitano. Ed a proposito di iniziative realizzate nel biennio, ha ricordato le visite storiche alla Biblioteca Palatina di Parma, alla basilica di San vitale a Ravenna, e quella a determinati luoghi di Roma, tutte legate a particolari momenti della Storia reggina. Si \u00e8 soffermato, inoltre, sul ciclo di conferenze realizzato in collaborazione con la Direzione del Museo Archeologico, per la migliore conoscenza del patrimonio archeologico reggino ivi conservato., E, ancora, i ripetuti momenti conviviali a tema, che hanno consentito di riprendere antiche, caratteristiche, nostre forme di alimentazione. \u00c8 seguita la presentazione del bilancio consuntivo 2022 e preventivo 2023 predisposti dal tesoriere Domenico Papadia. Sottoposti all\u2019approvazione dell\u2019Assemblea la relazione del Presidente e i bilanci, essa li ha approvati all\u2019unanimit\u00e0.<\/p>\n<p style=\"text-align: justify\">Si \u00e8 proceduto alla nomina del nuovo <strong>Presidente dell\u2019Associazione;<\/strong> con votazione unanime, \u00e8 stato confermato, per il biennio 2023-2024 l\u2019uscente <strong>Francesco<\/strong> <strong>Arillotta<\/strong>. Si \u00e8 passati, quindi, alla nomina del nuovo Consiglio Direttivo, che, anch\u2019esso con voto unanime, \u00e8 risultato composto dai Soci Aloi Bruno, Barbaro Enza, Bellantonio Minella, Chirico Paolo, Conti Pasquale, Crupi Roberto, Gangemi Laura, Lagan\u00e0 Renato, La Ruffa Giovanni, Mancini Pellegrino, Oliva Giacomo, Papalia Domenico, Rizzo Fulvio, Schepisi Marita, Serran\u00f2 Anna. Gli incarichi sociali risultano cos\u00ec assegnati: <u>presidente<\/u>: Francesco Arillotta; <u>vicepresidenti<\/u>: Bellantonio Mjnella, Conti Pasquale, Rizzo Fulvio; <u>tesoriere<\/u>: Papalia Domenico; <u>segretari<\/u>: Schepisi Marita, Serran\u00f2 Anna; <u>rapporti istituzionali<\/u>: Oliva Giacomo; <u>universit\u00e0 e scuola<\/u>: Lagan\u00e0 Renato, La Ruffa Giovanni; <u>promozione associazionismo culturale:<\/u> Aloi Bruno, Barbaro Enza, Chirico Paolo, Crupi Roberto, Gangemi Laura, Mancini Pellegrino.<\/p>\n<p style=\"text-align: justify\">A chiusura dei lavori, Arillotta ha tracciato le linee programmatiche dell\u2019attivit\u00e0 da svolgere nel prossimo biennio: ulteriore incremento dei servizi culturali offerti ai Soci (incontri, conferenze, gite di promozione culturale e momenti conviviali evocativi); massima attenzione ai problemi storici e archeologici del territorio; particolare riguardo ai rapporti con le Istituzioni e l\u2019Universit\u00e0, con la Scuola e con l\u2019Associazionismo Culturale reggino, per una sempre maggiore attuazione del ruolo che l\u2019Associazione \u00e8 chiamata, statutariamente, a svolgere.<\/p>\n","protected":false},"excerpt":{"rendered":"<p>Sotto la presidenza del socio Nicola Pavone, e con la partecipazione della prof. Franca Panuccio e dell\u2019avv. Silvio Dattola, si \u00e8 tenuta l\u2019Assemblea Ordinaria 2023 dell\u2019Associazione \u201cAmici del Museo Archeologico&hellip;<\/p>\n","protected":false},"author":8,"featured_media":27069,"comment_status":"closed","ping_status":"open","sticky":false,"template":"","format":"standard","meta":{"_jetpack_memberships_contains_paid_content":false,"footnotes":"","jetpack_publicize_message":"","jetpack_publicize_feature_enabled":true,"jetpack_social_post_already_shared":false,"jetpack_social_options":{"image_generator_settings":{"template":"highway","default_image_id":0,"font":"","enabled":false},"version":2}},"categories":[921,196,140],"tags":[16212,16210,2843,16211],"class_list":["post-27068","post","type-post","status-publish","format-standard","has-post-thumbnail","hentry","category-home","category-news","category-reggio-calabria","tag-amici-del-museo-archeologico-nazionale-di-reggio-calabria","tag-franca-panuccio","tag-francesco-arillotta","tag-silvio-dattola"],"yoast_head":"<!-- This site is optimized with the Yoast SEO plugin v27.2 - https:\/\/yoast.com\/product\/yoast-seo-wordpress\/ -->\n<title>Reggio Calabria: Francesco Arillotta presidente dell&#039;Amici del Museo Archeologico Nazionale - Radio Touring 104<\/title>\n<meta name=\"description\" content=\"Con votazione unanime, \u00e8 stato confermato, per il biennio 2023-2024 Arillotta come presidente dell&#039;Amici del Museo Archeologico Nazionale\" \/>\n<meta name=\"robots\" content=\"index, follow, max-snippet:-1, max-image-preview:large, max-video-preview:-1\" \/>\n<link rel=\"canonical\" href=\"https:\/\/progettotouring.it\/radiotouring104\/2023\/05\/30\/reggio-calabria-francesco-arillotta-presidente-dellamici-del-museo-archeologico-nazionale\/\" \/>\n<meta property=\"og:locale\" content=\"it_IT\" \/>\n<meta property=\"og:type\" content=\"article\" \/>\n<meta property=\"og:title\" content=\"Reggio Calabria: Francesco Arillotta presidente dell&#039;Amici del Museo Archeologico Nazionale - Radio Touring 104\" \/>\n<meta property=\"og:description\" content=\"Con votazione unanime, \u00e8 stato confermato, per il biennio 2023-2024 Arillotta come presidente dell&#039;Amici del Museo Archeologico Nazionale\" \/>\n<meta property=\"og:url\" content=\"https:\/\/progettotouring.it\/radiotouring104\/2023\/05\/30\/reggio-calabria-francesco-arillotta-presidente-dellamici-del-museo-archeologico-nazionale\/\" \/>\n<meta property=\"og:site_name\" content=\"Radio Touring 104\" \/>\n<meta property=\"article:published_time\" content=\"2023-05-30T18:41:36+00:00\" \/>\n<meta property=\"article:modified_time\" content=\"2023-05-31T12:47:27+00:00\" \/>\n<meta property=\"og:image\" content=\"https:\/\/progettotouring.it\/radiotouring104\/wp-content\/uploads\/sites\/6\/2023\/05\/Francesco-Arillotta.png\" \/>\n\t<meta property=\"og:image:width\" content=\"722\" \/>\n\t<meta property=\"og:image:height\" content=\"734\" \/>\n\t<meta property=\"og:image:type\" content=\"image\/png\" \/>\n<meta name=\"author\" content=\"Filippo Francesco Idone\" \/>\n<meta name=\"twitter:card\" content=\"summary_large_image\" \/>\n<meta name=\"twitter:label1\" content=\"Scritto da\" \/>\n\t<meta name=\"twitter:data1\" content=\"Filippo Francesco Idone\" \/>\n\t<meta name=\"twitter:label2\" content=\"Tempo di lettura stimato\" \/>\n\t<meta name=\"twitter:data2\" content=\"2 minuti\" \/>\n<script type=\"application\/ld+json\" class=\"yoast-schema-graph\">{\"@context\":\"https:\/\/schema.org\",\"@graph\":[{\"@type\":\"Article\",\"@id\":\"https:\/\/progettotouring.it\/radiotouring104\/2023\/05\/30\/reggio-calabria-francesco-arillotta-presidente-dellamici-del-museo-archeologico-nazionale\/#article\",\"isPartOf\":{\"@id\":\"https:\/\/progettotouring.it\/radiotouring104\/2023\/05\/30\/reggio-calabria-francesco-arillotta-presidente-dellamici-del-museo-archeologico-nazionale\/\"},\"author\":{\"name\":\"Filippo Francesco Idone\",\"@id\":\"https:\/\/progettotouring.it\/radiotouring104\/#\/schema\/person\/4a82259ca52ac8702ad1a8f9e5a3120b\"},\"headline\":\"Reggio Calabria: Francesco Arillotta presidente dell&#8217;Amici del Museo Archeologico Nazionale\",\"datePublished\":\"2023-05-30T18:41:36+00:00\",\"dateModified\":\"2023-05-31T12:47:27+00:00\",\"mainEntityOfPage\":{\"@id\":\"https:\/\/progettotouring.it\/radiotouring104\/2023\/05\/30\/reggio-calabria-francesco-arillotta-presidente-dellamici-del-museo-archeologico-nazionale\/\"},\"wordCount\":393,\"publisher\":{\"@id\":\"https:\/\/progettotouring.it\/radiotouring104\/#organization\"},\"image\":{\"@id\":\"https:\/\/progettotouring.it\/radiotouring104\/2023\/05\/30\/reggio-calabria-francesco-arillotta-presidente-dellamici-del-museo-archeologico-nazionale\/#primaryimage\"},\"thumbnailUrl\":\"https:\/\/progettotouring.it\/radiotouring104\/wp-content\/uploads\/sites\/6\/2023\/05\/Francesco-Arillotta.png\",\"keywords\":[\"Amici del Museo Archeologico Nazionale di Reggio Calabria\",\"Franca Panuccio\",\"francesco arillotta\",\"Silvio Dattola\"],\"articleSection\":[\"Home\",\"News\",\"Reggio Calabria\"],\"inLanguage\":\"it-IT\"},{\"@type\":\"WebPage\",\"@id\":\"https:\/\/progettotouring.it\/radiotouring104\/2023\/05\/30\/reggio-calabria-francesco-arillotta-presidente-dellamici-del-museo-archeologico-nazionale\/\",\"url\":\"https:\/\/progettotouring.it\/radiotouring104\/2023\/05\/30\/reggio-calabria-francesco-arillotta-presidente-dellamici-del-museo-archeologico-nazionale\/\",\"name\":\"Reggio Calabria: Francesco Arillotta presidente dell'Amici del Museo Archeologico Nazionale - Radio Touring 104\",\"isPartOf\":{\"@id\":\"https:\/\/progettotouring.it\/radiotouring104\/#website\"},\"primaryImageOfPage\":{\"@id\":\"https:\/\/progettotouring.it\/radiotouring104\/2023\/05\/30\/reggio-calabria-francesco-arillotta-presidente-dellamici-del-museo-archeologico-nazionale\/#primaryimage\"},\"image\":{\"@id\":\"https:\/\/progettotouring.it\/radiotouring104\/2023\/05\/30\/reggio-calabria-francesco-arillotta-presidente-dellamici-del-museo-archeologico-nazionale\/#primaryimage\"},\"thumbnailUrl\":\"https:\/\/progettotouring.it\/radiotouring104\/wp-content\/uploads\/sites\/6\/2023\/05\/Francesco-Arillotta.png\",\"datePublished\":\"2023-05-30T18:41:36+00:00\",\"dateModified\":\"2023-05-31T12:47:27+00:00\",\"description\":\"Con votazione unanime, \u00e8 stato confermato, per il biennio 2023-2024 Arillotta come presidente dell'Amici del Museo Archeologico Nazionale\",\"breadcrumb\":{\"@id\":\"https:\/\/progettotouring.it\/radiotouring104\/2023\/05\/30\/reggio-calabria-francesco-arillotta-presidente-dellamici-del-museo-archeologico-nazionale\/#breadcrumb\"},\"inLanguage\":\"it-IT\",\"potentialAction\":[{\"@type\":\"ReadAction\",\"target\":[\"https:\/\/progettotouring.it\/radiotouring104\/2023\/05\/30\/reggio-calabria-francesco-arillotta-presidente-dellamici-del-museo-archeologico-nazionale\/\"]}]},{\"@type\":\"ImageObject\",\"inLanguage\":\"it-IT\",\"@id\":\"https:\/\/progettotouring.it\/radiotouring104\/2023\/05\/30\/reggio-calabria-francesco-arillotta-presidente-dellamici-del-museo-archeologico-nazionale\/#primaryimage\",\"url\":\"https:\/\/progettotouring.it\/radiotouring104\/wp-content\/uploads\/sites\/6\/2023\/05\/Francesco-Arillotta.png\",\"contentUrl\":\"https:\/\/progettotouring.it\/radiotouring104\/wp-content\/uploads\/sites\/6\/2023\/05\/Francesco-Arillotta.png\",\"width\":722,\"height\":734},{\"@type\":\"BreadcrumbList\",\"@id\":\"https:\/\/progettotouring.it\/radiotouring104\/2023\/05\/30\/reggio-calabria-francesco-arillotta-presidente-dellamici-del-museo-archeologico-nazionale\/#breadcrumb\",\"itemListElement\":[{\"@type\":\"ListItem\",\"position\":1,\"name\":\"Home\",\"item\":\"https:\/\/progettotouring.it\/radiotouring104\/\"},{\"@type\":\"ListItem\",\"position\":2,\"name\":\"Reggio Calabria: Francesco Arillotta presidente dell&#8217;Amici del Museo Archeologico Nazionale\"}]},{\"@type\":\"WebSite\",\"@id\":\"https:\/\/progettotouring.it\/radiotouring104\/#website\",\"url\":\"https:\/\/progettotouring.it\/radiotouring104\/\",\"name\":\"Radio Touring 104\",\"description\":\"La prima radio Reggina\",\"publisher\":{\"@id\":\"https:\/\/progettotouring.it\/radiotouring104\/#organization\"},\"potentialAction\":[{\"@type\":\"SearchAction\",\"target\":{\"@type\":\"EntryPoint\",\"urlTemplate\":\"https:\/\/progettotouring.it\/radiotouring104\/?s={search_term_string}\"},\"query-input\":{\"@type\":\"PropertyValueSpecification\",\"valueRequired\":true,\"valueName\":\"search_term_string\"}}],\"inLanguage\":\"it-IT\"},{\"@type\":\"Organization\",\"@id\":\"https:\/\/progettotouring.it\/radiotouring104\/#organization\",\"name\":\"Radio Touring 104\",\"url\":\"https:\/\/progettotouring.it\/radiotouring104\/\",\"logo\":{\"@type\":\"ImageObject\",\"inLanguage\":\"it-IT\",\"@id\":\"https:\/\/progettotouring.it\/radiotouring104\/#\/schema\/logo\/image\/\",\"url\":\"https:\/\/progettotouring.it\/radiotouring104\/wp-content\/uploads\/sites\/6\/2022\/02\/cropped-logo-radio-touring-104.png\",\"contentUrl\":\"https:\/\/progettotouring.it\/radiotouring104\/wp-content\/uploads\/sites\/6\/2022\/02\/cropped-logo-radio-touring-104.png\",\"width\":377,\"height\":182,\"caption\":\"Radio Touring 104\"},\"image\":{\"@id\":\"https:\/\/progettotouring.it\/radiotouring104\/#\/schema\/logo\/image\/\"}},{\"@type\":\"Person\",\"@id\":\"https:\/\/progettotouring.it\/radiotouring104\/#\/schema\/person\/4a82259ca52ac8702ad1a8f9e5a3120b\",\"name\":\"Filippo Francesco Idone\",\"image\":{\"@type\":\"ImageObject\",\"inLanguage\":\"it-IT\",\"@id\":\"https:\/\/secure.gravatar.com\/avatar\/7268715d2366395c3dd314385670e6484117d44f5c442e61e230f7008b7b62d3?s=96&d=mm&r=g\",\"url\":\"https:\/\/secure.gravatar.com\/avatar\/7268715d2366395c3dd314385670e6484117d44f5c442e61e230f7008b7b62d3?s=96&d=mm&r=g\",\"contentUrl\":\"https:\/\/secure.gravatar.com\/avatar\/7268715d2366395c3dd314385670e6484117d44f5c442e61e230f7008b7b62d3?s=96&d=mm&r=g\",\"caption\":\"Filippo Francesco Idone\"},\"url\":\"https:\/\/progettotouring.it\/radiotouring104\/author\/filippoidone\/\"}]}<\/script>\n<!-- \/ Yoast SEO plugin. -->","yoast_head_json":{"title":"Reggio Calabria: Francesco Arillotta presidente dell'Amici del Museo Archeologico Nazionale - Radio Touring 104","description":"Con votazione unanime, \u00e8 stato confermato, per il biennio 2023-2024 Arillotta come presidente dell'Amici del Museo Archeologico Nazionale","robots":{"index":"index","follow":"follow","max-snippet":"max-snippet:-1","max-image-preview":"max-image-preview:large","max-video-preview":"max-video-preview:-1"},"canonical":"https:\/\/progettotouring.it\/radiotouring104\/2023\/05\/30\/reggio-calabria-francesco-arillotta-presidente-dellamici-del-museo-archeologico-nazionale\/","og_locale":"it_IT","og_type":"article","og_title":"Reggio Calabria: Francesco Arillotta presidente dell'Amici del Museo Archeologico Nazionale - Radio Touring 104","og_description":"Con votazione unanime, \u00e8 stato confermato, per il biennio 2023-2024 Arillotta come presidente dell'Amici del Museo Archeologico Nazionale","og_url":"https:\/\/progettotouring.it\/radiotouring104\/2023\/05\/30\/reggio-calabria-francesco-arillotta-presidente-dellamici-del-museo-archeologico-nazionale\/","og_site_name":"Radio Touring 104","article_published_time":"2023-05-30T18:41:36+00:00","article_modified_time":"2023-05-31T12:47:27+00:00","og_image":[{"width":722,"height":734,"url":"https:\/\/progettotouring.it\/radiotouring104\/wp-content\/uploads\/sites\/6\/2023\/05\/Francesco-Arillotta.png","type":"image\/png"}],"author":"Filippo Francesco Idone","twitter_card":"summary_large_image","twitter_misc":{"Scritto da":"Filippo Francesco Idone","Tempo di lettura stimato":"2 minuti"},"schema":{"@context":"https:\/\/schema.org","@graph":[{"@type":"Article","@id":"https:\/\/progettotouring.it\/radiotouring104\/2023\/05\/30\/reggio-calabria-francesco-arillotta-presidente-dellamici-del-museo-archeologico-nazionale\/#article","isPartOf":{"@id":"https:\/\/progettotouring.it\/radiotouring104\/2023\/05\/30\/reggio-calabria-francesco-arillotta-presidente-dellamici-del-museo-archeologico-nazionale\/"},"author":{"name":"Filippo Francesco Idone","@id":"https:\/\/progettotouring.it\/radiotouring104\/#\/schema\/person\/4a82259ca52ac8702ad1a8f9e5a3120b"},"headline":"Reggio Calabria: Francesco Arillotta presidente dell&#8217;Amici del Museo Archeologico Nazionale","datePublished":"2023-05-30T18:41:36+00:00","dateModified":"2023-05-31T12:47:27+00:00","mainEntityOfPage":{"@id":"https:\/\/progettotouring.it\/radiotouring104\/2023\/05\/30\/reggio-calabria-francesco-arillotta-presidente-dellamici-del-museo-archeologico-nazionale\/"},"wordCount":393,"publisher":{"@id":"https:\/\/progettotouring.it\/radiotouring104\/#organization"},"image":{"@id":"https:\/\/progettotouring.it\/radiotouring104\/2023\/05\/30\/reggio-calabria-francesco-arillotta-presidente-dellamici-del-museo-archeologico-nazionale\/#primaryimage"},"thumbnailUrl":"https:\/\/progettotouring.it\/radiotouring104\/wp-content\/uploads\/sites\/6\/2023\/05\/Francesco-Arillotta.png","keywords":["Amici del Museo Archeologico Nazionale di Reggio Calabria","Franca Panuccio","francesco arillotta","Silvio Dattola"],"articleSection":["Home","News","Reggio Calabria"],"inLanguage":"it-IT"},{"@type":"WebPage","@id":"https:\/\/progettotouring.it\/radiotouring104\/2023\/05\/30\/reggio-calabria-francesco-arillotta-presidente-dellamici-del-museo-archeologico-nazionale\/","url":"https:\/\/progettotouring.it\/radiotouring104\/2023\/05\/30\/reggio-calabria-francesco-arillotta-presidente-dellamici-del-museo-archeologico-nazionale\/","name":"Reggio Calabria: Francesco Arillotta presidente dell'Amici del Museo Archeologico Nazionale - Radio Touring 104","isPartOf":{"@id":"https:\/\/progettotouring.it\/radiotouring104\/#website"},"primaryImageOfPage":{"@id":"https:\/\/progettotouring.it\/radiotouring104\/2023\/05\/30\/reggio-calabria-francesco-arillotta-presidente-dellamici-del-museo-archeologico-nazionale\/#primaryimage"},"image":{"@id":"https:\/\/progettotouring.it\/radiotouring104\/2023\/05\/30\/reggio-calabria-francesco-arillotta-presidente-dellamici-del-museo-archeologico-nazionale\/#primaryimage"},"thumbnailUrl":"https:\/\/progettotouring.it\/radiotouring104\/wp-content\/uploads\/sites\/6\/2023\/05\/Francesco-Arillotta.png","datePublished":"2023-05-30T18:41:36+00:00","dateModified":"2023-05-31T12:47:27+00:00","description":"Con votazione unanime, \u00e8 stato confermato, per il biennio 2023-2024 Arillotta come presidente dell'Amici del Museo Archeologico Nazionale","breadcrumb":{"@id":"https:\/\/progettotouring.it\/radiotouring104\/2023\/05\/30\/reggio-calabria-francesco-arillotta-presidente-dellamici-del-museo-archeologico-nazionale\/#breadcrumb"},"inLanguage":"it-IT","potentialAction":[{"@type":"ReadAction","target":["https:\/\/progettotouring.it\/radiotouring104\/2023\/05\/30\/reggio-calabria-francesco-arillotta-presidente-dellamici-del-museo-archeologico-nazionale\/"]}]},{"@type":"ImageObject","inLanguage":"it-IT","@id":"https:\/\/progettotouring.it\/radiotouring104\/2023\/05\/30\/reggio-calabria-francesco-arillotta-presidente-dellamici-del-museo-archeologico-nazionale\/#primaryimage","url":"https:\/\/progettotouring.it\/radiotouring104\/wp-content\/uploads\/sites\/6\/2023\/05\/Francesco-Arillotta.png","contentUrl":"https:\/\/progettotouring.it\/radiotouring104\/wp-content\/uploads\/sites\/6\/2023\/05\/Francesco-Arillotta.png","width":722,"height":734},{"@type":"BreadcrumbList","@id":"https:\/\/progettotouring.it\/radiotouring104\/2023\/05\/30\/reggio-calabria-francesco-arillotta-presidente-dellamici-del-museo-archeologico-nazionale\/#breadcrumb","itemListElement":[{"@type":"ListItem","position":1,"name":"Home","item":"https:\/\/progettotouring.it\/radiotouring104\/"},{"@type":"ListItem","position":2,"name":"Reggio Calabria: Francesco Arillotta presidente dell&#8217;Amici del Museo Archeologico Nazionale"}]},{"@type":"WebSite","@id":"https:\/\/progettotouring.it\/radiotouring104\/#website","url":"https:\/\/progettotouring.it\/radiotouring104\/","name":"Radio Touring 104","description":"La prima radio Reggina","publisher":{"@id":"https:\/\/progettotouring.it\/radiotouring104\/#organization"},"potentialAction":[{"@type":"SearchAction","target":{"@type":"EntryPoint","urlTemplate":"https:\/\/progettotouring.it\/radiotouring104\/?s={search_term_string}"},"query-input":{"@type":"PropertyValueSpecification","valueRequired":true,"valueName":"search_term_string"}}],"inLanguage":"it-IT"},{"@type":"Organization","@id":"https:\/\/progettotouring.it\/radiotouring104\/#organization","name":"Radio Touring 104","url":"https:\/\/progettotouring.it\/radiotouring104\/","logo":{"@type":"ImageObject","inLanguage":"it-IT","@id":"https:\/\/progettotouring.it\/radiotouring104\/#\/schema\/logo\/image\/","url":"https:\/\/progettotouring.it\/radiotouring104\/wp-content\/uploads\/sites\/6\/2022\/02\/cropped-logo-radio-touring-104.png","contentUrl":"https:\/\/progettotouring.it\/radiotouring104\/wp-content\/uploads\/sites\/6\/2022\/02\/cropped-logo-radio-touring-104.png","width":377,"height":182,"caption":"Radio Touring 104"},"image":{"@id":"https:\/\/progettotouring.it\/radiotouring104\/#\/schema\/logo\/image\/"}},{"@type":"Person","@id":"https:\/\/progettotouring.it\/radiotouring104\/#\/schema\/person\/4a82259ca52ac8702ad1a8f9e5a3120b","name":"Filippo Francesco Idone","image":{"@type":"ImageObject","inLanguage":"it-IT","@id":"https:\/\/secure.gravatar.com\/avatar\/7268715d2366395c3dd314385670e6484117d44f5c442e61e230f7008b7b62d3?s=96&d=mm&r=g","url":"https:\/\/secure.gravatar.com\/avatar\/7268715d2366395c3dd314385670e6484117d44f5c442e61e230f7008b7b62d3?s=96&d=mm&r=g","contentUrl":"https:\/\/secure.gravatar.com\/avatar\/7268715d2366395c3dd314385670e6484117d44f5c442e61e230f7008b7b62d3?s=96&d=mm&r=g","caption":"Filippo Francesco Idone"},"url":"https:\/\/progettotouring.it\/radiotouring104\/author\/filippoidone\/"}]}},"jetpack_publicize_connections":[],"jetpack_featured_media_url":"https:\/\/progettotouring.it\/radiotouring104\/wp-content\/uploads\/sites\/6\/2023\/05\/Francesco-Arillotta.png","jetpack_sharing_enabled":true,"_links":{"self":[{"href":"https:\/\/progettotouring.it\/radiotouring104\/wp-json\/wp\/v2\/posts\/27068","targetHints":{"allow":["GET"]}}],"collection":[{"href":"https:\/\/progettotouring.it\/radiotouring104\/wp-json\/wp\/v2\/posts"}],"about":[{"href":"https:\/\/progettotouring.it\/radiotouring104\/wp-json\/wp\/v2\/types\/post"}],"author":[{"embeddable":true,"href":"https:\/\/progettotouring.it\/radiotouring104\/wp-json\/wp\/v2\/users\/8"}],"replies":[{"embeddable":true,"href":"https:\/\/progettotouring.it\/radiotouring104\/wp-json\/wp\/v2\/comments?post=27068"}],"version-history":[{"count":1,"href":"https:\/\/progettotouring.it\/radiotouring104\/wp-json\/wp\/v2\/posts\/27068\/revisions"}],"predecessor-version":[{"id":27070,"href":"https:\/\/progettotouring.it\/radiotouring104\/wp-json\/wp\/v2\/posts\/27068\/revisions\/27070"}],"wp:featuredmedia":[{"embeddable":true,"href":"https:\/\/progettotouring.it\/radiotouring104\/wp-json\/wp\/v2\/media\/27069"}],"wp:attachment":[{"href":"https:\/\/progettotouring.it\/radiotouring104\/wp-json\/wp\/v2\/media?parent=27068"}],"wp:term":[{"taxonomy":"category","embeddable":true,"href":"https:\/\/progettotouring.it\/radiotouring104\/wp-json\/wp\/v2\/categories?post=27068"},{"taxonomy":"post_tag","embeddable":true,"href":"https:\/\/progettotouring.it\/radiotouring104\/wp-json\/wp\/v2\/tags?post=27068"}],"curies":[{"name":"wp","href":"https:\/\/api.w.org\/{rel}","templated":true}]}}