{"id":27076,"date":"2023-05-30T16:56:12","date_gmt":"2023-05-30T14:56:12","guid":{"rendered":"https:\/\/progettotouring.it\/radiotouring104\/?p=27076"},"modified":"2023-05-31T15:02:46","modified_gmt":"2023-05-31T13:02:46","slug":"calabria-mancuso-incontra-soluri","status":"publish","type":"post","link":"https:\/\/progettotouring.it\/radiotouring104\/2023\/05\/30\/calabria-mancuso-incontra-soluri\/","title":{"rendered":"Calabria: Mancuso incontra Soluri"},"content":{"rendered":"<p style=\"text-align: justify\"><em>&#8220;Ho verso la stampa un rispetto assoluto. E ritengo che, soprattutto in questa congiuntura difficile per <strong>l\u2019Italia<\/strong> e la <strong>Calabria<\/strong>, l\u2019informazione abbia una funzione ancora pi\u00f9 importante, perch\u00e9, vista la complessit\u00e0 di ogni argomento con cui la politica e la societ\u00e0 debbono misurarsi, \u00e8 necessario avere una stampa obiettiva e completa. Fatta da professionisti preparati, a cui occorre garantire la piena libert\u00e0 d\u2019opinione, naturalmente nel rispetto della dignit\u00e0 delle persone. Per rendere normale una regione come la <strong>Calabria<\/strong>, c\u2019\u00e8 bisogno che la buona politica e la buona informazione si assumano la responsabilit\u00e0 di fare, ciascuno nel proprio ambito, la propria parte, anteponendo a tutto gli interessi generali\u201d.<\/em><\/p>\n<p style=\"text-align: justify\">L\u2019ha detto il presidente del Consiglio regionale <strong>Filippo Mancuso<\/strong> nel corso di un \u201ccordiale incontro\u201d con il presidente dell\u2019Ordine dei Giornalisti calabresi <strong>Giuseppe Soluri<\/strong>, che, da parte sua, ha <em>\u201cringraziato il presidente Mancuso, sia per l\u2019attenzione dimostrata verso le problematiche sempre pi\u00f9 complesse che la professione giornalistica sta fronteggiando in una fase di accelerate trasformazioni tecnologiche, che per l\u2019importanza che il Presidente dell&#8217;Assemblea legislativa\u00a0 annette ai principi costituzionali che disciplinano il mondo dell\u2019informazione. Principi e valori che<\/em> &#8211; ha concluso Soluri -, <em>soprattutto in una regione storicamente tesa alla frammentazione, vanno salvaguardati e potenziati, non soltanto per rinforzare la coesione sociale ma anche per garantire un\u2019informazione plurale, completa e di qualit\u00e0\u201d. \u00a0\u00a0\u00a0\u00a0<\/em><\/p>\n","protected":false},"excerpt":{"rendered":"<p>&#8220;Ho verso la stampa un rispetto assoluto. E ritengo che, soprattutto in questa congiuntura difficile per l\u2019Italia e la Calabria, l\u2019informazione abbia una funzione ancora pi\u00f9 importante, perch\u00e9, vista la&hellip;<\/p>\n","protected":false},"author":8,"featured_media":27077,"comment_status":"closed","ping_status":"open","sticky":false,"template":"","format":"standard","meta":{"_jetpack_memberships_contains_paid_content":false,"footnotes":"","jetpack_publicize_message":"","jetpack_publicize_feature_enabled":true,"jetpack_social_post_already_shared":false,"jetpack_social_options":{"image_generator_settings":{"template":"highway","default_image_id":0,"font":"","enabled":false},"version":2}},"categories":[142,921,196],"tags":[594,16214,16215,6040],"class_list":["post-27076","post","type-post","status-publish","format-standard","has-post-thumbnail","hentry","category-calabria","category-home","category-news","tag-filippo-mancuso","tag-giuseppe-soluri","tag-ordine-dei-giornalisti","tag-presidente-consiglio-regionale"],"yoast_head":"<!-- This site is optimized with the Yoast SEO plugin v27.2 - https:\/\/yoast.com\/product\/yoast-seo-wordpress\/ -->\n<title>Calabria: Mancuso incontra Soluri - Radio Touring 104<\/title>\n<meta name=\"description\" content=\"Mancuso, presidente del consiglio regionale, si incontra con Soluri, presidente dell&#039;ordine dei giornalisti.\" \/>\n<meta name=\"robots\" content=\"index, follow, max-snippet:-1, max-image-preview:large, max-video-preview:-1\" \/>\n<link rel=\"canonical\" href=\"https:\/\/progettotouring.it\/radiotouring104\/2023\/05\/30\/calabria-mancuso-incontra-soluri\/\" \/>\n<meta property=\"og:locale\" content=\"it_IT\" \/>\n<meta property=\"og:type\" content=\"article\" \/>\n<meta property=\"og:title\" content=\"Calabria: Mancuso incontra Soluri - Radio Touring 104\" \/>\n<meta property=\"og:description\" content=\"Mancuso, presidente del consiglio regionale, si incontra con Soluri, presidente dell&#039;ordine dei giornalisti.\" \/>\n<meta property=\"og:url\" content=\"https:\/\/progettotouring.it\/radiotouring104\/2023\/05\/30\/calabria-mancuso-incontra-soluri\/\" \/>\n<meta property=\"og:site_name\" content=\"Radio Touring 104\" \/>\n<meta property=\"article:published_time\" content=\"2023-05-30T14:56:12+00:00\" \/>\n<meta property=\"article:modified_time\" content=\"2023-05-31T13:02:46+00:00\" \/>\n<meta property=\"og:image\" content=\"https:\/\/progettotouring.it\/radiotouring104\/wp-content\/uploads\/sites\/6\/2023\/05\/Giuseppe-Soluri-mancuso.jpg\" \/>\n\t<meta property=\"og:image:width\" content=\"1225\" \/>\n\t<meta property=\"og:image:height\" content=\"844\" \/>\n\t<meta property=\"og:image:type\" content=\"image\/jpeg\" \/>\n<meta name=\"author\" content=\"Filippo Francesco Idone\" \/>\n<meta name=\"twitter:card\" content=\"summary_large_image\" \/>\n<meta name=\"twitter:label1\" content=\"Scritto da\" \/>\n\t<meta name=\"twitter:data1\" content=\"Filippo Francesco Idone\" \/>\n\t<meta name=\"twitter:label2\" content=\"Tempo di lettura stimato\" \/>\n\t<meta name=\"twitter:data2\" content=\"1 minuto\" \/>\n<script type=\"application\/ld+json\" class=\"yoast-schema-graph\">{\"@context\":\"https:\/\/schema.org\",\"@graph\":[{\"@type\":\"Article\",\"@id\":\"https:\/\/progettotouring.it\/radiotouring104\/2023\/05\/30\/calabria-mancuso-incontra-soluri\/#article\",\"isPartOf\":{\"@id\":\"https:\/\/progettotouring.it\/radiotouring104\/2023\/05\/30\/calabria-mancuso-incontra-soluri\/\"},\"author\":{\"name\":\"Filippo Francesco Idone\",\"@id\":\"https:\/\/progettotouring.it\/radiotouring104\/#\/schema\/person\/4a82259ca52ac8702ad1a8f9e5a3120b\"},\"headline\":\"Calabria: Mancuso incontra Soluri\",\"datePublished\":\"2023-05-30T14:56:12+00:00\",\"dateModified\":\"2023-05-31T13:02:46+00:00\",\"mainEntityOfPage\":{\"@id\":\"https:\/\/progettotouring.it\/radiotouring104\/2023\/05\/30\/calabria-mancuso-incontra-soluri\/\"},\"wordCount\":230,\"publisher\":{\"@id\":\"https:\/\/progettotouring.it\/radiotouring104\/#organization\"},\"image\":{\"@id\":\"https:\/\/progettotouring.it\/radiotouring104\/2023\/05\/30\/calabria-mancuso-incontra-soluri\/#primaryimage\"},\"thumbnailUrl\":\"https:\/\/progettotouring.it\/radiotouring104\/wp-content\/uploads\/sites\/6\/2023\/05\/Giuseppe-Soluri-mancuso.jpg\",\"keywords\":[\"Filippo Mancuso\",\"Giuseppe Soluri\",\"ordine dei giornalisti\",\"presidente consiglio regionale\"],\"articleSection\":[\"Calabria\",\"Home\",\"News\"],\"inLanguage\":\"it-IT\"},{\"@type\":\"WebPage\",\"@id\":\"https:\/\/progettotouring.it\/radiotouring104\/2023\/05\/30\/calabria-mancuso-incontra-soluri\/\",\"url\":\"https:\/\/progettotouring.it\/radiotouring104\/2023\/05\/30\/calabria-mancuso-incontra-soluri\/\",\"name\":\"Calabria: Mancuso incontra Soluri - Radio Touring 104\",\"isPartOf\":{\"@id\":\"https:\/\/progettotouring.it\/radiotouring104\/#website\"},\"primaryImageOfPage\":{\"@id\":\"https:\/\/progettotouring.it\/radiotouring104\/2023\/05\/30\/calabria-mancuso-incontra-soluri\/#primaryimage\"},\"image\":{\"@id\":\"https:\/\/progettotouring.it\/radiotouring104\/2023\/05\/30\/calabria-mancuso-incontra-soluri\/#primaryimage\"},\"thumbnailUrl\":\"https:\/\/progettotouring.it\/radiotouring104\/wp-content\/uploads\/sites\/6\/2023\/05\/Giuseppe-Soluri-mancuso.jpg\",\"datePublished\":\"2023-05-30T14:56:12+00:00\",\"dateModified\":\"2023-05-31T13:02:46+00:00\",\"description\":\"Mancuso, presidente del consiglio regionale, si incontra con Soluri, presidente dell'ordine dei giornalisti.\",\"breadcrumb\":{\"@id\":\"https:\/\/progettotouring.it\/radiotouring104\/2023\/05\/30\/calabria-mancuso-incontra-soluri\/#breadcrumb\"},\"inLanguage\":\"it-IT\",\"potentialAction\":[{\"@type\":\"ReadAction\",\"target\":[\"https:\/\/progettotouring.it\/radiotouring104\/2023\/05\/30\/calabria-mancuso-incontra-soluri\/\"]}]},{\"@type\":\"ImageObject\",\"inLanguage\":\"it-IT\",\"@id\":\"https:\/\/progettotouring.it\/radiotouring104\/2023\/05\/30\/calabria-mancuso-incontra-soluri\/#primaryimage\",\"url\":\"https:\/\/progettotouring.it\/radiotouring104\/wp-content\/uploads\/sites\/6\/2023\/05\/Giuseppe-Soluri-mancuso.jpg\",\"contentUrl\":\"https:\/\/progettotouring.it\/radiotouring104\/wp-content\/uploads\/sites\/6\/2023\/05\/Giuseppe-Soluri-mancuso.jpg\",\"width\":1225,\"height\":844},{\"@type\":\"BreadcrumbList\",\"@id\":\"https:\/\/progettotouring.it\/radiotouring104\/2023\/05\/30\/calabria-mancuso-incontra-soluri\/#breadcrumb\",\"itemListElement\":[{\"@type\":\"ListItem\",\"position\":1,\"name\":\"Home\",\"item\":\"https:\/\/progettotouring.it\/radiotouring104\/\"},{\"@type\":\"ListItem\",\"position\":2,\"name\":\"Calabria: Mancuso incontra Soluri\"}]},{\"@type\":\"WebSite\",\"@id\":\"https:\/\/progettotouring.it\/radiotouring104\/#website\",\"url\":\"https:\/\/progettotouring.it\/radiotouring104\/\",\"name\":\"Radio Touring 104\",\"description\":\"La prima radio Reggina\",\"publisher\":{\"@id\":\"https:\/\/progettotouring.it\/radiotouring104\/#organization\"},\"potentialAction\":[{\"@type\":\"SearchAction\",\"target\":{\"@type\":\"EntryPoint\",\"urlTemplate\":\"https:\/\/progettotouring.it\/radiotouring104\/?s={search_term_string}\"},\"query-input\":{\"@type\":\"PropertyValueSpecification\",\"valueRequired\":true,\"valueName\":\"search_term_string\"}}],\"inLanguage\":\"it-IT\"},{\"@type\":\"Organization\",\"@id\":\"https:\/\/progettotouring.it\/radiotouring104\/#organization\",\"name\":\"Radio Touring 104\",\"url\":\"https:\/\/progettotouring.it\/radiotouring104\/\",\"logo\":{\"@type\":\"ImageObject\",\"inLanguage\":\"it-IT\",\"@id\":\"https:\/\/progettotouring.it\/radiotouring104\/#\/schema\/logo\/image\/\",\"url\":\"https:\/\/progettotouring.it\/radiotouring104\/wp-content\/uploads\/sites\/6\/2022\/02\/cropped-logo-radio-touring-104.png\",\"contentUrl\":\"https:\/\/progettotouring.it\/radiotouring104\/wp-content\/uploads\/sites\/6\/2022\/02\/cropped-logo-radio-touring-104.png\",\"width\":377,\"height\":182,\"caption\":\"Radio Touring 104\"},\"image\":{\"@id\":\"https:\/\/progettotouring.it\/radiotouring104\/#\/schema\/logo\/image\/\"}},{\"@type\":\"Person\",\"@id\":\"https:\/\/progettotouring.it\/radiotouring104\/#\/schema\/person\/4a82259ca52ac8702ad1a8f9e5a3120b\",\"name\":\"Filippo Francesco Idone\",\"image\":{\"@type\":\"ImageObject\",\"inLanguage\":\"it-IT\",\"@id\":\"https:\/\/secure.gravatar.com\/avatar\/7268715d2366395c3dd314385670e6484117d44f5c442e61e230f7008b7b62d3?s=96&d=mm&r=g\",\"url\":\"https:\/\/secure.gravatar.com\/avatar\/7268715d2366395c3dd314385670e6484117d44f5c442e61e230f7008b7b62d3?s=96&d=mm&r=g\",\"contentUrl\":\"https:\/\/secure.gravatar.com\/avatar\/7268715d2366395c3dd314385670e6484117d44f5c442e61e230f7008b7b62d3?s=96&d=mm&r=g\",\"caption\":\"Filippo Francesco Idone\"},\"url\":\"https:\/\/progettotouring.it\/radiotouring104\/author\/filippoidone\/\"}]}<\/script>\n<!-- \/ Yoast SEO plugin. -->","yoast_head_json":{"title":"Calabria: Mancuso incontra Soluri - Radio Touring 104","description":"Mancuso, presidente del consiglio regionale, si incontra con Soluri, presidente dell'ordine dei giornalisti.","robots":{"index":"index","follow":"follow","max-snippet":"max-snippet:-1","max-image-preview":"max-image-preview:large","max-video-preview":"max-video-preview:-1"},"canonical":"https:\/\/progettotouring.it\/radiotouring104\/2023\/05\/30\/calabria-mancuso-incontra-soluri\/","og_locale":"it_IT","og_type":"article","og_title":"Calabria: Mancuso incontra Soluri - Radio Touring 104","og_description":"Mancuso, presidente del consiglio regionale, si incontra con Soluri, presidente dell'ordine dei giornalisti.","og_url":"https:\/\/progettotouring.it\/radiotouring104\/2023\/05\/30\/calabria-mancuso-incontra-soluri\/","og_site_name":"Radio Touring 104","article_published_time":"2023-05-30T14:56:12+00:00","article_modified_time":"2023-05-31T13:02:46+00:00","og_image":[{"width":1225,"height":844,"url":"https:\/\/progettotouring.it\/radiotouring104\/wp-content\/uploads\/sites\/6\/2023\/05\/Giuseppe-Soluri-mancuso.jpg","type":"image\/jpeg"}],"author":"Filippo Francesco Idone","twitter_card":"summary_large_image","twitter_misc":{"Scritto da":"Filippo Francesco Idone","Tempo di lettura stimato":"1 minuto"},"schema":{"@context":"https:\/\/schema.org","@graph":[{"@type":"Article","@id":"https:\/\/progettotouring.it\/radiotouring104\/2023\/05\/30\/calabria-mancuso-incontra-soluri\/#article","isPartOf":{"@id":"https:\/\/progettotouring.it\/radiotouring104\/2023\/05\/30\/calabria-mancuso-incontra-soluri\/"},"author":{"name":"Filippo Francesco Idone","@id":"https:\/\/progettotouring.it\/radiotouring104\/#\/schema\/person\/4a82259ca52ac8702ad1a8f9e5a3120b"},"headline":"Calabria: Mancuso incontra Soluri","datePublished":"2023-05-30T14:56:12+00:00","dateModified":"2023-05-31T13:02:46+00:00","mainEntityOfPage":{"@id":"https:\/\/progettotouring.it\/radiotouring104\/2023\/05\/30\/calabria-mancuso-incontra-soluri\/"},"wordCount":230,"publisher":{"@id":"https:\/\/progettotouring.it\/radiotouring104\/#organization"},"image":{"@id":"https:\/\/progettotouring.it\/radiotouring104\/2023\/05\/30\/calabria-mancuso-incontra-soluri\/#primaryimage"},"thumbnailUrl":"https:\/\/progettotouring.it\/radiotouring104\/wp-content\/uploads\/sites\/6\/2023\/05\/Giuseppe-Soluri-mancuso.jpg","keywords":["Filippo Mancuso","Giuseppe Soluri","ordine dei giornalisti","presidente consiglio regionale"],"articleSection":["Calabria","Home","News"],"inLanguage":"it-IT"},{"@type":"WebPage","@id":"https:\/\/progettotouring.it\/radiotouring104\/2023\/05\/30\/calabria-mancuso-incontra-soluri\/","url":"https:\/\/progettotouring.it\/radiotouring104\/2023\/05\/30\/calabria-mancuso-incontra-soluri\/","name":"Calabria: Mancuso incontra Soluri - Radio Touring 104","isPartOf":{"@id":"https:\/\/progettotouring.it\/radiotouring104\/#website"},"primaryImageOfPage":{"@id":"https:\/\/progettotouring.it\/radiotouring104\/2023\/05\/30\/calabria-mancuso-incontra-soluri\/#primaryimage"},"image":{"@id":"https:\/\/progettotouring.it\/radiotouring104\/2023\/05\/30\/calabria-mancuso-incontra-soluri\/#primaryimage"},"thumbnailUrl":"https:\/\/progettotouring.it\/radiotouring104\/wp-content\/uploads\/sites\/6\/2023\/05\/Giuseppe-Soluri-mancuso.jpg","datePublished":"2023-05-30T14:56:12+00:00","dateModified":"2023-05-31T13:02:46+00:00","description":"Mancuso, presidente del consiglio regionale, si incontra con Soluri, presidente dell'ordine dei giornalisti.","breadcrumb":{"@id":"https:\/\/progettotouring.it\/radiotouring104\/2023\/05\/30\/calabria-mancuso-incontra-soluri\/#breadcrumb"},"inLanguage":"it-IT","potentialAction":[{"@type":"ReadAction","target":["https:\/\/progettotouring.it\/radiotouring104\/2023\/05\/30\/calabria-mancuso-incontra-soluri\/"]}]},{"@type":"ImageObject","inLanguage":"it-IT","@id":"https:\/\/progettotouring.it\/radiotouring104\/2023\/05\/30\/calabria-mancuso-incontra-soluri\/#primaryimage","url":"https:\/\/progettotouring.it\/radiotouring104\/wp-content\/uploads\/sites\/6\/2023\/05\/Giuseppe-Soluri-mancuso.jpg","contentUrl":"https:\/\/progettotouring.it\/radiotouring104\/wp-content\/uploads\/sites\/6\/2023\/05\/Giuseppe-Soluri-mancuso.jpg","width":1225,"height":844},{"@type":"BreadcrumbList","@id":"https:\/\/progettotouring.it\/radiotouring104\/2023\/05\/30\/calabria-mancuso-incontra-soluri\/#breadcrumb","itemListElement":[{"@type":"ListItem","position":1,"name":"Home","item":"https:\/\/progettotouring.it\/radiotouring104\/"},{"@type":"ListItem","position":2,"name":"Calabria: Mancuso incontra Soluri"}]},{"@type":"WebSite","@id":"https:\/\/progettotouring.it\/radiotouring104\/#website","url":"https:\/\/progettotouring.it\/radiotouring104\/","name":"Radio Touring 104","description":"La prima radio Reggina","publisher":{"@id":"https:\/\/progettotouring.it\/radiotouring104\/#organization"},"potentialAction":[{"@type":"SearchAction","target":{"@type":"EntryPoint","urlTemplate":"https:\/\/progettotouring.it\/radiotouring104\/?s={search_term_string}"},"query-input":{"@type":"PropertyValueSpecification","valueRequired":true,"valueName":"search_term_string"}}],"inLanguage":"it-IT"},{"@type":"Organization","@id":"https:\/\/progettotouring.it\/radiotouring104\/#organization","name":"Radio Touring 104","url":"https:\/\/progettotouring.it\/radiotouring104\/","logo":{"@type":"ImageObject","inLanguage":"it-IT","@id":"https:\/\/progettotouring.it\/radiotouring104\/#\/schema\/logo\/image\/","url":"https:\/\/progettotouring.it\/radiotouring104\/wp-content\/uploads\/sites\/6\/2022\/02\/cropped-logo-radio-touring-104.png","contentUrl":"https:\/\/progettotouring.it\/radiotouring104\/wp-content\/uploads\/sites\/6\/2022\/02\/cropped-logo-radio-touring-104.png","width":377,"height":182,"caption":"Radio Touring 104"},"image":{"@id":"https:\/\/progettotouring.it\/radiotouring104\/#\/schema\/logo\/image\/"}},{"@type":"Person","@id":"https:\/\/progettotouring.it\/radiotouring104\/#\/schema\/person\/4a82259ca52ac8702ad1a8f9e5a3120b","name":"Filippo Francesco Idone","image":{"@type":"ImageObject","inLanguage":"it-IT","@id":"https:\/\/secure.gravatar.com\/avatar\/7268715d2366395c3dd314385670e6484117d44f5c442e61e230f7008b7b62d3?s=96&d=mm&r=g","url":"https:\/\/secure.gravatar.com\/avatar\/7268715d2366395c3dd314385670e6484117d44f5c442e61e230f7008b7b62d3?s=96&d=mm&r=g","contentUrl":"https:\/\/secure.gravatar.com\/avatar\/7268715d2366395c3dd314385670e6484117d44f5c442e61e230f7008b7b62d3?s=96&d=mm&r=g","caption":"Filippo Francesco Idone"},"url":"https:\/\/progettotouring.it\/radiotouring104\/author\/filippoidone\/"}]}},"jetpack_publicize_connections":[],"jetpack_featured_media_url":"https:\/\/progettotouring.it\/radiotouring104\/wp-content\/uploads\/sites\/6\/2023\/05\/Giuseppe-Soluri-mancuso.jpg","jetpack_sharing_enabled":true,"_links":{"self":[{"href":"https:\/\/progettotouring.it\/radiotouring104\/wp-json\/wp\/v2\/posts\/27076","targetHints":{"allow":["GET"]}}],"collection":[{"href":"https:\/\/progettotouring.it\/radiotouring104\/wp-json\/wp\/v2\/posts"}],"about":[{"href":"https:\/\/progettotouring.it\/radiotouring104\/wp-json\/wp\/v2\/types\/post"}],"author":[{"embeddable":true,"href":"https:\/\/progettotouring.it\/radiotouring104\/wp-json\/wp\/v2\/users\/8"}],"replies":[{"embeddable":true,"href":"https:\/\/progettotouring.it\/radiotouring104\/wp-json\/wp\/v2\/comments?post=27076"}],"version-history":[{"count":1,"href":"https:\/\/progettotouring.it\/radiotouring104\/wp-json\/wp\/v2\/posts\/27076\/revisions"}],"predecessor-version":[{"id":27078,"href":"https:\/\/progettotouring.it\/radiotouring104\/wp-json\/wp\/v2\/posts\/27076\/revisions\/27078"}],"wp:featuredmedia":[{"embeddable":true,"href":"https:\/\/progettotouring.it\/radiotouring104\/wp-json\/wp\/v2\/media\/27077"}],"wp:attachment":[{"href":"https:\/\/progettotouring.it\/radiotouring104\/wp-json\/wp\/v2\/media?parent=27076"}],"wp:term":[{"taxonomy":"category","embeddable":true,"href":"https:\/\/progettotouring.it\/radiotouring104\/wp-json\/wp\/v2\/categories?post=27076"},{"taxonomy":"post_tag","embeddable":true,"href":"https:\/\/progettotouring.it\/radiotouring104\/wp-json\/wp\/v2\/tags?post=27076"}],"curies":[{"name":"wp","href":"https:\/\/api.w.org\/{rel}","templated":true}]}}