{"id":27079,"date":"2023-05-30T15:58:04","date_gmt":"2023-05-30T13:58:04","guid":{"rendered":"https:\/\/progettotouring.it\/radiotouring104\/?p=27079"},"modified":"2023-05-31T15:06:18","modified_gmt":"2023-05-31T13:06:18","slug":"le-muse-per-il-recupero-dellidentita-dei-nostri-borghi-grecanici","status":"publish","type":"post","link":"https:\/\/progettotouring.it\/radiotouring104\/2023\/05\/30\/le-muse-per-il-recupero-dellidentita-dei-nostri-borghi-grecanici\/","title":{"rendered":"Le Muse per il recupero dell&#8217;identit\u00e0 dei nostri borghi grecanici"},"content":{"rendered":"<p style=\"text-align: justify\">L\u2019associazione culturale Le Muse \u201cLaboratorio delle Arti e delle Lettere\u201d di Reggio Calabria continua i suoi appuntamenti con cadenza settimanale e lo ha fatto, questa settimana, presso la Sala d\u2019Arte riunendo prestigiose personalit\u00e0 e noti personaggi per parlare di \u201cCalabria: incanto e meraviglia\u201d tra arte, cultura, societ\u00e0 e natura. Il presidente prof. <strong>Giuseppe<\/strong> <strong>Livoti<\/strong>, ha ricordato in apertura di manifestazione come il tema della rivalutazione dei territori ed in particolare della nostra <strong>Calabria<\/strong> \u00e8 stato ampiamente trattato durante l\u2019intero anno sociale e non si poteva non concludere invitando rappresentanti di luoghi ricchi di storia, tradizioni e patrimonio umano spesso bistrattati da -luoghi comuni e frasi fatte-.<\/p>\n<p style=\"text-align: justify\">Da questo \u00e8 nata una certa continuit\u00e0 con l\u2019incontro dello scorso mese di aprile ha ribadito Livoti, che ci ha condotto cos\u00ec a continuare la conversazione effettuata allargando la presenza ad altrettanti comuni ed in particolare Condofuri ed Africo. Una narrazione, dunque, che coniuga passato e presente come pi\u00f9 volte \u00e8 stato ribadito nel corso della serata con la lettura da parte di Clara Condello, Sonia Impal\u00e0 e Santina Milardi di testi di Corrado Alvaro, Leonida Repaci e Zanotti Bianco che hanno raccontato in versi e testi le peculiarit\u00e0 di luoghi in cui noi tutti ci identifichiamo. Io narrante e visivo della serata \u00e8 stata la mostra della nota artista Antonella Minasi pittrice che dipinge e \u201ctrasmette la natura fugace del momento presente\u201d, esplora, trasmettendo impressioni fugaci. Pennellate veloci, estemporanee, istintive muovono prospettive aeree e squarci sensoriali dove ritrovare, ricercare e focalizzare l\u2019appartenenza. Un cammino pittorico che procede da 20 anni attraverso itinerari di una memoria ritrovata, quella naturale; un itinerario religioso con iconografie sacre per approdare a restituzioni in cui il dato scenico e le figure in primo piano vivono di un cromatismo tonante e luminoso. Aspromonte, il suo paesaggio, le coste i mari, il paesaggio umano, il rapporto sul dato di natura, le culture, la societ\u00e0.<\/p>\n<p style=\"text-align: justify\"><strong>Leo Autelitano<\/strong> &#8211; Presidente del Parco Nazionale dell&#8217;Aspromonte partendo dalle opere esposte della Minasi si \u00e8 soffermato sul concetto del bello decantato e sui ruoli operativi che occorre gestire in Calabria: fra i progetti qualificanti messi in campo, vi sono quelli della valorizzazione della tutela della biodiversit\u00e0 con la reintroduzione del -nibbio reale- (uccello rapace della famiglia degli Accipitridi) scomparso in Aspromonte. Ampio spazio \u00e8 stato dato al mondo delle scuole dice Autelitano, promuovendo il parco con vari concorsi ed ancora il riconoscimento Unesco per la valorizzazione dei geositi ed ancora la creazione del Museo del Geo Parco utile per scoprire la formazione storica dell\u2019Aspromonte con la ricostruzione dei siti per gli appassionati della materia. Infine utili e necessarie le attivit\u00e0 di collegamento per portare i turisti creando con finanziamenti ministeriali la strada che dalla Vallata delle Grandi Pietre conduce a Pietra Kappa per fare visite straordinarie ed autentiche. Domenico Modaffari &#8211; Sindaco del Comune di Africo ha conversato sul ruolo storico, artistico e antropologico del noto borgo: oltre l\u2019aspetto infrastrutturale, l\u2019intervento dell\u2019amministrazione \u00e8 rivolto al borgo antico di Africo e della frazione di Casalnuovo. Abbiamo elaborato una scheda nel Contratto Istituzionale di Sviluppo accolto dal Ministero per il Sud per recuperare un\u2019area di Casalnuovo ed il recupero dell\u2019antica chiesa.<\/p>\n<p style=\"text-align: justify\">Qui vi \u00e8 un asilo infantile fatto edificare da <strong>Zanotti<\/strong> <strong>Bianco<\/strong>: ebbene in questa parte del territorio verranno realizzati percorsi ciclovie e trekking. Abbiamo creato un bando per far si che si creasse nuova imprenditoria, autoimpiego, artigianato, agricoltura e da questo nascer\u00e0 la riproposta del nostro &#8211; pane nero \u2013 descritto anche da Zanotti Bianco, pane di altissima qualit\u00e0 nutraceutica, vegano che potrebbe rappresentare l\u2019avvio di un nuovo percorso da consegnare con la sua produzione ai giovani. Filippo Paino &#8211; Sindaco di Condofuri da poche settimane sin da subito ha espresso il volere con questa nuova amministrazione. Di fare diventare la cittadina, cuore dell\u2019area grecanica con turismo, valorizzazione territorio e valorizzazione risorse umane. Importante dice Paino \u00e8 il recupero del Castello che la famiglia Ruffo, acquist\u00f2 il feudo nel 1624 mantenendone il possesso sino al 1806, anno in cui ebbe fine l&#8217;et\u00e0 feudale. Vengono ricordati in questo luogo, numerosi fatti d&#8217;arme che si verificarono durante il &#8216;600, tre baglivi della famiglia Ruffo (A. Rebuffo, F. Polistena, G. Sangallo). Del castello oggi non rimangono che pochi resti: le mura di perimetro, una torre e quella che un tempo doveva essere una cappella in cui i circa 300 abitanti del castello si recavano a pregare. Inoltre come presidente del Gal Paino, ha ricordato come presto partir\u00e0 il progetto per fare diventare <strong>Gallician\u00f2 di Condofuri<\/strong> &#8211; borgo del folklore promuovendone la sua identit\u00e0 etnografica. Antonella Minasi, artista originaria di <strong>Melicucco<\/strong> si \u00e8 soffermata sul bello di natura che la sua pittura ha sempre rappresentato e solo chi abita e anima questi luoghi pu\u00f2 capire. Io, dice l\u2019artista, sono rimasta qui e vivo di arte, poich\u00e9 ci credo e viaggio con le mie tele in mostre ed expo internazionali facendo una promozione del grande capitale paesaggistico che da sempre ci appartiene.<\/p>\n<p>&nbsp;<\/p>\n","protected":false},"excerpt":{"rendered":"<p>L\u2019associazione culturale Le Muse \u201cLaboratorio delle Arti e delle Lettere\u201d di Reggio Calabria continua i suoi appuntamenti con cadenza settimanale e lo ha fatto, questa settimana, presso la Sala d\u2019Arte&hellip;<\/p>\n","protected":false},"author":8,"featured_media":12694,"comment_status":"closed","ping_status":"open","sticky":false,"template":"","format":"standard","meta":{"_jetpack_memberships_contains_paid_content":false,"footnotes":"","jetpack_publicize_message":"","jetpack_publicize_feature_enabled":true,"jetpack_social_post_already_shared":false,"jetpack_social_options":{"image_generator_settings":{"template":"highway","default_image_id":0,"font":"","enabled":false},"version":2}},"categories":[921,196,140],"tags":[16216,1936,13922],"class_list":["post-27079","post","type-post","status-publish","format-standard","has-post-thumbnail","hentry","category-home","category-news","category-reggio-calabria","tag-galliciano-di-condofuri","tag-melicucco","tag-zanotti-bianco"],"yoast_head":"<!-- This site is optimized with the Yoast SEO plugin v27.2 - https:\/\/yoast.com\/product\/yoast-seo-wordpress\/ -->\n<title>Le Muse per il recupero dell&#039;identit\u00e0 dei nostri borghi grecanici - Radio Touring 104<\/title>\n<meta name=\"description\" content=\"Grande evento per lL\u2019associazione culturale Le Muse \u201cLaboratorio delle Arti e delle Lettere\u201d: &quot;Calabria: incanto e meraviglia\u201d\" \/>\n<meta name=\"robots\" content=\"index, follow, max-snippet:-1, max-image-preview:large, max-video-preview:-1\" \/>\n<link rel=\"canonical\" href=\"https:\/\/progettotouring.it\/radiotouring104\/2023\/05\/30\/le-muse-per-il-recupero-dellidentita-dei-nostri-borghi-grecanici\/\" \/>\n<meta property=\"og:locale\" content=\"it_IT\" \/>\n<meta property=\"og:type\" content=\"article\" \/>\n<meta property=\"og:title\" content=\"Le Muse per il recupero dell&#039;identit\u00e0 dei nostri borghi grecanici - Radio Touring 104\" \/>\n<meta property=\"og:description\" content=\"Grande evento per lL\u2019associazione culturale Le Muse \u201cLaboratorio delle Arti e delle Lettere\u201d: &quot;Calabria: incanto e meraviglia\u201d\" \/>\n<meta property=\"og:url\" content=\"https:\/\/progettotouring.it\/radiotouring104\/2023\/05\/30\/le-muse-per-il-recupero-dellidentita-dei-nostri-borghi-grecanici\/\" \/>\n<meta property=\"og:site_name\" content=\"Radio Touring 104\" \/>\n<meta property=\"article:published_time\" content=\"2023-05-30T13:58:04+00:00\" \/>\n<meta property=\"article:modified_time\" content=\"2023-05-31T13:06:18+00:00\" \/>\n<meta property=\"og:image\" content=\"https:\/\/progettotouring.it\/radiotouring104\/wp-content\/uploads\/sites\/6\/2022\/11\/livoti.jpg\" \/>\n\t<meta property=\"og:image:width\" content=\"726\" \/>\n\t<meta property=\"og:image:height\" content=\"484\" \/>\n\t<meta property=\"og:image:type\" content=\"image\/jpeg\" \/>\n<meta name=\"author\" content=\"Filippo Francesco Idone\" \/>\n<meta name=\"twitter:card\" content=\"summary_large_image\" \/>\n<meta name=\"twitter:label1\" content=\"Scritto da\" \/>\n\t<meta name=\"twitter:data1\" content=\"Filippo Francesco Idone\" \/>\n\t<meta name=\"twitter:label2\" content=\"Tempo di lettura stimato\" \/>\n\t<meta name=\"twitter:data2\" content=\"4 minuti\" \/>\n<script type=\"application\/ld+json\" class=\"yoast-schema-graph\">{\"@context\":\"https:\/\/schema.org\",\"@graph\":[{\"@type\":\"Article\",\"@id\":\"https:\/\/progettotouring.it\/radiotouring104\/2023\/05\/30\/le-muse-per-il-recupero-dellidentita-dei-nostri-borghi-grecanici\/#article\",\"isPartOf\":{\"@id\":\"https:\/\/progettotouring.it\/radiotouring104\/2023\/05\/30\/le-muse-per-il-recupero-dellidentita-dei-nostri-borghi-grecanici\/\"},\"author\":{\"name\":\"Filippo Francesco Idone\",\"@id\":\"https:\/\/progettotouring.it\/radiotouring104\/#\/schema\/person\/4a82259ca52ac8702ad1a8f9e5a3120b\"},\"headline\":\"Le Muse per il recupero dell&#8217;identit\u00e0 dei nostri borghi grecanici\",\"datePublished\":\"2023-05-30T13:58:04+00:00\",\"dateModified\":\"2023-05-31T13:06:18+00:00\",\"mainEntityOfPage\":{\"@id\":\"https:\/\/progettotouring.it\/radiotouring104\/2023\/05\/30\/le-muse-per-il-recupero-dellidentita-dei-nostri-borghi-grecanici\/\"},\"wordCount\":831,\"publisher\":{\"@id\":\"https:\/\/progettotouring.it\/radiotouring104\/#organization\"},\"image\":{\"@id\":\"https:\/\/progettotouring.it\/radiotouring104\/2023\/05\/30\/le-muse-per-il-recupero-dellidentita-dei-nostri-borghi-grecanici\/#primaryimage\"},\"thumbnailUrl\":\"https:\/\/progettotouring.it\/radiotouring104\/wp-content\/uploads\/sites\/6\/2022\/11\/livoti.jpg\",\"keywords\":[\"Gallician\u00f2 di Condofuri\",\"melicucco\",\"Zanotti Bianco\"],\"articleSection\":[\"Home\",\"News\",\"Reggio Calabria\"],\"inLanguage\":\"it-IT\"},{\"@type\":\"WebPage\",\"@id\":\"https:\/\/progettotouring.it\/radiotouring104\/2023\/05\/30\/le-muse-per-il-recupero-dellidentita-dei-nostri-borghi-grecanici\/\",\"url\":\"https:\/\/progettotouring.it\/radiotouring104\/2023\/05\/30\/le-muse-per-il-recupero-dellidentita-dei-nostri-borghi-grecanici\/\",\"name\":\"Le Muse per il recupero dell'identit\u00e0 dei nostri borghi grecanici - Radio Touring 104\",\"isPartOf\":{\"@id\":\"https:\/\/progettotouring.it\/radiotouring104\/#website\"},\"primaryImageOfPage\":{\"@id\":\"https:\/\/progettotouring.it\/radiotouring104\/2023\/05\/30\/le-muse-per-il-recupero-dellidentita-dei-nostri-borghi-grecanici\/#primaryimage\"},\"image\":{\"@id\":\"https:\/\/progettotouring.it\/radiotouring104\/2023\/05\/30\/le-muse-per-il-recupero-dellidentita-dei-nostri-borghi-grecanici\/#primaryimage\"},\"thumbnailUrl\":\"https:\/\/progettotouring.it\/radiotouring104\/wp-content\/uploads\/sites\/6\/2022\/11\/livoti.jpg\",\"datePublished\":\"2023-05-30T13:58:04+00:00\",\"dateModified\":\"2023-05-31T13:06:18+00:00\",\"description\":\"Grande evento per lL\u2019associazione culturale Le Muse \u201cLaboratorio delle Arti e delle Lettere\u201d: \\\"Calabria: incanto e meraviglia\u201d\",\"breadcrumb\":{\"@id\":\"https:\/\/progettotouring.it\/radiotouring104\/2023\/05\/30\/le-muse-per-il-recupero-dellidentita-dei-nostri-borghi-grecanici\/#breadcrumb\"},\"inLanguage\":\"it-IT\",\"potentialAction\":[{\"@type\":\"ReadAction\",\"target\":[\"https:\/\/progettotouring.it\/radiotouring104\/2023\/05\/30\/le-muse-per-il-recupero-dellidentita-dei-nostri-borghi-grecanici\/\"]}]},{\"@type\":\"ImageObject\",\"inLanguage\":\"it-IT\",\"@id\":\"https:\/\/progettotouring.it\/radiotouring104\/2023\/05\/30\/le-muse-per-il-recupero-dellidentita-dei-nostri-borghi-grecanici\/#primaryimage\",\"url\":\"https:\/\/progettotouring.it\/radiotouring104\/wp-content\/uploads\/sites\/6\/2022\/11\/livoti.jpg\",\"contentUrl\":\"https:\/\/progettotouring.it\/radiotouring104\/wp-content\/uploads\/sites\/6\/2022\/11\/livoti.jpg\",\"width\":726,\"height\":484},{\"@type\":\"BreadcrumbList\",\"@id\":\"https:\/\/progettotouring.it\/radiotouring104\/2023\/05\/30\/le-muse-per-il-recupero-dellidentita-dei-nostri-borghi-grecanici\/#breadcrumb\",\"itemListElement\":[{\"@type\":\"ListItem\",\"position\":1,\"name\":\"Home\",\"item\":\"https:\/\/progettotouring.it\/radiotouring104\/\"},{\"@type\":\"ListItem\",\"position\":2,\"name\":\"Le Muse per il recupero dell&#8217;identit\u00e0 dei nostri borghi grecanici\"}]},{\"@type\":\"WebSite\",\"@id\":\"https:\/\/progettotouring.it\/radiotouring104\/#website\",\"url\":\"https:\/\/progettotouring.it\/radiotouring104\/\",\"name\":\"Radio Touring 104\",\"description\":\"La prima radio Reggina\",\"publisher\":{\"@id\":\"https:\/\/progettotouring.it\/radiotouring104\/#organization\"},\"potentialAction\":[{\"@type\":\"SearchAction\",\"target\":{\"@type\":\"EntryPoint\",\"urlTemplate\":\"https:\/\/progettotouring.it\/radiotouring104\/?s={search_term_string}\"},\"query-input\":{\"@type\":\"PropertyValueSpecification\",\"valueRequired\":true,\"valueName\":\"search_term_string\"}}],\"inLanguage\":\"it-IT\"},{\"@type\":\"Organization\",\"@id\":\"https:\/\/progettotouring.it\/radiotouring104\/#organization\",\"name\":\"Radio Touring 104\",\"url\":\"https:\/\/progettotouring.it\/radiotouring104\/\",\"logo\":{\"@type\":\"ImageObject\",\"inLanguage\":\"it-IT\",\"@id\":\"https:\/\/progettotouring.it\/radiotouring104\/#\/schema\/logo\/image\/\",\"url\":\"https:\/\/progettotouring.it\/radiotouring104\/wp-content\/uploads\/sites\/6\/2022\/02\/cropped-logo-radio-touring-104.png\",\"contentUrl\":\"https:\/\/progettotouring.it\/radiotouring104\/wp-content\/uploads\/sites\/6\/2022\/02\/cropped-logo-radio-touring-104.png\",\"width\":377,\"height\":182,\"caption\":\"Radio Touring 104\"},\"image\":{\"@id\":\"https:\/\/progettotouring.it\/radiotouring104\/#\/schema\/logo\/image\/\"}},{\"@type\":\"Person\",\"@id\":\"https:\/\/progettotouring.it\/radiotouring104\/#\/schema\/person\/4a82259ca52ac8702ad1a8f9e5a3120b\",\"name\":\"Filippo Francesco Idone\",\"image\":{\"@type\":\"ImageObject\",\"inLanguage\":\"it-IT\",\"@id\":\"https:\/\/secure.gravatar.com\/avatar\/7268715d2366395c3dd314385670e6484117d44f5c442e61e230f7008b7b62d3?s=96&d=mm&r=g\",\"url\":\"https:\/\/secure.gravatar.com\/avatar\/7268715d2366395c3dd314385670e6484117d44f5c442e61e230f7008b7b62d3?s=96&d=mm&r=g\",\"contentUrl\":\"https:\/\/secure.gravatar.com\/avatar\/7268715d2366395c3dd314385670e6484117d44f5c442e61e230f7008b7b62d3?s=96&d=mm&r=g\",\"caption\":\"Filippo Francesco Idone\"},\"url\":\"https:\/\/progettotouring.it\/radiotouring104\/author\/filippoidone\/\"}]}<\/script>\n<!-- \/ Yoast SEO plugin. -->","yoast_head_json":{"title":"Le Muse per il recupero dell'identit\u00e0 dei nostri borghi grecanici - Radio Touring 104","description":"Grande evento per lL\u2019associazione culturale Le Muse \u201cLaboratorio delle Arti e delle Lettere\u201d: \"Calabria: incanto e meraviglia\u201d","robots":{"index":"index","follow":"follow","max-snippet":"max-snippet:-1","max-image-preview":"max-image-preview:large","max-video-preview":"max-video-preview:-1"},"canonical":"https:\/\/progettotouring.it\/radiotouring104\/2023\/05\/30\/le-muse-per-il-recupero-dellidentita-dei-nostri-borghi-grecanici\/","og_locale":"it_IT","og_type":"article","og_title":"Le Muse per il recupero dell'identit\u00e0 dei nostri borghi grecanici - Radio Touring 104","og_description":"Grande evento per lL\u2019associazione culturale Le Muse \u201cLaboratorio delle Arti e delle Lettere\u201d: \"Calabria: incanto e meraviglia\u201d","og_url":"https:\/\/progettotouring.it\/radiotouring104\/2023\/05\/30\/le-muse-per-il-recupero-dellidentita-dei-nostri-borghi-grecanici\/","og_site_name":"Radio Touring 104","article_published_time":"2023-05-30T13:58:04+00:00","article_modified_time":"2023-05-31T13:06:18+00:00","og_image":[{"width":726,"height":484,"url":"https:\/\/progettotouring.it\/radiotouring104\/wp-content\/uploads\/sites\/6\/2022\/11\/livoti.jpg","type":"image\/jpeg"}],"author":"Filippo Francesco Idone","twitter_card":"summary_large_image","twitter_misc":{"Scritto da":"Filippo Francesco Idone","Tempo di lettura stimato":"4 minuti"},"schema":{"@context":"https:\/\/schema.org","@graph":[{"@type":"Article","@id":"https:\/\/progettotouring.it\/radiotouring104\/2023\/05\/30\/le-muse-per-il-recupero-dellidentita-dei-nostri-borghi-grecanici\/#article","isPartOf":{"@id":"https:\/\/progettotouring.it\/radiotouring104\/2023\/05\/30\/le-muse-per-il-recupero-dellidentita-dei-nostri-borghi-grecanici\/"},"author":{"name":"Filippo Francesco Idone","@id":"https:\/\/progettotouring.it\/radiotouring104\/#\/schema\/person\/4a82259ca52ac8702ad1a8f9e5a3120b"},"headline":"Le Muse per il recupero dell&#8217;identit\u00e0 dei nostri borghi grecanici","datePublished":"2023-05-30T13:58:04+00:00","dateModified":"2023-05-31T13:06:18+00:00","mainEntityOfPage":{"@id":"https:\/\/progettotouring.it\/radiotouring104\/2023\/05\/30\/le-muse-per-il-recupero-dellidentita-dei-nostri-borghi-grecanici\/"},"wordCount":831,"publisher":{"@id":"https:\/\/progettotouring.it\/radiotouring104\/#organization"},"image":{"@id":"https:\/\/progettotouring.it\/radiotouring104\/2023\/05\/30\/le-muse-per-il-recupero-dellidentita-dei-nostri-borghi-grecanici\/#primaryimage"},"thumbnailUrl":"https:\/\/progettotouring.it\/radiotouring104\/wp-content\/uploads\/sites\/6\/2022\/11\/livoti.jpg","keywords":["Gallician\u00f2 di Condofuri","melicucco","Zanotti Bianco"],"articleSection":["Home","News","Reggio Calabria"],"inLanguage":"it-IT"},{"@type":"WebPage","@id":"https:\/\/progettotouring.it\/radiotouring104\/2023\/05\/30\/le-muse-per-il-recupero-dellidentita-dei-nostri-borghi-grecanici\/","url":"https:\/\/progettotouring.it\/radiotouring104\/2023\/05\/30\/le-muse-per-il-recupero-dellidentita-dei-nostri-borghi-grecanici\/","name":"Le Muse per il recupero dell'identit\u00e0 dei nostri borghi grecanici - Radio Touring 104","isPartOf":{"@id":"https:\/\/progettotouring.it\/radiotouring104\/#website"},"primaryImageOfPage":{"@id":"https:\/\/progettotouring.it\/radiotouring104\/2023\/05\/30\/le-muse-per-il-recupero-dellidentita-dei-nostri-borghi-grecanici\/#primaryimage"},"image":{"@id":"https:\/\/progettotouring.it\/radiotouring104\/2023\/05\/30\/le-muse-per-il-recupero-dellidentita-dei-nostri-borghi-grecanici\/#primaryimage"},"thumbnailUrl":"https:\/\/progettotouring.it\/radiotouring104\/wp-content\/uploads\/sites\/6\/2022\/11\/livoti.jpg","datePublished":"2023-05-30T13:58:04+00:00","dateModified":"2023-05-31T13:06:18+00:00","description":"Grande evento per lL\u2019associazione culturale Le Muse \u201cLaboratorio delle Arti e delle Lettere\u201d: \"Calabria: incanto e meraviglia\u201d","breadcrumb":{"@id":"https:\/\/progettotouring.it\/radiotouring104\/2023\/05\/30\/le-muse-per-il-recupero-dellidentita-dei-nostri-borghi-grecanici\/#breadcrumb"},"inLanguage":"it-IT","potentialAction":[{"@type":"ReadAction","target":["https:\/\/progettotouring.it\/radiotouring104\/2023\/05\/30\/le-muse-per-il-recupero-dellidentita-dei-nostri-borghi-grecanici\/"]}]},{"@type":"ImageObject","inLanguage":"it-IT","@id":"https:\/\/progettotouring.it\/radiotouring104\/2023\/05\/30\/le-muse-per-il-recupero-dellidentita-dei-nostri-borghi-grecanici\/#primaryimage","url":"https:\/\/progettotouring.it\/radiotouring104\/wp-content\/uploads\/sites\/6\/2022\/11\/livoti.jpg","contentUrl":"https:\/\/progettotouring.it\/radiotouring104\/wp-content\/uploads\/sites\/6\/2022\/11\/livoti.jpg","width":726,"height":484},{"@type":"BreadcrumbList","@id":"https:\/\/progettotouring.it\/radiotouring104\/2023\/05\/30\/le-muse-per-il-recupero-dellidentita-dei-nostri-borghi-grecanici\/#breadcrumb","itemListElement":[{"@type":"ListItem","position":1,"name":"Home","item":"https:\/\/progettotouring.it\/radiotouring104\/"},{"@type":"ListItem","position":2,"name":"Le Muse per il recupero dell&#8217;identit\u00e0 dei nostri borghi grecanici"}]},{"@type":"WebSite","@id":"https:\/\/progettotouring.it\/radiotouring104\/#website","url":"https:\/\/progettotouring.it\/radiotouring104\/","name":"Radio Touring 104","description":"La prima radio Reggina","publisher":{"@id":"https:\/\/progettotouring.it\/radiotouring104\/#organization"},"potentialAction":[{"@type":"SearchAction","target":{"@type":"EntryPoint","urlTemplate":"https:\/\/progettotouring.it\/radiotouring104\/?s={search_term_string}"},"query-input":{"@type":"PropertyValueSpecification","valueRequired":true,"valueName":"search_term_string"}}],"inLanguage":"it-IT"},{"@type":"Organization","@id":"https:\/\/progettotouring.it\/radiotouring104\/#organization","name":"Radio Touring 104","url":"https:\/\/progettotouring.it\/radiotouring104\/","logo":{"@type":"ImageObject","inLanguage":"it-IT","@id":"https:\/\/progettotouring.it\/radiotouring104\/#\/schema\/logo\/image\/","url":"https:\/\/progettotouring.it\/radiotouring104\/wp-content\/uploads\/sites\/6\/2022\/02\/cropped-logo-radio-touring-104.png","contentUrl":"https:\/\/progettotouring.it\/radiotouring104\/wp-content\/uploads\/sites\/6\/2022\/02\/cropped-logo-radio-touring-104.png","width":377,"height":182,"caption":"Radio Touring 104"},"image":{"@id":"https:\/\/progettotouring.it\/radiotouring104\/#\/schema\/logo\/image\/"}},{"@type":"Person","@id":"https:\/\/progettotouring.it\/radiotouring104\/#\/schema\/person\/4a82259ca52ac8702ad1a8f9e5a3120b","name":"Filippo Francesco Idone","image":{"@type":"ImageObject","inLanguage":"it-IT","@id":"https:\/\/secure.gravatar.com\/avatar\/7268715d2366395c3dd314385670e6484117d44f5c442e61e230f7008b7b62d3?s=96&d=mm&r=g","url":"https:\/\/secure.gravatar.com\/avatar\/7268715d2366395c3dd314385670e6484117d44f5c442e61e230f7008b7b62d3?s=96&d=mm&r=g","contentUrl":"https:\/\/secure.gravatar.com\/avatar\/7268715d2366395c3dd314385670e6484117d44f5c442e61e230f7008b7b62d3?s=96&d=mm&r=g","caption":"Filippo Francesco Idone"},"url":"https:\/\/progettotouring.it\/radiotouring104\/author\/filippoidone\/"}]}},"jetpack_publicize_connections":[],"jetpack_featured_media_url":"https:\/\/progettotouring.it\/radiotouring104\/wp-content\/uploads\/sites\/6\/2022\/11\/livoti.jpg","jetpack_sharing_enabled":true,"_links":{"self":[{"href":"https:\/\/progettotouring.it\/radiotouring104\/wp-json\/wp\/v2\/posts\/27079","targetHints":{"allow":["GET"]}}],"collection":[{"href":"https:\/\/progettotouring.it\/radiotouring104\/wp-json\/wp\/v2\/posts"}],"about":[{"href":"https:\/\/progettotouring.it\/radiotouring104\/wp-json\/wp\/v2\/types\/post"}],"author":[{"embeddable":true,"href":"https:\/\/progettotouring.it\/radiotouring104\/wp-json\/wp\/v2\/users\/8"}],"replies":[{"embeddable":true,"href":"https:\/\/progettotouring.it\/radiotouring104\/wp-json\/wp\/v2\/comments?post=27079"}],"version-history":[{"count":1,"href":"https:\/\/progettotouring.it\/radiotouring104\/wp-json\/wp\/v2\/posts\/27079\/revisions"}],"predecessor-version":[{"id":27080,"href":"https:\/\/progettotouring.it\/radiotouring104\/wp-json\/wp\/v2\/posts\/27079\/revisions\/27080"}],"wp:featuredmedia":[{"embeddable":true,"href":"https:\/\/progettotouring.it\/radiotouring104\/wp-json\/wp\/v2\/media\/12694"}],"wp:attachment":[{"href":"https:\/\/progettotouring.it\/radiotouring104\/wp-json\/wp\/v2\/media?parent=27079"}],"wp:term":[{"taxonomy":"category","embeddable":true,"href":"https:\/\/progettotouring.it\/radiotouring104\/wp-json\/wp\/v2\/categories?post=27079"},{"taxonomy":"post_tag","embeddable":true,"href":"https:\/\/progettotouring.it\/radiotouring104\/wp-json\/wp\/v2\/tags?post=27079"}],"curies":[{"name":"wp","href":"https:\/\/api.w.org\/{rel}","templated":true}]}}