{"id":27296,"date":"2023-06-05T10:32:38","date_gmt":"2023-06-05T08:32:38","guid":{"rendered":"https:\/\/progettotouring.it\/radiotouring104\/?p=27296"},"modified":"2023-06-05T10:32:38","modified_gmt":"2023-06-05T08:32:38","slug":"solidarieta-la-federazione-metropolitana-pd-a-sindaca-caminiti","status":"publish","type":"post","link":"https:\/\/progettotouring.it\/radiotouring104\/2023\/06\/05\/solidarieta-la-federazione-metropolitana-pd-a-sindaca-caminiti\/","title":{"rendered":"Solidariet\u00e0 La Federazione Metropolitana PD a Sindaca Caminiti"},"content":{"rendered":"<p style=\"text-align: justify\"><strong>La Federazione Metropolitana del PD di Reggio Calabria esprime la totale ed incondizionata solidariet\u00e0 nei confronti della Sindaca di Villa San Giovanni Giusy Caminiti vittima, la scorsa notte, di un vile gesto intimidatorio.<\/strong><\/p>\n<p style=\"text-align: justify\">L\u2019operato della prima cittadina, insieme a quelle dall\u2019amministrazione da lei guidata, \u00e8 stato sempre improntato al ripristino della legalit\u00e0 e teso al bene e al progresso della comunit\u00e0 villese.<\/p>\n<p style=\"text-align: justify\">Il Partito Democratico ribadisce il proprio incondizionato sostengo alla Sindaca e lo assicura a tutti gli amministratori vittime di attentati, battendosi con fermezza per contrastare ogni forma di illegalit\u00e0.<\/p>\n","protected":false},"excerpt":{"rendered":"<p>La Federazione Metropolitana del PD di Reggio Calabria esprime la totale ed incondizionata solidariet\u00e0 nei confronti della Sindaca di Villa San Giovanni Giusy Caminiti vittima, la scorsa notte, di un&hellip;<\/p>\n","protected":false},"author":12,"featured_media":9470,"comment_status":"closed","ping_status":"open","sticky":false,"template":"","format":"standard","meta":{"_jetpack_memberships_contains_paid_content":false,"footnotes":"","jetpack_publicize_message":"","jetpack_publicize_feature_enabled":true,"jetpack_social_post_already_shared":false,"jetpack_social_options":{"image_generator_settings":{"template":"highway","default_image_id":0,"font":"","enabled":false},"version":2}},"categories":[921,196,140],"tags":[16391],"class_list":["post-27296","post","type-post","status-publish","format-standard","has-post-thumbnail","hentry","category-home","category-news","category-reggio-calabria","tag-federazione-metropolitana-del-pd-di-reggio-calabria"],"yoast_head":"<!-- This site is optimized with the Yoast SEO plugin v27.2 - https:\/\/yoast.com\/product\/yoast-seo-wordpress\/ -->\n<title>Solidariet\u00e0 La Federazione Metropolitana PD a Sindaca Caminiti<\/title>\n<meta name=\"description\" content=\"Solidariet\u00e0 della Federazione Metropolitana PD alla Sindaca di Villa Caminiti vittima, la scorsa notte, di un vile gesto intimidatorio\" \/>\n<meta name=\"robots\" content=\"index, follow, max-snippet:-1, max-image-preview:large, max-video-preview:-1\" \/>\n<link rel=\"canonical\" href=\"https:\/\/progettotouring.it\/radiotouring104\/2023\/06\/05\/solidarieta-la-federazione-metropolitana-pd-a-sindaca-caminiti\/\" \/>\n<meta property=\"og:locale\" content=\"it_IT\" \/>\n<meta property=\"og:type\" content=\"article\" \/>\n<meta property=\"og:title\" content=\"Solidariet\u00e0 La Federazione Metropolitana PD a Sindaca Caminiti\" \/>\n<meta property=\"og:description\" content=\"Solidariet\u00e0 della Federazione Metropolitana PD alla Sindaca di Villa Caminiti vittima, la scorsa notte, di un vile gesto intimidatorio\" \/>\n<meta property=\"og:url\" content=\"https:\/\/progettotouring.it\/radiotouring104\/2023\/06\/05\/solidarieta-la-federazione-metropolitana-pd-a-sindaca-caminiti\/\" \/>\n<meta property=\"og:site_name\" content=\"Radio Touring 104\" \/>\n<meta property=\"article:published_time\" content=\"2023-06-05T08:32:38+00:00\" \/>\n<meta property=\"og:image\" content=\"https:\/\/progettotouring.it\/radiotouring104\/wp-content\/uploads\/sites\/6\/2022\/09\/PD-partito-democratico.jpg\" \/>\n\t<meta property=\"og:image:width\" content=\"1920\" \/>\n\t<meta property=\"og:image:height\" content=\"1080\" \/>\n\t<meta property=\"og:image:type\" content=\"image\/jpeg\" \/>\n<meta name=\"author\" content=\"Sebastiano Plutino\" \/>\n<meta name=\"twitter:card\" content=\"summary_large_image\" \/>\n<meta name=\"twitter:label1\" content=\"Scritto da\" \/>\n\t<meta name=\"twitter:data1\" content=\"Sebastiano Plutino\" \/>\n<script type=\"application\/ld+json\" class=\"yoast-schema-graph\">{\"@context\":\"https:\/\/schema.org\",\"@graph\":[{\"@type\":\"Article\",\"@id\":\"https:\/\/progettotouring.it\/radiotouring104\/2023\/06\/05\/solidarieta-la-federazione-metropolitana-pd-a-sindaca-caminiti\/#article\",\"isPartOf\":{\"@id\":\"https:\/\/progettotouring.it\/radiotouring104\/2023\/06\/05\/solidarieta-la-federazione-metropolitana-pd-a-sindaca-caminiti\/\"},\"author\":{\"name\":\"Sebastiano Plutino\",\"@id\":\"https:\/\/progettotouring.it\/radiotouring104\/#\/schema\/person\/78613917f1851f041f7483f5af1d422e\"},\"headline\":\"Solidariet\u00e0 La Federazione Metropolitana PD a Sindaca Caminiti\",\"datePublished\":\"2023-06-05T08:32:38+00:00\",\"mainEntityOfPage\":{\"@id\":\"https:\/\/progettotouring.it\/radiotouring104\/2023\/06\/05\/solidarieta-la-federazione-metropolitana-pd-a-sindaca-caminiti\/\"},\"wordCount\":100,\"publisher\":{\"@id\":\"https:\/\/progettotouring.it\/radiotouring104\/#organization\"},\"image\":{\"@id\":\"https:\/\/progettotouring.it\/radiotouring104\/2023\/06\/05\/solidarieta-la-federazione-metropolitana-pd-a-sindaca-caminiti\/#primaryimage\"},\"thumbnailUrl\":\"https:\/\/progettotouring.it\/radiotouring104\/wp-content\/uploads\/sites\/6\/2022\/09\/PD-partito-democratico.jpg\",\"keywords\":[\"Federazione Metropolitana del PD di Reggio Calabria\"],\"articleSection\":[\"Home\",\"News\",\"Reggio Calabria\"],\"inLanguage\":\"it-IT\"},{\"@type\":\"WebPage\",\"@id\":\"https:\/\/progettotouring.it\/radiotouring104\/2023\/06\/05\/solidarieta-la-federazione-metropolitana-pd-a-sindaca-caminiti\/\",\"url\":\"https:\/\/progettotouring.it\/radiotouring104\/2023\/06\/05\/solidarieta-la-federazione-metropolitana-pd-a-sindaca-caminiti\/\",\"name\":\"Solidariet\u00e0 La Federazione Metropolitana PD a Sindaca Caminiti\",\"isPartOf\":{\"@id\":\"https:\/\/progettotouring.it\/radiotouring104\/#website\"},\"primaryImageOfPage\":{\"@id\":\"https:\/\/progettotouring.it\/radiotouring104\/2023\/06\/05\/solidarieta-la-federazione-metropolitana-pd-a-sindaca-caminiti\/#primaryimage\"},\"image\":{\"@id\":\"https:\/\/progettotouring.it\/radiotouring104\/2023\/06\/05\/solidarieta-la-federazione-metropolitana-pd-a-sindaca-caminiti\/#primaryimage\"},\"thumbnailUrl\":\"https:\/\/progettotouring.it\/radiotouring104\/wp-content\/uploads\/sites\/6\/2022\/09\/PD-partito-democratico.jpg\",\"datePublished\":\"2023-06-05T08:32:38+00:00\",\"description\":\"Solidariet\u00e0 della Federazione Metropolitana PD alla Sindaca di Villa Caminiti vittima, la scorsa notte, di un vile gesto intimidatorio\",\"breadcrumb\":{\"@id\":\"https:\/\/progettotouring.it\/radiotouring104\/2023\/06\/05\/solidarieta-la-federazione-metropolitana-pd-a-sindaca-caminiti\/#breadcrumb\"},\"inLanguage\":\"it-IT\",\"potentialAction\":[{\"@type\":\"ReadAction\",\"target\":[\"https:\/\/progettotouring.it\/radiotouring104\/2023\/06\/05\/solidarieta-la-federazione-metropolitana-pd-a-sindaca-caminiti\/\"]}]},{\"@type\":\"ImageObject\",\"inLanguage\":\"it-IT\",\"@id\":\"https:\/\/progettotouring.it\/radiotouring104\/2023\/06\/05\/solidarieta-la-federazione-metropolitana-pd-a-sindaca-caminiti\/#primaryimage\",\"url\":\"https:\/\/progettotouring.it\/radiotouring104\/wp-content\/uploads\/sites\/6\/2022\/09\/PD-partito-democratico.jpg\",\"contentUrl\":\"https:\/\/progettotouring.it\/radiotouring104\/wp-content\/uploads\/sites\/6\/2022\/09\/PD-partito-democratico.jpg\",\"width\":1920,\"height\":1080},{\"@type\":\"BreadcrumbList\",\"@id\":\"https:\/\/progettotouring.it\/radiotouring104\/2023\/06\/05\/solidarieta-la-federazione-metropolitana-pd-a-sindaca-caminiti\/#breadcrumb\",\"itemListElement\":[{\"@type\":\"ListItem\",\"position\":1,\"name\":\"Home\",\"item\":\"https:\/\/progettotouring.it\/radiotouring104\/\"},{\"@type\":\"ListItem\",\"position\":2,\"name\":\"Solidariet\u00e0 La Federazione Metropolitana PD a Sindaca Caminiti\"}]},{\"@type\":\"WebSite\",\"@id\":\"https:\/\/progettotouring.it\/radiotouring104\/#website\",\"url\":\"https:\/\/progettotouring.it\/radiotouring104\/\",\"name\":\"Radio Touring 104\",\"description\":\"La prima radio Reggina\",\"publisher\":{\"@id\":\"https:\/\/progettotouring.it\/radiotouring104\/#organization\"},\"potentialAction\":[{\"@type\":\"SearchAction\",\"target\":{\"@type\":\"EntryPoint\",\"urlTemplate\":\"https:\/\/progettotouring.it\/radiotouring104\/?s={search_term_string}\"},\"query-input\":{\"@type\":\"PropertyValueSpecification\",\"valueRequired\":true,\"valueName\":\"search_term_string\"}}],\"inLanguage\":\"it-IT\"},{\"@type\":\"Organization\",\"@id\":\"https:\/\/progettotouring.it\/radiotouring104\/#organization\",\"name\":\"Radio Touring 104\",\"url\":\"https:\/\/progettotouring.it\/radiotouring104\/\",\"logo\":{\"@type\":\"ImageObject\",\"inLanguage\":\"it-IT\",\"@id\":\"https:\/\/progettotouring.it\/radiotouring104\/#\/schema\/logo\/image\/\",\"url\":\"https:\/\/progettotouring.it\/radiotouring104\/wp-content\/uploads\/sites\/6\/2022\/02\/cropped-logo-radio-touring-104.png\",\"contentUrl\":\"https:\/\/progettotouring.it\/radiotouring104\/wp-content\/uploads\/sites\/6\/2022\/02\/cropped-logo-radio-touring-104.png\",\"width\":377,\"height\":182,\"caption\":\"Radio Touring 104\"},\"image\":{\"@id\":\"https:\/\/progettotouring.it\/radiotouring104\/#\/schema\/logo\/image\/\"}},{\"@type\":\"Person\",\"@id\":\"https:\/\/progettotouring.it\/radiotouring104\/#\/schema\/person\/78613917f1851f041f7483f5af1d422e\",\"name\":\"Sebastiano Plutino\",\"image\":{\"@type\":\"ImageObject\",\"inLanguage\":\"it-IT\",\"@id\":\"https:\/\/secure.gravatar.com\/avatar\/0546ffaa9b79224faf9f2a156b67a529ae861d3287c66c1d8ccfdf909bcba78d?s=96&d=mm&r=g\",\"url\":\"https:\/\/secure.gravatar.com\/avatar\/0546ffaa9b79224faf9f2a156b67a529ae861d3287c66c1d8ccfdf909bcba78d?s=96&d=mm&r=g\",\"contentUrl\":\"https:\/\/secure.gravatar.com\/avatar\/0546ffaa9b79224faf9f2a156b67a529ae861d3287c66c1d8ccfdf909bcba78d?s=96&d=mm&r=g\",\"caption\":\"Sebastiano Plutino\"},\"url\":\"https:\/\/progettotouring.it\/radiotouring104\/author\/sebastiano\/\"}]}<\/script>\n<!-- \/ Yoast SEO plugin. -->","yoast_head_json":{"title":"Solidariet\u00e0 La Federazione Metropolitana PD a Sindaca Caminiti","description":"Solidariet\u00e0 della Federazione Metropolitana PD alla Sindaca di Villa Caminiti vittima, la scorsa notte, di un vile gesto intimidatorio","robots":{"index":"index","follow":"follow","max-snippet":"max-snippet:-1","max-image-preview":"max-image-preview:large","max-video-preview":"max-video-preview:-1"},"canonical":"https:\/\/progettotouring.it\/radiotouring104\/2023\/06\/05\/solidarieta-la-federazione-metropolitana-pd-a-sindaca-caminiti\/","og_locale":"it_IT","og_type":"article","og_title":"Solidariet\u00e0 La Federazione Metropolitana PD a Sindaca Caminiti","og_description":"Solidariet\u00e0 della Federazione Metropolitana PD alla Sindaca di Villa Caminiti vittima, la scorsa notte, di un vile gesto intimidatorio","og_url":"https:\/\/progettotouring.it\/radiotouring104\/2023\/06\/05\/solidarieta-la-federazione-metropolitana-pd-a-sindaca-caminiti\/","og_site_name":"Radio Touring 104","article_published_time":"2023-06-05T08:32:38+00:00","og_image":[{"width":1920,"height":1080,"url":"https:\/\/progettotouring.it\/radiotouring104\/wp-content\/uploads\/sites\/6\/2022\/09\/PD-partito-democratico.jpg","type":"image\/jpeg"}],"author":"Sebastiano Plutino","twitter_card":"summary_large_image","twitter_misc":{"Scritto da":"Sebastiano Plutino"},"schema":{"@context":"https:\/\/schema.org","@graph":[{"@type":"Article","@id":"https:\/\/progettotouring.it\/radiotouring104\/2023\/06\/05\/solidarieta-la-federazione-metropolitana-pd-a-sindaca-caminiti\/#article","isPartOf":{"@id":"https:\/\/progettotouring.it\/radiotouring104\/2023\/06\/05\/solidarieta-la-federazione-metropolitana-pd-a-sindaca-caminiti\/"},"author":{"name":"Sebastiano Plutino","@id":"https:\/\/progettotouring.it\/radiotouring104\/#\/schema\/person\/78613917f1851f041f7483f5af1d422e"},"headline":"Solidariet\u00e0 La Federazione Metropolitana PD a Sindaca Caminiti","datePublished":"2023-06-05T08:32:38+00:00","mainEntityOfPage":{"@id":"https:\/\/progettotouring.it\/radiotouring104\/2023\/06\/05\/solidarieta-la-federazione-metropolitana-pd-a-sindaca-caminiti\/"},"wordCount":100,"publisher":{"@id":"https:\/\/progettotouring.it\/radiotouring104\/#organization"},"image":{"@id":"https:\/\/progettotouring.it\/radiotouring104\/2023\/06\/05\/solidarieta-la-federazione-metropolitana-pd-a-sindaca-caminiti\/#primaryimage"},"thumbnailUrl":"https:\/\/progettotouring.it\/radiotouring104\/wp-content\/uploads\/sites\/6\/2022\/09\/PD-partito-democratico.jpg","keywords":["Federazione Metropolitana del PD di Reggio Calabria"],"articleSection":["Home","News","Reggio Calabria"],"inLanguage":"it-IT"},{"@type":"WebPage","@id":"https:\/\/progettotouring.it\/radiotouring104\/2023\/06\/05\/solidarieta-la-federazione-metropolitana-pd-a-sindaca-caminiti\/","url":"https:\/\/progettotouring.it\/radiotouring104\/2023\/06\/05\/solidarieta-la-federazione-metropolitana-pd-a-sindaca-caminiti\/","name":"Solidariet\u00e0 La Federazione Metropolitana PD a Sindaca Caminiti","isPartOf":{"@id":"https:\/\/progettotouring.it\/radiotouring104\/#website"},"primaryImageOfPage":{"@id":"https:\/\/progettotouring.it\/radiotouring104\/2023\/06\/05\/solidarieta-la-federazione-metropolitana-pd-a-sindaca-caminiti\/#primaryimage"},"image":{"@id":"https:\/\/progettotouring.it\/radiotouring104\/2023\/06\/05\/solidarieta-la-federazione-metropolitana-pd-a-sindaca-caminiti\/#primaryimage"},"thumbnailUrl":"https:\/\/progettotouring.it\/radiotouring104\/wp-content\/uploads\/sites\/6\/2022\/09\/PD-partito-democratico.jpg","datePublished":"2023-06-05T08:32:38+00:00","description":"Solidariet\u00e0 della Federazione Metropolitana PD alla Sindaca di Villa Caminiti vittima, la scorsa notte, di un vile gesto intimidatorio","breadcrumb":{"@id":"https:\/\/progettotouring.it\/radiotouring104\/2023\/06\/05\/solidarieta-la-federazione-metropolitana-pd-a-sindaca-caminiti\/#breadcrumb"},"inLanguage":"it-IT","potentialAction":[{"@type":"ReadAction","target":["https:\/\/progettotouring.it\/radiotouring104\/2023\/06\/05\/solidarieta-la-federazione-metropolitana-pd-a-sindaca-caminiti\/"]}]},{"@type":"ImageObject","inLanguage":"it-IT","@id":"https:\/\/progettotouring.it\/radiotouring104\/2023\/06\/05\/solidarieta-la-federazione-metropolitana-pd-a-sindaca-caminiti\/#primaryimage","url":"https:\/\/progettotouring.it\/radiotouring104\/wp-content\/uploads\/sites\/6\/2022\/09\/PD-partito-democratico.jpg","contentUrl":"https:\/\/progettotouring.it\/radiotouring104\/wp-content\/uploads\/sites\/6\/2022\/09\/PD-partito-democratico.jpg","width":1920,"height":1080},{"@type":"BreadcrumbList","@id":"https:\/\/progettotouring.it\/radiotouring104\/2023\/06\/05\/solidarieta-la-federazione-metropolitana-pd-a-sindaca-caminiti\/#breadcrumb","itemListElement":[{"@type":"ListItem","position":1,"name":"Home","item":"https:\/\/progettotouring.it\/radiotouring104\/"},{"@type":"ListItem","position":2,"name":"Solidariet\u00e0 La Federazione Metropolitana PD a Sindaca Caminiti"}]},{"@type":"WebSite","@id":"https:\/\/progettotouring.it\/radiotouring104\/#website","url":"https:\/\/progettotouring.it\/radiotouring104\/","name":"Radio Touring 104","description":"La prima radio Reggina","publisher":{"@id":"https:\/\/progettotouring.it\/radiotouring104\/#organization"},"potentialAction":[{"@type":"SearchAction","target":{"@type":"EntryPoint","urlTemplate":"https:\/\/progettotouring.it\/radiotouring104\/?s={search_term_string}"},"query-input":{"@type":"PropertyValueSpecification","valueRequired":true,"valueName":"search_term_string"}}],"inLanguage":"it-IT"},{"@type":"Organization","@id":"https:\/\/progettotouring.it\/radiotouring104\/#organization","name":"Radio Touring 104","url":"https:\/\/progettotouring.it\/radiotouring104\/","logo":{"@type":"ImageObject","inLanguage":"it-IT","@id":"https:\/\/progettotouring.it\/radiotouring104\/#\/schema\/logo\/image\/","url":"https:\/\/progettotouring.it\/radiotouring104\/wp-content\/uploads\/sites\/6\/2022\/02\/cropped-logo-radio-touring-104.png","contentUrl":"https:\/\/progettotouring.it\/radiotouring104\/wp-content\/uploads\/sites\/6\/2022\/02\/cropped-logo-radio-touring-104.png","width":377,"height":182,"caption":"Radio Touring 104"},"image":{"@id":"https:\/\/progettotouring.it\/radiotouring104\/#\/schema\/logo\/image\/"}},{"@type":"Person","@id":"https:\/\/progettotouring.it\/radiotouring104\/#\/schema\/person\/78613917f1851f041f7483f5af1d422e","name":"Sebastiano Plutino","image":{"@type":"ImageObject","inLanguage":"it-IT","@id":"https:\/\/secure.gravatar.com\/avatar\/0546ffaa9b79224faf9f2a156b67a529ae861d3287c66c1d8ccfdf909bcba78d?s=96&d=mm&r=g","url":"https:\/\/secure.gravatar.com\/avatar\/0546ffaa9b79224faf9f2a156b67a529ae861d3287c66c1d8ccfdf909bcba78d?s=96&d=mm&r=g","contentUrl":"https:\/\/secure.gravatar.com\/avatar\/0546ffaa9b79224faf9f2a156b67a529ae861d3287c66c1d8ccfdf909bcba78d?s=96&d=mm&r=g","caption":"Sebastiano Plutino"},"url":"https:\/\/progettotouring.it\/radiotouring104\/author\/sebastiano\/"}]}},"jetpack_publicize_connections":[],"jetpack_featured_media_url":"https:\/\/progettotouring.it\/radiotouring104\/wp-content\/uploads\/sites\/6\/2022\/09\/PD-partito-democratico.jpg","jetpack_sharing_enabled":true,"_links":{"self":[{"href":"https:\/\/progettotouring.it\/radiotouring104\/wp-json\/wp\/v2\/posts\/27296","targetHints":{"allow":["GET"]}}],"collection":[{"href":"https:\/\/progettotouring.it\/radiotouring104\/wp-json\/wp\/v2\/posts"}],"about":[{"href":"https:\/\/progettotouring.it\/radiotouring104\/wp-json\/wp\/v2\/types\/post"}],"author":[{"embeddable":true,"href":"https:\/\/progettotouring.it\/radiotouring104\/wp-json\/wp\/v2\/users\/12"}],"replies":[{"embeddable":true,"href":"https:\/\/progettotouring.it\/radiotouring104\/wp-json\/wp\/v2\/comments?post=27296"}],"version-history":[{"count":1,"href":"https:\/\/progettotouring.it\/radiotouring104\/wp-json\/wp\/v2\/posts\/27296\/revisions"}],"predecessor-version":[{"id":27297,"href":"https:\/\/progettotouring.it\/radiotouring104\/wp-json\/wp\/v2\/posts\/27296\/revisions\/27297"}],"wp:featuredmedia":[{"embeddable":true,"href":"https:\/\/progettotouring.it\/radiotouring104\/wp-json\/wp\/v2\/media\/9470"}],"wp:attachment":[{"href":"https:\/\/progettotouring.it\/radiotouring104\/wp-json\/wp\/v2\/media?parent=27296"}],"wp:term":[{"taxonomy":"category","embeddable":true,"href":"https:\/\/progettotouring.it\/radiotouring104\/wp-json\/wp\/v2\/categories?post=27296"},{"taxonomy":"post_tag","embeddable":true,"href":"https:\/\/progettotouring.it\/radiotouring104\/wp-json\/wp\/v2\/tags?post=27296"}],"curies":[{"name":"wp","href":"https:\/\/api.w.org\/{rel}","templated":true}]}}