{"id":27304,"date":"2023-06-05T10:53:31","date_gmt":"2023-06-05T08:53:31","guid":{"rendered":"https:\/\/progettotouring.it\/radiotouring104\/?p=27304"},"modified":"2023-06-05T10:59:57","modified_gmt":"2023-06-05T08:59:57","slug":"27304","status":"publish","type":"post","link":"https:\/\/progettotouring.it\/radiotouring104\/2023\/06\/05\/27304\/","title":{"rendered":"Comunicato Filcams CGIL su 12 lavoratori gruppo Maiora"},"content":{"rendered":"<div style=\"text-align: justify\"><span style=\"font-family: Calibri;font-size: large\">Riceviamo e pubblichiamo: <em>&#8220;Ci sono storie che non si possono raccontare con le suggestioni, devi viverci dentro per conoscerle, per capirle fino in fondo.<\/em><\/span><\/div>\n<div style=\"text-align: justify\"><em><span style=\"font-family: Calibri;font-size: large\">\u00a0<\/span><\/em><\/div>\n<div style=\"text-align: justify\"><em><span style=\"font-family: Calibri;font-size: large\">Diciassette mesi fa quando la\u00a0<b>Filcams Cgil di Reggio Calabria<\/b>\u00a0organizz\u00f2 un sit-in per richiamare, per l\u2019ennesima volta, l\u2019attenzione su quello che era ormai un capannone abbandonato alle erbacce, buttato l\u00ec a contrastare la bellezza dello Stretto, nessuno ci credeva pi\u00f9. La vertenza si era ridotta ormai probabilmente ad un fastidio per le Istituzioni che di vedevano ricevere l\u2019ennesimo carteggio da dove trasmettere ai vari Ministeri.\u00a0<\/span><\/em><\/div>\n<div style=\"text-align: justify\"><em><span style=\"font-family: Calibri;font-size: large\">\u00a0<\/span><\/em><\/div>\n<div style=\"text-align: justify\"><em><span style=\"font-family: Calibri;font-size: large\">Una storia\u00a0brutta\u00a0fatta di paure, speranze, illusioni, rabbia che girano attorno al lavoro, una storia che per\u00f2 \u00e8 gi\u00e0 ricominciata, grazie alla determinazione delle lavoratrici e dei lavoratori che hanno riposto fiducia nel sindacato.\u00a0<\/span><\/em><\/div>\n<div style=\"text-align: justify\"><em><span style=\"font-family: Calibri;font-size: large\">\u00a0<\/span><\/em><\/div>\n<div style=\"text-align: justify\"><em><span style=\"font-family: Calibri;font-size: large\">Ma non si pu\u00f2 certo vivere di speranze, specie dopo anni di riunioni, telefonate, confidenze, pianti, incazz*ture, insulti e tutto ci\u00f2 che ti pu\u00f2 capitare se vivi ai confini, o per meglio dire ai margini, della bella Italia.\u00a0<\/span><\/em><\/div>\n<div style=\"text-align: justify\"><em><span style=\"font-family: Calibri;font-size: large\">\u00a0<\/span><\/em><\/div>\n<div style=\"text-align: justify\"><em><span style=\"font-family: Calibri;font-size: large\">C\u2019\u00e8 chi ti dice:\u00a0cosa pretendi il posto fisso? Accontentati e vatti a cercare un lavoro&#8230;\u00a0dopo anni che ti batti, insieme a quelli che ormai sono i tuoi ex colleghi, per sperare che accada l\u2019impossibile, riavere il tuo di posto di lavoro. Quel lavoro che non hai perso per colpa tua ma a causa di un fallimento dell\u2019azienda proprietaria dell\u2019immobile e di una serie di altri guai che ne sono conseguiti.\u00a0<\/span><\/em><\/div>\n<div style=\"text-align: justify\"><em><span style=\"font-family: Calibri;font-size: large\">\u00a0<\/span><\/em><\/div>\n<div style=\"text-align: justify\"><em><span style=\"font-family: Calibri;font-size: large\">C\u2019\u00e8 chi ti sbatte le porte in faccia, chi come lo Stato ad un certo punto sferza un colpo letale ad anni di proteste e trattative; il MISE sospende l\u2019aggiudicazione definitiva dell\u2019immobile alla nuova societ\u00e0 e quella che sembrava la vetta di un percorso faticoso ed in salita si allontana un\u2019altra volta.\u00a0<\/span><\/em><\/div>\n<div style=\"text-align: justify\"><em><span style=\"font-family: Calibri;font-size: large\">\u00a0<\/span><\/em><\/div>\n<div style=\"text-align: justify\"><em><span style=\"font-family: Calibri;font-size: large\">Dall\u2019ultimo sit-in la\u00a0<b>Filcams\u00a0<\/b>e la\u00a0<b>CGIL<\/b>\u00a0hanno lavorato e collaborato ai vari livelli coinvolgendo le strutture nazionali per sollecitare e trattare, ricercare soluzioni giuridiche e legali che potessero sbloccare la situazione, con l\u2019obiettivo anche di salvaguardare i dodici tra lavoratori e lavoratrici ai quali le leggi non davano ormai alcun diritto di assunzione, anche se l\u2019azienda fosse ripartita.\u00a0<\/span><\/em><\/div>\n<div style=\"text-align: justify\"><em><span style=\"font-family: Calibri;font-size: large\">\u00a0<\/span><\/em><\/div>\n<div style=\"text-align: justify\"><em><span style=\"font-family: Calibri;font-size: large\">L\u2019INPS aveva smesso di pagare gli ammortizzatori sociali poich\u00e9 esaurita la massima fruizione possibile, come se i conti per tirare avanti smettessero anch\u2019essi di essere saldati&#8230;\u00a0\u00a0<\/span>\u00e8 in quel momento che ci si sente definitivamente abbandonati, dallo Stato, dal sistema, da tutti&#8230; anche dal sindacato; quando la fame sta bussando alla tua porta tutto diventa pi\u00f9 cupo e, ci si stanca di parole e proteste inutili che probabilmente sono servite solo a qualche dirigente sindacale per farsi pubblicit\u00e0.<\/em><\/div>\n<div style=\"text-align: justify\"><\/div>\n<div style=\"text-align: justify\"><em>Ci hanno usato insomma, perch\u00e9 gli servivano i soldi delle nostre tessere, ora che saremo in mezzo alla strada ci scaricheranno come tutti gli altri\u00a0&#8211; questo \u00e8 il pensiero che comincia a frullarti in testa- mentre anche tra i sindacalisti sale l\u2019angoscia di dover affrontare un fallimento, di deludere le aspettative di chi si \u00e8 fidato o comunque ti ha ascoltato ed hai ascoltato in tutti quegli anni.<\/em><\/div>\n<div style=\"text-align: justify\"><\/div>\n<div style=\"text-align: justify\"><em><span style=\"font-family: Calibri;font-size: large\">Una\u00a0storia brutta, appunto, ma con un inizio che pu\u00f2 essere splendido a giudicare da come sta partendo.\u00a0<\/span><\/em><\/div>\n<div style=\"text-align: justify\"><em><span style=\"font-family: Calibri;font-size: large\">\u00a0<\/span><\/em><\/div>\n<div style=\"text-align: justify\"><em><span style=\"font-family: Calibri;font-size: large\"><b>Dodici lavoratrici e lavoratori<\/b> sono stati assunti qualche mese fa grazie ad un accordo sindacale tra la\u00a0territoriale e regionale con l\u2019azienda del gruppo Maiora che tra due giorni aprir\u00e0 al pubblico il suo Cash&amp;Carry.\u00a0<\/span><\/em><\/div>\n<div style=\"text-align: justify\"><em><span style=\"font-family: Calibri;font-size: large\">\u00a0<\/span><\/em><\/div>\n<div style=\"text-align: justify\"><em><span style=\"font-family: Calibri;font-size: large\">Una battaglia vinta che ha portato, grazie innanzitutto alle dodici lavoratrici e lavoratori che non hanno mai mollato, alla disponibilit\u00e0 dell\u2019azienda che ha valorizzato e riconosciuto il lavoro fatto dal sindacato, ad avere nel momento dell\u2019apertura del punto vendita\u00a0<b>pi\u00f9 del triplo degli addetti\u00a0<\/b>assunti.\u00a0 \u00a0<\/span><\/em><\/div>\n<div style=\"text-align: justify\"><em><span style=\"font-family: Calibri;font-size: large\">Pi\u00f9 di quaranta, ad oggi, senza contare tutta la filiera ed il lavoro necessario ad arrivare all\u2019apertura, che questa lunga e faticosa battaglia ha poi prodotto.\u00a0<\/span><\/em><\/div>\n<div style=\"text-align: justify\"><em><span style=\"font-family: Calibri;font-size: large\">\u00a0<\/span><\/em><\/div>\n<div style=\"text-align: justify\"><em><span style=\"font-family: Calibri;font-size: large\">Questa vicenda dimostra che la retorica sui lavoratori, soprattutto sui calabresi, che vogliono vivere sulle spalle dello Stato\u00a0\u00e8 una boiata pazzesca; piuttosto sono troppe le storie di Lavoro alle quali si voltano le spalle.\u00a0<\/span><\/em><\/div>\n<div style=\"text-align: justify\"><em><span style=\"font-family: Calibri;font-size: large\">\u00a0<\/span><\/em><\/div>\n<div style=\"text-align: justify\"><em><span style=\"font-family: Calibri;font-size: large\">C<\/span>i sono tante cose che le Istituzioni e le aziende possono e debbono fare per rendere possibile che altre storie come quella del Cash&amp;Carry di Campo Calabro possano iniziare.<\/em><\/div>\n<div style=\"text-align: justify\"><em><span style=\"font-family: Calibri;font-size: large\">\u00a0<\/span><\/em><\/div>\n<div style=\"text-align: justify\"><em><span style=\"font-family: Calibri;font-size: large\">Prover\u00e0 a spiegare quali ed a indicare qualche soluzione la CGIL che -con Samantha Caridi, Segretaria dell\u2019area Metropolitana CGIL di Reggio Calabria e Valerio Romano, Segretario Generale della Filcams CGIL Metropolitana di Reggio Calabria, insieme ad una delegazione di lavoratrici e lavoratori\u00a0&#8211; terr\u00e0 una\u00a0<b><u>conferenza stampa marted\u00ec 6 giugno alle ore 11,00 a Campo Calabro<\/u><\/b>, dentro quel capannone che adesso \u00e8 tornato in armonia con lo Stretto ed il suo meraviglioso panorama.&#8221;<\/span><\/em><\/div>\n","protected":false},"excerpt":{"rendered":"<p>Riceviamo e pubblichiamo: &#8220;Ci sono storie che non si possono raccontare con le suggestioni, devi viverci dentro per conoscerle, per capirle fino in fondo. \u00a0 Diciassette mesi fa quando la\u00a0Filcams&hellip;<\/p>\n","protected":false},"author":12,"featured_media":24409,"comment_status":"closed","ping_status":"open","sticky":false,"template":"","format":"standard","meta":{"_jetpack_memberships_contains_paid_content":false,"footnotes":"","jetpack_publicize_message":"","jetpack_publicize_feature_enabled":true,"jetpack_social_post_already_shared":false,"jetpack_social_options":{"image_generator_settings":{"template":"highway","default_image_id":0,"font":"","enabled":false},"version":2}},"categories":[921,196,140],"tags":[1070,16392,16393,16394],"class_list":["post-27304","post","type-post","status-publish","format-standard","has-post-thumbnail","hentry","category-home","category-news","category-reggio-calabria","tag-campo-calabro","tag-cashcarry","tag-filcams-cgil-di-reggio-calabria","tag-gruppo-maiora"],"yoast_head":"<!-- This site is optimized with the Yoast SEO plugin v27.2 - https:\/\/yoast.com\/product\/yoast-seo-wordpress\/ -->\n<title>Comunicato Filcams CGIL su 12 lavoratori gruppo Maiora<\/title>\n<meta name=\"description\" content=\"Filcams CGIL terr\u00e0 una conferenza stampa marted\u00ec 6 giugno alle ore 11,00 a Campo Calabro su questione 12 lavoratori assunti da gruppo Maiora\" \/>\n<meta name=\"robots\" content=\"index, follow, max-snippet:-1, max-image-preview:large, max-video-preview:-1\" \/>\n<link rel=\"canonical\" href=\"https:\/\/progettotouring.it\/radiotouring104\/2023\/06\/05\/27304\/\" \/>\n<meta property=\"og:locale\" content=\"it_IT\" \/>\n<meta property=\"og:type\" content=\"article\" \/>\n<meta property=\"og:title\" content=\"Comunicato Filcams CGIL su 12 lavoratori gruppo Maiora\" \/>\n<meta property=\"og:description\" content=\"Filcams CGIL terr\u00e0 una conferenza stampa marted\u00ec 6 giugno alle ore 11,00 a Campo Calabro su questione 12 lavoratori assunti da gruppo Maiora\" \/>\n<meta property=\"og:url\" content=\"https:\/\/progettotouring.it\/radiotouring104\/2023\/06\/05\/27304\/\" \/>\n<meta property=\"og:site_name\" content=\"Radio Touring 104\" \/>\n<meta property=\"article:published_time\" content=\"2023-06-05T08:53:31+00:00\" \/>\n<meta property=\"article:modified_time\" content=\"2023-06-05T08:59:57+00:00\" \/>\n<meta property=\"og:image\" content=\"https:\/\/progettotouring.it\/radiotouring104\/wp-content\/uploads\/sites\/6\/2023\/04\/CgilFilcamsCalabria.jpg\" \/>\n\t<meta property=\"og:image:width\" content=\"202\" \/>\n\t<meta property=\"og:image:height\" content=\"250\" \/>\n\t<meta property=\"og:image:type\" content=\"image\/jpeg\" \/>\n<meta name=\"author\" content=\"Sebastiano Plutino\" \/>\n<meta name=\"twitter:card\" content=\"summary_large_image\" \/>\n<meta name=\"twitter:label1\" content=\"Scritto da\" \/>\n\t<meta name=\"twitter:data1\" content=\"Sebastiano Plutino\" \/>\n\t<meta name=\"twitter:label2\" content=\"Tempo di lettura stimato\" \/>\n\t<meta name=\"twitter:data2\" content=\"4 minuti\" \/>\n<script type=\"application\/ld+json\" class=\"yoast-schema-graph\">{\"@context\":\"https:\/\/schema.org\",\"@graph\":[{\"@type\":\"Article\",\"@id\":\"https:\/\/progettotouring.it\/radiotouring104\/2023\/06\/05\/27304\/#article\",\"isPartOf\":{\"@id\":\"https:\/\/progettotouring.it\/radiotouring104\/2023\/06\/05\/27304\/\"},\"author\":{\"name\":\"Sebastiano Plutino\",\"@id\":\"https:\/\/progettotouring.it\/radiotouring104\/#\/schema\/person\/78613917f1851f041f7483f5af1d422e\"},\"headline\":\"Comunicato Filcams CGIL su 12 lavoratori gruppo Maiora\",\"datePublished\":\"2023-06-05T08:53:31+00:00\",\"dateModified\":\"2023-06-05T08:59:57+00:00\",\"mainEntityOfPage\":{\"@id\":\"https:\/\/progettotouring.it\/radiotouring104\/2023\/06\/05\/27304\/\"},\"wordCount\":778,\"publisher\":{\"@id\":\"https:\/\/progettotouring.it\/radiotouring104\/#organization\"},\"image\":{\"@id\":\"https:\/\/progettotouring.it\/radiotouring104\/2023\/06\/05\/27304\/#primaryimage\"},\"thumbnailUrl\":\"https:\/\/progettotouring.it\/radiotouring104\/wp-content\/uploads\/sites\/6\/2023\/04\/CgilFilcamsCalabria.jpg\",\"keywords\":[\"campo calabro\",\"Cash&amp;Carry\",\"Filcams Cgil di Reggio Calabria\",\"gruppo Maiora\"],\"articleSection\":[\"Home\",\"News\",\"Reggio Calabria\"],\"inLanguage\":\"it-IT\"},{\"@type\":\"WebPage\",\"@id\":\"https:\/\/progettotouring.it\/radiotouring104\/2023\/06\/05\/27304\/\",\"url\":\"https:\/\/progettotouring.it\/radiotouring104\/2023\/06\/05\/27304\/\",\"name\":\"Comunicato Filcams CGIL su 12 lavoratori gruppo Maiora\",\"isPartOf\":{\"@id\":\"https:\/\/progettotouring.it\/radiotouring104\/#website\"},\"primaryImageOfPage\":{\"@id\":\"https:\/\/progettotouring.it\/radiotouring104\/2023\/06\/05\/27304\/#primaryimage\"},\"image\":{\"@id\":\"https:\/\/progettotouring.it\/radiotouring104\/2023\/06\/05\/27304\/#primaryimage\"},\"thumbnailUrl\":\"https:\/\/progettotouring.it\/radiotouring104\/wp-content\/uploads\/sites\/6\/2023\/04\/CgilFilcamsCalabria.jpg\",\"datePublished\":\"2023-06-05T08:53:31+00:00\",\"dateModified\":\"2023-06-05T08:59:57+00:00\",\"description\":\"Filcams CGIL terr\u00e0 una conferenza stampa marted\u00ec 6 giugno alle ore 11,00 a Campo Calabro su questione 12 lavoratori assunti da gruppo Maiora\",\"breadcrumb\":{\"@id\":\"https:\/\/progettotouring.it\/radiotouring104\/2023\/06\/05\/27304\/#breadcrumb\"},\"inLanguage\":\"it-IT\",\"potentialAction\":[{\"@type\":\"ReadAction\",\"target\":[\"https:\/\/progettotouring.it\/radiotouring104\/2023\/06\/05\/27304\/\"]}]},{\"@type\":\"ImageObject\",\"inLanguage\":\"it-IT\",\"@id\":\"https:\/\/progettotouring.it\/radiotouring104\/2023\/06\/05\/27304\/#primaryimage\",\"url\":\"https:\/\/progettotouring.it\/radiotouring104\/wp-content\/uploads\/sites\/6\/2023\/04\/CgilFilcamsCalabria.jpg\",\"contentUrl\":\"https:\/\/progettotouring.it\/radiotouring104\/wp-content\/uploads\/sites\/6\/2023\/04\/CgilFilcamsCalabria.jpg\",\"width\":202,\"height\":250},{\"@type\":\"BreadcrumbList\",\"@id\":\"https:\/\/progettotouring.it\/radiotouring104\/2023\/06\/05\/27304\/#breadcrumb\",\"itemListElement\":[{\"@type\":\"ListItem\",\"position\":1,\"name\":\"Home\",\"item\":\"https:\/\/progettotouring.it\/radiotouring104\/\"},{\"@type\":\"ListItem\",\"position\":2,\"name\":\"Comunicato Filcams CGIL su 12 lavoratori gruppo Maiora\"}]},{\"@type\":\"WebSite\",\"@id\":\"https:\/\/progettotouring.it\/radiotouring104\/#website\",\"url\":\"https:\/\/progettotouring.it\/radiotouring104\/\",\"name\":\"Radio Touring 104\",\"description\":\"La prima radio Reggina\",\"publisher\":{\"@id\":\"https:\/\/progettotouring.it\/radiotouring104\/#organization\"},\"potentialAction\":[{\"@type\":\"SearchAction\",\"target\":{\"@type\":\"EntryPoint\",\"urlTemplate\":\"https:\/\/progettotouring.it\/radiotouring104\/?s={search_term_string}\"},\"query-input\":{\"@type\":\"PropertyValueSpecification\",\"valueRequired\":true,\"valueName\":\"search_term_string\"}}],\"inLanguage\":\"it-IT\"},{\"@type\":\"Organization\",\"@id\":\"https:\/\/progettotouring.it\/radiotouring104\/#organization\",\"name\":\"Radio Touring 104\",\"url\":\"https:\/\/progettotouring.it\/radiotouring104\/\",\"logo\":{\"@type\":\"ImageObject\",\"inLanguage\":\"it-IT\",\"@id\":\"https:\/\/progettotouring.it\/radiotouring104\/#\/schema\/logo\/image\/\",\"url\":\"https:\/\/progettotouring.it\/radiotouring104\/wp-content\/uploads\/sites\/6\/2022\/02\/cropped-logo-radio-touring-104.png\",\"contentUrl\":\"https:\/\/progettotouring.it\/radiotouring104\/wp-content\/uploads\/sites\/6\/2022\/02\/cropped-logo-radio-touring-104.png\",\"width\":377,\"height\":182,\"caption\":\"Radio Touring 104\"},\"image\":{\"@id\":\"https:\/\/progettotouring.it\/radiotouring104\/#\/schema\/logo\/image\/\"}},{\"@type\":\"Person\",\"@id\":\"https:\/\/progettotouring.it\/radiotouring104\/#\/schema\/person\/78613917f1851f041f7483f5af1d422e\",\"name\":\"Sebastiano Plutino\",\"image\":{\"@type\":\"ImageObject\",\"inLanguage\":\"it-IT\",\"@id\":\"https:\/\/secure.gravatar.com\/avatar\/0546ffaa9b79224faf9f2a156b67a529ae861d3287c66c1d8ccfdf909bcba78d?s=96&d=mm&r=g\",\"url\":\"https:\/\/secure.gravatar.com\/avatar\/0546ffaa9b79224faf9f2a156b67a529ae861d3287c66c1d8ccfdf909bcba78d?s=96&d=mm&r=g\",\"contentUrl\":\"https:\/\/secure.gravatar.com\/avatar\/0546ffaa9b79224faf9f2a156b67a529ae861d3287c66c1d8ccfdf909bcba78d?s=96&d=mm&r=g\",\"caption\":\"Sebastiano Plutino\"},\"url\":\"https:\/\/progettotouring.it\/radiotouring104\/author\/sebastiano\/\"}]}<\/script>\n<!-- \/ Yoast SEO plugin. -->","yoast_head_json":{"title":"Comunicato Filcams CGIL su 12 lavoratori gruppo Maiora","description":"Filcams CGIL terr\u00e0 una conferenza stampa marted\u00ec 6 giugno alle ore 11,00 a Campo Calabro su questione 12 lavoratori assunti da gruppo Maiora","robots":{"index":"index","follow":"follow","max-snippet":"max-snippet:-1","max-image-preview":"max-image-preview:large","max-video-preview":"max-video-preview:-1"},"canonical":"https:\/\/progettotouring.it\/radiotouring104\/2023\/06\/05\/27304\/","og_locale":"it_IT","og_type":"article","og_title":"Comunicato Filcams CGIL su 12 lavoratori gruppo Maiora","og_description":"Filcams CGIL terr\u00e0 una conferenza stampa marted\u00ec 6 giugno alle ore 11,00 a Campo Calabro su questione 12 lavoratori assunti da gruppo Maiora","og_url":"https:\/\/progettotouring.it\/radiotouring104\/2023\/06\/05\/27304\/","og_site_name":"Radio Touring 104","article_published_time":"2023-06-05T08:53:31+00:00","article_modified_time":"2023-06-05T08:59:57+00:00","og_image":[{"width":202,"height":250,"url":"https:\/\/progettotouring.it\/radiotouring104\/wp-content\/uploads\/sites\/6\/2023\/04\/CgilFilcamsCalabria.jpg","type":"image\/jpeg"}],"author":"Sebastiano Plutino","twitter_card":"summary_large_image","twitter_misc":{"Scritto da":"Sebastiano Plutino","Tempo di lettura stimato":"4 minuti"},"schema":{"@context":"https:\/\/schema.org","@graph":[{"@type":"Article","@id":"https:\/\/progettotouring.it\/radiotouring104\/2023\/06\/05\/27304\/#article","isPartOf":{"@id":"https:\/\/progettotouring.it\/radiotouring104\/2023\/06\/05\/27304\/"},"author":{"name":"Sebastiano Plutino","@id":"https:\/\/progettotouring.it\/radiotouring104\/#\/schema\/person\/78613917f1851f041f7483f5af1d422e"},"headline":"Comunicato Filcams CGIL su 12 lavoratori gruppo Maiora","datePublished":"2023-06-05T08:53:31+00:00","dateModified":"2023-06-05T08:59:57+00:00","mainEntityOfPage":{"@id":"https:\/\/progettotouring.it\/radiotouring104\/2023\/06\/05\/27304\/"},"wordCount":778,"publisher":{"@id":"https:\/\/progettotouring.it\/radiotouring104\/#organization"},"image":{"@id":"https:\/\/progettotouring.it\/radiotouring104\/2023\/06\/05\/27304\/#primaryimage"},"thumbnailUrl":"https:\/\/progettotouring.it\/radiotouring104\/wp-content\/uploads\/sites\/6\/2023\/04\/CgilFilcamsCalabria.jpg","keywords":["campo calabro","Cash&amp;Carry","Filcams Cgil di Reggio Calabria","gruppo Maiora"],"articleSection":["Home","News","Reggio Calabria"],"inLanguage":"it-IT"},{"@type":"WebPage","@id":"https:\/\/progettotouring.it\/radiotouring104\/2023\/06\/05\/27304\/","url":"https:\/\/progettotouring.it\/radiotouring104\/2023\/06\/05\/27304\/","name":"Comunicato Filcams CGIL su 12 lavoratori gruppo Maiora","isPartOf":{"@id":"https:\/\/progettotouring.it\/radiotouring104\/#website"},"primaryImageOfPage":{"@id":"https:\/\/progettotouring.it\/radiotouring104\/2023\/06\/05\/27304\/#primaryimage"},"image":{"@id":"https:\/\/progettotouring.it\/radiotouring104\/2023\/06\/05\/27304\/#primaryimage"},"thumbnailUrl":"https:\/\/progettotouring.it\/radiotouring104\/wp-content\/uploads\/sites\/6\/2023\/04\/CgilFilcamsCalabria.jpg","datePublished":"2023-06-05T08:53:31+00:00","dateModified":"2023-06-05T08:59:57+00:00","description":"Filcams CGIL terr\u00e0 una conferenza stampa marted\u00ec 6 giugno alle ore 11,00 a Campo Calabro su questione 12 lavoratori assunti da gruppo Maiora","breadcrumb":{"@id":"https:\/\/progettotouring.it\/radiotouring104\/2023\/06\/05\/27304\/#breadcrumb"},"inLanguage":"it-IT","potentialAction":[{"@type":"ReadAction","target":["https:\/\/progettotouring.it\/radiotouring104\/2023\/06\/05\/27304\/"]}]},{"@type":"ImageObject","inLanguage":"it-IT","@id":"https:\/\/progettotouring.it\/radiotouring104\/2023\/06\/05\/27304\/#primaryimage","url":"https:\/\/progettotouring.it\/radiotouring104\/wp-content\/uploads\/sites\/6\/2023\/04\/CgilFilcamsCalabria.jpg","contentUrl":"https:\/\/progettotouring.it\/radiotouring104\/wp-content\/uploads\/sites\/6\/2023\/04\/CgilFilcamsCalabria.jpg","width":202,"height":250},{"@type":"BreadcrumbList","@id":"https:\/\/progettotouring.it\/radiotouring104\/2023\/06\/05\/27304\/#breadcrumb","itemListElement":[{"@type":"ListItem","position":1,"name":"Home","item":"https:\/\/progettotouring.it\/radiotouring104\/"},{"@type":"ListItem","position":2,"name":"Comunicato Filcams CGIL su 12 lavoratori gruppo Maiora"}]},{"@type":"WebSite","@id":"https:\/\/progettotouring.it\/radiotouring104\/#website","url":"https:\/\/progettotouring.it\/radiotouring104\/","name":"Radio Touring 104","description":"La prima radio Reggina","publisher":{"@id":"https:\/\/progettotouring.it\/radiotouring104\/#organization"},"potentialAction":[{"@type":"SearchAction","target":{"@type":"EntryPoint","urlTemplate":"https:\/\/progettotouring.it\/radiotouring104\/?s={search_term_string}"},"query-input":{"@type":"PropertyValueSpecification","valueRequired":true,"valueName":"search_term_string"}}],"inLanguage":"it-IT"},{"@type":"Organization","@id":"https:\/\/progettotouring.it\/radiotouring104\/#organization","name":"Radio Touring 104","url":"https:\/\/progettotouring.it\/radiotouring104\/","logo":{"@type":"ImageObject","inLanguage":"it-IT","@id":"https:\/\/progettotouring.it\/radiotouring104\/#\/schema\/logo\/image\/","url":"https:\/\/progettotouring.it\/radiotouring104\/wp-content\/uploads\/sites\/6\/2022\/02\/cropped-logo-radio-touring-104.png","contentUrl":"https:\/\/progettotouring.it\/radiotouring104\/wp-content\/uploads\/sites\/6\/2022\/02\/cropped-logo-radio-touring-104.png","width":377,"height":182,"caption":"Radio Touring 104"},"image":{"@id":"https:\/\/progettotouring.it\/radiotouring104\/#\/schema\/logo\/image\/"}},{"@type":"Person","@id":"https:\/\/progettotouring.it\/radiotouring104\/#\/schema\/person\/78613917f1851f041f7483f5af1d422e","name":"Sebastiano Plutino","image":{"@type":"ImageObject","inLanguage":"it-IT","@id":"https:\/\/secure.gravatar.com\/avatar\/0546ffaa9b79224faf9f2a156b67a529ae861d3287c66c1d8ccfdf909bcba78d?s=96&d=mm&r=g","url":"https:\/\/secure.gravatar.com\/avatar\/0546ffaa9b79224faf9f2a156b67a529ae861d3287c66c1d8ccfdf909bcba78d?s=96&d=mm&r=g","contentUrl":"https:\/\/secure.gravatar.com\/avatar\/0546ffaa9b79224faf9f2a156b67a529ae861d3287c66c1d8ccfdf909bcba78d?s=96&d=mm&r=g","caption":"Sebastiano Plutino"},"url":"https:\/\/progettotouring.it\/radiotouring104\/author\/sebastiano\/"}]}},"jetpack_publicize_connections":[],"jetpack_featured_media_url":"https:\/\/progettotouring.it\/radiotouring104\/wp-content\/uploads\/sites\/6\/2023\/04\/CgilFilcamsCalabria.jpg","jetpack_sharing_enabled":true,"_links":{"self":[{"href":"https:\/\/progettotouring.it\/radiotouring104\/wp-json\/wp\/v2\/posts\/27304","targetHints":{"allow":["GET"]}}],"collection":[{"href":"https:\/\/progettotouring.it\/radiotouring104\/wp-json\/wp\/v2\/posts"}],"about":[{"href":"https:\/\/progettotouring.it\/radiotouring104\/wp-json\/wp\/v2\/types\/post"}],"author":[{"embeddable":true,"href":"https:\/\/progettotouring.it\/radiotouring104\/wp-json\/wp\/v2\/users\/12"}],"replies":[{"embeddable":true,"href":"https:\/\/progettotouring.it\/radiotouring104\/wp-json\/wp\/v2\/comments?post=27304"}],"version-history":[{"count":4,"href":"https:\/\/progettotouring.it\/radiotouring104\/wp-json\/wp\/v2\/posts\/27304\/revisions"}],"predecessor-version":[{"id":27308,"href":"https:\/\/progettotouring.it\/radiotouring104\/wp-json\/wp\/v2\/posts\/27304\/revisions\/27308"}],"wp:featuredmedia":[{"embeddable":true,"href":"https:\/\/progettotouring.it\/radiotouring104\/wp-json\/wp\/v2\/media\/24409"}],"wp:attachment":[{"href":"https:\/\/progettotouring.it\/radiotouring104\/wp-json\/wp\/v2\/media?parent=27304"}],"wp:term":[{"taxonomy":"category","embeddable":true,"href":"https:\/\/progettotouring.it\/radiotouring104\/wp-json\/wp\/v2\/categories?post=27304"},{"taxonomy":"post_tag","embeddable":true,"href":"https:\/\/progettotouring.it\/radiotouring104\/wp-json\/wp\/v2\/tags?post=27304"}],"curies":[{"name":"wp","href":"https:\/\/api.w.org\/{rel}","templated":true}]}}