{"id":27324,"date":"2023-06-05T12:15:16","date_gmt":"2023-06-05T10:15:16","guid":{"rendered":"https:\/\/progettotouring.it\/radiotouring104\/?p=27324"},"modified":"2023-06-05T12:15:16","modified_gmt":"2023-06-05T10:15:16","slug":"marrc-grandi-numeri-per-il-ponte-della-festa-della-repubblica","status":"publish","type":"post","link":"https:\/\/progettotouring.it\/radiotouring104\/2023\/06\/05\/marrc-grandi-numeri-per-il-ponte-della-festa-della-repubblica\/","title":{"rendered":"MArRC, grandi numeri per il ponte della Festa della Repubblica"},"content":{"rendered":"<p style=\"text-align: justify\">Un altro successo per il Museo Archeologico Nazionale di Reggio Calabria, che conferma la forte attrattivit\u00e0 del MArRC per tutto il territorio. <strong>Sono stati 6613 i visitatori che hanno affollato le sale espositive nei tre giorni del ponte della Festa della Repubblica,<\/strong> giungendo ad ammirare i magnifici Bronzi di Riace e di Porticello.<\/p>\n<p style=\"text-align: justify\">\u00abLa Festa della Repubblica \u2013 <strong>ha dichiarato il Ministro della Cultura, Gennaro Sangiuliano<\/strong> \u2013 <em>\u00e8 un grande momento di unit\u00e0 nazionale. \u00c8 il momento in cui bisogna sottolineare i valori condivisi sui quali si fonda una democrazia matura al di l\u00e0 di legittime diverse posizioni\u00bb.<\/em><\/p>\n<p style=\"text-align: justify\">Nella giornata del 2 giugno, che il Ministro ha voluto tra le tre nuove giornate con ingresso gratuito nei musei, al Museo sono stati registrati 2524 ingressi; la giornata successiva, nonostante la bigliettazione ordinaria, il MArRC ha attratto 956 visitatori; domenica 4 giugno, infine, ben 3133 persone hanno varcato la porta del Museo.<\/p>\n<p style=\"text-align: justify\"><em>\u00abIl 2023 sembra davvero un anno straordinario<\/em> \u2013 commenta il direttore del Museo, <strong>Carmelo Malacrino &#8211;<\/strong> <em>Il MArRC continua a richiamare decine di migliaia di visitatori settimana dopo settimana. Registriamo un\u2019alta presenza di turisti stranieri, in particolare francesi, inglesi e tedeschi. Molti di arrivano al Museo credendo di trovare solo i Bronzi di Riace; invece scoprono una storia straordinaria, che \u00e8 quella della Calabria nell\u2019antichit\u00e0\u00bb.<\/em><\/p>\n","protected":false},"excerpt":{"rendered":"<p>Un altro successo per il Museo Archeologico Nazionale di Reggio Calabria, che conferma la forte attrattivit\u00e0 del MArRC per tutto il territorio. Sono stati 6613 i visitatori che hanno affollato&hellip;<\/p>\n","protected":false},"author":12,"featured_media":27159,"comment_status":"closed","ping_status":"open","sticky":false,"template":"","format":"standard","meta":{"_jetpack_memberships_contains_paid_content":false,"footnotes":"","jetpack_publicize_message":"","jetpack_publicize_feature_enabled":true,"jetpack_social_post_already_shared":false,"jetpack_social_options":{"image_generator_settings":{"template":"highway","default_image_id":0,"font":"","enabled":false},"version":2}},"categories":[921,196,140],"tags":[16415,488,7969,479,16414],"class_list":["post-27324","post","type-post","status-publish","format-standard","has-post-thumbnail","hentry","category-home","category-news","category-reggio-calabria","tag-6613-i-visitatori","tag-carmelo-malacrino","tag-gennaro-sangiuliano","tag-marrc","tag-ponte-della-festa-della-repubblica"],"yoast_head":"<!-- This site is optimized with the Yoast SEO plugin v27.2 - https:\/\/yoast.com\/product\/yoast-seo-wordpress\/ -->\n<title>MArRC, grandi numeri per il ponte della Festa della Repubblica<\/title>\n<meta name=\"description\" content=\"Sono stati 6613 i visitatori, nei tre giorni del ponte della Festa della Repubblica, ad ammirare i magnifici Bronzi di Riace e di Porticello\" \/>\n<meta name=\"robots\" content=\"index, follow, max-snippet:-1, max-image-preview:large, max-video-preview:-1\" \/>\n<link rel=\"canonical\" href=\"https:\/\/progettotouring.it\/radiotouring104\/2023\/06\/05\/marrc-grandi-numeri-per-il-ponte-della-festa-della-repubblica\/\" \/>\n<meta property=\"og:locale\" content=\"it_IT\" \/>\n<meta property=\"og:type\" content=\"article\" \/>\n<meta property=\"og:title\" content=\"MArRC, grandi numeri per il ponte della Festa della Repubblica\" \/>\n<meta property=\"og:description\" content=\"Sono stati 6613 i visitatori, nei tre giorni del ponte della Festa della Repubblica, ad ammirare i magnifici Bronzi di Riace e di Porticello\" \/>\n<meta property=\"og:url\" content=\"https:\/\/progettotouring.it\/radiotouring104\/2023\/06\/05\/marrc-grandi-numeri-per-il-ponte-della-festa-della-repubblica\/\" \/>\n<meta property=\"og:site_name\" content=\"Radio Touring 104\" \/>\n<meta property=\"article:published_time\" content=\"2023-06-05T10:15:16+00:00\" \/>\n<meta property=\"og:image\" content=\"https:\/\/progettotouring.it\/radiotouring104\/wp-content\/uploads\/sites\/6\/2023\/06\/MArRC-2-Giugno.jpg\" \/>\n\t<meta property=\"og:image:width\" content=\"1080\" \/>\n\t<meta property=\"og:image:height\" content=\"1080\" \/>\n\t<meta property=\"og:image:type\" content=\"image\/jpeg\" \/>\n<meta name=\"author\" content=\"Sebastiano Plutino\" \/>\n<meta name=\"twitter:card\" content=\"summary_large_image\" \/>\n<meta name=\"twitter:label1\" content=\"Scritto da\" \/>\n\t<meta name=\"twitter:data1\" content=\"Sebastiano Plutino\" \/>\n\t<meta name=\"twitter:label2\" content=\"Tempo di lettura stimato\" \/>\n\t<meta name=\"twitter:data2\" content=\"1 minuto\" \/>\n<script type=\"application\/ld+json\" class=\"yoast-schema-graph\">{\"@context\":\"https:\/\/schema.org\",\"@graph\":[{\"@type\":\"Article\",\"@id\":\"https:\/\/progettotouring.it\/radiotouring104\/2023\/06\/05\/marrc-grandi-numeri-per-il-ponte-della-festa-della-repubblica\/#article\",\"isPartOf\":{\"@id\":\"https:\/\/progettotouring.it\/radiotouring104\/2023\/06\/05\/marrc-grandi-numeri-per-il-ponte-della-festa-della-repubblica\/\"},\"author\":{\"name\":\"Sebastiano Plutino\",\"@id\":\"https:\/\/progettotouring.it\/radiotouring104\/#\/schema\/person\/78613917f1851f041f7483f5af1d422e\"},\"headline\":\"MArRC, grandi numeri per il ponte della Festa della Repubblica\",\"datePublished\":\"2023-06-05T10:15:16+00:00\",\"mainEntityOfPage\":{\"@id\":\"https:\/\/progettotouring.it\/radiotouring104\/2023\/06\/05\/marrc-grandi-numeri-per-il-ponte-della-festa-della-repubblica\/\"},\"wordCount\":215,\"publisher\":{\"@id\":\"https:\/\/progettotouring.it\/radiotouring104\/#organization\"},\"image\":{\"@id\":\"https:\/\/progettotouring.it\/radiotouring104\/2023\/06\/05\/marrc-grandi-numeri-per-il-ponte-della-festa-della-repubblica\/#primaryimage\"},\"thumbnailUrl\":\"https:\/\/progettotouring.it\/radiotouring104\/wp-content\/uploads\/sites\/6\/2023\/06\/MArRC-2-Giugno.jpg\",\"keywords\":[\"6613 i visitatori\",\"Carmelo Malacrino\",\"Gennaro Sangiuliano\",\"MArRC\",\"ponte della Festa della Repubblica\"],\"articleSection\":[\"Home\",\"News\",\"Reggio Calabria\"],\"inLanguage\":\"it-IT\"},{\"@type\":\"WebPage\",\"@id\":\"https:\/\/progettotouring.it\/radiotouring104\/2023\/06\/05\/marrc-grandi-numeri-per-il-ponte-della-festa-della-repubblica\/\",\"url\":\"https:\/\/progettotouring.it\/radiotouring104\/2023\/06\/05\/marrc-grandi-numeri-per-il-ponte-della-festa-della-repubblica\/\",\"name\":\"MArRC, grandi numeri per il ponte della Festa della Repubblica\",\"isPartOf\":{\"@id\":\"https:\/\/progettotouring.it\/radiotouring104\/#website\"},\"primaryImageOfPage\":{\"@id\":\"https:\/\/progettotouring.it\/radiotouring104\/2023\/06\/05\/marrc-grandi-numeri-per-il-ponte-della-festa-della-repubblica\/#primaryimage\"},\"image\":{\"@id\":\"https:\/\/progettotouring.it\/radiotouring104\/2023\/06\/05\/marrc-grandi-numeri-per-il-ponte-della-festa-della-repubblica\/#primaryimage\"},\"thumbnailUrl\":\"https:\/\/progettotouring.it\/radiotouring104\/wp-content\/uploads\/sites\/6\/2023\/06\/MArRC-2-Giugno.jpg\",\"datePublished\":\"2023-06-05T10:15:16+00:00\",\"description\":\"Sono stati 6613 i visitatori, nei tre giorni del ponte della Festa della Repubblica, ad ammirare i magnifici Bronzi di Riace e di Porticello\",\"breadcrumb\":{\"@id\":\"https:\/\/progettotouring.it\/radiotouring104\/2023\/06\/05\/marrc-grandi-numeri-per-il-ponte-della-festa-della-repubblica\/#breadcrumb\"},\"inLanguage\":\"it-IT\",\"potentialAction\":[{\"@type\":\"ReadAction\",\"target\":[\"https:\/\/progettotouring.it\/radiotouring104\/2023\/06\/05\/marrc-grandi-numeri-per-il-ponte-della-festa-della-repubblica\/\"]}]},{\"@type\":\"ImageObject\",\"inLanguage\":\"it-IT\",\"@id\":\"https:\/\/progettotouring.it\/radiotouring104\/2023\/06\/05\/marrc-grandi-numeri-per-il-ponte-della-festa-della-repubblica\/#primaryimage\",\"url\":\"https:\/\/progettotouring.it\/radiotouring104\/wp-content\/uploads\/sites\/6\/2023\/06\/MArRC-2-Giugno.jpg\",\"contentUrl\":\"https:\/\/progettotouring.it\/radiotouring104\/wp-content\/uploads\/sites\/6\/2023\/06\/MArRC-2-Giugno.jpg\",\"width\":1080,\"height\":1080},{\"@type\":\"BreadcrumbList\",\"@id\":\"https:\/\/progettotouring.it\/radiotouring104\/2023\/06\/05\/marrc-grandi-numeri-per-il-ponte-della-festa-della-repubblica\/#breadcrumb\",\"itemListElement\":[{\"@type\":\"ListItem\",\"position\":1,\"name\":\"Home\",\"item\":\"https:\/\/progettotouring.it\/radiotouring104\/\"},{\"@type\":\"ListItem\",\"position\":2,\"name\":\"MArRC, grandi numeri per il ponte della Festa della Repubblica\"}]},{\"@type\":\"WebSite\",\"@id\":\"https:\/\/progettotouring.it\/radiotouring104\/#website\",\"url\":\"https:\/\/progettotouring.it\/radiotouring104\/\",\"name\":\"Radio Touring 104\",\"description\":\"La prima radio Reggina\",\"publisher\":{\"@id\":\"https:\/\/progettotouring.it\/radiotouring104\/#organization\"},\"potentialAction\":[{\"@type\":\"SearchAction\",\"target\":{\"@type\":\"EntryPoint\",\"urlTemplate\":\"https:\/\/progettotouring.it\/radiotouring104\/?s={search_term_string}\"},\"query-input\":{\"@type\":\"PropertyValueSpecification\",\"valueRequired\":true,\"valueName\":\"search_term_string\"}}],\"inLanguage\":\"it-IT\"},{\"@type\":\"Organization\",\"@id\":\"https:\/\/progettotouring.it\/radiotouring104\/#organization\",\"name\":\"Radio Touring 104\",\"url\":\"https:\/\/progettotouring.it\/radiotouring104\/\",\"logo\":{\"@type\":\"ImageObject\",\"inLanguage\":\"it-IT\",\"@id\":\"https:\/\/progettotouring.it\/radiotouring104\/#\/schema\/logo\/image\/\",\"url\":\"https:\/\/progettotouring.it\/radiotouring104\/wp-content\/uploads\/sites\/6\/2022\/02\/cropped-logo-radio-touring-104.png\",\"contentUrl\":\"https:\/\/progettotouring.it\/radiotouring104\/wp-content\/uploads\/sites\/6\/2022\/02\/cropped-logo-radio-touring-104.png\",\"width\":377,\"height\":182,\"caption\":\"Radio Touring 104\"},\"image\":{\"@id\":\"https:\/\/progettotouring.it\/radiotouring104\/#\/schema\/logo\/image\/\"}},{\"@type\":\"Person\",\"@id\":\"https:\/\/progettotouring.it\/radiotouring104\/#\/schema\/person\/78613917f1851f041f7483f5af1d422e\",\"name\":\"Sebastiano Plutino\",\"image\":{\"@type\":\"ImageObject\",\"inLanguage\":\"it-IT\",\"@id\":\"https:\/\/secure.gravatar.com\/avatar\/0546ffaa9b79224faf9f2a156b67a529ae861d3287c66c1d8ccfdf909bcba78d?s=96&d=mm&r=g\",\"url\":\"https:\/\/secure.gravatar.com\/avatar\/0546ffaa9b79224faf9f2a156b67a529ae861d3287c66c1d8ccfdf909bcba78d?s=96&d=mm&r=g\",\"contentUrl\":\"https:\/\/secure.gravatar.com\/avatar\/0546ffaa9b79224faf9f2a156b67a529ae861d3287c66c1d8ccfdf909bcba78d?s=96&d=mm&r=g\",\"caption\":\"Sebastiano Plutino\"},\"url\":\"https:\/\/progettotouring.it\/radiotouring104\/author\/sebastiano\/\"}]}<\/script>\n<!-- \/ Yoast SEO plugin. -->","yoast_head_json":{"title":"MArRC, grandi numeri per il ponte della Festa della Repubblica","description":"Sono stati 6613 i visitatori, nei tre giorni del ponte della Festa della Repubblica, ad ammirare i magnifici Bronzi di Riace e di Porticello","robots":{"index":"index","follow":"follow","max-snippet":"max-snippet:-1","max-image-preview":"max-image-preview:large","max-video-preview":"max-video-preview:-1"},"canonical":"https:\/\/progettotouring.it\/radiotouring104\/2023\/06\/05\/marrc-grandi-numeri-per-il-ponte-della-festa-della-repubblica\/","og_locale":"it_IT","og_type":"article","og_title":"MArRC, grandi numeri per il ponte della Festa della Repubblica","og_description":"Sono stati 6613 i visitatori, nei tre giorni del ponte della Festa della Repubblica, ad ammirare i magnifici Bronzi di Riace e di Porticello","og_url":"https:\/\/progettotouring.it\/radiotouring104\/2023\/06\/05\/marrc-grandi-numeri-per-il-ponte-della-festa-della-repubblica\/","og_site_name":"Radio Touring 104","article_published_time":"2023-06-05T10:15:16+00:00","og_image":[{"width":1080,"height":1080,"url":"https:\/\/progettotouring.it\/radiotouring104\/wp-content\/uploads\/sites\/6\/2023\/06\/MArRC-2-Giugno.jpg","type":"image\/jpeg"}],"author":"Sebastiano Plutino","twitter_card":"summary_large_image","twitter_misc":{"Scritto da":"Sebastiano Plutino","Tempo di lettura stimato":"1 minuto"},"schema":{"@context":"https:\/\/schema.org","@graph":[{"@type":"Article","@id":"https:\/\/progettotouring.it\/radiotouring104\/2023\/06\/05\/marrc-grandi-numeri-per-il-ponte-della-festa-della-repubblica\/#article","isPartOf":{"@id":"https:\/\/progettotouring.it\/radiotouring104\/2023\/06\/05\/marrc-grandi-numeri-per-il-ponte-della-festa-della-repubblica\/"},"author":{"name":"Sebastiano Plutino","@id":"https:\/\/progettotouring.it\/radiotouring104\/#\/schema\/person\/78613917f1851f041f7483f5af1d422e"},"headline":"MArRC, grandi numeri per il ponte della Festa della Repubblica","datePublished":"2023-06-05T10:15:16+00:00","mainEntityOfPage":{"@id":"https:\/\/progettotouring.it\/radiotouring104\/2023\/06\/05\/marrc-grandi-numeri-per-il-ponte-della-festa-della-repubblica\/"},"wordCount":215,"publisher":{"@id":"https:\/\/progettotouring.it\/radiotouring104\/#organization"},"image":{"@id":"https:\/\/progettotouring.it\/radiotouring104\/2023\/06\/05\/marrc-grandi-numeri-per-il-ponte-della-festa-della-repubblica\/#primaryimage"},"thumbnailUrl":"https:\/\/progettotouring.it\/radiotouring104\/wp-content\/uploads\/sites\/6\/2023\/06\/MArRC-2-Giugno.jpg","keywords":["6613 i visitatori","Carmelo Malacrino","Gennaro Sangiuliano","MArRC","ponte della Festa della Repubblica"],"articleSection":["Home","News","Reggio Calabria"],"inLanguage":"it-IT"},{"@type":"WebPage","@id":"https:\/\/progettotouring.it\/radiotouring104\/2023\/06\/05\/marrc-grandi-numeri-per-il-ponte-della-festa-della-repubblica\/","url":"https:\/\/progettotouring.it\/radiotouring104\/2023\/06\/05\/marrc-grandi-numeri-per-il-ponte-della-festa-della-repubblica\/","name":"MArRC, grandi numeri per il ponte della Festa della Repubblica","isPartOf":{"@id":"https:\/\/progettotouring.it\/radiotouring104\/#website"},"primaryImageOfPage":{"@id":"https:\/\/progettotouring.it\/radiotouring104\/2023\/06\/05\/marrc-grandi-numeri-per-il-ponte-della-festa-della-repubblica\/#primaryimage"},"image":{"@id":"https:\/\/progettotouring.it\/radiotouring104\/2023\/06\/05\/marrc-grandi-numeri-per-il-ponte-della-festa-della-repubblica\/#primaryimage"},"thumbnailUrl":"https:\/\/progettotouring.it\/radiotouring104\/wp-content\/uploads\/sites\/6\/2023\/06\/MArRC-2-Giugno.jpg","datePublished":"2023-06-05T10:15:16+00:00","description":"Sono stati 6613 i visitatori, nei tre giorni del ponte della Festa della Repubblica, ad ammirare i magnifici Bronzi di Riace e di Porticello","breadcrumb":{"@id":"https:\/\/progettotouring.it\/radiotouring104\/2023\/06\/05\/marrc-grandi-numeri-per-il-ponte-della-festa-della-repubblica\/#breadcrumb"},"inLanguage":"it-IT","potentialAction":[{"@type":"ReadAction","target":["https:\/\/progettotouring.it\/radiotouring104\/2023\/06\/05\/marrc-grandi-numeri-per-il-ponte-della-festa-della-repubblica\/"]}]},{"@type":"ImageObject","inLanguage":"it-IT","@id":"https:\/\/progettotouring.it\/radiotouring104\/2023\/06\/05\/marrc-grandi-numeri-per-il-ponte-della-festa-della-repubblica\/#primaryimage","url":"https:\/\/progettotouring.it\/radiotouring104\/wp-content\/uploads\/sites\/6\/2023\/06\/MArRC-2-Giugno.jpg","contentUrl":"https:\/\/progettotouring.it\/radiotouring104\/wp-content\/uploads\/sites\/6\/2023\/06\/MArRC-2-Giugno.jpg","width":1080,"height":1080},{"@type":"BreadcrumbList","@id":"https:\/\/progettotouring.it\/radiotouring104\/2023\/06\/05\/marrc-grandi-numeri-per-il-ponte-della-festa-della-repubblica\/#breadcrumb","itemListElement":[{"@type":"ListItem","position":1,"name":"Home","item":"https:\/\/progettotouring.it\/radiotouring104\/"},{"@type":"ListItem","position":2,"name":"MArRC, grandi numeri per il ponte della Festa della Repubblica"}]},{"@type":"WebSite","@id":"https:\/\/progettotouring.it\/radiotouring104\/#website","url":"https:\/\/progettotouring.it\/radiotouring104\/","name":"Radio Touring 104","description":"La prima radio Reggina","publisher":{"@id":"https:\/\/progettotouring.it\/radiotouring104\/#organization"},"potentialAction":[{"@type":"SearchAction","target":{"@type":"EntryPoint","urlTemplate":"https:\/\/progettotouring.it\/radiotouring104\/?s={search_term_string}"},"query-input":{"@type":"PropertyValueSpecification","valueRequired":true,"valueName":"search_term_string"}}],"inLanguage":"it-IT"},{"@type":"Organization","@id":"https:\/\/progettotouring.it\/radiotouring104\/#organization","name":"Radio Touring 104","url":"https:\/\/progettotouring.it\/radiotouring104\/","logo":{"@type":"ImageObject","inLanguage":"it-IT","@id":"https:\/\/progettotouring.it\/radiotouring104\/#\/schema\/logo\/image\/","url":"https:\/\/progettotouring.it\/radiotouring104\/wp-content\/uploads\/sites\/6\/2022\/02\/cropped-logo-radio-touring-104.png","contentUrl":"https:\/\/progettotouring.it\/radiotouring104\/wp-content\/uploads\/sites\/6\/2022\/02\/cropped-logo-radio-touring-104.png","width":377,"height":182,"caption":"Radio Touring 104"},"image":{"@id":"https:\/\/progettotouring.it\/radiotouring104\/#\/schema\/logo\/image\/"}},{"@type":"Person","@id":"https:\/\/progettotouring.it\/radiotouring104\/#\/schema\/person\/78613917f1851f041f7483f5af1d422e","name":"Sebastiano Plutino","image":{"@type":"ImageObject","inLanguage":"it-IT","@id":"https:\/\/secure.gravatar.com\/avatar\/0546ffaa9b79224faf9f2a156b67a529ae861d3287c66c1d8ccfdf909bcba78d?s=96&d=mm&r=g","url":"https:\/\/secure.gravatar.com\/avatar\/0546ffaa9b79224faf9f2a156b67a529ae861d3287c66c1d8ccfdf909bcba78d?s=96&d=mm&r=g","contentUrl":"https:\/\/secure.gravatar.com\/avatar\/0546ffaa9b79224faf9f2a156b67a529ae861d3287c66c1d8ccfdf909bcba78d?s=96&d=mm&r=g","caption":"Sebastiano Plutino"},"url":"https:\/\/progettotouring.it\/radiotouring104\/author\/sebastiano\/"}]}},"jetpack_publicize_connections":[],"jetpack_featured_media_url":"https:\/\/progettotouring.it\/radiotouring104\/wp-content\/uploads\/sites\/6\/2023\/06\/MArRC-2-Giugno.jpg","jetpack_sharing_enabled":true,"_links":{"self":[{"href":"https:\/\/progettotouring.it\/radiotouring104\/wp-json\/wp\/v2\/posts\/27324","targetHints":{"allow":["GET"]}}],"collection":[{"href":"https:\/\/progettotouring.it\/radiotouring104\/wp-json\/wp\/v2\/posts"}],"about":[{"href":"https:\/\/progettotouring.it\/radiotouring104\/wp-json\/wp\/v2\/types\/post"}],"author":[{"embeddable":true,"href":"https:\/\/progettotouring.it\/radiotouring104\/wp-json\/wp\/v2\/users\/12"}],"replies":[{"embeddable":true,"href":"https:\/\/progettotouring.it\/radiotouring104\/wp-json\/wp\/v2\/comments?post=27324"}],"version-history":[{"count":1,"href":"https:\/\/progettotouring.it\/radiotouring104\/wp-json\/wp\/v2\/posts\/27324\/revisions"}],"predecessor-version":[{"id":27325,"href":"https:\/\/progettotouring.it\/radiotouring104\/wp-json\/wp\/v2\/posts\/27324\/revisions\/27325"}],"wp:featuredmedia":[{"embeddable":true,"href":"https:\/\/progettotouring.it\/radiotouring104\/wp-json\/wp\/v2\/media\/27159"}],"wp:attachment":[{"href":"https:\/\/progettotouring.it\/radiotouring104\/wp-json\/wp\/v2\/media?parent=27324"}],"wp:term":[{"taxonomy":"category","embeddable":true,"href":"https:\/\/progettotouring.it\/radiotouring104\/wp-json\/wp\/v2\/categories?post=27324"},{"taxonomy":"post_tag","embeddable":true,"href":"https:\/\/progettotouring.it\/radiotouring104\/wp-json\/wp\/v2\/tags?post=27324"}],"curies":[{"name":"wp","href":"https:\/\/api.w.org\/{rel}","templated":true}]}}