{"id":27329,"date":"2023-06-05T12:36:26","date_gmt":"2023-06-05T10:36:26","guid":{"rendered":"https:\/\/progettotouring.it\/radiotouring104\/?p=27329"},"modified":"2023-06-05T12:36:26","modified_gmt":"2023-06-05T10:36:26","slug":"praia-a-mare-successo-per-il-concerto-dirotta-su-cuba","status":"publish","type":"post","link":"https:\/\/progettotouring.it\/radiotouring104\/2023\/06\/05\/praia-a-mare-successo-per-il-concerto-dirotta-su-cuba\/","title":{"rendered":"Praia a Mare, successo per il concerto &#8220;Dirotta su Cuba&#8221;"},"content":{"rendered":"<p class=\"xmprfx_MsoNormal\" style=\"text-align: justify\">E\u2019 partita con il live dei\u00a0<b>Dirotta su Cuba<\/b>\u00a0di\u00a0<b>Simona Bencini<\/b>\u00a0l\u2019estate musicale di Praia a Mare, una delle pi\u00f9 belle localit\u00e0 turistiche calabresi, affacciata sull\u2019Isola di Dino con la sua famosa Grotta Azzurra e ai piedi di un suggestivo costone montuoso. In questo scenario suggestivo mozzafiato, in oltre 3000 hanno gremito Piazza della Resistenza per il concerto della storica band fiorentina, completamente rinnovata nella sua formazione. Con\u00a0<b>Simona Bencini<\/b>, straordinaria fondatrice e scatenata frontwoman, sul palcoscenico la sua nutrita formazione di musicisti:\u00a0<b>Emiliano Pari<\/b>, tastiere,\u00a0\u00a0<b>Stefano Profazi,<\/b>\u00a0chitarra,\u00a0<b>Patrizio Sacco,\u00a0<\/b>basso,\u00a0<b>Vincenzo Protano<\/b>, batteria,\u00a0<b>Donato Sensini,<\/b>\u00a0sax e flauto,\u00a0<b>Luca Iaboni,<\/b>\u00a0tromba. Dopo il rinvio dello scorso 21 maggio per le avverse condizioni metereologiche, con una Praia gi\u00e0 piena di turisti, l\u2019atteso live ha concluso i Festeggiamenti per la Madonna della Grotta ed ha aperto la serie di eventi che il sindaco Antonino De Lorenzo e la sua amministrazione comunale predisporranno fino ad ottobre.<\/p>\n<p class=\"xmprfx_MsoNormal\" style=\"text-align: justify\">Una\u00a0<b>Simona Bencini\u00a0<\/b>in forma splendida<b>\u00a0<\/b>e la sua travolgente band, brano dopo brano, hanno trascinato il numeroso pubblico in un crescendo di allegria, fino a trasformare Piazza della Resistenza in una discoteca a cielo aperto; tutti a cantare e ballare per oltre due ore con i pezzi storici del miglior funky italiano e le nuove sonorit\u00e0 internazionali degli ultimi lavori discografici.<\/p>\n<p class=\"xmprfx_MsoNormal\" style=\"text-align: justify\">Nell\u2019incantevole scenario di Praia a Mare, i\u00a0<b>Dirotta su Cuba<\/b>\u00a0hanno riproposto tutti i pi\u00f9 grandi successi della lunga carriera, segnata da ben 8 album con oltre 30 super hit, come\u00a0<b><i>Gelosia, Io con te via da te, Liberi di-liberi da, Dove sei, Notti d\u2019estate, \u00c8 andata cos\u00ec,\u00a0<\/i><\/b>ma anche le accattivanti incisioni della loro nuova fase creativo-musicale.<b><i>\u00a0<\/i><\/b>Dopo l\u2019atteso ritorno sulle scene, infatti, il 18 gennaio 2019 hanno pubblicato\u00a0<b><i>Good Things<\/i><\/b><i>,<\/i>\u00a0il loro primo brano in inglese: un pezzo pop-funk con incursioni gospel ispirato da un viaggio a Londra compiuto dal gruppo alla ricerca delle proprie radici musicali e del proprio sound. Il 6 settembre 2019 \u00e8 arrivato poi\u00a0<b><i>Nothing Is Impossible<\/i><\/b>, il brano che di fatto continua la nuova produzione in lingua inglese. Questo pezzo ha avviato un nuovo percorso che fonde le loro tipiche sonorit\u00e0 funky, gli arrangiamenti complessi ed estremamente ricchi dei loro live sottolineati dall\u2019immancabile sezione di fiati, con le nuove tendenze black delle produzioni americane, a cui sono molto affezionati. Particolarmente apprezzata\u00a0<b><i>Thinking of You<\/i><\/b>, il brano con cui hanno celebrato il venticinquesimo anniversario di \u201c<i>Dove Sei\u201d<\/i>\u00a0, loro storico successo arricchito di nuove contaminazioni grazie alla collaborazione con il rapper americano Sonny King. Al termine della serata, dopo due ore in cui non si \u00e8 certo risparmiata da autentica mattatrice, con grande generosit\u00e0 e disponibilit\u00e0\u00a0<b>Simona Bencini<\/b>\u00a0si \u00e8 concessa ai suoi tanti fan per foto e autografi.<\/p>\n<p class=\"xmprfx_MsoNormal\" style=\"text-align: justify\"><i>\u201cConcerto bellissimo, sono davvero felice di aver scelto questo concerto\u201d, ha\u00a0<\/i>affermato il\u00a0<b>Sindaco Antonino De Lorenzo,\u00a0<\/b>peraltro dal passato di ottimo musicista e batterista.<b>\u00a0<\/b>\u201c<em>E\u2019 iniziata nel modo migliore<\/em><i>\u00a0la nostra lunga estate, con la Citt\u00e0 piena di turisti e tanta voglia di divertimento; lavoreremo come sempre per offrire eventi di ogni tipo, insieme a servizi di qualit\u00e0 e alla migliore ospitalit\u00e0 possibile, corredo necessario alle nostre bellezze paesaggistiche davvero uniche.\u201d.<\/i><\/p>\n<p class=\"xmprfx_MsoNormal\" style=\"text-align: justify\">A quanto pare, non mancheranno altri prestigiosi live che saranno annunciati prossimamente. Come sempre perfetto il team tecnico dell\u2019evento della Show Net di Ruggero Pegna.<\/p>\n","protected":false},"excerpt":{"rendered":"<p>E\u2019 partita con il live dei\u00a0Dirotta su Cuba\u00a0di\u00a0Simona Bencini\u00a0l\u2019estate musicale di Praia a Mare, una delle pi\u00f9 belle localit\u00e0 turistiche calabresi, affacciata sull\u2019Isola di Dino con la sua famosa Grotta&hellip;<\/p>\n","protected":false},"author":12,"featured_media":27330,"comment_status":"closed","ping_status":"open","sticky":false,"template":"","format":"standard","meta":{"_jetpack_memberships_contains_paid_content":false,"footnotes":"","jetpack_publicize_message":"","jetpack_publicize_feature_enabled":true,"jetpack_social_post_already_shared":false,"jetpack_social_options":{"image_generator_settings":{"template":"highway","default_image_id":0,"font":"","enabled":false},"version":2}},"categories":[142,921,196],"tags":[16421,16419,16418,16422,5193,282,16420],"class_list":["post-27329","post","type-post","status-publish","format-standard","has-post-thumbnail","hentry","category-calabria","category-home","category-news","tag-3000-spettatori","tag-cantante-simona-bencini","tag-concerto-dirotta-su-cuba","tag-piazza-della-resistenza","tag-praia-a-mare","tag-ruggero-pegna","tag-sindaco-antonino-de-lorenzo"],"yoast_head":"<!-- This site is optimized with the Yoast SEO plugin v27.2 - https:\/\/yoast.com\/product\/yoast-seo-wordpress\/ -->\n<title>Praia a Mare, successo per il concerto &quot;Dirotta su Cuba&quot;<\/title>\n<meta name=\"description\" content=\"Oltre 3000 hanno gremito Piazza della Resistenza, a Praia a Mare, in occasione del concerto &quot;Dirotta su Cuba&quot;, di Simona Bencini\" \/>\n<meta name=\"robots\" content=\"index, follow, max-snippet:-1, max-image-preview:large, max-video-preview:-1\" \/>\n<link rel=\"canonical\" href=\"https:\/\/progettotouring.it\/radiotouring104\/2023\/06\/05\/praia-a-mare-successo-per-il-concerto-dirotta-su-cuba\/\" \/>\n<meta property=\"og:locale\" content=\"it_IT\" \/>\n<meta property=\"og:type\" content=\"article\" \/>\n<meta property=\"og:title\" content=\"Praia a Mare, successo per il concerto &quot;Dirotta su Cuba&quot;\" \/>\n<meta property=\"og:description\" content=\"Oltre 3000 hanno gremito Piazza della Resistenza, a Praia a Mare, in occasione del concerto &quot;Dirotta su Cuba&quot;, di Simona Bencini\" \/>\n<meta property=\"og:url\" content=\"https:\/\/progettotouring.it\/radiotouring104\/2023\/06\/05\/praia-a-mare-successo-per-il-concerto-dirotta-su-cuba\/\" \/>\n<meta property=\"og:site_name\" content=\"Radio Touring 104\" \/>\n<meta property=\"article:published_time\" content=\"2023-06-05T10:36:26+00:00\" \/>\n<meta property=\"og:image\" content=\"https:\/\/progettotouring.it\/radiotouring104\/wp-content\/uploads\/sites\/6\/2023\/06\/concerto-Dirotta-su-Cuba-Bencini-Pegna.jpg\" \/>\n\t<meta property=\"og:image:width\" content=\"1400\" \/>\n\t<meta property=\"og:image:height\" content=\"830\" \/>\n\t<meta property=\"og:image:type\" content=\"image\/jpeg\" \/>\n<meta name=\"author\" content=\"Sebastiano Plutino\" \/>\n<meta name=\"twitter:card\" content=\"summary_large_image\" \/>\n<meta name=\"twitter:label1\" content=\"Scritto da\" \/>\n\t<meta name=\"twitter:data1\" content=\"Sebastiano Plutino\" \/>\n\t<meta name=\"twitter:label2\" content=\"Tempo di lettura stimato\" \/>\n\t<meta name=\"twitter:data2\" content=\"3 minuti\" \/>\n<script type=\"application\/ld+json\" class=\"yoast-schema-graph\">{\"@context\":\"https:\/\/schema.org\",\"@graph\":[{\"@type\":\"Article\",\"@id\":\"https:\/\/progettotouring.it\/radiotouring104\/2023\/06\/05\/praia-a-mare-successo-per-il-concerto-dirotta-su-cuba\/#article\",\"isPartOf\":{\"@id\":\"https:\/\/progettotouring.it\/radiotouring104\/2023\/06\/05\/praia-a-mare-successo-per-il-concerto-dirotta-su-cuba\/\"},\"author\":{\"name\":\"Sebastiano Plutino\",\"@id\":\"https:\/\/progettotouring.it\/radiotouring104\/#\/schema\/person\/78613917f1851f041f7483f5af1d422e\"},\"headline\":\"Praia a Mare, successo per il concerto &#8220;Dirotta su Cuba&#8221;\",\"datePublished\":\"2023-06-05T10:36:26+00:00\",\"mainEntityOfPage\":{\"@id\":\"https:\/\/progettotouring.it\/radiotouring104\/2023\/06\/05\/praia-a-mare-successo-per-il-concerto-dirotta-su-cuba\/\"},\"wordCount\":555,\"publisher\":{\"@id\":\"https:\/\/progettotouring.it\/radiotouring104\/#organization\"},\"image\":{\"@id\":\"https:\/\/progettotouring.it\/radiotouring104\/2023\/06\/05\/praia-a-mare-successo-per-il-concerto-dirotta-su-cuba\/#primaryimage\"},\"thumbnailUrl\":\"https:\/\/progettotouring.it\/radiotouring104\/wp-content\/uploads\/sites\/6\/2023\/06\/concerto-Dirotta-su-Cuba-Bencini-Pegna.jpg\",\"keywords\":[\"3000 spettatori\",\"cantante Simona Bencini\",\"concerto \\\"Dirotta su Cuba\\\"\",\"Piazza della Resistenza\",\"Praia a Mare\",\"Ruggero Pegna\",\"Sindaco Antonino De Lorenzo\"],\"articleSection\":[\"Calabria\",\"Home\",\"News\"],\"inLanguage\":\"it-IT\"},{\"@type\":\"WebPage\",\"@id\":\"https:\/\/progettotouring.it\/radiotouring104\/2023\/06\/05\/praia-a-mare-successo-per-il-concerto-dirotta-su-cuba\/\",\"url\":\"https:\/\/progettotouring.it\/radiotouring104\/2023\/06\/05\/praia-a-mare-successo-per-il-concerto-dirotta-su-cuba\/\",\"name\":\"Praia a Mare, successo per il concerto \\\"Dirotta su Cuba\\\"\",\"isPartOf\":{\"@id\":\"https:\/\/progettotouring.it\/radiotouring104\/#website\"},\"primaryImageOfPage\":{\"@id\":\"https:\/\/progettotouring.it\/radiotouring104\/2023\/06\/05\/praia-a-mare-successo-per-il-concerto-dirotta-su-cuba\/#primaryimage\"},\"image\":{\"@id\":\"https:\/\/progettotouring.it\/radiotouring104\/2023\/06\/05\/praia-a-mare-successo-per-il-concerto-dirotta-su-cuba\/#primaryimage\"},\"thumbnailUrl\":\"https:\/\/progettotouring.it\/radiotouring104\/wp-content\/uploads\/sites\/6\/2023\/06\/concerto-Dirotta-su-Cuba-Bencini-Pegna.jpg\",\"datePublished\":\"2023-06-05T10:36:26+00:00\",\"description\":\"Oltre 3000 hanno gremito Piazza della Resistenza, a Praia a Mare, in occasione del concerto \\\"Dirotta su Cuba\\\", di Simona Bencini\",\"breadcrumb\":{\"@id\":\"https:\/\/progettotouring.it\/radiotouring104\/2023\/06\/05\/praia-a-mare-successo-per-il-concerto-dirotta-su-cuba\/#breadcrumb\"},\"inLanguage\":\"it-IT\",\"potentialAction\":[{\"@type\":\"ReadAction\",\"target\":[\"https:\/\/progettotouring.it\/radiotouring104\/2023\/06\/05\/praia-a-mare-successo-per-il-concerto-dirotta-su-cuba\/\"]}]},{\"@type\":\"ImageObject\",\"inLanguage\":\"it-IT\",\"@id\":\"https:\/\/progettotouring.it\/radiotouring104\/2023\/06\/05\/praia-a-mare-successo-per-il-concerto-dirotta-su-cuba\/#primaryimage\",\"url\":\"https:\/\/progettotouring.it\/radiotouring104\/wp-content\/uploads\/sites\/6\/2023\/06\/concerto-Dirotta-su-Cuba-Bencini-Pegna.jpg\",\"contentUrl\":\"https:\/\/progettotouring.it\/radiotouring104\/wp-content\/uploads\/sites\/6\/2023\/06\/concerto-Dirotta-su-Cuba-Bencini-Pegna.jpg\",\"width\":1400,\"height\":830},{\"@type\":\"BreadcrumbList\",\"@id\":\"https:\/\/progettotouring.it\/radiotouring104\/2023\/06\/05\/praia-a-mare-successo-per-il-concerto-dirotta-su-cuba\/#breadcrumb\",\"itemListElement\":[{\"@type\":\"ListItem\",\"position\":1,\"name\":\"Home\",\"item\":\"https:\/\/progettotouring.it\/radiotouring104\/\"},{\"@type\":\"ListItem\",\"position\":2,\"name\":\"Praia a Mare, successo per il concerto &#8220;Dirotta su Cuba&#8221;\"}]},{\"@type\":\"WebSite\",\"@id\":\"https:\/\/progettotouring.it\/radiotouring104\/#website\",\"url\":\"https:\/\/progettotouring.it\/radiotouring104\/\",\"name\":\"Radio Touring 104\",\"description\":\"La prima radio Reggina\",\"publisher\":{\"@id\":\"https:\/\/progettotouring.it\/radiotouring104\/#organization\"},\"potentialAction\":[{\"@type\":\"SearchAction\",\"target\":{\"@type\":\"EntryPoint\",\"urlTemplate\":\"https:\/\/progettotouring.it\/radiotouring104\/?s={search_term_string}\"},\"query-input\":{\"@type\":\"PropertyValueSpecification\",\"valueRequired\":true,\"valueName\":\"search_term_string\"}}],\"inLanguage\":\"it-IT\"},{\"@type\":\"Organization\",\"@id\":\"https:\/\/progettotouring.it\/radiotouring104\/#organization\",\"name\":\"Radio Touring 104\",\"url\":\"https:\/\/progettotouring.it\/radiotouring104\/\",\"logo\":{\"@type\":\"ImageObject\",\"inLanguage\":\"it-IT\",\"@id\":\"https:\/\/progettotouring.it\/radiotouring104\/#\/schema\/logo\/image\/\",\"url\":\"https:\/\/progettotouring.it\/radiotouring104\/wp-content\/uploads\/sites\/6\/2022\/02\/cropped-logo-radio-touring-104.png\",\"contentUrl\":\"https:\/\/progettotouring.it\/radiotouring104\/wp-content\/uploads\/sites\/6\/2022\/02\/cropped-logo-radio-touring-104.png\",\"width\":377,\"height\":182,\"caption\":\"Radio Touring 104\"},\"image\":{\"@id\":\"https:\/\/progettotouring.it\/radiotouring104\/#\/schema\/logo\/image\/\"}},{\"@type\":\"Person\",\"@id\":\"https:\/\/progettotouring.it\/radiotouring104\/#\/schema\/person\/78613917f1851f041f7483f5af1d422e\",\"name\":\"Sebastiano Plutino\",\"image\":{\"@type\":\"ImageObject\",\"inLanguage\":\"it-IT\",\"@id\":\"https:\/\/secure.gravatar.com\/avatar\/0546ffaa9b79224faf9f2a156b67a529ae861d3287c66c1d8ccfdf909bcba78d?s=96&d=mm&r=g\",\"url\":\"https:\/\/secure.gravatar.com\/avatar\/0546ffaa9b79224faf9f2a156b67a529ae861d3287c66c1d8ccfdf909bcba78d?s=96&d=mm&r=g\",\"contentUrl\":\"https:\/\/secure.gravatar.com\/avatar\/0546ffaa9b79224faf9f2a156b67a529ae861d3287c66c1d8ccfdf909bcba78d?s=96&d=mm&r=g\",\"caption\":\"Sebastiano Plutino\"},\"url\":\"https:\/\/progettotouring.it\/radiotouring104\/author\/sebastiano\/\"}]}<\/script>\n<!-- \/ Yoast SEO plugin. -->","yoast_head_json":{"title":"Praia a Mare, successo per il concerto \"Dirotta su Cuba\"","description":"Oltre 3000 hanno gremito Piazza della Resistenza, a Praia a Mare, in occasione del concerto \"Dirotta su Cuba\", di Simona Bencini","robots":{"index":"index","follow":"follow","max-snippet":"max-snippet:-1","max-image-preview":"max-image-preview:large","max-video-preview":"max-video-preview:-1"},"canonical":"https:\/\/progettotouring.it\/radiotouring104\/2023\/06\/05\/praia-a-mare-successo-per-il-concerto-dirotta-su-cuba\/","og_locale":"it_IT","og_type":"article","og_title":"Praia a Mare, successo per il concerto \"Dirotta su Cuba\"","og_description":"Oltre 3000 hanno gremito Piazza della Resistenza, a Praia a Mare, in occasione del concerto \"Dirotta su Cuba\", di Simona Bencini","og_url":"https:\/\/progettotouring.it\/radiotouring104\/2023\/06\/05\/praia-a-mare-successo-per-il-concerto-dirotta-su-cuba\/","og_site_name":"Radio Touring 104","article_published_time":"2023-06-05T10:36:26+00:00","og_image":[{"width":1400,"height":830,"url":"https:\/\/progettotouring.it\/radiotouring104\/wp-content\/uploads\/sites\/6\/2023\/06\/concerto-Dirotta-su-Cuba-Bencini-Pegna.jpg","type":"image\/jpeg"}],"author":"Sebastiano Plutino","twitter_card":"summary_large_image","twitter_misc":{"Scritto da":"Sebastiano Plutino","Tempo di lettura stimato":"3 minuti"},"schema":{"@context":"https:\/\/schema.org","@graph":[{"@type":"Article","@id":"https:\/\/progettotouring.it\/radiotouring104\/2023\/06\/05\/praia-a-mare-successo-per-il-concerto-dirotta-su-cuba\/#article","isPartOf":{"@id":"https:\/\/progettotouring.it\/radiotouring104\/2023\/06\/05\/praia-a-mare-successo-per-il-concerto-dirotta-su-cuba\/"},"author":{"name":"Sebastiano Plutino","@id":"https:\/\/progettotouring.it\/radiotouring104\/#\/schema\/person\/78613917f1851f041f7483f5af1d422e"},"headline":"Praia a Mare, successo per il concerto &#8220;Dirotta su Cuba&#8221;","datePublished":"2023-06-05T10:36:26+00:00","mainEntityOfPage":{"@id":"https:\/\/progettotouring.it\/radiotouring104\/2023\/06\/05\/praia-a-mare-successo-per-il-concerto-dirotta-su-cuba\/"},"wordCount":555,"publisher":{"@id":"https:\/\/progettotouring.it\/radiotouring104\/#organization"},"image":{"@id":"https:\/\/progettotouring.it\/radiotouring104\/2023\/06\/05\/praia-a-mare-successo-per-il-concerto-dirotta-su-cuba\/#primaryimage"},"thumbnailUrl":"https:\/\/progettotouring.it\/radiotouring104\/wp-content\/uploads\/sites\/6\/2023\/06\/concerto-Dirotta-su-Cuba-Bencini-Pegna.jpg","keywords":["3000 spettatori","cantante Simona Bencini","concerto \"Dirotta su Cuba\"","Piazza della Resistenza","Praia a Mare","Ruggero Pegna","Sindaco Antonino De Lorenzo"],"articleSection":["Calabria","Home","News"],"inLanguage":"it-IT"},{"@type":"WebPage","@id":"https:\/\/progettotouring.it\/radiotouring104\/2023\/06\/05\/praia-a-mare-successo-per-il-concerto-dirotta-su-cuba\/","url":"https:\/\/progettotouring.it\/radiotouring104\/2023\/06\/05\/praia-a-mare-successo-per-il-concerto-dirotta-su-cuba\/","name":"Praia a Mare, successo per il concerto \"Dirotta su Cuba\"","isPartOf":{"@id":"https:\/\/progettotouring.it\/radiotouring104\/#website"},"primaryImageOfPage":{"@id":"https:\/\/progettotouring.it\/radiotouring104\/2023\/06\/05\/praia-a-mare-successo-per-il-concerto-dirotta-su-cuba\/#primaryimage"},"image":{"@id":"https:\/\/progettotouring.it\/radiotouring104\/2023\/06\/05\/praia-a-mare-successo-per-il-concerto-dirotta-su-cuba\/#primaryimage"},"thumbnailUrl":"https:\/\/progettotouring.it\/radiotouring104\/wp-content\/uploads\/sites\/6\/2023\/06\/concerto-Dirotta-su-Cuba-Bencini-Pegna.jpg","datePublished":"2023-06-05T10:36:26+00:00","description":"Oltre 3000 hanno gremito Piazza della Resistenza, a Praia a Mare, in occasione del concerto \"Dirotta su Cuba\", di Simona Bencini","breadcrumb":{"@id":"https:\/\/progettotouring.it\/radiotouring104\/2023\/06\/05\/praia-a-mare-successo-per-il-concerto-dirotta-su-cuba\/#breadcrumb"},"inLanguage":"it-IT","potentialAction":[{"@type":"ReadAction","target":["https:\/\/progettotouring.it\/radiotouring104\/2023\/06\/05\/praia-a-mare-successo-per-il-concerto-dirotta-su-cuba\/"]}]},{"@type":"ImageObject","inLanguage":"it-IT","@id":"https:\/\/progettotouring.it\/radiotouring104\/2023\/06\/05\/praia-a-mare-successo-per-il-concerto-dirotta-su-cuba\/#primaryimage","url":"https:\/\/progettotouring.it\/radiotouring104\/wp-content\/uploads\/sites\/6\/2023\/06\/concerto-Dirotta-su-Cuba-Bencini-Pegna.jpg","contentUrl":"https:\/\/progettotouring.it\/radiotouring104\/wp-content\/uploads\/sites\/6\/2023\/06\/concerto-Dirotta-su-Cuba-Bencini-Pegna.jpg","width":1400,"height":830},{"@type":"BreadcrumbList","@id":"https:\/\/progettotouring.it\/radiotouring104\/2023\/06\/05\/praia-a-mare-successo-per-il-concerto-dirotta-su-cuba\/#breadcrumb","itemListElement":[{"@type":"ListItem","position":1,"name":"Home","item":"https:\/\/progettotouring.it\/radiotouring104\/"},{"@type":"ListItem","position":2,"name":"Praia a Mare, successo per il concerto &#8220;Dirotta su Cuba&#8221;"}]},{"@type":"WebSite","@id":"https:\/\/progettotouring.it\/radiotouring104\/#website","url":"https:\/\/progettotouring.it\/radiotouring104\/","name":"Radio Touring 104","description":"La prima radio Reggina","publisher":{"@id":"https:\/\/progettotouring.it\/radiotouring104\/#organization"},"potentialAction":[{"@type":"SearchAction","target":{"@type":"EntryPoint","urlTemplate":"https:\/\/progettotouring.it\/radiotouring104\/?s={search_term_string}"},"query-input":{"@type":"PropertyValueSpecification","valueRequired":true,"valueName":"search_term_string"}}],"inLanguage":"it-IT"},{"@type":"Organization","@id":"https:\/\/progettotouring.it\/radiotouring104\/#organization","name":"Radio Touring 104","url":"https:\/\/progettotouring.it\/radiotouring104\/","logo":{"@type":"ImageObject","inLanguage":"it-IT","@id":"https:\/\/progettotouring.it\/radiotouring104\/#\/schema\/logo\/image\/","url":"https:\/\/progettotouring.it\/radiotouring104\/wp-content\/uploads\/sites\/6\/2022\/02\/cropped-logo-radio-touring-104.png","contentUrl":"https:\/\/progettotouring.it\/radiotouring104\/wp-content\/uploads\/sites\/6\/2022\/02\/cropped-logo-radio-touring-104.png","width":377,"height":182,"caption":"Radio Touring 104"},"image":{"@id":"https:\/\/progettotouring.it\/radiotouring104\/#\/schema\/logo\/image\/"}},{"@type":"Person","@id":"https:\/\/progettotouring.it\/radiotouring104\/#\/schema\/person\/78613917f1851f041f7483f5af1d422e","name":"Sebastiano Plutino","image":{"@type":"ImageObject","inLanguage":"it-IT","@id":"https:\/\/secure.gravatar.com\/avatar\/0546ffaa9b79224faf9f2a156b67a529ae861d3287c66c1d8ccfdf909bcba78d?s=96&d=mm&r=g","url":"https:\/\/secure.gravatar.com\/avatar\/0546ffaa9b79224faf9f2a156b67a529ae861d3287c66c1d8ccfdf909bcba78d?s=96&d=mm&r=g","contentUrl":"https:\/\/secure.gravatar.com\/avatar\/0546ffaa9b79224faf9f2a156b67a529ae861d3287c66c1d8ccfdf909bcba78d?s=96&d=mm&r=g","caption":"Sebastiano Plutino"},"url":"https:\/\/progettotouring.it\/radiotouring104\/author\/sebastiano\/"}]}},"jetpack_publicize_connections":[],"jetpack_featured_media_url":"https:\/\/progettotouring.it\/radiotouring104\/wp-content\/uploads\/sites\/6\/2023\/06\/concerto-Dirotta-su-Cuba-Bencini-Pegna.jpg","jetpack_sharing_enabled":true,"_links":{"self":[{"href":"https:\/\/progettotouring.it\/radiotouring104\/wp-json\/wp\/v2\/posts\/27329","targetHints":{"allow":["GET"]}}],"collection":[{"href":"https:\/\/progettotouring.it\/radiotouring104\/wp-json\/wp\/v2\/posts"}],"about":[{"href":"https:\/\/progettotouring.it\/radiotouring104\/wp-json\/wp\/v2\/types\/post"}],"author":[{"embeddable":true,"href":"https:\/\/progettotouring.it\/radiotouring104\/wp-json\/wp\/v2\/users\/12"}],"replies":[{"embeddable":true,"href":"https:\/\/progettotouring.it\/radiotouring104\/wp-json\/wp\/v2\/comments?post=27329"}],"version-history":[{"count":1,"href":"https:\/\/progettotouring.it\/radiotouring104\/wp-json\/wp\/v2\/posts\/27329\/revisions"}],"predecessor-version":[{"id":27331,"href":"https:\/\/progettotouring.it\/radiotouring104\/wp-json\/wp\/v2\/posts\/27329\/revisions\/27331"}],"wp:featuredmedia":[{"embeddable":true,"href":"https:\/\/progettotouring.it\/radiotouring104\/wp-json\/wp\/v2\/media\/27330"}],"wp:attachment":[{"href":"https:\/\/progettotouring.it\/radiotouring104\/wp-json\/wp\/v2\/media?parent=27329"}],"wp:term":[{"taxonomy":"category","embeddable":true,"href":"https:\/\/progettotouring.it\/radiotouring104\/wp-json\/wp\/v2\/categories?post=27329"},{"taxonomy":"post_tag","embeddable":true,"href":"https:\/\/progettotouring.it\/radiotouring104\/wp-json\/wp\/v2\/tags?post=27329"}],"curies":[{"name":"wp","href":"https:\/\/api.w.org\/{rel}","templated":true}]}}