{"id":27349,"date":"2023-06-05T12:17:51","date_gmt":"2023-06-05T10:17:51","guid":{"rendered":"https:\/\/progettotouring.it\/radiotouring104\/?p=27349"},"modified":"2023-06-05T14:24:15","modified_gmt":"2023-06-05T12:24:15","slug":"diamante-grandi-applausi-per-il-concerto-aspettato-lestate","status":"publish","type":"post","link":"https:\/\/progettotouring.it\/radiotouring104\/2023\/06\/05\/diamante-grandi-applausi-per-il-concerto-aspettato-lestate\/","title":{"rendered":"Diamante: grandi applausi per il concerto \u201cAspettato l\u2019estate\u201d"},"content":{"rendered":"<p style=\"text-align: justify\">Una vera e proprio maratona di buona musica che ha coinvolto i tanti presenti e che ha veicolato messaggi importanti: obiettivo centrato per il concerto \u201cAspettato l\u2019estate\u201d che si \u00e8 svolto sabato sera in Piazza Mancini organizzato dall\u2019Amministrazione Comunale di Diamante. E sono il Vicesindaco Giuseppe Pascale e l\u2019Assessore al Turismo e Spettacolo, Francesca Amoroso, che vogliono ringraziare tutti coloro che hanno consentito la riuscita dell\u2019evento. Un grazie di cuore va a Maurizio Sirianni e all\u2019Associazione Gli Spettacolari che hanno portato a <strong>Diamante<\/strong> la bravura e il talento dei loro artisti e donato al Comune di Diamante la targa \u201c<strong>Basta<\/strong> <strong>Odio<\/strong>\u201d che sar\u00e0 apposta all\u2019interno del palazzo di Citt\u00e0, in segno di adesione alla campagna contro ogni forma di odio di cui l\u2019associazione \u00e8 promotrice e alla quale hanno gi\u00e0 aderito pi\u00f9 di quaranta comuni calabresi e non. In tal senso si ringraziano l\u2019assessore alla Pubblica Istruzione e Cultura, Raffaela Sansoni di Belvedere Marittimo, che ha voluto essere presente in rappresentanza della sua Amministrazione Comunale, e il Sindaco di Tortora, Antonio Iorio che inviato un suo messaggio letto nel corso del concerto, e con loro a tutti i sindaci che hanno voluto comunicare l\u2019adesione alla campagna \u201cBasta Odio\u201d.<\/p>\n<p style=\"text-align: justify\">Un grazie e un plauso va agli<strong> Alibi \u2013 Vasco Rossi Tribute Band<\/strong> che hanno aperto il concerto e scatenato Piazza Mancini con la loro energia rock. Gratitudine non rituale, ma particolarmente sentita, viene rivolta a tutte le associazioni di Diamante intervenute per ricevere il riconoscimento che l\u2019Amministrazione ha voluto attribuire loro per l\u2019impegno quotidiano che in diversi settori della vita cittadina, cultura, sport, sociale, svolgono a favore della comunit\u00e0. E un grazie anche alle associazioni che non sono potute intervenire e a cui il riconoscimento sar\u00e0 consegnato nei prossimi giorni. Non da ultimo si vuole sottolineare l\u2019impegno di chi a vario titolo ha lavorato per la realizzazione dell\u2019evento: uffici e addetti comunali, al palco e al service, cos\u00ec come sempre determinante il contributo della Polizia Municipale e delle Forze dell\u2019Ordine.\u00a0 Un grazie particolare a Tele Diamante per la costante e determinante collaborazione nel documentare l\u2019evento.\u00a0 Una bella serata di musica e contenuti importanti, che, come \u00e8 stato annunciato, si ripeter\u00e0 nei prossimi anni per aprire l\u2019estate.<\/p>\n","protected":false},"excerpt":{"rendered":"<p>Una vera e proprio maratona di buona musica che ha coinvolto i tanti presenti e che ha veicolato messaggi importanti: obiettivo centrato per il concerto \u201cAspettato l\u2019estate\u201d che si \u00e8&hellip;<\/p>\n","protected":false},"author":8,"featured_media":27350,"comment_status":"closed","ping_status":"open","sticky":false,"template":"","format":"standard","meta":{"_jetpack_memberships_contains_paid_content":false,"footnotes":"","jetpack_publicize_message":"","jetpack_publicize_feature_enabled":true,"jetpack_social_post_already_shared":false,"jetpack_social_options":{"image_generator_settings":{"template":"highway","default_image_id":0,"font":"","enabled":false},"version":2}},"categories":[142,921,146],"tags":[16436,16437,1544],"class_list":["post-27349","post","type-post","status-publish","format-standard","has-post-thumbnail","hentry","category-calabria","category-home","category-musica","tag-alibi-vasco-rossi-tribute-band","tag-aspettato-lestate","tag-diamante"],"yoast_head":"<!-- This site is optimized with the Yoast SEO plugin v27.2 - https:\/\/yoast.com\/product\/yoast-seo-wordpress\/ -->\n<title>Diamante: grandi applausi per il concerto \u201cAspettato l\u2019estate\u201d - Radio Touring 104<\/title>\n<meta name=\"description\" content=\"Il concerto \u201cAspettato l\u2019estate\u201d organizzato dall\u2019Amministrazione Comunale di Diamante ha centrato l&#039;obiettivo: coinvolgere tutti i presenti\" \/>\n<meta name=\"robots\" content=\"index, follow, max-snippet:-1, max-image-preview:large, max-video-preview:-1\" \/>\n<link rel=\"canonical\" href=\"https:\/\/progettotouring.it\/radiotouring104\/2023\/06\/05\/diamante-grandi-applausi-per-il-concerto-aspettato-lestate\/\" \/>\n<meta property=\"og:locale\" content=\"it_IT\" \/>\n<meta property=\"og:type\" content=\"article\" \/>\n<meta property=\"og:title\" content=\"Diamante: grandi applausi per il concerto \u201cAspettato l\u2019estate\u201d - Radio Touring 104\" \/>\n<meta property=\"og:description\" content=\"Il concerto \u201cAspettato l\u2019estate\u201d organizzato dall\u2019Amministrazione Comunale di Diamante ha centrato l&#039;obiettivo: coinvolgere tutti i presenti\" \/>\n<meta property=\"og:url\" content=\"https:\/\/progettotouring.it\/radiotouring104\/2023\/06\/05\/diamante-grandi-applausi-per-il-concerto-aspettato-lestate\/\" \/>\n<meta property=\"og:site_name\" content=\"Radio Touring 104\" \/>\n<meta property=\"article:published_time\" content=\"2023-06-05T10:17:51+00:00\" \/>\n<meta property=\"article:modified_time\" content=\"2023-06-05T12:24:15+00:00\" \/>\n<meta property=\"og:image\" content=\"https:\/\/progettotouring.it\/radiotouring104\/wp-content\/uploads\/sites\/6\/2023\/06\/Basta-odio.jpg\" \/>\n\t<meta property=\"og:image:width\" content=\"1037\" \/>\n\t<meta property=\"og:image:height\" content=\"936\" \/>\n\t<meta property=\"og:image:type\" content=\"image\/jpeg\" \/>\n<meta name=\"author\" content=\"Filippo Francesco Idone\" \/>\n<meta name=\"twitter:card\" content=\"summary_large_image\" \/>\n<meta name=\"twitter:label1\" content=\"Scritto da\" \/>\n\t<meta name=\"twitter:data1\" content=\"Filippo Francesco Idone\" \/>\n\t<meta name=\"twitter:label2\" content=\"Tempo di lettura stimato\" \/>\n\t<meta name=\"twitter:data2\" content=\"2 minuti\" \/>\n<script type=\"application\/ld+json\" class=\"yoast-schema-graph\">{\"@context\":\"https:\/\/schema.org\",\"@graph\":[{\"@type\":\"Article\",\"@id\":\"https:\/\/progettotouring.it\/radiotouring104\/2023\/06\/05\/diamante-grandi-applausi-per-il-concerto-aspettato-lestate\/#article\",\"isPartOf\":{\"@id\":\"https:\/\/progettotouring.it\/radiotouring104\/2023\/06\/05\/diamante-grandi-applausi-per-il-concerto-aspettato-lestate\/\"},\"author\":{\"name\":\"Filippo Francesco Idone\",\"@id\":\"https:\/\/progettotouring.it\/radiotouring104\/#\/schema\/person\/4a82259ca52ac8702ad1a8f9e5a3120b\"},\"headline\":\"Diamante: grandi applausi per il concerto \u201cAspettato l\u2019estate\u201d\",\"datePublished\":\"2023-06-05T10:17:51+00:00\",\"dateModified\":\"2023-06-05T12:24:15+00:00\",\"mainEntityOfPage\":{\"@id\":\"https:\/\/progettotouring.it\/radiotouring104\/2023\/06\/05\/diamante-grandi-applausi-per-il-concerto-aspettato-lestate\/\"},\"wordCount\":386,\"publisher\":{\"@id\":\"https:\/\/progettotouring.it\/radiotouring104\/#organization\"},\"image\":{\"@id\":\"https:\/\/progettotouring.it\/radiotouring104\/2023\/06\/05\/diamante-grandi-applausi-per-il-concerto-aspettato-lestate\/#primaryimage\"},\"thumbnailUrl\":\"https:\/\/progettotouring.it\/radiotouring104\/wp-content\/uploads\/sites\/6\/2023\/06\/Basta-odio.jpg\",\"keywords\":[\"Alibi \u2013 Vasco Rossi Tribute Band\",\"Aspettato l\u2019estate\",\"diamante\"],\"articleSection\":[\"Calabria\",\"Home\",\"Musica\"],\"inLanguage\":\"it-IT\"},{\"@type\":\"WebPage\",\"@id\":\"https:\/\/progettotouring.it\/radiotouring104\/2023\/06\/05\/diamante-grandi-applausi-per-il-concerto-aspettato-lestate\/\",\"url\":\"https:\/\/progettotouring.it\/radiotouring104\/2023\/06\/05\/diamante-grandi-applausi-per-il-concerto-aspettato-lestate\/\",\"name\":\"Diamante: grandi applausi per il concerto \u201cAspettato l\u2019estate\u201d - Radio Touring 104\",\"isPartOf\":{\"@id\":\"https:\/\/progettotouring.it\/radiotouring104\/#website\"},\"primaryImageOfPage\":{\"@id\":\"https:\/\/progettotouring.it\/radiotouring104\/2023\/06\/05\/diamante-grandi-applausi-per-il-concerto-aspettato-lestate\/#primaryimage\"},\"image\":{\"@id\":\"https:\/\/progettotouring.it\/radiotouring104\/2023\/06\/05\/diamante-grandi-applausi-per-il-concerto-aspettato-lestate\/#primaryimage\"},\"thumbnailUrl\":\"https:\/\/progettotouring.it\/radiotouring104\/wp-content\/uploads\/sites\/6\/2023\/06\/Basta-odio.jpg\",\"datePublished\":\"2023-06-05T10:17:51+00:00\",\"dateModified\":\"2023-06-05T12:24:15+00:00\",\"description\":\"Il concerto \u201cAspettato l\u2019estate\u201d organizzato dall\u2019Amministrazione Comunale di Diamante ha centrato l'obiettivo: coinvolgere tutti i presenti\",\"breadcrumb\":{\"@id\":\"https:\/\/progettotouring.it\/radiotouring104\/2023\/06\/05\/diamante-grandi-applausi-per-il-concerto-aspettato-lestate\/#breadcrumb\"},\"inLanguage\":\"it-IT\",\"potentialAction\":[{\"@type\":\"ReadAction\",\"target\":[\"https:\/\/progettotouring.it\/radiotouring104\/2023\/06\/05\/diamante-grandi-applausi-per-il-concerto-aspettato-lestate\/\"]}]},{\"@type\":\"ImageObject\",\"inLanguage\":\"it-IT\",\"@id\":\"https:\/\/progettotouring.it\/radiotouring104\/2023\/06\/05\/diamante-grandi-applausi-per-il-concerto-aspettato-lestate\/#primaryimage\",\"url\":\"https:\/\/progettotouring.it\/radiotouring104\/wp-content\/uploads\/sites\/6\/2023\/06\/Basta-odio.jpg\",\"contentUrl\":\"https:\/\/progettotouring.it\/radiotouring104\/wp-content\/uploads\/sites\/6\/2023\/06\/Basta-odio.jpg\",\"width\":1037,\"height\":936},{\"@type\":\"BreadcrumbList\",\"@id\":\"https:\/\/progettotouring.it\/radiotouring104\/2023\/06\/05\/diamante-grandi-applausi-per-il-concerto-aspettato-lestate\/#breadcrumb\",\"itemListElement\":[{\"@type\":\"ListItem\",\"position\":1,\"name\":\"Home\",\"item\":\"https:\/\/progettotouring.it\/radiotouring104\/\"},{\"@type\":\"ListItem\",\"position\":2,\"name\":\"Diamante: grandi applausi per il concerto \u201cAspettato l\u2019estate\u201d\"}]},{\"@type\":\"WebSite\",\"@id\":\"https:\/\/progettotouring.it\/radiotouring104\/#website\",\"url\":\"https:\/\/progettotouring.it\/radiotouring104\/\",\"name\":\"Radio Touring 104\",\"description\":\"La prima radio Reggina\",\"publisher\":{\"@id\":\"https:\/\/progettotouring.it\/radiotouring104\/#organization\"},\"potentialAction\":[{\"@type\":\"SearchAction\",\"target\":{\"@type\":\"EntryPoint\",\"urlTemplate\":\"https:\/\/progettotouring.it\/radiotouring104\/?s={search_term_string}\"},\"query-input\":{\"@type\":\"PropertyValueSpecification\",\"valueRequired\":true,\"valueName\":\"search_term_string\"}}],\"inLanguage\":\"it-IT\"},{\"@type\":\"Organization\",\"@id\":\"https:\/\/progettotouring.it\/radiotouring104\/#organization\",\"name\":\"Radio Touring 104\",\"url\":\"https:\/\/progettotouring.it\/radiotouring104\/\",\"logo\":{\"@type\":\"ImageObject\",\"inLanguage\":\"it-IT\",\"@id\":\"https:\/\/progettotouring.it\/radiotouring104\/#\/schema\/logo\/image\/\",\"url\":\"https:\/\/progettotouring.it\/radiotouring104\/wp-content\/uploads\/sites\/6\/2022\/02\/cropped-logo-radio-touring-104.png\",\"contentUrl\":\"https:\/\/progettotouring.it\/radiotouring104\/wp-content\/uploads\/sites\/6\/2022\/02\/cropped-logo-radio-touring-104.png\",\"width\":377,\"height\":182,\"caption\":\"Radio Touring 104\"},\"image\":{\"@id\":\"https:\/\/progettotouring.it\/radiotouring104\/#\/schema\/logo\/image\/\"}},{\"@type\":\"Person\",\"@id\":\"https:\/\/progettotouring.it\/radiotouring104\/#\/schema\/person\/4a82259ca52ac8702ad1a8f9e5a3120b\",\"name\":\"Filippo Francesco Idone\",\"image\":{\"@type\":\"ImageObject\",\"inLanguage\":\"it-IT\",\"@id\":\"https:\/\/secure.gravatar.com\/avatar\/7268715d2366395c3dd314385670e6484117d44f5c442e61e230f7008b7b62d3?s=96&d=mm&r=g\",\"url\":\"https:\/\/secure.gravatar.com\/avatar\/7268715d2366395c3dd314385670e6484117d44f5c442e61e230f7008b7b62d3?s=96&d=mm&r=g\",\"contentUrl\":\"https:\/\/secure.gravatar.com\/avatar\/7268715d2366395c3dd314385670e6484117d44f5c442e61e230f7008b7b62d3?s=96&d=mm&r=g\",\"caption\":\"Filippo Francesco Idone\"},\"url\":\"https:\/\/progettotouring.it\/radiotouring104\/author\/filippoidone\/\"}]}<\/script>\n<!-- \/ Yoast SEO plugin. -->","yoast_head_json":{"title":"Diamante: grandi applausi per il concerto \u201cAspettato l\u2019estate\u201d - Radio Touring 104","description":"Il concerto \u201cAspettato l\u2019estate\u201d organizzato dall\u2019Amministrazione Comunale di Diamante ha centrato l'obiettivo: coinvolgere tutti i presenti","robots":{"index":"index","follow":"follow","max-snippet":"max-snippet:-1","max-image-preview":"max-image-preview:large","max-video-preview":"max-video-preview:-1"},"canonical":"https:\/\/progettotouring.it\/radiotouring104\/2023\/06\/05\/diamante-grandi-applausi-per-il-concerto-aspettato-lestate\/","og_locale":"it_IT","og_type":"article","og_title":"Diamante: grandi applausi per il concerto \u201cAspettato l\u2019estate\u201d - Radio Touring 104","og_description":"Il concerto \u201cAspettato l\u2019estate\u201d organizzato dall\u2019Amministrazione Comunale di Diamante ha centrato l'obiettivo: coinvolgere tutti i presenti","og_url":"https:\/\/progettotouring.it\/radiotouring104\/2023\/06\/05\/diamante-grandi-applausi-per-il-concerto-aspettato-lestate\/","og_site_name":"Radio Touring 104","article_published_time":"2023-06-05T10:17:51+00:00","article_modified_time":"2023-06-05T12:24:15+00:00","og_image":[{"width":1037,"height":936,"url":"https:\/\/progettotouring.it\/radiotouring104\/wp-content\/uploads\/sites\/6\/2023\/06\/Basta-odio.jpg","type":"image\/jpeg"}],"author":"Filippo Francesco Idone","twitter_card":"summary_large_image","twitter_misc":{"Scritto da":"Filippo Francesco Idone","Tempo di lettura stimato":"2 minuti"},"schema":{"@context":"https:\/\/schema.org","@graph":[{"@type":"Article","@id":"https:\/\/progettotouring.it\/radiotouring104\/2023\/06\/05\/diamante-grandi-applausi-per-il-concerto-aspettato-lestate\/#article","isPartOf":{"@id":"https:\/\/progettotouring.it\/radiotouring104\/2023\/06\/05\/diamante-grandi-applausi-per-il-concerto-aspettato-lestate\/"},"author":{"name":"Filippo Francesco Idone","@id":"https:\/\/progettotouring.it\/radiotouring104\/#\/schema\/person\/4a82259ca52ac8702ad1a8f9e5a3120b"},"headline":"Diamante: grandi applausi per il concerto \u201cAspettato l\u2019estate\u201d","datePublished":"2023-06-05T10:17:51+00:00","dateModified":"2023-06-05T12:24:15+00:00","mainEntityOfPage":{"@id":"https:\/\/progettotouring.it\/radiotouring104\/2023\/06\/05\/diamante-grandi-applausi-per-il-concerto-aspettato-lestate\/"},"wordCount":386,"publisher":{"@id":"https:\/\/progettotouring.it\/radiotouring104\/#organization"},"image":{"@id":"https:\/\/progettotouring.it\/radiotouring104\/2023\/06\/05\/diamante-grandi-applausi-per-il-concerto-aspettato-lestate\/#primaryimage"},"thumbnailUrl":"https:\/\/progettotouring.it\/radiotouring104\/wp-content\/uploads\/sites\/6\/2023\/06\/Basta-odio.jpg","keywords":["Alibi \u2013 Vasco Rossi Tribute Band","Aspettato l\u2019estate","diamante"],"articleSection":["Calabria","Home","Musica"],"inLanguage":"it-IT"},{"@type":"WebPage","@id":"https:\/\/progettotouring.it\/radiotouring104\/2023\/06\/05\/diamante-grandi-applausi-per-il-concerto-aspettato-lestate\/","url":"https:\/\/progettotouring.it\/radiotouring104\/2023\/06\/05\/diamante-grandi-applausi-per-il-concerto-aspettato-lestate\/","name":"Diamante: grandi applausi per il concerto \u201cAspettato l\u2019estate\u201d - Radio Touring 104","isPartOf":{"@id":"https:\/\/progettotouring.it\/radiotouring104\/#website"},"primaryImageOfPage":{"@id":"https:\/\/progettotouring.it\/radiotouring104\/2023\/06\/05\/diamante-grandi-applausi-per-il-concerto-aspettato-lestate\/#primaryimage"},"image":{"@id":"https:\/\/progettotouring.it\/radiotouring104\/2023\/06\/05\/diamante-grandi-applausi-per-il-concerto-aspettato-lestate\/#primaryimage"},"thumbnailUrl":"https:\/\/progettotouring.it\/radiotouring104\/wp-content\/uploads\/sites\/6\/2023\/06\/Basta-odio.jpg","datePublished":"2023-06-05T10:17:51+00:00","dateModified":"2023-06-05T12:24:15+00:00","description":"Il concerto \u201cAspettato l\u2019estate\u201d organizzato dall\u2019Amministrazione Comunale di Diamante ha centrato l'obiettivo: coinvolgere tutti i presenti","breadcrumb":{"@id":"https:\/\/progettotouring.it\/radiotouring104\/2023\/06\/05\/diamante-grandi-applausi-per-il-concerto-aspettato-lestate\/#breadcrumb"},"inLanguage":"it-IT","potentialAction":[{"@type":"ReadAction","target":["https:\/\/progettotouring.it\/radiotouring104\/2023\/06\/05\/diamante-grandi-applausi-per-il-concerto-aspettato-lestate\/"]}]},{"@type":"ImageObject","inLanguage":"it-IT","@id":"https:\/\/progettotouring.it\/radiotouring104\/2023\/06\/05\/diamante-grandi-applausi-per-il-concerto-aspettato-lestate\/#primaryimage","url":"https:\/\/progettotouring.it\/radiotouring104\/wp-content\/uploads\/sites\/6\/2023\/06\/Basta-odio.jpg","contentUrl":"https:\/\/progettotouring.it\/radiotouring104\/wp-content\/uploads\/sites\/6\/2023\/06\/Basta-odio.jpg","width":1037,"height":936},{"@type":"BreadcrumbList","@id":"https:\/\/progettotouring.it\/radiotouring104\/2023\/06\/05\/diamante-grandi-applausi-per-il-concerto-aspettato-lestate\/#breadcrumb","itemListElement":[{"@type":"ListItem","position":1,"name":"Home","item":"https:\/\/progettotouring.it\/radiotouring104\/"},{"@type":"ListItem","position":2,"name":"Diamante: grandi applausi per il concerto \u201cAspettato l\u2019estate\u201d"}]},{"@type":"WebSite","@id":"https:\/\/progettotouring.it\/radiotouring104\/#website","url":"https:\/\/progettotouring.it\/radiotouring104\/","name":"Radio Touring 104","description":"La prima radio Reggina","publisher":{"@id":"https:\/\/progettotouring.it\/radiotouring104\/#organization"},"potentialAction":[{"@type":"SearchAction","target":{"@type":"EntryPoint","urlTemplate":"https:\/\/progettotouring.it\/radiotouring104\/?s={search_term_string}"},"query-input":{"@type":"PropertyValueSpecification","valueRequired":true,"valueName":"search_term_string"}}],"inLanguage":"it-IT"},{"@type":"Organization","@id":"https:\/\/progettotouring.it\/radiotouring104\/#organization","name":"Radio Touring 104","url":"https:\/\/progettotouring.it\/radiotouring104\/","logo":{"@type":"ImageObject","inLanguage":"it-IT","@id":"https:\/\/progettotouring.it\/radiotouring104\/#\/schema\/logo\/image\/","url":"https:\/\/progettotouring.it\/radiotouring104\/wp-content\/uploads\/sites\/6\/2022\/02\/cropped-logo-radio-touring-104.png","contentUrl":"https:\/\/progettotouring.it\/radiotouring104\/wp-content\/uploads\/sites\/6\/2022\/02\/cropped-logo-radio-touring-104.png","width":377,"height":182,"caption":"Radio Touring 104"},"image":{"@id":"https:\/\/progettotouring.it\/radiotouring104\/#\/schema\/logo\/image\/"}},{"@type":"Person","@id":"https:\/\/progettotouring.it\/radiotouring104\/#\/schema\/person\/4a82259ca52ac8702ad1a8f9e5a3120b","name":"Filippo Francesco Idone","image":{"@type":"ImageObject","inLanguage":"it-IT","@id":"https:\/\/secure.gravatar.com\/avatar\/7268715d2366395c3dd314385670e6484117d44f5c442e61e230f7008b7b62d3?s=96&d=mm&r=g","url":"https:\/\/secure.gravatar.com\/avatar\/7268715d2366395c3dd314385670e6484117d44f5c442e61e230f7008b7b62d3?s=96&d=mm&r=g","contentUrl":"https:\/\/secure.gravatar.com\/avatar\/7268715d2366395c3dd314385670e6484117d44f5c442e61e230f7008b7b62d3?s=96&d=mm&r=g","caption":"Filippo Francesco Idone"},"url":"https:\/\/progettotouring.it\/radiotouring104\/author\/filippoidone\/"}]}},"jetpack_publicize_connections":[],"jetpack_featured_media_url":"https:\/\/progettotouring.it\/radiotouring104\/wp-content\/uploads\/sites\/6\/2023\/06\/Basta-odio.jpg","jetpack_sharing_enabled":true,"_links":{"self":[{"href":"https:\/\/progettotouring.it\/radiotouring104\/wp-json\/wp\/v2\/posts\/27349","targetHints":{"allow":["GET"]}}],"collection":[{"href":"https:\/\/progettotouring.it\/radiotouring104\/wp-json\/wp\/v2\/posts"}],"about":[{"href":"https:\/\/progettotouring.it\/radiotouring104\/wp-json\/wp\/v2\/types\/post"}],"author":[{"embeddable":true,"href":"https:\/\/progettotouring.it\/radiotouring104\/wp-json\/wp\/v2\/users\/8"}],"replies":[{"embeddable":true,"href":"https:\/\/progettotouring.it\/radiotouring104\/wp-json\/wp\/v2\/comments?post=27349"}],"version-history":[{"count":1,"href":"https:\/\/progettotouring.it\/radiotouring104\/wp-json\/wp\/v2\/posts\/27349\/revisions"}],"predecessor-version":[{"id":27351,"href":"https:\/\/progettotouring.it\/radiotouring104\/wp-json\/wp\/v2\/posts\/27349\/revisions\/27351"}],"wp:featuredmedia":[{"embeddable":true,"href":"https:\/\/progettotouring.it\/radiotouring104\/wp-json\/wp\/v2\/media\/27350"}],"wp:attachment":[{"href":"https:\/\/progettotouring.it\/radiotouring104\/wp-json\/wp\/v2\/media?parent=27349"}],"wp:term":[{"taxonomy":"category","embeddable":true,"href":"https:\/\/progettotouring.it\/radiotouring104\/wp-json\/wp\/v2\/categories?post=27349"},{"taxonomy":"post_tag","embeddable":true,"href":"https:\/\/progettotouring.it\/radiotouring104\/wp-json\/wp\/v2\/tags?post=27349"}],"curies":[{"name":"wp","href":"https:\/\/api.w.org\/{rel}","templated":true}]}}