{"id":27357,"date":"2023-06-05T14:36:38","date_gmt":"2023-06-05T12:36:38","guid":{"rendered":"https:\/\/progettotouring.it\/radiotouring104\/?p=27357"},"modified":"2023-06-05T14:43:41","modified_gmt":"2023-06-05T12:43:41","slug":"metrocity-avviato-il-piano-nazionale-di-ripresa-e-resilienza","status":"publish","type":"post","link":"https:\/\/progettotouring.it\/radiotouring104\/2023\/06\/05\/metrocity-avviato-il-piano-nazionale-di-ripresa-e-resilienza\/","title":{"rendered":"Metrocity: avviato il secondo step del Piano Nazionale di Ripresa e Resilienza"},"content":{"rendered":"<p style=\"text-align: justify\">Al via ufficialmente il secondo step del Bando riforestazione finanziato dal <strong>Piano Nazionale di Ripresa e Resilienza<\/strong> vinto dalla Citt\u00e0 Metropolitana di <strong>Reggio Calabria<\/strong>. Dopo la chiusura dei progetti riguardanti la prima annualit\u00e0 \u00e8 iniziato, in coincidenza con la Giornata mondiale dell&#8217;ambiente, l&#8217;iter di concertazione per la realizzazione del masterplan per il finanziamento dell&#8217;annualit\u00e0 2023-2024. Il progetto, finanziato con una somma di circa 8 milioni di euro, prevede la rigenerazione di aree verdi per complessivi 200 ettari, da individuare sul territorio metropolitano, per un programma di piantumazione da mille piante ad ettaro, per un totale di 200mila nuovi alberi da mettere a dimora nelle aree individuate dalla Citt\u00e0 Metropolitana insieme ai Comuni del comprensorio.<\/p>\n<p style=\"text-align: justify\">Ad attivare il tavolo di confronto, che ha coinvolto sindaci ed amministratori dei comuni dell&#8217;area metropolitana, il consigliere delegato all&#8217;Ambiente della Citt\u00e0 Metropolitana, <strong>Salvatore<\/strong> <strong>Fuda<\/strong>, che insieme al Sindaco facente funzioni, Carmelo Versace, ha incontrato questa mattina, nella Sala Repaci del Consiglio metropolitano, i rappresentanti dei Comuni interessati al bando. Presenti al confronto, oltre al Dirigente del Settore Pietro Foti, insieme ai tecnici del team di lavoro, anche il sindaco facente funzioni del Comune capoluogo, Paolo Brunetti, il Presidente del Parco Nazionale dell&#8217;Aspromonte, Leo Autelitano, ed il Docente del Dipartimento di Agraria della Mediterranea Carmelo Musarella.<\/p>\n<p style=\"text-align: justify\"><em>&#8220;Spetter\u00e0 ai Comuni<\/em> &#8211; ha spiegato il Delegato Salvatore Fuda nel corso dell&#8217;incontro &#8211;<em> segnalare alla <strong>Citt\u00e0 Metropolitana delle aree<\/strong> che si ritiene possano essere interessate dal progetto di rigenerazione green. Spazi che saranno poi messi a sistema nel progetto complessivo con il quale la Metrocity si propone di impiegare le risorse gi\u00e0 finanziate lo scorso anno con la partecipazione al bando sulla Forestazione, nell&#8217;ambito dei fondi Pnrr, che prevede investimenti per tre annualit\u00e0 consecutive&#8221;.<\/em><\/p>\n<p><em>&#8220;Una specifica attenzione &#8211;<\/em> \u00e8 stato poi spiegato nel corso della riunione &#8211; <em>sar\u00e0 dedicata anche alle aree percorse dal fuoco, una piaga che negli anni scorsi ha causato enormi perdite in termini di spazi verdi e foreste, in particolare nell&#8217;area grecanica, la cui attivit\u00e0 di riforestazione dovr\u00e0 essere specificamente autorizzata dal Ministero o dalla Regione su richiesta della Citt\u00e0 Metropolitana&#8221;.<\/em><\/p>\n<p style=\"text-align: justify\">Al termine dell&#8217;incontro, il <strong>Consigliere<\/strong> <strong>Fuda<\/strong> ha ringraziato i tanti sindaci ed amministratori presenti, rappresentando ancora una volta la volont\u00e0 della Citt\u00e0 Metropolitana &#8220;di condividere il progetto con i Comuni dell&#8217;intero territorio metropolitano&#8221;, bissando il successo della prima annualit\u00e0 per la quale la <strong>Metrocity<\/strong> si \u00e8 gi\u00e0 avvalsa della collaborazione dei Consorzi di Bonifica, realizzando interventi di grande impatto su vaste aree del territorio metropolitano. <em>&#8220;L&#8217;obiettivo<\/em> &#8211; ha spiegato Fuda a margine dell&#8217;incontro &#8211;<em> \u00e8 quello di dare continuit\u00e0 agli indirizzi fissati gi\u00e0 ad inizio mandato con il sindaco Falcomat\u00e0 ed oggi portati avanti con il sindaco facente funzioni Versace, che puntano ad una spesa efficiente ed efficace delle risorse Pnrr in linea con la vocazione del nostro territorio. Certamente l&#8217;aspetto legato alla rigenerazione ambientale dei luoghi riveste una centralit\u00e0 strategica, non solo in chiave green, ma anche per ci\u00f2 che riguarda la mitigazione dei fenomeni da dissesto idrogeologico e quindi la sicurezza della rete viaria metropolitana&#8221;.<\/em><\/p>\n<p><em>&#8220;E&#8217; significativo <\/em>&#8211; ha concluso Fuda &#8211; <em>che l&#8217;avvio di questa seconda tranche di interventi sia stato fissato proprio per oggi, nella giornata mondiale dell&#8217;Ambiente. Un segno di attenzione che il nostro territorio vuole dare nei confronti degli obiettivi legati alla transizione ambientale ed ecologica, alla rigenerazione degli spazi verdi e del patrimonio boschivo, costituendo un valido supporto anche alla qualit\u00e0 della vita per l&#8217;intera comunit\u00e0 metropolitana&#8221;.<\/em><\/p>\n<p>&nbsp;<\/p>\n","protected":false},"excerpt":{"rendered":"<p>Al via ufficialmente il secondo step del Bando riforestazione finanziato dal Piano Nazionale di Ripresa e Resilienza vinto dalla Citt\u00e0 Metropolitana di Reggio Calabria. Dopo la chiusura dei progetti riguardanti&hellip;<\/p>\n","protected":false},"author":8,"featured_media":27358,"comment_status":"closed","ping_status":"open","sticky":false,"template":"","format":"standard","meta":{"_jetpack_memberships_contains_paid_content":false,"footnotes":"","jetpack_publicize_message":"","jetpack_publicize_feature_enabled":true,"jetpack_social_post_already_shared":false,"jetpack_social_options":{"image_generator_settings":{"template":"highway","default_image_id":0,"font":"","enabled":false},"version":2}},"categories":[142,921,196],"tags":[3286,12494,236],"class_list":["post-27357","post","type-post","status-publish","format-standard","has-post-thumbnail","hentry","category-calabria","category-home","category-news","tag-fuda","tag-piano-nazionale-di-ripresa-e-resilienza","tag-reggio-calabria"],"yoast_head":"<!-- This site is optimized with the Yoast SEO plugin v27.2 - https:\/\/yoast.com\/product\/yoast-seo-wordpress\/ -->\n<title>Metrocity: avviato il secondo step del Piano Nazionale di Ripresa e Resilienza - Radio Touring 104<\/title>\n<meta name=\"description\" content=\"La Metrocity inizia ufficialmente il secondo step del Bando riforestazione finanziato dal Piano Nazionale di Ripresa e Resilienza.\" \/>\n<meta name=\"robots\" content=\"index, follow, max-snippet:-1, max-image-preview:large, max-video-preview:-1\" \/>\n<link rel=\"canonical\" href=\"https:\/\/progettotouring.it\/radiotouring104\/2023\/06\/05\/metrocity-avviato-il-piano-nazionale-di-ripresa-e-resilienza\/\" \/>\n<meta property=\"og:locale\" content=\"it_IT\" \/>\n<meta property=\"og:type\" content=\"article\" \/>\n<meta property=\"og:title\" content=\"Metrocity: avviato il secondo step del Piano Nazionale di Ripresa e Resilienza - Radio Touring 104\" \/>\n<meta property=\"og:description\" content=\"La Metrocity inizia ufficialmente il secondo step del Bando riforestazione finanziato dal Piano Nazionale di Ripresa e Resilienza.\" \/>\n<meta property=\"og:url\" content=\"https:\/\/progettotouring.it\/radiotouring104\/2023\/06\/05\/metrocity-avviato-il-piano-nazionale-di-ripresa-e-resilienza\/\" \/>\n<meta property=\"og:site_name\" content=\"Radio Touring 104\" \/>\n<meta property=\"article:published_time\" content=\"2023-06-05T12:36:38+00:00\" \/>\n<meta property=\"article:modified_time\" content=\"2023-06-05T12:43:41+00:00\" \/>\n<meta property=\"og:image\" content=\"https:\/\/progettotouring.it\/radiotouring104\/wp-content\/uploads\/sites\/6\/2023\/06\/bando-forestazione-metrocity.jpeg\" \/>\n\t<meta property=\"og:image:width\" content=\"2000\" \/>\n\t<meta property=\"og:image:height\" content=\"1500\" \/>\n\t<meta property=\"og:image:type\" content=\"image\/jpeg\" \/>\n<meta name=\"author\" content=\"Filippo Francesco Idone\" \/>\n<meta name=\"twitter:card\" content=\"summary_large_image\" \/>\n<meta name=\"twitter:label1\" content=\"Scritto da\" \/>\n\t<meta name=\"twitter:data1\" content=\"Filippo Francesco Idone\" \/>\n\t<meta name=\"twitter:label2\" content=\"Tempo di lettura stimato\" \/>\n\t<meta name=\"twitter:data2\" content=\"3 minuti\" \/>\n<script type=\"application\/ld+json\" class=\"yoast-schema-graph\">{\"@context\":\"https:\/\/schema.org\",\"@graph\":[{\"@type\":\"Article\",\"@id\":\"https:\/\/progettotouring.it\/radiotouring104\/2023\/06\/05\/metrocity-avviato-il-piano-nazionale-di-ripresa-e-resilienza\/#article\",\"isPartOf\":{\"@id\":\"https:\/\/progettotouring.it\/radiotouring104\/2023\/06\/05\/metrocity-avviato-il-piano-nazionale-di-ripresa-e-resilienza\/\"},\"author\":{\"name\":\"Filippo Francesco Idone\",\"@id\":\"https:\/\/progettotouring.it\/radiotouring104\/#\/schema\/person\/4a82259ca52ac8702ad1a8f9e5a3120b\"},\"headline\":\"Metrocity: avviato il secondo step del Piano Nazionale di Ripresa e Resilienza\",\"datePublished\":\"2023-06-05T12:36:38+00:00\",\"dateModified\":\"2023-06-05T12:43:41+00:00\",\"mainEntityOfPage\":{\"@id\":\"https:\/\/progettotouring.it\/radiotouring104\/2023\/06\/05\/metrocity-avviato-il-piano-nazionale-di-ripresa-e-resilienza\/\"},\"wordCount\":577,\"publisher\":{\"@id\":\"https:\/\/progettotouring.it\/radiotouring104\/#organization\"},\"image\":{\"@id\":\"https:\/\/progettotouring.it\/radiotouring104\/2023\/06\/05\/metrocity-avviato-il-piano-nazionale-di-ripresa-e-resilienza\/#primaryimage\"},\"thumbnailUrl\":\"https:\/\/progettotouring.it\/radiotouring104\/wp-content\/uploads\/sites\/6\/2023\/06\/bando-forestazione-metrocity.jpeg\",\"keywords\":[\"Fuda\",\"Piano Nazionale di Ripresa e Resilienza\",\"reggio calabria\"],\"articleSection\":[\"Calabria\",\"Home\",\"News\"],\"inLanguage\":\"it-IT\"},{\"@type\":\"WebPage\",\"@id\":\"https:\/\/progettotouring.it\/radiotouring104\/2023\/06\/05\/metrocity-avviato-il-piano-nazionale-di-ripresa-e-resilienza\/\",\"url\":\"https:\/\/progettotouring.it\/radiotouring104\/2023\/06\/05\/metrocity-avviato-il-piano-nazionale-di-ripresa-e-resilienza\/\",\"name\":\"Metrocity: avviato il secondo step del Piano Nazionale di Ripresa e Resilienza - Radio Touring 104\",\"isPartOf\":{\"@id\":\"https:\/\/progettotouring.it\/radiotouring104\/#website\"},\"primaryImageOfPage\":{\"@id\":\"https:\/\/progettotouring.it\/radiotouring104\/2023\/06\/05\/metrocity-avviato-il-piano-nazionale-di-ripresa-e-resilienza\/#primaryimage\"},\"image\":{\"@id\":\"https:\/\/progettotouring.it\/radiotouring104\/2023\/06\/05\/metrocity-avviato-il-piano-nazionale-di-ripresa-e-resilienza\/#primaryimage\"},\"thumbnailUrl\":\"https:\/\/progettotouring.it\/radiotouring104\/wp-content\/uploads\/sites\/6\/2023\/06\/bando-forestazione-metrocity.jpeg\",\"datePublished\":\"2023-06-05T12:36:38+00:00\",\"dateModified\":\"2023-06-05T12:43:41+00:00\",\"description\":\"La Metrocity inizia ufficialmente il secondo step del Bando riforestazione finanziato dal Piano Nazionale di Ripresa e Resilienza.\",\"breadcrumb\":{\"@id\":\"https:\/\/progettotouring.it\/radiotouring104\/2023\/06\/05\/metrocity-avviato-il-piano-nazionale-di-ripresa-e-resilienza\/#breadcrumb\"},\"inLanguage\":\"it-IT\",\"potentialAction\":[{\"@type\":\"ReadAction\",\"target\":[\"https:\/\/progettotouring.it\/radiotouring104\/2023\/06\/05\/metrocity-avviato-il-piano-nazionale-di-ripresa-e-resilienza\/\"]}]},{\"@type\":\"ImageObject\",\"inLanguage\":\"it-IT\",\"@id\":\"https:\/\/progettotouring.it\/radiotouring104\/2023\/06\/05\/metrocity-avviato-il-piano-nazionale-di-ripresa-e-resilienza\/#primaryimage\",\"url\":\"https:\/\/progettotouring.it\/radiotouring104\/wp-content\/uploads\/sites\/6\/2023\/06\/bando-forestazione-metrocity.jpeg\",\"contentUrl\":\"https:\/\/progettotouring.it\/radiotouring104\/wp-content\/uploads\/sites\/6\/2023\/06\/bando-forestazione-metrocity.jpeg\",\"width\":2000,\"height\":1500},{\"@type\":\"BreadcrumbList\",\"@id\":\"https:\/\/progettotouring.it\/radiotouring104\/2023\/06\/05\/metrocity-avviato-il-piano-nazionale-di-ripresa-e-resilienza\/#breadcrumb\",\"itemListElement\":[{\"@type\":\"ListItem\",\"position\":1,\"name\":\"Home\",\"item\":\"https:\/\/progettotouring.it\/radiotouring104\/\"},{\"@type\":\"ListItem\",\"position\":2,\"name\":\"Metrocity: avviato il secondo step del Piano Nazionale di Ripresa e Resilienza\"}]},{\"@type\":\"WebSite\",\"@id\":\"https:\/\/progettotouring.it\/radiotouring104\/#website\",\"url\":\"https:\/\/progettotouring.it\/radiotouring104\/\",\"name\":\"Radio Touring 104\",\"description\":\"La prima radio Reggina\",\"publisher\":{\"@id\":\"https:\/\/progettotouring.it\/radiotouring104\/#organization\"},\"potentialAction\":[{\"@type\":\"SearchAction\",\"target\":{\"@type\":\"EntryPoint\",\"urlTemplate\":\"https:\/\/progettotouring.it\/radiotouring104\/?s={search_term_string}\"},\"query-input\":{\"@type\":\"PropertyValueSpecification\",\"valueRequired\":true,\"valueName\":\"search_term_string\"}}],\"inLanguage\":\"it-IT\"},{\"@type\":\"Organization\",\"@id\":\"https:\/\/progettotouring.it\/radiotouring104\/#organization\",\"name\":\"Radio Touring 104\",\"url\":\"https:\/\/progettotouring.it\/radiotouring104\/\",\"logo\":{\"@type\":\"ImageObject\",\"inLanguage\":\"it-IT\",\"@id\":\"https:\/\/progettotouring.it\/radiotouring104\/#\/schema\/logo\/image\/\",\"url\":\"https:\/\/progettotouring.it\/radiotouring104\/wp-content\/uploads\/sites\/6\/2022\/02\/cropped-logo-radio-touring-104.png\",\"contentUrl\":\"https:\/\/progettotouring.it\/radiotouring104\/wp-content\/uploads\/sites\/6\/2022\/02\/cropped-logo-radio-touring-104.png\",\"width\":377,\"height\":182,\"caption\":\"Radio Touring 104\"},\"image\":{\"@id\":\"https:\/\/progettotouring.it\/radiotouring104\/#\/schema\/logo\/image\/\"}},{\"@type\":\"Person\",\"@id\":\"https:\/\/progettotouring.it\/radiotouring104\/#\/schema\/person\/4a82259ca52ac8702ad1a8f9e5a3120b\",\"name\":\"Filippo Francesco Idone\",\"image\":{\"@type\":\"ImageObject\",\"inLanguage\":\"it-IT\",\"@id\":\"https:\/\/secure.gravatar.com\/avatar\/7268715d2366395c3dd314385670e6484117d44f5c442e61e230f7008b7b62d3?s=96&d=mm&r=g\",\"url\":\"https:\/\/secure.gravatar.com\/avatar\/7268715d2366395c3dd314385670e6484117d44f5c442e61e230f7008b7b62d3?s=96&d=mm&r=g\",\"contentUrl\":\"https:\/\/secure.gravatar.com\/avatar\/7268715d2366395c3dd314385670e6484117d44f5c442e61e230f7008b7b62d3?s=96&d=mm&r=g\",\"caption\":\"Filippo Francesco Idone\"},\"url\":\"https:\/\/progettotouring.it\/radiotouring104\/author\/filippoidone\/\"}]}<\/script>\n<!-- \/ Yoast SEO plugin. -->","yoast_head_json":{"title":"Metrocity: avviato il secondo step del Piano Nazionale di Ripresa e Resilienza - Radio Touring 104","description":"La Metrocity inizia ufficialmente il secondo step del Bando riforestazione finanziato dal Piano Nazionale di Ripresa e Resilienza.","robots":{"index":"index","follow":"follow","max-snippet":"max-snippet:-1","max-image-preview":"max-image-preview:large","max-video-preview":"max-video-preview:-1"},"canonical":"https:\/\/progettotouring.it\/radiotouring104\/2023\/06\/05\/metrocity-avviato-il-piano-nazionale-di-ripresa-e-resilienza\/","og_locale":"it_IT","og_type":"article","og_title":"Metrocity: avviato il secondo step del Piano Nazionale di Ripresa e Resilienza - Radio Touring 104","og_description":"La Metrocity inizia ufficialmente il secondo step del Bando riforestazione finanziato dal Piano Nazionale di Ripresa e Resilienza.","og_url":"https:\/\/progettotouring.it\/radiotouring104\/2023\/06\/05\/metrocity-avviato-il-piano-nazionale-di-ripresa-e-resilienza\/","og_site_name":"Radio Touring 104","article_published_time":"2023-06-05T12:36:38+00:00","article_modified_time":"2023-06-05T12:43:41+00:00","og_image":[{"width":2000,"height":1500,"url":"https:\/\/progettotouring.it\/radiotouring104\/wp-content\/uploads\/sites\/6\/2023\/06\/bando-forestazione-metrocity.jpeg","type":"image\/jpeg"}],"author":"Filippo Francesco Idone","twitter_card":"summary_large_image","twitter_misc":{"Scritto da":"Filippo Francesco Idone","Tempo di lettura stimato":"3 minuti"},"schema":{"@context":"https:\/\/schema.org","@graph":[{"@type":"Article","@id":"https:\/\/progettotouring.it\/radiotouring104\/2023\/06\/05\/metrocity-avviato-il-piano-nazionale-di-ripresa-e-resilienza\/#article","isPartOf":{"@id":"https:\/\/progettotouring.it\/radiotouring104\/2023\/06\/05\/metrocity-avviato-il-piano-nazionale-di-ripresa-e-resilienza\/"},"author":{"name":"Filippo Francesco Idone","@id":"https:\/\/progettotouring.it\/radiotouring104\/#\/schema\/person\/4a82259ca52ac8702ad1a8f9e5a3120b"},"headline":"Metrocity: avviato il secondo step del Piano Nazionale di Ripresa e Resilienza","datePublished":"2023-06-05T12:36:38+00:00","dateModified":"2023-06-05T12:43:41+00:00","mainEntityOfPage":{"@id":"https:\/\/progettotouring.it\/radiotouring104\/2023\/06\/05\/metrocity-avviato-il-piano-nazionale-di-ripresa-e-resilienza\/"},"wordCount":577,"publisher":{"@id":"https:\/\/progettotouring.it\/radiotouring104\/#organization"},"image":{"@id":"https:\/\/progettotouring.it\/radiotouring104\/2023\/06\/05\/metrocity-avviato-il-piano-nazionale-di-ripresa-e-resilienza\/#primaryimage"},"thumbnailUrl":"https:\/\/progettotouring.it\/radiotouring104\/wp-content\/uploads\/sites\/6\/2023\/06\/bando-forestazione-metrocity.jpeg","keywords":["Fuda","Piano Nazionale di Ripresa e Resilienza","reggio calabria"],"articleSection":["Calabria","Home","News"],"inLanguage":"it-IT"},{"@type":"WebPage","@id":"https:\/\/progettotouring.it\/radiotouring104\/2023\/06\/05\/metrocity-avviato-il-piano-nazionale-di-ripresa-e-resilienza\/","url":"https:\/\/progettotouring.it\/radiotouring104\/2023\/06\/05\/metrocity-avviato-il-piano-nazionale-di-ripresa-e-resilienza\/","name":"Metrocity: avviato il secondo step del Piano Nazionale di Ripresa e Resilienza - Radio Touring 104","isPartOf":{"@id":"https:\/\/progettotouring.it\/radiotouring104\/#website"},"primaryImageOfPage":{"@id":"https:\/\/progettotouring.it\/radiotouring104\/2023\/06\/05\/metrocity-avviato-il-piano-nazionale-di-ripresa-e-resilienza\/#primaryimage"},"image":{"@id":"https:\/\/progettotouring.it\/radiotouring104\/2023\/06\/05\/metrocity-avviato-il-piano-nazionale-di-ripresa-e-resilienza\/#primaryimage"},"thumbnailUrl":"https:\/\/progettotouring.it\/radiotouring104\/wp-content\/uploads\/sites\/6\/2023\/06\/bando-forestazione-metrocity.jpeg","datePublished":"2023-06-05T12:36:38+00:00","dateModified":"2023-06-05T12:43:41+00:00","description":"La Metrocity inizia ufficialmente il secondo step del Bando riforestazione finanziato dal Piano Nazionale di Ripresa e Resilienza.","breadcrumb":{"@id":"https:\/\/progettotouring.it\/radiotouring104\/2023\/06\/05\/metrocity-avviato-il-piano-nazionale-di-ripresa-e-resilienza\/#breadcrumb"},"inLanguage":"it-IT","potentialAction":[{"@type":"ReadAction","target":["https:\/\/progettotouring.it\/radiotouring104\/2023\/06\/05\/metrocity-avviato-il-piano-nazionale-di-ripresa-e-resilienza\/"]}]},{"@type":"ImageObject","inLanguage":"it-IT","@id":"https:\/\/progettotouring.it\/radiotouring104\/2023\/06\/05\/metrocity-avviato-il-piano-nazionale-di-ripresa-e-resilienza\/#primaryimage","url":"https:\/\/progettotouring.it\/radiotouring104\/wp-content\/uploads\/sites\/6\/2023\/06\/bando-forestazione-metrocity.jpeg","contentUrl":"https:\/\/progettotouring.it\/radiotouring104\/wp-content\/uploads\/sites\/6\/2023\/06\/bando-forestazione-metrocity.jpeg","width":2000,"height":1500},{"@type":"BreadcrumbList","@id":"https:\/\/progettotouring.it\/radiotouring104\/2023\/06\/05\/metrocity-avviato-il-piano-nazionale-di-ripresa-e-resilienza\/#breadcrumb","itemListElement":[{"@type":"ListItem","position":1,"name":"Home","item":"https:\/\/progettotouring.it\/radiotouring104\/"},{"@type":"ListItem","position":2,"name":"Metrocity: avviato il secondo step del Piano Nazionale di Ripresa e Resilienza"}]},{"@type":"WebSite","@id":"https:\/\/progettotouring.it\/radiotouring104\/#website","url":"https:\/\/progettotouring.it\/radiotouring104\/","name":"Radio Touring 104","description":"La prima radio Reggina","publisher":{"@id":"https:\/\/progettotouring.it\/radiotouring104\/#organization"},"potentialAction":[{"@type":"SearchAction","target":{"@type":"EntryPoint","urlTemplate":"https:\/\/progettotouring.it\/radiotouring104\/?s={search_term_string}"},"query-input":{"@type":"PropertyValueSpecification","valueRequired":true,"valueName":"search_term_string"}}],"inLanguage":"it-IT"},{"@type":"Organization","@id":"https:\/\/progettotouring.it\/radiotouring104\/#organization","name":"Radio Touring 104","url":"https:\/\/progettotouring.it\/radiotouring104\/","logo":{"@type":"ImageObject","inLanguage":"it-IT","@id":"https:\/\/progettotouring.it\/radiotouring104\/#\/schema\/logo\/image\/","url":"https:\/\/progettotouring.it\/radiotouring104\/wp-content\/uploads\/sites\/6\/2022\/02\/cropped-logo-radio-touring-104.png","contentUrl":"https:\/\/progettotouring.it\/radiotouring104\/wp-content\/uploads\/sites\/6\/2022\/02\/cropped-logo-radio-touring-104.png","width":377,"height":182,"caption":"Radio Touring 104"},"image":{"@id":"https:\/\/progettotouring.it\/radiotouring104\/#\/schema\/logo\/image\/"}},{"@type":"Person","@id":"https:\/\/progettotouring.it\/radiotouring104\/#\/schema\/person\/4a82259ca52ac8702ad1a8f9e5a3120b","name":"Filippo Francesco Idone","image":{"@type":"ImageObject","inLanguage":"it-IT","@id":"https:\/\/secure.gravatar.com\/avatar\/7268715d2366395c3dd314385670e6484117d44f5c442e61e230f7008b7b62d3?s=96&d=mm&r=g","url":"https:\/\/secure.gravatar.com\/avatar\/7268715d2366395c3dd314385670e6484117d44f5c442e61e230f7008b7b62d3?s=96&d=mm&r=g","contentUrl":"https:\/\/secure.gravatar.com\/avatar\/7268715d2366395c3dd314385670e6484117d44f5c442e61e230f7008b7b62d3?s=96&d=mm&r=g","caption":"Filippo Francesco Idone"},"url":"https:\/\/progettotouring.it\/radiotouring104\/author\/filippoidone\/"}]}},"jetpack_publicize_connections":[],"jetpack_featured_media_url":"https:\/\/progettotouring.it\/radiotouring104\/wp-content\/uploads\/sites\/6\/2023\/06\/bando-forestazione-metrocity.jpeg","jetpack_sharing_enabled":true,"_links":{"self":[{"href":"https:\/\/progettotouring.it\/radiotouring104\/wp-json\/wp\/v2\/posts\/27357","targetHints":{"allow":["GET"]}}],"collection":[{"href":"https:\/\/progettotouring.it\/radiotouring104\/wp-json\/wp\/v2\/posts"}],"about":[{"href":"https:\/\/progettotouring.it\/radiotouring104\/wp-json\/wp\/v2\/types\/post"}],"author":[{"embeddable":true,"href":"https:\/\/progettotouring.it\/radiotouring104\/wp-json\/wp\/v2\/users\/8"}],"replies":[{"embeddable":true,"href":"https:\/\/progettotouring.it\/radiotouring104\/wp-json\/wp\/v2\/comments?post=27357"}],"version-history":[{"count":2,"href":"https:\/\/progettotouring.it\/radiotouring104\/wp-json\/wp\/v2\/posts\/27357\/revisions"}],"predecessor-version":[{"id":27360,"href":"https:\/\/progettotouring.it\/radiotouring104\/wp-json\/wp\/v2\/posts\/27357\/revisions\/27360"}],"wp:featuredmedia":[{"embeddable":true,"href":"https:\/\/progettotouring.it\/radiotouring104\/wp-json\/wp\/v2\/media\/27358"}],"wp:attachment":[{"href":"https:\/\/progettotouring.it\/radiotouring104\/wp-json\/wp\/v2\/media?parent=27357"}],"wp:term":[{"taxonomy":"category","embeddable":true,"href":"https:\/\/progettotouring.it\/radiotouring104\/wp-json\/wp\/v2\/categories?post=27357"},{"taxonomy":"post_tag","embeddable":true,"href":"https:\/\/progettotouring.it\/radiotouring104\/wp-json\/wp\/v2\/tags?post=27357"}],"curies":[{"name":"wp","href":"https:\/\/api.w.org\/{rel}","templated":true}]}}