{"id":27361,"date":"2023-06-05T14:35:42","date_gmt":"2023-06-05T12:35:42","guid":{"rendered":"https:\/\/progettotouring.it\/radiotouring104\/?p=27361"},"modified":"2023-06-05T15:59:45","modified_gmt":"2023-06-05T13:59:45","slug":"renga-e-nek-in-tour-due-tappe-in-calabria","status":"publish","type":"post","link":"https:\/\/progettotouring.it\/radiotouring104\/2023\/06\/05\/renga-e-nek-in-tour-due-tappe-in-calabria\/","title":{"rendered":"Renga e Nek in Tour: due tappe in Calabria"},"content":{"rendered":"<p style=\"text-align: justify\">Ironia, irriverenza, un pizzico di sound anni 80 e la leggerezza tipica dell\u2019estate italiana: sono questi gli ingredienti de \u201cIL SOLITO LIDO\u201d (Epic \/ Sony Music) il nuovo brano di FRANCESCO RENGA e NEK, fuori venerd\u00ec 9 giugno.<\/p>\n<p style=\"text-align: justify\">Scritto e composto da Francesco Renga, Davide Sartore e Diego Ceccon e prodotto da Nek, Enrico Brun e Marco Paganelli, \u201cIL SOLITO LIDO\u201d racconta la disillusione e il disincanto di una generazione, la nostra \u2013 dichiarano gli artisti. E lo fa con l\u2019ironia di chi sa che la vita va sempre vissuta alla ricerca della felicit\u00e0, affrontata col sorriso e con il cinismo garbato di chi ha gli strumenti per poterlo fare, perch\u00e9 molte cose sono gi\u00e0 successe e molti colpi li abbiamo gi\u00e0 parati. \u201cE cammino a passo lento verso la fine del mondo\u2026 con la camicia e l\u2019infradito\u201d sono la rappresentazione plastica del momento che ognuno di noi sta vivendo.<\/p>\n<p><strong>Renga<\/strong> e <strong>Nek<\/strong> presenteranno il brano sul palco durante il tour che li vedr\u00e0 protagonisti insieme in tutta Italia dal 2 luglio e che culminer\u00e0 in due eventi speciali, il 5 settembre all\u2019Arena di Verona (che ha gi\u00e0 superato i 9000 biglietti venduti) e sabato 7 ottobre al Mediolanum Forum di Assago \u2013 MILANO.<\/p>\n<p><strong>Questi tutti gli appuntamenti live:<\/strong><\/p>\n<p>02 luglio &#8211; Cavea dell\u2019Auditorium Parco della Musica Ennio Morricone &#8211; ROMA<\/p>\n<p>05 luglio &#8211; Marostica Summer Festival &#8211; MAROSTICA (VI)<\/p>\n<p>11 luglio &#8211; Anfiteatro dell\u2019Anima &#8211; CERVERE (CN)<\/p>\n<p>14 luglio &#8211; Parco Vistarino &#8211; SASSUOLO (MO)<\/p>\n<p>29 luglio &#8211; Festival di Majano (Area Concerti) &#8211; MAJANO (UD)<\/p>\n<p>01 agosto &#8211; Oversound Music Festival \u2013 LECCE<\/p>\n<p>02 agosto &#8211; Castello Tramontano \u2013 MATERA<\/p>\n<p>04 agosto &#8211; Banchina San Domenico &#8211; MOLFETTA (BA)<\/p>\n<p>07 agosto &#8211; Piazzale D\u2019Alaggio (Festival 20Eventi) \u2013 PIOMBINO (LI)<\/p>\n<p><strong>16 agosto &#8211; Roccella Summer Festival &#8211; ROCCELLA JONICA (RC)<\/strong><\/p>\n<p><strong>17 agosto &#8211; Mercati Saraceni &#8211; CIR\u00d2 MARINA (KR)<\/strong><\/p>\n<p>19 agosto &#8211; Arena 3040 &#8211; CAROVIGNO (BR)<\/p>\n<p>26 agosto &#8211; Teatro Antico &#8211; TAORMINA<\/p>\n<p>27 agosto &#8211; Teatro Valle Dei Templi &#8211; AGRIGENTO<\/p>\n<p>02 settembre &#8211; Piazza dei Cavalieri (Summer Knights) \u2013 PISA<\/p>\n<p>05 settembre &#8211; Arena di Verona &#8211; VERONA<\/p>\n<p>07 settembre &#8211; Piazza della Loggia &#8211; BRESCIA<\/p>\n<p>09 settembre &#8211; Planet Arena &#8211; PAESTUM (SA)<\/p>\n<p>07 ottobre &#8211; Mediolanum Forum di Assago &#8211; MILANO<\/p>\n<p>11 ottobre &#8211; Teatro Augusteo &#8211; NAPOLI<\/p>\n<p>12 ottobre &#8211; Teatro Team &#8211; BARI<\/p>\n<p>16 ottobre &#8211; Europauditorium &#8211; BOLOGNA<\/p>\n<p>19 ottobre &#8211; Teatro Verdi &#8211; FIRENZE<\/p>\n<p>21 ottobre &#8211; Teatro Colosseo &#8211; TORINO<\/p>\n<p>&nbsp;<\/p>\n","protected":false},"excerpt":{"rendered":"<p>Ironia, irriverenza, un pizzico di sound anni 80 e la leggerezza tipica dell\u2019estate italiana: sono questi gli ingredienti de \u201cIL SOLITO LIDO\u201d (Epic \/ Sony Music) il nuovo brano di&hellip;<\/p>\n","protected":false},"author":8,"featured_media":27362,"comment_status":"closed","ping_status":"open","sticky":false,"template":"","format":"standard","meta":{"_jetpack_memberships_contains_paid_content":false,"footnotes":"","jetpack_publicize_message":"","jetpack_publicize_feature_enabled":true,"jetpack_social_post_already_shared":false,"jetpack_social_options":{"image_generator_settings":{"template":"highway","default_image_id":0,"font":"","enabled":false},"version":2}},"categories":[142,921,146,196],"tags":[4249,16440,16441,2012],"class_list":["post-27361","post","type-post","status-publish","format-standard","has-post-thumbnail","hentry","category-calabria","category-home","category-musica","category-news","tag-ciro-marina","tag-nek","tag-renga","tag-roccella-jonica"],"yoast_head":"<!-- This site is optimized with the Yoast SEO plugin v27.2 - https:\/\/yoast.com\/product\/yoast-seo-wordpress\/ -->\n<title>Renga e Nek in Tour: due tappe in Calabria - Radio Touring 104<\/title>\n<meta name=\"description\" content=\"Francesco Regna e Nek saranno in tour per tutta l&#039;Italia questa estate: i due saranno anche a Cir\u00f2 Marina e Roccella Jonica\" \/>\n<meta name=\"robots\" content=\"index, follow, max-snippet:-1, max-image-preview:large, max-video-preview:-1\" \/>\n<link rel=\"canonical\" href=\"https:\/\/progettotouring.it\/radiotouring104\/2023\/06\/05\/renga-e-nek-in-tour-due-tappe-in-calabria\/\" \/>\n<meta property=\"og:locale\" content=\"it_IT\" \/>\n<meta property=\"og:type\" content=\"article\" \/>\n<meta property=\"og:title\" content=\"Renga e Nek in Tour: due tappe in Calabria - Radio Touring 104\" \/>\n<meta property=\"og:description\" content=\"Francesco Regna e Nek saranno in tour per tutta l&#039;Italia questa estate: i due saranno anche a Cir\u00f2 Marina e Roccella Jonica\" \/>\n<meta property=\"og:url\" content=\"https:\/\/progettotouring.it\/radiotouring104\/2023\/06\/05\/renga-e-nek-in-tour-due-tappe-in-calabria\/\" \/>\n<meta property=\"og:site_name\" content=\"Radio Touring 104\" \/>\n<meta property=\"article:published_time\" content=\"2023-06-05T12:35:42+00:00\" \/>\n<meta property=\"article:modified_time\" content=\"2023-06-05T13:59:45+00:00\" \/>\n<meta property=\"og:image\" content=\"https:\/\/progettotouring.it\/radiotouring104\/wp-content\/uploads\/sites\/6\/2023\/06\/nek-e-renga.jpg\" \/>\n\t<meta property=\"og:image:width\" content=\"2216\" \/>\n\t<meta property=\"og:image:height\" content=\"1477\" \/>\n\t<meta property=\"og:image:type\" content=\"image\/jpeg\" \/>\n<meta name=\"author\" content=\"Filippo Francesco Idone\" \/>\n<meta name=\"twitter:card\" content=\"summary_large_image\" \/>\n<meta name=\"twitter:label1\" content=\"Scritto da\" \/>\n\t<meta name=\"twitter:data1\" content=\"Filippo Francesco Idone\" \/>\n\t<meta name=\"twitter:label2\" content=\"Tempo di lettura stimato\" \/>\n\t<meta name=\"twitter:data2\" content=\"2 minuti\" \/>\n<script type=\"application\/ld+json\" class=\"yoast-schema-graph\">{\"@context\":\"https:\/\/schema.org\",\"@graph\":[{\"@type\":\"Article\",\"@id\":\"https:\/\/progettotouring.it\/radiotouring104\/2023\/06\/05\/renga-e-nek-in-tour-due-tappe-in-calabria\/#article\",\"isPartOf\":{\"@id\":\"https:\/\/progettotouring.it\/radiotouring104\/2023\/06\/05\/renga-e-nek-in-tour-due-tappe-in-calabria\/\"},\"author\":{\"name\":\"Filippo Francesco Idone\",\"@id\":\"https:\/\/progettotouring.it\/radiotouring104\/#\/schema\/person\/4a82259ca52ac8702ad1a8f9e5a3120b\"},\"headline\":\"Renga e Nek in Tour: due tappe in Calabria\",\"datePublished\":\"2023-06-05T12:35:42+00:00\",\"dateModified\":\"2023-06-05T13:59:45+00:00\",\"mainEntityOfPage\":{\"@id\":\"https:\/\/progettotouring.it\/radiotouring104\/2023\/06\/05\/renga-e-nek-in-tour-due-tappe-in-calabria\/\"},\"wordCount\":390,\"publisher\":{\"@id\":\"https:\/\/progettotouring.it\/radiotouring104\/#organization\"},\"image\":{\"@id\":\"https:\/\/progettotouring.it\/radiotouring104\/2023\/06\/05\/renga-e-nek-in-tour-due-tappe-in-calabria\/#primaryimage\"},\"thumbnailUrl\":\"https:\/\/progettotouring.it\/radiotouring104\/wp-content\/uploads\/sites\/6\/2023\/06\/nek-e-renga.jpg\",\"keywords\":[\"cir\u00f2 Marina\",\"nek\",\"renga\",\"roccella jonica\"],\"articleSection\":[\"Calabria\",\"Home\",\"Musica\",\"News\"],\"inLanguage\":\"it-IT\"},{\"@type\":\"WebPage\",\"@id\":\"https:\/\/progettotouring.it\/radiotouring104\/2023\/06\/05\/renga-e-nek-in-tour-due-tappe-in-calabria\/\",\"url\":\"https:\/\/progettotouring.it\/radiotouring104\/2023\/06\/05\/renga-e-nek-in-tour-due-tappe-in-calabria\/\",\"name\":\"Renga e Nek in Tour: due tappe in Calabria - Radio Touring 104\",\"isPartOf\":{\"@id\":\"https:\/\/progettotouring.it\/radiotouring104\/#website\"},\"primaryImageOfPage\":{\"@id\":\"https:\/\/progettotouring.it\/radiotouring104\/2023\/06\/05\/renga-e-nek-in-tour-due-tappe-in-calabria\/#primaryimage\"},\"image\":{\"@id\":\"https:\/\/progettotouring.it\/radiotouring104\/2023\/06\/05\/renga-e-nek-in-tour-due-tappe-in-calabria\/#primaryimage\"},\"thumbnailUrl\":\"https:\/\/progettotouring.it\/radiotouring104\/wp-content\/uploads\/sites\/6\/2023\/06\/nek-e-renga.jpg\",\"datePublished\":\"2023-06-05T12:35:42+00:00\",\"dateModified\":\"2023-06-05T13:59:45+00:00\",\"description\":\"Francesco Regna e Nek saranno in tour per tutta l'Italia questa estate: i due saranno anche a Cir\u00f2 Marina e Roccella Jonica\",\"breadcrumb\":{\"@id\":\"https:\/\/progettotouring.it\/radiotouring104\/2023\/06\/05\/renga-e-nek-in-tour-due-tappe-in-calabria\/#breadcrumb\"},\"inLanguage\":\"it-IT\",\"potentialAction\":[{\"@type\":\"ReadAction\",\"target\":[\"https:\/\/progettotouring.it\/radiotouring104\/2023\/06\/05\/renga-e-nek-in-tour-due-tappe-in-calabria\/\"]}]},{\"@type\":\"ImageObject\",\"inLanguage\":\"it-IT\",\"@id\":\"https:\/\/progettotouring.it\/radiotouring104\/2023\/06\/05\/renga-e-nek-in-tour-due-tappe-in-calabria\/#primaryimage\",\"url\":\"https:\/\/progettotouring.it\/radiotouring104\/wp-content\/uploads\/sites\/6\/2023\/06\/nek-e-renga.jpg\",\"contentUrl\":\"https:\/\/progettotouring.it\/radiotouring104\/wp-content\/uploads\/sites\/6\/2023\/06\/nek-e-renga.jpg\",\"width\":2216,\"height\":1477,\"caption\":\"Ph BSA STUDIO\"},{\"@type\":\"BreadcrumbList\",\"@id\":\"https:\/\/progettotouring.it\/radiotouring104\/2023\/06\/05\/renga-e-nek-in-tour-due-tappe-in-calabria\/#breadcrumb\",\"itemListElement\":[{\"@type\":\"ListItem\",\"position\":1,\"name\":\"Home\",\"item\":\"https:\/\/progettotouring.it\/radiotouring104\/\"},{\"@type\":\"ListItem\",\"position\":2,\"name\":\"Renga e Nek in Tour: due tappe in Calabria\"}]},{\"@type\":\"WebSite\",\"@id\":\"https:\/\/progettotouring.it\/radiotouring104\/#website\",\"url\":\"https:\/\/progettotouring.it\/radiotouring104\/\",\"name\":\"Radio Touring 104\",\"description\":\"La prima radio Reggina\",\"publisher\":{\"@id\":\"https:\/\/progettotouring.it\/radiotouring104\/#organization\"},\"potentialAction\":[{\"@type\":\"SearchAction\",\"target\":{\"@type\":\"EntryPoint\",\"urlTemplate\":\"https:\/\/progettotouring.it\/radiotouring104\/?s={search_term_string}\"},\"query-input\":{\"@type\":\"PropertyValueSpecification\",\"valueRequired\":true,\"valueName\":\"search_term_string\"}}],\"inLanguage\":\"it-IT\"},{\"@type\":\"Organization\",\"@id\":\"https:\/\/progettotouring.it\/radiotouring104\/#organization\",\"name\":\"Radio Touring 104\",\"url\":\"https:\/\/progettotouring.it\/radiotouring104\/\",\"logo\":{\"@type\":\"ImageObject\",\"inLanguage\":\"it-IT\",\"@id\":\"https:\/\/progettotouring.it\/radiotouring104\/#\/schema\/logo\/image\/\",\"url\":\"https:\/\/progettotouring.it\/radiotouring104\/wp-content\/uploads\/sites\/6\/2022\/02\/cropped-logo-radio-touring-104.png\",\"contentUrl\":\"https:\/\/progettotouring.it\/radiotouring104\/wp-content\/uploads\/sites\/6\/2022\/02\/cropped-logo-radio-touring-104.png\",\"width\":377,\"height\":182,\"caption\":\"Radio Touring 104\"},\"image\":{\"@id\":\"https:\/\/progettotouring.it\/radiotouring104\/#\/schema\/logo\/image\/\"}},{\"@type\":\"Person\",\"@id\":\"https:\/\/progettotouring.it\/radiotouring104\/#\/schema\/person\/4a82259ca52ac8702ad1a8f9e5a3120b\",\"name\":\"Filippo Francesco Idone\",\"image\":{\"@type\":\"ImageObject\",\"inLanguage\":\"it-IT\",\"@id\":\"https:\/\/secure.gravatar.com\/avatar\/7268715d2366395c3dd314385670e6484117d44f5c442e61e230f7008b7b62d3?s=96&d=mm&r=g\",\"url\":\"https:\/\/secure.gravatar.com\/avatar\/7268715d2366395c3dd314385670e6484117d44f5c442e61e230f7008b7b62d3?s=96&d=mm&r=g\",\"contentUrl\":\"https:\/\/secure.gravatar.com\/avatar\/7268715d2366395c3dd314385670e6484117d44f5c442e61e230f7008b7b62d3?s=96&d=mm&r=g\",\"caption\":\"Filippo Francesco Idone\"},\"url\":\"https:\/\/progettotouring.it\/radiotouring104\/author\/filippoidone\/\"}]}<\/script>\n<!-- \/ Yoast SEO plugin. -->","yoast_head_json":{"title":"Renga e Nek in Tour: due tappe in Calabria - Radio Touring 104","description":"Francesco Regna e Nek saranno in tour per tutta l'Italia questa estate: i due saranno anche a Cir\u00f2 Marina e Roccella Jonica","robots":{"index":"index","follow":"follow","max-snippet":"max-snippet:-1","max-image-preview":"max-image-preview:large","max-video-preview":"max-video-preview:-1"},"canonical":"https:\/\/progettotouring.it\/radiotouring104\/2023\/06\/05\/renga-e-nek-in-tour-due-tappe-in-calabria\/","og_locale":"it_IT","og_type":"article","og_title":"Renga e Nek in Tour: due tappe in Calabria - Radio Touring 104","og_description":"Francesco Regna e Nek saranno in tour per tutta l'Italia questa estate: i due saranno anche a Cir\u00f2 Marina e Roccella Jonica","og_url":"https:\/\/progettotouring.it\/radiotouring104\/2023\/06\/05\/renga-e-nek-in-tour-due-tappe-in-calabria\/","og_site_name":"Radio Touring 104","article_published_time":"2023-06-05T12:35:42+00:00","article_modified_time":"2023-06-05T13:59:45+00:00","og_image":[{"width":2216,"height":1477,"url":"https:\/\/progettotouring.it\/radiotouring104\/wp-content\/uploads\/sites\/6\/2023\/06\/nek-e-renga.jpg","type":"image\/jpeg"}],"author":"Filippo Francesco Idone","twitter_card":"summary_large_image","twitter_misc":{"Scritto da":"Filippo Francesco Idone","Tempo di lettura stimato":"2 minuti"},"schema":{"@context":"https:\/\/schema.org","@graph":[{"@type":"Article","@id":"https:\/\/progettotouring.it\/radiotouring104\/2023\/06\/05\/renga-e-nek-in-tour-due-tappe-in-calabria\/#article","isPartOf":{"@id":"https:\/\/progettotouring.it\/radiotouring104\/2023\/06\/05\/renga-e-nek-in-tour-due-tappe-in-calabria\/"},"author":{"name":"Filippo Francesco Idone","@id":"https:\/\/progettotouring.it\/radiotouring104\/#\/schema\/person\/4a82259ca52ac8702ad1a8f9e5a3120b"},"headline":"Renga e Nek in Tour: due tappe in Calabria","datePublished":"2023-06-05T12:35:42+00:00","dateModified":"2023-06-05T13:59:45+00:00","mainEntityOfPage":{"@id":"https:\/\/progettotouring.it\/radiotouring104\/2023\/06\/05\/renga-e-nek-in-tour-due-tappe-in-calabria\/"},"wordCount":390,"publisher":{"@id":"https:\/\/progettotouring.it\/radiotouring104\/#organization"},"image":{"@id":"https:\/\/progettotouring.it\/radiotouring104\/2023\/06\/05\/renga-e-nek-in-tour-due-tappe-in-calabria\/#primaryimage"},"thumbnailUrl":"https:\/\/progettotouring.it\/radiotouring104\/wp-content\/uploads\/sites\/6\/2023\/06\/nek-e-renga.jpg","keywords":["cir\u00f2 Marina","nek","renga","roccella jonica"],"articleSection":["Calabria","Home","Musica","News"],"inLanguage":"it-IT"},{"@type":"WebPage","@id":"https:\/\/progettotouring.it\/radiotouring104\/2023\/06\/05\/renga-e-nek-in-tour-due-tappe-in-calabria\/","url":"https:\/\/progettotouring.it\/radiotouring104\/2023\/06\/05\/renga-e-nek-in-tour-due-tappe-in-calabria\/","name":"Renga e Nek in Tour: due tappe in Calabria - Radio Touring 104","isPartOf":{"@id":"https:\/\/progettotouring.it\/radiotouring104\/#website"},"primaryImageOfPage":{"@id":"https:\/\/progettotouring.it\/radiotouring104\/2023\/06\/05\/renga-e-nek-in-tour-due-tappe-in-calabria\/#primaryimage"},"image":{"@id":"https:\/\/progettotouring.it\/radiotouring104\/2023\/06\/05\/renga-e-nek-in-tour-due-tappe-in-calabria\/#primaryimage"},"thumbnailUrl":"https:\/\/progettotouring.it\/radiotouring104\/wp-content\/uploads\/sites\/6\/2023\/06\/nek-e-renga.jpg","datePublished":"2023-06-05T12:35:42+00:00","dateModified":"2023-06-05T13:59:45+00:00","description":"Francesco Regna e Nek saranno in tour per tutta l'Italia questa estate: i due saranno anche a Cir\u00f2 Marina e Roccella Jonica","breadcrumb":{"@id":"https:\/\/progettotouring.it\/radiotouring104\/2023\/06\/05\/renga-e-nek-in-tour-due-tappe-in-calabria\/#breadcrumb"},"inLanguage":"it-IT","potentialAction":[{"@type":"ReadAction","target":["https:\/\/progettotouring.it\/radiotouring104\/2023\/06\/05\/renga-e-nek-in-tour-due-tappe-in-calabria\/"]}]},{"@type":"ImageObject","inLanguage":"it-IT","@id":"https:\/\/progettotouring.it\/radiotouring104\/2023\/06\/05\/renga-e-nek-in-tour-due-tappe-in-calabria\/#primaryimage","url":"https:\/\/progettotouring.it\/radiotouring104\/wp-content\/uploads\/sites\/6\/2023\/06\/nek-e-renga.jpg","contentUrl":"https:\/\/progettotouring.it\/radiotouring104\/wp-content\/uploads\/sites\/6\/2023\/06\/nek-e-renga.jpg","width":2216,"height":1477,"caption":"Ph BSA STUDIO"},{"@type":"BreadcrumbList","@id":"https:\/\/progettotouring.it\/radiotouring104\/2023\/06\/05\/renga-e-nek-in-tour-due-tappe-in-calabria\/#breadcrumb","itemListElement":[{"@type":"ListItem","position":1,"name":"Home","item":"https:\/\/progettotouring.it\/radiotouring104\/"},{"@type":"ListItem","position":2,"name":"Renga e Nek in Tour: due tappe in Calabria"}]},{"@type":"WebSite","@id":"https:\/\/progettotouring.it\/radiotouring104\/#website","url":"https:\/\/progettotouring.it\/radiotouring104\/","name":"Radio Touring 104","description":"La prima radio Reggina","publisher":{"@id":"https:\/\/progettotouring.it\/radiotouring104\/#organization"},"potentialAction":[{"@type":"SearchAction","target":{"@type":"EntryPoint","urlTemplate":"https:\/\/progettotouring.it\/radiotouring104\/?s={search_term_string}"},"query-input":{"@type":"PropertyValueSpecification","valueRequired":true,"valueName":"search_term_string"}}],"inLanguage":"it-IT"},{"@type":"Organization","@id":"https:\/\/progettotouring.it\/radiotouring104\/#organization","name":"Radio Touring 104","url":"https:\/\/progettotouring.it\/radiotouring104\/","logo":{"@type":"ImageObject","inLanguage":"it-IT","@id":"https:\/\/progettotouring.it\/radiotouring104\/#\/schema\/logo\/image\/","url":"https:\/\/progettotouring.it\/radiotouring104\/wp-content\/uploads\/sites\/6\/2022\/02\/cropped-logo-radio-touring-104.png","contentUrl":"https:\/\/progettotouring.it\/radiotouring104\/wp-content\/uploads\/sites\/6\/2022\/02\/cropped-logo-radio-touring-104.png","width":377,"height":182,"caption":"Radio Touring 104"},"image":{"@id":"https:\/\/progettotouring.it\/radiotouring104\/#\/schema\/logo\/image\/"}},{"@type":"Person","@id":"https:\/\/progettotouring.it\/radiotouring104\/#\/schema\/person\/4a82259ca52ac8702ad1a8f9e5a3120b","name":"Filippo Francesco Idone","image":{"@type":"ImageObject","inLanguage":"it-IT","@id":"https:\/\/secure.gravatar.com\/avatar\/7268715d2366395c3dd314385670e6484117d44f5c442e61e230f7008b7b62d3?s=96&d=mm&r=g","url":"https:\/\/secure.gravatar.com\/avatar\/7268715d2366395c3dd314385670e6484117d44f5c442e61e230f7008b7b62d3?s=96&d=mm&r=g","contentUrl":"https:\/\/secure.gravatar.com\/avatar\/7268715d2366395c3dd314385670e6484117d44f5c442e61e230f7008b7b62d3?s=96&d=mm&r=g","caption":"Filippo Francesco Idone"},"url":"https:\/\/progettotouring.it\/radiotouring104\/author\/filippoidone\/"}]}},"jetpack_publicize_connections":[],"jetpack_featured_media_url":"https:\/\/progettotouring.it\/radiotouring104\/wp-content\/uploads\/sites\/6\/2023\/06\/nek-e-renga.jpg","jetpack_sharing_enabled":true,"_links":{"self":[{"href":"https:\/\/progettotouring.it\/radiotouring104\/wp-json\/wp\/v2\/posts\/27361","targetHints":{"allow":["GET"]}}],"collection":[{"href":"https:\/\/progettotouring.it\/radiotouring104\/wp-json\/wp\/v2\/posts"}],"about":[{"href":"https:\/\/progettotouring.it\/radiotouring104\/wp-json\/wp\/v2\/types\/post"}],"author":[{"embeddable":true,"href":"https:\/\/progettotouring.it\/radiotouring104\/wp-json\/wp\/v2\/users\/8"}],"replies":[{"embeddable":true,"href":"https:\/\/progettotouring.it\/radiotouring104\/wp-json\/wp\/v2\/comments?post=27361"}],"version-history":[{"count":1,"href":"https:\/\/progettotouring.it\/radiotouring104\/wp-json\/wp\/v2\/posts\/27361\/revisions"}],"predecessor-version":[{"id":27363,"href":"https:\/\/progettotouring.it\/radiotouring104\/wp-json\/wp\/v2\/posts\/27361\/revisions\/27363"}],"wp:featuredmedia":[{"embeddable":true,"href":"https:\/\/progettotouring.it\/radiotouring104\/wp-json\/wp\/v2\/media\/27362"}],"wp:attachment":[{"href":"https:\/\/progettotouring.it\/radiotouring104\/wp-json\/wp\/v2\/media?parent=27361"}],"wp:term":[{"taxonomy":"category","embeddable":true,"href":"https:\/\/progettotouring.it\/radiotouring104\/wp-json\/wp\/v2\/categories?post=27361"},{"taxonomy":"post_tag","embeddable":true,"href":"https:\/\/progettotouring.it\/radiotouring104\/wp-json\/wp\/v2\/tags?post=27361"}],"curies":[{"name":"wp","href":"https:\/\/api.w.org\/{rel}","templated":true}]}}