{"id":27364,"date":"2023-06-05T15:03:00","date_gmt":"2023-06-05T13:03:00","guid":{"rendered":"https:\/\/progettotouring.it\/radiotouring104\/?p=27364"},"modified":"2023-06-05T16:04:15","modified_gmt":"2023-06-05T14:04:15","slug":"versace-romeo-e-barreca-alla-giornata-dellincontro-a-san-caterina-partecipazione-popolare-fondamentale","status":"publish","type":"post","link":"https:\/\/progettotouring.it\/radiotouring104\/2023\/06\/05\/versace-romeo-e-barreca-alla-giornata-dellincontro-a-san-caterina-partecipazione-popolare-fondamentale\/","title":{"rendered":"Versace, Romeo e Barreca alla Giornata dell&#8217;Incontro a San Caterina: &#8220;Partecipazione popolare fondamentale"},"content":{"rendered":"<p style=\"text-align: justify\">Il sindaco metropolitano facente funzioni, Carmelo Versace, \u00e8 intervenuto alla seconda edizione de \u201c<strong>La giornata dell\u2019incontro \u2013 Ritroviamoci\u201d,<\/strong> organizzata dall\u2019associazione <strong>\u201cNoi per Santa Caterina\u201d<\/strong> negli spazi della villetta Sant\u2019Ambrogio. All\u2019evento erano presenti anche i consiglieri comunali delegati del Comune di Reggio Calabria, Carmelo Romeo e Franco Barreca, oltre a numerose autorit\u00e0 civili e religiose che hanno contribuito a fare la storia del quartiere cittadino.<\/p>\n<p><em>&#8220;E\u2019 bello ritrovarsi fra tanta gente che condivide l\u2019amore e la passione per il proprio rione&#8221;, <\/em>ha detto Versace ringraziando gli organizzatori ed il presidente dell\u2019associazione <strong>Pino<\/strong> <strong>Serran\u00f2<\/strong>. &#8220;<em>A distanza di un anno <\/em>\u2013 ha ricordato \u2013 <em>siamo in grado di poter affermare che molte delle richieste fatte nel corso dell\u2019ultima edizione de \u201cLa giornata dell\u2019incontro\u201d sono state evase. Penso al problema dei rifiuti, alla scomparsa dei cumuli d\u2019immondizia che riempivano le vie del quartiere, alla questione della scarsa illuminazione della parte nord oppure all\u2019idea di prevedere uno sbocco a mare e che rientra nella progettazione di Comune, Autorit\u00e0 portuale e Citt\u00e0 Metropolitana sul nascituro porto cittadino. Qualcosa, insomma \u00e8 stata fatta, anche se \u00e8 sempre e comunque troppo poco. Dobbiamo e possiamo fare di pi\u00f9 e ce ne assumiamo appieno la responsabilit\u00e0&#8221;. &#8220;Se qualcosa si \u00e8 mosso<\/em> \u2013 ha continuato \u2013 <em>\u00e8 anche grazie e soprattutto alla collaborazione dei cittadini e degli stessi promotori dell\u2019associazione \u201cNoi per <strong>Santa Caterina<\/strong>\u201d, cui va il mio ringraziamento perch\u00e9 rappresentano un presidio ed un megafono importante per le istanze del territorio. Abbiamo bisogno dell\u2019associazionismo, delle forze sane, di chi non si arrende e, nel suo piccolo, opera e lavora per il bene della comunit\u00e0. Spesso, infatti, un amministratore \u00e8 solo, in particolar modo oggi di fronte all\u2019assenza di luoghi di discussione dove poter fare politica e progettazione. Insieme, tutti insieme, possiamo continuare a lavorare per riuscire a raccontare, in maniera diversa, la nostra amata citt\u00e0&#8221;.<\/em><\/p>\n<p><em>&#8220;La partecipazione <\/em>\u2013 ha concluso Versace \u2013 <em>\u00e8, dunque, fondamentale per isolare le mele marce, quanti agiscono per soffocare i nostri territori, quanti sfruttano i favori del buio per far calare le tenebre sul futuro dei nostri figli. In questo momento, il mio pensiero corre alla sindaca di <strong>Villa San Giovanni, Giusy Caminiti,<\/strong> rimasta vittima di una indecente intimidazione. Ecco, le persone perbene, la stragrande maggioranza delle nostre citt\u00e0 e dei nostri quartieri, non possono girare le spalle di fronte a fatti del genere. Insieme, lo ribadisco, possiamo segnare piccole-grandi vittorie&#8221;. <\/em><\/p>\n<p>Parole condivise dal consigliere comunale delegato al programma Agenda Urbana, Carmelo Romeo, che, nel ripercorrere \u00abil proficuo rapporto di collaborazione\u00bb con l\u2019associazione<strong> \u201cNoi per Santa Caterina\u201d<\/strong>, ha rivelato un\u2019importante novit\u00e0 per il rione: &#8220;<em>Entro l\u2019estate partiranno i lavori di ristrutturazione della scuola \u201cIbico\u201d. E\u2019 un obiettivo che ci eravamo posti con il sindaco Giuseppe Falcomat\u00e0, individuando l\u2019istituto di Santa Catarina quale primo beneficiario dei corposi finanziamenti inseriti in Agenda Urbana per il recupero di alcune scuole. L\u2019iter, proseguito con il facente funzioni Paolo Brunetti, sempre e costantemente in contatto con i rappresentanti del sodalizio presieduto da<strong> Pino Serran\u00f2,<\/strong> ha portato allo stanziamento di 2,6 milioni per riconsegnare alla citt\u00e0 uno dei sui presidi culturali pi\u00f9 importanti. Il prossimo anno saremo di nuovo qui col cantiere dell\u2019 \u201cIbico\u201d in piena attivit\u00e0 e pronti a dare un ulteriore step sulla fine lavori&#8221;.<\/em><\/p>\n<p>Il consigliere delegato al Servizio idrico, Franco Barreca, nel sottolineare la seriet\u00e0 della situazione che interessa il settore, ha annunciato &#8220;<em>l\u2019attivazione, a breve, di cinque grandi serbatoi, fermi da 17 anni, gi\u00e0 a partire dall\u2019estate ormai imminente&#8221;. &#8220;Stiamo lavorando su molte condotte<\/em> \u2013 ha detto &#8211; <em>e mi auguro si riesca ad implementare l\u2019adduzione idrica anche dentro le case considerato che siamo nelle condizioni di poter intervenire, tempestivamente, ogni qualvolta se ne presenti la necessit\u00e0&#8221;. &#8220;Molti passi avanti sono stati fatti <\/em>\u2013 ha concluso Barreca \u2013<em> e, fra mille difficolt\u00e0, ne faremo tanti altri&#8221;.<\/em><\/p>\n<div><\/div>\n","protected":false},"excerpt":{"rendered":"<p>Il sindaco metropolitano facente funzioni, Carmelo Versace, \u00e8 intervenuto alla seconda edizione de \u201cLa giornata dell\u2019incontro \u2013 Ritroviamoci\u201d, organizzata dall\u2019associazione \u201cNoi per Santa Caterina\u201d negli spazi della villetta Sant\u2019Ambrogio. All\u2019evento&hellip;<\/p>\n","protected":false},"author":8,"featured_media":27365,"comment_status":"closed","ping_status":"open","sticky":false,"template":"","format":"standard","meta":{"_jetpack_memberships_contains_paid_content":false,"footnotes":"","jetpack_publicize_message":"","jetpack_publicize_feature_enabled":true,"jetpack_social_post_already_shared":false,"jetpack_social_options":{"image_generator_settings":{"template":"highway","default_image_id":0,"font":"","enabled":false},"version":2}},"categories":[921,196,140],"tags":[16443,3568,6332,16442,16444,364],"class_list":["post-27364","post","type-post","status-publish","format-standard","has-post-thumbnail","hentry","category-home","category-news","category-reggio-calabria","tag-giornata-dellincontro","tag-giusy-caminiti","tag-noi-per-santa-caterina","tag-pino-serrano","tag-san-caterina","tag-villa-san-giovanni"],"yoast_head":"<!-- This site is optimized with the Yoast SEO plugin v27.2 - https:\/\/yoast.com\/product\/yoast-seo-wordpress\/ -->\n<title>Versace, Romeo e Barreca alla Giornata dell&#039;Incontro a San Caterina: &quot;Partecipazione popolare fondamentale - Radio Touring 104<\/title>\n<meta name=\"description\" content=\"Il sindaco f.f. Versace e due consiglieri comunali hanno preso parte all&#039;iniziativa promossa dall&#039;Associazione \u201cNoi per Santa Caterina\u201d\" \/>\n<meta name=\"robots\" content=\"index, follow, max-snippet:-1, max-image-preview:large, max-video-preview:-1\" \/>\n<link rel=\"canonical\" href=\"https:\/\/progettotouring.it\/radiotouring104\/2023\/06\/05\/versace-romeo-e-barreca-alla-giornata-dellincontro-a-san-caterina-partecipazione-popolare-fondamentale\/\" \/>\n<meta property=\"og:locale\" content=\"it_IT\" \/>\n<meta property=\"og:type\" content=\"article\" \/>\n<meta property=\"og:title\" content=\"Versace, Romeo e Barreca alla Giornata dell&#039;Incontro a San Caterina: &quot;Partecipazione popolare fondamentale - Radio Touring 104\" \/>\n<meta property=\"og:description\" content=\"Il sindaco f.f. Versace e due consiglieri comunali hanno preso parte all&#039;iniziativa promossa dall&#039;Associazione \u201cNoi per Santa Caterina\u201d\" \/>\n<meta property=\"og:url\" content=\"https:\/\/progettotouring.it\/radiotouring104\/2023\/06\/05\/versace-romeo-e-barreca-alla-giornata-dellincontro-a-san-caterina-partecipazione-popolare-fondamentale\/\" \/>\n<meta property=\"og:site_name\" content=\"Radio Touring 104\" \/>\n<meta property=\"article:published_time\" content=\"2023-06-05T13:03:00+00:00\" \/>\n<meta property=\"article:modified_time\" content=\"2023-06-05T14:04:15+00:00\" \/>\n<meta property=\"og:image\" content=\"https:\/\/progettotouring.it\/radiotouring104\/wp-content\/uploads\/sites\/6\/2023\/06\/santa-caterina-2a.jpeg\" \/>\n\t<meta property=\"og:image:width\" content=\"1600\" \/>\n\t<meta property=\"og:image:height\" content=\"1193\" \/>\n\t<meta property=\"og:image:type\" content=\"image\/jpeg\" \/>\n<meta name=\"author\" content=\"Filippo Francesco Idone\" \/>\n<meta name=\"twitter:card\" content=\"summary_large_image\" \/>\n<meta name=\"twitter:label1\" content=\"Scritto da\" \/>\n\t<meta name=\"twitter:data1\" content=\"Filippo Francesco Idone\" \/>\n\t<meta name=\"twitter:label2\" content=\"Tempo di lettura stimato\" \/>\n\t<meta name=\"twitter:data2\" content=\"3 minuti\" \/>\n<script type=\"application\/ld+json\" class=\"yoast-schema-graph\">{\"@context\":\"https:\/\/schema.org\",\"@graph\":[{\"@type\":\"Article\",\"@id\":\"https:\/\/progettotouring.it\/radiotouring104\/2023\/06\/05\/versace-romeo-e-barreca-alla-giornata-dellincontro-a-san-caterina-partecipazione-popolare-fondamentale\/#article\",\"isPartOf\":{\"@id\":\"https:\/\/progettotouring.it\/radiotouring104\/2023\/06\/05\/versace-romeo-e-barreca-alla-giornata-dellincontro-a-san-caterina-partecipazione-popolare-fondamentale\/\"},\"author\":{\"name\":\"Filippo Francesco Idone\",\"@id\":\"https:\/\/progettotouring.it\/radiotouring104\/#\/schema\/person\/4a82259ca52ac8702ad1a8f9e5a3120b\"},\"headline\":\"Versace, Romeo e Barreca alla Giornata dell&#8217;Incontro a San Caterina: &#8220;Partecipazione popolare fondamentale\",\"datePublished\":\"2023-06-05T13:03:00+00:00\",\"dateModified\":\"2023-06-05T14:04:15+00:00\",\"mainEntityOfPage\":{\"@id\":\"https:\/\/progettotouring.it\/radiotouring104\/2023\/06\/05\/versace-romeo-e-barreca-alla-giornata-dellincontro-a-san-caterina-partecipazione-popolare-fondamentale\/\"},\"wordCount\":646,\"publisher\":{\"@id\":\"https:\/\/progettotouring.it\/radiotouring104\/#organization\"},\"image\":{\"@id\":\"https:\/\/progettotouring.it\/radiotouring104\/2023\/06\/05\/versace-romeo-e-barreca-alla-giornata-dellincontro-a-san-caterina-partecipazione-popolare-fondamentale\/#primaryimage\"},\"thumbnailUrl\":\"https:\/\/progettotouring.it\/radiotouring104\/wp-content\/uploads\/sites\/6\/2023\/06\/santa-caterina-2a.jpeg\",\"keywords\":[\"Giornata dell'Incontro\",\"Giusy Caminiti\",\"Noi per Santa Caterina\",\"Pino Serran\u00f2\",\"San Caterina\",\"villa san giovanni\"],\"articleSection\":[\"Home\",\"News\",\"Reggio Calabria\"],\"inLanguage\":\"it-IT\"},{\"@type\":\"WebPage\",\"@id\":\"https:\/\/progettotouring.it\/radiotouring104\/2023\/06\/05\/versace-romeo-e-barreca-alla-giornata-dellincontro-a-san-caterina-partecipazione-popolare-fondamentale\/\",\"url\":\"https:\/\/progettotouring.it\/radiotouring104\/2023\/06\/05\/versace-romeo-e-barreca-alla-giornata-dellincontro-a-san-caterina-partecipazione-popolare-fondamentale\/\",\"name\":\"Versace, Romeo e Barreca alla Giornata dell'Incontro a San Caterina: \\\"Partecipazione popolare fondamentale - Radio Touring 104\",\"isPartOf\":{\"@id\":\"https:\/\/progettotouring.it\/radiotouring104\/#website\"},\"primaryImageOfPage\":{\"@id\":\"https:\/\/progettotouring.it\/radiotouring104\/2023\/06\/05\/versace-romeo-e-barreca-alla-giornata-dellincontro-a-san-caterina-partecipazione-popolare-fondamentale\/#primaryimage\"},\"image\":{\"@id\":\"https:\/\/progettotouring.it\/radiotouring104\/2023\/06\/05\/versace-romeo-e-barreca-alla-giornata-dellincontro-a-san-caterina-partecipazione-popolare-fondamentale\/#primaryimage\"},\"thumbnailUrl\":\"https:\/\/progettotouring.it\/radiotouring104\/wp-content\/uploads\/sites\/6\/2023\/06\/santa-caterina-2a.jpeg\",\"datePublished\":\"2023-06-05T13:03:00+00:00\",\"dateModified\":\"2023-06-05T14:04:15+00:00\",\"description\":\"Il sindaco f.f. Versace e due consiglieri comunali hanno preso parte all'iniziativa promossa dall'Associazione \u201cNoi per Santa Caterina\u201d\",\"breadcrumb\":{\"@id\":\"https:\/\/progettotouring.it\/radiotouring104\/2023\/06\/05\/versace-romeo-e-barreca-alla-giornata-dellincontro-a-san-caterina-partecipazione-popolare-fondamentale\/#breadcrumb\"},\"inLanguage\":\"it-IT\",\"potentialAction\":[{\"@type\":\"ReadAction\",\"target\":[\"https:\/\/progettotouring.it\/radiotouring104\/2023\/06\/05\/versace-romeo-e-barreca-alla-giornata-dellincontro-a-san-caterina-partecipazione-popolare-fondamentale\/\"]}]},{\"@type\":\"ImageObject\",\"inLanguage\":\"it-IT\",\"@id\":\"https:\/\/progettotouring.it\/radiotouring104\/2023\/06\/05\/versace-romeo-e-barreca-alla-giornata-dellincontro-a-san-caterina-partecipazione-popolare-fondamentale\/#primaryimage\",\"url\":\"https:\/\/progettotouring.it\/radiotouring104\/wp-content\/uploads\/sites\/6\/2023\/06\/santa-caterina-2a.jpeg\",\"contentUrl\":\"https:\/\/progettotouring.it\/radiotouring104\/wp-content\/uploads\/sites\/6\/2023\/06\/santa-caterina-2a.jpeg\",\"width\":1600,\"height\":1193},{\"@type\":\"BreadcrumbList\",\"@id\":\"https:\/\/progettotouring.it\/radiotouring104\/2023\/06\/05\/versace-romeo-e-barreca-alla-giornata-dellincontro-a-san-caterina-partecipazione-popolare-fondamentale\/#breadcrumb\",\"itemListElement\":[{\"@type\":\"ListItem\",\"position\":1,\"name\":\"Home\",\"item\":\"https:\/\/progettotouring.it\/radiotouring104\/\"},{\"@type\":\"ListItem\",\"position\":2,\"name\":\"Versace, Romeo e Barreca alla Giornata dell&#8217;Incontro a San Caterina: &#8220;Partecipazione popolare fondamentale\"}]},{\"@type\":\"WebSite\",\"@id\":\"https:\/\/progettotouring.it\/radiotouring104\/#website\",\"url\":\"https:\/\/progettotouring.it\/radiotouring104\/\",\"name\":\"Radio Touring 104\",\"description\":\"La prima radio Reggina\",\"publisher\":{\"@id\":\"https:\/\/progettotouring.it\/radiotouring104\/#organization\"},\"potentialAction\":[{\"@type\":\"SearchAction\",\"target\":{\"@type\":\"EntryPoint\",\"urlTemplate\":\"https:\/\/progettotouring.it\/radiotouring104\/?s={search_term_string}\"},\"query-input\":{\"@type\":\"PropertyValueSpecification\",\"valueRequired\":true,\"valueName\":\"search_term_string\"}}],\"inLanguage\":\"it-IT\"},{\"@type\":\"Organization\",\"@id\":\"https:\/\/progettotouring.it\/radiotouring104\/#organization\",\"name\":\"Radio Touring 104\",\"url\":\"https:\/\/progettotouring.it\/radiotouring104\/\",\"logo\":{\"@type\":\"ImageObject\",\"inLanguage\":\"it-IT\",\"@id\":\"https:\/\/progettotouring.it\/radiotouring104\/#\/schema\/logo\/image\/\",\"url\":\"https:\/\/progettotouring.it\/radiotouring104\/wp-content\/uploads\/sites\/6\/2022\/02\/cropped-logo-radio-touring-104.png\",\"contentUrl\":\"https:\/\/progettotouring.it\/radiotouring104\/wp-content\/uploads\/sites\/6\/2022\/02\/cropped-logo-radio-touring-104.png\",\"width\":377,\"height\":182,\"caption\":\"Radio Touring 104\"},\"image\":{\"@id\":\"https:\/\/progettotouring.it\/radiotouring104\/#\/schema\/logo\/image\/\"}},{\"@type\":\"Person\",\"@id\":\"https:\/\/progettotouring.it\/radiotouring104\/#\/schema\/person\/4a82259ca52ac8702ad1a8f9e5a3120b\",\"name\":\"Filippo Francesco Idone\",\"image\":{\"@type\":\"ImageObject\",\"inLanguage\":\"it-IT\",\"@id\":\"https:\/\/secure.gravatar.com\/avatar\/7268715d2366395c3dd314385670e6484117d44f5c442e61e230f7008b7b62d3?s=96&d=mm&r=g\",\"url\":\"https:\/\/secure.gravatar.com\/avatar\/7268715d2366395c3dd314385670e6484117d44f5c442e61e230f7008b7b62d3?s=96&d=mm&r=g\",\"contentUrl\":\"https:\/\/secure.gravatar.com\/avatar\/7268715d2366395c3dd314385670e6484117d44f5c442e61e230f7008b7b62d3?s=96&d=mm&r=g\",\"caption\":\"Filippo Francesco Idone\"},\"url\":\"https:\/\/progettotouring.it\/radiotouring104\/author\/filippoidone\/\"}]}<\/script>\n<!-- \/ Yoast SEO plugin. -->","yoast_head_json":{"title":"Versace, Romeo e Barreca alla Giornata dell'Incontro a San Caterina: \"Partecipazione popolare fondamentale - Radio Touring 104","description":"Il sindaco f.f. Versace e due consiglieri comunali hanno preso parte all'iniziativa promossa dall'Associazione \u201cNoi per Santa Caterina\u201d","robots":{"index":"index","follow":"follow","max-snippet":"max-snippet:-1","max-image-preview":"max-image-preview:large","max-video-preview":"max-video-preview:-1"},"canonical":"https:\/\/progettotouring.it\/radiotouring104\/2023\/06\/05\/versace-romeo-e-barreca-alla-giornata-dellincontro-a-san-caterina-partecipazione-popolare-fondamentale\/","og_locale":"it_IT","og_type":"article","og_title":"Versace, Romeo e Barreca alla Giornata dell'Incontro a San Caterina: \"Partecipazione popolare fondamentale - Radio Touring 104","og_description":"Il sindaco f.f. Versace e due consiglieri comunali hanno preso parte all'iniziativa promossa dall'Associazione \u201cNoi per Santa Caterina\u201d","og_url":"https:\/\/progettotouring.it\/radiotouring104\/2023\/06\/05\/versace-romeo-e-barreca-alla-giornata-dellincontro-a-san-caterina-partecipazione-popolare-fondamentale\/","og_site_name":"Radio Touring 104","article_published_time":"2023-06-05T13:03:00+00:00","article_modified_time":"2023-06-05T14:04:15+00:00","og_image":[{"width":1600,"height":1193,"url":"https:\/\/progettotouring.it\/radiotouring104\/wp-content\/uploads\/sites\/6\/2023\/06\/santa-caterina-2a.jpeg","type":"image\/jpeg"}],"author":"Filippo Francesco Idone","twitter_card":"summary_large_image","twitter_misc":{"Scritto da":"Filippo Francesco Idone","Tempo di lettura stimato":"3 minuti"},"schema":{"@context":"https:\/\/schema.org","@graph":[{"@type":"Article","@id":"https:\/\/progettotouring.it\/radiotouring104\/2023\/06\/05\/versace-romeo-e-barreca-alla-giornata-dellincontro-a-san-caterina-partecipazione-popolare-fondamentale\/#article","isPartOf":{"@id":"https:\/\/progettotouring.it\/radiotouring104\/2023\/06\/05\/versace-romeo-e-barreca-alla-giornata-dellincontro-a-san-caterina-partecipazione-popolare-fondamentale\/"},"author":{"name":"Filippo Francesco Idone","@id":"https:\/\/progettotouring.it\/radiotouring104\/#\/schema\/person\/4a82259ca52ac8702ad1a8f9e5a3120b"},"headline":"Versace, Romeo e Barreca alla Giornata dell&#8217;Incontro a San Caterina: &#8220;Partecipazione popolare fondamentale","datePublished":"2023-06-05T13:03:00+00:00","dateModified":"2023-06-05T14:04:15+00:00","mainEntityOfPage":{"@id":"https:\/\/progettotouring.it\/radiotouring104\/2023\/06\/05\/versace-romeo-e-barreca-alla-giornata-dellincontro-a-san-caterina-partecipazione-popolare-fondamentale\/"},"wordCount":646,"publisher":{"@id":"https:\/\/progettotouring.it\/radiotouring104\/#organization"},"image":{"@id":"https:\/\/progettotouring.it\/radiotouring104\/2023\/06\/05\/versace-romeo-e-barreca-alla-giornata-dellincontro-a-san-caterina-partecipazione-popolare-fondamentale\/#primaryimage"},"thumbnailUrl":"https:\/\/progettotouring.it\/radiotouring104\/wp-content\/uploads\/sites\/6\/2023\/06\/santa-caterina-2a.jpeg","keywords":["Giornata dell'Incontro","Giusy Caminiti","Noi per Santa Caterina","Pino Serran\u00f2","San Caterina","villa san giovanni"],"articleSection":["Home","News","Reggio Calabria"],"inLanguage":"it-IT"},{"@type":"WebPage","@id":"https:\/\/progettotouring.it\/radiotouring104\/2023\/06\/05\/versace-romeo-e-barreca-alla-giornata-dellincontro-a-san-caterina-partecipazione-popolare-fondamentale\/","url":"https:\/\/progettotouring.it\/radiotouring104\/2023\/06\/05\/versace-romeo-e-barreca-alla-giornata-dellincontro-a-san-caterina-partecipazione-popolare-fondamentale\/","name":"Versace, Romeo e Barreca alla Giornata dell'Incontro a San Caterina: \"Partecipazione popolare fondamentale - Radio Touring 104","isPartOf":{"@id":"https:\/\/progettotouring.it\/radiotouring104\/#website"},"primaryImageOfPage":{"@id":"https:\/\/progettotouring.it\/radiotouring104\/2023\/06\/05\/versace-romeo-e-barreca-alla-giornata-dellincontro-a-san-caterina-partecipazione-popolare-fondamentale\/#primaryimage"},"image":{"@id":"https:\/\/progettotouring.it\/radiotouring104\/2023\/06\/05\/versace-romeo-e-barreca-alla-giornata-dellincontro-a-san-caterina-partecipazione-popolare-fondamentale\/#primaryimage"},"thumbnailUrl":"https:\/\/progettotouring.it\/radiotouring104\/wp-content\/uploads\/sites\/6\/2023\/06\/santa-caterina-2a.jpeg","datePublished":"2023-06-05T13:03:00+00:00","dateModified":"2023-06-05T14:04:15+00:00","description":"Il sindaco f.f. Versace e due consiglieri comunali hanno preso parte all'iniziativa promossa dall'Associazione \u201cNoi per Santa Caterina\u201d","breadcrumb":{"@id":"https:\/\/progettotouring.it\/radiotouring104\/2023\/06\/05\/versace-romeo-e-barreca-alla-giornata-dellincontro-a-san-caterina-partecipazione-popolare-fondamentale\/#breadcrumb"},"inLanguage":"it-IT","potentialAction":[{"@type":"ReadAction","target":["https:\/\/progettotouring.it\/radiotouring104\/2023\/06\/05\/versace-romeo-e-barreca-alla-giornata-dellincontro-a-san-caterina-partecipazione-popolare-fondamentale\/"]}]},{"@type":"ImageObject","inLanguage":"it-IT","@id":"https:\/\/progettotouring.it\/radiotouring104\/2023\/06\/05\/versace-romeo-e-barreca-alla-giornata-dellincontro-a-san-caterina-partecipazione-popolare-fondamentale\/#primaryimage","url":"https:\/\/progettotouring.it\/radiotouring104\/wp-content\/uploads\/sites\/6\/2023\/06\/santa-caterina-2a.jpeg","contentUrl":"https:\/\/progettotouring.it\/radiotouring104\/wp-content\/uploads\/sites\/6\/2023\/06\/santa-caterina-2a.jpeg","width":1600,"height":1193},{"@type":"BreadcrumbList","@id":"https:\/\/progettotouring.it\/radiotouring104\/2023\/06\/05\/versace-romeo-e-barreca-alla-giornata-dellincontro-a-san-caterina-partecipazione-popolare-fondamentale\/#breadcrumb","itemListElement":[{"@type":"ListItem","position":1,"name":"Home","item":"https:\/\/progettotouring.it\/radiotouring104\/"},{"@type":"ListItem","position":2,"name":"Versace, Romeo e Barreca alla Giornata dell&#8217;Incontro a San Caterina: &#8220;Partecipazione popolare fondamentale"}]},{"@type":"WebSite","@id":"https:\/\/progettotouring.it\/radiotouring104\/#website","url":"https:\/\/progettotouring.it\/radiotouring104\/","name":"Radio Touring 104","description":"La prima radio Reggina","publisher":{"@id":"https:\/\/progettotouring.it\/radiotouring104\/#organization"},"potentialAction":[{"@type":"SearchAction","target":{"@type":"EntryPoint","urlTemplate":"https:\/\/progettotouring.it\/radiotouring104\/?s={search_term_string}"},"query-input":{"@type":"PropertyValueSpecification","valueRequired":true,"valueName":"search_term_string"}}],"inLanguage":"it-IT"},{"@type":"Organization","@id":"https:\/\/progettotouring.it\/radiotouring104\/#organization","name":"Radio Touring 104","url":"https:\/\/progettotouring.it\/radiotouring104\/","logo":{"@type":"ImageObject","inLanguage":"it-IT","@id":"https:\/\/progettotouring.it\/radiotouring104\/#\/schema\/logo\/image\/","url":"https:\/\/progettotouring.it\/radiotouring104\/wp-content\/uploads\/sites\/6\/2022\/02\/cropped-logo-radio-touring-104.png","contentUrl":"https:\/\/progettotouring.it\/radiotouring104\/wp-content\/uploads\/sites\/6\/2022\/02\/cropped-logo-radio-touring-104.png","width":377,"height":182,"caption":"Radio Touring 104"},"image":{"@id":"https:\/\/progettotouring.it\/radiotouring104\/#\/schema\/logo\/image\/"}},{"@type":"Person","@id":"https:\/\/progettotouring.it\/radiotouring104\/#\/schema\/person\/4a82259ca52ac8702ad1a8f9e5a3120b","name":"Filippo Francesco Idone","image":{"@type":"ImageObject","inLanguage":"it-IT","@id":"https:\/\/secure.gravatar.com\/avatar\/7268715d2366395c3dd314385670e6484117d44f5c442e61e230f7008b7b62d3?s=96&d=mm&r=g","url":"https:\/\/secure.gravatar.com\/avatar\/7268715d2366395c3dd314385670e6484117d44f5c442e61e230f7008b7b62d3?s=96&d=mm&r=g","contentUrl":"https:\/\/secure.gravatar.com\/avatar\/7268715d2366395c3dd314385670e6484117d44f5c442e61e230f7008b7b62d3?s=96&d=mm&r=g","caption":"Filippo Francesco Idone"},"url":"https:\/\/progettotouring.it\/radiotouring104\/author\/filippoidone\/"}]}},"jetpack_publicize_connections":[],"jetpack_featured_media_url":"https:\/\/progettotouring.it\/radiotouring104\/wp-content\/uploads\/sites\/6\/2023\/06\/santa-caterina-2a.jpeg","jetpack_sharing_enabled":true,"_links":{"self":[{"href":"https:\/\/progettotouring.it\/radiotouring104\/wp-json\/wp\/v2\/posts\/27364","targetHints":{"allow":["GET"]}}],"collection":[{"href":"https:\/\/progettotouring.it\/radiotouring104\/wp-json\/wp\/v2\/posts"}],"about":[{"href":"https:\/\/progettotouring.it\/radiotouring104\/wp-json\/wp\/v2\/types\/post"}],"author":[{"embeddable":true,"href":"https:\/\/progettotouring.it\/radiotouring104\/wp-json\/wp\/v2\/users\/8"}],"replies":[{"embeddable":true,"href":"https:\/\/progettotouring.it\/radiotouring104\/wp-json\/wp\/v2\/comments?post=27364"}],"version-history":[{"count":1,"href":"https:\/\/progettotouring.it\/radiotouring104\/wp-json\/wp\/v2\/posts\/27364\/revisions"}],"predecessor-version":[{"id":27366,"href":"https:\/\/progettotouring.it\/radiotouring104\/wp-json\/wp\/v2\/posts\/27364\/revisions\/27366"}],"wp:featuredmedia":[{"embeddable":true,"href":"https:\/\/progettotouring.it\/radiotouring104\/wp-json\/wp\/v2\/media\/27365"}],"wp:attachment":[{"href":"https:\/\/progettotouring.it\/radiotouring104\/wp-json\/wp\/v2\/media?parent=27364"}],"wp:term":[{"taxonomy":"category","embeddable":true,"href":"https:\/\/progettotouring.it\/radiotouring104\/wp-json\/wp\/v2\/categories?post=27364"},{"taxonomy":"post_tag","embeddable":true,"href":"https:\/\/progettotouring.it\/radiotouring104\/wp-json\/wp\/v2\/tags?post=27364"}],"curies":[{"name":"wp","href":"https:\/\/api.w.org\/{rel}","templated":true}]}}