{"id":27373,"date":"2023-06-05T17:13:53","date_gmt":"2023-06-05T15:13:53","guid":{"rendered":"https:\/\/progettotouring.it\/radiotouring104\/?p=27373"},"modified":"2023-06-05T17:39:54","modified_gmt":"2023-06-05T15:39:54","slug":"reggio-calabria-approvato-lesercizio-finanziario-2022","status":"publish","type":"post","link":"https:\/\/progettotouring.it\/radiotouring104\/2023\/06\/05\/reggio-calabria-approvato-lesercizio-finanziario-2022\/","title":{"rendered":"Reggio Calabria: approvato l\u2019esercizio finanziario 2022"},"content":{"rendered":"<p style=\"text-align: justify\">Il <strong>Consiglio Metropolitano ha approvato lo schema di rendiconto di gestione per l\u2019esercizio finanziario 2022<\/strong>. Nella seduta odierna, presieduta dal sindaco facente funzioni <strong>Carmelo Versace,<\/strong> il consigliere delegato alle Finanze, <strong>Giuseppe Ranuccio,<\/strong> ha parlato di <em>&#8220;un Ente che gode di un ottimo stato di salute, in grado di spendere con oculatezza e trasparenza e di intercettare nuove risorse con una grande visione strategica&#8221;.<\/em><\/p>\n<p style=\"text-align: justify\">Sia le entrate, sia gli impegni \u00abhanno rispettato le previsioni\u00bb e il risultato di amministrazione, pari a 161 milioni di euro, consegna \u00abun avanzo di 662 mila euro\u00bb. Su quest\u2019ultimo dato, il consigliere <strong>Ranuccio<\/strong> si \u00e8 soffermato per evidenziare come <em>&#8220;il risultato \u00e8, tuttavia, inferiore rispetto a quanto immaginato a causa di due operazioni importanti portate avanti dall\u2019amministrazione: la verifica puntuale dei residui attivi e passivi per avere un bilancio chiaro, trasparente e vero e l\u2019accantonamento del fondo di risultato dei dirigenti 2007\/2022 per circa 4,8 milioni&#8221;. &#8220;Ecco perch\u00e9<\/em> \u2013 ha spiegato &#8211;<em> a seguito di questi due interventi giusti, doverosi e sacrosanti emerge una cifra minore alle aspettative che non ci consente di fare tutto quello che avremmo voluto fare, ma ci permette di poter disporre di una piccola quota da investire in quelle che continuano ad essere le criticit\u00e0 prioritarie dei nostri territori&#8221;.<\/em><\/p>\n<p style=\"text-align: justify\"><em>&#8220;Non \u00e8 stata stanziata alcuna somma per il fondo destinato alle partecipate<\/em> \u2013 ha aggiunto Ranuccio \u2013 <em>perch\u00e9 le nostre societ\u00e0 hanno registrato un utile di esercizio. E\u2019 un altro dato confortante che si aggiunge al mancato ricorso ad anticipazioni di tesoreria. Va registrato con favore, poi, come i revisori abbiano rilevato la bont\u00e0 della gestione economica dell\u2019Ente caratterizzata da alcun rilievo mosso da parte della <strong>Corte<\/strong> <strong>conti<\/strong>, cos\u00ec come dalla certificazione della congruit\u00e0 del fondo dei crediti di dubbia esigibilit\u00e0, dalla corretta operazione rispetto ai residui attivi passivi e dall\u2019amministrazione dei fondi del <strong>Pnrr<\/strong> che richiedono una procedura molto meticolosa e particolare&#8221;.<\/em><\/p>\n<p style=\"text-align: justify\"><em>&#8220;Tutto questo <\/em>\u2013 ha concluso il consigliere delegato alle Finanze \u2013<em> consegna una Citt\u00e0 metropolitana in ottimo stato salute, attenta su come si spendono le risorse e capace di intercettare tanti finanziamenti che, ormai, sono l\u2019unica via considerati i tagli, per 5 miliardi, delle somme destinate alle <strong>Province<\/strong> per esercitare le proprie funzioni. Questo rende bene l\u2019idea di quanto, attualmente, sia difficile operare. La strada, comunque, \u00e8 quella giusta. Dobbiamo continuare in questa direzione e, a breve, decideremo come investire il piccolo budget a nostra disposizione&#8221;.<\/em><\/p>\n<p style=\"text-align: justify\">Il sindaco facente funzioni, <strong>Carmelo Versace<\/strong>, ha concentrato il proprio intervento sul tema della viabilit\u00e0 ricordando come, nel 2022, &#8220;<em>siano state presentate al Ministero schede per oltre 14 milioni di euro&#8221;. &#8220;Lo stesso<\/em> \u2013 ha affermato \u2013<em> si sta facendo per il 2023 con schede per 23 milioni, tali da consentire, anche se approvate in parte, di liberare risorse dalla nostra manutenzione ordinaria. Confido, dunque, che questo <strong>Governo<\/strong> possa avere la stessa attenzione dell\u2019esecutivo precedente&#8221;.<\/em><\/p>\n<p style=\"text-align: justify\"><em>\u00abIntanto<\/em> \u2013 ha concluso Versace \u2013 <em>partir\u00e0 qualche intervento e, in particolare, quello dedicato alla <strong>SP1<\/strong> con un investimento di 5 milioni ritenuto strategico ed il cui appalto \u00e8 previsto a breve. Ci\u00f2 consentir\u00e0 di concentrarci su altri importanti provvedimenti sulla viabilit\u00e0, consapevoli che si tratta di attivit\u00e0 difficilmente sostenibili con i soli fondi di bilancio. Spero che, con la prossima programmazione regionale, avremo la possibilit\u00e0 di indicare ulteriori asset strategici come la Pedemontana della Piana&#8221;.<\/em><\/p>\n","protected":false},"excerpt":{"rendered":"<p>Il Consiglio Metropolitano ha approvato lo schema di rendiconto di gestione per l\u2019esercizio finanziario 2022. Nella seduta odierna, presieduta dal sindaco facente funzioni Carmelo Versace, il consigliere delegato alle Finanze,&hellip;<\/p>\n","protected":false},"author":8,"featured_media":8019,"comment_status":"closed","ping_status":"open","sticky":false,"template":"","format":"standard","meta":{"_jetpack_memberships_contains_paid_content":false,"footnotes":"","jetpack_publicize_message":"","jetpack_publicize_feature_enabled":true,"jetpack_social_post_already_shared":false,"jetpack_social_options":{"image_generator_settings":{"template":"highway","default_image_id":0,"font":"","enabled":false},"version":2}},"categories":[921,196,195,140],"tags":[239,1899,16449,16448,1034,6801],"class_list":["post-27373","post","type-post","status-publish","format-standard","has-post-thumbnail","hentry","category-home","category-news","category-politica","category-reggio-calabria","tag-carmelo-versace","tag-consiglio-metropolitano","tag-corte-conti","tag-esercizio-finanziario-2022","tag-pnrr","tag-ranuccio"],"yoast_head":"<!-- This site is optimized with the Yoast SEO plugin v27.2 - https:\/\/yoast.com\/product\/yoast-seo-wordpress\/ -->\n<title>Reggio Calabria: approvato l\u2019esercizio finanziario 2022 - Radio Touring 104<\/title>\n<meta name=\"description\" content=\"Il Consiglio Metropolitano ha dato il via libera allo schema di rendiconto di gestione per l&#039;anno finanziario 2022\" \/>\n<meta name=\"robots\" content=\"index, follow, max-snippet:-1, max-image-preview:large, max-video-preview:-1\" \/>\n<link rel=\"canonical\" href=\"https:\/\/progettotouring.it\/radiotouring104\/2023\/06\/05\/reggio-calabria-approvato-lesercizio-finanziario-2022\/\" \/>\n<meta property=\"og:locale\" content=\"it_IT\" \/>\n<meta property=\"og:type\" content=\"article\" \/>\n<meta property=\"og:title\" content=\"Reggio Calabria: approvato l\u2019esercizio finanziario 2022 - Radio Touring 104\" \/>\n<meta property=\"og:description\" content=\"Il Consiglio Metropolitano ha dato il via libera allo schema di rendiconto di gestione per l&#039;anno finanziario 2022\" \/>\n<meta property=\"og:url\" content=\"https:\/\/progettotouring.it\/radiotouring104\/2023\/06\/05\/reggio-calabria-approvato-lesercizio-finanziario-2022\/\" \/>\n<meta property=\"og:site_name\" content=\"Radio Touring 104\" \/>\n<meta property=\"article:published_time\" content=\"2023-06-05T15:13:53+00:00\" \/>\n<meta property=\"article:modified_time\" content=\"2023-06-05T15:39:54+00:00\" \/>\n<meta property=\"og:image\" content=\"https:\/\/progettotouring.it\/radiotouring104\/wp-content\/uploads\/sites\/6\/2022\/07\/consiglio-metropolitano-reggio-calabria.jpeg\" \/>\n\t<meta property=\"og:image:width\" content=\"768\" \/>\n\t<meta property=\"og:image:height\" content=\"403\" \/>\n\t<meta property=\"og:image:type\" content=\"image\/jpeg\" \/>\n<meta name=\"author\" content=\"Filippo Francesco Idone\" \/>\n<meta name=\"twitter:card\" content=\"summary_large_image\" \/>\n<meta name=\"twitter:label1\" content=\"Scritto da\" \/>\n\t<meta name=\"twitter:data1\" content=\"Filippo Francesco Idone\" \/>\n\t<meta name=\"twitter:label2\" content=\"Tempo di lettura stimato\" \/>\n\t<meta name=\"twitter:data2\" content=\"3 minuti\" \/>\n<script type=\"application\/ld+json\" class=\"yoast-schema-graph\">{\"@context\":\"https:\/\/schema.org\",\"@graph\":[{\"@type\":\"Article\",\"@id\":\"https:\/\/progettotouring.it\/radiotouring104\/2023\/06\/05\/reggio-calabria-approvato-lesercizio-finanziario-2022\/#article\",\"isPartOf\":{\"@id\":\"https:\/\/progettotouring.it\/radiotouring104\/2023\/06\/05\/reggio-calabria-approvato-lesercizio-finanziario-2022\/\"},\"author\":{\"name\":\"Filippo Francesco Idone\",\"@id\":\"https:\/\/progettotouring.it\/radiotouring104\/#\/schema\/person\/4a82259ca52ac8702ad1a8f9e5a3120b\"},\"headline\":\"Reggio Calabria: approvato l\u2019esercizio finanziario 2022\",\"datePublished\":\"2023-06-05T15:13:53+00:00\",\"dateModified\":\"2023-06-05T15:39:54+00:00\",\"mainEntityOfPage\":{\"@id\":\"https:\/\/progettotouring.it\/radiotouring104\/2023\/06\/05\/reggio-calabria-approvato-lesercizio-finanziario-2022\/\"},\"wordCount\":538,\"publisher\":{\"@id\":\"https:\/\/progettotouring.it\/radiotouring104\/#organization\"},\"image\":{\"@id\":\"https:\/\/progettotouring.it\/radiotouring104\/2023\/06\/05\/reggio-calabria-approvato-lesercizio-finanziario-2022\/#primaryimage\"},\"thumbnailUrl\":\"https:\/\/progettotouring.it\/radiotouring104\/wp-content\/uploads\/sites\/6\/2022\/07\/consiglio-metropolitano-reggio-calabria.jpeg\",\"keywords\":[\"carmelo versace\",\"Consiglio metropolitano\",\"Corte conti\",\"esercizio finanziario 2022\",\"pnrr\",\"Ranuccio\"],\"articleSection\":[\"Home\",\"News\",\"Politica\",\"Reggio Calabria\"],\"inLanguage\":\"it-IT\"},{\"@type\":\"WebPage\",\"@id\":\"https:\/\/progettotouring.it\/radiotouring104\/2023\/06\/05\/reggio-calabria-approvato-lesercizio-finanziario-2022\/\",\"url\":\"https:\/\/progettotouring.it\/radiotouring104\/2023\/06\/05\/reggio-calabria-approvato-lesercizio-finanziario-2022\/\",\"name\":\"Reggio Calabria: approvato l\u2019esercizio finanziario 2022 - Radio Touring 104\",\"isPartOf\":{\"@id\":\"https:\/\/progettotouring.it\/radiotouring104\/#website\"},\"primaryImageOfPage\":{\"@id\":\"https:\/\/progettotouring.it\/radiotouring104\/2023\/06\/05\/reggio-calabria-approvato-lesercizio-finanziario-2022\/#primaryimage\"},\"image\":{\"@id\":\"https:\/\/progettotouring.it\/radiotouring104\/2023\/06\/05\/reggio-calabria-approvato-lesercizio-finanziario-2022\/#primaryimage\"},\"thumbnailUrl\":\"https:\/\/progettotouring.it\/radiotouring104\/wp-content\/uploads\/sites\/6\/2022\/07\/consiglio-metropolitano-reggio-calabria.jpeg\",\"datePublished\":\"2023-06-05T15:13:53+00:00\",\"dateModified\":\"2023-06-05T15:39:54+00:00\",\"description\":\"Il Consiglio Metropolitano ha dato il via libera allo schema di rendiconto di gestione per l'anno finanziario 2022\",\"breadcrumb\":{\"@id\":\"https:\/\/progettotouring.it\/radiotouring104\/2023\/06\/05\/reggio-calabria-approvato-lesercizio-finanziario-2022\/#breadcrumb\"},\"inLanguage\":\"it-IT\",\"potentialAction\":[{\"@type\":\"ReadAction\",\"target\":[\"https:\/\/progettotouring.it\/radiotouring104\/2023\/06\/05\/reggio-calabria-approvato-lesercizio-finanziario-2022\/\"]}]},{\"@type\":\"ImageObject\",\"inLanguage\":\"it-IT\",\"@id\":\"https:\/\/progettotouring.it\/radiotouring104\/2023\/06\/05\/reggio-calabria-approvato-lesercizio-finanziario-2022\/#primaryimage\",\"url\":\"https:\/\/progettotouring.it\/radiotouring104\/wp-content\/uploads\/sites\/6\/2022\/07\/consiglio-metropolitano-reggio-calabria.jpeg\",\"contentUrl\":\"https:\/\/progettotouring.it\/radiotouring104\/wp-content\/uploads\/sites\/6\/2022\/07\/consiglio-metropolitano-reggio-calabria.jpeg\",\"width\":768,\"height\":403},{\"@type\":\"BreadcrumbList\",\"@id\":\"https:\/\/progettotouring.it\/radiotouring104\/2023\/06\/05\/reggio-calabria-approvato-lesercizio-finanziario-2022\/#breadcrumb\",\"itemListElement\":[{\"@type\":\"ListItem\",\"position\":1,\"name\":\"Home\",\"item\":\"https:\/\/progettotouring.it\/radiotouring104\/\"},{\"@type\":\"ListItem\",\"position\":2,\"name\":\"Reggio Calabria: approvato l\u2019esercizio finanziario 2022\"}]},{\"@type\":\"WebSite\",\"@id\":\"https:\/\/progettotouring.it\/radiotouring104\/#website\",\"url\":\"https:\/\/progettotouring.it\/radiotouring104\/\",\"name\":\"Radio Touring 104\",\"description\":\"La prima radio Reggina\",\"publisher\":{\"@id\":\"https:\/\/progettotouring.it\/radiotouring104\/#organization\"},\"potentialAction\":[{\"@type\":\"SearchAction\",\"target\":{\"@type\":\"EntryPoint\",\"urlTemplate\":\"https:\/\/progettotouring.it\/radiotouring104\/?s={search_term_string}\"},\"query-input\":{\"@type\":\"PropertyValueSpecification\",\"valueRequired\":true,\"valueName\":\"search_term_string\"}}],\"inLanguage\":\"it-IT\"},{\"@type\":\"Organization\",\"@id\":\"https:\/\/progettotouring.it\/radiotouring104\/#organization\",\"name\":\"Radio Touring 104\",\"url\":\"https:\/\/progettotouring.it\/radiotouring104\/\",\"logo\":{\"@type\":\"ImageObject\",\"inLanguage\":\"it-IT\",\"@id\":\"https:\/\/progettotouring.it\/radiotouring104\/#\/schema\/logo\/image\/\",\"url\":\"https:\/\/progettotouring.it\/radiotouring104\/wp-content\/uploads\/sites\/6\/2022\/02\/cropped-logo-radio-touring-104.png\",\"contentUrl\":\"https:\/\/progettotouring.it\/radiotouring104\/wp-content\/uploads\/sites\/6\/2022\/02\/cropped-logo-radio-touring-104.png\",\"width\":377,\"height\":182,\"caption\":\"Radio Touring 104\"},\"image\":{\"@id\":\"https:\/\/progettotouring.it\/radiotouring104\/#\/schema\/logo\/image\/\"}},{\"@type\":\"Person\",\"@id\":\"https:\/\/progettotouring.it\/radiotouring104\/#\/schema\/person\/4a82259ca52ac8702ad1a8f9e5a3120b\",\"name\":\"Filippo Francesco Idone\",\"image\":{\"@type\":\"ImageObject\",\"inLanguage\":\"it-IT\",\"@id\":\"https:\/\/secure.gravatar.com\/avatar\/7268715d2366395c3dd314385670e6484117d44f5c442e61e230f7008b7b62d3?s=96&d=mm&r=g\",\"url\":\"https:\/\/secure.gravatar.com\/avatar\/7268715d2366395c3dd314385670e6484117d44f5c442e61e230f7008b7b62d3?s=96&d=mm&r=g\",\"contentUrl\":\"https:\/\/secure.gravatar.com\/avatar\/7268715d2366395c3dd314385670e6484117d44f5c442e61e230f7008b7b62d3?s=96&d=mm&r=g\",\"caption\":\"Filippo Francesco Idone\"},\"url\":\"https:\/\/progettotouring.it\/radiotouring104\/author\/filippoidone\/\"}]}<\/script>\n<!-- \/ Yoast SEO plugin. -->","yoast_head_json":{"title":"Reggio Calabria: approvato l\u2019esercizio finanziario 2022 - Radio Touring 104","description":"Il Consiglio Metropolitano ha dato il via libera allo schema di rendiconto di gestione per l'anno finanziario 2022","robots":{"index":"index","follow":"follow","max-snippet":"max-snippet:-1","max-image-preview":"max-image-preview:large","max-video-preview":"max-video-preview:-1"},"canonical":"https:\/\/progettotouring.it\/radiotouring104\/2023\/06\/05\/reggio-calabria-approvato-lesercizio-finanziario-2022\/","og_locale":"it_IT","og_type":"article","og_title":"Reggio Calabria: approvato l\u2019esercizio finanziario 2022 - Radio Touring 104","og_description":"Il Consiglio Metropolitano ha dato il via libera allo schema di rendiconto di gestione per l'anno finanziario 2022","og_url":"https:\/\/progettotouring.it\/radiotouring104\/2023\/06\/05\/reggio-calabria-approvato-lesercizio-finanziario-2022\/","og_site_name":"Radio Touring 104","article_published_time":"2023-06-05T15:13:53+00:00","article_modified_time":"2023-06-05T15:39:54+00:00","og_image":[{"width":768,"height":403,"url":"https:\/\/progettotouring.it\/radiotouring104\/wp-content\/uploads\/sites\/6\/2022\/07\/consiglio-metropolitano-reggio-calabria.jpeg","type":"image\/jpeg"}],"author":"Filippo Francesco Idone","twitter_card":"summary_large_image","twitter_misc":{"Scritto da":"Filippo Francesco Idone","Tempo di lettura stimato":"3 minuti"},"schema":{"@context":"https:\/\/schema.org","@graph":[{"@type":"Article","@id":"https:\/\/progettotouring.it\/radiotouring104\/2023\/06\/05\/reggio-calabria-approvato-lesercizio-finanziario-2022\/#article","isPartOf":{"@id":"https:\/\/progettotouring.it\/radiotouring104\/2023\/06\/05\/reggio-calabria-approvato-lesercizio-finanziario-2022\/"},"author":{"name":"Filippo Francesco Idone","@id":"https:\/\/progettotouring.it\/radiotouring104\/#\/schema\/person\/4a82259ca52ac8702ad1a8f9e5a3120b"},"headline":"Reggio Calabria: approvato l\u2019esercizio finanziario 2022","datePublished":"2023-06-05T15:13:53+00:00","dateModified":"2023-06-05T15:39:54+00:00","mainEntityOfPage":{"@id":"https:\/\/progettotouring.it\/radiotouring104\/2023\/06\/05\/reggio-calabria-approvato-lesercizio-finanziario-2022\/"},"wordCount":538,"publisher":{"@id":"https:\/\/progettotouring.it\/radiotouring104\/#organization"},"image":{"@id":"https:\/\/progettotouring.it\/radiotouring104\/2023\/06\/05\/reggio-calabria-approvato-lesercizio-finanziario-2022\/#primaryimage"},"thumbnailUrl":"https:\/\/progettotouring.it\/radiotouring104\/wp-content\/uploads\/sites\/6\/2022\/07\/consiglio-metropolitano-reggio-calabria.jpeg","keywords":["carmelo versace","Consiglio metropolitano","Corte conti","esercizio finanziario 2022","pnrr","Ranuccio"],"articleSection":["Home","News","Politica","Reggio Calabria"],"inLanguage":"it-IT"},{"@type":"WebPage","@id":"https:\/\/progettotouring.it\/radiotouring104\/2023\/06\/05\/reggio-calabria-approvato-lesercizio-finanziario-2022\/","url":"https:\/\/progettotouring.it\/radiotouring104\/2023\/06\/05\/reggio-calabria-approvato-lesercizio-finanziario-2022\/","name":"Reggio Calabria: approvato l\u2019esercizio finanziario 2022 - Radio Touring 104","isPartOf":{"@id":"https:\/\/progettotouring.it\/radiotouring104\/#website"},"primaryImageOfPage":{"@id":"https:\/\/progettotouring.it\/radiotouring104\/2023\/06\/05\/reggio-calabria-approvato-lesercizio-finanziario-2022\/#primaryimage"},"image":{"@id":"https:\/\/progettotouring.it\/radiotouring104\/2023\/06\/05\/reggio-calabria-approvato-lesercizio-finanziario-2022\/#primaryimage"},"thumbnailUrl":"https:\/\/progettotouring.it\/radiotouring104\/wp-content\/uploads\/sites\/6\/2022\/07\/consiglio-metropolitano-reggio-calabria.jpeg","datePublished":"2023-06-05T15:13:53+00:00","dateModified":"2023-06-05T15:39:54+00:00","description":"Il Consiglio Metropolitano ha dato il via libera allo schema di rendiconto di gestione per l'anno finanziario 2022","breadcrumb":{"@id":"https:\/\/progettotouring.it\/radiotouring104\/2023\/06\/05\/reggio-calabria-approvato-lesercizio-finanziario-2022\/#breadcrumb"},"inLanguage":"it-IT","potentialAction":[{"@type":"ReadAction","target":["https:\/\/progettotouring.it\/radiotouring104\/2023\/06\/05\/reggio-calabria-approvato-lesercizio-finanziario-2022\/"]}]},{"@type":"ImageObject","inLanguage":"it-IT","@id":"https:\/\/progettotouring.it\/radiotouring104\/2023\/06\/05\/reggio-calabria-approvato-lesercizio-finanziario-2022\/#primaryimage","url":"https:\/\/progettotouring.it\/radiotouring104\/wp-content\/uploads\/sites\/6\/2022\/07\/consiglio-metropolitano-reggio-calabria.jpeg","contentUrl":"https:\/\/progettotouring.it\/radiotouring104\/wp-content\/uploads\/sites\/6\/2022\/07\/consiglio-metropolitano-reggio-calabria.jpeg","width":768,"height":403},{"@type":"BreadcrumbList","@id":"https:\/\/progettotouring.it\/radiotouring104\/2023\/06\/05\/reggio-calabria-approvato-lesercizio-finanziario-2022\/#breadcrumb","itemListElement":[{"@type":"ListItem","position":1,"name":"Home","item":"https:\/\/progettotouring.it\/radiotouring104\/"},{"@type":"ListItem","position":2,"name":"Reggio Calabria: approvato l\u2019esercizio finanziario 2022"}]},{"@type":"WebSite","@id":"https:\/\/progettotouring.it\/radiotouring104\/#website","url":"https:\/\/progettotouring.it\/radiotouring104\/","name":"Radio Touring 104","description":"La prima radio Reggina","publisher":{"@id":"https:\/\/progettotouring.it\/radiotouring104\/#organization"},"potentialAction":[{"@type":"SearchAction","target":{"@type":"EntryPoint","urlTemplate":"https:\/\/progettotouring.it\/radiotouring104\/?s={search_term_string}"},"query-input":{"@type":"PropertyValueSpecification","valueRequired":true,"valueName":"search_term_string"}}],"inLanguage":"it-IT"},{"@type":"Organization","@id":"https:\/\/progettotouring.it\/radiotouring104\/#organization","name":"Radio Touring 104","url":"https:\/\/progettotouring.it\/radiotouring104\/","logo":{"@type":"ImageObject","inLanguage":"it-IT","@id":"https:\/\/progettotouring.it\/radiotouring104\/#\/schema\/logo\/image\/","url":"https:\/\/progettotouring.it\/radiotouring104\/wp-content\/uploads\/sites\/6\/2022\/02\/cropped-logo-radio-touring-104.png","contentUrl":"https:\/\/progettotouring.it\/radiotouring104\/wp-content\/uploads\/sites\/6\/2022\/02\/cropped-logo-radio-touring-104.png","width":377,"height":182,"caption":"Radio Touring 104"},"image":{"@id":"https:\/\/progettotouring.it\/radiotouring104\/#\/schema\/logo\/image\/"}},{"@type":"Person","@id":"https:\/\/progettotouring.it\/radiotouring104\/#\/schema\/person\/4a82259ca52ac8702ad1a8f9e5a3120b","name":"Filippo Francesco Idone","image":{"@type":"ImageObject","inLanguage":"it-IT","@id":"https:\/\/secure.gravatar.com\/avatar\/7268715d2366395c3dd314385670e6484117d44f5c442e61e230f7008b7b62d3?s=96&d=mm&r=g","url":"https:\/\/secure.gravatar.com\/avatar\/7268715d2366395c3dd314385670e6484117d44f5c442e61e230f7008b7b62d3?s=96&d=mm&r=g","contentUrl":"https:\/\/secure.gravatar.com\/avatar\/7268715d2366395c3dd314385670e6484117d44f5c442e61e230f7008b7b62d3?s=96&d=mm&r=g","caption":"Filippo Francesco Idone"},"url":"https:\/\/progettotouring.it\/radiotouring104\/author\/filippoidone\/"}]}},"jetpack_publicize_connections":[],"jetpack_featured_media_url":"https:\/\/progettotouring.it\/radiotouring104\/wp-content\/uploads\/sites\/6\/2022\/07\/consiglio-metropolitano-reggio-calabria.jpeg","jetpack_sharing_enabled":true,"_links":{"self":[{"href":"https:\/\/progettotouring.it\/radiotouring104\/wp-json\/wp\/v2\/posts\/27373","targetHints":{"allow":["GET"]}}],"collection":[{"href":"https:\/\/progettotouring.it\/radiotouring104\/wp-json\/wp\/v2\/posts"}],"about":[{"href":"https:\/\/progettotouring.it\/radiotouring104\/wp-json\/wp\/v2\/types\/post"}],"author":[{"embeddable":true,"href":"https:\/\/progettotouring.it\/radiotouring104\/wp-json\/wp\/v2\/users\/8"}],"replies":[{"embeddable":true,"href":"https:\/\/progettotouring.it\/radiotouring104\/wp-json\/wp\/v2\/comments?post=27373"}],"version-history":[{"count":1,"href":"https:\/\/progettotouring.it\/radiotouring104\/wp-json\/wp\/v2\/posts\/27373\/revisions"}],"predecessor-version":[{"id":27374,"href":"https:\/\/progettotouring.it\/radiotouring104\/wp-json\/wp\/v2\/posts\/27373\/revisions\/27374"}],"wp:featuredmedia":[{"embeddable":true,"href":"https:\/\/progettotouring.it\/radiotouring104\/wp-json\/wp\/v2\/media\/8019"}],"wp:attachment":[{"href":"https:\/\/progettotouring.it\/radiotouring104\/wp-json\/wp\/v2\/media?parent=27373"}],"wp:term":[{"taxonomy":"category","embeddable":true,"href":"https:\/\/progettotouring.it\/radiotouring104\/wp-json\/wp\/v2\/categories?post=27373"},{"taxonomy":"post_tag","embeddable":true,"href":"https:\/\/progettotouring.it\/radiotouring104\/wp-json\/wp\/v2\/tags?post=27373"}],"curies":[{"name":"wp","href":"https:\/\/api.w.org\/{rel}","templated":true}]}}