{"id":27412,"date":"2023-06-06T10:38:51","date_gmt":"2023-06-06T08:38:51","guid":{"rendered":"https:\/\/progettotouring.it\/radiotouring104\/?p=27412"},"modified":"2023-06-06T10:39:10","modified_gmt":"2023-06-06T08:39:10","slug":"isola-capo-r-mancuso-al-convegno-su-zona-economica-speciale","status":"publish","type":"post","link":"https:\/\/progettotouring.it\/radiotouring104\/2023\/06\/06\/isola-capo-r-mancuso-al-convegno-su-zona-economica-speciale\/","title":{"rendered":"Isola Capo R.: Mancuso al convegno su &#8220;Zona economica speciale&#8221;"},"content":{"rendered":"<p style=\"text-align: justify\">\u201c<em>La Zes \u00e8 prioritaria per la Calabria e il commissario Romano sta, come non era mai accaduto nel passato, adoperandosi efficacemente. Ma per renderla concretamente utile, affinch\u00e9, grazie alle agevolazioni che prevede, il territorio sia attrattivo d\u2019investimenti, dobbiamo tutti assieme fare uno sforzo per recuperare la reputazione della regione nello scenario internazionale. Ho espresso il plauso del Consiglio regionale, appresa la notizia che la \u2018Giacinto Callipo conserve alimentari srl\u2019 \u00e8 stata la prima societ\u00e0 alla quale \u00e8 stata rilasciata l\u2019autorizzazione numero 1 per una nuova attivit\u00e0 in una delle aree nel perimetro \u2018Zes\u2019, perch\u00e9 sono questi i segnali di cui la Calabria ha bisogno: semplificazione amministrativa e rapidit\u00e0 nelle scelte, in funzione dello sviluppo sostenibile\u201d.<\/em><\/p>\n<p style=\"text-align: justify\"><strong>L\u2019ha detto il presidente del Consiglio regionale Filippo Mancuso,<\/strong> intervenendo a Isola Capo Rizzuto <strong>al convegno \u201cZone economiche speciali &#8211; Un piano strategico per il rilancio del nostro territorio\u201d,<\/strong> introdotto dal sindaco Maria Grazia Vittemberga e al quale ha preso parte (fra gli altri) il commissario \u2018Zes-Calabria\u2019\u00a0 avv. Giosi Romano.<\/p>\n<p style=\"text-align: justify\"><strong>Ha aggiunto<\/strong>: <em>\u201c In Calabria abbiamo bisogno non di piangerci addosso, ma\u00a0 di iniziative come questa, per capire come cogliere opportunit\u00e0 che non possiamo permetterci il lusso di mancare e per tracciare analisi di scenario sull\u2019evoluzione delle dinamiche economiche che interessano il Sud e in particolare i nostri territori. A partire da Isola Capo Rizzuto, che vanta uno straordinario patrimonio ambientale &#8211; e culturale\u201d.\u00a0<\/em><\/p>\n<p style=\"text-align: justify\"><strong>Per Mancuso<\/strong>: \u201c<em>Gli obiettivi generali su cui punta la\u00a0 Zes\u00a0 sono decisivi per il futuro della Calabria. Anche nella prospettiva mediterranea su cui l\u2019Unione Europea, dopo gli sconvolgenti mutamenti geopolitici internazionali, deve incominciare a impegnarsi. Dobbiamo, soprattutto in questo territorio, il Crotonese, tra i pi\u00f9 trascurati del Mezzogiorno sul lato delle infrastrutture di base, della mobilit\u00e0 e dello sviluppo, alimentare il circuito della fiducia da parte del sistema imprenditoriale locale e nazionale.\u00a0 Ci\u00f2 su cui bisogna insistere \u00e8 la sinergia tra istituzioni di ogni livello e tra pubblico e privato, sia per premiare merito e capacit\u00e0 che per superare i deficit di qualit\u00e0 nella filiera turistica e quegli aspetti negativi di cui dobbiamo liberarci, per fare sviluppo nella legalit\u00e0<\/em>\u201d.<\/p>\n<p style=\"text-align: justify\">Per il<strong> vertice istituzionale di Palazzo Campanella:<\/strong> \u201c<em>La Calabria ha tutto ci\u00f2 che serve per agganciarsi alla ripresa nazionale e contribuire alla ricostruzione della sua economia e di quella italiana.\u00a0 Non solo puntando sui settori del turismo e dell\u2019agroalimentare, ma anche cercando di\u00a0 colmare lacune produttive in molti altri settori da cui pu\u00f2 nascere ricchezza generale. La Calabria, per esempio, ha oltre 800 km di coste e pi\u00f9 o meno 600 concessioni demaniali, ma ha una sola azienda che produce attrezzature per mare e spiagge. La Regione ce la sta mettendo tutta per promuovere sviluppo, valorizzando anche il nostro capitale umano, ma dobbiamo agire tutti nella stessa direzione\u201d.<\/em><\/p>\n","protected":false},"excerpt":{"rendered":"<p>\u201cLa Zes \u00e8 prioritaria per la Calabria e il commissario Romano sta, come non era mai accaduto nel passato, adoperandosi efficacemente. Ma per renderla concretamente utile, affinch\u00e9, grazie alle agevolazioni&hellip;<\/p>\n","protected":false},"author":12,"featured_media":16851,"comment_status":"closed","ping_status":"open","sticky":false,"template":"","format":"standard","meta":{"_jetpack_memberships_contains_paid_content":false,"footnotes":"","jetpack_publicize_message":"","jetpack_publicize_feature_enabled":true,"jetpack_social_post_already_shared":false,"jetpack_social_options":{"image_generator_settings":{"template":"highway","default_image_id":0,"font":"","enabled":false},"version":2}},"categories":[142,921,196],"tags":[16462,16461,594,2355,9617],"class_list":["post-27412","post","type-post","status-publish","format-standard","has-post-thumbnail","hentry","category-calabria","category-home","category-news","tag-avv-giosi-romano","tag-convegno-zone-economiche-speciali-un-piano-strategico-per-il-rilancio-del-nostro-territorio","tag-filippo-mancuso","tag-isola-capo-rizzuto","tag-zes"],"yoast_head":"<!-- This site is optimized with the Yoast SEO plugin v27.2 - https:\/\/yoast.com\/product\/yoast-seo-wordpress\/ -->\n<title>Isola Capo R.: Mancuso al convegno su &quot;Zona economica speciale&quot;<\/title>\n<meta name=\"description\" content=\"Mancuso \u00e8 intervenuto, a Isola Capo Rizzuto al convegno \u201cZone economiche speciali - Un piano strategico per il rilancio del nostro territorio\u201d\" \/>\n<meta name=\"robots\" content=\"index, follow, max-snippet:-1, max-image-preview:large, max-video-preview:-1\" \/>\n<link rel=\"canonical\" href=\"https:\/\/progettotouring.it\/radiotouring104\/2023\/06\/06\/isola-capo-r-mancuso-al-convegno-su-zona-economica-speciale\/\" \/>\n<meta property=\"og:locale\" content=\"it_IT\" \/>\n<meta property=\"og:type\" content=\"article\" \/>\n<meta property=\"og:title\" content=\"Isola Capo R.: Mancuso al convegno su &quot;Zona economica speciale&quot;\" \/>\n<meta property=\"og:description\" content=\"Mancuso \u00e8 intervenuto, a Isola Capo Rizzuto al convegno \u201cZone economiche speciali - Un piano strategico per il rilancio del nostro territorio\u201d\" \/>\n<meta property=\"og:url\" content=\"https:\/\/progettotouring.it\/radiotouring104\/2023\/06\/06\/isola-capo-r-mancuso-al-convegno-su-zona-economica-speciale\/\" \/>\n<meta property=\"og:site_name\" content=\"Radio Touring 104\" \/>\n<meta property=\"article:published_time\" content=\"2023-06-06T08:38:51+00:00\" \/>\n<meta property=\"article:modified_time\" content=\"2023-06-06T08:39:10+00:00\" \/>\n<meta property=\"og:image\" content=\"https:\/\/progettotouring.it\/radiotouring104\/wp-content\/uploads\/sites\/6\/2023\/01\/Mancuso-2.jpg\" \/>\n\t<meta property=\"og:image:width\" content=\"436\" \/>\n\t<meta property=\"og:image:height\" content=\"417\" \/>\n\t<meta property=\"og:image:type\" content=\"image\/jpeg\" \/>\n<meta name=\"author\" content=\"Sebastiano Plutino\" \/>\n<meta name=\"twitter:card\" content=\"summary_large_image\" \/>\n<meta name=\"twitter:label1\" content=\"Scritto da\" \/>\n\t<meta name=\"twitter:data1\" content=\"Sebastiano Plutino\" \/>\n\t<meta name=\"twitter:label2\" content=\"Tempo di lettura stimato\" \/>\n\t<meta name=\"twitter:data2\" content=\"2 minuti\" \/>\n<script type=\"application\/ld+json\" class=\"yoast-schema-graph\">{\"@context\":\"https:\/\/schema.org\",\"@graph\":[{\"@type\":\"Article\",\"@id\":\"https:\/\/progettotouring.it\/radiotouring104\/2023\/06\/06\/isola-capo-r-mancuso-al-convegno-su-zona-economica-speciale\/#article\",\"isPartOf\":{\"@id\":\"https:\/\/progettotouring.it\/radiotouring104\/2023\/06\/06\/isola-capo-r-mancuso-al-convegno-su-zona-economica-speciale\/\"},\"author\":{\"name\":\"Sebastiano Plutino\",\"@id\":\"https:\/\/progettotouring.it\/radiotouring104\/#\/schema\/person\/78613917f1851f041f7483f5af1d422e\"},\"headline\":\"Isola Capo R.: Mancuso al convegno su &#8220;Zona economica speciale&#8221;\",\"datePublished\":\"2023-06-06T08:38:51+00:00\",\"dateModified\":\"2023-06-06T08:39:10+00:00\",\"mainEntityOfPage\":{\"@id\":\"https:\/\/progettotouring.it\/radiotouring104\/2023\/06\/06\/isola-capo-r-mancuso-al-convegno-su-zona-economica-speciale\/\"},\"wordCount\":464,\"publisher\":{\"@id\":\"https:\/\/progettotouring.it\/radiotouring104\/#organization\"},\"image\":{\"@id\":\"https:\/\/progettotouring.it\/radiotouring104\/2023\/06\/06\/isola-capo-r-mancuso-al-convegno-su-zona-economica-speciale\/#primaryimage\"},\"thumbnailUrl\":\"https:\/\/progettotouring.it\/radiotouring104\/wp-content\/uploads\/sites\/6\/2023\/01\/Mancuso-2.jpg\",\"keywords\":[\"avv. Giosi Romano.\",\"convegno \u201cZone economiche speciali - Un piano strategico per il rilancio del nostro territorio\u201d\",\"Filippo Mancuso\",\"isola capo rizzuto\",\"Zes\"],\"articleSection\":[\"Calabria\",\"Home\",\"News\"],\"inLanguage\":\"it-IT\"},{\"@type\":\"WebPage\",\"@id\":\"https:\/\/progettotouring.it\/radiotouring104\/2023\/06\/06\/isola-capo-r-mancuso-al-convegno-su-zona-economica-speciale\/\",\"url\":\"https:\/\/progettotouring.it\/radiotouring104\/2023\/06\/06\/isola-capo-r-mancuso-al-convegno-su-zona-economica-speciale\/\",\"name\":\"Isola Capo R.: Mancuso al convegno su \\\"Zona economica speciale\\\"\",\"isPartOf\":{\"@id\":\"https:\/\/progettotouring.it\/radiotouring104\/#website\"},\"primaryImageOfPage\":{\"@id\":\"https:\/\/progettotouring.it\/radiotouring104\/2023\/06\/06\/isola-capo-r-mancuso-al-convegno-su-zona-economica-speciale\/#primaryimage\"},\"image\":{\"@id\":\"https:\/\/progettotouring.it\/radiotouring104\/2023\/06\/06\/isola-capo-r-mancuso-al-convegno-su-zona-economica-speciale\/#primaryimage\"},\"thumbnailUrl\":\"https:\/\/progettotouring.it\/radiotouring104\/wp-content\/uploads\/sites\/6\/2023\/01\/Mancuso-2.jpg\",\"datePublished\":\"2023-06-06T08:38:51+00:00\",\"dateModified\":\"2023-06-06T08:39:10+00:00\",\"description\":\"Mancuso \u00e8 intervenuto, a Isola Capo Rizzuto al convegno \u201cZone economiche speciali - Un piano strategico per il rilancio del nostro territorio\u201d\",\"breadcrumb\":{\"@id\":\"https:\/\/progettotouring.it\/radiotouring104\/2023\/06\/06\/isola-capo-r-mancuso-al-convegno-su-zona-economica-speciale\/#breadcrumb\"},\"inLanguage\":\"it-IT\",\"potentialAction\":[{\"@type\":\"ReadAction\",\"target\":[\"https:\/\/progettotouring.it\/radiotouring104\/2023\/06\/06\/isola-capo-r-mancuso-al-convegno-su-zona-economica-speciale\/\"]}]},{\"@type\":\"ImageObject\",\"inLanguage\":\"it-IT\",\"@id\":\"https:\/\/progettotouring.it\/radiotouring104\/2023\/06\/06\/isola-capo-r-mancuso-al-convegno-su-zona-economica-speciale\/#primaryimage\",\"url\":\"https:\/\/progettotouring.it\/radiotouring104\/wp-content\/uploads\/sites\/6\/2023\/01\/Mancuso-2.jpg\",\"contentUrl\":\"https:\/\/progettotouring.it\/radiotouring104\/wp-content\/uploads\/sites\/6\/2023\/01\/Mancuso-2.jpg\",\"width\":436,\"height\":417},{\"@type\":\"BreadcrumbList\",\"@id\":\"https:\/\/progettotouring.it\/radiotouring104\/2023\/06\/06\/isola-capo-r-mancuso-al-convegno-su-zona-economica-speciale\/#breadcrumb\",\"itemListElement\":[{\"@type\":\"ListItem\",\"position\":1,\"name\":\"Home\",\"item\":\"https:\/\/progettotouring.it\/radiotouring104\/\"},{\"@type\":\"ListItem\",\"position\":2,\"name\":\"Isola Capo R.: Mancuso al convegno su &#8220;Zona economica speciale&#8221;\"}]},{\"@type\":\"WebSite\",\"@id\":\"https:\/\/progettotouring.it\/radiotouring104\/#website\",\"url\":\"https:\/\/progettotouring.it\/radiotouring104\/\",\"name\":\"Radio Touring 104\",\"description\":\"La prima radio Reggina\",\"publisher\":{\"@id\":\"https:\/\/progettotouring.it\/radiotouring104\/#organization\"},\"potentialAction\":[{\"@type\":\"SearchAction\",\"target\":{\"@type\":\"EntryPoint\",\"urlTemplate\":\"https:\/\/progettotouring.it\/radiotouring104\/?s={search_term_string}\"},\"query-input\":{\"@type\":\"PropertyValueSpecification\",\"valueRequired\":true,\"valueName\":\"search_term_string\"}}],\"inLanguage\":\"it-IT\"},{\"@type\":\"Organization\",\"@id\":\"https:\/\/progettotouring.it\/radiotouring104\/#organization\",\"name\":\"Radio Touring 104\",\"url\":\"https:\/\/progettotouring.it\/radiotouring104\/\",\"logo\":{\"@type\":\"ImageObject\",\"inLanguage\":\"it-IT\",\"@id\":\"https:\/\/progettotouring.it\/radiotouring104\/#\/schema\/logo\/image\/\",\"url\":\"https:\/\/progettotouring.it\/radiotouring104\/wp-content\/uploads\/sites\/6\/2022\/02\/cropped-logo-radio-touring-104.png\",\"contentUrl\":\"https:\/\/progettotouring.it\/radiotouring104\/wp-content\/uploads\/sites\/6\/2022\/02\/cropped-logo-radio-touring-104.png\",\"width\":377,\"height\":182,\"caption\":\"Radio Touring 104\"},\"image\":{\"@id\":\"https:\/\/progettotouring.it\/radiotouring104\/#\/schema\/logo\/image\/\"}},{\"@type\":\"Person\",\"@id\":\"https:\/\/progettotouring.it\/radiotouring104\/#\/schema\/person\/78613917f1851f041f7483f5af1d422e\",\"name\":\"Sebastiano Plutino\",\"image\":{\"@type\":\"ImageObject\",\"inLanguage\":\"it-IT\",\"@id\":\"https:\/\/secure.gravatar.com\/avatar\/0546ffaa9b79224faf9f2a156b67a529ae861d3287c66c1d8ccfdf909bcba78d?s=96&d=mm&r=g\",\"url\":\"https:\/\/secure.gravatar.com\/avatar\/0546ffaa9b79224faf9f2a156b67a529ae861d3287c66c1d8ccfdf909bcba78d?s=96&d=mm&r=g\",\"contentUrl\":\"https:\/\/secure.gravatar.com\/avatar\/0546ffaa9b79224faf9f2a156b67a529ae861d3287c66c1d8ccfdf909bcba78d?s=96&d=mm&r=g\",\"caption\":\"Sebastiano Plutino\"},\"url\":\"https:\/\/progettotouring.it\/radiotouring104\/author\/sebastiano\/\"}]}<\/script>\n<!-- \/ Yoast SEO plugin. -->","yoast_head_json":{"title":"Isola Capo R.: Mancuso al convegno su \"Zona economica speciale\"","description":"Mancuso \u00e8 intervenuto, a Isola Capo Rizzuto al convegno \u201cZone economiche speciali - Un piano strategico per il rilancio del nostro territorio\u201d","robots":{"index":"index","follow":"follow","max-snippet":"max-snippet:-1","max-image-preview":"max-image-preview:large","max-video-preview":"max-video-preview:-1"},"canonical":"https:\/\/progettotouring.it\/radiotouring104\/2023\/06\/06\/isola-capo-r-mancuso-al-convegno-su-zona-economica-speciale\/","og_locale":"it_IT","og_type":"article","og_title":"Isola Capo R.: Mancuso al convegno su \"Zona economica speciale\"","og_description":"Mancuso \u00e8 intervenuto, a Isola Capo Rizzuto al convegno \u201cZone economiche speciali - Un piano strategico per il rilancio del nostro territorio\u201d","og_url":"https:\/\/progettotouring.it\/radiotouring104\/2023\/06\/06\/isola-capo-r-mancuso-al-convegno-su-zona-economica-speciale\/","og_site_name":"Radio Touring 104","article_published_time":"2023-06-06T08:38:51+00:00","article_modified_time":"2023-06-06T08:39:10+00:00","og_image":[{"width":436,"height":417,"url":"https:\/\/progettotouring.it\/radiotouring104\/wp-content\/uploads\/sites\/6\/2023\/01\/Mancuso-2.jpg","type":"image\/jpeg"}],"author":"Sebastiano Plutino","twitter_card":"summary_large_image","twitter_misc":{"Scritto da":"Sebastiano Plutino","Tempo di lettura stimato":"2 minuti"},"schema":{"@context":"https:\/\/schema.org","@graph":[{"@type":"Article","@id":"https:\/\/progettotouring.it\/radiotouring104\/2023\/06\/06\/isola-capo-r-mancuso-al-convegno-su-zona-economica-speciale\/#article","isPartOf":{"@id":"https:\/\/progettotouring.it\/radiotouring104\/2023\/06\/06\/isola-capo-r-mancuso-al-convegno-su-zona-economica-speciale\/"},"author":{"name":"Sebastiano Plutino","@id":"https:\/\/progettotouring.it\/radiotouring104\/#\/schema\/person\/78613917f1851f041f7483f5af1d422e"},"headline":"Isola Capo R.: Mancuso al convegno su &#8220;Zona economica speciale&#8221;","datePublished":"2023-06-06T08:38:51+00:00","dateModified":"2023-06-06T08:39:10+00:00","mainEntityOfPage":{"@id":"https:\/\/progettotouring.it\/radiotouring104\/2023\/06\/06\/isola-capo-r-mancuso-al-convegno-su-zona-economica-speciale\/"},"wordCount":464,"publisher":{"@id":"https:\/\/progettotouring.it\/radiotouring104\/#organization"},"image":{"@id":"https:\/\/progettotouring.it\/radiotouring104\/2023\/06\/06\/isola-capo-r-mancuso-al-convegno-su-zona-economica-speciale\/#primaryimage"},"thumbnailUrl":"https:\/\/progettotouring.it\/radiotouring104\/wp-content\/uploads\/sites\/6\/2023\/01\/Mancuso-2.jpg","keywords":["avv. Giosi Romano.","convegno \u201cZone economiche speciali - Un piano strategico per il rilancio del nostro territorio\u201d","Filippo Mancuso","isola capo rizzuto","Zes"],"articleSection":["Calabria","Home","News"],"inLanguage":"it-IT"},{"@type":"WebPage","@id":"https:\/\/progettotouring.it\/radiotouring104\/2023\/06\/06\/isola-capo-r-mancuso-al-convegno-su-zona-economica-speciale\/","url":"https:\/\/progettotouring.it\/radiotouring104\/2023\/06\/06\/isola-capo-r-mancuso-al-convegno-su-zona-economica-speciale\/","name":"Isola Capo R.: Mancuso al convegno su \"Zona economica speciale\"","isPartOf":{"@id":"https:\/\/progettotouring.it\/radiotouring104\/#website"},"primaryImageOfPage":{"@id":"https:\/\/progettotouring.it\/radiotouring104\/2023\/06\/06\/isola-capo-r-mancuso-al-convegno-su-zona-economica-speciale\/#primaryimage"},"image":{"@id":"https:\/\/progettotouring.it\/radiotouring104\/2023\/06\/06\/isola-capo-r-mancuso-al-convegno-su-zona-economica-speciale\/#primaryimage"},"thumbnailUrl":"https:\/\/progettotouring.it\/radiotouring104\/wp-content\/uploads\/sites\/6\/2023\/01\/Mancuso-2.jpg","datePublished":"2023-06-06T08:38:51+00:00","dateModified":"2023-06-06T08:39:10+00:00","description":"Mancuso \u00e8 intervenuto, a Isola Capo Rizzuto al convegno \u201cZone economiche speciali - Un piano strategico per il rilancio del nostro territorio\u201d","breadcrumb":{"@id":"https:\/\/progettotouring.it\/radiotouring104\/2023\/06\/06\/isola-capo-r-mancuso-al-convegno-su-zona-economica-speciale\/#breadcrumb"},"inLanguage":"it-IT","potentialAction":[{"@type":"ReadAction","target":["https:\/\/progettotouring.it\/radiotouring104\/2023\/06\/06\/isola-capo-r-mancuso-al-convegno-su-zona-economica-speciale\/"]}]},{"@type":"ImageObject","inLanguage":"it-IT","@id":"https:\/\/progettotouring.it\/radiotouring104\/2023\/06\/06\/isola-capo-r-mancuso-al-convegno-su-zona-economica-speciale\/#primaryimage","url":"https:\/\/progettotouring.it\/radiotouring104\/wp-content\/uploads\/sites\/6\/2023\/01\/Mancuso-2.jpg","contentUrl":"https:\/\/progettotouring.it\/radiotouring104\/wp-content\/uploads\/sites\/6\/2023\/01\/Mancuso-2.jpg","width":436,"height":417},{"@type":"BreadcrumbList","@id":"https:\/\/progettotouring.it\/radiotouring104\/2023\/06\/06\/isola-capo-r-mancuso-al-convegno-su-zona-economica-speciale\/#breadcrumb","itemListElement":[{"@type":"ListItem","position":1,"name":"Home","item":"https:\/\/progettotouring.it\/radiotouring104\/"},{"@type":"ListItem","position":2,"name":"Isola Capo R.: Mancuso al convegno su &#8220;Zona economica speciale&#8221;"}]},{"@type":"WebSite","@id":"https:\/\/progettotouring.it\/radiotouring104\/#website","url":"https:\/\/progettotouring.it\/radiotouring104\/","name":"Radio Touring 104","description":"La prima radio Reggina","publisher":{"@id":"https:\/\/progettotouring.it\/radiotouring104\/#organization"},"potentialAction":[{"@type":"SearchAction","target":{"@type":"EntryPoint","urlTemplate":"https:\/\/progettotouring.it\/radiotouring104\/?s={search_term_string}"},"query-input":{"@type":"PropertyValueSpecification","valueRequired":true,"valueName":"search_term_string"}}],"inLanguage":"it-IT"},{"@type":"Organization","@id":"https:\/\/progettotouring.it\/radiotouring104\/#organization","name":"Radio Touring 104","url":"https:\/\/progettotouring.it\/radiotouring104\/","logo":{"@type":"ImageObject","inLanguage":"it-IT","@id":"https:\/\/progettotouring.it\/radiotouring104\/#\/schema\/logo\/image\/","url":"https:\/\/progettotouring.it\/radiotouring104\/wp-content\/uploads\/sites\/6\/2022\/02\/cropped-logo-radio-touring-104.png","contentUrl":"https:\/\/progettotouring.it\/radiotouring104\/wp-content\/uploads\/sites\/6\/2022\/02\/cropped-logo-radio-touring-104.png","width":377,"height":182,"caption":"Radio Touring 104"},"image":{"@id":"https:\/\/progettotouring.it\/radiotouring104\/#\/schema\/logo\/image\/"}},{"@type":"Person","@id":"https:\/\/progettotouring.it\/radiotouring104\/#\/schema\/person\/78613917f1851f041f7483f5af1d422e","name":"Sebastiano Plutino","image":{"@type":"ImageObject","inLanguage":"it-IT","@id":"https:\/\/secure.gravatar.com\/avatar\/0546ffaa9b79224faf9f2a156b67a529ae861d3287c66c1d8ccfdf909bcba78d?s=96&d=mm&r=g","url":"https:\/\/secure.gravatar.com\/avatar\/0546ffaa9b79224faf9f2a156b67a529ae861d3287c66c1d8ccfdf909bcba78d?s=96&d=mm&r=g","contentUrl":"https:\/\/secure.gravatar.com\/avatar\/0546ffaa9b79224faf9f2a156b67a529ae861d3287c66c1d8ccfdf909bcba78d?s=96&d=mm&r=g","caption":"Sebastiano Plutino"},"url":"https:\/\/progettotouring.it\/radiotouring104\/author\/sebastiano\/"}]}},"jetpack_publicize_connections":[],"jetpack_featured_media_url":"https:\/\/progettotouring.it\/radiotouring104\/wp-content\/uploads\/sites\/6\/2023\/01\/Mancuso-2.jpg","jetpack_sharing_enabled":true,"_links":{"self":[{"href":"https:\/\/progettotouring.it\/radiotouring104\/wp-json\/wp\/v2\/posts\/27412","targetHints":{"allow":["GET"]}}],"collection":[{"href":"https:\/\/progettotouring.it\/radiotouring104\/wp-json\/wp\/v2\/posts"}],"about":[{"href":"https:\/\/progettotouring.it\/radiotouring104\/wp-json\/wp\/v2\/types\/post"}],"author":[{"embeddable":true,"href":"https:\/\/progettotouring.it\/radiotouring104\/wp-json\/wp\/v2\/users\/12"}],"replies":[{"embeddable":true,"href":"https:\/\/progettotouring.it\/radiotouring104\/wp-json\/wp\/v2\/comments?post=27412"}],"version-history":[{"count":1,"href":"https:\/\/progettotouring.it\/radiotouring104\/wp-json\/wp\/v2\/posts\/27412\/revisions"}],"predecessor-version":[{"id":27413,"href":"https:\/\/progettotouring.it\/radiotouring104\/wp-json\/wp\/v2\/posts\/27412\/revisions\/27413"}],"wp:featuredmedia":[{"embeddable":true,"href":"https:\/\/progettotouring.it\/radiotouring104\/wp-json\/wp\/v2\/media\/16851"}],"wp:attachment":[{"href":"https:\/\/progettotouring.it\/radiotouring104\/wp-json\/wp\/v2\/media?parent=27412"}],"wp:term":[{"taxonomy":"category","embeddable":true,"href":"https:\/\/progettotouring.it\/radiotouring104\/wp-json\/wp\/v2\/categories?post=27412"},{"taxonomy":"post_tag","embeddable":true,"href":"https:\/\/progettotouring.it\/radiotouring104\/wp-json\/wp\/v2\/tags?post=27412"}],"curies":[{"name":"wp","href":"https:\/\/api.w.org\/{rel}","templated":true}]}}