{"id":27575,"date":"2023-06-07T17:17:05","date_gmt":"2023-06-07T15:17:05","guid":{"rendered":"https:\/\/progettotouring.it\/radiotouring104\/?p=27575"},"modified":"2023-06-07T17:17:16","modified_gmt":"2023-06-07T15:17:16","slug":"reggio-calabria-centro-di-un-cammino-nazionale-arriva-il-trekking-alla-scoperta-di-san-paolo","status":"publish","type":"post","link":"https:\/\/progettotouring.it\/radiotouring104\/2023\/06\/07\/reggio-calabria-centro-di-un-cammino-nazionale-arriva-il-trekking-alla-scoperta-di-san-paolo\/","title":{"rendered":"Reggio Calabria centro di un &#8220;Cammino&#8221; nazionale: arriva il Trekking alla scoperta di San Paolo"},"content":{"rendered":"<p style=\"text-align: justify;\">Il prossimo venerd\u00ec 9 giugno alle ore 11,00 presso il Museo Diocesano \u201cMons. Aurelio Sorrentino\u201d, su iniziativa della Diocesi di Reggio Calabria-Bova sar\u00e0 sottoscritto, alla presenza di Vescovo <strong>Mons. Fortunato Morrone<\/strong>, il<strong> Protocollo di intesa<\/strong> per la promozione e valorizzazione del \u201c<strong>Trekking urbano a Reggio Calabria alla scoperta di San Paolo&#8221;<\/strong> e l\u2019attuazione del Progetto \u201cL<strong>a Via della Fede di San Paolo da Siracusa a Roma<\/strong>\u201d.<br \/>\nIl Progetto, elaborato dalla \u201c<strong>Pattuglia San Paolo<\/strong>\u201d, gruppo di Adulti scout aderenti a diverse realt\u00e0 cittadine (MASCI, Scout Brutia, AGI2000 e FSE), \u00e8 finalizzato a fare diventare il <strong>Comune e la Citt\u00e0 Metropolitana di Reggio Calabria tappa di un \u201cCammino\u201d di rilievo nazionale<\/strong>, con tragitto anche via mare, con l\u2019obiettivo di ripercorrere il viaggio che San Paolo fece, da prigioniero, nel 61 d.C. da Cesarea a Roma, con tappa nell\u2019Italia meridionale nelle citt\u00e0 di Siracusa, Reggio Calabria e Pozzuoli, e che lo stesso San Paolo descrisse negli Atti degli Apostoli.<\/p>\n<p>In particolare, il Trekking urbano \u00e8 stato ideato avendo come riferimento quello che San Paolo rappresenta per la Citt\u00e0 di Reggio, grazie al prodigio della colonna ardente che fece approdando a Reggio. Egli riusc\u00ec, attraverso le sue predicazioni, a convertire i reggini e a diffondere il Cristianesimo in tutta la Calabria. San Paolo \u00e8 stato riconosciuto come il fondatore della Chiesa reggina, Padre nella fede dei cristiani di Calabria e Patrono principale dell&#8217;Arcidiocesi di Reggio Calabria.<br \/>\nIl Trekking urbano \u00e8 stato ideato <strong>unendo tutti i luoghi dove ci sono opere d\u2019arte che richiamano la venuta di San Paolo<\/strong> a Reggio o, comunque, i luoghi che ricordano il periodo storico della sua venuta, il suo approdo, le sue lettere e la sua figura. Questo nuovo itinerario ha l\u2019ambizione di fare diventare <strong>Reggio Calabria luogo di attrazione intorno alla figura di San Paolo<\/strong> con riferimento a interessi di diversa natura: religiosi, formativi\/educativi, turistici e di studio\/ricerca. Reggio quindi come tappa \u201cmotivata\u201d della \u201cVia della fede di San Paolo\u201d attraverso la creazione di un percorso lungo il quale svolgere e vivere esperienze educative, religiose, culturali e formative; un \u201ccammino\u201d a piedi alla riscoperta delle risorse artistico-culturali della Citt\u00e0 di Reggio Calabria legate alla figura di San Paolo e alla conoscienza dell\u2019Apostolo delle genti, attraverso approfondimenti storico-critici sulla sua figura e contenuti spirituali.<\/p>\n<h3 style=\"text-align: justify;\">Le tappe del percorso di trekking alla scoperta di San Paolo<\/h3>\n<p style=\"text-align: justify;\">Le tappe attualmente segnalate sono: <strong>Duomo , Museo Diocesano \u201cMons. Aurelio Sorrentino&#8221;, Santuario di San Paolo alla Rotonda; Lungomare di Reggio Calabria dalla Rada dei Giunchi all\u2019Area del tempietto Ex Molo di Porto Salvo; Monumento a San Paolo su viale Zerbi; Palazzo Corrado Alvaro (sala consiliare: Mosaico del Miracolo di San Paolo a RC); Chiesa dei Pipi ubicata nell\u2019acropoli reggina e originaria chiesa di San Paolo; Museo della Fondazione San Paolo \u2013 Palazzo della Cultura; la chiesa ortodossa di \u201cSan Paolo dei Greci\u201d; Stele dedicata a S. Paolo sulla Collina di Pentimele; Seminario Arcivescovile Pio XI &#8211; Cappella Maggiore &#8220;San Paolo\u201d; MArRC Museo Archeologico di Reggio Calabria per conoscere la Rhegium del 61 d.C.; la Via Giudecca; la Chiesa Evangelica Battista Internazionale, la Chiesa degli Ottimati<\/strong>.<\/p>\n<p style=\"text-align: justify;\">Inoltre, il trekking urbano, con le sue tappe e gli itinerari di collegamento, consente di conoscere e visitare tutti i luoghi di interesse storico, artistico, culturale e turistico della citt\u00e0, anche non legati alla figura di San Paolo. Tra questi il<strong> Castello Aragonese, il Palazzo della Cultura, l\u2019ipogeo di Piazza Italia, la Pinacoteca Civica<\/strong> che si trovano nel percorso tra il Duomo e Santuario di San Paolo, e il<strong> Corso Garibaldi<\/strong> che \u00e8 il cuore della citt\u00e0 storica.<\/p>\n<h3 style=\"text-align: justify;\">Un progetto di sviluppo non solo turistico in vista del Giubileo del 2025<\/h3>\n<p style=\"text-align: justify;\">E\u2019 un progetto di sviluppo non solo turistico per la Citt\u00e0 di Reggio Calabria anche in previsione del Giubileo del 2025 sul quale la Chiesa reggina \u00e8 impegnata per affermare Reggio Calabria come luogo di fede per la figura di San Paolo e meta e riferimento per molti pellegrini.<br \/>\nIl Protocollo d\u2019Intesa che sar\u00e0 sottoscritto il prossimo 9 giugno \u00e8 un momento importante per l\u2019attuazione del Progetto perch\u00e9 vedr\u00e0 l\u2019impegno diretto, oltre che della Diocesi di Reggio-Bova per la quale \u00e8 stato delegato don Francesco Megale e della \u201cPattuglia San Paolo\u201d, rappresentata da <strong>Maria Grazia Buffon<\/strong>, di molte istituzioni e soggetti privati che hanno manifestato l\u2019interesse a diventare parte attiva di questa iniziativa nuova e innovativa per la citt\u00e0 reggina tra cui: <strong>Comune di Reggio Calabria , Citt\u00e0 Metropolitana di Reggio Calabria , Museo Archeologico di Reggio Calabria \u2013 MarRC, Museo Diocesano Mon. A. Sorrentino , ISSR (Istituto Superiore di Scienze Religiose), Santuario di San Paolo Apostolo, Basilica di Maria SS. Assunta, Seminario Pio XI, Archivio storico diocesano, Biblioteca Diocesana, Fondazione Museo San Paolo, Chiesa <\/strong><strong>Ortodossa San Paolo dei Greci, Chiesa Evangelica Battista Internazionale, Chiesa Evangelica Valdese, Camera di Commercio di Reggio Calabria, CONFAPI Turismo Calabria, Federalberghi Calabria, Associazione Reggiobed, Club Alpino Italiano sezione Reggio Calabria-Aspromonte, Associazione \u201cAmici della Colonna di San Paolo\u201d, ACLI, \u201cItinero \u2013 Associazione Guide Turistiche\u201d, Associazione \u201cI Cammini di Omero\u201d, Associazione \u201cArcheoclub d\u2019Italia Area Integrata dello Stretto\u201d<\/strong>.<\/p>\n","protected":false},"excerpt":{"rendered":"<p>Il prossimo venerd\u00ec 9 giugno alle ore 11,00 presso il Museo Diocesano \u201cMons. Aurelio Sorrentino\u201d, su iniziativa della Diocesi di Reggio Calabria-Bova sar\u00e0 sottoscritto, alla presenza di Vescovo Mons. Fortunato&hellip;<\/p>\n","protected":false},"author":5,"featured_media":27584,"comment_status":"closed","ping_status":"open","sticky":false,"template":"","format":"standard","meta":{"_jetpack_memberships_contains_paid_content":false,"footnotes":"","jetpack_publicize_message":"","jetpack_publicize_feature_enabled":true,"jetpack_social_post_already_shared":false,"jetpack_social_options":{"image_generator_settings":{"template":"highway","default_image_id":0,"font":"","enabled":false},"version":2}},"categories":[145,921,196,140],"tags":[16631,16630,16621,4467,16629,16633,16632,16627,16619,16622,11126,16625,16626,16624,563,16628,342,2442,16614,11204,16623,16617,4437,16615,16616,914,5167,16618,16620,8610,14960],"class_list":["post-27575","post","type-post","status-publish","format-standard","has-post-thumbnail","hentry","category-cultura","category-home","category-news","category-reggio-calabria","tag-itinero-associazione-guide-turistiche","tag-acli","tag-archivio-storico-diocesano","tag-arcidiocesi-reggio-bova","tag-associazione-amici-della-colonna-di-san-paolo","tag-associazione-archeoclub-ditalia-area-integrata-dello-stretto","tag-associazione-i-cammini-di-omero","tag-associazione-reggiobed","tag-basilica-di-maria-ss-assunta","tag-biblioteca-diocesana","tag-camera-di-commercio-di-reggio-calabria","tag-chiesa-evangelica-battista-internazionale","tag-chiesa-evangelica-valdese","tag-chiesa-ortodossa-san-paolo-dei-greci","tag-citta-metropolitana-di-reggio-calabria","tag-club-alpino-italiano-sezione-reggio-calabria-aspromonte","tag-comune-di-reggio-calabria","tag-confapi-turismo-calabria","tag-diocesi-di-reggio-calabria-bova","tag-federalberghi-calabria","tag-fondazione-museo-san-paolo","tag-issr-istituto-superiore-di-scienze-religiose","tag-mons-fortunato-morrone","tag-museo-archeologico-di-reggio-calabria-marrc","tag-museo-diocesano-mon-a-sorrentino","tag-percorso","tag-protocollo-dintesa","tag-santuario-di-san-paolo-apostolo","tag-seminario-pio-xi","tag-tappe","tag-trekking"],"yoast_head":"<!-- This site is optimized with the Yoast SEO plugin v27.2 - https:\/\/yoast.com\/product\/yoast-seo-wordpress\/ -->\n<title>Diocesi: a Reggio Calabria il Trekking alla scoperta di San Paolo<\/title>\n<meta name=\"description\" content=\"&quot;Trekking urbano a Reggio Calabria alla scoperta di San Paolo&quot; e attuazione del Progetto \u201cLa Via della Fede di San Paolo da Siracusa a Roma&quot;\" \/>\n<meta name=\"robots\" content=\"index, follow, max-snippet:-1, max-image-preview:large, max-video-preview:-1\" \/>\n<link rel=\"canonical\" href=\"https:\/\/progettotouring.it\/radiotouring104\/2023\/06\/07\/reggio-calabria-centro-di-un-cammino-nazionale-arriva-il-trekking-alla-scoperta-di-san-paolo\/\" \/>\n<meta property=\"og:locale\" content=\"it_IT\" \/>\n<meta property=\"og:type\" content=\"article\" \/>\n<meta property=\"og:title\" content=\"Diocesi: a Reggio Calabria il Trekking alla scoperta di San Paolo\" \/>\n<meta property=\"og:description\" content=\"&quot;Trekking urbano a Reggio Calabria alla scoperta di San Paolo&quot; e attuazione del Progetto \u201cLa Via della Fede di San Paolo da Siracusa a Roma&quot;\" \/>\n<meta property=\"og:url\" content=\"https:\/\/progettotouring.it\/radiotouring104\/2023\/06\/07\/reggio-calabria-centro-di-un-cammino-nazionale-arriva-il-trekking-alla-scoperta-di-san-paolo\/\" \/>\n<meta property=\"og:site_name\" content=\"Radio Touring 104\" \/>\n<meta property=\"article:published_time\" content=\"2023-06-07T15:17:05+00:00\" \/>\n<meta property=\"article:modified_time\" content=\"2023-06-07T15:17:16+00:00\" \/>\n<meta property=\"og:image\" content=\"https:\/\/progettotouring.it\/radiotouring104\/wp-content\/uploads\/sites\/6\/2023\/06\/San-Paolo-RC.jpg\" \/>\n\t<meta property=\"og:image:width\" content=\"600\" \/>\n\t<meta property=\"og:image:height\" content=\"340\" \/>\n\t<meta property=\"og:image:type\" content=\"image\/jpeg\" \/>\n<meta name=\"author\" content=\"redazione\" \/>\n<meta name=\"twitter:card\" content=\"summary_large_image\" \/>\n<meta name=\"twitter:label1\" content=\"Scritto da\" \/>\n\t<meta name=\"twitter:data1\" content=\"redazione\" \/>\n\t<meta name=\"twitter:label2\" content=\"Tempo di lettura stimato\" \/>\n\t<meta name=\"twitter:data2\" content=\"4 minuti\" \/>\n<script type=\"application\/ld+json\" class=\"yoast-schema-graph\">{\"@context\":\"https:\/\/schema.org\",\"@graph\":[{\"@type\":\"Article\",\"@id\":\"https:\/\/progettotouring.it\/radiotouring104\/2023\/06\/07\/reggio-calabria-centro-di-un-cammino-nazionale-arriva-il-trekking-alla-scoperta-di-san-paolo\/#article\",\"isPartOf\":{\"@id\":\"https:\/\/progettotouring.it\/radiotouring104\/2023\/06\/07\/reggio-calabria-centro-di-un-cammino-nazionale-arriva-il-trekking-alla-scoperta-di-san-paolo\/\"},\"author\":{\"name\":\"redazione\",\"@id\":\"https:\/\/progettotouring.it\/radiotouring104\/#\/schema\/person\/1b3eb3c07c47136bc44c785c543e635f\"},\"headline\":\"Reggio Calabria centro di un &#8220;Cammino&#8221; nazionale: arriva il Trekking alla scoperta di San Paolo\",\"datePublished\":\"2023-06-07T15:17:05+00:00\",\"dateModified\":\"2023-06-07T15:17:16+00:00\",\"mainEntityOfPage\":{\"@id\":\"https:\/\/progettotouring.it\/radiotouring104\/2023\/06\/07\/reggio-calabria-centro-di-un-cammino-nazionale-arriva-il-trekking-alla-scoperta-di-san-paolo\/\"},\"wordCount\":845,\"publisher\":{\"@id\":\"https:\/\/progettotouring.it\/radiotouring104\/#organization\"},\"image\":{\"@id\":\"https:\/\/progettotouring.it\/radiotouring104\/2023\/06\/07\/reggio-calabria-centro-di-un-cammino-nazionale-arriva-il-trekking-alla-scoperta-di-san-paolo\/#primaryimage\"},\"thumbnailUrl\":\"https:\/\/progettotouring.it\/radiotouring104\/wp-content\/uploads\/sites\/6\/2023\/06\/San-Paolo-RC.jpg\",\"keywords\":[\"\u201cItinero \u2013 Associazione Guide Turistiche\u201d\",\"ACLI\",\"Archivio storico diocesano\",\"Arcidiocesi Reggio-Bova\",\"Associazione \u201cAmici della Colonna di San Paolo\u201d\",\"Associazione \u201cArcheoclub d\u2019Italia Area Integrata dello Stretto\u201d\",\"Associazione \u201cI Cammini di Omero\u201d\",\"Associazione Reggiobed\",\"Basilica di Maria SS. Assunta\",\"Biblioteca Diocesana\",\"Camera di Commercio di Reggio Calabria\",\"Chiesa Evangelica Battista Internazionale\",\"Chiesa Evangelica Valdese\",\"Chiesa Ortodossa San Paolo dei Greci\",\"Citt\u00e0 Metropolitana di Reggio Calabria\",\"Club Alpino Italiano sezione Reggio Calabria-Aspromonte\",\"Comune di Reggio Calabria\",\"Confapi Turismo Calabria\",\"Diocesi di Reggio Calabria - bova\",\"Federalberghi Calabria\",\"Fondazione Museo San Paolo\",\"ISSR (Istituto Superiore di Scienze Religiose)\",\"Mons. Fortunato Morrone\",\"Museo Archeologico di Reggio Calabria \u2013 MarRC\",\"Museo Diocesano Mon. A. Sorrentino\",\"percorso\",\"Protocollo d'intesa\",\"Santuario di San Paolo Apostolo\",\"Seminario Pio XI\",\"Tappe\",\"Trekking\"],\"articleSection\":[\"Cultura\",\"Home\",\"News\",\"Reggio Calabria\"],\"inLanguage\":\"it-IT\"},{\"@type\":\"WebPage\",\"@id\":\"https:\/\/progettotouring.it\/radiotouring104\/2023\/06\/07\/reggio-calabria-centro-di-un-cammino-nazionale-arriva-il-trekking-alla-scoperta-di-san-paolo\/\",\"url\":\"https:\/\/progettotouring.it\/radiotouring104\/2023\/06\/07\/reggio-calabria-centro-di-un-cammino-nazionale-arriva-il-trekking-alla-scoperta-di-san-paolo\/\",\"name\":\"Diocesi: a Reggio Calabria il Trekking alla scoperta di San Paolo\",\"isPartOf\":{\"@id\":\"https:\/\/progettotouring.it\/radiotouring104\/#website\"},\"primaryImageOfPage\":{\"@id\":\"https:\/\/progettotouring.it\/radiotouring104\/2023\/06\/07\/reggio-calabria-centro-di-un-cammino-nazionale-arriva-il-trekking-alla-scoperta-di-san-paolo\/#primaryimage\"},\"image\":{\"@id\":\"https:\/\/progettotouring.it\/radiotouring104\/2023\/06\/07\/reggio-calabria-centro-di-un-cammino-nazionale-arriva-il-trekking-alla-scoperta-di-san-paolo\/#primaryimage\"},\"thumbnailUrl\":\"https:\/\/progettotouring.it\/radiotouring104\/wp-content\/uploads\/sites\/6\/2023\/06\/San-Paolo-RC.jpg\",\"datePublished\":\"2023-06-07T15:17:05+00:00\",\"dateModified\":\"2023-06-07T15:17:16+00:00\",\"description\":\"\\\"Trekking urbano a Reggio Calabria alla scoperta di San Paolo\\\" e attuazione del Progetto \u201cLa Via della Fede di San Paolo da Siracusa a Roma\\\"\",\"breadcrumb\":{\"@id\":\"https:\/\/progettotouring.it\/radiotouring104\/2023\/06\/07\/reggio-calabria-centro-di-un-cammino-nazionale-arriva-il-trekking-alla-scoperta-di-san-paolo\/#breadcrumb\"},\"inLanguage\":\"it-IT\",\"potentialAction\":[{\"@type\":\"ReadAction\",\"target\":[\"https:\/\/progettotouring.it\/radiotouring104\/2023\/06\/07\/reggio-calabria-centro-di-un-cammino-nazionale-arriva-il-trekking-alla-scoperta-di-san-paolo\/\"]}]},{\"@type\":\"ImageObject\",\"inLanguage\":\"it-IT\",\"@id\":\"https:\/\/progettotouring.it\/radiotouring104\/2023\/06\/07\/reggio-calabria-centro-di-un-cammino-nazionale-arriva-il-trekking-alla-scoperta-di-san-paolo\/#primaryimage\",\"url\":\"https:\/\/progettotouring.it\/radiotouring104\/wp-content\/uploads\/sites\/6\/2023\/06\/San-Paolo-RC.jpg\",\"contentUrl\":\"https:\/\/progettotouring.it\/radiotouring104\/wp-content\/uploads\/sites\/6\/2023\/06\/San-Paolo-RC.jpg\",\"width\":600,\"height\":340},{\"@type\":\"BreadcrumbList\",\"@id\":\"https:\/\/progettotouring.it\/radiotouring104\/2023\/06\/07\/reggio-calabria-centro-di-un-cammino-nazionale-arriva-il-trekking-alla-scoperta-di-san-paolo\/#breadcrumb\",\"itemListElement\":[{\"@type\":\"ListItem\",\"position\":1,\"name\":\"Home\",\"item\":\"https:\/\/progettotouring.it\/radiotouring104\/\"},{\"@type\":\"ListItem\",\"position\":2,\"name\":\"Reggio Calabria centro di un &#8220;Cammino&#8221; nazionale: arriva il Trekking alla scoperta di San Paolo\"}]},{\"@type\":\"WebSite\",\"@id\":\"https:\/\/progettotouring.it\/radiotouring104\/#website\",\"url\":\"https:\/\/progettotouring.it\/radiotouring104\/\",\"name\":\"Radio Touring 104\",\"description\":\"La prima radio Reggina\",\"publisher\":{\"@id\":\"https:\/\/progettotouring.it\/radiotouring104\/#organization\"},\"potentialAction\":[{\"@type\":\"SearchAction\",\"target\":{\"@type\":\"EntryPoint\",\"urlTemplate\":\"https:\/\/progettotouring.it\/radiotouring104\/?s={search_term_string}\"},\"query-input\":{\"@type\":\"PropertyValueSpecification\",\"valueRequired\":true,\"valueName\":\"search_term_string\"}}],\"inLanguage\":\"it-IT\"},{\"@type\":\"Organization\",\"@id\":\"https:\/\/progettotouring.it\/radiotouring104\/#organization\",\"name\":\"Radio Touring 104\",\"url\":\"https:\/\/progettotouring.it\/radiotouring104\/\",\"logo\":{\"@type\":\"ImageObject\",\"inLanguage\":\"it-IT\",\"@id\":\"https:\/\/progettotouring.it\/radiotouring104\/#\/schema\/logo\/image\/\",\"url\":\"https:\/\/progettotouring.it\/radiotouring104\/wp-content\/uploads\/sites\/6\/2022\/02\/cropped-logo-radio-touring-104.png\",\"contentUrl\":\"https:\/\/progettotouring.it\/radiotouring104\/wp-content\/uploads\/sites\/6\/2022\/02\/cropped-logo-radio-touring-104.png\",\"width\":377,\"height\":182,\"caption\":\"Radio Touring 104\"},\"image\":{\"@id\":\"https:\/\/progettotouring.it\/radiotouring104\/#\/schema\/logo\/image\/\"}},{\"@type\":\"Person\",\"@id\":\"https:\/\/progettotouring.it\/radiotouring104\/#\/schema\/person\/1b3eb3c07c47136bc44c785c543e635f\",\"name\":\"redazione\",\"image\":{\"@type\":\"ImageObject\",\"inLanguage\":\"it-IT\",\"@id\":\"https:\/\/secure.gravatar.com\/avatar\/0b31605b49f100769e8b624b3e05de1b73e1692e9568a352f60f53fd072e6e11?s=96&d=mm&r=g\",\"url\":\"https:\/\/secure.gravatar.com\/avatar\/0b31605b49f100769e8b624b3e05de1b73e1692e9568a352f60f53fd072e6e11?s=96&d=mm&r=g\",\"contentUrl\":\"https:\/\/secure.gravatar.com\/avatar\/0b31605b49f100769e8b624b3e05de1b73e1692e9568a352f60f53fd072e6e11?s=96&d=mm&r=g\",\"caption\":\"redazione\"},\"url\":\"https:\/\/progettotouring.it\/radiotouring104\/author\/redazione\/\"}]}<\/script>\n<!-- \/ Yoast SEO plugin. -->","yoast_head_json":{"title":"Diocesi: a Reggio Calabria il Trekking alla scoperta di San Paolo","description":"\"Trekking urbano a Reggio Calabria alla scoperta di San Paolo\" e attuazione del Progetto \u201cLa Via della Fede di San Paolo da Siracusa a Roma\"","robots":{"index":"index","follow":"follow","max-snippet":"max-snippet:-1","max-image-preview":"max-image-preview:large","max-video-preview":"max-video-preview:-1"},"canonical":"https:\/\/progettotouring.it\/radiotouring104\/2023\/06\/07\/reggio-calabria-centro-di-un-cammino-nazionale-arriva-il-trekking-alla-scoperta-di-san-paolo\/","og_locale":"it_IT","og_type":"article","og_title":"Diocesi: a Reggio Calabria il Trekking alla scoperta di San Paolo","og_description":"\"Trekking urbano a Reggio Calabria alla scoperta di San Paolo\" e attuazione del Progetto \u201cLa Via della Fede di San Paolo da Siracusa a Roma\"","og_url":"https:\/\/progettotouring.it\/radiotouring104\/2023\/06\/07\/reggio-calabria-centro-di-un-cammino-nazionale-arriva-il-trekking-alla-scoperta-di-san-paolo\/","og_site_name":"Radio Touring 104","article_published_time":"2023-06-07T15:17:05+00:00","article_modified_time":"2023-06-07T15:17:16+00:00","og_image":[{"width":600,"height":340,"url":"https:\/\/progettotouring.it\/radiotouring104\/wp-content\/uploads\/sites\/6\/2023\/06\/San-Paolo-RC.jpg","type":"image\/jpeg"}],"author":"redazione","twitter_card":"summary_large_image","twitter_misc":{"Scritto da":"redazione","Tempo di lettura stimato":"4 minuti"},"schema":{"@context":"https:\/\/schema.org","@graph":[{"@type":"Article","@id":"https:\/\/progettotouring.it\/radiotouring104\/2023\/06\/07\/reggio-calabria-centro-di-un-cammino-nazionale-arriva-il-trekking-alla-scoperta-di-san-paolo\/#article","isPartOf":{"@id":"https:\/\/progettotouring.it\/radiotouring104\/2023\/06\/07\/reggio-calabria-centro-di-un-cammino-nazionale-arriva-il-trekking-alla-scoperta-di-san-paolo\/"},"author":{"name":"redazione","@id":"https:\/\/progettotouring.it\/radiotouring104\/#\/schema\/person\/1b3eb3c07c47136bc44c785c543e635f"},"headline":"Reggio Calabria centro di un &#8220;Cammino&#8221; nazionale: arriva il Trekking alla scoperta di San Paolo","datePublished":"2023-06-07T15:17:05+00:00","dateModified":"2023-06-07T15:17:16+00:00","mainEntityOfPage":{"@id":"https:\/\/progettotouring.it\/radiotouring104\/2023\/06\/07\/reggio-calabria-centro-di-un-cammino-nazionale-arriva-il-trekking-alla-scoperta-di-san-paolo\/"},"wordCount":845,"publisher":{"@id":"https:\/\/progettotouring.it\/radiotouring104\/#organization"},"image":{"@id":"https:\/\/progettotouring.it\/radiotouring104\/2023\/06\/07\/reggio-calabria-centro-di-un-cammino-nazionale-arriva-il-trekking-alla-scoperta-di-san-paolo\/#primaryimage"},"thumbnailUrl":"https:\/\/progettotouring.it\/radiotouring104\/wp-content\/uploads\/sites\/6\/2023\/06\/San-Paolo-RC.jpg","keywords":["\u201cItinero \u2013 Associazione Guide Turistiche\u201d","ACLI","Archivio storico diocesano","Arcidiocesi Reggio-Bova","Associazione \u201cAmici della Colonna di San Paolo\u201d","Associazione \u201cArcheoclub d\u2019Italia Area Integrata dello Stretto\u201d","Associazione \u201cI Cammini di Omero\u201d","Associazione Reggiobed","Basilica di Maria SS. Assunta","Biblioteca Diocesana","Camera di Commercio di Reggio Calabria","Chiesa Evangelica Battista Internazionale","Chiesa Evangelica Valdese","Chiesa Ortodossa San Paolo dei Greci","Citt\u00e0 Metropolitana di Reggio Calabria","Club Alpino Italiano sezione Reggio Calabria-Aspromonte","Comune di Reggio Calabria","Confapi Turismo Calabria","Diocesi di Reggio Calabria - bova","Federalberghi Calabria","Fondazione Museo San Paolo","ISSR (Istituto Superiore di Scienze Religiose)","Mons. Fortunato Morrone","Museo Archeologico di Reggio Calabria \u2013 MarRC","Museo Diocesano Mon. A. Sorrentino","percorso","Protocollo d'intesa","Santuario di San Paolo Apostolo","Seminario Pio XI","Tappe","Trekking"],"articleSection":["Cultura","Home","News","Reggio Calabria"],"inLanguage":"it-IT"},{"@type":"WebPage","@id":"https:\/\/progettotouring.it\/radiotouring104\/2023\/06\/07\/reggio-calabria-centro-di-un-cammino-nazionale-arriva-il-trekking-alla-scoperta-di-san-paolo\/","url":"https:\/\/progettotouring.it\/radiotouring104\/2023\/06\/07\/reggio-calabria-centro-di-un-cammino-nazionale-arriva-il-trekking-alla-scoperta-di-san-paolo\/","name":"Diocesi: a Reggio Calabria il Trekking alla scoperta di San Paolo","isPartOf":{"@id":"https:\/\/progettotouring.it\/radiotouring104\/#website"},"primaryImageOfPage":{"@id":"https:\/\/progettotouring.it\/radiotouring104\/2023\/06\/07\/reggio-calabria-centro-di-un-cammino-nazionale-arriva-il-trekking-alla-scoperta-di-san-paolo\/#primaryimage"},"image":{"@id":"https:\/\/progettotouring.it\/radiotouring104\/2023\/06\/07\/reggio-calabria-centro-di-un-cammino-nazionale-arriva-il-trekking-alla-scoperta-di-san-paolo\/#primaryimage"},"thumbnailUrl":"https:\/\/progettotouring.it\/radiotouring104\/wp-content\/uploads\/sites\/6\/2023\/06\/San-Paolo-RC.jpg","datePublished":"2023-06-07T15:17:05+00:00","dateModified":"2023-06-07T15:17:16+00:00","description":"\"Trekking urbano a Reggio Calabria alla scoperta di San Paolo\" e attuazione del Progetto \u201cLa Via della Fede di San Paolo da Siracusa a Roma\"","breadcrumb":{"@id":"https:\/\/progettotouring.it\/radiotouring104\/2023\/06\/07\/reggio-calabria-centro-di-un-cammino-nazionale-arriva-il-trekking-alla-scoperta-di-san-paolo\/#breadcrumb"},"inLanguage":"it-IT","potentialAction":[{"@type":"ReadAction","target":["https:\/\/progettotouring.it\/radiotouring104\/2023\/06\/07\/reggio-calabria-centro-di-un-cammino-nazionale-arriva-il-trekking-alla-scoperta-di-san-paolo\/"]}]},{"@type":"ImageObject","inLanguage":"it-IT","@id":"https:\/\/progettotouring.it\/radiotouring104\/2023\/06\/07\/reggio-calabria-centro-di-un-cammino-nazionale-arriva-il-trekking-alla-scoperta-di-san-paolo\/#primaryimage","url":"https:\/\/progettotouring.it\/radiotouring104\/wp-content\/uploads\/sites\/6\/2023\/06\/San-Paolo-RC.jpg","contentUrl":"https:\/\/progettotouring.it\/radiotouring104\/wp-content\/uploads\/sites\/6\/2023\/06\/San-Paolo-RC.jpg","width":600,"height":340},{"@type":"BreadcrumbList","@id":"https:\/\/progettotouring.it\/radiotouring104\/2023\/06\/07\/reggio-calabria-centro-di-un-cammino-nazionale-arriva-il-trekking-alla-scoperta-di-san-paolo\/#breadcrumb","itemListElement":[{"@type":"ListItem","position":1,"name":"Home","item":"https:\/\/progettotouring.it\/radiotouring104\/"},{"@type":"ListItem","position":2,"name":"Reggio Calabria centro di un &#8220;Cammino&#8221; nazionale: arriva il Trekking alla scoperta di San Paolo"}]},{"@type":"WebSite","@id":"https:\/\/progettotouring.it\/radiotouring104\/#website","url":"https:\/\/progettotouring.it\/radiotouring104\/","name":"Radio Touring 104","description":"La prima radio Reggina","publisher":{"@id":"https:\/\/progettotouring.it\/radiotouring104\/#organization"},"potentialAction":[{"@type":"SearchAction","target":{"@type":"EntryPoint","urlTemplate":"https:\/\/progettotouring.it\/radiotouring104\/?s={search_term_string}"},"query-input":{"@type":"PropertyValueSpecification","valueRequired":true,"valueName":"search_term_string"}}],"inLanguage":"it-IT"},{"@type":"Organization","@id":"https:\/\/progettotouring.it\/radiotouring104\/#organization","name":"Radio Touring 104","url":"https:\/\/progettotouring.it\/radiotouring104\/","logo":{"@type":"ImageObject","inLanguage":"it-IT","@id":"https:\/\/progettotouring.it\/radiotouring104\/#\/schema\/logo\/image\/","url":"https:\/\/progettotouring.it\/radiotouring104\/wp-content\/uploads\/sites\/6\/2022\/02\/cropped-logo-radio-touring-104.png","contentUrl":"https:\/\/progettotouring.it\/radiotouring104\/wp-content\/uploads\/sites\/6\/2022\/02\/cropped-logo-radio-touring-104.png","width":377,"height":182,"caption":"Radio Touring 104"},"image":{"@id":"https:\/\/progettotouring.it\/radiotouring104\/#\/schema\/logo\/image\/"}},{"@type":"Person","@id":"https:\/\/progettotouring.it\/radiotouring104\/#\/schema\/person\/1b3eb3c07c47136bc44c785c543e635f","name":"redazione","image":{"@type":"ImageObject","inLanguage":"it-IT","@id":"https:\/\/secure.gravatar.com\/avatar\/0b31605b49f100769e8b624b3e05de1b73e1692e9568a352f60f53fd072e6e11?s=96&d=mm&r=g","url":"https:\/\/secure.gravatar.com\/avatar\/0b31605b49f100769e8b624b3e05de1b73e1692e9568a352f60f53fd072e6e11?s=96&d=mm&r=g","contentUrl":"https:\/\/secure.gravatar.com\/avatar\/0b31605b49f100769e8b624b3e05de1b73e1692e9568a352f60f53fd072e6e11?s=96&d=mm&r=g","caption":"redazione"},"url":"https:\/\/progettotouring.it\/radiotouring104\/author\/redazione\/"}]}},"jetpack_publicize_connections":[],"jetpack_featured_media_url":"https:\/\/progettotouring.it\/radiotouring104\/wp-content\/uploads\/sites\/6\/2023\/06\/San-Paolo-RC.jpg","jetpack_sharing_enabled":true,"_links":{"self":[{"href":"https:\/\/progettotouring.it\/radiotouring104\/wp-json\/wp\/v2\/posts\/27575","targetHints":{"allow":["GET"]}}],"collection":[{"href":"https:\/\/progettotouring.it\/radiotouring104\/wp-json\/wp\/v2\/posts"}],"about":[{"href":"https:\/\/progettotouring.it\/radiotouring104\/wp-json\/wp\/v2\/types\/post"}],"author":[{"embeddable":true,"href":"https:\/\/progettotouring.it\/radiotouring104\/wp-json\/wp\/v2\/users\/5"}],"replies":[{"embeddable":true,"href":"https:\/\/progettotouring.it\/radiotouring104\/wp-json\/wp\/v2\/comments?post=27575"}],"version-history":[{"count":1,"href":"https:\/\/progettotouring.it\/radiotouring104\/wp-json\/wp\/v2\/posts\/27575\/revisions"}],"predecessor-version":[{"id":27585,"href":"https:\/\/progettotouring.it\/radiotouring104\/wp-json\/wp\/v2\/posts\/27575\/revisions\/27585"}],"wp:featuredmedia":[{"embeddable":true,"href":"https:\/\/progettotouring.it\/radiotouring104\/wp-json\/wp\/v2\/media\/27584"}],"wp:attachment":[{"href":"https:\/\/progettotouring.it\/radiotouring104\/wp-json\/wp\/v2\/media?parent=27575"}],"wp:term":[{"taxonomy":"category","embeddable":true,"href":"https:\/\/progettotouring.it\/radiotouring104\/wp-json\/wp\/v2\/categories?post=27575"},{"taxonomy":"post_tag","embeddable":true,"href":"https:\/\/progettotouring.it\/radiotouring104\/wp-json\/wp\/v2\/tags?post=27575"}],"curies":[{"name":"wp","href":"https:\/\/api.w.org\/{rel}","templated":true}]}}