{"id":27588,"date":"2023-06-08T09:38:41","date_gmt":"2023-06-08T07:38:41","guid":{"rendered":"https:\/\/progettotouring.it\/radiotouring104\/?p=27588"},"modified":"2023-06-08T09:38:41","modified_gmt":"2023-06-08T07:38:41","slug":"processo-rinascita-chiesti-migliaia-di-anni-di-carcere","status":"publish","type":"post","link":"https:\/\/progettotouring.it\/radiotouring104\/2023\/06\/08\/processo-rinascita-chiesti-migliaia-di-anni-di-carcere\/","title":{"rendered":"Processo Rinascita, chiesti migliaia di anni di carcere"},"content":{"rendered":"<p style=\"text-align: justify\"><strong>\u00a0Condanne per migliaia di anni di carcere<\/strong> <strong>sono state chieste<\/strong> <strong>dal procuratore di Catanzaro Nicola Gratteri a conclusione della requisitoria nel processo Rinascita Scott<\/strong> contro presunti capi e gregari delle cosche di &#8216;ndrangheta del Vibonese e colletti bianchi, politici, imprenditori, accusati di avere favorito le &#8216;ndrine.<\/p>\n<p style=\"text-align: justify\">\n<p style=\"text-align: justify\"><strong>Per il principale imputato,<\/strong> l&#8217;avvocato ed ex parlamentare di Forza Italia <strong>Giancarlo Pittelli, la richiesta di condanna \u00e8 stata di 17 anni di reclusione.<\/strong><\/p>\n<p style=\"text-align: justify\">\n<p style=\"text-align: justify\">\u00a0Gratteri ha chiesto, tra l&#8217;altro, la condanna a 1 anno e 6 mesi per l&#8217;ex assessore regionale Luigi Incarnato, presidente del Consiglio nazionale del Psi; a 20 anni per l&#8217;ex consigliere regionale della Calabria Pietro Giamborino, considerato dalla Dda di Catanzaro un componente a pieno titolo del clan di Piscopio; a 17 anni per Michele Marinaro, ex finanziere in servizio alla Dia di Catanzaro; a 8 anni per il colonnello dei carabinieri Giorgio Naselli. Gratteri ha anche chiesto la condanna dell&#8217;ex sindaco di Pizzo Gianluca Callipo a 18 anni e per l&#8217;ex comandante della Polizia municipale di Pizzo Filippo Nesci a 6 anni.<br \/>\nLe condanne pi\u00f9 pesanti, 30 anni, sono state chieste, tra gli altri, per i boss Domenico e Pasquale Bonavota, quest&#8217;ultimo catturato poche settimane fa da latitante a Genova, per il boss di San Gregorio d&#8217;Ippona Saverio Razionale e per il presunto boss di Vibo Valentia Paolino Lo Bianco.<\/p>\n<p style=\"text-align: justify\">\u00a0 \u00a0<em>&#8220;In pochi avevano creduto in questo processo, per la mole degli imputati, per il collegio dalla giovane et\u00e0. C&#8217;\u00e8 stata una sorta di tifo perch\u00e9 questo processo non si celebrasse, ma si \u00e8 svolto con serenit\u00e0 e se ci sono stati momenti di tensione \u00e8 normale, \u00e8 il sale del processo&#8221;.<\/em> <strong>A dirlo \u00e8 stato il procuratore di Catanzaro Nicola Gratteri<\/strong> iniziando a parlare a conclusione della requisitoria condotta per circa 3 settimane dai pm della Dda di Catanzaro Annamaria Frustaci, Antonio De Bernardo e Andrea Mancuso. Il procuratore ha quindi iniziato la lettura dei capi di imputazione con le richieste per i 343 imputati.<\/p>\n<p style=\"text-align: justify\"><strong>Sono complessivamente 4744 anni e 10 mesi gli anni di carcere<\/strong> chiesti dal procuratore di Catanzaro Nicola Gratteri a conclusione della requisitoria del processo Rinascita Scott. La pena massima richiesta \u00e8 stata 30 anni, mentre la minima 1 anno.<br \/>\n<strong>\u00a0In totale sono 322 le richieste di condanna rispetto ai 338 imputati<\/strong> oltre a 13 assoluzioni e 3 nullit\u00e0 del decreto che dispone il giudizio o prescrizione.<\/p>\n","protected":false},"excerpt":{"rendered":"<p>\u00a0Condanne per migliaia di anni di carcere sono state chieste dal procuratore di Catanzaro Nicola Gratteri a conclusione della requisitoria nel processo Rinascita Scott contro presunti capi e gregari delle&hellip;<\/p>\n","protected":false},"author":12,"featured_media":27509,"comment_status":"closed","ping_status":"open","sticky":false,"template":"","format":"standard","meta":{"_jetpack_memberships_contains_paid_content":false,"footnotes":"","jetpack_publicize_message":"","jetpack_publicize_feature_enabled":true,"jetpack_social_post_already_shared":false,"jetpack_social_options":{"image_generator_settings":{"template":"highway","default_image_id":0,"font":"","enabled":false},"version":2}},"categories":[142,921,150,196],"tags":[16649,16650,16636,16643,16634,16637,16642,9671,16641,16640,16639,3510,16645,16638,16648,16647,16646,11792,16635,16644],"class_list":["post-27588","post","type-post","status-publish","format-standard","has-post-thumbnail","hentry","category-calabria","category-home","category-in-primo-piano","category-news","tag-343-imputati","tag-4744-anni-e-10-mesi-gli-anni-di-carcere-complessivi-chiesti","tag-aula-bunker-di-lamezia-terme","tag-boss-domenico-e-pasquale-bonavota","tag-conclusione-requisitoria","tag-ex-assessore-regionale-luigi-incarnato","tag-filippo-nesci","tag-giancarlo-pittelli","tag-gianluca-callipo","tag-giorgio-naselli","tag-michele-marinaro","tag-nicola-gratteri","tag-paolino-lo-bianco","tag-pietro-giamborino","tag-pm-andrea-mancuso","tag-pm-antonio-de-bernardo","tag-pm-della-dda-di-catanzaro-annamaria-frustaci","tag-processo-rinascita-scott","tag-richieste-condanne-per-migliaia-di-anni","tag-saverio-razionale"],"yoast_head":"<!-- This site is optimized with the Yoast SEO plugin v27.2 - https:\/\/yoast.com\/product\/yoast-seo-wordpress\/ -->\n<title>Processo Rinascita, chiesti migliaia di anni di carcere<\/title>\n<meta name=\"description\" content=\"A conclusione della requisitoria, chiesti da Gratteri migliaia di anni di carcere. 17 per l&#039;ex parlamentare di Forza Italia, Pittelli\" \/>\n<meta name=\"robots\" content=\"index, follow, max-snippet:-1, max-image-preview:large, max-video-preview:-1\" \/>\n<link rel=\"canonical\" href=\"https:\/\/progettotouring.it\/radiotouring104\/2023\/06\/08\/processo-rinascita-chiesti-migliaia-di-anni-di-carcere\/\" \/>\n<meta property=\"og:locale\" content=\"it_IT\" \/>\n<meta property=\"og:type\" content=\"article\" \/>\n<meta property=\"og:title\" content=\"Processo Rinascita, chiesti migliaia di anni di carcere\" \/>\n<meta property=\"og:description\" content=\"A conclusione della requisitoria, chiesti da Gratteri migliaia di anni di carcere. 17 per l&#039;ex parlamentare di Forza Italia, Pittelli\" \/>\n<meta property=\"og:url\" content=\"https:\/\/progettotouring.it\/radiotouring104\/2023\/06\/08\/processo-rinascita-chiesti-migliaia-di-anni-di-carcere\/\" \/>\n<meta property=\"og:site_name\" content=\"Radio Touring 104\" \/>\n<meta property=\"article:published_time\" content=\"2023-06-08T07:38:41+00:00\" \/>\n<meta property=\"og:image\" content=\"https:\/\/progettotouring.it\/radiotouring104\/wp-content\/uploads\/sites\/6\/2023\/06\/rinascita-scott-maxi-processo-690x362-1.jpg\" \/>\n\t<meta property=\"og:image:width\" content=\"690\" \/>\n\t<meta property=\"og:image:height\" content=\"362\" \/>\n\t<meta property=\"og:image:type\" content=\"image\/jpeg\" \/>\n<meta name=\"author\" content=\"Sebastiano Plutino\" \/>\n<meta name=\"twitter:card\" content=\"summary_large_image\" \/>\n<meta name=\"twitter:label1\" content=\"Scritto da\" \/>\n\t<meta name=\"twitter:data1\" content=\"Sebastiano Plutino\" \/>\n\t<meta name=\"twitter:label2\" content=\"Tempo di lettura stimato\" \/>\n\t<meta name=\"twitter:data2\" content=\"2 minuti\" \/>\n<script type=\"application\/ld+json\" class=\"yoast-schema-graph\">{\"@context\":\"https:\/\/schema.org\",\"@graph\":[{\"@type\":\"Article\",\"@id\":\"https:\/\/progettotouring.it\/radiotouring104\/2023\/06\/08\/processo-rinascita-chiesti-migliaia-di-anni-di-carcere\/#article\",\"isPartOf\":{\"@id\":\"https:\/\/progettotouring.it\/radiotouring104\/2023\/06\/08\/processo-rinascita-chiesti-migliaia-di-anni-di-carcere\/\"},\"author\":{\"name\":\"Sebastiano Plutino\",\"@id\":\"https:\/\/progettotouring.it\/radiotouring104\/#\/schema\/person\/78613917f1851f041f7483f5af1d422e\"},\"headline\":\"Processo Rinascita, chiesti migliaia di anni di carcere\",\"datePublished\":\"2023-06-08T07:38:41+00:00\",\"mainEntityOfPage\":{\"@id\":\"https:\/\/progettotouring.it\/radiotouring104\/2023\/06\/08\/processo-rinascita-chiesti-migliaia-di-anni-di-carcere\/\"},\"wordCount\":375,\"publisher\":{\"@id\":\"https:\/\/progettotouring.it\/radiotouring104\/#organization\"},\"image\":{\"@id\":\"https:\/\/progettotouring.it\/radiotouring104\/2023\/06\/08\/processo-rinascita-chiesti-migliaia-di-anni-di-carcere\/#primaryimage\"},\"thumbnailUrl\":\"https:\/\/progettotouring.it\/radiotouring104\/wp-content\/uploads\/sites\/6\/2023\/06\/rinascita-scott-maxi-processo-690x362-1.jpg\",\"keywords\":[\"343 imputati.\",\"4744 anni e 10 mesi gli anni di carcere complessivi chiesti\",\"Aula Bunker di Lamezia Terme\",\"boss Domenico e Pasquale Bonavota\",\"conclusione requisitoria\",\"ex assessore regionale Luigi Incarnato\",\"Filippo Nesci\",\"Giancarlo Pittelli\",\"Gianluca Callipo\",\"Giorgio Naselli.\",\"Michele Marinaro\",\"Nicola Gratteri\",\"Paolino Lo Bianco.\",\"Pietro Giamborino\",\"pm Andrea Mancuso.\",\"pm Antonio De Bernardo\",\"pm della Dda di Catanzaro Annamaria Frustaci\",\"processo Rinascita Scott\",\"richieste condanne per migliaia di anni\",\"Saverio Razionale\"],\"articleSection\":[\"Calabria\",\"Home\",\"In primo piano\",\"News\"],\"inLanguage\":\"it-IT\"},{\"@type\":\"WebPage\",\"@id\":\"https:\/\/progettotouring.it\/radiotouring104\/2023\/06\/08\/processo-rinascita-chiesti-migliaia-di-anni-di-carcere\/\",\"url\":\"https:\/\/progettotouring.it\/radiotouring104\/2023\/06\/08\/processo-rinascita-chiesti-migliaia-di-anni-di-carcere\/\",\"name\":\"Processo Rinascita, chiesti migliaia di anni di carcere\",\"isPartOf\":{\"@id\":\"https:\/\/progettotouring.it\/radiotouring104\/#website\"},\"primaryImageOfPage\":{\"@id\":\"https:\/\/progettotouring.it\/radiotouring104\/2023\/06\/08\/processo-rinascita-chiesti-migliaia-di-anni-di-carcere\/#primaryimage\"},\"image\":{\"@id\":\"https:\/\/progettotouring.it\/radiotouring104\/2023\/06\/08\/processo-rinascita-chiesti-migliaia-di-anni-di-carcere\/#primaryimage\"},\"thumbnailUrl\":\"https:\/\/progettotouring.it\/radiotouring104\/wp-content\/uploads\/sites\/6\/2023\/06\/rinascita-scott-maxi-processo-690x362-1.jpg\",\"datePublished\":\"2023-06-08T07:38:41+00:00\",\"description\":\"A conclusione della requisitoria, chiesti da Gratteri migliaia di anni di carcere. 17 per l'ex parlamentare di Forza Italia, Pittelli\",\"breadcrumb\":{\"@id\":\"https:\/\/progettotouring.it\/radiotouring104\/2023\/06\/08\/processo-rinascita-chiesti-migliaia-di-anni-di-carcere\/#breadcrumb\"},\"inLanguage\":\"it-IT\",\"potentialAction\":[{\"@type\":\"ReadAction\",\"target\":[\"https:\/\/progettotouring.it\/radiotouring104\/2023\/06\/08\/processo-rinascita-chiesti-migliaia-di-anni-di-carcere\/\"]}]},{\"@type\":\"ImageObject\",\"inLanguage\":\"it-IT\",\"@id\":\"https:\/\/progettotouring.it\/radiotouring104\/2023\/06\/08\/processo-rinascita-chiesti-migliaia-di-anni-di-carcere\/#primaryimage\",\"url\":\"https:\/\/progettotouring.it\/radiotouring104\/wp-content\/uploads\/sites\/6\/2023\/06\/rinascita-scott-maxi-processo-690x362-1.jpg\",\"contentUrl\":\"https:\/\/progettotouring.it\/radiotouring104\/wp-content\/uploads\/sites\/6\/2023\/06\/rinascita-scott-maxi-processo-690x362-1.jpg\",\"width\":690,\"height\":362},{\"@type\":\"BreadcrumbList\",\"@id\":\"https:\/\/progettotouring.it\/radiotouring104\/2023\/06\/08\/processo-rinascita-chiesti-migliaia-di-anni-di-carcere\/#breadcrumb\",\"itemListElement\":[{\"@type\":\"ListItem\",\"position\":1,\"name\":\"Home\",\"item\":\"https:\/\/progettotouring.it\/radiotouring104\/\"},{\"@type\":\"ListItem\",\"position\":2,\"name\":\"Processo Rinascita, chiesti migliaia di anni di carcere\"}]},{\"@type\":\"WebSite\",\"@id\":\"https:\/\/progettotouring.it\/radiotouring104\/#website\",\"url\":\"https:\/\/progettotouring.it\/radiotouring104\/\",\"name\":\"Radio Touring 104\",\"description\":\"La prima radio Reggina\",\"publisher\":{\"@id\":\"https:\/\/progettotouring.it\/radiotouring104\/#organization\"},\"potentialAction\":[{\"@type\":\"SearchAction\",\"target\":{\"@type\":\"EntryPoint\",\"urlTemplate\":\"https:\/\/progettotouring.it\/radiotouring104\/?s={search_term_string}\"},\"query-input\":{\"@type\":\"PropertyValueSpecification\",\"valueRequired\":true,\"valueName\":\"search_term_string\"}}],\"inLanguage\":\"it-IT\"},{\"@type\":\"Organization\",\"@id\":\"https:\/\/progettotouring.it\/radiotouring104\/#organization\",\"name\":\"Radio Touring 104\",\"url\":\"https:\/\/progettotouring.it\/radiotouring104\/\",\"logo\":{\"@type\":\"ImageObject\",\"inLanguage\":\"it-IT\",\"@id\":\"https:\/\/progettotouring.it\/radiotouring104\/#\/schema\/logo\/image\/\",\"url\":\"https:\/\/progettotouring.it\/radiotouring104\/wp-content\/uploads\/sites\/6\/2022\/02\/cropped-logo-radio-touring-104.png\",\"contentUrl\":\"https:\/\/progettotouring.it\/radiotouring104\/wp-content\/uploads\/sites\/6\/2022\/02\/cropped-logo-radio-touring-104.png\",\"width\":377,\"height\":182,\"caption\":\"Radio Touring 104\"},\"image\":{\"@id\":\"https:\/\/progettotouring.it\/radiotouring104\/#\/schema\/logo\/image\/\"}},{\"@type\":\"Person\",\"@id\":\"https:\/\/progettotouring.it\/radiotouring104\/#\/schema\/person\/78613917f1851f041f7483f5af1d422e\",\"name\":\"Sebastiano Plutino\",\"image\":{\"@type\":\"ImageObject\",\"inLanguage\":\"it-IT\",\"@id\":\"https:\/\/secure.gravatar.com\/avatar\/0546ffaa9b79224faf9f2a156b67a529ae861d3287c66c1d8ccfdf909bcba78d?s=96&d=mm&r=g\",\"url\":\"https:\/\/secure.gravatar.com\/avatar\/0546ffaa9b79224faf9f2a156b67a529ae861d3287c66c1d8ccfdf909bcba78d?s=96&d=mm&r=g\",\"contentUrl\":\"https:\/\/secure.gravatar.com\/avatar\/0546ffaa9b79224faf9f2a156b67a529ae861d3287c66c1d8ccfdf909bcba78d?s=96&d=mm&r=g\",\"caption\":\"Sebastiano Plutino\"},\"url\":\"https:\/\/progettotouring.it\/radiotouring104\/author\/sebastiano\/\"}]}<\/script>\n<!-- \/ Yoast SEO plugin. -->","yoast_head_json":{"title":"Processo Rinascita, chiesti migliaia di anni di carcere","description":"A conclusione della requisitoria, chiesti da Gratteri migliaia di anni di carcere. 17 per l'ex parlamentare di Forza Italia, Pittelli","robots":{"index":"index","follow":"follow","max-snippet":"max-snippet:-1","max-image-preview":"max-image-preview:large","max-video-preview":"max-video-preview:-1"},"canonical":"https:\/\/progettotouring.it\/radiotouring104\/2023\/06\/08\/processo-rinascita-chiesti-migliaia-di-anni-di-carcere\/","og_locale":"it_IT","og_type":"article","og_title":"Processo Rinascita, chiesti migliaia di anni di carcere","og_description":"A conclusione della requisitoria, chiesti da Gratteri migliaia di anni di carcere. 17 per l'ex parlamentare di Forza Italia, Pittelli","og_url":"https:\/\/progettotouring.it\/radiotouring104\/2023\/06\/08\/processo-rinascita-chiesti-migliaia-di-anni-di-carcere\/","og_site_name":"Radio Touring 104","article_published_time":"2023-06-08T07:38:41+00:00","og_image":[{"width":690,"height":362,"url":"https:\/\/progettotouring.it\/radiotouring104\/wp-content\/uploads\/sites\/6\/2023\/06\/rinascita-scott-maxi-processo-690x362-1.jpg","type":"image\/jpeg"}],"author":"Sebastiano Plutino","twitter_card":"summary_large_image","twitter_misc":{"Scritto da":"Sebastiano Plutino","Tempo di lettura stimato":"2 minuti"},"schema":{"@context":"https:\/\/schema.org","@graph":[{"@type":"Article","@id":"https:\/\/progettotouring.it\/radiotouring104\/2023\/06\/08\/processo-rinascita-chiesti-migliaia-di-anni-di-carcere\/#article","isPartOf":{"@id":"https:\/\/progettotouring.it\/radiotouring104\/2023\/06\/08\/processo-rinascita-chiesti-migliaia-di-anni-di-carcere\/"},"author":{"name":"Sebastiano Plutino","@id":"https:\/\/progettotouring.it\/radiotouring104\/#\/schema\/person\/78613917f1851f041f7483f5af1d422e"},"headline":"Processo Rinascita, chiesti migliaia di anni di carcere","datePublished":"2023-06-08T07:38:41+00:00","mainEntityOfPage":{"@id":"https:\/\/progettotouring.it\/radiotouring104\/2023\/06\/08\/processo-rinascita-chiesti-migliaia-di-anni-di-carcere\/"},"wordCount":375,"publisher":{"@id":"https:\/\/progettotouring.it\/radiotouring104\/#organization"},"image":{"@id":"https:\/\/progettotouring.it\/radiotouring104\/2023\/06\/08\/processo-rinascita-chiesti-migliaia-di-anni-di-carcere\/#primaryimage"},"thumbnailUrl":"https:\/\/progettotouring.it\/radiotouring104\/wp-content\/uploads\/sites\/6\/2023\/06\/rinascita-scott-maxi-processo-690x362-1.jpg","keywords":["343 imputati.","4744 anni e 10 mesi gli anni di carcere complessivi chiesti","Aula Bunker di Lamezia Terme","boss Domenico e Pasquale Bonavota","conclusione requisitoria","ex assessore regionale Luigi Incarnato","Filippo Nesci","Giancarlo Pittelli","Gianluca Callipo","Giorgio Naselli.","Michele Marinaro","Nicola Gratteri","Paolino Lo Bianco.","Pietro Giamborino","pm Andrea Mancuso.","pm Antonio De Bernardo","pm della Dda di Catanzaro Annamaria Frustaci","processo Rinascita Scott","richieste condanne per migliaia di anni","Saverio Razionale"],"articleSection":["Calabria","Home","In primo piano","News"],"inLanguage":"it-IT"},{"@type":"WebPage","@id":"https:\/\/progettotouring.it\/radiotouring104\/2023\/06\/08\/processo-rinascita-chiesti-migliaia-di-anni-di-carcere\/","url":"https:\/\/progettotouring.it\/radiotouring104\/2023\/06\/08\/processo-rinascita-chiesti-migliaia-di-anni-di-carcere\/","name":"Processo Rinascita, chiesti migliaia di anni di carcere","isPartOf":{"@id":"https:\/\/progettotouring.it\/radiotouring104\/#website"},"primaryImageOfPage":{"@id":"https:\/\/progettotouring.it\/radiotouring104\/2023\/06\/08\/processo-rinascita-chiesti-migliaia-di-anni-di-carcere\/#primaryimage"},"image":{"@id":"https:\/\/progettotouring.it\/radiotouring104\/2023\/06\/08\/processo-rinascita-chiesti-migliaia-di-anni-di-carcere\/#primaryimage"},"thumbnailUrl":"https:\/\/progettotouring.it\/radiotouring104\/wp-content\/uploads\/sites\/6\/2023\/06\/rinascita-scott-maxi-processo-690x362-1.jpg","datePublished":"2023-06-08T07:38:41+00:00","description":"A conclusione della requisitoria, chiesti da Gratteri migliaia di anni di carcere. 17 per l'ex parlamentare di Forza Italia, Pittelli","breadcrumb":{"@id":"https:\/\/progettotouring.it\/radiotouring104\/2023\/06\/08\/processo-rinascita-chiesti-migliaia-di-anni-di-carcere\/#breadcrumb"},"inLanguage":"it-IT","potentialAction":[{"@type":"ReadAction","target":["https:\/\/progettotouring.it\/radiotouring104\/2023\/06\/08\/processo-rinascita-chiesti-migliaia-di-anni-di-carcere\/"]}]},{"@type":"ImageObject","inLanguage":"it-IT","@id":"https:\/\/progettotouring.it\/radiotouring104\/2023\/06\/08\/processo-rinascita-chiesti-migliaia-di-anni-di-carcere\/#primaryimage","url":"https:\/\/progettotouring.it\/radiotouring104\/wp-content\/uploads\/sites\/6\/2023\/06\/rinascita-scott-maxi-processo-690x362-1.jpg","contentUrl":"https:\/\/progettotouring.it\/radiotouring104\/wp-content\/uploads\/sites\/6\/2023\/06\/rinascita-scott-maxi-processo-690x362-1.jpg","width":690,"height":362},{"@type":"BreadcrumbList","@id":"https:\/\/progettotouring.it\/radiotouring104\/2023\/06\/08\/processo-rinascita-chiesti-migliaia-di-anni-di-carcere\/#breadcrumb","itemListElement":[{"@type":"ListItem","position":1,"name":"Home","item":"https:\/\/progettotouring.it\/radiotouring104\/"},{"@type":"ListItem","position":2,"name":"Processo Rinascita, chiesti migliaia di anni di carcere"}]},{"@type":"WebSite","@id":"https:\/\/progettotouring.it\/radiotouring104\/#website","url":"https:\/\/progettotouring.it\/radiotouring104\/","name":"Radio Touring 104","description":"La prima radio Reggina","publisher":{"@id":"https:\/\/progettotouring.it\/radiotouring104\/#organization"},"potentialAction":[{"@type":"SearchAction","target":{"@type":"EntryPoint","urlTemplate":"https:\/\/progettotouring.it\/radiotouring104\/?s={search_term_string}"},"query-input":{"@type":"PropertyValueSpecification","valueRequired":true,"valueName":"search_term_string"}}],"inLanguage":"it-IT"},{"@type":"Organization","@id":"https:\/\/progettotouring.it\/radiotouring104\/#organization","name":"Radio Touring 104","url":"https:\/\/progettotouring.it\/radiotouring104\/","logo":{"@type":"ImageObject","inLanguage":"it-IT","@id":"https:\/\/progettotouring.it\/radiotouring104\/#\/schema\/logo\/image\/","url":"https:\/\/progettotouring.it\/radiotouring104\/wp-content\/uploads\/sites\/6\/2022\/02\/cropped-logo-radio-touring-104.png","contentUrl":"https:\/\/progettotouring.it\/radiotouring104\/wp-content\/uploads\/sites\/6\/2022\/02\/cropped-logo-radio-touring-104.png","width":377,"height":182,"caption":"Radio Touring 104"},"image":{"@id":"https:\/\/progettotouring.it\/radiotouring104\/#\/schema\/logo\/image\/"}},{"@type":"Person","@id":"https:\/\/progettotouring.it\/radiotouring104\/#\/schema\/person\/78613917f1851f041f7483f5af1d422e","name":"Sebastiano Plutino","image":{"@type":"ImageObject","inLanguage":"it-IT","@id":"https:\/\/secure.gravatar.com\/avatar\/0546ffaa9b79224faf9f2a156b67a529ae861d3287c66c1d8ccfdf909bcba78d?s=96&d=mm&r=g","url":"https:\/\/secure.gravatar.com\/avatar\/0546ffaa9b79224faf9f2a156b67a529ae861d3287c66c1d8ccfdf909bcba78d?s=96&d=mm&r=g","contentUrl":"https:\/\/secure.gravatar.com\/avatar\/0546ffaa9b79224faf9f2a156b67a529ae861d3287c66c1d8ccfdf909bcba78d?s=96&d=mm&r=g","caption":"Sebastiano Plutino"},"url":"https:\/\/progettotouring.it\/radiotouring104\/author\/sebastiano\/"}]}},"jetpack_publicize_connections":[],"jetpack_featured_media_url":"https:\/\/progettotouring.it\/radiotouring104\/wp-content\/uploads\/sites\/6\/2023\/06\/rinascita-scott-maxi-processo-690x362-1.jpg","jetpack_sharing_enabled":true,"_links":{"self":[{"href":"https:\/\/progettotouring.it\/radiotouring104\/wp-json\/wp\/v2\/posts\/27588","targetHints":{"allow":["GET"]}}],"collection":[{"href":"https:\/\/progettotouring.it\/radiotouring104\/wp-json\/wp\/v2\/posts"}],"about":[{"href":"https:\/\/progettotouring.it\/radiotouring104\/wp-json\/wp\/v2\/types\/post"}],"author":[{"embeddable":true,"href":"https:\/\/progettotouring.it\/radiotouring104\/wp-json\/wp\/v2\/users\/12"}],"replies":[{"embeddable":true,"href":"https:\/\/progettotouring.it\/radiotouring104\/wp-json\/wp\/v2\/comments?post=27588"}],"version-history":[{"count":1,"href":"https:\/\/progettotouring.it\/radiotouring104\/wp-json\/wp\/v2\/posts\/27588\/revisions"}],"predecessor-version":[{"id":27589,"href":"https:\/\/progettotouring.it\/radiotouring104\/wp-json\/wp\/v2\/posts\/27588\/revisions\/27589"}],"wp:featuredmedia":[{"embeddable":true,"href":"https:\/\/progettotouring.it\/radiotouring104\/wp-json\/wp\/v2\/media\/27509"}],"wp:attachment":[{"href":"https:\/\/progettotouring.it\/radiotouring104\/wp-json\/wp\/v2\/media?parent=27588"}],"wp:term":[{"taxonomy":"category","embeddable":true,"href":"https:\/\/progettotouring.it\/radiotouring104\/wp-json\/wp\/v2\/categories?post=27588"},{"taxonomy":"post_tag","embeddable":true,"href":"https:\/\/progettotouring.it\/radiotouring104\/wp-json\/wp\/v2\/tags?post=27588"}],"curies":[{"name":"wp","href":"https:\/\/api.w.org\/{rel}","templated":true}]}}