{"id":27592,"date":"2023-06-08T10:16:46","date_gmt":"2023-06-08T08:16:46","guid":{"rendered":"https:\/\/progettotouring.it\/radiotouring104\/?p=27592"},"modified":"2023-06-08T10:16:46","modified_gmt":"2023-06-08T08:16:46","slug":"in-coma-dopo-pestaggio-fissata-messa-alla-prova-per-ragazza","status":"publish","type":"post","link":"https:\/\/progettotouring.it\/radiotouring104\/2023\/06\/08\/in-coma-dopo-pestaggio-fissata-messa-alla-prova-per-ragazza\/","title":{"rendered":"In coma dopo pestaggio, fissata messa alla prova per ragazza"},"content":{"rendered":"<p style=\"text-align: justify\"><strong>Il gup del Tribunale dei minorenni di Catanzaro Emanuela Folino, ha disposto in 2 anni e 6 mesi la durata della messa alla prova per la ragazza &#8211; 17enne all&#8217;epoca dei fatti &#8211; accusata di concorso anomalo nel tentato omicidio di Davide Ferrerio<\/strong>, il 22enne bolognese, aggredito l&#8217;11 agosto 2022 a Crotone e ora ricoverato in coma irreversibile nel capoluogo emiliano.<\/p>\n<p style=\"text-align: justify\">\nLa giovane \u00e8 all&#8217;origine dell&#8217;aggressione compiuta da Nicol\u00f2 Passalacqua, di 22 anni, che colp\u00ec Davide scambiandolo per uno spasimante dell&#8217;allora 17enne.<\/p>\n<p style=\"text-align: justify\"><strong>All&#8217;origine dell&#8217;aggressione,<\/strong> infatti, <strong>c&#8217;\u00e8 stato un assurdo scambio di persona<\/strong> nato da una relazione social tra la ragazza, alla quale era interessato Passalacqua, ed un 32enne che si celava sotto un profilo falso con il nome di un ex fidanzato. Per questo la mamma della giovane, di 42 anni, aveva organizzato un appuntamento per scoprire chi fosse l&#8217;uomo. La ragazza, insieme ad un gruppo di parenti e a Passalacqua si era recata davanti al Tribunale. Qui hanno incrociato il 32enne che, capito che l&#8217;appuntamento poteva essere una trappola, si \u00e8 defilato e, dopo aver raggiunto l&#8217;auto, ha inviato un messaggio alla ragazza dicendo di avere &#8220;una camicia bianca&#8221;. In quel momento passava Davide, del tutto estraneo alla vicenda, che \u00e8 stato puntato da Passalacqua ed aggredito con un calcio alle costole ed un pugno alla testa proprio perch\u00e9 indossava una camicia bianca.<br \/>\nLa ragazza, difesa dall&#8217;avvocato Aldo Trunc\u00e9, \u00e8 stata processata davanti al Tribunale dei Minorenni di Catanzaro e si \u00e8 avvalsa del rito abbreviato; nei suoi confronti era stato gi\u00e0 disposta la messa alla prova il 5 aprile scorso.<strong> Questa mattina il gup,<\/strong> dopo aver ascoltato il programma proposto dalle assistenti sociali, nonostante la contrariet\u00e0 del procuratore dei Minorenni Maria Alessandra Ruberto,<strong> ha determinato in 2 anni e 6 mesi (questi ultimi gi\u00e0 scontati) la durata della messa alla prova. Inoltre ha revocato la misura degli arresti domiciliari e disposto la scarcerazione<\/strong>. La giovane, che si trova ora in una casa protetta a Messina, svolger\u00e0 l\u00ec l&#8217;attivit\u00e0 a favore di persone disabili con l&#8217;obbligo anche di terminare gli studi e seguire alcuni progetti di recupero proposti dalle assistenti sociali. (ANSA).<\/p>\n","protected":false},"excerpt":{"rendered":"<p>Il gup del Tribunale dei minorenni di Catanzaro Emanuela Folino, ha disposto in 2 anni e 6 mesi la durata della messa alla prova per la ragazza &#8211; 17enne all&#8217;epoca&hellip;<\/p>\n","protected":false},"author":12,"featured_media":6478,"comment_status":"closed","ping_status":"open","sticky":false,"template":"","format":"standard","meta":{"_jetpack_memberships_contains_paid_content":false,"footnotes":"","jetpack_publicize_message":"","jetpack_publicize_feature_enabled":true,"jetpack_social_post_already_shared":false,"jetpack_social_options":{"image_generator_settings":{"template":"highway","default_image_id":0,"font":"","enabled":false},"version":2}},"categories":[142,921,196],"tags":[16660,16663,1746,7078,16661,16662,16664],"class_list":["post-27592","post","type-post","status-publish","format-standard","has-post-thumbnail","hentry","category-calabria","category-home","category-news","tag-2-anni-e-6-mesi-la-durata-della-messa-alla-prova","tag-avvocato-aldo-trunce","tag-crotone","tag-davide-ferrerio","tag-gup-del-tribunale-dei-minorenni-di-catanzaro-emanuela-folino","tag-nicolo-passalacqua","tag-procuratore-dei-minorenni-maria-alessandra-ruberto"],"yoast_head":"<!-- This site is optimized with the Yoast SEO plugin v27.2 - https:\/\/yoast.com\/product\/yoast-seo-wordpress\/ -->\n<title>In coma dopo pestaggio, fissata messa alla prova per ragazza<\/title>\n<meta name=\"description\" content=\"Il gup del Tribunale dei minorenni di Catanzaro ha disposto 2 anni e 6 mesi per la ragazza, accusata per il tentato omicidio di D. Ferrario\" \/>\n<meta name=\"robots\" content=\"index, follow, max-snippet:-1, max-image-preview:large, max-video-preview:-1\" \/>\n<link rel=\"canonical\" href=\"https:\/\/progettotouring.it\/radiotouring104\/2023\/06\/08\/in-coma-dopo-pestaggio-fissata-messa-alla-prova-per-ragazza\/\" \/>\n<meta property=\"og:locale\" content=\"it_IT\" \/>\n<meta property=\"og:type\" content=\"article\" \/>\n<meta property=\"og:title\" content=\"In coma dopo pestaggio, fissata messa alla prova per ragazza\" \/>\n<meta property=\"og:description\" content=\"Il gup del Tribunale dei minorenni di Catanzaro ha disposto 2 anni e 6 mesi per la ragazza, accusata per il tentato omicidio di D. Ferrario\" \/>\n<meta property=\"og:url\" content=\"https:\/\/progettotouring.it\/radiotouring104\/2023\/06\/08\/in-coma-dopo-pestaggio-fissata-messa-alla-prova-per-ragazza\/\" \/>\n<meta property=\"og:site_name\" content=\"Radio Touring 104\" \/>\n<meta property=\"article:published_time\" content=\"2023-06-08T08:16:46+00:00\" \/>\n<meta property=\"og:image\" content=\"https:\/\/progettotouring.it\/radiotouring104\/wp-content\/uploads\/sites\/6\/2022\/06\/tribunale.jpg\" \/>\n\t<meta property=\"og:image:width\" content=\"602\" \/>\n\t<meta property=\"og:image:height\" content=\"339\" \/>\n\t<meta property=\"og:image:type\" content=\"image\/jpeg\" \/>\n<meta name=\"author\" content=\"Sebastiano Plutino\" \/>\n<meta name=\"twitter:card\" content=\"summary_large_image\" \/>\n<meta name=\"twitter:label1\" content=\"Scritto da\" \/>\n\t<meta name=\"twitter:data1\" content=\"Sebastiano Plutino\" \/>\n\t<meta name=\"twitter:label2\" content=\"Tempo di lettura stimato\" \/>\n\t<meta name=\"twitter:data2\" content=\"2 minuti\" \/>\n<script type=\"application\/ld+json\" class=\"yoast-schema-graph\">{\"@context\":\"https:\/\/schema.org\",\"@graph\":[{\"@type\":\"Article\",\"@id\":\"https:\/\/progettotouring.it\/radiotouring104\/2023\/06\/08\/in-coma-dopo-pestaggio-fissata-messa-alla-prova-per-ragazza\/#article\",\"isPartOf\":{\"@id\":\"https:\/\/progettotouring.it\/radiotouring104\/2023\/06\/08\/in-coma-dopo-pestaggio-fissata-messa-alla-prova-per-ragazza\/\"},\"author\":{\"name\":\"Sebastiano Plutino\",\"@id\":\"https:\/\/progettotouring.it\/radiotouring104\/#\/schema\/person\/78613917f1851f041f7483f5af1d422e\"},\"headline\":\"In coma dopo pestaggio, fissata messa alla prova per ragazza\",\"datePublished\":\"2023-06-08T08:16:46+00:00\",\"mainEntityOfPage\":{\"@id\":\"https:\/\/progettotouring.it\/radiotouring104\/2023\/06\/08\/in-coma-dopo-pestaggio-fissata-messa-alla-prova-per-ragazza\/\"},\"wordCount\":350,\"publisher\":{\"@id\":\"https:\/\/progettotouring.it\/radiotouring104\/#organization\"},\"image\":{\"@id\":\"https:\/\/progettotouring.it\/radiotouring104\/2023\/06\/08\/in-coma-dopo-pestaggio-fissata-messa-alla-prova-per-ragazza\/#primaryimage\"},\"thumbnailUrl\":\"https:\/\/progettotouring.it\/radiotouring104\/wp-content\/uploads\/sites\/6\/2022\/06\/tribunale.jpg\",\"keywords\":[\"2 anni e 6 mesi la durata della messa alla prova\",\"avvocato Aldo Trunc\u00e9\",\"Crotone\",\"Davide Ferrerio\",\"gup del Tribunale dei minorenni di Catanzaro Emanuela Folino\",\"Nicol\u00f2 Passalacqua\",\"procuratore dei Minorenni Maria Alessandra Ruberto\"],\"articleSection\":[\"Calabria\",\"Home\",\"News\"],\"inLanguage\":\"it-IT\"},{\"@type\":\"WebPage\",\"@id\":\"https:\/\/progettotouring.it\/radiotouring104\/2023\/06\/08\/in-coma-dopo-pestaggio-fissata-messa-alla-prova-per-ragazza\/\",\"url\":\"https:\/\/progettotouring.it\/radiotouring104\/2023\/06\/08\/in-coma-dopo-pestaggio-fissata-messa-alla-prova-per-ragazza\/\",\"name\":\"In coma dopo pestaggio, fissata messa alla prova per ragazza\",\"isPartOf\":{\"@id\":\"https:\/\/progettotouring.it\/radiotouring104\/#website\"},\"primaryImageOfPage\":{\"@id\":\"https:\/\/progettotouring.it\/radiotouring104\/2023\/06\/08\/in-coma-dopo-pestaggio-fissata-messa-alla-prova-per-ragazza\/#primaryimage\"},\"image\":{\"@id\":\"https:\/\/progettotouring.it\/radiotouring104\/2023\/06\/08\/in-coma-dopo-pestaggio-fissata-messa-alla-prova-per-ragazza\/#primaryimage\"},\"thumbnailUrl\":\"https:\/\/progettotouring.it\/radiotouring104\/wp-content\/uploads\/sites\/6\/2022\/06\/tribunale.jpg\",\"datePublished\":\"2023-06-08T08:16:46+00:00\",\"description\":\"Il gup del Tribunale dei minorenni di Catanzaro ha disposto 2 anni e 6 mesi per la ragazza, accusata per il tentato omicidio di D. Ferrario\",\"breadcrumb\":{\"@id\":\"https:\/\/progettotouring.it\/radiotouring104\/2023\/06\/08\/in-coma-dopo-pestaggio-fissata-messa-alla-prova-per-ragazza\/#breadcrumb\"},\"inLanguage\":\"it-IT\",\"potentialAction\":[{\"@type\":\"ReadAction\",\"target\":[\"https:\/\/progettotouring.it\/radiotouring104\/2023\/06\/08\/in-coma-dopo-pestaggio-fissata-messa-alla-prova-per-ragazza\/\"]}]},{\"@type\":\"ImageObject\",\"inLanguage\":\"it-IT\",\"@id\":\"https:\/\/progettotouring.it\/radiotouring104\/2023\/06\/08\/in-coma-dopo-pestaggio-fissata-messa-alla-prova-per-ragazza\/#primaryimage\",\"url\":\"https:\/\/progettotouring.it\/radiotouring104\/wp-content\/uploads\/sites\/6\/2022\/06\/tribunale.jpg\",\"contentUrl\":\"https:\/\/progettotouring.it\/radiotouring104\/wp-content\/uploads\/sites\/6\/2022\/06\/tribunale.jpg\",\"width\":602,\"height\":339},{\"@type\":\"BreadcrumbList\",\"@id\":\"https:\/\/progettotouring.it\/radiotouring104\/2023\/06\/08\/in-coma-dopo-pestaggio-fissata-messa-alla-prova-per-ragazza\/#breadcrumb\",\"itemListElement\":[{\"@type\":\"ListItem\",\"position\":1,\"name\":\"Home\",\"item\":\"https:\/\/progettotouring.it\/radiotouring104\/\"},{\"@type\":\"ListItem\",\"position\":2,\"name\":\"In coma dopo pestaggio, fissata messa alla prova per ragazza\"}]},{\"@type\":\"WebSite\",\"@id\":\"https:\/\/progettotouring.it\/radiotouring104\/#website\",\"url\":\"https:\/\/progettotouring.it\/radiotouring104\/\",\"name\":\"Radio Touring 104\",\"description\":\"La prima radio Reggina\",\"publisher\":{\"@id\":\"https:\/\/progettotouring.it\/radiotouring104\/#organization\"},\"potentialAction\":[{\"@type\":\"SearchAction\",\"target\":{\"@type\":\"EntryPoint\",\"urlTemplate\":\"https:\/\/progettotouring.it\/radiotouring104\/?s={search_term_string}\"},\"query-input\":{\"@type\":\"PropertyValueSpecification\",\"valueRequired\":true,\"valueName\":\"search_term_string\"}}],\"inLanguage\":\"it-IT\"},{\"@type\":\"Organization\",\"@id\":\"https:\/\/progettotouring.it\/radiotouring104\/#organization\",\"name\":\"Radio Touring 104\",\"url\":\"https:\/\/progettotouring.it\/radiotouring104\/\",\"logo\":{\"@type\":\"ImageObject\",\"inLanguage\":\"it-IT\",\"@id\":\"https:\/\/progettotouring.it\/radiotouring104\/#\/schema\/logo\/image\/\",\"url\":\"https:\/\/progettotouring.it\/radiotouring104\/wp-content\/uploads\/sites\/6\/2022\/02\/cropped-logo-radio-touring-104.png\",\"contentUrl\":\"https:\/\/progettotouring.it\/radiotouring104\/wp-content\/uploads\/sites\/6\/2022\/02\/cropped-logo-radio-touring-104.png\",\"width\":377,\"height\":182,\"caption\":\"Radio Touring 104\"},\"image\":{\"@id\":\"https:\/\/progettotouring.it\/radiotouring104\/#\/schema\/logo\/image\/\"}},{\"@type\":\"Person\",\"@id\":\"https:\/\/progettotouring.it\/radiotouring104\/#\/schema\/person\/78613917f1851f041f7483f5af1d422e\",\"name\":\"Sebastiano Plutino\",\"image\":{\"@type\":\"ImageObject\",\"inLanguage\":\"it-IT\",\"@id\":\"https:\/\/secure.gravatar.com\/avatar\/0546ffaa9b79224faf9f2a156b67a529ae861d3287c66c1d8ccfdf909bcba78d?s=96&d=mm&r=g\",\"url\":\"https:\/\/secure.gravatar.com\/avatar\/0546ffaa9b79224faf9f2a156b67a529ae861d3287c66c1d8ccfdf909bcba78d?s=96&d=mm&r=g\",\"contentUrl\":\"https:\/\/secure.gravatar.com\/avatar\/0546ffaa9b79224faf9f2a156b67a529ae861d3287c66c1d8ccfdf909bcba78d?s=96&d=mm&r=g\",\"caption\":\"Sebastiano Plutino\"},\"url\":\"https:\/\/progettotouring.it\/radiotouring104\/author\/sebastiano\/\"}]}<\/script>\n<!-- \/ Yoast SEO plugin. -->","yoast_head_json":{"title":"In coma dopo pestaggio, fissata messa alla prova per ragazza","description":"Il gup del Tribunale dei minorenni di Catanzaro ha disposto 2 anni e 6 mesi per la ragazza, accusata per il tentato omicidio di D. Ferrario","robots":{"index":"index","follow":"follow","max-snippet":"max-snippet:-1","max-image-preview":"max-image-preview:large","max-video-preview":"max-video-preview:-1"},"canonical":"https:\/\/progettotouring.it\/radiotouring104\/2023\/06\/08\/in-coma-dopo-pestaggio-fissata-messa-alla-prova-per-ragazza\/","og_locale":"it_IT","og_type":"article","og_title":"In coma dopo pestaggio, fissata messa alla prova per ragazza","og_description":"Il gup del Tribunale dei minorenni di Catanzaro ha disposto 2 anni e 6 mesi per la ragazza, accusata per il tentato omicidio di D. Ferrario","og_url":"https:\/\/progettotouring.it\/radiotouring104\/2023\/06\/08\/in-coma-dopo-pestaggio-fissata-messa-alla-prova-per-ragazza\/","og_site_name":"Radio Touring 104","article_published_time":"2023-06-08T08:16:46+00:00","og_image":[{"width":602,"height":339,"url":"https:\/\/progettotouring.it\/radiotouring104\/wp-content\/uploads\/sites\/6\/2022\/06\/tribunale.jpg","type":"image\/jpeg"}],"author":"Sebastiano Plutino","twitter_card":"summary_large_image","twitter_misc":{"Scritto da":"Sebastiano Plutino","Tempo di lettura stimato":"2 minuti"},"schema":{"@context":"https:\/\/schema.org","@graph":[{"@type":"Article","@id":"https:\/\/progettotouring.it\/radiotouring104\/2023\/06\/08\/in-coma-dopo-pestaggio-fissata-messa-alla-prova-per-ragazza\/#article","isPartOf":{"@id":"https:\/\/progettotouring.it\/radiotouring104\/2023\/06\/08\/in-coma-dopo-pestaggio-fissata-messa-alla-prova-per-ragazza\/"},"author":{"name":"Sebastiano Plutino","@id":"https:\/\/progettotouring.it\/radiotouring104\/#\/schema\/person\/78613917f1851f041f7483f5af1d422e"},"headline":"In coma dopo pestaggio, fissata messa alla prova per ragazza","datePublished":"2023-06-08T08:16:46+00:00","mainEntityOfPage":{"@id":"https:\/\/progettotouring.it\/radiotouring104\/2023\/06\/08\/in-coma-dopo-pestaggio-fissata-messa-alla-prova-per-ragazza\/"},"wordCount":350,"publisher":{"@id":"https:\/\/progettotouring.it\/radiotouring104\/#organization"},"image":{"@id":"https:\/\/progettotouring.it\/radiotouring104\/2023\/06\/08\/in-coma-dopo-pestaggio-fissata-messa-alla-prova-per-ragazza\/#primaryimage"},"thumbnailUrl":"https:\/\/progettotouring.it\/radiotouring104\/wp-content\/uploads\/sites\/6\/2022\/06\/tribunale.jpg","keywords":["2 anni e 6 mesi la durata della messa alla prova","avvocato Aldo Trunc\u00e9","Crotone","Davide Ferrerio","gup del Tribunale dei minorenni di Catanzaro Emanuela Folino","Nicol\u00f2 Passalacqua","procuratore dei Minorenni Maria Alessandra Ruberto"],"articleSection":["Calabria","Home","News"],"inLanguage":"it-IT"},{"@type":"WebPage","@id":"https:\/\/progettotouring.it\/radiotouring104\/2023\/06\/08\/in-coma-dopo-pestaggio-fissata-messa-alla-prova-per-ragazza\/","url":"https:\/\/progettotouring.it\/radiotouring104\/2023\/06\/08\/in-coma-dopo-pestaggio-fissata-messa-alla-prova-per-ragazza\/","name":"In coma dopo pestaggio, fissata messa alla prova per ragazza","isPartOf":{"@id":"https:\/\/progettotouring.it\/radiotouring104\/#website"},"primaryImageOfPage":{"@id":"https:\/\/progettotouring.it\/radiotouring104\/2023\/06\/08\/in-coma-dopo-pestaggio-fissata-messa-alla-prova-per-ragazza\/#primaryimage"},"image":{"@id":"https:\/\/progettotouring.it\/radiotouring104\/2023\/06\/08\/in-coma-dopo-pestaggio-fissata-messa-alla-prova-per-ragazza\/#primaryimage"},"thumbnailUrl":"https:\/\/progettotouring.it\/radiotouring104\/wp-content\/uploads\/sites\/6\/2022\/06\/tribunale.jpg","datePublished":"2023-06-08T08:16:46+00:00","description":"Il gup del Tribunale dei minorenni di Catanzaro ha disposto 2 anni e 6 mesi per la ragazza, accusata per il tentato omicidio di D. Ferrario","breadcrumb":{"@id":"https:\/\/progettotouring.it\/radiotouring104\/2023\/06\/08\/in-coma-dopo-pestaggio-fissata-messa-alla-prova-per-ragazza\/#breadcrumb"},"inLanguage":"it-IT","potentialAction":[{"@type":"ReadAction","target":["https:\/\/progettotouring.it\/radiotouring104\/2023\/06\/08\/in-coma-dopo-pestaggio-fissata-messa-alla-prova-per-ragazza\/"]}]},{"@type":"ImageObject","inLanguage":"it-IT","@id":"https:\/\/progettotouring.it\/radiotouring104\/2023\/06\/08\/in-coma-dopo-pestaggio-fissata-messa-alla-prova-per-ragazza\/#primaryimage","url":"https:\/\/progettotouring.it\/radiotouring104\/wp-content\/uploads\/sites\/6\/2022\/06\/tribunale.jpg","contentUrl":"https:\/\/progettotouring.it\/radiotouring104\/wp-content\/uploads\/sites\/6\/2022\/06\/tribunale.jpg","width":602,"height":339},{"@type":"BreadcrumbList","@id":"https:\/\/progettotouring.it\/radiotouring104\/2023\/06\/08\/in-coma-dopo-pestaggio-fissata-messa-alla-prova-per-ragazza\/#breadcrumb","itemListElement":[{"@type":"ListItem","position":1,"name":"Home","item":"https:\/\/progettotouring.it\/radiotouring104\/"},{"@type":"ListItem","position":2,"name":"In coma dopo pestaggio, fissata messa alla prova per ragazza"}]},{"@type":"WebSite","@id":"https:\/\/progettotouring.it\/radiotouring104\/#website","url":"https:\/\/progettotouring.it\/radiotouring104\/","name":"Radio Touring 104","description":"La prima radio Reggina","publisher":{"@id":"https:\/\/progettotouring.it\/radiotouring104\/#organization"},"potentialAction":[{"@type":"SearchAction","target":{"@type":"EntryPoint","urlTemplate":"https:\/\/progettotouring.it\/radiotouring104\/?s={search_term_string}"},"query-input":{"@type":"PropertyValueSpecification","valueRequired":true,"valueName":"search_term_string"}}],"inLanguage":"it-IT"},{"@type":"Organization","@id":"https:\/\/progettotouring.it\/radiotouring104\/#organization","name":"Radio Touring 104","url":"https:\/\/progettotouring.it\/radiotouring104\/","logo":{"@type":"ImageObject","inLanguage":"it-IT","@id":"https:\/\/progettotouring.it\/radiotouring104\/#\/schema\/logo\/image\/","url":"https:\/\/progettotouring.it\/radiotouring104\/wp-content\/uploads\/sites\/6\/2022\/02\/cropped-logo-radio-touring-104.png","contentUrl":"https:\/\/progettotouring.it\/radiotouring104\/wp-content\/uploads\/sites\/6\/2022\/02\/cropped-logo-radio-touring-104.png","width":377,"height":182,"caption":"Radio Touring 104"},"image":{"@id":"https:\/\/progettotouring.it\/radiotouring104\/#\/schema\/logo\/image\/"}},{"@type":"Person","@id":"https:\/\/progettotouring.it\/radiotouring104\/#\/schema\/person\/78613917f1851f041f7483f5af1d422e","name":"Sebastiano Plutino","image":{"@type":"ImageObject","inLanguage":"it-IT","@id":"https:\/\/secure.gravatar.com\/avatar\/0546ffaa9b79224faf9f2a156b67a529ae861d3287c66c1d8ccfdf909bcba78d?s=96&d=mm&r=g","url":"https:\/\/secure.gravatar.com\/avatar\/0546ffaa9b79224faf9f2a156b67a529ae861d3287c66c1d8ccfdf909bcba78d?s=96&d=mm&r=g","contentUrl":"https:\/\/secure.gravatar.com\/avatar\/0546ffaa9b79224faf9f2a156b67a529ae861d3287c66c1d8ccfdf909bcba78d?s=96&d=mm&r=g","caption":"Sebastiano Plutino"},"url":"https:\/\/progettotouring.it\/radiotouring104\/author\/sebastiano\/"}]}},"jetpack_publicize_connections":[],"jetpack_featured_media_url":"https:\/\/progettotouring.it\/radiotouring104\/wp-content\/uploads\/sites\/6\/2022\/06\/tribunale.jpg","jetpack_sharing_enabled":true,"_links":{"self":[{"href":"https:\/\/progettotouring.it\/radiotouring104\/wp-json\/wp\/v2\/posts\/27592","targetHints":{"allow":["GET"]}}],"collection":[{"href":"https:\/\/progettotouring.it\/radiotouring104\/wp-json\/wp\/v2\/posts"}],"about":[{"href":"https:\/\/progettotouring.it\/radiotouring104\/wp-json\/wp\/v2\/types\/post"}],"author":[{"embeddable":true,"href":"https:\/\/progettotouring.it\/radiotouring104\/wp-json\/wp\/v2\/users\/12"}],"replies":[{"embeddable":true,"href":"https:\/\/progettotouring.it\/radiotouring104\/wp-json\/wp\/v2\/comments?post=27592"}],"version-history":[{"count":1,"href":"https:\/\/progettotouring.it\/radiotouring104\/wp-json\/wp\/v2\/posts\/27592\/revisions"}],"predecessor-version":[{"id":27593,"href":"https:\/\/progettotouring.it\/radiotouring104\/wp-json\/wp\/v2\/posts\/27592\/revisions\/27593"}],"wp:featuredmedia":[{"embeddable":true,"href":"https:\/\/progettotouring.it\/radiotouring104\/wp-json\/wp\/v2\/media\/6478"}],"wp:attachment":[{"href":"https:\/\/progettotouring.it\/radiotouring104\/wp-json\/wp\/v2\/media?parent=27592"}],"wp:term":[{"taxonomy":"category","embeddable":true,"href":"https:\/\/progettotouring.it\/radiotouring104\/wp-json\/wp\/v2\/categories?post=27592"},{"taxonomy":"post_tag","embeddable":true,"href":"https:\/\/progettotouring.it\/radiotouring104\/wp-json\/wp\/v2\/tags?post=27592"}],"curies":[{"name":"wp","href":"https:\/\/api.w.org\/{rel}","templated":true}]}}