{"id":27595,"date":"2023-06-08T10:32:42","date_gmt":"2023-06-08T08:32:42","guid":{"rendered":"https:\/\/progettotouring.it\/radiotouring104\/?p=27595"},"modified":"2023-06-08T10:32:42","modified_gmt":"2023-06-08T08:32:42","slug":"a-cosenza-convegno-dellassociazione-fra-ex-consiglieri-regionali","status":"publish","type":"post","link":"https:\/\/progettotouring.it\/radiotouring104\/2023\/06\/08\/a-cosenza-convegno-dellassociazione-fra-ex-consiglieri-regionali\/","title":{"rendered":"A Cosenza convegno dell\u2019Associazione fra ex consiglieri regionali"},"content":{"rendered":"<p class=\"xmprfx_MsoNormal\" style=\"text-align: justify\"><em>\u201c\u00c8 uno dei contributi che vogliamo dare alla ripresa socio-culturale ed economico-occupazionale che la nostra regione deve sviluppare per arginare una crisi che investe svariati suoi settori produttivi e ambiti sociali, accentuata della pandemia e dalla guerra in Europa. Lo dobbiamo, soprattutto, alle giovani generazioni che rappresentano il nostro futuro, in particolare ai giovani che non vogliono emigrare, viatico principale all\u2019emorragia demografica che stiamo vivendo\u201d.<\/em> <strong>Cos\u00ec il presidente dell\u2019Associazione fra ex consiglieri regionali della Calabria, Stefano Arturo Priolo,<\/strong> nell\u2019annunciare il convegno \u201cProgrammazione, sviluppo e territorio per la fertilizzazione del sistema Calabria\u201d, in calendario marted\u00ec 13 giugno (ore 10-13), presso la \u201cSala Stampa\u201d dell\u2019Universit\u00e0 della Calabria (UniCal) in Arcavacata di Rende (Cs).<\/p>\n<p class=\"xmprfx_MsoNormal\" style=\"text-align: justify\">Il convegno vede la collaborazione, oltre dell\u2019UniCal, di SVIMEZ, Confindustria e Ordine degli Ingegneri della provincia di Cosenza. Quest\u2019ultimo ha concesso il patrocinio e ai suoi iscritti saranno riconosciuti crediti formativi. \u00c8 il primo di una serie di convegni territoriali rientranti nelle finalit\u00e0 dell\u2019Associazione: mantenere il vincolo che ha visto i consiglieri operare per l\u2019affermazione ed il consolidamento dell\u2019Istituto regionale, valorizzare i compiti e le funzioni del Consiglio regionale mediante attivit\u00e0 di servizio, studio, divulgazione, conferenze, convegni, manifestazioni e pubblicazioni.<\/p>\n<p class=\"xmprfx_MsoNormal\" style=\"text-align: justify\">Quest\u2019anno ricorre il 35\u00b0 anniversario della nascita di quest\u2019associazione (nata il 6 maggio 1988 e riconosciuta dalla Regione con la L.R. 3\/2001), che conta oltre cento soci. In sette lustri ha curato pi\u00f9 di\u00a0cinquanta lavori tra documenti, studi, pubblicazioni e report sulle riforme istituzionali regionali e nazionali, su tematiche come il Mediterraneo e i flussi migratori, sul futuro delle politiche di coesione territoriale e sociale,\u00a0sulla valorizzazione della montagna e delle aree protette, sulla tutela dei beni culturali avvalendosi anche della collaborazione del CENSIS. E quest\u2019ultimo convegno \u00e8 un\u2019occasione per fare memoria di questi 35 anni di attivit\u00e0, ma il suo fine non \u00e8 celebrativo perch\u00e9 riguarda il presente e il futuro della Calabria partendo dall\u2019analisi dei fenomeni che rischiano di accentuare il processo di desertificazione, soprattutto demografica e culturale, gi\u00e0 in atto. Basti pensare ai recenti indicatori su giovani e povert\u00e0 che inducono a mettere in campo ogni strategia possibile per superare le criticit\u00e0.<\/p>\n<p class=\"xmprfx_MsoNormal\" style=\"text-align: justify\">Per questo l\u2019Associazione\u00a0ha chiamato a convegno,\u00a0per stimolare riflessioni e proposte sul PNRR e non solo, esperti e studiosi come Adriano Giannola, presidente SVIMEZ, Vincenzo Carrieri, ordinario di Scienze politiche e sociali dell\u2019UniCal, Vittorio Cir\u00f2 Candiano, gi\u00e0 direttore generale del Dipartimento Bilancio della Regione e docente universitario, Vincenzo Falcone, gi\u00e0 segretario generale presso il Comitato delle Regioni dell\u2019UE a Bruxelles. Quest\u2019ultimo \u00e8 socio dell\u2019Associazione ed autore del volume\u00a0<i>Calabria, bagliori oltre la siepe<\/i>\u00a0da cui \u00e8 stato preso anche lo spunto per progettare una serie di incontri per contribuire alla \u201cfertilizzazione\u201d della Calabria, ad iniziare dal convegno del 13 giugno.<\/p>\n<p class=\"xmprfx_MsoNormal\" style=\"text-align: justify\">Convegno che si aprir\u00e0 con i saluti istituzionali del presidente dell\u2019Associazione, Stefano Arturo Priolo, del pro-rettore dell\u2019UniCal, Patrizia Piro, e del presidente del Consiglio regionale, Filippo Mancuso. Seguiranno gli interventi di Giannola (<i>Opportunit\u00e0 e prospettive attraverso il PNRR<\/i>), Carrieri (<i>Perch\u00e9 la Calabria non ha partecipato alla grande fuga? Una rilettura di Angus Deaton<\/i>), Cir\u00f2 Candiano (<i>Bilanci della Regione Calabria e degli Enti territoriali: vincoli e criticit\u00e0<\/i>) e Falcone (<i>Calabria: cosa c\u2019\u00e8 oltre la siepe?<\/i>). Al termine delle relazioni sono stati invitati ad intervenire i presidenti della Regione, Roberto Occhiuto, di Confindustria, Fortunato Amarelli, e dell\u2019Ordine degli Ingegneri, Marco Saverio Ghionna. Concluder\u00e0 i lavori il vice presidente dell\u2019Associazione, l\u2019ex consigliere regionale Ernesto Funaro, moderati da Riccardo Liguori, giornalista professionista, direttore di \u201cOpinioni Calabria\u201d (il periodico dell\u2019Associazione), nonch\u00e9 figlio del primo consigliere regionale deceduto nell\u2019adempimento del mandato, Giorgio Liguori, membro della Commissione Statuto della\u00a0<i>I Legislatura<\/i>.<\/p>\n","protected":false},"excerpt":{"rendered":"<p>\u201c\u00c8 uno dei contributi che vogliamo dare alla ripresa socio-culturale ed economico-occupazionale che la nostra regione deve sviluppare per arginare una crisi che investe svariati suoi settori produttivi e ambiti&hellip;<\/p>\n","protected":false},"author":12,"featured_media":27596,"comment_status":"closed","ping_status":"open","sticky":false,"template":"","format":"standard","meta":{"_jetpack_memberships_contains_paid_content":false,"footnotes":"","jetpack_publicize_message":"","jetpack_publicize_feature_enabled":true,"jetpack_social_post_already_shared":false,"jetpack_social_options":{"image_generator_settings":{"template":"highway","default_image_id":0,"font":"","enabled":false},"version":2}},"categories":[142,921,196],"tags":[16666,16667,16668,16669,16670,16665,5645,16671,16673,16672],"class_list":["post-27595","post","type-post","status-publish","format-standard","has-post-thumbnail","hentry","category-calabria","category-home","category-news","tag-universita-della-calabria-unical","tag-arcavacata-di-rende-cs","tag-di-svimez","tag-e-adriano-giannola","tag-presidente-svimez","tag-stefano-arturo-priolo","tag-unical","tag-vincenzo-carrieri","tag-vincenzo-falcone","tag-vittorio-ciro-candiano"],"yoast_head":"<!-- This site is optimized with the Yoast SEO plugin v27.2 - https:\/\/yoast.com\/product\/yoast-seo-wordpress\/ -->\n<title>A Cosenza convegno dell\u2019Associazione fra ex consiglieri regionali<\/title>\n<meta name=\"description\" content=\"Il convegno \u201cProgrammazione, sviluppo e territorio per la fertilizzazione del sistema Calabria\u201d, si terr\u00e0 il 13 giugno, all&#039;UniCal di Rende\" \/>\n<meta name=\"robots\" content=\"index, follow, max-snippet:-1, max-image-preview:large, max-video-preview:-1\" \/>\n<link rel=\"canonical\" href=\"https:\/\/progettotouring.it\/radiotouring104\/2023\/06\/08\/a-cosenza-convegno-dellassociazione-fra-ex-consiglieri-regionali\/\" \/>\n<meta property=\"og:locale\" content=\"it_IT\" \/>\n<meta property=\"og:type\" content=\"article\" \/>\n<meta property=\"og:title\" content=\"A Cosenza convegno dell\u2019Associazione fra ex consiglieri regionali\" \/>\n<meta property=\"og:description\" content=\"Il convegno \u201cProgrammazione, sviluppo e territorio per la fertilizzazione del sistema Calabria\u201d, si terr\u00e0 il 13 giugno, all&#039;UniCal di Rende\" \/>\n<meta property=\"og:url\" content=\"https:\/\/progettotouring.it\/radiotouring104\/2023\/06\/08\/a-cosenza-convegno-dellassociazione-fra-ex-consiglieri-regionali\/\" \/>\n<meta property=\"og:site_name\" content=\"Radio Touring 104\" \/>\n<meta property=\"article:published_time\" content=\"2023-06-08T08:32:42+00:00\" \/>\n<meta property=\"og:image\" content=\"https:\/\/progettotouring.it\/radiotouring104\/wp-content\/uploads\/sites\/6\/2023\/06\/Associazione-ex-consiglieri-regionali.jpg\" \/>\n\t<meta property=\"og:image:width\" content=\"899\" \/>\n\t<meta property=\"og:image:height\" content=\"600\" \/>\n\t<meta property=\"og:image:type\" content=\"image\/jpeg\" \/>\n<meta name=\"author\" content=\"Sebastiano Plutino\" \/>\n<meta name=\"twitter:card\" content=\"summary_large_image\" \/>\n<meta name=\"twitter:label1\" content=\"Scritto da\" \/>\n\t<meta name=\"twitter:data1\" content=\"Sebastiano Plutino\" \/>\n\t<meta name=\"twitter:label2\" content=\"Tempo di lettura stimato\" \/>\n\t<meta name=\"twitter:data2\" content=\"3 minuti\" \/>\n<script type=\"application\/ld+json\" class=\"yoast-schema-graph\">{\"@context\":\"https:\/\/schema.org\",\"@graph\":[{\"@type\":\"Article\",\"@id\":\"https:\/\/progettotouring.it\/radiotouring104\/2023\/06\/08\/a-cosenza-convegno-dellassociazione-fra-ex-consiglieri-regionali\/#article\",\"isPartOf\":{\"@id\":\"https:\/\/progettotouring.it\/radiotouring104\/2023\/06\/08\/a-cosenza-convegno-dellassociazione-fra-ex-consiglieri-regionali\/\"},\"author\":{\"name\":\"Sebastiano Plutino\",\"@id\":\"https:\/\/progettotouring.it\/radiotouring104\/#\/schema\/person\/78613917f1851f041f7483f5af1d422e\"},\"headline\":\"A Cosenza convegno dell\u2019Associazione fra ex consiglieri regionali\",\"datePublished\":\"2023-06-08T08:32:42+00:00\",\"mainEntityOfPage\":{\"@id\":\"https:\/\/progettotouring.it\/radiotouring104\/2023\/06\/08\/a-cosenza-convegno-dellassociazione-fra-ex-consiglieri-regionali\/\"},\"wordCount\":615,\"publisher\":{\"@id\":\"https:\/\/progettotouring.it\/radiotouring104\/#organization\"},\"image\":{\"@id\":\"https:\/\/progettotouring.it\/radiotouring104\/2023\/06\/08\/a-cosenza-convegno-dellassociazione-fra-ex-consiglieri-regionali\/#primaryimage\"},\"thumbnailUrl\":\"https:\/\/progettotouring.it\/radiotouring104\/wp-content\/uploads\/sites\/6\/2023\/06\/Associazione-ex-consiglieri-regionali.jpg\",\"keywords\":[\"\u2019Universit\u00e0 della Calabria (UniCal\",\"Arcavacata di Rende (Cs).\",\"di SVIMEZ\",\"e Adriano Giannola\",\"presidente SVIMEZ\",\"Stefano Arturo Priolo\",\"Unical\",\"Vincenzo Carrieri\",\"Vincenzo Falcone\",\"Vittorio Cir\u00f2 Candiano\"],\"articleSection\":[\"Calabria\",\"Home\",\"News\"],\"inLanguage\":\"it-IT\"},{\"@type\":\"WebPage\",\"@id\":\"https:\/\/progettotouring.it\/radiotouring104\/2023\/06\/08\/a-cosenza-convegno-dellassociazione-fra-ex-consiglieri-regionali\/\",\"url\":\"https:\/\/progettotouring.it\/radiotouring104\/2023\/06\/08\/a-cosenza-convegno-dellassociazione-fra-ex-consiglieri-regionali\/\",\"name\":\"A Cosenza convegno dell\u2019Associazione fra ex consiglieri regionali\",\"isPartOf\":{\"@id\":\"https:\/\/progettotouring.it\/radiotouring104\/#website\"},\"primaryImageOfPage\":{\"@id\":\"https:\/\/progettotouring.it\/radiotouring104\/2023\/06\/08\/a-cosenza-convegno-dellassociazione-fra-ex-consiglieri-regionali\/#primaryimage\"},\"image\":{\"@id\":\"https:\/\/progettotouring.it\/radiotouring104\/2023\/06\/08\/a-cosenza-convegno-dellassociazione-fra-ex-consiglieri-regionali\/#primaryimage\"},\"thumbnailUrl\":\"https:\/\/progettotouring.it\/radiotouring104\/wp-content\/uploads\/sites\/6\/2023\/06\/Associazione-ex-consiglieri-regionali.jpg\",\"datePublished\":\"2023-06-08T08:32:42+00:00\",\"description\":\"Il convegno \u201cProgrammazione, sviluppo e territorio per la fertilizzazione del sistema Calabria\u201d, si terr\u00e0 il 13 giugno, all'UniCal di Rende\",\"breadcrumb\":{\"@id\":\"https:\/\/progettotouring.it\/radiotouring104\/2023\/06\/08\/a-cosenza-convegno-dellassociazione-fra-ex-consiglieri-regionali\/#breadcrumb\"},\"inLanguage\":\"it-IT\",\"potentialAction\":[{\"@type\":\"ReadAction\",\"target\":[\"https:\/\/progettotouring.it\/radiotouring104\/2023\/06\/08\/a-cosenza-convegno-dellassociazione-fra-ex-consiglieri-regionali\/\"]}]},{\"@type\":\"ImageObject\",\"inLanguage\":\"it-IT\",\"@id\":\"https:\/\/progettotouring.it\/radiotouring104\/2023\/06\/08\/a-cosenza-convegno-dellassociazione-fra-ex-consiglieri-regionali\/#primaryimage\",\"url\":\"https:\/\/progettotouring.it\/radiotouring104\/wp-content\/uploads\/sites\/6\/2023\/06\/Associazione-ex-consiglieri-regionali.jpg\",\"contentUrl\":\"https:\/\/progettotouring.it\/radiotouring104\/wp-content\/uploads\/sites\/6\/2023\/06\/Associazione-ex-consiglieri-regionali.jpg\",\"width\":899,\"height\":600},{\"@type\":\"BreadcrumbList\",\"@id\":\"https:\/\/progettotouring.it\/radiotouring104\/2023\/06\/08\/a-cosenza-convegno-dellassociazione-fra-ex-consiglieri-regionali\/#breadcrumb\",\"itemListElement\":[{\"@type\":\"ListItem\",\"position\":1,\"name\":\"Home\",\"item\":\"https:\/\/progettotouring.it\/radiotouring104\/\"},{\"@type\":\"ListItem\",\"position\":2,\"name\":\"A Cosenza convegno dell\u2019Associazione fra ex consiglieri regionali\"}]},{\"@type\":\"WebSite\",\"@id\":\"https:\/\/progettotouring.it\/radiotouring104\/#website\",\"url\":\"https:\/\/progettotouring.it\/radiotouring104\/\",\"name\":\"Radio Touring 104\",\"description\":\"La prima radio Reggina\",\"publisher\":{\"@id\":\"https:\/\/progettotouring.it\/radiotouring104\/#organization\"},\"potentialAction\":[{\"@type\":\"SearchAction\",\"target\":{\"@type\":\"EntryPoint\",\"urlTemplate\":\"https:\/\/progettotouring.it\/radiotouring104\/?s={search_term_string}\"},\"query-input\":{\"@type\":\"PropertyValueSpecification\",\"valueRequired\":true,\"valueName\":\"search_term_string\"}}],\"inLanguage\":\"it-IT\"},{\"@type\":\"Organization\",\"@id\":\"https:\/\/progettotouring.it\/radiotouring104\/#organization\",\"name\":\"Radio Touring 104\",\"url\":\"https:\/\/progettotouring.it\/radiotouring104\/\",\"logo\":{\"@type\":\"ImageObject\",\"inLanguage\":\"it-IT\",\"@id\":\"https:\/\/progettotouring.it\/radiotouring104\/#\/schema\/logo\/image\/\",\"url\":\"https:\/\/progettotouring.it\/radiotouring104\/wp-content\/uploads\/sites\/6\/2022\/02\/cropped-logo-radio-touring-104.png\",\"contentUrl\":\"https:\/\/progettotouring.it\/radiotouring104\/wp-content\/uploads\/sites\/6\/2022\/02\/cropped-logo-radio-touring-104.png\",\"width\":377,\"height\":182,\"caption\":\"Radio Touring 104\"},\"image\":{\"@id\":\"https:\/\/progettotouring.it\/radiotouring104\/#\/schema\/logo\/image\/\"}},{\"@type\":\"Person\",\"@id\":\"https:\/\/progettotouring.it\/radiotouring104\/#\/schema\/person\/78613917f1851f041f7483f5af1d422e\",\"name\":\"Sebastiano Plutino\",\"image\":{\"@type\":\"ImageObject\",\"inLanguage\":\"it-IT\",\"@id\":\"https:\/\/secure.gravatar.com\/avatar\/0546ffaa9b79224faf9f2a156b67a529ae861d3287c66c1d8ccfdf909bcba78d?s=96&d=mm&r=g\",\"url\":\"https:\/\/secure.gravatar.com\/avatar\/0546ffaa9b79224faf9f2a156b67a529ae861d3287c66c1d8ccfdf909bcba78d?s=96&d=mm&r=g\",\"contentUrl\":\"https:\/\/secure.gravatar.com\/avatar\/0546ffaa9b79224faf9f2a156b67a529ae861d3287c66c1d8ccfdf909bcba78d?s=96&d=mm&r=g\",\"caption\":\"Sebastiano Plutino\"},\"url\":\"https:\/\/progettotouring.it\/radiotouring104\/author\/sebastiano\/\"}]}<\/script>\n<!-- \/ Yoast SEO plugin. -->","yoast_head_json":{"title":"A Cosenza convegno dell\u2019Associazione fra ex consiglieri regionali","description":"Il convegno \u201cProgrammazione, sviluppo e territorio per la fertilizzazione del sistema Calabria\u201d, si terr\u00e0 il 13 giugno, all'UniCal di Rende","robots":{"index":"index","follow":"follow","max-snippet":"max-snippet:-1","max-image-preview":"max-image-preview:large","max-video-preview":"max-video-preview:-1"},"canonical":"https:\/\/progettotouring.it\/radiotouring104\/2023\/06\/08\/a-cosenza-convegno-dellassociazione-fra-ex-consiglieri-regionali\/","og_locale":"it_IT","og_type":"article","og_title":"A Cosenza convegno dell\u2019Associazione fra ex consiglieri regionali","og_description":"Il convegno \u201cProgrammazione, sviluppo e territorio per la fertilizzazione del sistema Calabria\u201d, si terr\u00e0 il 13 giugno, all'UniCal di Rende","og_url":"https:\/\/progettotouring.it\/radiotouring104\/2023\/06\/08\/a-cosenza-convegno-dellassociazione-fra-ex-consiglieri-regionali\/","og_site_name":"Radio Touring 104","article_published_time":"2023-06-08T08:32:42+00:00","og_image":[{"width":899,"height":600,"url":"https:\/\/progettotouring.it\/radiotouring104\/wp-content\/uploads\/sites\/6\/2023\/06\/Associazione-ex-consiglieri-regionali.jpg","type":"image\/jpeg"}],"author":"Sebastiano Plutino","twitter_card":"summary_large_image","twitter_misc":{"Scritto da":"Sebastiano Plutino","Tempo di lettura stimato":"3 minuti"},"schema":{"@context":"https:\/\/schema.org","@graph":[{"@type":"Article","@id":"https:\/\/progettotouring.it\/radiotouring104\/2023\/06\/08\/a-cosenza-convegno-dellassociazione-fra-ex-consiglieri-regionali\/#article","isPartOf":{"@id":"https:\/\/progettotouring.it\/radiotouring104\/2023\/06\/08\/a-cosenza-convegno-dellassociazione-fra-ex-consiglieri-regionali\/"},"author":{"name":"Sebastiano Plutino","@id":"https:\/\/progettotouring.it\/radiotouring104\/#\/schema\/person\/78613917f1851f041f7483f5af1d422e"},"headline":"A Cosenza convegno dell\u2019Associazione fra ex consiglieri regionali","datePublished":"2023-06-08T08:32:42+00:00","mainEntityOfPage":{"@id":"https:\/\/progettotouring.it\/radiotouring104\/2023\/06\/08\/a-cosenza-convegno-dellassociazione-fra-ex-consiglieri-regionali\/"},"wordCount":615,"publisher":{"@id":"https:\/\/progettotouring.it\/radiotouring104\/#organization"},"image":{"@id":"https:\/\/progettotouring.it\/radiotouring104\/2023\/06\/08\/a-cosenza-convegno-dellassociazione-fra-ex-consiglieri-regionali\/#primaryimage"},"thumbnailUrl":"https:\/\/progettotouring.it\/radiotouring104\/wp-content\/uploads\/sites\/6\/2023\/06\/Associazione-ex-consiglieri-regionali.jpg","keywords":["\u2019Universit\u00e0 della Calabria (UniCal","Arcavacata di Rende (Cs).","di SVIMEZ","e Adriano Giannola","presidente SVIMEZ","Stefano Arturo Priolo","Unical","Vincenzo Carrieri","Vincenzo Falcone","Vittorio Cir\u00f2 Candiano"],"articleSection":["Calabria","Home","News"],"inLanguage":"it-IT"},{"@type":"WebPage","@id":"https:\/\/progettotouring.it\/radiotouring104\/2023\/06\/08\/a-cosenza-convegno-dellassociazione-fra-ex-consiglieri-regionali\/","url":"https:\/\/progettotouring.it\/radiotouring104\/2023\/06\/08\/a-cosenza-convegno-dellassociazione-fra-ex-consiglieri-regionali\/","name":"A Cosenza convegno dell\u2019Associazione fra ex consiglieri regionali","isPartOf":{"@id":"https:\/\/progettotouring.it\/radiotouring104\/#website"},"primaryImageOfPage":{"@id":"https:\/\/progettotouring.it\/radiotouring104\/2023\/06\/08\/a-cosenza-convegno-dellassociazione-fra-ex-consiglieri-regionali\/#primaryimage"},"image":{"@id":"https:\/\/progettotouring.it\/radiotouring104\/2023\/06\/08\/a-cosenza-convegno-dellassociazione-fra-ex-consiglieri-regionali\/#primaryimage"},"thumbnailUrl":"https:\/\/progettotouring.it\/radiotouring104\/wp-content\/uploads\/sites\/6\/2023\/06\/Associazione-ex-consiglieri-regionali.jpg","datePublished":"2023-06-08T08:32:42+00:00","description":"Il convegno \u201cProgrammazione, sviluppo e territorio per la fertilizzazione del sistema Calabria\u201d, si terr\u00e0 il 13 giugno, all'UniCal di Rende","breadcrumb":{"@id":"https:\/\/progettotouring.it\/radiotouring104\/2023\/06\/08\/a-cosenza-convegno-dellassociazione-fra-ex-consiglieri-regionali\/#breadcrumb"},"inLanguage":"it-IT","potentialAction":[{"@type":"ReadAction","target":["https:\/\/progettotouring.it\/radiotouring104\/2023\/06\/08\/a-cosenza-convegno-dellassociazione-fra-ex-consiglieri-regionali\/"]}]},{"@type":"ImageObject","inLanguage":"it-IT","@id":"https:\/\/progettotouring.it\/radiotouring104\/2023\/06\/08\/a-cosenza-convegno-dellassociazione-fra-ex-consiglieri-regionali\/#primaryimage","url":"https:\/\/progettotouring.it\/radiotouring104\/wp-content\/uploads\/sites\/6\/2023\/06\/Associazione-ex-consiglieri-regionali.jpg","contentUrl":"https:\/\/progettotouring.it\/radiotouring104\/wp-content\/uploads\/sites\/6\/2023\/06\/Associazione-ex-consiglieri-regionali.jpg","width":899,"height":600},{"@type":"BreadcrumbList","@id":"https:\/\/progettotouring.it\/radiotouring104\/2023\/06\/08\/a-cosenza-convegno-dellassociazione-fra-ex-consiglieri-regionali\/#breadcrumb","itemListElement":[{"@type":"ListItem","position":1,"name":"Home","item":"https:\/\/progettotouring.it\/radiotouring104\/"},{"@type":"ListItem","position":2,"name":"A Cosenza convegno dell\u2019Associazione fra ex consiglieri regionali"}]},{"@type":"WebSite","@id":"https:\/\/progettotouring.it\/radiotouring104\/#website","url":"https:\/\/progettotouring.it\/radiotouring104\/","name":"Radio Touring 104","description":"La prima radio Reggina","publisher":{"@id":"https:\/\/progettotouring.it\/radiotouring104\/#organization"},"potentialAction":[{"@type":"SearchAction","target":{"@type":"EntryPoint","urlTemplate":"https:\/\/progettotouring.it\/radiotouring104\/?s={search_term_string}"},"query-input":{"@type":"PropertyValueSpecification","valueRequired":true,"valueName":"search_term_string"}}],"inLanguage":"it-IT"},{"@type":"Organization","@id":"https:\/\/progettotouring.it\/radiotouring104\/#organization","name":"Radio Touring 104","url":"https:\/\/progettotouring.it\/radiotouring104\/","logo":{"@type":"ImageObject","inLanguage":"it-IT","@id":"https:\/\/progettotouring.it\/radiotouring104\/#\/schema\/logo\/image\/","url":"https:\/\/progettotouring.it\/radiotouring104\/wp-content\/uploads\/sites\/6\/2022\/02\/cropped-logo-radio-touring-104.png","contentUrl":"https:\/\/progettotouring.it\/radiotouring104\/wp-content\/uploads\/sites\/6\/2022\/02\/cropped-logo-radio-touring-104.png","width":377,"height":182,"caption":"Radio Touring 104"},"image":{"@id":"https:\/\/progettotouring.it\/radiotouring104\/#\/schema\/logo\/image\/"}},{"@type":"Person","@id":"https:\/\/progettotouring.it\/radiotouring104\/#\/schema\/person\/78613917f1851f041f7483f5af1d422e","name":"Sebastiano Plutino","image":{"@type":"ImageObject","inLanguage":"it-IT","@id":"https:\/\/secure.gravatar.com\/avatar\/0546ffaa9b79224faf9f2a156b67a529ae861d3287c66c1d8ccfdf909bcba78d?s=96&d=mm&r=g","url":"https:\/\/secure.gravatar.com\/avatar\/0546ffaa9b79224faf9f2a156b67a529ae861d3287c66c1d8ccfdf909bcba78d?s=96&d=mm&r=g","contentUrl":"https:\/\/secure.gravatar.com\/avatar\/0546ffaa9b79224faf9f2a156b67a529ae861d3287c66c1d8ccfdf909bcba78d?s=96&d=mm&r=g","caption":"Sebastiano Plutino"},"url":"https:\/\/progettotouring.it\/radiotouring104\/author\/sebastiano\/"}]}},"jetpack_publicize_connections":[],"jetpack_featured_media_url":"https:\/\/progettotouring.it\/radiotouring104\/wp-content\/uploads\/sites\/6\/2023\/06\/Associazione-ex-consiglieri-regionali.jpg","jetpack_sharing_enabled":true,"_links":{"self":[{"href":"https:\/\/progettotouring.it\/radiotouring104\/wp-json\/wp\/v2\/posts\/27595","targetHints":{"allow":["GET"]}}],"collection":[{"href":"https:\/\/progettotouring.it\/radiotouring104\/wp-json\/wp\/v2\/posts"}],"about":[{"href":"https:\/\/progettotouring.it\/radiotouring104\/wp-json\/wp\/v2\/types\/post"}],"author":[{"embeddable":true,"href":"https:\/\/progettotouring.it\/radiotouring104\/wp-json\/wp\/v2\/users\/12"}],"replies":[{"embeddable":true,"href":"https:\/\/progettotouring.it\/radiotouring104\/wp-json\/wp\/v2\/comments?post=27595"}],"version-history":[{"count":1,"href":"https:\/\/progettotouring.it\/radiotouring104\/wp-json\/wp\/v2\/posts\/27595\/revisions"}],"predecessor-version":[{"id":27597,"href":"https:\/\/progettotouring.it\/radiotouring104\/wp-json\/wp\/v2\/posts\/27595\/revisions\/27597"}],"wp:featuredmedia":[{"embeddable":true,"href":"https:\/\/progettotouring.it\/radiotouring104\/wp-json\/wp\/v2\/media\/27596"}],"wp:attachment":[{"href":"https:\/\/progettotouring.it\/radiotouring104\/wp-json\/wp\/v2\/media?parent=27595"}],"wp:term":[{"taxonomy":"category","embeddable":true,"href":"https:\/\/progettotouring.it\/radiotouring104\/wp-json\/wp\/v2\/categories?post=27595"},{"taxonomy":"post_tag","embeddable":true,"href":"https:\/\/progettotouring.it\/radiotouring104\/wp-json\/wp\/v2\/tags?post=27595"}],"curies":[{"name":"wp","href":"https:\/\/api.w.org\/{rel}","templated":true}]}}