{"id":27598,"date":"2023-06-08T10:45:44","date_gmt":"2023-06-08T08:45:44","guid":{"rendered":"https:\/\/progettotouring.it\/radiotouring104\/?p=27598"},"modified":"2023-06-08T10:45:44","modified_gmt":"2023-06-08T08:45:44","slug":"sbarco-nel-reggino-soccorsi-78-migranti-su-una-barca-a-vela","status":"publish","type":"post","link":"https:\/\/progettotouring.it\/radiotouring104\/2023\/06\/08\/sbarco-nel-reggino-soccorsi-78-migranti-su-una-barca-a-vela\/","title":{"rendered":"Sbarco nel Reggino, soccorsi 78 migranti su una barca a vela"},"content":{"rendered":"<p style=\"text-align: justify\"><strong>Settantotto migranti che erano a bordo di una barca a vela<\/strong> di circa 15 metri di lunghezza<strong> sono stati soccorsi in mare, nella notte<\/strong>, dopo che il loro natante si era incagliato, nel tentativo di raggiungere la spiaggia, in una secca di sabbia a circa 100 metri dalla riva <strong>a Brancaleone, in Calabria<\/strong>. I profughi sono stati raggiunti dai militari della Guardia Costiera di Roccella Ionica e della Guardia di Finanza e trasferiti sulla motovedetta CP 326 della Capitaneria di Porto che li ha condotti e condotti in sicurezza nel porto della cittadina della Locride. Tra le persone soccorse, di nazionalit\u00e0 afghana, pakistana e iraniana, figurano una ventina di donne, tra cui due in avanzato stato di gravidanza e due diabetiche e una quindicina di bambini, tra cui due neonati. Il natante con a bordo i 78 migranti sarebbe partito nella notte tra sabato e domenica scorsi dalle coste della Turchia. Dopo lo sbarco a Roccella, i profughi sono stati sottoposti ad una prima visita medica e successivamente, su disposizione della Prefettura di Reggio Calabria, momentaneamente sistemati, nello stesso scalo portuale reggino, nella tensostruttura gestita dai volontari della Croce Rossa, della Protezione Civile e da una equipe di Medici senza frontiere. Da luned\u00ec scorso a oggi nello scalo marittimo reggino si sono verificati gi\u00e0 tre arrivi di profughi di varie nazionalit\u00e0 per un totale di circa 250 persone. Con lo sbarco di oggi \u00e8 salito a 18 il numero degli approdi nel solo Porto di Roccella Ionica, nel 2023, per un totale di quasi 3 mila migranti.<\/p>\n","protected":false},"excerpt":{"rendered":"<p>Settantotto migranti che erano a bordo di una barca a vela di circa 15 metri di lunghezza sono stati soccorsi in mare, nella notte, dopo che il loro natante si&hellip;<\/p>\n","protected":false},"author":12,"featured_media":22364,"comment_status":"closed","ping_status":"open","sticky":false,"template":"","format":"standard","meta":{"_jetpack_memberships_contains_paid_content":false,"footnotes":"","jetpack_publicize_message":"","jetpack_publicize_feature_enabled":true,"jetpack_social_post_already_shared":false,"jetpack_social_options":{"image_generator_settings":{"template":"highway","default_image_id":0,"font":"","enabled":false},"version":2}},"categories":[921,196,140],"tags":[16675,16678,3961,2467,16674,657,16676,16677,9546,2685,2012],"class_list":["post-27598","post","type-post","status-publish","format-standard","has-post-thumbnail","hentry","category-home","category-news","category-reggio-calabria","tag-78-migranti-soccorsi","tag-barca-a-vela-di-15-metri","tag-brancaleone","tag-croce-rossa","tag-guardia-costiera-di-roccella-ionica-e-della-guardia","tag-medici-senza-frontiere","tag-motovedetta-cp-326-della-capitaneria-di-porto","tag-porto-di-locri","tag-prefettura-di-reggio-calabria","tag-protezione-civile","tag-roccella-jonica"],"yoast_head":"<!-- This site is optimized with the Yoast SEO plugin v27.2 - https:\/\/yoast.com\/product\/yoast-seo-wordpress\/ -->\n<title>Sbarco nel Reggino, soccorsi 78 migranti su una barca a vela<\/title>\n<meta name=\"description\" content=\"78 migranti a bordo di una barca a vela di 15 metri, soccorsi in mare, dopo che si era incagliato, a circa 100 metri dalla riva a Brancaleone\" \/>\n<meta name=\"robots\" content=\"index, follow, max-snippet:-1, max-image-preview:large, max-video-preview:-1\" \/>\n<link rel=\"canonical\" href=\"https:\/\/progettotouring.it\/radiotouring104\/2023\/06\/08\/sbarco-nel-reggino-soccorsi-78-migranti-su-una-barca-a-vela\/\" \/>\n<meta property=\"og:locale\" content=\"it_IT\" \/>\n<meta property=\"og:type\" content=\"article\" \/>\n<meta property=\"og:title\" content=\"Sbarco nel Reggino, soccorsi 78 migranti su una barca a vela\" \/>\n<meta property=\"og:description\" content=\"78 migranti a bordo di una barca a vela di 15 metri, soccorsi in mare, dopo che si era incagliato, a circa 100 metri dalla riva a Brancaleone\" \/>\n<meta property=\"og:url\" content=\"https:\/\/progettotouring.it\/radiotouring104\/2023\/06\/08\/sbarco-nel-reggino-soccorsi-78-migranti-su-una-barca-a-vela\/\" \/>\n<meta property=\"og:site_name\" content=\"Radio Touring 104\" \/>\n<meta property=\"article:published_time\" content=\"2023-06-08T08:45:44+00:00\" \/>\n<meta property=\"og:image\" content=\"https:\/\/progettotouring.it\/radiotouring104\/wp-content\/uploads\/sites\/6\/2023\/04\/Guardia-Costiera.jpg\" \/>\n\t<meta property=\"og:image:width\" content=\"600\" \/>\n\t<meta property=\"og:image:height\" content=\"400\" \/>\n\t<meta property=\"og:image:type\" content=\"image\/jpeg\" \/>\n<meta name=\"author\" content=\"Sebastiano Plutino\" \/>\n<meta name=\"twitter:card\" content=\"summary_large_image\" \/>\n<meta name=\"twitter:label1\" content=\"Scritto da\" \/>\n\t<meta name=\"twitter:data1\" content=\"Sebastiano Plutino\" \/>\n\t<meta name=\"twitter:label2\" content=\"Tempo di lettura stimato\" \/>\n\t<meta name=\"twitter:data2\" content=\"1 minuto\" \/>\n<script type=\"application\/ld+json\" class=\"yoast-schema-graph\">{\"@context\":\"https:\/\/schema.org\",\"@graph\":[{\"@type\":\"Article\",\"@id\":\"https:\/\/progettotouring.it\/radiotouring104\/2023\/06\/08\/sbarco-nel-reggino-soccorsi-78-migranti-su-una-barca-a-vela\/#article\",\"isPartOf\":{\"@id\":\"https:\/\/progettotouring.it\/radiotouring104\/2023\/06\/08\/sbarco-nel-reggino-soccorsi-78-migranti-su-una-barca-a-vela\/\"},\"author\":{\"name\":\"Sebastiano Plutino\",\"@id\":\"https:\/\/progettotouring.it\/radiotouring104\/#\/schema\/person\/78613917f1851f041f7483f5af1d422e\"},\"headline\":\"Sbarco nel Reggino, soccorsi 78 migranti su una barca a vela\",\"datePublished\":\"2023-06-08T08:45:44+00:00\",\"mainEntityOfPage\":{\"@id\":\"https:\/\/progettotouring.it\/radiotouring104\/2023\/06\/08\/sbarco-nel-reggino-soccorsi-78-migranti-su-una-barca-a-vela\/\"},\"wordCount\":258,\"publisher\":{\"@id\":\"https:\/\/progettotouring.it\/radiotouring104\/#organization\"},\"image\":{\"@id\":\"https:\/\/progettotouring.it\/radiotouring104\/2023\/06\/08\/sbarco-nel-reggino-soccorsi-78-migranti-su-una-barca-a-vela\/#primaryimage\"},\"thumbnailUrl\":\"https:\/\/progettotouring.it\/radiotouring104\/wp-content\/uploads\/sites\/6\/2023\/04\/Guardia-Costiera.jpg\",\"keywords\":[\"78 migranti soccorsi\",\"barca a vela di 15 metri\",\"brancaleone\",\"Croce Rossa\",\"Guardia Costiera di Roccella Ionica e della Guardia\",\"Medici Senza Frontiere\",\"motovedetta CP 326 della Capitaneria di Porto\",\"Porto di Locri\",\"Prefettura di Reggio Calabria\",\"protezione civile\",\"roccella jonica\"],\"articleSection\":[\"Home\",\"News\",\"Reggio Calabria\"],\"inLanguage\":\"it-IT\"},{\"@type\":\"WebPage\",\"@id\":\"https:\/\/progettotouring.it\/radiotouring104\/2023\/06\/08\/sbarco-nel-reggino-soccorsi-78-migranti-su-una-barca-a-vela\/\",\"url\":\"https:\/\/progettotouring.it\/radiotouring104\/2023\/06\/08\/sbarco-nel-reggino-soccorsi-78-migranti-su-una-barca-a-vela\/\",\"name\":\"Sbarco nel Reggino, soccorsi 78 migranti su una barca a vela\",\"isPartOf\":{\"@id\":\"https:\/\/progettotouring.it\/radiotouring104\/#website\"},\"primaryImageOfPage\":{\"@id\":\"https:\/\/progettotouring.it\/radiotouring104\/2023\/06\/08\/sbarco-nel-reggino-soccorsi-78-migranti-su-una-barca-a-vela\/#primaryimage\"},\"image\":{\"@id\":\"https:\/\/progettotouring.it\/radiotouring104\/2023\/06\/08\/sbarco-nel-reggino-soccorsi-78-migranti-su-una-barca-a-vela\/#primaryimage\"},\"thumbnailUrl\":\"https:\/\/progettotouring.it\/radiotouring104\/wp-content\/uploads\/sites\/6\/2023\/04\/Guardia-Costiera.jpg\",\"datePublished\":\"2023-06-08T08:45:44+00:00\",\"description\":\"78 migranti a bordo di una barca a vela di 15 metri, soccorsi in mare, dopo che si era incagliato, a circa 100 metri dalla riva a Brancaleone\",\"breadcrumb\":{\"@id\":\"https:\/\/progettotouring.it\/radiotouring104\/2023\/06\/08\/sbarco-nel-reggino-soccorsi-78-migranti-su-una-barca-a-vela\/#breadcrumb\"},\"inLanguage\":\"it-IT\",\"potentialAction\":[{\"@type\":\"ReadAction\",\"target\":[\"https:\/\/progettotouring.it\/radiotouring104\/2023\/06\/08\/sbarco-nel-reggino-soccorsi-78-migranti-su-una-barca-a-vela\/\"]}]},{\"@type\":\"ImageObject\",\"inLanguage\":\"it-IT\",\"@id\":\"https:\/\/progettotouring.it\/radiotouring104\/2023\/06\/08\/sbarco-nel-reggino-soccorsi-78-migranti-su-una-barca-a-vela\/#primaryimage\",\"url\":\"https:\/\/progettotouring.it\/radiotouring104\/wp-content\/uploads\/sites\/6\/2023\/04\/Guardia-Costiera.jpg\",\"contentUrl\":\"https:\/\/progettotouring.it\/radiotouring104\/wp-content\/uploads\/sites\/6\/2023\/04\/Guardia-Costiera.jpg\",\"width\":600,\"height\":400},{\"@type\":\"BreadcrumbList\",\"@id\":\"https:\/\/progettotouring.it\/radiotouring104\/2023\/06\/08\/sbarco-nel-reggino-soccorsi-78-migranti-su-una-barca-a-vela\/#breadcrumb\",\"itemListElement\":[{\"@type\":\"ListItem\",\"position\":1,\"name\":\"Home\",\"item\":\"https:\/\/progettotouring.it\/radiotouring104\/\"},{\"@type\":\"ListItem\",\"position\":2,\"name\":\"Sbarco nel Reggino, soccorsi 78 migranti su una barca a vela\"}]},{\"@type\":\"WebSite\",\"@id\":\"https:\/\/progettotouring.it\/radiotouring104\/#website\",\"url\":\"https:\/\/progettotouring.it\/radiotouring104\/\",\"name\":\"Radio Touring 104\",\"description\":\"La prima radio Reggina\",\"publisher\":{\"@id\":\"https:\/\/progettotouring.it\/radiotouring104\/#organization\"},\"potentialAction\":[{\"@type\":\"SearchAction\",\"target\":{\"@type\":\"EntryPoint\",\"urlTemplate\":\"https:\/\/progettotouring.it\/radiotouring104\/?s={search_term_string}\"},\"query-input\":{\"@type\":\"PropertyValueSpecification\",\"valueRequired\":true,\"valueName\":\"search_term_string\"}}],\"inLanguage\":\"it-IT\"},{\"@type\":\"Organization\",\"@id\":\"https:\/\/progettotouring.it\/radiotouring104\/#organization\",\"name\":\"Radio Touring 104\",\"url\":\"https:\/\/progettotouring.it\/radiotouring104\/\",\"logo\":{\"@type\":\"ImageObject\",\"inLanguage\":\"it-IT\",\"@id\":\"https:\/\/progettotouring.it\/radiotouring104\/#\/schema\/logo\/image\/\",\"url\":\"https:\/\/progettotouring.it\/radiotouring104\/wp-content\/uploads\/sites\/6\/2022\/02\/cropped-logo-radio-touring-104.png\",\"contentUrl\":\"https:\/\/progettotouring.it\/radiotouring104\/wp-content\/uploads\/sites\/6\/2022\/02\/cropped-logo-radio-touring-104.png\",\"width\":377,\"height\":182,\"caption\":\"Radio Touring 104\"},\"image\":{\"@id\":\"https:\/\/progettotouring.it\/radiotouring104\/#\/schema\/logo\/image\/\"}},{\"@type\":\"Person\",\"@id\":\"https:\/\/progettotouring.it\/radiotouring104\/#\/schema\/person\/78613917f1851f041f7483f5af1d422e\",\"name\":\"Sebastiano Plutino\",\"image\":{\"@type\":\"ImageObject\",\"inLanguage\":\"it-IT\",\"@id\":\"https:\/\/secure.gravatar.com\/avatar\/0546ffaa9b79224faf9f2a156b67a529ae861d3287c66c1d8ccfdf909bcba78d?s=96&d=mm&r=g\",\"url\":\"https:\/\/secure.gravatar.com\/avatar\/0546ffaa9b79224faf9f2a156b67a529ae861d3287c66c1d8ccfdf909bcba78d?s=96&d=mm&r=g\",\"contentUrl\":\"https:\/\/secure.gravatar.com\/avatar\/0546ffaa9b79224faf9f2a156b67a529ae861d3287c66c1d8ccfdf909bcba78d?s=96&d=mm&r=g\",\"caption\":\"Sebastiano Plutino\"},\"url\":\"https:\/\/progettotouring.it\/radiotouring104\/author\/sebastiano\/\"}]}<\/script>\n<!-- \/ Yoast SEO plugin. -->","yoast_head_json":{"title":"Sbarco nel Reggino, soccorsi 78 migranti su una barca a vela","description":"78 migranti a bordo di una barca a vela di 15 metri, soccorsi in mare, dopo che si era incagliato, a circa 100 metri dalla riva a Brancaleone","robots":{"index":"index","follow":"follow","max-snippet":"max-snippet:-1","max-image-preview":"max-image-preview:large","max-video-preview":"max-video-preview:-1"},"canonical":"https:\/\/progettotouring.it\/radiotouring104\/2023\/06\/08\/sbarco-nel-reggino-soccorsi-78-migranti-su-una-barca-a-vela\/","og_locale":"it_IT","og_type":"article","og_title":"Sbarco nel Reggino, soccorsi 78 migranti su una barca a vela","og_description":"78 migranti a bordo di una barca a vela di 15 metri, soccorsi in mare, dopo che si era incagliato, a circa 100 metri dalla riva a Brancaleone","og_url":"https:\/\/progettotouring.it\/radiotouring104\/2023\/06\/08\/sbarco-nel-reggino-soccorsi-78-migranti-su-una-barca-a-vela\/","og_site_name":"Radio Touring 104","article_published_time":"2023-06-08T08:45:44+00:00","og_image":[{"width":600,"height":400,"url":"https:\/\/progettotouring.it\/radiotouring104\/wp-content\/uploads\/sites\/6\/2023\/04\/Guardia-Costiera.jpg","type":"image\/jpeg"}],"author":"Sebastiano Plutino","twitter_card":"summary_large_image","twitter_misc":{"Scritto da":"Sebastiano Plutino","Tempo di lettura stimato":"1 minuto"},"schema":{"@context":"https:\/\/schema.org","@graph":[{"@type":"Article","@id":"https:\/\/progettotouring.it\/radiotouring104\/2023\/06\/08\/sbarco-nel-reggino-soccorsi-78-migranti-su-una-barca-a-vela\/#article","isPartOf":{"@id":"https:\/\/progettotouring.it\/radiotouring104\/2023\/06\/08\/sbarco-nel-reggino-soccorsi-78-migranti-su-una-barca-a-vela\/"},"author":{"name":"Sebastiano Plutino","@id":"https:\/\/progettotouring.it\/radiotouring104\/#\/schema\/person\/78613917f1851f041f7483f5af1d422e"},"headline":"Sbarco nel Reggino, soccorsi 78 migranti su una barca a vela","datePublished":"2023-06-08T08:45:44+00:00","mainEntityOfPage":{"@id":"https:\/\/progettotouring.it\/radiotouring104\/2023\/06\/08\/sbarco-nel-reggino-soccorsi-78-migranti-su-una-barca-a-vela\/"},"wordCount":258,"publisher":{"@id":"https:\/\/progettotouring.it\/radiotouring104\/#organization"},"image":{"@id":"https:\/\/progettotouring.it\/radiotouring104\/2023\/06\/08\/sbarco-nel-reggino-soccorsi-78-migranti-su-una-barca-a-vela\/#primaryimage"},"thumbnailUrl":"https:\/\/progettotouring.it\/radiotouring104\/wp-content\/uploads\/sites\/6\/2023\/04\/Guardia-Costiera.jpg","keywords":["78 migranti soccorsi","barca a vela di 15 metri","brancaleone","Croce Rossa","Guardia Costiera di Roccella Ionica e della Guardia","Medici Senza Frontiere","motovedetta CP 326 della Capitaneria di Porto","Porto di Locri","Prefettura di Reggio Calabria","protezione civile","roccella jonica"],"articleSection":["Home","News","Reggio Calabria"],"inLanguage":"it-IT"},{"@type":"WebPage","@id":"https:\/\/progettotouring.it\/radiotouring104\/2023\/06\/08\/sbarco-nel-reggino-soccorsi-78-migranti-su-una-barca-a-vela\/","url":"https:\/\/progettotouring.it\/radiotouring104\/2023\/06\/08\/sbarco-nel-reggino-soccorsi-78-migranti-su-una-barca-a-vela\/","name":"Sbarco nel Reggino, soccorsi 78 migranti su una barca a vela","isPartOf":{"@id":"https:\/\/progettotouring.it\/radiotouring104\/#website"},"primaryImageOfPage":{"@id":"https:\/\/progettotouring.it\/radiotouring104\/2023\/06\/08\/sbarco-nel-reggino-soccorsi-78-migranti-su-una-barca-a-vela\/#primaryimage"},"image":{"@id":"https:\/\/progettotouring.it\/radiotouring104\/2023\/06\/08\/sbarco-nel-reggino-soccorsi-78-migranti-su-una-barca-a-vela\/#primaryimage"},"thumbnailUrl":"https:\/\/progettotouring.it\/radiotouring104\/wp-content\/uploads\/sites\/6\/2023\/04\/Guardia-Costiera.jpg","datePublished":"2023-06-08T08:45:44+00:00","description":"78 migranti a bordo di una barca a vela di 15 metri, soccorsi in mare, dopo che si era incagliato, a circa 100 metri dalla riva a Brancaleone","breadcrumb":{"@id":"https:\/\/progettotouring.it\/radiotouring104\/2023\/06\/08\/sbarco-nel-reggino-soccorsi-78-migranti-su-una-barca-a-vela\/#breadcrumb"},"inLanguage":"it-IT","potentialAction":[{"@type":"ReadAction","target":["https:\/\/progettotouring.it\/radiotouring104\/2023\/06\/08\/sbarco-nel-reggino-soccorsi-78-migranti-su-una-barca-a-vela\/"]}]},{"@type":"ImageObject","inLanguage":"it-IT","@id":"https:\/\/progettotouring.it\/radiotouring104\/2023\/06\/08\/sbarco-nel-reggino-soccorsi-78-migranti-su-una-barca-a-vela\/#primaryimage","url":"https:\/\/progettotouring.it\/radiotouring104\/wp-content\/uploads\/sites\/6\/2023\/04\/Guardia-Costiera.jpg","contentUrl":"https:\/\/progettotouring.it\/radiotouring104\/wp-content\/uploads\/sites\/6\/2023\/04\/Guardia-Costiera.jpg","width":600,"height":400},{"@type":"BreadcrumbList","@id":"https:\/\/progettotouring.it\/radiotouring104\/2023\/06\/08\/sbarco-nel-reggino-soccorsi-78-migranti-su-una-barca-a-vela\/#breadcrumb","itemListElement":[{"@type":"ListItem","position":1,"name":"Home","item":"https:\/\/progettotouring.it\/radiotouring104\/"},{"@type":"ListItem","position":2,"name":"Sbarco nel Reggino, soccorsi 78 migranti su una barca a vela"}]},{"@type":"WebSite","@id":"https:\/\/progettotouring.it\/radiotouring104\/#website","url":"https:\/\/progettotouring.it\/radiotouring104\/","name":"Radio Touring 104","description":"La prima radio Reggina","publisher":{"@id":"https:\/\/progettotouring.it\/radiotouring104\/#organization"},"potentialAction":[{"@type":"SearchAction","target":{"@type":"EntryPoint","urlTemplate":"https:\/\/progettotouring.it\/radiotouring104\/?s={search_term_string}"},"query-input":{"@type":"PropertyValueSpecification","valueRequired":true,"valueName":"search_term_string"}}],"inLanguage":"it-IT"},{"@type":"Organization","@id":"https:\/\/progettotouring.it\/radiotouring104\/#organization","name":"Radio Touring 104","url":"https:\/\/progettotouring.it\/radiotouring104\/","logo":{"@type":"ImageObject","inLanguage":"it-IT","@id":"https:\/\/progettotouring.it\/radiotouring104\/#\/schema\/logo\/image\/","url":"https:\/\/progettotouring.it\/radiotouring104\/wp-content\/uploads\/sites\/6\/2022\/02\/cropped-logo-radio-touring-104.png","contentUrl":"https:\/\/progettotouring.it\/radiotouring104\/wp-content\/uploads\/sites\/6\/2022\/02\/cropped-logo-radio-touring-104.png","width":377,"height":182,"caption":"Radio Touring 104"},"image":{"@id":"https:\/\/progettotouring.it\/radiotouring104\/#\/schema\/logo\/image\/"}},{"@type":"Person","@id":"https:\/\/progettotouring.it\/radiotouring104\/#\/schema\/person\/78613917f1851f041f7483f5af1d422e","name":"Sebastiano Plutino","image":{"@type":"ImageObject","inLanguage":"it-IT","@id":"https:\/\/secure.gravatar.com\/avatar\/0546ffaa9b79224faf9f2a156b67a529ae861d3287c66c1d8ccfdf909bcba78d?s=96&d=mm&r=g","url":"https:\/\/secure.gravatar.com\/avatar\/0546ffaa9b79224faf9f2a156b67a529ae861d3287c66c1d8ccfdf909bcba78d?s=96&d=mm&r=g","contentUrl":"https:\/\/secure.gravatar.com\/avatar\/0546ffaa9b79224faf9f2a156b67a529ae861d3287c66c1d8ccfdf909bcba78d?s=96&d=mm&r=g","caption":"Sebastiano Plutino"},"url":"https:\/\/progettotouring.it\/radiotouring104\/author\/sebastiano\/"}]}},"jetpack_publicize_connections":[],"jetpack_featured_media_url":"https:\/\/progettotouring.it\/radiotouring104\/wp-content\/uploads\/sites\/6\/2023\/04\/Guardia-Costiera.jpg","jetpack_sharing_enabled":true,"_links":{"self":[{"href":"https:\/\/progettotouring.it\/radiotouring104\/wp-json\/wp\/v2\/posts\/27598","targetHints":{"allow":["GET"]}}],"collection":[{"href":"https:\/\/progettotouring.it\/radiotouring104\/wp-json\/wp\/v2\/posts"}],"about":[{"href":"https:\/\/progettotouring.it\/radiotouring104\/wp-json\/wp\/v2\/types\/post"}],"author":[{"embeddable":true,"href":"https:\/\/progettotouring.it\/radiotouring104\/wp-json\/wp\/v2\/users\/12"}],"replies":[{"embeddable":true,"href":"https:\/\/progettotouring.it\/radiotouring104\/wp-json\/wp\/v2\/comments?post=27598"}],"version-history":[{"count":1,"href":"https:\/\/progettotouring.it\/radiotouring104\/wp-json\/wp\/v2\/posts\/27598\/revisions"}],"predecessor-version":[{"id":27599,"href":"https:\/\/progettotouring.it\/radiotouring104\/wp-json\/wp\/v2\/posts\/27598\/revisions\/27599"}],"wp:featuredmedia":[{"embeddable":true,"href":"https:\/\/progettotouring.it\/radiotouring104\/wp-json\/wp\/v2\/media\/22364"}],"wp:attachment":[{"href":"https:\/\/progettotouring.it\/radiotouring104\/wp-json\/wp\/v2\/media?parent=27598"}],"wp:term":[{"taxonomy":"category","embeddable":true,"href":"https:\/\/progettotouring.it\/radiotouring104\/wp-json\/wp\/v2\/categories?post=27598"},{"taxonomy":"post_tag","embeddable":true,"href":"https:\/\/progettotouring.it\/radiotouring104\/wp-json\/wp\/v2\/tags?post=27598"}],"curies":[{"name":"wp","href":"https:\/\/api.w.org\/{rel}","templated":true}]}}