{"id":27644,"date":"2023-06-08T10:53:22","date_gmt":"2023-06-08T08:53:22","guid":{"rendered":"https:\/\/progettotouring.it\/radiotouring104\/?p=27644"},"modified":"2023-06-08T14:36:19","modified_gmt":"2023-06-08T12:36:19","slug":"lamezia-terme-anna-maria-stanganelli-visita-lospedale-giovanni-paolo-ii","status":"publish","type":"post","link":"https:\/\/progettotouring.it\/radiotouring104\/2023\/06\/08\/lamezia-terme-anna-maria-stanganelli-visita-lospedale-giovanni-paolo-ii\/","title":{"rendered":"Lamezia Terme: Anna Maria Stanganelli visita l&#8217;Ospedale Giovanni Paolo II"},"content":{"rendered":"<p style=\"text-align: justify\">Sopralluogo del Garante della Salute della Regione Calabria, Anna Maria Stanganelli, ieri mattina all\u2019 <strong>Ospedale Giovanni Paolo II<\/strong> di <strong>Lamezia Terme<\/strong>, a seguito delle segnalazioni pervenute nei giorni scorsi da comitati e cittadini del territorio che lamentavano alcune criticit\u00e0 e disservizi.<\/p>\n<p style=\"text-align: justify\">La visita \u00e8 stata preceduta da un tavolo di lavoro all\u2019interno dello stesso nosocomio con il Commissario Straordinario dell\u2019 Asp di Catanzaro, <strong>Generale Antonio Battistini<\/strong>, il Direttore Sanitario del Presidio, Dott. Antonio Gallucci ed altri dirigenti medici per focalizzare l\u2019attenzione sulle problematiche ma anche sui tanti punti di forza del presidio; nel corso del confronto il Commissario ha illustrato le linee guida\u00a0\u00a0su cui impronter\u00e0 il proprio agire per ottimizzare i servizi e dare risposte adeguate all\u2019utenza. A margine della riunione la Garante e il Commissario hanno anche incontrato i rappresentanti di alcuni comitati, ascoltando le loro istanze con l\u2019impegno a istituire un tavolo periodico di confronto. La Garante ha poi visitato, accompagnata dal Direttore Sanitario Gallucci i vari reparti del Presidio Ospedaliero. Il sopralluogo \u00e8 iniziato dal CUP e dal Pronto Soccorso, dove \u00e8 stata constatata un\u2019alta affluenza gestita comunque in modo ottimale dal personale medico e infermieristico che con abnegazione e spirito di servizio riesce a gestire le emergenze. Si \u00e8 poi proseguito con la visita dei reparti di Pediatria, guidato dalla Dott.ssa Mimma Caloiero, Capo del Dipartimento materno infantile dell\u2019azienda, dove \u00e8 stato verificato il grande lavoro del reparto, di Cardiologia con annessa UTIC, soffermandosi con il Direttore Dott. Roberto Ceravolo, che ha sottolineato l\u2019importanza di promuovere\u00a0\u00a0all\u2019esterno esempi virtuosi di buona sanit\u00e0 e infine di Medicina, diretta dal Dott. <strong>Gerardo Mancuso<\/strong>, in grado di assicurare la presa in carico di pazienti affetti da varie patologie.\u00a0\u00a0Successivamente, assieme all\u2019impresa che sta eseguendo i lavori, \u00e8 stato effettuato un sopralluogo nei locali dove verr\u00e0 collocata la TAC adiacente al <strong>Pronto Soccorso<\/strong> e proseguendo verso l\u2019esterno della struttura \u00e8 stata fatta una ricognizione della pista di atterraggio dell\u2019Elisoccorso e degli spazi verdi. A tal proposito la Garante ha rilevato alcune criticit\u00e0 che presto sottoporr\u00e0 all\u2019attenzione del Sindaco di Lamezia Terme, Paolo Mascaro.<\/p>\n<p style=\"text-align: justify\"><em>\u201cRitengo fondamentale verificare personalmente le criticit\u00e0 che vengono rappresentate all\u2019 Ufficio del Garante <\/em>&#8211; ha evidenziato Anna Maria Stanganelli &#8211; <em>che ho sottoposto punto per punto al Commissario e alla Direzione Sanitaria. Da parte loro il Commissario e il <strong>Dott. Gallucci,<\/strong> hanno dimostrato sensibilit\u00e0 e attenzione prendendo in carico le legittime istanze dei cittadini. Ho potuto altres\u00ec constatare una realt\u00e0 con grandi potenzialit\u00e0 e grandi eccellenze che lavorando sulla strada intrapresa potr\u00e0 fornire al cittadino le risposte che merita.\u201d <\/em><em>\u201c\u00c8 necessario operare in sinergia &#8211;<\/em> ha concluso la Garante-<em> istituzioni, medici, associazioni e cittadini, nella stessa direzione, per rispondere in modo efficace ed efficiente ai bisogni dell\u2019utenza.\u201d<\/em><\/p>\n","protected":false},"excerpt":{"rendered":"<p>Sopralluogo del Garante della Salute della Regione Calabria, Anna Maria Stanganelli, ieri mattina all\u2019 Ospedale Giovanni Paolo II di Lamezia Terme, a seguito delle segnalazioni pervenute nei giorni scorsi da&hellip;<\/p>\n","protected":false},"author":8,"featured_media":13151,"comment_status":"closed","ping_status":"open","sticky":false,"template":"","format":"standard","meta":{"_jetpack_memberships_contains_paid_content":false,"footnotes":"","jetpack_publicize_message":"","jetpack_publicize_feature_enabled":true,"jetpack_social_post_already_shared":false,"jetpack_social_options":{"image_generator_settings":{"template":"highway","default_image_id":0,"font":"","enabled":false},"version":2}},"categories":[142,921,196],"tags":[6679,1705,16759],"class_list":["post-27644","post","type-post","status-publish","format-standard","has-post-thumbnail","hentry","category-calabria","category-home","category-news","tag-anna-maria-stanganelli","tag-lamezia-terme","tag-ospedale-giovanni-paolo-ii"],"yoast_head":"<!-- This site is optimized with the Yoast SEO plugin v27.2 - https:\/\/yoast.com\/product\/yoast-seo-wordpress\/ -->\n<title>Lamezia Terme: Anna Maria Stanganelli visita l&#039;Ospedale Giovanni Paolo II - Radio Touring 104<\/title>\n<meta name=\"description\" content=\"Anna Maria Stanganelli, Garante della Salute della Regione Calabria, ha visitato l\u2019Ospedale Giovanni Paolo II di Lamezia Terme\" \/>\n<meta name=\"robots\" content=\"index, follow, max-snippet:-1, max-image-preview:large, max-video-preview:-1\" \/>\n<link rel=\"canonical\" href=\"https:\/\/progettotouring.it\/radiotouring104\/2023\/06\/08\/lamezia-terme-anna-maria-stanganelli-visita-lospedale-giovanni-paolo-ii\/\" \/>\n<meta property=\"og:locale\" content=\"it_IT\" \/>\n<meta property=\"og:type\" content=\"article\" \/>\n<meta property=\"og:title\" content=\"Lamezia Terme: Anna Maria Stanganelli visita l&#039;Ospedale Giovanni Paolo II - Radio Touring 104\" \/>\n<meta property=\"og:description\" content=\"Anna Maria Stanganelli, Garante della Salute della Regione Calabria, ha visitato l\u2019Ospedale Giovanni Paolo II di Lamezia Terme\" \/>\n<meta property=\"og:url\" content=\"https:\/\/progettotouring.it\/radiotouring104\/2023\/06\/08\/lamezia-terme-anna-maria-stanganelli-visita-lospedale-giovanni-paolo-ii\/\" \/>\n<meta property=\"og:site_name\" content=\"Radio Touring 104\" \/>\n<meta property=\"article:published_time\" content=\"2023-06-08T08:53:22+00:00\" \/>\n<meta property=\"article:modified_time\" content=\"2023-06-08T12:36:19+00:00\" \/>\n<meta property=\"og:image\" content=\"https:\/\/progettotouring.it\/radiotouring104\/wp-content\/uploads\/sites\/6\/2022\/11\/Anna-Maria-Stanganelli.jpeg\" \/>\n\t<meta property=\"og:image:width\" content=\"951\" \/>\n\t<meta property=\"og:image:height\" content=\"723\" \/>\n\t<meta property=\"og:image:type\" content=\"image\/jpeg\" \/>\n<meta name=\"author\" content=\"Filippo Francesco Idone\" \/>\n<meta name=\"twitter:card\" content=\"summary_large_image\" \/>\n<meta name=\"twitter:label1\" content=\"Scritto da\" \/>\n\t<meta name=\"twitter:data1\" content=\"Filippo Francesco Idone\" \/>\n\t<meta name=\"twitter:label2\" content=\"Tempo di lettura stimato\" \/>\n\t<meta name=\"twitter:data2\" content=\"2 minuti\" \/>\n<script type=\"application\/ld+json\" class=\"yoast-schema-graph\">{\"@context\":\"https:\/\/schema.org\",\"@graph\":[{\"@type\":\"Article\",\"@id\":\"https:\/\/progettotouring.it\/radiotouring104\/2023\/06\/08\/lamezia-terme-anna-maria-stanganelli-visita-lospedale-giovanni-paolo-ii\/#article\",\"isPartOf\":{\"@id\":\"https:\/\/progettotouring.it\/radiotouring104\/2023\/06\/08\/lamezia-terme-anna-maria-stanganelli-visita-lospedale-giovanni-paolo-ii\/\"},\"author\":{\"name\":\"Filippo Francesco Idone\",\"@id\":\"https:\/\/progettotouring.it\/radiotouring104\/#\/schema\/person\/4a82259ca52ac8702ad1a8f9e5a3120b\"},\"headline\":\"Lamezia Terme: Anna Maria Stanganelli visita l&#8217;Ospedale Giovanni Paolo II\",\"datePublished\":\"2023-06-08T08:53:22+00:00\",\"dateModified\":\"2023-06-08T12:36:19+00:00\",\"mainEntityOfPage\":{\"@id\":\"https:\/\/progettotouring.it\/radiotouring104\/2023\/06\/08\/lamezia-terme-anna-maria-stanganelli-visita-lospedale-giovanni-paolo-ii\/\"},\"wordCount\":467,\"publisher\":{\"@id\":\"https:\/\/progettotouring.it\/radiotouring104\/#organization\"},\"image\":{\"@id\":\"https:\/\/progettotouring.it\/radiotouring104\/2023\/06\/08\/lamezia-terme-anna-maria-stanganelli-visita-lospedale-giovanni-paolo-ii\/#primaryimage\"},\"thumbnailUrl\":\"https:\/\/progettotouring.it\/radiotouring104\/wp-content\/uploads\/sites\/6\/2022\/11\/Anna-Maria-Stanganelli.jpeg\",\"keywords\":[\"Anna Maria Stanganelli\",\"Lamezia Terme\",\"Ospedale Giovanni Paolo II\"],\"articleSection\":[\"Calabria\",\"Home\",\"News\"],\"inLanguage\":\"it-IT\"},{\"@type\":\"WebPage\",\"@id\":\"https:\/\/progettotouring.it\/radiotouring104\/2023\/06\/08\/lamezia-terme-anna-maria-stanganelli-visita-lospedale-giovanni-paolo-ii\/\",\"url\":\"https:\/\/progettotouring.it\/radiotouring104\/2023\/06\/08\/lamezia-terme-anna-maria-stanganelli-visita-lospedale-giovanni-paolo-ii\/\",\"name\":\"Lamezia Terme: Anna Maria Stanganelli visita l'Ospedale Giovanni Paolo II - Radio Touring 104\",\"isPartOf\":{\"@id\":\"https:\/\/progettotouring.it\/radiotouring104\/#website\"},\"primaryImageOfPage\":{\"@id\":\"https:\/\/progettotouring.it\/radiotouring104\/2023\/06\/08\/lamezia-terme-anna-maria-stanganelli-visita-lospedale-giovanni-paolo-ii\/#primaryimage\"},\"image\":{\"@id\":\"https:\/\/progettotouring.it\/radiotouring104\/2023\/06\/08\/lamezia-terme-anna-maria-stanganelli-visita-lospedale-giovanni-paolo-ii\/#primaryimage\"},\"thumbnailUrl\":\"https:\/\/progettotouring.it\/radiotouring104\/wp-content\/uploads\/sites\/6\/2022\/11\/Anna-Maria-Stanganelli.jpeg\",\"datePublished\":\"2023-06-08T08:53:22+00:00\",\"dateModified\":\"2023-06-08T12:36:19+00:00\",\"description\":\"Anna Maria Stanganelli, Garante della Salute della Regione Calabria, ha visitato l\u2019Ospedale Giovanni Paolo II di Lamezia Terme\",\"breadcrumb\":{\"@id\":\"https:\/\/progettotouring.it\/radiotouring104\/2023\/06\/08\/lamezia-terme-anna-maria-stanganelli-visita-lospedale-giovanni-paolo-ii\/#breadcrumb\"},\"inLanguage\":\"it-IT\",\"potentialAction\":[{\"@type\":\"ReadAction\",\"target\":[\"https:\/\/progettotouring.it\/radiotouring104\/2023\/06\/08\/lamezia-terme-anna-maria-stanganelli-visita-lospedale-giovanni-paolo-ii\/\"]}]},{\"@type\":\"ImageObject\",\"inLanguage\":\"it-IT\",\"@id\":\"https:\/\/progettotouring.it\/radiotouring104\/2023\/06\/08\/lamezia-terme-anna-maria-stanganelli-visita-lospedale-giovanni-paolo-ii\/#primaryimage\",\"url\":\"https:\/\/progettotouring.it\/radiotouring104\/wp-content\/uploads\/sites\/6\/2022\/11\/Anna-Maria-Stanganelli.jpeg\",\"contentUrl\":\"https:\/\/progettotouring.it\/radiotouring104\/wp-content\/uploads\/sites\/6\/2022\/11\/Anna-Maria-Stanganelli.jpeg\",\"width\":951,\"height\":723},{\"@type\":\"BreadcrumbList\",\"@id\":\"https:\/\/progettotouring.it\/radiotouring104\/2023\/06\/08\/lamezia-terme-anna-maria-stanganelli-visita-lospedale-giovanni-paolo-ii\/#breadcrumb\",\"itemListElement\":[{\"@type\":\"ListItem\",\"position\":1,\"name\":\"Home\",\"item\":\"https:\/\/progettotouring.it\/radiotouring104\/\"},{\"@type\":\"ListItem\",\"position\":2,\"name\":\"Lamezia Terme: Anna Maria Stanganelli visita l&#8217;Ospedale Giovanni Paolo II\"}]},{\"@type\":\"WebSite\",\"@id\":\"https:\/\/progettotouring.it\/radiotouring104\/#website\",\"url\":\"https:\/\/progettotouring.it\/radiotouring104\/\",\"name\":\"Radio Touring 104\",\"description\":\"La prima radio Reggina\",\"publisher\":{\"@id\":\"https:\/\/progettotouring.it\/radiotouring104\/#organization\"},\"potentialAction\":[{\"@type\":\"SearchAction\",\"target\":{\"@type\":\"EntryPoint\",\"urlTemplate\":\"https:\/\/progettotouring.it\/radiotouring104\/?s={search_term_string}\"},\"query-input\":{\"@type\":\"PropertyValueSpecification\",\"valueRequired\":true,\"valueName\":\"search_term_string\"}}],\"inLanguage\":\"it-IT\"},{\"@type\":\"Organization\",\"@id\":\"https:\/\/progettotouring.it\/radiotouring104\/#organization\",\"name\":\"Radio Touring 104\",\"url\":\"https:\/\/progettotouring.it\/radiotouring104\/\",\"logo\":{\"@type\":\"ImageObject\",\"inLanguage\":\"it-IT\",\"@id\":\"https:\/\/progettotouring.it\/radiotouring104\/#\/schema\/logo\/image\/\",\"url\":\"https:\/\/progettotouring.it\/radiotouring104\/wp-content\/uploads\/sites\/6\/2022\/02\/cropped-logo-radio-touring-104.png\",\"contentUrl\":\"https:\/\/progettotouring.it\/radiotouring104\/wp-content\/uploads\/sites\/6\/2022\/02\/cropped-logo-radio-touring-104.png\",\"width\":377,\"height\":182,\"caption\":\"Radio Touring 104\"},\"image\":{\"@id\":\"https:\/\/progettotouring.it\/radiotouring104\/#\/schema\/logo\/image\/\"}},{\"@type\":\"Person\",\"@id\":\"https:\/\/progettotouring.it\/radiotouring104\/#\/schema\/person\/4a82259ca52ac8702ad1a8f9e5a3120b\",\"name\":\"Filippo Francesco Idone\",\"image\":{\"@type\":\"ImageObject\",\"inLanguage\":\"it-IT\",\"@id\":\"https:\/\/secure.gravatar.com\/avatar\/7268715d2366395c3dd314385670e6484117d44f5c442e61e230f7008b7b62d3?s=96&d=mm&r=g\",\"url\":\"https:\/\/secure.gravatar.com\/avatar\/7268715d2366395c3dd314385670e6484117d44f5c442e61e230f7008b7b62d3?s=96&d=mm&r=g\",\"contentUrl\":\"https:\/\/secure.gravatar.com\/avatar\/7268715d2366395c3dd314385670e6484117d44f5c442e61e230f7008b7b62d3?s=96&d=mm&r=g\",\"caption\":\"Filippo Francesco Idone\"},\"url\":\"https:\/\/progettotouring.it\/radiotouring104\/author\/filippoidone\/\"}]}<\/script>\n<!-- \/ Yoast SEO plugin. -->","yoast_head_json":{"title":"Lamezia Terme: Anna Maria Stanganelli visita l'Ospedale Giovanni Paolo II - Radio Touring 104","description":"Anna Maria Stanganelli, Garante della Salute della Regione Calabria, ha visitato l\u2019Ospedale Giovanni Paolo II di Lamezia Terme","robots":{"index":"index","follow":"follow","max-snippet":"max-snippet:-1","max-image-preview":"max-image-preview:large","max-video-preview":"max-video-preview:-1"},"canonical":"https:\/\/progettotouring.it\/radiotouring104\/2023\/06\/08\/lamezia-terme-anna-maria-stanganelli-visita-lospedale-giovanni-paolo-ii\/","og_locale":"it_IT","og_type":"article","og_title":"Lamezia Terme: Anna Maria Stanganelli visita l'Ospedale Giovanni Paolo II - Radio Touring 104","og_description":"Anna Maria Stanganelli, Garante della Salute della Regione Calabria, ha visitato l\u2019Ospedale Giovanni Paolo II di Lamezia Terme","og_url":"https:\/\/progettotouring.it\/radiotouring104\/2023\/06\/08\/lamezia-terme-anna-maria-stanganelli-visita-lospedale-giovanni-paolo-ii\/","og_site_name":"Radio Touring 104","article_published_time":"2023-06-08T08:53:22+00:00","article_modified_time":"2023-06-08T12:36:19+00:00","og_image":[{"width":951,"height":723,"url":"https:\/\/progettotouring.it\/radiotouring104\/wp-content\/uploads\/sites\/6\/2022\/11\/Anna-Maria-Stanganelli.jpeg","type":"image\/jpeg"}],"author":"Filippo Francesco Idone","twitter_card":"summary_large_image","twitter_misc":{"Scritto da":"Filippo Francesco Idone","Tempo di lettura stimato":"2 minuti"},"schema":{"@context":"https:\/\/schema.org","@graph":[{"@type":"Article","@id":"https:\/\/progettotouring.it\/radiotouring104\/2023\/06\/08\/lamezia-terme-anna-maria-stanganelli-visita-lospedale-giovanni-paolo-ii\/#article","isPartOf":{"@id":"https:\/\/progettotouring.it\/radiotouring104\/2023\/06\/08\/lamezia-terme-anna-maria-stanganelli-visita-lospedale-giovanni-paolo-ii\/"},"author":{"name":"Filippo Francesco Idone","@id":"https:\/\/progettotouring.it\/radiotouring104\/#\/schema\/person\/4a82259ca52ac8702ad1a8f9e5a3120b"},"headline":"Lamezia Terme: Anna Maria Stanganelli visita l&#8217;Ospedale Giovanni Paolo II","datePublished":"2023-06-08T08:53:22+00:00","dateModified":"2023-06-08T12:36:19+00:00","mainEntityOfPage":{"@id":"https:\/\/progettotouring.it\/radiotouring104\/2023\/06\/08\/lamezia-terme-anna-maria-stanganelli-visita-lospedale-giovanni-paolo-ii\/"},"wordCount":467,"publisher":{"@id":"https:\/\/progettotouring.it\/radiotouring104\/#organization"},"image":{"@id":"https:\/\/progettotouring.it\/radiotouring104\/2023\/06\/08\/lamezia-terme-anna-maria-stanganelli-visita-lospedale-giovanni-paolo-ii\/#primaryimage"},"thumbnailUrl":"https:\/\/progettotouring.it\/radiotouring104\/wp-content\/uploads\/sites\/6\/2022\/11\/Anna-Maria-Stanganelli.jpeg","keywords":["Anna Maria Stanganelli","Lamezia Terme","Ospedale Giovanni Paolo II"],"articleSection":["Calabria","Home","News"],"inLanguage":"it-IT"},{"@type":"WebPage","@id":"https:\/\/progettotouring.it\/radiotouring104\/2023\/06\/08\/lamezia-terme-anna-maria-stanganelli-visita-lospedale-giovanni-paolo-ii\/","url":"https:\/\/progettotouring.it\/radiotouring104\/2023\/06\/08\/lamezia-terme-anna-maria-stanganelli-visita-lospedale-giovanni-paolo-ii\/","name":"Lamezia Terme: Anna Maria Stanganelli visita l'Ospedale Giovanni Paolo II - Radio Touring 104","isPartOf":{"@id":"https:\/\/progettotouring.it\/radiotouring104\/#website"},"primaryImageOfPage":{"@id":"https:\/\/progettotouring.it\/radiotouring104\/2023\/06\/08\/lamezia-terme-anna-maria-stanganelli-visita-lospedale-giovanni-paolo-ii\/#primaryimage"},"image":{"@id":"https:\/\/progettotouring.it\/radiotouring104\/2023\/06\/08\/lamezia-terme-anna-maria-stanganelli-visita-lospedale-giovanni-paolo-ii\/#primaryimage"},"thumbnailUrl":"https:\/\/progettotouring.it\/radiotouring104\/wp-content\/uploads\/sites\/6\/2022\/11\/Anna-Maria-Stanganelli.jpeg","datePublished":"2023-06-08T08:53:22+00:00","dateModified":"2023-06-08T12:36:19+00:00","description":"Anna Maria Stanganelli, Garante della Salute della Regione Calabria, ha visitato l\u2019Ospedale Giovanni Paolo II di Lamezia Terme","breadcrumb":{"@id":"https:\/\/progettotouring.it\/radiotouring104\/2023\/06\/08\/lamezia-terme-anna-maria-stanganelli-visita-lospedale-giovanni-paolo-ii\/#breadcrumb"},"inLanguage":"it-IT","potentialAction":[{"@type":"ReadAction","target":["https:\/\/progettotouring.it\/radiotouring104\/2023\/06\/08\/lamezia-terme-anna-maria-stanganelli-visita-lospedale-giovanni-paolo-ii\/"]}]},{"@type":"ImageObject","inLanguage":"it-IT","@id":"https:\/\/progettotouring.it\/radiotouring104\/2023\/06\/08\/lamezia-terme-anna-maria-stanganelli-visita-lospedale-giovanni-paolo-ii\/#primaryimage","url":"https:\/\/progettotouring.it\/radiotouring104\/wp-content\/uploads\/sites\/6\/2022\/11\/Anna-Maria-Stanganelli.jpeg","contentUrl":"https:\/\/progettotouring.it\/radiotouring104\/wp-content\/uploads\/sites\/6\/2022\/11\/Anna-Maria-Stanganelli.jpeg","width":951,"height":723},{"@type":"BreadcrumbList","@id":"https:\/\/progettotouring.it\/radiotouring104\/2023\/06\/08\/lamezia-terme-anna-maria-stanganelli-visita-lospedale-giovanni-paolo-ii\/#breadcrumb","itemListElement":[{"@type":"ListItem","position":1,"name":"Home","item":"https:\/\/progettotouring.it\/radiotouring104\/"},{"@type":"ListItem","position":2,"name":"Lamezia Terme: Anna Maria Stanganelli visita l&#8217;Ospedale Giovanni Paolo II"}]},{"@type":"WebSite","@id":"https:\/\/progettotouring.it\/radiotouring104\/#website","url":"https:\/\/progettotouring.it\/radiotouring104\/","name":"Radio Touring 104","description":"La prima radio Reggina","publisher":{"@id":"https:\/\/progettotouring.it\/radiotouring104\/#organization"},"potentialAction":[{"@type":"SearchAction","target":{"@type":"EntryPoint","urlTemplate":"https:\/\/progettotouring.it\/radiotouring104\/?s={search_term_string}"},"query-input":{"@type":"PropertyValueSpecification","valueRequired":true,"valueName":"search_term_string"}}],"inLanguage":"it-IT"},{"@type":"Organization","@id":"https:\/\/progettotouring.it\/radiotouring104\/#organization","name":"Radio Touring 104","url":"https:\/\/progettotouring.it\/radiotouring104\/","logo":{"@type":"ImageObject","inLanguage":"it-IT","@id":"https:\/\/progettotouring.it\/radiotouring104\/#\/schema\/logo\/image\/","url":"https:\/\/progettotouring.it\/radiotouring104\/wp-content\/uploads\/sites\/6\/2022\/02\/cropped-logo-radio-touring-104.png","contentUrl":"https:\/\/progettotouring.it\/radiotouring104\/wp-content\/uploads\/sites\/6\/2022\/02\/cropped-logo-radio-touring-104.png","width":377,"height":182,"caption":"Radio Touring 104"},"image":{"@id":"https:\/\/progettotouring.it\/radiotouring104\/#\/schema\/logo\/image\/"}},{"@type":"Person","@id":"https:\/\/progettotouring.it\/radiotouring104\/#\/schema\/person\/4a82259ca52ac8702ad1a8f9e5a3120b","name":"Filippo Francesco Idone","image":{"@type":"ImageObject","inLanguage":"it-IT","@id":"https:\/\/secure.gravatar.com\/avatar\/7268715d2366395c3dd314385670e6484117d44f5c442e61e230f7008b7b62d3?s=96&d=mm&r=g","url":"https:\/\/secure.gravatar.com\/avatar\/7268715d2366395c3dd314385670e6484117d44f5c442e61e230f7008b7b62d3?s=96&d=mm&r=g","contentUrl":"https:\/\/secure.gravatar.com\/avatar\/7268715d2366395c3dd314385670e6484117d44f5c442e61e230f7008b7b62d3?s=96&d=mm&r=g","caption":"Filippo Francesco Idone"},"url":"https:\/\/progettotouring.it\/radiotouring104\/author\/filippoidone\/"}]}},"jetpack_publicize_connections":[],"jetpack_featured_media_url":"https:\/\/progettotouring.it\/radiotouring104\/wp-content\/uploads\/sites\/6\/2022\/11\/Anna-Maria-Stanganelli.jpeg","jetpack_sharing_enabled":true,"_links":{"self":[{"href":"https:\/\/progettotouring.it\/radiotouring104\/wp-json\/wp\/v2\/posts\/27644","targetHints":{"allow":["GET"]}}],"collection":[{"href":"https:\/\/progettotouring.it\/radiotouring104\/wp-json\/wp\/v2\/posts"}],"about":[{"href":"https:\/\/progettotouring.it\/radiotouring104\/wp-json\/wp\/v2\/types\/post"}],"author":[{"embeddable":true,"href":"https:\/\/progettotouring.it\/radiotouring104\/wp-json\/wp\/v2\/users\/8"}],"replies":[{"embeddable":true,"href":"https:\/\/progettotouring.it\/radiotouring104\/wp-json\/wp\/v2\/comments?post=27644"}],"version-history":[{"count":1,"href":"https:\/\/progettotouring.it\/radiotouring104\/wp-json\/wp\/v2\/posts\/27644\/revisions"}],"predecessor-version":[{"id":27645,"href":"https:\/\/progettotouring.it\/radiotouring104\/wp-json\/wp\/v2\/posts\/27644\/revisions\/27645"}],"wp:featuredmedia":[{"embeddable":true,"href":"https:\/\/progettotouring.it\/radiotouring104\/wp-json\/wp\/v2\/media\/13151"}],"wp:attachment":[{"href":"https:\/\/progettotouring.it\/radiotouring104\/wp-json\/wp\/v2\/media?parent=27644"}],"wp:term":[{"taxonomy":"category","embeddable":true,"href":"https:\/\/progettotouring.it\/radiotouring104\/wp-json\/wp\/v2\/categories?post=27644"},{"taxonomy":"post_tag","embeddable":true,"href":"https:\/\/progettotouring.it\/radiotouring104\/wp-json\/wp\/v2\/tags?post=27644"}],"curies":[{"name":"wp","href":"https:\/\/api.w.org\/{rel}","templated":true}]}}