{"id":2815,"date":"2022-03-16T13:39:18","date_gmt":"2022-03-16T12:39:18","guid":{"rendered":"https:\/\/progettotouring.it\/radiotouring104\/?p=2815"},"modified":"2022-03-17T11:46:02","modified_gmt":"2022-03-17T10:46:02","slug":"restauro-di-parchi-e-giardini-storici-reggio-calabria-candida-il-lungomare-italo-falcomata-e-la-villa-comunale","status":"publish","type":"post","link":"https:\/\/progettotouring.it\/radiotouring104\/2022\/03\/16\/restauro-di-parchi-e-giardini-storici-reggio-calabria-candida-il-lungomare-italo-falcomata-e-la-villa-comunale\/","title":{"rendered":"Restauro di parchi e giardini storici: Reggio Calabria candida il Lungomare Italo Falcomat\u00e0 e la Villa Comunale"},"content":{"rendered":"<p style=\"text-align: justify;\">[COMUNICATO STAMPA]<\/p>\n<p style=\"text-align: justify;\">La giunta comunale ha approvato i progetti di riqualificazione del Lungomare &#8220;Falcomat\u00e0&#8221; e della villa comunale &#8220;Umberto I&#8221; che saranno candidati all&#8217;Avviso pubblico del Ministero della Cultura riservato ad interventi per il restauro e la valorizzazione di parchi e giardini storici da finanziare nell\u2019ambito del Pnrr.<\/p>\n<p style=\"text-align: justify;\">\u00abQuesto bando\u00a0 &#8211; ha spiegato il sindaco facente funzioni, Paolo Brunetti &#8211; offre appieno il valore indiscutibile dei finanziamenti straordinari per la ripresa e la resilienza che, in questi caso, ci consentiranno di migliorare spazi dal valore artistico, storico, botanico e paesaggistico inestimabile e che, proprio per queste peculiarit\u00e0, necessitano di interventi importanti sotto il profilo tecnico ed economico\u00bb.<\/p>\n<p style=\"text-align: justify;\">\u00abI nostri settori Ambiente e Cultura &#8211; ha aggiunto l&#8217;inquilino di Palazzo San Giorgio &#8211; hanno elaborato proposte all&#8217;altezza delle ambizioni di una citt\u00e0 che punta forte sulle caratteristiche e le potenzialit\u00e0 dei propri luoghi e, anche per questo, i progetti presentati rispondono alla richiesta massima prevista dal bando per un contributo complessivo di 4 milioni di euro\u00bb.<\/p>\n<p style=\"text-align: justify;\">\u00abI due interventi &#8211; ha proseguito &#8211; prevedono il restyling dei giardini e delle sezioni arboree contemplate per il 60% dalle misure previste dall&#8217;avviso ministeriale. Il resto delle risorse sar\u00e0 appannaggio delle parti architettoniche e scultoree, cos\u00ec come per l&#8217;impiantistica, compresa la videosorveglianza, e l&#8217;accessibilit\u00e0 per persone con difficolt\u00e0 sensoriali e motorie\u00bb.<\/p>\n<p style=\"text-align: justify;\">\u00abAbbiamo elaborato la migliore proposta possibile\u00bb, ha proseguito Brunetti concludendo: \u00abMerito va dato, certamente, ai dirigenti ed ai funzionari impegnati a compilare le schede indispensabili per l&#8217;accesso ai contributi. Allo stesso modo, l&#8217;unanimit\u00e0 dell&#8217;esecutivo ha colto le grandissime opportunit\u00e0 offerte dal Governo ed ogni assessore, nell&#8217;ambito delle deleghe di propria competenza, sta operando al massimo perch\u00e9 Reggio possa celebrare una nuova stagione di crescita e sviluppo\u00bb.<\/p>\n","protected":false},"excerpt":{"rendered":"<p>[COMUNICATO STAMPA] La giunta comunale ha approvato i progetti di riqualificazione del Lungomare &#8220;Falcomat\u00e0&#8221; e della villa comunale &#8220;Umberto I&#8221; che saranno candidati all&#8217;Avviso pubblico del Ministero della Cultura riservato&hellip;<\/p>\n","protected":false},"author":5,"featured_media":2817,"comment_status":"open","ping_status":"open","sticky":false,"template":"","format":"standard","meta":{"_jetpack_memberships_contains_paid_content":false,"footnotes":"","jetpack_publicize_message":"","jetpack_publicize_feature_enabled":true,"jetpack_social_post_already_shared":false,"jetpack_social_options":{"image_generator_settings":{"template":"highway","default_image_id":0,"font":"","enabled":false},"version":2}},"categories":[150,196,195,140],"tags":[304,236,307,306,305],"class_list":["post-2815","post","type-post","status-publish","format-standard","has-post-thumbnail","hentry","category-in-primo-piano","category-news","category-politica","category-reggio-calabria","tag-lungomare-falcomata","tag-reggio-calabria","tag-restauro-giardini-storici","tag-restauro-parchi","tag-villa-comunale"],"yoast_head":"<!-- This site is optimized with the Yoast SEO plugin v27.2 - https:\/\/yoast.com\/product\/yoast-seo-wordpress\/ -->\n<title>Restauro parchi e giardini storici: candidati Lungomare e Villa Comunale<\/title>\n<meta name=\"description\" content=\"I due &quot;luoghi del cuore&quot; inseriti tra le opere da finanziare con Pnrr. Previsti impianti di videosorveglianza e pi\u00f9 accessibilit\u00e0\" \/>\n<meta name=\"robots\" content=\"index, follow, max-snippet:-1, max-image-preview:large, max-video-preview:-1\" \/>\n<link rel=\"canonical\" href=\"https:\/\/progettotouring.it\/radiotouring104\/2022\/03\/16\/restauro-di-parchi-e-giardini-storici-reggio-calabria-candida-il-lungomare-italo-falcomata-e-la-villa-comunale\/\" \/>\n<meta property=\"og:locale\" content=\"it_IT\" \/>\n<meta property=\"og:type\" content=\"article\" \/>\n<meta property=\"og:title\" content=\"Restauro parchi e giardini storici: candidati Lungomare e Villa Comunale\" \/>\n<meta property=\"og:description\" content=\"I due &quot;luoghi del cuore&quot; inseriti tra le opere da finanziare con Pnrr. Previsti impianti di videosorveglianza e pi\u00f9 accessibilit\u00e0\" \/>\n<meta property=\"og:url\" content=\"https:\/\/progettotouring.it\/radiotouring104\/2022\/03\/16\/restauro-di-parchi-e-giardini-storici-reggio-calabria-candida-il-lungomare-italo-falcomata-e-la-villa-comunale\/\" \/>\n<meta property=\"og:site_name\" content=\"Radio Touring 104\" \/>\n<meta property=\"article:published_time\" content=\"2022-03-16T12:39:18+00:00\" \/>\n<meta property=\"article:modified_time\" content=\"2022-03-17T10:46:02+00:00\" \/>\n<meta property=\"og:image\" content=\"https:\/\/progettotouring.it\/radiotouring104\/wp-content\/uploads\/sites\/6\/2022\/03\/via-marina.jpeg\" \/>\n\t<meta property=\"og:image:width\" content=\"1599\" \/>\n\t<meta property=\"og:image:height\" content=\"900\" \/>\n\t<meta property=\"og:image:type\" content=\"image\/jpeg\" \/>\n<meta name=\"author\" content=\"redazione\" \/>\n<meta name=\"twitter:card\" content=\"summary_large_image\" \/>\n<meta name=\"twitter:label1\" content=\"Scritto da\" \/>\n\t<meta name=\"twitter:data1\" content=\"redazione\" \/>\n\t<meta name=\"twitter:label2\" content=\"Tempo di lettura stimato\" \/>\n\t<meta name=\"twitter:data2\" content=\"2 minuti\" \/>\n<script type=\"application\/ld+json\" class=\"yoast-schema-graph\">{\"@context\":\"https:\/\/schema.org\",\"@graph\":[{\"@type\":\"Article\",\"@id\":\"https:\/\/progettotouring.it\/radiotouring104\/2022\/03\/16\/restauro-di-parchi-e-giardini-storici-reggio-calabria-candida-il-lungomare-italo-falcomata-e-la-villa-comunale\/#article\",\"isPartOf\":{\"@id\":\"https:\/\/progettotouring.it\/radiotouring104\/2022\/03\/16\/restauro-di-parchi-e-giardini-storici-reggio-calabria-candida-il-lungomare-italo-falcomata-e-la-villa-comunale\/\"},\"author\":{\"name\":\"redazione\",\"@id\":\"https:\/\/progettotouring.it\/radiotouring104\/#\/schema\/person\/1b3eb3c07c47136bc44c785c543e635f\"},\"headline\":\"Restauro di parchi e giardini storici: Reggio Calabria candida il Lungomare Italo Falcomat\u00e0 e la Villa Comunale\",\"datePublished\":\"2022-03-16T12:39:18+00:00\",\"dateModified\":\"2022-03-17T10:46:02+00:00\",\"mainEntityOfPage\":{\"@id\":\"https:\/\/progettotouring.it\/radiotouring104\/2022\/03\/16\/restauro-di-parchi-e-giardini-storici-reggio-calabria-candida-il-lungomare-italo-falcomata-e-la-villa-comunale\/\"},\"wordCount\":299,\"commentCount\":0,\"publisher\":{\"@id\":\"https:\/\/progettotouring.it\/radiotouring104\/#organization\"},\"image\":{\"@id\":\"https:\/\/progettotouring.it\/radiotouring104\/2022\/03\/16\/restauro-di-parchi-e-giardini-storici-reggio-calabria-candida-il-lungomare-italo-falcomata-e-la-villa-comunale\/#primaryimage\"},\"thumbnailUrl\":\"https:\/\/progettotouring.it\/radiotouring104\/wp-content\/uploads\/sites\/6\/2022\/03\/via-marina.jpeg\",\"keywords\":[\"lungomare falcomat\u00e0\",\"reggio calabria\",\"restauro giardini storici\",\"restauro parchi\",\"villa comunale\"],\"articleSection\":[\"In primo piano\",\"News\",\"Politica\",\"Reggio Calabria\"],\"inLanguage\":\"it-IT\",\"potentialAction\":[{\"@type\":\"CommentAction\",\"name\":\"Comment\",\"target\":[\"https:\/\/progettotouring.it\/radiotouring104\/2022\/03\/16\/restauro-di-parchi-e-giardini-storici-reggio-calabria-candida-il-lungomare-italo-falcomata-e-la-villa-comunale\/#respond\"]}]},{\"@type\":\"WebPage\",\"@id\":\"https:\/\/progettotouring.it\/radiotouring104\/2022\/03\/16\/restauro-di-parchi-e-giardini-storici-reggio-calabria-candida-il-lungomare-italo-falcomata-e-la-villa-comunale\/\",\"url\":\"https:\/\/progettotouring.it\/radiotouring104\/2022\/03\/16\/restauro-di-parchi-e-giardini-storici-reggio-calabria-candida-il-lungomare-italo-falcomata-e-la-villa-comunale\/\",\"name\":\"Restauro parchi e giardini storici: candidati Lungomare e Villa Comunale\",\"isPartOf\":{\"@id\":\"https:\/\/progettotouring.it\/radiotouring104\/#website\"},\"primaryImageOfPage\":{\"@id\":\"https:\/\/progettotouring.it\/radiotouring104\/2022\/03\/16\/restauro-di-parchi-e-giardini-storici-reggio-calabria-candida-il-lungomare-italo-falcomata-e-la-villa-comunale\/#primaryimage\"},\"image\":{\"@id\":\"https:\/\/progettotouring.it\/radiotouring104\/2022\/03\/16\/restauro-di-parchi-e-giardini-storici-reggio-calabria-candida-il-lungomare-italo-falcomata-e-la-villa-comunale\/#primaryimage\"},\"thumbnailUrl\":\"https:\/\/progettotouring.it\/radiotouring104\/wp-content\/uploads\/sites\/6\/2022\/03\/via-marina.jpeg\",\"datePublished\":\"2022-03-16T12:39:18+00:00\",\"dateModified\":\"2022-03-17T10:46:02+00:00\",\"description\":\"I due \\\"luoghi del cuore\\\" inseriti tra le opere da finanziare con Pnrr. Previsti impianti di videosorveglianza e pi\u00f9 accessibilit\u00e0\",\"breadcrumb\":{\"@id\":\"https:\/\/progettotouring.it\/radiotouring104\/2022\/03\/16\/restauro-di-parchi-e-giardini-storici-reggio-calabria-candida-il-lungomare-italo-falcomata-e-la-villa-comunale\/#breadcrumb\"},\"inLanguage\":\"it-IT\",\"potentialAction\":[{\"@type\":\"ReadAction\",\"target\":[\"https:\/\/progettotouring.it\/radiotouring104\/2022\/03\/16\/restauro-di-parchi-e-giardini-storici-reggio-calabria-candida-il-lungomare-italo-falcomata-e-la-villa-comunale\/\"]}]},{\"@type\":\"ImageObject\",\"inLanguage\":\"it-IT\",\"@id\":\"https:\/\/progettotouring.it\/radiotouring104\/2022\/03\/16\/restauro-di-parchi-e-giardini-storici-reggio-calabria-candida-il-lungomare-italo-falcomata-e-la-villa-comunale\/#primaryimage\",\"url\":\"https:\/\/progettotouring.it\/radiotouring104\/wp-content\/uploads\/sites\/6\/2022\/03\/via-marina.jpeg\",\"contentUrl\":\"https:\/\/progettotouring.it\/radiotouring104\/wp-content\/uploads\/sites\/6\/2022\/03\/via-marina.jpeg\",\"width\":1599,\"height\":900},{\"@type\":\"BreadcrumbList\",\"@id\":\"https:\/\/progettotouring.it\/radiotouring104\/2022\/03\/16\/restauro-di-parchi-e-giardini-storici-reggio-calabria-candida-il-lungomare-italo-falcomata-e-la-villa-comunale\/#breadcrumb\",\"itemListElement\":[{\"@type\":\"ListItem\",\"position\":1,\"name\":\"Home\",\"item\":\"https:\/\/progettotouring.it\/radiotouring104\/\"},{\"@type\":\"ListItem\",\"position\":2,\"name\":\"Restauro di parchi e giardini storici: Reggio Calabria candida il Lungomare Italo Falcomat\u00e0 e la Villa Comunale\"}]},{\"@type\":\"WebSite\",\"@id\":\"https:\/\/progettotouring.it\/radiotouring104\/#website\",\"url\":\"https:\/\/progettotouring.it\/radiotouring104\/\",\"name\":\"Radio Touring 104\",\"description\":\"La prima radio Reggina\",\"publisher\":{\"@id\":\"https:\/\/progettotouring.it\/radiotouring104\/#organization\"},\"potentialAction\":[{\"@type\":\"SearchAction\",\"target\":{\"@type\":\"EntryPoint\",\"urlTemplate\":\"https:\/\/progettotouring.it\/radiotouring104\/?s={search_term_string}\"},\"query-input\":{\"@type\":\"PropertyValueSpecification\",\"valueRequired\":true,\"valueName\":\"search_term_string\"}}],\"inLanguage\":\"it-IT\"},{\"@type\":\"Organization\",\"@id\":\"https:\/\/progettotouring.it\/radiotouring104\/#organization\",\"name\":\"Radio Touring 104\",\"url\":\"https:\/\/progettotouring.it\/radiotouring104\/\",\"logo\":{\"@type\":\"ImageObject\",\"inLanguage\":\"it-IT\",\"@id\":\"https:\/\/progettotouring.it\/radiotouring104\/#\/schema\/logo\/image\/\",\"url\":\"https:\/\/progettotouring.it\/radiotouring104\/wp-content\/uploads\/sites\/6\/2022\/02\/cropped-logo-radio-touring-104.png\",\"contentUrl\":\"https:\/\/progettotouring.it\/radiotouring104\/wp-content\/uploads\/sites\/6\/2022\/02\/cropped-logo-radio-touring-104.png\",\"width\":377,\"height\":182,\"caption\":\"Radio Touring 104\"},\"image\":{\"@id\":\"https:\/\/progettotouring.it\/radiotouring104\/#\/schema\/logo\/image\/\"}},{\"@type\":\"Person\",\"@id\":\"https:\/\/progettotouring.it\/radiotouring104\/#\/schema\/person\/1b3eb3c07c47136bc44c785c543e635f\",\"name\":\"redazione\",\"image\":{\"@type\":\"ImageObject\",\"inLanguage\":\"it-IT\",\"@id\":\"https:\/\/secure.gravatar.com\/avatar\/0b31605b49f100769e8b624b3e05de1b73e1692e9568a352f60f53fd072e6e11?s=96&d=mm&r=g\",\"url\":\"https:\/\/secure.gravatar.com\/avatar\/0b31605b49f100769e8b624b3e05de1b73e1692e9568a352f60f53fd072e6e11?s=96&d=mm&r=g\",\"contentUrl\":\"https:\/\/secure.gravatar.com\/avatar\/0b31605b49f100769e8b624b3e05de1b73e1692e9568a352f60f53fd072e6e11?s=96&d=mm&r=g\",\"caption\":\"redazione\"},\"url\":\"https:\/\/progettotouring.it\/radiotouring104\/author\/redazione\/\"}]}<\/script>\n<!-- \/ Yoast SEO plugin. -->","yoast_head_json":{"title":"Restauro parchi e giardini storici: candidati Lungomare e Villa Comunale","description":"I due \"luoghi del cuore\" inseriti tra le opere da finanziare con Pnrr. Previsti impianti di videosorveglianza e pi\u00f9 accessibilit\u00e0","robots":{"index":"index","follow":"follow","max-snippet":"max-snippet:-1","max-image-preview":"max-image-preview:large","max-video-preview":"max-video-preview:-1"},"canonical":"https:\/\/progettotouring.it\/radiotouring104\/2022\/03\/16\/restauro-di-parchi-e-giardini-storici-reggio-calabria-candida-il-lungomare-italo-falcomata-e-la-villa-comunale\/","og_locale":"it_IT","og_type":"article","og_title":"Restauro parchi e giardini storici: candidati Lungomare e Villa Comunale","og_description":"I due \"luoghi del cuore\" inseriti tra le opere da finanziare con Pnrr. Previsti impianti di videosorveglianza e pi\u00f9 accessibilit\u00e0","og_url":"https:\/\/progettotouring.it\/radiotouring104\/2022\/03\/16\/restauro-di-parchi-e-giardini-storici-reggio-calabria-candida-il-lungomare-italo-falcomata-e-la-villa-comunale\/","og_site_name":"Radio Touring 104","article_published_time":"2022-03-16T12:39:18+00:00","article_modified_time":"2022-03-17T10:46:02+00:00","og_image":[{"width":1599,"height":900,"url":"https:\/\/progettotouring.it\/radiotouring104\/wp-content\/uploads\/sites\/6\/2022\/03\/via-marina.jpeg","type":"image\/jpeg"}],"author":"redazione","twitter_card":"summary_large_image","twitter_misc":{"Scritto da":"redazione","Tempo di lettura stimato":"2 minuti"},"schema":{"@context":"https:\/\/schema.org","@graph":[{"@type":"Article","@id":"https:\/\/progettotouring.it\/radiotouring104\/2022\/03\/16\/restauro-di-parchi-e-giardini-storici-reggio-calabria-candida-il-lungomare-italo-falcomata-e-la-villa-comunale\/#article","isPartOf":{"@id":"https:\/\/progettotouring.it\/radiotouring104\/2022\/03\/16\/restauro-di-parchi-e-giardini-storici-reggio-calabria-candida-il-lungomare-italo-falcomata-e-la-villa-comunale\/"},"author":{"name":"redazione","@id":"https:\/\/progettotouring.it\/radiotouring104\/#\/schema\/person\/1b3eb3c07c47136bc44c785c543e635f"},"headline":"Restauro di parchi e giardini storici: Reggio Calabria candida il Lungomare Italo Falcomat\u00e0 e la Villa Comunale","datePublished":"2022-03-16T12:39:18+00:00","dateModified":"2022-03-17T10:46:02+00:00","mainEntityOfPage":{"@id":"https:\/\/progettotouring.it\/radiotouring104\/2022\/03\/16\/restauro-di-parchi-e-giardini-storici-reggio-calabria-candida-il-lungomare-italo-falcomata-e-la-villa-comunale\/"},"wordCount":299,"commentCount":0,"publisher":{"@id":"https:\/\/progettotouring.it\/radiotouring104\/#organization"},"image":{"@id":"https:\/\/progettotouring.it\/radiotouring104\/2022\/03\/16\/restauro-di-parchi-e-giardini-storici-reggio-calabria-candida-il-lungomare-italo-falcomata-e-la-villa-comunale\/#primaryimage"},"thumbnailUrl":"https:\/\/progettotouring.it\/radiotouring104\/wp-content\/uploads\/sites\/6\/2022\/03\/via-marina.jpeg","keywords":["lungomare falcomat\u00e0","reggio calabria","restauro giardini storici","restauro parchi","villa comunale"],"articleSection":["In primo piano","News","Politica","Reggio Calabria"],"inLanguage":"it-IT","potentialAction":[{"@type":"CommentAction","name":"Comment","target":["https:\/\/progettotouring.it\/radiotouring104\/2022\/03\/16\/restauro-di-parchi-e-giardini-storici-reggio-calabria-candida-il-lungomare-italo-falcomata-e-la-villa-comunale\/#respond"]}]},{"@type":"WebPage","@id":"https:\/\/progettotouring.it\/radiotouring104\/2022\/03\/16\/restauro-di-parchi-e-giardini-storici-reggio-calabria-candida-il-lungomare-italo-falcomata-e-la-villa-comunale\/","url":"https:\/\/progettotouring.it\/radiotouring104\/2022\/03\/16\/restauro-di-parchi-e-giardini-storici-reggio-calabria-candida-il-lungomare-italo-falcomata-e-la-villa-comunale\/","name":"Restauro parchi e giardini storici: candidati Lungomare e Villa Comunale","isPartOf":{"@id":"https:\/\/progettotouring.it\/radiotouring104\/#website"},"primaryImageOfPage":{"@id":"https:\/\/progettotouring.it\/radiotouring104\/2022\/03\/16\/restauro-di-parchi-e-giardini-storici-reggio-calabria-candida-il-lungomare-italo-falcomata-e-la-villa-comunale\/#primaryimage"},"image":{"@id":"https:\/\/progettotouring.it\/radiotouring104\/2022\/03\/16\/restauro-di-parchi-e-giardini-storici-reggio-calabria-candida-il-lungomare-italo-falcomata-e-la-villa-comunale\/#primaryimage"},"thumbnailUrl":"https:\/\/progettotouring.it\/radiotouring104\/wp-content\/uploads\/sites\/6\/2022\/03\/via-marina.jpeg","datePublished":"2022-03-16T12:39:18+00:00","dateModified":"2022-03-17T10:46:02+00:00","description":"I due \"luoghi del cuore\" inseriti tra le opere da finanziare con Pnrr. Previsti impianti di videosorveglianza e pi\u00f9 accessibilit\u00e0","breadcrumb":{"@id":"https:\/\/progettotouring.it\/radiotouring104\/2022\/03\/16\/restauro-di-parchi-e-giardini-storici-reggio-calabria-candida-il-lungomare-italo-falcomata-e-la-villa-comunale\/#breadcrumb"},"inLanguage":"it-IT","potentialAction":[{"@type":"ReadAction","target":["https:\/\/progettotouring.it\/radiotouring104\/2022\/03\/16\/restauro-di-parchi-e-giardini-storici-reggio-calabria-candida-il-lungomare-italo-falcomata-e-la-villa-comunale\/"]}]},{"@type":"ImageObject","inLanguage":"it-IT","@id":"https:\/\/progettotouring.it\/radiotouring104\/2022\/03\/16\/restauro-di-parchi-e-giardini-storici-reggio-calabria-candida-il-lungomare-italo-falcomata-e-la-villa-comunale\/#primaryimage","url":"https:\/\/progettotouring.it\/radiotouring104\/wp-content\/uploads\/sites\/6\/2022\/03\/via-marina.jpeg","contentUrl":"https:\/\/progettotouring.it\/radiotouring104\/wp-content\/uploads\/sites\/6\/2022\/03\/via-marina.jpeg","width":1599,"height":900},{"@type":"BreadcrumbList","@id":"https:\/\/progettotouring.it\/radiotouring104\/2022\/03\/16\/restauro-di-parchi-e-giardini-storici-reggio-calabria-candida-il-lungomare-italo-falcomata-e-la-villa-comunale\/#breadcrumb","itemListElement":[{"@type":"ListItem","position":1,"name":"Home","item":"https:\/\/progettotouring.it\/radiotouring104\/"},{"@type":"ListItem","position":2,"name":"Restauro di parchi e giardini storici: Reggio Calabria candida il Lungomare Italo Falcomat\u00e0 e la Villa Comunale"}]},{"@type":"WebSite","@id":"https:\/\/progettotouring.it\/radiotouring104\/#website","url":"https:\/\/progettotouring.it\/radiotouring104\/","name":"Radio Touring 104","description":"La prima radio Reggina","publisher":{"@id":"https:\/\/progettotouring.it\/radiotouring104\/#organization"},"potentialAction":[{"@type":"SearchAction","target":{"@type":"EntryPoint","urlTemplate":"https:\/\/progettotouring.it\/radiotouring104\/?s={search_term_string}"},"query-input":{"@type":"PropertyValueSpecification","valueRequired":true,"valueName":"search_term_string"}}],"inLanguage":"it-IT"},{"@type":"Organization","@id":"https:\/\/progettotouring.it\/radiotouring104\/#organization","name":"Radio Touring 104","url":"https:\/\/progettotouring.it\/radiotouring104\/","logo":{"@type":"ImageObject","inLanguage":"it-IT","@id":"https:\/\/progettotouring.it\/radiotouring104\/#\/schema\/logo\/image\/","url":"https:\/\/progettotouring.it\/radiotouring104\/wp-content\/uploads\/sites\/6\/2022\/02\/cropped-logo-radio-touring-104.png","contentUrl":"https:\/\/progettotouring.it\/radiotouring104\/wp-content\/uploads\/sites\/6\/2022\/02\/cropped-logo-radio-touring-104.png","width":377,"height":182,"caption":"Radio Touring 104"},"image":{"@id":"https:\/\/progettotouring.it\/radiotouring104\/#\/schema\/logo\/image\/"}},{"@type":"Person","@id":"https:\/\/progettotouring.it\/radiotouring104\/#\/schema\/person\/1b3eb3c07c47136bc44c785c543e635f","name":"redazione","image":{"@type":"ImageObject","inLanguage":"it-IT","@id":"https:\/\/secure.gravatar.com\/avatar\/0b31605b49f100769e8b624b3e05de1b73e1692e9568a352f60f53fd072e6e11?s=96&d=mm&r=g","url":"https:\/\/secure.gravatar.com\/avatar\/0b31605b49f100769e8b624b3e05de1b73e1692e9568a352f60f53fd072e6e11?s=96&d=mm&r=g","contentUrl":"https:\/\/secure.gravatar.com\/avatar\/0b31605b49f100769e8b624b3e05de1b73e1692e9568a352f60f53fd072e6e11?s=96&d=mm&r=g","caption":"redazione"},"url":"https:\/\/progettotouring.it\/radiotouring104\/author\/redazione\/"}]}},"jetpack_publicize_connections":[],"jetpack_featured_media_url":"https:\/\/progettotouring.it\/radiotouring104\/wp-content\/uploads\/sites\/6\/2022\/03\/via-marina.jpeg","jetpack_sharing_enabled":true,"_links":{"self":[{"href":"https:\/\/progettotouring.it\/radiotouring104\/wp-json\/wp\/v2\/posts\/2815","targetHints":{"allow":["GET"]}}],"collection":[{"href":"https:\/\/progettotouring.it\/radiotouring104\/wp-json\/wp\/v2\/posts"}],"about":[{"href":"https:\/\/progettotouring.it\/radiotouring104\/wp-json\/wp\/v2\/types\/post"}],"author":[{"embeddable":true,"href":"https:\/\/progettotouring.it\/radiotouring104\/wp-json\/wp\/v2\/users\/5"}],"replies":[{"embeddable":true,"href":"https:\/\/progettotouring.it\/radiotouring104\/wp-json\/wp\/v2\/comments?post=2815"}],"version-history":[{"count":1,"href":"https:\/\/progettotouring.it\/radiotouring104\/wp-json\/wp\/v2\/posts\/2815\/revisions"}],"predecessor-version":[{"id":2818,"href":"https:\/\/progettotouring.it\/radiotouring104\/wp-json\/wp\/v2\/posts\/2815\/revisions\/2818"}],"wp:featuredmedia":[{"embeddable":true,"href":"https:\/\/progettotouring.it\/radiotouring104\/wp-json\/wp\/v2\/media\/2817"}],"wp:attachment":[{"href":"https:\/\/progettotouring.it\/radiotouring104\/wp-json\/wp\/v2\/media?parent=2815"}],"wp:term":[{"taxonomy":"category","embeddable":true,"href":"https:\/\/progettotouring.it\/radiotouring104\/wp-json\/wp\/v2\/categories?post=2815"},{"taxonomy":"post_tag","embeddable":true,"href":"https:\/\/progettotouring.it\/radiotouring104\/wp-json\/wp\/v2\/tags?post=2815"}],"curies":[{"name":"wp","href":"https:\/\/api.w.org\/{rel}","templated":true}]}}